{"id":90007,"date":"2026-08-14T07:30:00","date_gmt":"2026-08-14T06:30:00","guid":{"rendered":"https:\/\/spaziospadoni.org\/?p=90007"},"modified":"2026-08-14T09:53:27","modified_gmt":"2026-08-14T08:53:27","slug":"god-has-an-immense-imagination-in-the-way-he-calls-us-part-three","status":"publish","type":"post","link":"https:\/\/spaziospadoni.org\/en\/god-has-an-immense-imagination-in-the-way-he-calls-us-part-three\/","title":{"rendered":"\u201cGod has an immense imagination in the way he calls us\u201d | Part Three"},"content":{"rendered":"\n<pre class=\"wp-block-verse\"><em>The third episode of the testimony of Brother Paolo Maria Braghini, Capuchin Friar Minor, at the \u201cGo! Franciscan Youth Meet 2026\u201d, an event promoted by the Friars Minor, the Friars Minor Conventual and the Capuchin Friars Minor, held in Assisi from August 3 to 6. A story that shows us the imagination and mercy of God.<\/em><\/pre>\n\n\n\n<h2 id=\"the-call-to-franciscanism-and-the-mission-in-amazonia\" class=\"wp-block-heading\">The call to Franciscanism and the mission in Amazonia<\/h2>\n\n\n\n<p class=\"wp-block-paragraph\">\u00abI truly felt that the Lord was calling me to be a friar. I saw a radical man, in fraternity, in poverty, and in living the Gospel to the fullest, and I said yes to the Lord. I had no fear. I began the journey to become a friar and, after a few years, another young friar and I were sent to Amazonia. There I spent twenty years of my life.\u00bb<\/p>\n\n\n\n<h2 id=\"the-challenges-of-nature-and-the-discovery-of-the-72-villages\" class=\"wp-block-heading\">The challenges of nature and the discovery of the 72 villages<\/h2>\n\n\n\n<p class=\"wp-block-paragraph\">\u00abWhat young people usually ask about are the adventures: the life-threatening dangers were countless. There, there is only water, no roads, no motorbikes, no cars; a truly difficult reality, marked by the pitfalls of nature. I even suffered a shipwreck, but the Lord saved me by the skin of my teeth! And then crocodiles, snakes passing over your feet, tarantulas\u2026 <\/p>\n\n\n\n<p class=\"wp-block-paragraph\">There would be so many things to tell, but the most beautiful is this: after three years, together with two other young confreres, we discovered that from our little parish \u2014 an indigenous village with neither electricity nor telephone, in extreme precariousness (I had already lost 10 kilos, contracted malaria, etc.) \u2014 we could reach 72 other villages. Places accessible only by canoe, some more than a day&#8217;s navigation away. <\/p>\n\n\n\n<p class=\"wp-block-paragraph\">We looked at each other and said: \u00abIf we keep going at this pace, we will die, they will find us in the cemetery! What would Jesus have done? What did He actually do?\u00bb Jesus first called the twelve apostles, then, seeing that the mission was immense, He sent out 72 others, who were not priests, but families, youth, men and women.\u00bb<\/p>\n\n\n\n<h2 id=\"the-involvement-of-the-ticuna-people-and-the-birth-of-a-living-church\" class=\"wp-block-heading\">The involvement of the Ticuna people and the birth of a living Church<\/h2>\n\n\n\n<p class=\"wp-block-paragraph\">\u00abWe did the same with the indigenous people, the Ticuna Indians, an extraordinarily generous people. After three years, when we began to understand and speak their language, we also invited them to become missionaries. <\/p>\n\n\n\n<p class=\"wp-block-paragraph\">The response of this humble people was incredible: today there are catechists capable of gathering hundreds and thousands of children in all the villages, and many young people who, with availability, generosity, and immense trust in the Holy Spirit, have become great missionaries. <\/p>\n\n\n\n<p class=\"wp-block-paragraph\">It should be remembered that in that context many young people become parents as early as 15 years old and by 25 they often have 6, 7, or 8 children. <\/p>\n\n\n\n<p class=\"wp-block-paragraph\">Yet today we have <strong>a living indigenous Church<\/strong>, founded precisely on the generosity of these young people who know how to say their &#8220;yes&#8221; to the Lord.\u00bb<\/p>\n\n\n\n<p class=\"has-text-align-center wp-block-paragraph\"><strong>End of part three<\/strong><\/p>\n\n\n\n<p class=\"wp-block-paragraph\"><strong>Photo: Friar Paolo Maria Braghini<\/strong><\/p>\n\n\n\n<p class=\"wp-block-paragraph\"><\/p>\n","protected":false},"excerpt":{"rendered":"<p>The third episode of the testimony of Brother Paolo Maria Braghini, Capuchin Friar Minor, at the \u201cGo! Franciscan Youth Meet 2026\u201d, an event promoted by the Friars Minor, the Friars Minor Conventual and the Capuchin Friars Minor, held in Assisi from August 3 to 6. A story that shows us the imagination and mercy of &#8230; <a title=\"\u201cGod has an immense imagination in the way he calls us\u201d | Part Three\" class=\"read-more\" href=\"https:\/\/spaziospadoni.org\/en\/god-has-an-immense-imagination-in-the-way-he-calls-us-part-three\/\" aria-label=\"Read more about \u201cGod has an immense imagination in the way he calls us\u201d | Part Three\">Read more<\/a><\/p>\n","protected":false},"author":82,"featured_media":90006,"comment_status":"closed","ping_status":"closed","sticky":false,"template":"","format":"standard","meta":{"_sitemap_exclude":false,"_sitemap_priority":"","_sitemap_frequency":"","ss_featured_image_title":"","ss_featured_image_alt":"Fray Paolo Maria Braghini en la Amazon\u00eda","ss_featured_image_caption":"Fray Paolo Maria Braghini, Fraile Menor Capuchino, pas\u00f3 20 a\u00f1os en la Amazon\u00eda entre los Ticuna del Alto Solim\u00f5es.","footnotes":""},"categories":[2445],"tags":[3525,5040,4344,2564],"class_list":["post-90007","post","type-post","status-publish","format-standard","has-post-thumbnail","hentry","category-i-have-received-mercy","tag-amazon","tag-capuchin-friars-minor","tag-indians","tag-mission","infinite-scroll-item","generate-columns","tablet-grid-50","mobile-grid-100","grid-parent","grid-50"],"yoast_head":"<!-- This site is optimized with the Yoast SEO plugin v28.4 - https:\/\/yoast.com\/product\/yoast-seo-wordpress\/ -->\n<title>\u201cGod has an immense imagination in the way he calls us\u201d | Part Three<\/title>\n<meta name=\"description\" content=\"he Franciscan mission of Friar Paolo Maria Braghini in Amazonia among the Ticuna people: the birth of a living indigenous Church.\" \/>\n<meta name=\"robots\" content=\"index, follow, max-snippet:-1, max-image-preview:large, max-video-preview:-1\" \/>\n<link rel=\"canonical\" href=\"https:\/\/spaziospadoni.org\/en\/god-has-an-immense-imagination-in-the-way-he-calls-us-part-three\/\" \/>\n<meta property=\"og:locale\" content=\"en_US\" \/>\n<meta property=\"og:type\" content=\"article\" \/>\n<meta property=\"og:title\" content=\"\u201cGod has an immense imagination in the way he calls us\u201d | Part Three\" \/>\n<meta property=\"og:description\" content=\"he Franciscan mission of Friar Paolo Maria Braghini in Amazonia among the Ticuna people: the birth of a living indigenous Church.\" \/>\n<meta property=\"og:url\" content=\"https:\/\/spaziospadoni.org\/en\/god-has-an-immense-imagination-in-the-way-he-calls-us-part-three\/\" \/>\n<meta property=\"og:site_name\" content=\"spazio + spadoni\" \/>\n<meta property=\"article:publisher\" content=\"https:\/\/www.facebook.com\/SpazioSpadoni\/\" \/>\n<meta property=\"article:published_time\" content=\"2026-08-14T06:30:00+00:00\" \/>\n<meta property=\"article:modified_time\" content=\"2026-08-14T08:53:27+00:00\" \/>\n<meta property=\"og:image\" content=\"https:\/\/spaziospadoni.org\/wp-content\/uploads\/2026\/08\/fra-paolo-braghini-missione.webp\" \/>\n\t<meta property=\"og:image:width\" content=\"1200\" \/>\n\t<meta property=\"og:image:height\" content=\"675\" \/>\n\t<meta property=\"og:image:type\" content=\"image\/webp\" \/>\n<meta name=\"author\" content=\"Fra Paolo Maria Braghini\" \/>\n<meta name=\"twitter:card\" content=\"summary_large_image\" \/>\n<meta name=\"twitter:label1\" content=\"Written by\" \/>\n\t<meta name=\"twitter:data1\" content=\"Friar Paolo Maria Braghini\" \/>\n\t<meta name=\"twitter:label2\" content=\"Est. reading time\" \/>\n\t<meta name=\"twitter:data2\" content=\"3 minutes\" \/>\n<script type=\"application\/ld+json\" class=\"yoast-schema-graph\">{\"@context\":\"https:\\\/\\\/schema.org\",\"@graph\":[{\"@type\":\"Article\",\"@id\":\"https:\\\/\\\/spaziospadoni.org\\\/en\\\/god-has-an-immense-imagination-in-the-way-he-calls-us-part-three\\\/#article\",\"isPartOf\":{\"@id\":\"https:\\\/\\\/spaziospadoni.org\\\/en\\\/god-has-an-immense-imagination-in-the-way-he-calls-us-part-three\\\/\"},\"author\":{\"name\":\"Fra Paolo Maria Braghini\",\"@id\":\"https:\\\/\\\/spaziospadoni.org\\\/en\\\/#\\\/schema\\\/person\\\/3564d8acb9905b1bac4639729953e97d\"},\"headline\":\"\u201cGod has an immense imagination in the way he calls us\u201d | Part Three\",\"datePublished\":\"2026-08-14T06:30:00+00:00\",\"dateModified\":\"2026-08-14T08:53:27+00:00\",\"mainEntityOfPage\":{\"@id\":\"https:\\\/\\\/spaziospadoni.org\\\/en\\\/god-has-an-immense-imagination-in-the-way-he-calls-us-part-three\\\/\"},\"wordCount\":442,\"publisher\":{\"@id\":\"https:\\\/\\\/spaziospadoni.org\\\/en\\\/#organization\"},\"image\":{\"@id\":\"https:\\\/\\\/spaziospadoni.org\\\/en\\\/god-has-an-immense-imagination-in-the-way-he-calls-us-part-three\\\/#primaryimage\"},\"thumbnailUrl\":\"https:\\\/\\\/spaziospadoni.org\\\/wp-content\\\/uploads\\\/2026\\\/08\\\/fra-paolo-braghini-missione.webp\",\"keywords\":[\"Amazon\",\"Capuchin Friars Minor\",\"Indians\",\"Mission\"],\"articleSection\":[\"I Have Received Mercy\"],\"inLanguage\":\"en-US\"},{\"@type\":\"WebPage\",\"@id\":\"https:\\\/\\\/spaziospadoni.org\\\/en\\\/god-has-an-immense-imagination-in-the-way-he-calls-us-part-three\\\/\",\"url\":\"https:\\\/\\\/spaziospadoni.org\\\/en\\\/god-has-an-immense-imagination-in-the-way-he-calls-us-part-three\\\/\",\"name\":\"\u201cGod has an immense imagination in the way he calls us\u201d | Part Three\",\"isPartOf\":{\"@id\":\"https:\\\/\\\/spaziospadoni.org\\\/en\\\/#website\"},\"primaryImageOfPage\":{\"@id\":\"https:\\\/\\\/spaziospadoni.org\\\/en\\\/god-has-an-immense-imagination-in-the-way-he-calls-us-part-three\\\/#primaryimage\"},\"image\":{\"@id\":\"https:\\\/\\\/spaziospadoni.org\\\/en\\\/god-has-an-immense-imagination-in-the-way-he-calls-us-part-three\\\/#primaryimage\"},\"thumbnailUrl\":\"https:\\\/\\\/spaziospadoni.org\\\/wp-content\\\/uploads\\\/2026\\\/08\\\/fra-paolo-braghini-missione.webp\",\"datePublished\":\"2026-08-14T06:30:00+00:00\",\"dateModified\":\"2026-08-14T08:53:27+00:00\",\"description\":\"he Franciscan mission of Friar Paolo Maria Braghini in Amazonia among the Ticuna people: the birth of a living indigenous Church.\",\"breadcrumb\":{\"@id\":\"https:\\\/\\\/spaziospadoni.org\\\/en\\\/god-has-an-immense-imagination-in-the-way-he-calls-us-part-three\\\/#breadcrumb\"},\"inLanguage\":\"en-US\",\"potentialAction\":[{\"@type\":\"ReadAction\",\"target\":[\"https:\\\/\\\/spaziospadoni.org\\\/en\\\/god-has-an-immense-imagination-in-the-way-he-calls-us-part-three\\\/\"]}]},{\"@type\":\"ImageObject\",\"inLanguage\":\"en-US\",\"@id\":\"https:\\\/\\\/spaziospadoni.org\\\/en\\\/god-has-an-immense-imagination-in-the-way-he-calls-us-part-three\\\/#primaryimage\",\"url\":\"https:\\\/\\\/spaziospadoni.org\\\/wp-content\\\/uploads\\\/2026\\\/08\\\/fra-paolo-braghini-missione.webp\",\"contentUrl\":\"https:\\\/\\\/spaziospadoni.org\\\/wp-content\\\/uploads\\\/2026\\\/08\\\/fra-paolo-braghini-missione.webp\",\"width\":1200,\"height\":675,\"caption\":\"Fray Paolo Maria Braghini, Fraile Menor Capuchino, pas\u00f3 20 a\u00f1os en la Amazon\u00eda entre los Ticuna del Alto Solim\u00f5es.\"},{\"@type\":\"BreadcrumbList\",\"@id\":\"https:\\\/\\\/spaziospadoni.org\\\/en\\\/god-has-an-immense-imagination-in-the-way-he-calls-us-part-three\\\/#breadcrumb\",\"itemListElement\":[{\"@type\":\"ListItem\",\"position\":1,\"name\":\"Home\",\"item\":\"https:\\\/\\\/spaziospadoni.org\\\/en\\\/\"},{\"@type\":\"ListItem\",\"position\":2,\"name\":\"\u201cGod has an immense imagination in the way he calls us\u201d | Part Three\"}]},{\"@type\":\"WebSite\",\"@id\":\"https:\\\/\\\/spaziospadoni.org\\\/en\\\/#website\",\"url\":\"https:\\\/\\\/spaziospadoni.org\\\/en\\\/\",\"name\":\"spazio + spadoni\",\"description\":\"Generazione di misericordia e missione nel mondo\",\"publisher\":{\"@id\":\"https:\\\/\\\/spaziospadoni.org\\\/en\\\/#organization\"},\"alternateName\":\"spaziospadoni.org\",\"potentialAction\":[{\"@type\":\"SearchAction\",\"target\":{\"@type\":\"EntryPoint\",\"urlTemplate\":\"https:\\\/\\\/spaziospadoni.org\\\/en\\\/?s={search_term_string}\"},\"query-input\":{\"@type\":\"PropertyValueSpecification\",\"valueRequired\":true,\"valueName\":\"search_term_string\"}}],\"inLanguage\":\"en-US\"},{\"@type\":\"Organization\",\"@id\":\"https:\\\/\\\/spaziospadoni.org\\\/en\\\/#organization\",\"name\":\"spazio + spadoni\",\"alternateName\":\"spaziospadoni.org\",\"url\":\"https:\\\/\\\/spaziospadoni.org\\\/en\\\/\",\"logo\":{\"@type\":\"ImageObject\",\"inLanguage\":\"en-US\",\"@id\":\"https:\\\/\\\/spaziospadoni.org\\\/en\\\/#\\\/schema\\\/logo\\\/image\\\/\",\"url\":\"https:\\\/\\\/spaziospadoni.org\\\/wp-content\\\/uploads\\\/2026\\\/05\\\/spazio-spadoni-logo-100x100-1.webp\",\"contentUrl\":\"https:\\\/\\\/spaziospadoni.org\\\/wp-content\\\/uploads\\\/2026\\\/05\\\/spazio-spadoni-logo-100x100-1.webp\",\"width\":100,\"height\":100,\"caption\":\"spazio + spadoni\"},\"image\":{\"@id\":\"https:\\\/\\\/spaziospadoni.org\\\/en\\\/#\\\/schema\\\/logo\\\/image\\\/\"},\"sameAs\":[\"https:\\\/\\\/www.facebook.com\\\/SpazioSpadoni\\\/\",\"https:\\\/\\\/www.instagram.com\\\/spaziospadoni\\\/\",\"https:\\\/\\\/www.youtube.com\\\/@spaziospadoni\\\/playlists\"]},{\"@type\":\"Person\",\"@id\":\"https:\\\/\\\/spaziospadoni.org\\\/en\\\/#\\\/schema\\\/person\\\/3564d8acb9905b1bac4639729953e97d\",\"name\":\"Fra Paolo Maria Braghini\",\"image\":{\"@type\":\"ImageObject\",\"inLanguage\":\"en-US\",\"@id\":\"https:\\\/\\\/secure.gravatar.com\\\/avatar\\\/f32ed802d88a4c5f0c578a2cf8cd64a2f093a3566f4c951be66b98720ef889ee?s=96&d=mm&r=g\",\"url\":\"https:\\\/\\\/secure.gravatar.com\\\/avatar\\\/f32ed802d88a4c5f0c578a2cf8cd64a2f093a3566f4c951be66b98720ef889ee?s=96&d=mm&r=g\",\"contentUrl\":\"https:\\\/\\\/secure.gravatar.com\\\/avatar\\\/f32ed802d88a4c5f0c578a2cf8cd64a2f093a3566f4c951be66b98720ef889ee?s=96&d=mm&r=g\",\"caption\":\"Fra Paolo Maria Braghini\"},\"description\":\"A Capuchin Friar Minor born in 1975, he spent almost 20 years as a missionary in Alto Solim\u00f5es, in the Amazon region on the border between Brazil and Peru. Travelling often by canoe, he reached 70 villages, sharing the lives and simple faith of the Indigenous people. Originally from the Varese area, he returned to Italy in the summer of 2025.\",\"url\":\"https:\\\/\\\/spaziospadoni.org\\\/en\\\/author\\\/braghini_mission\\\/\"}]}<\/script>\n<!-- \/ Yoast SEO plugin. -->","yoast_head_json":{"title":"\u201cGod has an immense imagination in the way he calls us\u201d | Part Three","description":"he Franciscan mission of Friar Paolo Maria Braghini in Amazonia among the Ticuna people: the birth of a living indigenous Church.","robots":{"index":"index","follow":"follow","max-snippet":"max-snippet:-1","max-image-preview":"max-image-preview:large","max-video-preview":"max-video-preview:-1"},"canonical":"https:\/\/spaziospadoni.org\/en\/god-has-an-immense-imagination-in-the-way-he-calls-us-part-three\/","og_locale":"en_US","og_type":"article","og_title":"\u201cGod has an immense imagination in the way he calls us\u201d | Part Three","og_description":"he Franciscan mission of Friar Paolo Maria Braghini in Amazonia among the Ticuna people: the birth of a living indigenous Church.","og_url":"https:\/\/spaziospadoni.org\/en\/god-has-an-immense-imagination-in-the-way-he-calls-us-part-three\/","og_site_name":"spazio + spadoni","article_publisher":"https:\/\/www.facebook.com\/SpazioSpadoni\/","article_published_time":"2026-08-14T06:30:00+00:00","article_modified_time":"2026-08-14T08:53:27+00:00","og_image":[{"width":1200,"height":675,"url":"https:\/\/spaziospadoni.org\/wp-content\/uploads\/2026\/08\/fra-paolo-braghini-missione.webp","type":"image\/webp"}],"author":"Fra Paolo Maria Braghini","twitter_card":"summary_large_image","twitter_misc":{"Written by":"Friar Paolo Maria Braghini","Est. reading time":"3 minutes"},"schema":{"@context":"https:\/\/schema.org","@graph":[{"@type":"Article","@id":"https:\/\/spaziospadoni.org\/en\/god-has-an-immense-imagination-in-the-way-he-calls-us-part-three\/#article","isPartOf":{"@id":"https:\/\/spaziospadoni.org\/en\/god-has-an-immense-imagination-in-the-way-he-calls-us-part-three\/"},"author":{"name":"Fra Paolo Maria Braghini","@id":"https:\/\/spaziospadoni.org\/en\/#\/schema\/person\/3564d8acb9905b1bac4639729953e97d"},"headline":"\u201cGod has an immense imagination in the way he calls us\u201d | Part Three","datePublished":"2026-08-14T06:30:00+00:00","dateModified":"2026-08-14T08:53:27+00:00","mainEntityOfPage":{"@id":"https:\/\/spaziospadoni.org\/en\/god-has-an-immense-imagination-in-the-way-he-calls-us-part-three\/"},"wordCount":442,"publisher":{"@id":"https:\/\/spaziospadoni.org\/en\/#organization"},"image":{"@id":"https:\/\/spaziospadoni.org\/en\/god-has-an-immense-imagination-in-the-way-he-calls-us-part-three\/#primaryimage"},"thumbnailUrl":"https:\/\/spaziospadoni.org\/wp-content\/uploads\/2026\/08\/fra-paolo-braghini-missione.webp","keywords":["Amazon","Capuchin Friars Minor","Indians","Mission"],"articleSection":["I Have Received Mercy"],"inLanguage":"en-US"},{"@type":"WebPage","@id":"https:\/\/spaziospadoni.org\/en\/god-has-an-immense-imagination-in-the-way-he-calls-us-part-three\/","url":"https:\/\/spaziospadoni.org\/en\/god-has-an-immense-imagination-in-the-way-he-calls-us-part-three\/","name":"\u201cGod has an immense imagination in the way he calls us\u201d | Part Three","isPartOf":{"@id":"https:\/\/spaziospadoni.org\/en\/#website"},"primaryImageOfPage":{"@id":"https:\/\/spaziospadoni.org\/en\/god-has-an-immense-imagination-in-the-way-he-calls-us-part-three\/#primaryimage"},"image":{"@id":"https:\/\/spaziospadoni.org\/en\/god-has-an-immense-imagination-in-the-way-he-calls-us-part-three\/#primaryimage"},"thumbnailUrl":"https:\/\/spaziospadoni.org\/wp-content\/uploads\/2026\/08\/fra-paolo-braghini-missione.webp","datePublished":"2026-08-14T06:30:00+00:00","dateModified":"2026-08-14T08:53:27+00:00","description":"he Franciscan mission of Friar Paolo Maria Braghini in Amazonia among the Ticuna people: the birth of a living indigenous Church.","breadcrumb":{"@id":"https:\/\/spaziospadoni.org\/en\/god-has-an-immense-imagination-in-the-way-he-calls-us-part-three\/#breadcrumb"},"inLanguage":"en-US","potentialAction":[{"@type":"ReadAction","target":["https:\/\/spaziospadoni.org\/en\/god-has-an-immense-imagination-in-the-way-he-calls-us-part-three\/"]}]},{"@type":"ImageObject","inLanguage":"en-US","@id":"https:\/\/spaziospadoni.org\/en\/god-has-an-immense-imagination-in-the-way-he-calls-us-part-three\/#primaryimage","url":"https:\/\/spaziospadoni.org\/wp-content\/uploads\/2026\/08\/fra-paolo-braghini-missione.webp","contentUrl":"https:\/\/spaziospadoni.org\/wp-content\/uploads\/2026\/08\/fra-paolo-braghini-missione.webp","width":1200,"height":675,"caption":"Fray Paolo Maria Braghini, Fraile Menor Capuchino, pas\u00f3 20 a\u00f1os en la Amazon\u00eda entre los Ticuna del Alto Solim\u00f5es."},{"@type":"BreadcrumbList","@id":"https:\/\/spaziospadoni.org\/en\/god-has-an-immense-imagination-in-the-way-he-calls-us-part-three\/#breadcrumb","itemListElement":[{"@type":"ListItem","position":1,"name":"Home","item":"https:\/\/spaziospadoni.org\/en\/"},{"@type":"ListItem","position":2,"name":"\u201cGod has an immense imagination in the way he calls us\u201d | Part Three"}]},{"@type":"WebSite","@id":"https:\/\/spaziospadoni.org\/en\/#website","url":"https:\/\/spaziospadoni.org\/en\/","name":"spazio + spadoni","description":"Generazione di misericordia e missione nel mondo","publisher":{"@id":"https:\/\/spaziospadoni.org\/en\/#organization"},"alternateName":"spaziospadoni.org","potentialAction":[{"@type":"SearchAction","target":{"@type":"EntryPoint","urlTemplate":"https:\/\/spaziospadoni.org\/en\/?s={search_term_string}"},"query-input":{"@type":"PropertyValueSpecification","valueRequired":true,"valueName":"search_term_string"}}],"inLanguage":"en-US"},{"@type":"Organization","@id":"https:\/\/spaziospadoni.org\/en\/#organization","name":"spazio + spadoni","alternateName":"spaziospadoni.org","url":"https:\/\/spaziospadoni.org\/en\/","logo":{"@type":"ImageObject","inLanguage":"en-US","@id":"https:\/\/spaziospadoni.org\/en\/#\/schema\/logo\/image\/","url":"https:\/\/spaziospadoni.org\/wp-content\/uploads\/2026\/05\/spazio-spadoni-logo-100x100-1.webp","contentUrl":"https:\/\/spaziospadoni.org\/wp-content\/uploads\/2026\/05\/spazio-spadoni-logo-100x100-1.webp","width":100,"height":100,"caption":"spazio + spadoni"},"image":{"@id":"https:\/\/spaziospadoni.org\/en\/#\/schema\/logo\/image\/"},"sameAs":["https:\/\/www.facebook.com\/SpazioSpadoni\/","https:\/\/www.instagram.com\/spaziospadoni\/","https:\/\/www.youtube.com\/@spaziospadoni\/playlists"]},{"@type":"Person","@id":"https:\/\/spaziospadoni.org\/en\/#\/schema\/person\/3564d8acb9905b1bac4639729953e97d","name":"Fra Paolo Maria Braghini","image":{"@type":"ImageObject","inLanguage":"en-US","@id":"https:\/\/secure.gravatar.com\/avatar\/f32ed802d88a4c5f0c578a2cf8cd64a2f093a3566f4c951be66b98720ef889ee?s=96&d=mm&r=g","url":"https:\/\/secure.gravatar.com\/avatar\/f32ed802d88a4c5f0c578a2cf8cd64a2f093a3566f4c951be66b98720ef889ee?s=96&d=mm&r=g","contentUrl":"https:\/\/secure.gravatar.com\/avatar\/f32ed802d88a4c5f0c578a2cf8cd64a2f093a3566f4c951be66b98720ef889ee?s=96&d=mm&r=g","caption":"Fra Paolo Maria Braghini"},"description":"A Capuchin Friar Minor born in 1975, he spent almost 20 years as a missionary in Alto Solim\u00f5es, in the Amazon region on the border between Brazil and Peru. Travelling often by canoe, he reached 70 villages, sharing the lives and simple faith of the Indigenous people. Originally from the Varese area, he returned to Italy in the summer of 2025.","url":"https:\/\/spaziospadoni.org\/en\/author\/braghini_mission\/"}]}},"_links":{"self":[{"href":"https:\/\/spaziospadoni.org\/en\/wp-json\/wp\/v2\/posts\/90007","targetHints":{"allow":["GET"]}}],"collection":[{"href":"https:\/\/spaziospadoni.org\/en\/wp-json\/wp\/v2\/posts"}],"about":[{"href":"https:\/\/spaziospadoni.org\/en\/wp-json\/wp\/v2\/types\/post"}],"author":[{"embeddable":true,"href":"https:\/\/spaziospadoni.org\/en\/wp-json\/wp\/v2\/users\/82"}],"replies":[{"embeddable":true,"href":"https:\/\/spaziospadoni.org\/en\/wp-json\/wp\/v2\/comments?post=90007"}],"version-history":[{"count":1,"href":"https:\/\/spaziospadoni.org\/en\/wp-json\/wp\/v2\/posts\/90007\/revisions"}],"predecessor-version":[{"id":90008,"href":"https:\/\/spaziospadoni.org\/en\/wp-json\/wp\/v2\/posts\/90007\/revisions\/90008"}],"wp:featuredmedia":[{"embeddable":true,"href":"https:\/\/spaziospadoni.org\/en\/wp-json\/wp\/v2\/media\/90006"}],"wp:attachment":[{"href":"https:\/\/spaziospadoni.org\/en\/wp-json\/wp\/v2\/media?parent=90007"}],"wp:term":[{"taxonomy":"category","embeddable":true,"href":"https:\/\/spaziospadoni.org\/en\/wp-json\/wp\/v2\/categories?post=90007"},{"taxonomy":"post_tag","embeddable":true,"href":"https:\/\/spaziospadoni.org\/en\/wp-json\/wp\/v2\/tags?post=90007"}],"curies":[{"name":"wp","href":"https:\/\/api.w.org\/{rel}","templated":true}]}}