{"id":89991,"date":"2026-08-13T08:00:00","date_gmt":"2026-08-13T07:00:00","guid":{"rendered":"https:\/\/spaziospadoni.org\/?p=89991"},"modified":"2026-08-14T08:07:53","modified_gmt":"2026-08-14T07:07:53","slug":"dios-tiene-una-enorme-imaginacion-en-su-manera-de-llamar-segunda-parte","status":"publish","type":"post","link":"https:\/\/spaziospadoni.org\/es\/dios-tiene-una-enorme-imaginacion-en-su-manera-de-llamar-segunda-parte\/","title":{"rendered":"\u00abDios tiene una enorme imaginaci\u00f3n en su manera de llamar\u00bb | Segunda parte"},"content":{"rendered":"\n<pre class=\"wp-block-verse\"><strong><em>Contin\u00faa el testimonio de fray Paolo Maria Braghini, Fraile Menor Capuchino, en el \u201cGo! Franciscan Youth Meet 2026\u201d, evento promovido por los Frailes Menores, los Frailes Menores Conventuales y los Frailes Menores Capuchinos, celebrado en As\u00eds del 3 al 6 de agosto.<\/em><\/strong><\/pre>\n\n\n\n<pre class=\"wp-block-verse\"><strong><em>Nosotros, desde spazio + spadoni, se lo estamos ofreciendo en varias entregas, para acompa\u00f1arles en la lectura y la escucha de una historia que nos muestra, una vez m\u00e1s, la creatividad y la misericordia de Dios.<\/em><\/strong><\/pre>\n\n\n\n<h2 id=\"de-lourdes-a-asis\" class=\"wp-block-heading\">De Lourdes a As\u00eds<\/h2>\n\n\n\n<p class=\"wp-block-paragraph\">Con mi novia de aquel entonces pas\u00e9 momentos verdaderamente hermosos, inolvidables, y por ello solo puedo dar gracias al Se\u00f1or. Con ella, el amor crec\u00eda cada d\u00eda m\u00e1s y sent\u00edamos el deseo de casarnos.<\/p>\n\n\n\n<p class=\"wp-block-paragraph\">Pens\u00e1bamos celebrar nuestra boda el 14 de septiembre del primer a\u00f1o de universidad, ya que nuestras condiciones econ\u00f3micas nos lo permit\u00edan. Mi hermano hab\u00eda formado su familia a los 18 a\u00f1os y era un modelo para m\u00ed. Por eso, al terminar el instituto, sus padres nos invitaron a viajar a Lourdes para pedir la bendici\u00f3n de nuestro futuro matrimonio.<\/p>\n\n\n\n<p class=\"wp-block-paragraph\">Pregunt\u00e9 a los muchachos: \u00ab\u00bfQui\u00e9n ha estado en Lourdes?\u00bb, y muchos levantaron la mano. Me alegr\u00f3 profundamente ver esa respuesta.<\/p>\n\n\n\n<p class=\"wp-block-paragraph\">Fueron cinco d\u00edas fant\u00e1sticos, compartiendo y escuchando a los enfermos y a los voluntarios presentes all\u00ed; y luego, los momentos entra\u00f1ables ante la Virgen\u2026 Sin embargo, la \u00faltima noche antes de regresar a Italia, no lograba conciliar el sue\u00f1o.<\/p>\n\n\n\n<p class=\"wp-block-paragraph\">Daba vueltas a un lado y a otro, <strong>me sent\u00eda inquieto<\/strong> sin saber por qu\u00e9, hasta que a las tres de la madrugada sent\u00ed que deb\u00eda regresar a solas ante la gruta.<\/p>\n\n\n\n<p class=\"wp-block-paragraph\">He relatado esto con inmensa alegr\u00eda justo delante de la Bas\u00edlica, donde la Virgen, mirando desde lo alto, acog\u00eda a todos aquellos j\u00f3venes.<\/p>\n\n\n\n<h2 id=\"el-viaje-a-lourdes-y-la-llamada-en-la-noche\" class=\"wp-block-heading\">El viaje a Lourdes y la llamada en la noche<\/h2>\n\n\n\n<p class=\"wp-block-paragraph\">Volviendo a esa noche frente a la gruta de Lourdes, escuch\u00e9 con total claridad dentro del coraz\u00f3n una voz que dec\u00eda: \u00abDeja todo y s\u00edgueme\u00bb.<\/p>\n\n\n\n<p class=\"wp-block-paragraph\">Era la llamada que el Se\u00f1or llevaba a\u00f1os haci\u00e9ndome sentir de distintas maneras.<\/p>\n\n\n\n<p class=\"wp-block-paragraph\">En ese instante, a mis 18 a\u00f1os, me ech\u00e9 a llorar como un ni\u00f1o. Y mientras lloraba, repet\u00eda: \u00ab\u00bfY Michela? \u00bfY Michela?\u00bb. Estaba diciendo que s\u00ed, pero sent\u00eda que deb\u00eda renunciar al gran amor de mi vida, que era esa muchacha. Pero ced\u00ed. Ced\u00ed.<\/p>\n\n\n\n<p class=\"wp-block-paragraph\">Durante los d\u00edas posteriores lo habl\u00e9 con Michela; intentamos seguir adelante un poco, hasta que decidimos&#8230; O mejor dicho, no fue una decisi\u00f3n. Simplemente comprendimos que el Se\u00f1or nos llamaba a otra cosa y nos separamos.<\/p>\n\n\n\n<h2 id=\"la-eleccion-de-seguir-al-senor-y-el-encuentro-en-asis\" class=\"wp-block-heading\">La elecci\u00f3n de seguir al Se\u00f1or y el encuentro en As\u00eds<\/h2>\n\n\n\n<p class=\"wp-block-paragraph\">Tuve un periodo de rebeld\u00eda con Dios, de distanciamiento, y despu\u00e9s, gracias al consejo de una profesora del instituto, me fui unos d\u00edas a la monta\u00f1a \u2014me apasionaban las monta\u00f1as y las motos\u2014 y all\u00ed se produjo el punto de inflexi\u00f3n: comenc\u00e9 a rezar y a confiarme en las manos del Se\u00f1or.<\/p>\n\n\n\n<p class=\"wp-block-paragraph\">A partir de ah\u00ed comenc\u00e9 a dejarme guiar por el Se\u00f1or de un modo misterioso. De un viaje a Grecia surgi\u00f3 la inspiraci\u00f3n de ir a As\u00eds, y llegu\u00e9 a As\u00eds a los dieciocho a\u00f1os, igual que muchos de vosotros, reci\u00e9n terminada la selectividad, para un encuentro juvenil.<\/p>\n\n\n\n<p class=\"wp-block-paragraph\">En aquellos tiempos no hab\u00eda tel\u00e9fonos m\u00f3viles ni internet, as\u00ed que llegu\u00e9 guiado directamente por la Providencia a una reuni\u00f3n de j\u00f3venes de toda Italia.<\/p>\n\n\n\n<p class=\"wp-block-paragraph\">Hab\u00eda una imagen de San Francisco donde se le\u00eda: <strong>\u00abSe\u00f1or, \u00bfqu\u00e9 quieres que haga?\u00bb<\/strong>, las palabras de Jes\u00fas.<\/p>\n\n\n\n<p class=\"wp-block-paragraph\">Y el primer fraile que se present\u00f3 dijo: \u00ab\u00a1Yo soy fray Gino, misionero en la Amazon\u00eda desde hace 40 a\u00f1os!\u00bb. Nunca antes hab\u00eda visto a un fraile; una alegr\u00eda inmensa me invadi\u00f3 por completo.<\/p>\n\n\n\n<p class=\"has-text-align-center wp-block-paragraph\"><strong>FIN DE LA SEGUNDA PARTE<\/strong><\/p>\n\n\n\n<p class=\"wp-block-paragraph\"><strong><a href=\"https:\/\/unsplash.com\/it\/foto\/un-gruppo-di-persone-in-piedi-allinterno-di-una-grotta-xAQ8QW8_vHs\" target=\"_blank\" rel=\"noreferrer noopener nofollow\" title=\"Foto de Nick Castelli\">Foto de Nick Castelli<\/a><\/strong><\/p>\n\n\n\n<p class=\"wp-block-paragraph\"><\/p>\n","protected":false},"excerpt":{"rendered":"<p>Contin\u00faa el testimonio de fray Paolo Maria Braghini, Fraile Menor Capuchino, en el \u201cGo! Franciscan Youth Meet 2026\u201d, evento promovido por los Frailes Menores, los Frailes Menores Conventuales y los Frailes Menores Capuchinos, celebrado en As\u00eds del 3 al 6 de agosto. Nosotros, desde spazio + spadoni, se lo estamos ofreciendo en varias entregas, para &#8230; <a title=\"\u00abDios tiene una enorme imaginaci\u00f3n en su manera de llamar\u00bb | Segunda parte\" class=\"read-more\" href=\"https:\/\/spaziospadoni.org\/es\/dios-tiene-una-enorme-imaginacion-en-su-manera-de-llamar-segunda-parte\/\" aria-label=\"Read more about \u00abDios tiene una enorme imaginaci\u00f3n en su manera de llamar\u00bb | Segunda parte\">Leer m\u00e1s<\/a><\/p>\n","protected":false},"author":82,"featured_media":89990,"comment_status":"closed","ping_status":"closed","sticky":false,"template":"","format":"standard","meta":{"_sitemap_exclude":false,"_sitemap_priority":"","_sitemap_frequency":"","ss_featured_image_title":"","ss_featured_image_alt":"La gruta de Lourdes","ss_featured_image_caption":"Ante la gruta de Lourdes, fray Paolo Maria Braghini sinti\u00f3 su llamada personal","footnotes":""},"categories":[2448],"tags":[5043,5743,2576,3032],"class_list":["post-89991","post","type-post","status-publish","format-standard","has-post-thumbnail","hentry","category-yo-misericordiado","tag-frailes-menores-capuchinos","tag-lourdes-es","tag-mision","tag-vocacion","infinite-scroll-item","generate-columns","tablet-grid-50","mobile-grid-100","grid-parent","grid-50"],"yoast_head":"<!-- This site is optimized with the Yoast SEO plugin v28.4 - https:\/\/yoast.com\/product\/yoast-seo-wordpress\/ -->\n<title>Fray Paolo Maria Braghini: de Lourdes a As\u00eds con Dios<\/title>\n<meta name=\"description\" content=\"El testimonio de fray Paolo Maria Braghini: la llamada en Lourdes, la renuncia al matrimonio y el camino de fe hasta As\u00eds.\" \/>\n<meta name=\"robots\" content=\"index, follow, max-snippet:-1, max-image-preview:large, max-video-preview:-1\" \/>\n<link rel=\"canonical\" href=\"https:\/\/spaziospadoni.org\/es\/dios-tiene-una-enorme-imaginacion-en-su-manera-de-llamar-segunda-parte\/\" \/>\n<meta property=\"og:locale\" content=\"es_ES\" \/>\n<meta property=\"og:type\" content=\"article\" \/>\n<meta property=\"og:title\" content=\"Fray Paolo Maria Braghini: de Lourdes a As\u00eds con Dios\" \/>\n<meta property=\"og:description\" content=\"El testimonio de fray Paolo Maria Braghini: la llamada en Lourdes, la renuncia al matrimonio y el camino de fe hasta As\u00eds.\" \/>\n<meta property=\"og:url\" content=\"https:\/\/spaziospadoni.org\/es\/dios-tiene-una-enorme-imaginacion-en-su-manera-de-llamar-segunda-parte\/\" \/>\n<meta property=\"og:site_name\" content=\"spazio + spadoni\" \/>\n<meta property=\"article:publisher\" content=\"https:\/\/www.facebook.com\/SpazioSpadoni\/\" \/>\n<meta property=\"article:published_time\" content=\"2026-08-13T07:00:00+00:00\" \/>\n<meta property=\"article:modified_time\" content=\"2026-08-14T07:07:53+00:00\" \/>\n<meta property=\"og:image\" content=\"https:\/\/spaziospadoni.org\/wp-content\/uploads\/2026\/08\/grotta-lourdes-preghiera.webp\" \/>\n\t<meta property=\"og:image:width\" content=\"1200\" \/>\n\t<meta property=\"og:image:height\" content=\"800\" \/>\n\t<meta property=\"og:image:type\" content=\"image\/webp\" \/>\n<meta name=\"author\" content=\"Fra Paolo Maria Braghini\" \/>\n<meta name=\"twitter:card\" content=\"summary_large_image\" \/>\n<meta name=\"twitter:label1\" content=\"Escrito por\" \/>\n\t<meta name=\"twitter:data1\" content=\"Fray Paolo Maria Braghini\" \/>\n\t<meta name=\"twitter:label2\" content=\"Est. reading time\" \/>\n\t<meta name=\"twitter:data2\" content=\"4 minutes\" \/>\n<script type=\"application\/ld+json\" class=\"yoast-schema-graph\">{\"@context\":\"https:\\\/\\\/schema.org\",\"@graph\":[{\"@type\":\"Article\",\"@id\":\"https:\\\/\\\/spaziospadoni.org\\\/es\\\/dios-tiene-una-enorme-imaginacion-en-su-manera-de-llamar-segunda-parte\\\/#article\",\"isPartOf\":{\"@id\":\"https:\\\/\\\/spaziospadoni.org\\\/es\\\/dios-tiene-una-enorme-imaginacion-en-su-manera-de-llamar-segunda-parte\\\/\"},\"author\":{\"name\":\"Fra Paolo Maria Braghini\",\"@id\":\"https:\\\/\\\/spaziospadoni.org\\\/es\\\/#\\\/schema\\\/person\\\/3564d8acb9905b1bac4639729953e97d\"},\"headline\":\"\u00abDios tiene una enorme imaginaci\u00f3n en su manera de llamar\u00bb | Segunda parte\",\"datePublished\":\"2026-08-13T07:00:00+00:00\",\"dateModified\":\"2026-08-14T07:07:53+00:00\",\"mainEntityOfPage\":{\"@id\":\"https:\\\/\\\/spaziospadoni.org\\\/es\\\/dios-tiene-una-enorme-imaginacion-en-su-manera-de-llamar-segunda-parte\\\/\"},\"wordCount\":612,\"publisher\":{\"@id\":\"https:\\\/\\\/spaziospadoni.org\\\/es\\\/#organization\"},\"image\":{\"@id\":\"https:\\\/\\\/spaziospadoni.org\\\/es\\\/dios-tiene-una-enorme-imaginacion-en-su-manera-de-llamar-segunda-parte\\\/#primaryimage\"},\"thumbnailUrl\":\"https:\\\/\\\/spaziospadoni.org\\\/wp-content\\\/uploads\\\/2026\\\/08\\\/grotta-lourdes-preghiera.webp\",\"keywords\":[\"Frailes Menores Capuchinos\",\"Lourdes\",\"Misi\u00f3n\",\"vocaci\u00f3n\"],\"articleSection\":[\"Yo, misericordiado\"],\"inLanguage\":\"es-ES\"},{\"@type\":\"WebPage\",\"@id\":\"https:\\\/\\\/spaziospadoni.org\\\/es\\\/dios-tiene-una-enorme-imaginacion-en-su-manera-de-llamar-segunda-parte\\\/\",\"url\":\"https:\\\/\\\/spaziospadoni.org\\\/es\\\/dios-tiene-una-enorme-imaginacion-en-su-manera-de-llamar-segunda-parte\\\/\",\"name\":\"Fray Paolo Maria Braghini: de Lourdes a As\u00eds con Dios\",\"isPartOf\":{\"@id\":\"https:\\\/\\\/spaziospadoni.org\\\/es\\\/#website\"},\"primaryImageOfPage\":{\"@id\":\"https:\\\/\\\/spaziospadoni.org\\\/es\\\/dios-tiene-una-enorme-imaginacion-en-su-manera-de-llamar-segunda-parte\\\/#primaryimage\"},\"image\":{\"@id\":\"https:\\\/\\\/spaziospadoni.org\\\/es\\\/dios-tiene-una-enorme-imaginacion-en-su-manera-de-llamar-segunda-parte\\\/#primaryimage\"},\"thumbnailUrl\":\"https:\\\/\\\/spaziospadoni.org\\\/wp-content\\\/uploads\\\/2026\\\/08\\\/grotta-lourdes-preghiera.webp\",\"datePublished\":\"2026-08-13T07:00:00+00:00\",\"dateModified\":\"2026-08-14T07:07:53+00:00\",\"description\":\"El testimonio de fray Paolo Maria Braghini: la llamada en Lourdes, la renuncia al matrimonio y el camino de fe hasta As\u00eds.\",\"breadcrumb\":{\"@id\":\"https:\\\/\\\/spaziospadoni.org\\\/es\\\/dios-tiene-una-enorme-imaginacion-en-su-manera-de-llamar-segunda-parte\\\/#breadcrumb\"},\"inLanguage\":\"es-ES\",\"potentialAction\":[{\"@type\":\"ReadAction\",\"target\":[\"https:\\\/\\\/spaziospadoni.org\\\/es\\\/dios-tiene-una-enorme-imaginacion-en-su-manera-de-llamar-segunda-parte\\\/\"]}]},{\"@type\":\"ImageObject\",\"inLanguage\":\"es-ES\",\"@id\":\"https:\\\/\\\/spaziospadoni.org\\\/es\\\/dios-tiene-una-enorme-imaginacion-en-su-manera-de-llamar-segunda-parte\\\/#primaryimage\",\"url\":\"https:\\\/\\\/spaziospadoni.org\\\/wp-content\\\/uploads\\\/2026\\\/08\\\/grotta-lourdes-preghiera.webp\",\"contentUrl\":\"https:\\\/\\\/spaziospadoni.org\\\/wp-content\\\/uploads\\\/2026\\\/08\\\/grotta-lourdes-preghiera.webp\",\"width\":1200,\"height\":800,\"caption\":\"Ante la gruta de Lourdes, fray Paolo Maria Braghini sinti\u00f3 su llamada personal\"},{\"@type\":\"BreadcrumbList\",\"@id\":\"https:\\\/\\\/spaziospadoni.org\\\/es\\\/dios-tiene-una-enorme-imaginacion-en-su-manera-de-llamar-segunda-parte\\\/#breadcrumb\",\"itemListElement\":[{\"@type\":\"ListItem\",\"position\":1,\"name\":\"Home\",\"item\":\"https:\\\/\\\/spaziospadoni.org\\\/es\\\/\"},{\"@type\":\"ListItem\",\"position\":2,\"name\":\"\u00abDios tiene una enorme imaginaci\u00f3n en su manera de llamar\u00bb | Segunda parte\"}]},{\"@type\":\"WebSite\",\"@id\":\"https:\\\/\\\/spaziospadoni.org\\\/es\\\/#website\",\"url\":\"https:\\\/\\\/spaziospadoni.org\\\/es\\\/\",\"name\":\"spazio + spadoni\",\"description\":\"Generazione di misericordia e missione nel mondo\",\"publisher\":{\"@id\":\"https:\\\/\\\/spaziospadoni.org\\\/es\\\/#organization\"},\"alternateName\":\"spaziospadoni.org\",\"potentialAction\":[{\"@type\":\"SearchAction\",\"target\":{\"@type\":\"EntryPoint\",\"urlTemplate\":\"https:\\\/\\\/spaziospadoni.org\\\/es\\\/?s={search_term_string}\"},\"query-input\":{\"@type\":\"PropertyValueSpecification\",\"valueRequired\":true,\"valueName\":\"search_term_string\"}}],\"inLanguage\":\"es-ES\"},{\"@type\":\"Organization\",\"@id\":\"https:\\\/\\\/spaziospadoni.org\\\/es\\\/#organization\",\"name\":\"spazio + spadoni\",\"alternateName\":\"spaziospadoni.org\",\"url\":\"https:\\\/\\\/spaziospadoni.org\\\/es\\\/\",\"logo\":{\"@type\":\"ImageObject\",\"inLanguage\":\"es-ES\",\"@id\":\"https:\\\/\\\/spaziospadoni.org\\\/es\\\/#\\\/schema\\\/logo\\\/image\\\/\",\"url\":\"https:\\\/\\\/spaziospadoni.org\\\/wp-content\\\/uploads\\\/2026\\\/05\\\/spazio-spadoni-logo-100x100-1.webp\",\"contentUrl\":\"https:\\\/\\\/spaziospadoni.org\\\/wp-content\\\/uploads\\\/2026\\\/05\\\/spazio-spadoni-logo-100x100-1.webp\",\"width\":100,\"height\":100,\"caption\":\"spazio + spadoni\"},\"image\":{\"@id\":\"https:\\\/\\\/spaziospadoni.org\\\/es\\\/#\\\/schema\\\/logo\\\/image\\\/\"},\"sameAs\":[\"https:\\\/\\\/www.facebook.com\\\/SpazioSpadoni\\\/\",\"https:\\\/\\\/www.instagram.com\\\/spaziospadoni\\\/\",\"https:\\\/\\\/www.youtube.com\\\/@spaziospadoni\\\/playlists\"]},{\"@type\":\"Person\",\"@id\":\"https:\\\/\\\/spaziospadoni.org\\\/es\\\/#\\\/schema\\\/person\\\/3564d8acb9905b1bac4639729953e97d\",\"name\":\"Fra Paolo Maria Braghini\",\"image\":{\"@type\":\"ImageObject\",\"inLanguage\":\"es-ES\",\"@id\":\"https:\\\/\\\/secure.gravatar.com\\\/avatar\\\/f32ed802d88a4c5f0c578a2cf8cd64a2f093a3566f4c951be66b98720ef889ee?s=96&d=mm&r=g\",\"url\":\"https:\\\/\\\/secure.gravatar.com\\\/avatar\\\/f32ed802d88a4c5f0c578a2cf8cd64a2f093a3566f4c951be66b98720ef889ee?s=96&d=mm&r=g\",\"contentUrl\":\"https:\\\/\\\/secure.gravatar.com\\\/avatar\\\/f32ed802d88a4c5f0c578a2cf8cd64a2f093a3566f4c951be66b98720ef889ee?s=96&d=mm&r=g\",\"caption\":\"Fra Paolo Maria Braghini\"},\"description\":\"Fraile menor capuchino nacido en 1975, estuvo casi 20 a\u00f1os como misionero en Alto Solim\u00f5es, en la Amazon\u00eda, en la frontera entre Brasil y Per\u00fa. Desplaz\u00e1ndose a menudo en canoa, lleg\u00f3 a 70 aldeas y comparti\u00f3 la vida y la fe sencilla de los pueblos ind\u00edgenas. Originario de la provincia de Varese, regres\u00f3 a Italia en el verano de 2025.\",\"url\":\"https:\\\/\\\/spaziospadoni.org\\\/es\\\/author\\\/braghini_mission\\\/\"}]}<\/script>\n<!-- \/ Yoast SEO plugin. -->","yoast_head_json":{"title":"Fray Paolo Maria Braghini: de Lourdes a As\u00eds con Dios","description":"El testimonio de fray Paolo Maria Braghini: la llamada en Lourdes, la renuncia al matrimonio y el camino de fe hasta As\u00eds.","robots":{"index":"index","follow":"follow","max-snippet":"max-snippet:-1","max-image-preview":"max-image-preview:large","max-video-preview":"max-video-preview:-1"},"canonical":"https:\/\/spaziospadoni.org\/es\/dios-tiene-una-enorme-imaginacion-en-su-manera-de-llamar-segunda-parte\/","og_locale":"es_ES","og_type":"article","og_title":"Fray Paolo Maria Braghini: de Lourdes a As\u00eds con Dios","og_description":"El testimonio de fray Paolo Maria Braghini: la llamada en Lourdes, la renuncia al matrimonio y el camino de fe hasta As\u00eds.","og_url":"https:\/\/spaziospadoni.org\/es\/dios-tiene-una-enorme-imaginacion-en-su-manera-de-llamar-segunda-parte\/","og_site_name":"spazio + spadoni","article_publisher":"https:\/\/www.facebook.com\/SpazioSpadoni\/","article_published_time":"2026-08-13T07:00:00+00:00","article_modified_time":"2026-08-14T07:07:53+00:00","og_image":[{"width":1200,"height":800,"url":"https:\/\/spaziospadoni.org\/wp-content\/uploads\/2026\/08\/grotta-lourdes-preghiera.webp","type":"image\/webp"}],"author":"Fra Paolo Maria Braghini","twitter_card":"summary_large_image","twitter_misc":{"Escrito por":"Fray Paolo Maria Braghini","Est. reading time":"4 minutes"},"schema":{"@context":"https:\/\/schema.org","@graph":[{"@type":"Article","@id":"https:\/\/spaziospadoni.org\/es\/dios-tiene-una-enorme-imaginacion-en-su-manera-de-llamar-segunda-parte\/#article","isPartOf":{"@id":"https:\/\/spaziospadoni.org\/es\/dios-tiene-una-enorme-imaginacion-en-su-manera-de-llamar-segunda-parte\/"},"author":{"name":"Fra Paolo Maria Braghini","@id":"https:\/\/spaziospadoni.org\/es\/#\/schema\/person\/3564d8acb9905b1bac4639729953e97d"},"headline":"\u00abDios tiene una enorme imaginaci\u00f3n en su manera de llamar\u00bb | Segunda parte","datePublished":"2026-08-13T07:00:00+00:00","dateModified":"2026-08-14T07:07:53+00:00","mainEntityOfPage":{"@id":"https:\/\/spaziospadoni.org\/es\/dios-tiene-una-enorme-imaginacion-en-su-manera-de-llamar-segunda-parte\/"},"wordCount":612,"publisher":{"@id":"https:\/\/spaziospadoni.org\/es\/#organization"},"image":{"@id":"https:\/\/spaziospadoni.org\/es\/dios-tiene-una-enorme-imaginacion-en-su-manera-de-llamar-segunda-parte\/#primaryimage"},"thumbnailUrl":"https:\/\/spaziospadoni.org\/wp-content\/uploads\/2026\/08\/grotta-lourdes-preghiera.webp","keywords":["Frailes Menores Capuchinos","Lourdes","Misi\u00f3n","vocaci\u00f3n"],"articleSection":["Yo, misericordiado"],"inLanguage":"es-ES"},{"@type":"WebPage","@id":"https:\/\/spaziospadoni.org\/es\/dios-tiene-una-enorme-imaginacion-en-su-manera-de-llamar-segunda-parte\/","url":"https:\/\/spaziospadoni.org\/es\/dios-tiene-una-enorme-imaginacion-en-su-manera-de-llamar-segunda-parte\/","name":"Fray Paolo Maria Braghini: de Lourdes a As\u00eds con Dios","isPartOf":{"@id":"https:\/\/spaziospadoni.org\/es\/#website"},"primaryImageOfPage":{"@id":"https:\/\/spaziospadoni.org\/es\/dios-tiene-una-enorme-imaginacion-en-su-manera-de-llamar-segunda-parte\/#primaryimage"},"image":{"@id":"https:\/\/spaziospadoni.org\/es\/dios-tiene-una-enorme-imaginacion-en-su-manera-de-llamar-segunda-parte\/#primaryimage"},"thumbnailUrl":"https:\/\/spaziospadoni.org\/wp-content\/uploads\/2026\/08\/grotta-lourdes-preghiera.webp","datePublished":"2026-08-13T07:00:00+00:00","dateModified":"2026-08-14T07:07:53+00:00","description":"El testimonio de fray Paolo Maria Braghini: la llamada en Lourdes, la renuncia al matrimonio y el camino de fe hasta As\u00eds.","breadcrumb":{"@id":"https:\/\/spaziospadoni.org\/es\/dios-tiene-una-enorme-imaginacion-en-su-manera-de-llamar-segunda-parte\/#breadcrumb"},"inLanguage":"es-ES","potentialAction":[{"@type":"ReadAction","target":["https:\/\/spaziospadoni.org\/es\/dios-tiene-una-enorme-imaginacion-en-su-manera-de-llamar-segunda-parte\/"]}]},{"@type":"ImageObject","inLanguage":"es-ES","@id":"https:\/\/spaziospadoni.org\/es\/dios-tiene-una-enorme-imaginacion-en-su-manera-de-llamar-segunda-parte\/#primaryimage","url":"https:\/\/spaziospadoni.org\/wp-content\/uploads\/2026\/08\/grotta-lourdes-preghiera.webp","contentUrl":"https:\/\/spaziospadoni.org\/wp-content\/uploads\/2026\/08\/grotta-lourdes-preghiera.webp","width":1200,"height":800,"caption":"Ante la gruta de Lourdes, fray Paolo Maria Braghini sinti\u00f3 su llamada personal"},{"@type":"BreadcrumbList","@id":"https:\/\/spaziospadoni.org\/es\/dios-tiene-una-enorme-imaginacion-en-su-manera-de-llamar-segunda-parte\/#breadcrumb","itemListElement":[{"@type":"ListItem","position":1,"name":"Home","item":"https:\/\/spaziospadoni.org\/es\/"},{"@type":"ListItem","position":2,"name":"\u00abDios tiene una enorme imaginaci\u00f3n en su manera de llamar\u00bb | Segunda parte"}]},{"@type":"WebSite","@id":"https:\/\/spaziospadoni.org\/es\/#website","url":"https:\/\/spaziospadoni.org\/es\/","name":"spazio + spadoni","description":"Generazione di misericordia e missione nel mondo","publisher":{"@id":"https:\/\/spaziospadoni.org\/es\/#organization"},"alternateName":"spaziospadoni.org","potentialAction":[{"@type":"SearchAction","target":{"@type":"EntryPoint","urlTemplate":"https:\/\/spaziospadoni.org\/es\/?s={search_term_string}"},"query-input":{"@type":"PropertyValueSpecification","valueRequired":true,"valueName":"search_term_string"}}],"inLanguage":"es-ES"},{"@type":"Organization","@id":"https:\/\/spaziospadoni.org\/es\/#organization","name":"spazio + spadoni","alternateName":"spaziospadoni.org","url":"https:\/\/spaziospadoni.org\/es\/","logo":{"@type":"ImageObject","inLanguage":"es-ES","@id":"https:\/\/spaziospadoni.org\/es\/#\/schema\/logo\/image\/","url":"https:\/\/spaziospadoni.org\/wp-content\/uploads\/2026\/05\/spazio-spadoni-logo-100x100-1.webp","contentUrl":"https:\/\/spaziospadoni.org\/wp-content\/uploads\/2026\/05\/spazio-spadoni-logo-100x100-1.webp","width":100,"height":100,"caption":"spazio + spadoni"},"image":{"@id":"https:\/\/spaziospadoni.org\/es\/#\/schema\/logo\/image\/"},"sameAs":["https:\/\/www.facebook.com\/SpazioSpadoni\/","https:\/\/www.instagram.com\/spaziospadoni\/","https:\/\/www.youtube.com\/@spaziospadoni\/playlists"]},{"@type":"Person","@id":"https:\/\/spaziospadoni.org\/es\/#\/schema\/person\/3564d8acb9905b1bac4639729953e97d","name":"Fra Paolo Maria Braghini","image":{"@type":"ImageObject","inLanguage":"es-ES","@id":"https:\/\/secure.gravatar.com\/avatar\/f32ed802d88a4c5f0c578a2cf8cd64a2f093a3566f4c951be66b98720ef889ee?s=96&d=mm&r=g","url":"https:\/\/secure.gravatar.com\/avatar\/f32ed802d88a4c5f0c578a2cf8cd64a2f093a3566f4c951be66b98720ef889ee?s=96&d=mm&r=g","contentUrl":"https:\/\/secure.gravatar.com\/avatar\/f32ed802d88a4c5f0c578a2cf8cd64a2f093a3566f4c951be66b98720ef889ee?s=96&d=mm&r=g","caption":"Fra Paolo Maria Braghini"},"description":"Fraile menor capuchino nacido en 1975, estuvo casi 20 a\u00f1os como misionero en Alto Solim\u00f5es, en la Amazon\u00eda, en la frontera entre Brasil y Per\u00fa. Desplaz\u00e1ndose a menudo en canoa, lleg\u00f3 a 70 aldeas y comparti\u00f3 la vida y la fe sencilla de los pueblos ind\u00edgenas. Originario de la provincia de Varese, regres\u00f3 a Italia en el verano de 2025.","url":"https:\/\/spaziospadoni.org\/es\/author\/braghini_mission\/"}]}},"_links":{"self":[{"href":"https:\/\/spaziospadoni.org\/es\/wp-json\/wp\/v2\/posts\/89991","targetHints":{"allow":["GET"]}}],"collection":[{"href":"https:\/\/spaziospadoni.org\/es\/wp-json\/wp\/v2\/posts"}],"about":[{"href":"https:\/\/spaziospadoni.org\/es\/wp-json\/wp\/v2\/types\/post"}],"author":[{"embeddable":true,"href":"https:\/\/spaziospadoni.org\/es\/wp-json\/wp\/v2\/users\/82"}],"replies":[{"embeddable":true,"href":"https:\/\/spaziospadoni.org\/es\/wp-json\/wp\/v2\/comments?post=89991"}],"version-history":[{"count":2,"href":"https:\/\/spaziospadoni.org\/es\/wp-json\/wp\/v2\/posts\/89991\/revisions"}],"predecessor-version":[{"id":89993,"href":"https:\/\/spaziospadoni.org\/es\/wp-json\/wp\/v2\/posts\/89991\/revisions\/89993"}],"wp:featuredmedia":[{"embeddable":true,"href":"https:\/\/spaziospadoni.org\/es\/wp-json\/wp\/v2\/media\/89990"}],"wp:attachment":[{"href":"https:\/\/spaziospadoni.org\/es\/wp-json\/wp\/v2\/media?parent=89991"}],"wp:term":[{"taxonomy":"category","embeddable":true,"href":"https:\/\/spaziospadoni.org\/es\/wp-json\/wp\/v2\/categories?post=89991"},{"taxonomy":"post_tag","embeddable":true,"href":"https:\/\/spaziospadoni.org\/es\/wp-json\/wp\/v2\/tags?post=89991"}],"curies":[{"name":"wp","href":"https:\/\/api.w.org\/{rel}","templated":true}]}}