{"id":90004,"date":"2026-08-13T17:00:00","date_gmt":"2026-08-13T16:00:00","guid":{"rendered":"https:\/\/spaziospadoni.org\/?p=90004"},"modified":"2026-08-14T08:38:15","modified_gmt":"2026-08-14T07:38:15","slug":"hermanas-que-cuentan-historias-desde-las-margenes-periodismo","status":"publish","type":"post","link":"https:\/\/spaziospadoni.org\/es\/hermanas-que-cuentan-historias-desde-las-margenes-periodismo\/","title":{"rendered":"Hermanas que cuentan historias desde las m\u00e1rgenes: periodismo"},"content":{"rendered":"\n<h2 id=\"descubrir-y-contar-las-historias-que-importan\" class=\"wp-block-heading\">Descubrir y contar las historias que importan<\/h2>\n\n\n\n<p class=\"wp-block-paragraph\">Comparto la informaci\u00f3n recibida en el bolet\u00edn mensual del Dicasterio para la Comunicaci\u00f3n.<\/p>\n\n\n\n<p class=\"wp-block-paragraph\">En el marco del \u00abProyecto Pentecost\u00e9s con y a trav\u00e9s de las Hermanas\u00bb, el Dicasterio para la Comunicaci\u00f3n ofrece a las religiosas una oportunidad de formaci\u00f3n online centrada especialmente en el periodismo y la narrativa, dedicada al relato sobre personas y lugares marginalizados y al reconocimiento de los signos del futuro que emergen de ellos.<\/p>\n\n\n\n<blockquote class=\"wp-block-quote is-layout-flow wp-block-quote-is-layout-flow\">\n<p class=\"wp-block-paragraph\"><em>El curso &#8211; gratuito &#8211; proporcionar\u00e1 a las hermanas las competencias fundamentales para escribir art\u00edculos y compartir historias procedentes de las m\u00e1rgenes de la sociedad, utilizando diversos canales medi\u00e1ticos.<\/em><\/p>\n<\/blockquote>\n\n\n\n<p class=\"wp-block-paragraph\">Las reuniones se celebrar\u00e1n en ingl\u00e9s. Previa solicitud, se podr\u00e1 facilitar traducci\u00f3n simult\u00e1nea a otro idioma.<\/p>\n\n\n\n<p class=\"wp-block-paragraph\">Las hermanas que demuestren mayor competencia y dedicaci\u00f3n tendr\u00e1n la oportunidad de ser seleccionadas para una pr\u00e1ctica en Vatican Media, lo que les permitir\u00e1 desarrollar a\u00fan m\u00e1s sus habilidades en un entorno profesional.<\/p>\n\n\n\n<p class=\"wp-block-paragraph\">Para m\u00e1s informaci\u00f3n y para enviar solicitudes, se puede rellenar el formulario disponible en 5 idiomas (solo para hermanas):<\/p>\n\n\n\n<ul class=\"wp-block-list\">\n<li>ingl\u00e9s<\/li>\n\n\n\n<li>espa\u00f1ol<\/li>\n\n\n\n<li>franc\u00e9s<\/li>\n\n\n\n<li>italiano<\/li>\n\n\n\n<li>portugu\u00e9s<\/li>\n<\/ul>\n\n\n\n<h2 id=\"modalidad-de-trabajo\" class=\"wp-block-heading\">Modalidad de trabajo<\/h2>\n\n\n\n<p class=\"wp-block-paragraph\">12 encuentros online, semanales, los martes de 14:30 a 16:30 (hora italiana) del 8 de septiembre al 24 de noviembre de 2026. Plataforma: Zoom. Las sesiones estar\u00e1n coordinadas por el equipo del Dicasterio para la Comunicaci\u00f3n en colaboraci\u00f3n con expertos internacionales.<\/p>\n\n\n\n<p class=\"wp-block-paragraph\"><strong>Fuente:<\/strong> <a href=\"https:\/\/marialuciaercole.substack.com\/\" target=\"_blank\" rel=\"noreferrer noopener nofollow\" title=\"Bolet\u00edn de Maria Lucia Ercole\">Bolet\u00edn de Maria Lucia Ercole<\/a><\/p>\n\n\n\n<p class=\"wp-block-paragraph\"><\/p>\n","protected":false},"excerpt":{"rendered":"<p>Descubrir y contar las historias que importan Comparto la informaci\u00f3n recibida en el bolet\u00edn mensual del Dicasterio para la Comunicaci\u00f3n. En el marco del \u00abProyecto Pentecost\u00e9s con y a trav\u00e9s de las Hermanas\u00bb, el Dicasterio para la Comunicaci\u00f3n ofrece a las religiosas una oportunidad de formaci\u00f3n online centrada especialmente en el periodismo y la narrativa, &#8230; <a title=\"Hermanas que cuentan historias desde las m\u00e1rgenes: periodismo\" class=\"read-more\" href=\"https:\/\/spaziospadoni.org\/es\/hermanas-que-cuentan-historias-desde-las-margenes-periodismo\/\" aria-label=\"Read more about Hermanas que cuentan historias desde las m\u00e1rgenes: periodismo\">Leer m\u00e1s<\/a><\/p>\n","protected":false},"author":13,"featured_media":90003,"comment_status":"closed","ping_status":"closed","sticky":false,"template":"","format":"standard","meta":{"_sitemap_exclude":false,"_sitemap_priority":"","_sitemap_frequency":"","ss_featured_image_title":"","ss_featured_image_alt":"Curso de storytelling para religiosas","ss_featured_image_caption":"El Dicasterio para la Comunicaci\u00f3n propone a las religiosas un curso de storytelling para narrar las realidades que viven en sus pa\u00edses.","footnotes":""},"categories":[2312],"tags":[4463,2343,3644],"class_list":["post-90004","post","type-post","status-publish","format-standard","has-post-thumbnail","hentry","category-la-iglesia-que-inspira","tag-historias-es","tag-monjas","tag-periodismo","infinite-scroll-item","generate-columns","tablet-grid-50","mobile-grid-100","grid-parent","grid-50"],"yoast_head":"<!-- This site is optimized with the Yoast SEO plugin v28.4 - https:\/\/yoast.com\/product\/yoast-seo-wordpress\/ -->\n<title>Hermanas que cuentan historias desde las m\u00e1rgenes: periodismo<\/title>\n<meta name=\"description\" content=\"Curso de formaci\u00f3n online del Dicasterio para la Comunicaci\u00f3n dedicado a religiosas para narrar historias desde las m\u00e1rgenes.\" \/>\n<meta name=\"robots\" content=\"index, follow, max-snippet:-1, max-image-preview:large, max-video-preview:-1\" \/>\n<link rel=\"canonical\" href=\"https:\/\/spaziospadoni.org\/es\/hermanas-que-cuentan-historias-desde-las-margenes-periodismo\/\" \/>\n<meta property=\"og:locale\" content=\"es_ES\" \/>\n<meta property=\"og:type\" content=\"article\" \/>\n<meta property=\"og:title\" content=\"Hermanas que cuentan historias desde las m\u00e1rgenes: periodismo\" \/>\n<meta property=\"og:description\" content=\"Curso de formaci\u00f3n online del Dicasterio para la Comunicaci\u00f3n dedicado a religiosas para narrar historias desde las m\u00e1rgenes.\" \/>\n<meta property=\"og:url\" content=\"https:\/\/spaziospadoni.org\/es\/hermanas-que-cuentan-historias-desde-las-margenes-periodismo\/\" \/>\n<meta property=\"og:site_name\" content=\"spazio + spadoni\" \/>\n<meta property=\"article:publisher\" content=\"https:\/\/www.facebook.com\/SpazioSpadoni\/\" \/>\n<meta property=\"article:published_time\" content=\"2026-08-13T16:00:00+00:00\" \/>\n<meta property=\"article:modified_time\" content=\"2026-08-14T07:38:15+00:00\" \/>\n<meta property=\"og:image\" content=\"https:\/\/spaziospadoni.org\/wp-content\/uploads\/2026\/08\/corso-storytelling-suore.webp\" \/>\n\t<meta property=\"og:image:width\" content=\"1200\" \/>\n\t<meta property=\"og:image:height\" content=\"800\" \/>\n\t<meta property=\"og:image:type\" content=\"image\/webp\" \/>\n<meta name=\"author\" content=\"Maria Lucia Ercole\" \/>\n<meta name=\"twitter:card\" content=\"summary_large_image\" \/>\n<meta name=\"twitter:label1\" content=\"Escrito por\" \/>\n\t<meta name=\"twitter:data1\" content=\"Maria Lucia Ercole\" \/>\n\t<meta name=\"twitter:label2\" content=\"Est. reading time\" \/>\n\t<meta name=\"twitter:data2\" content=\"2 minutes\" \/>\n<script type=\"application\/ld+json\" class=\"yoast-schema-graph\">{\"@context\":\"https:\\\/\\\/schema.org\",\"@graph\":[{\"@type\":\"Article\",\"@id\":\"https:\\\/\\\/spaziospadoni.org\\\/es\\\/hermanas-que-cuentan-historias-desde-las-margenes-periodismo\\\/#article\",\"isPartOf\":{\"@id\":\"https:\\\/\\\/spaziospadoni.org\\\/es\\\/hermanas-que-cuentan-historias-desde-las-margenes-periodismo\\\/\"},\"author\":{\"name\":\"Maria Lucia Ercole\",\"@id\":\"https:\\\/\\\/spaziospadoni.org\\\/es\\\/#\\\/schema\\\/person\\\/9cdee08a0f6e8328c0e19b713bde0426\"},\"headline\":\"Hermanas que cuentan historias desde las m\u00e1rgenes: periodismo\",\"datePublished\":\"2026-08-13T16:00:00+00:00\",\"dateModified\":\"2026-08-14T07:38:15+00:00\",\"mainEntityOfPage\":{\"@id\":\"https:\\\/\\\/spaziospadoni.org\\\/es\\\/hermanas-que-cuentan-historias-desde-las-margenes-periodismo\\\/\"},\"wordCount\":258,\"publisher\":{\"@id\":\"https:\\\/\\\/spaziospadoni.org\\\/es\\\/#organization\"},\"image\":{\"@id\":\"https:\\\/\\\/spaziospadoni.org\\\/es\\\/hermanas-que-cuentan-historias-desde-las-margenes-periodismo\\\/#primaryimage\"},\"thumbnailUrl\":\"https:\\\/\\\/spaziospadoni.org\\\/wp-content\\\/uploads\\\/2026\\\/08\\\/corso-storytelling-suore.webp\",\"keywords\":[\"historias\",\"Monjas\",\"Periodismo\"],\"articleSection\":[\"La Iglesia que inspira\"],\"inLanguage\":\"es-ES\"},{\"@type\":\"WebPage\",\"@id\":\"https:\\\/\\\/spaziospadoni.org\\\/es\\\/hermanas-que-cuentan-historias-desde-las-margenes-periodismo\\\/\",\"url\":\"https:\\\/\\\/spaziospadoni.org\\\/es\\\/hermanas-que-cuentan-historias-desde-las-margenes-periodismo\\\/\",\"name\":\"Hermanas que cuentan historias desde las m\u00e1rgenes: periodismo\",\"isPartOf\":{\"@id\":\"https:\\\/\\\/spaziospadoni.org\\\/es\\\/#website\"},\"primaryImageOfPage\":{\"@id\":\"https:\\\/\\\/spaziospadoni.org\\\/es\\\/hermanas-que-cuentan-historias-desde-las-margenes-periodismo\\\/#primaryimage\"},\"image\":{\"@id\":\"https:\\\/\\\/spaziospadoni.org\\\/es\\\/hermanas-que-cuentan-historias-desde-las-margenes-periodismo\\\/#primaryimage\"},\"thumbnailUrl\":\"https:\\\/\\\/spaziospadoni.org\\\/wp-content\\\/uploads\\\/2026\\\/08\\\/corso-storytelling-suore.webp\",\"datePublished\":\"2026-08-13T16:00:00+00:00\",\"dateModified\":\"2026-08-14T07:38:15+00:00\",\"description\":\"Curso de formaci\u00f3n online del Dicasterio para la Comunicaci\u00f3n dedicado a religiosas para narrar historias desde las m\u00e1rgenes.\",\"breadcrumb\":{\"@id\":\"https:\\\/\\\/spaziospadoni.org\\\/es\\\/hermanas-que-cuentan-historias-desde-las-margenes-periodismo\\\/#breadcrumb\"},\"inLanguage\":\"es-ES\",\"potentialAction\":[{\"@type\":\"ReadAction\",\"target\":[\"https:\\\/\\\/spaziospadoni.org\\\/es\\\/hermanas-que-cuentan-historias-desde-las-margenes-periodismo\\\/\"]}]},{\"@type\":\"ImageObject\",\"inLanguage\":\"es-ES\",\"@id\":\"https:\\\/\\\/spaziospadoni.org\\\/es\\\/hermanas-que-cuentan-historias-desde-las-margenes-periodismo\\\/#primaryimage\",\"url\":\"https:\\\/\\\/spaziospadoni.org\\\/wp-content\\\/uploads\\\/2026\\\/08\\\/corso-storytelling-suore.webp\",\"contentUrl\":\"https:\\\/\\\/spaziospadoni.org\\\/wp-content\\\/uploads\\\/2026\\\/08\\\/corso-storytelling-suore.webp\",\"width\":1200,\"height\":800,\"caption\":\"El Dicasterio para la Comunicaci\u00f3n propone a las religiosas un curso de storytelling para narrar las realidades que viven en sus pa\u00edses.\"},{\"@type\":\"BreadcrumbList\",\"@id\":\"https:\\\/\\\/spaziospadoni.org\\\/es\\\/hermanas-que-cuentan-historias-desde-las-margenes-periodismo\\\/#breadcrumb\",\"itemListElement\":[{\"@type\":\"ListItem\",\"position\":1,\"name\":\"Home\",\"item\":\"https:\\\/\\\/spaziospadoni.org\\\/es\\\/\"},{\"@type\":\"ListItem\",\"position\":2,\"name\":\"Hermanas que cuentan historias desde las m\u00e1rgenes: periodismo\"}]},{\"@type\":\"WebSite\",\"@id\":\"https:\\\/\\\/spaziospadoni.org\\\/es\\\/#website\",\"url\":\"https:\\\/\\\/spaziospadoni.org\\\/es\\\/\",\"name\":\"spazio + spadoni\",\"description\":\"Generazione di misericordia e missione nel mondo\",\"publisher\":{\"@id\":\"https:\\\/\\\/spaziospadoni.org\\\/es\\\/#organization\"},\"alternateName\":\"spaziospadoni.org\",\"potentialAction\":[{\"@type\":\"SearchAction\",\"target\":{\"@type\":\"EntryPoint\",\"urlTemplate\":\"https:\\\/\\\/spaziospadoni.org\\\/es\\\/?s={search_term_string}\"},\"query-input\":{\"@type\":\"PropertyValueSpecification\",\"valueRequired\":true,\"valueName\":\"search_term_string\"}}],\"inLanguage\":\"es-ES\"},{\"@type\":\"Organization\",\"@id\":\"https:\\\/\\\/spaziospadoni.org\\\/es\\\/#organization\",\"name\":\"spazio + spadoni\",\"alternateName\":\"spaziospadoni.org\",\"url\":\"https:\\\/\\\/spaziospadoni.org\\\/es\\\/\",\"logo\":{\"@type\":\"ImageObject\",\"inLanguage\":\"es-ES\",\"@id\":\"https:\\\/\\\/spaziospadoni.org\\\/es\\\/#\\\/schema\\\/logo\\\/image\\\/\",\"url\":\"https:\\\/\\\/spaziospadoni.org\\\/wp-content\\\/uploads\\\/2026\\\/05\\\/spazio-spadoni-logo-100x100-1.webp\",\"contentUrl\":\"https:\\\/\\\/spaziospadoni.org\\\/wp-content\\\/uploads\\\/2026\\\/05\\\/spazio-spadoni-logo-100x100-1.webp\",\"width\":100,\"height\":100,\"caption\":\"spazio + spadoni\"},\"image\":{\"@id\":\"https:\\\/\\\/spaziospadoni.org\\\/es\\\/#\\\/schema\\\/logo\\\/image\\\/\"},\"sameAs\":[\"https:\\\/\\\/www.facebook.com\\\/SpazioSpadoni\\\/\",\"https:\\\/\\\/www.instagram.com\\\/spaziospadoni\\\/\",\"https:\\\/\\\/www.youtube.com\\\/@spaziospadoni\\\/playlists\"]},{\"@type\":\"Person\",\"@id\":\"https:\\\/\\\/spaziospadoni.org\\\/es\\\/#\\\/schema\\\/person\\\/9cdee08a0f6e8328c0e19b713bde0426\",\"name\":\"Maria Lucia Ercole\",\"image\":{\"@type\":\"ImageObject\",\"inLanguage\":\"es-ES\",\"@id\":\"https:\\\/\\\/secure.gravatar.com\\\/avatar\\\/880bbdf4c968635b20266eac4e46e8196a6dde9230c4927c12757a6c430e6e3d?s=96&d=mm&r=g\",\"url\":\"https:\\\/\\\/secure.gravatar.com\\\/avatar\\\/880bbdf4c968635b20266eac4e46e8196a6dde9230c4927c12757a6c430e6e3d?s=96&d=mm&r=g\",\"contentUrl\":\"https:\\\/\\\/secure.gravatar.com\\\/avatar\\\/880bbdf4c968635b20266eac4e46e8196a6dde9230c4927c12757a6c430e6e3d?s=96&d=mm&r=g\",\"caption\":\"Maria Lucia Ercole\"},\"description\":\"Licenciada en Econom\u00eda y Ciencias de la Educaci\u00f3n, ha impartido clases en varios centros de ense\u00f1anza secundaria de Tur\u00edn. Actualmente se dedica plenamente al voluntariado, tanto en el \u00e1mbito parroquial como en el educativo, ense\u00f1ando italiano como segunda lengua (L2) a migrantes. Desde octubre de 2021 escribe el bolet\u00edn \u201cLa Chiesa che ispira \u2013 Spazio di riflessione sulla Chiesa Cattolica, oggi\u201d y participa activamente en las campa\u00f1as nacionales \u201cStop smartphone e social sotto i 14 e 16 anni\u201d.\",\"url\":\"https:\\\/\\\/spaziospadoni.org\\\/es\\\/author\\\/ercolemission\\\/\"}]}<\/script>\n<!-- \/ Yoast SEO plugin. -->","yoast_head_json":{"title":"Hermanas que cuentan historias desde las m\u00e1rgenes: periodismo","description":"Curso de formaci\u00f3n online del Dicasterio para la Comunicaci\u00f3n dedicado a religiosas para narrar historias desde las m\u00e1rgenes.","robots":{"index":"index","follow":"follow","max-snippet":"max-snippet:-1","max-image-preview":"max-image-preview:large","max-video-preview":"max-video-preview:-1"},"canonical":"https:\/\/spaziospadoni.org\/es\/hermanas-que-cuentan-historias-desde-las-margenes-periodismo\/","og_locale":"es_ES","og_type":"article","og_title":"Hermanas que cuentan historias desde las m\u00e1rgenes: periodismo","og_description":"Curso de formaci\u00f3n online del Dicasterio para la Comunicaci\u00f3n dedicado a religiosas para narrar historias desde las m\u00e1rgenes.","og_url":"https:\/\/spaziospadoni.org\/es\/hermanas-que-cuentan-historias-desde-las-margenes-periodismo\/","og_site_name":"spazio + spadoni","article_publisher":"https:\/\/www.facebook.com\/SpazioSpadoni\/","article_published_time":"2026-08-13T16:00:00+00:00","article_modified_time":"2026-08-14T07:38:15+00:00","og_image":[{"width":1200,"height":800,"url":"https:\/\/spaziospadoni.org\/wp-content\/uploads\/2026\/08\/corso-storytelling-suore.webp","type":"image\/webp"}],"author":"Maria Lucia Ercole","twitter_card":"summary_large_image","twitter_misc":{"Escrito por":"Maria Lucia Ercole","Est. reading time":"2 minutes"},"schema":{"@context":"https:\/\/schema.org","@graph":[{"@type":"Article","@id":"https:\/\/spaziospadoni.org\/es\/hermanas-que-cuentan-historias-desde-las-margenes-periodismo\/#article","isPartOf":{"@id":"https:\/\/spaziospadoni.org\/es\/hermanas-que-cuentan-historias-desde-las-margenes-periodismo\/"},"author":{"name":"Maria Lucia Ercole","@id":"https:\/\/spaziospadoni.org\/es\/#\/schema\/person\/9cdee08a0f6e8328c0e19b713bde0426"},"headline":"Hermanas que cuentan historias desde las m\u00e1rgenes: periodismo","datePublished":"2026-08-13T16:00:00+00:00","dateModified":"2026-08-14T07:38:15+00:00","mainEntityOfPage":{"@id":"https:\/\/spaziospadoni.org\/es\/hermanas-que-cuentan-historias-desde-las-margenes-periodismo\/"},"wordCount":258,"publisher":{"@id":"https:\/\/spaziospadoni.org\/es\/#organization"},"image":{"@id":"https:\/\/spaziospadoni.org\/es\/hermanas-que-cuentan-historias-desde-las-margenes-periodismo\/#primaryimage"},"thumbnailUrl":"https:\/\/spaziospadoni.org\/wp-content\/uploads\/2026\/08\/corso-storytelling-suore.webp","keywords":["historias","Monjas","Periodismo"],"articleSection":["La Iglesia que inspira"],"inLanguage":"es-ES"},{"@type":"WebPage","@id":"https:\/\/spaziospadoni.org\/es\/hermanas-que-cuentan-historias-desde-las-margenes-periodismo\/","url":"https:\/\/spaziospadoni.org\/es\/hermanas-que-cuentan-historias-desde-las-margenes-periodismo\/","name":"Hermanas que cuentan historias desde las m\u00e1rgenes: periodismo","isPartOf":{"@id":"https:\/\/spaziospadoni.org\/es\/#website"},"primaryImageOfPage":{"@id":"https:\/\/spaziospadoni.org\/es\/hermanas-que-cuentan-historias-desde-las-margenes-periodismo\/#primaryimage"},"image":{"@id":"https:\/\/spaziospadoni.org\/es\/hermanas-que-cuentan-historias-desde-las-margenes-periodismo\/#primaryimage"},"thumbnailUrl":"https:\/\/spaziospadoni.org\/wp-content\/uploads\/2026\/08\/corso-storytelling-suore.webp","datePublished":"2026-08-13T16:00:00+00:00","dateModified":"2026-08-14T07:38:15+00:00","description":"Curso de formaci\u00f3n online del Dicasterio para la Comunicaci\u00f3n dedicado a religiosas para narrar historias desde las m\u00e1rgenes.","breadcrumb":{"@id":"https:\/\/spaziospadoni.org\/es\/hermanas-que-cuentan-historias-desde-las-margenes-periodismo\/#breadcrumb"},"inLanguage":"es-ES","potentialAction":[{"@type":"ReadAction","target":["https:\/\/spaziospadoni.org\/es\/hermanas-que-cuentan-historias-desde-las-margenes-periodismo\/"]}]},{"@type":"ImageObject","inLanguage":"es-ES","@id":"https:\/\/spaziospadoni.org\/es\/hermanas-que-cuentan-historias-desde-las-margenes-periodismo\/#primaryimage","url":"https:\/\/spaziospadoni.org\/wp-content\/uploads\/2026\/08\/corso-storytelling-suore.webp","contentUrl":"https:\/\/spaziospadoni.org\/wp-content\/uploads\/2026\/08\/corso-storytelling-suore.webp","width":1200,"height":800,"caption":"El Dicasterio para la Comunicaci\u00f3n propone a las religiosas un curso de storytelling para narrar las realidades que viven en sus pa\u00edses."},{"@type":"BreadcrumbList","@id":"https:\/\/spaziospadoni.org\/es\/hermanas-que-cuentan-historias-desde-las-margenes-periodismo\/#breadcrumb","itemListElement":[{"@type":"ListItem","position":1,"name":"Home","item":"https:\/\/spaziospadoni.org\/es\/"},{"@type":"ListItem","position":2,"name":"Hermanas que cuentan historias desde las m\u00e1rgenes: periodismo"}]},{"@type":"WebSite","@id":"https:\/\/spaziospadoni.org\/es\/#website","url":"https:\/\/spaziospadoni.org\/es\/","name":"spazio + spadoni","description":"Generazione di misericordia e missione nel mondo","publisher":{"@id":"https:\/\/spaziospadoni.org\/es\/#organization"},"alternateName":"spaziospadoni.org","potentialAction":[{"@type":"SearchAction","target":{"@type":"EntryPoint","urlTemplate":"https:\/\/spaziospadoni.org\/es\/?s={search_term_string}"},"query-input":{"@type":"PropertyValueSpecification","valueRequired":true,"valueName":"search_term_string"}}],"inLanguage":"es-ES"},{"@type":"Organization","@id":"https:\/\/spaziospadoni.org\/es\/#organization","name":"spazio + spadoni","alternateName":"spaziospadoni.org","url":"https:\/\/spaziospadoni.org\/es\/","logo":{"@type":"ImageObject","inLanguage":"es-ES","@id":"https:\/\/spaziospadoni.org\/es\/#\/schema\/logo\/image\/","url":"https:\/\/spaziospadoni.org\/wp-content\/uploads\/2026\/05\/spazio-spadoni-logo-100x100-1.webp","contentUrl":"https:\/\/spaziospadoni.org\/wp-content\/uploads\/2026\/05\/spazio-spadoni-logo-100x100-1.webp","width":100,"height":100,"caption":"spazio + spadoni"},"image":{"@id":"https:\/\/spaziospadoni.org\/es\/#\/schema\/logo\/image\/"},"sameAs":["https:\/\/www.facebook.com\/SpazioSpadoni\/","https:\/\/www.instagram.com\/spaziospadoni\/","https:\/\/www.youtube.com\/@spaziospadoni\/playlists"]},{"@type":"Person","@id":"https:\/\/spaziospadoni.org\/es\/#\/schema\/person\/9cdee08a0f6e8328c0e19b713bde0426","name":"Maria Lucia Ercole","image":{"@type":"ImageObject","inLanguage":"es-ES","@id":"https:\/\/secure.gravatar.com\/avatar\/880bbdf4c968635b20266eac4e46e8196a6dde9230c4927c12757a6c430e6e3d?s=96&d=mm&r=g","url":"https:\/\/secure.gravatar.com\/avatar\/880bbdf4c968635b20266eac4e46e8196a6dde9230c4927c12757a6c430e6e3d?s=96&d=mm&r=g","contentUrl":"https:\/\/secure.gravatar.com\/avatar\/880bbdf4c968635b20266eac4e46e8196a6dde9230c4927c12757a6c430e6e3d?s=96&d=mm&r=g","caption":"Maria Lucia Ercole"},"description":"Licenciada en Econom\u00eda y Ciencias de la Educaci\u00f3n, ha impartido clases en varios centros de ense\u00f1anza secundaria de Tur\u00edn. Actualmente se dedica plenamente al voluntariado, tanto en el \u00e1mbito parroquial como en el educativo, ense\u00f1ando italiano como segunda lengua (L2) a migrantes. Desde octubre de 2021 escribe el bolet\u00edn \u201cLa Chiesa che ispira \u2013 Spazio di riflessione sulla Chiesa Cattolica, oggi\u201d y participa activamente en las campa\u00f1as nacionales \u201cStop smartphone e social sotto i 14 e 16 anni\u201d.","url":"https:\/\/spaziospadoni.org\/es\/author\/ercolemission\/"}]}},"_links":{"self":[{"href":"https:\/\/spaziospadoni.org\/es\/wp-json\/wp\/v2\/posts\/90004","targetHints":{"allow":["GET"]}}],"collection":[{"href":"https:\/\/spaziospadoni.org\/es\/wp-json\/wp\/v2\/posts"}],"about":[{"href":"https:\/\/spaziospadoni.org\/es\/wp-json\/wp\/v2\/types\/post"}],"author":[{"embeddable":true,"href":"https:\/\/spaziospadoni.org\/es\/wp-json\/wp\/v2\/users\/13"}],"replies":[{"embeddable":true,"href":"https:\/\/spaziospadoni.org\/es\/wp-json\/wp\/v2\/comments?post=90004"}],"version-history":[{"count":1,"href":"https:\/\/spaziospadoni.org\/es\/wp-json\/wp\/v2\/posts\/90004\/revisions"}],"predecessor-version":[{"id":90005,"href":"https:\/\/spaziospadoni.org\/es\/wp-json\/wp\/v2\/posts\/90004\/revisions\/90005"}],"wp:featuredmedia":[{"embeddable":true,"href":"https:\/\/spaziospadoni.org\/es\/wp-json\/wp\/v2\/media\/90003"}],"wp:attachment":[{"href":"https:\/\/spaziospadoni.org\/es\/wp-json\/wp\/v2\/media?parent=90004"}],"wp:term":[{"taxonomy":"category","embeddable":true,"href":"https:\/\/spaziospadoni.org\/es\/wp-json\/wp\/v2\/categories?post=90004"},{"taxonomy":"post_tag","embeddable":true,"href":"https:\/\/spaziospadoni.org\/es\/wp-json\/wp\/v2\/tags?post=90004"}],"curies":[{"name":"wp","href":"https:\/\/api.w.org\/{rel}","templated":true}]}}