{"id":90016,"date":"2026-08-14T07:30:00","date_gmt":"2026-08-14T06:30:00","guid":{"rendered":"https:\/\/spaziospadoni.org\/?p=90016"},"modified":"2026-08-15T08:20:45","modified_gmt":"2026-08-15T07:20:45","slug":"dios-tiene-una-enorme-imaginacion-en-su-manera-de-llamar-tercera-parte","status":"publish","type":"post","link":"https:\/\/spaziospadoni.org\/es\/dios-tiene-una-enorme-imaginacion-en-su-manera-de-llamar-tercera-parte\/","title":{"rendered":"\u00abDios tiene una enorme imaginaci\u00f3n en su manera de llamar\u00bb | Tercera parte"},"content":{"rendered":"\n<pre class=\"wp-block-verse\"><em>La tercera parte del testimonio de fray Paolo Maria Braghini, Fraile Menor Capuchino, en el \u201cGo! Franciscan Youth Meet 2026\u201d, un evento promovido por los Frailes Menores, los Frailes Menores Conventuales y los Frailes Menores Capuchinos, que se celebr\u00f3 en As\u00eds del 3 al 6 de agosto. Una historia que nos muestra la imaginaci\u00f3n y la misericordia de Dios.<\/em><\/pre>\n\n\n\n<h2 id=\"la-llamada-al-franciscanismo-y-la-mision-en-la-amazonia\" class=\"wp-block-heading\">La llamada al franciscanismo y la misi\u00f3n en la Amazon\u00eda<\/h2>\n\n\n\n<p class=\"wp-block-paragraph\">\u00abSent\u00ed verdaderamente que el Se\u00f1or me llamaba a ser fraile. Vi a un hombre radical, en fraternidad, en pobreza y viviendo plenamente el Evangelio, y le dije s\u00ed al Se\u00f1or. No tuve miedo. Comenc\u00e9 el camino para ser fraile y, despu\u00e9s de pocos a\u00f1os, otro joven fraile y yo fuimos enviados a la Amazon\u00eda. All\u00ed pas\u00e9 veinte a\u00f1os de mi vida\u00bb.<\/p>\n\n\n\n<h2 id=\"los-desafios-de-la-naturaleza-y-el-descubrimiento-de-las-72-aldeas\" class=\"wp-block-heading\">Los desaf\u00edos de la naturaleza y el descubrimiento de las 72 aldeas<\/h2>\n\n\n\n<p class=\"wp-block-paragraph\">\u00abLo que normalmente preguntan los j\u00f3venes son las aventuras: los peligros de vida fueron much\u00edsimos. All\u00ed solo hay agua, nada de carreteras, nada de motos, nada de coches; una realidad verdaderamente dif\u00edcil, marcada por las trampas de la naturaleza. \u00a1Incluso naufragu\u00e9, pero el Se\u00f1or me salv\u00f3 por los pelos! Y luego cocodrilos, serpientes que te pasan por encima de los pies, tar\u00e1ntulas\u2026 <\/p>\n\n\n\n<p class=\"wp-block-paragraph\">Habr\u00eda much\u00edsimas cosas que contar, pero la m\u00e1s hermosa es esta: despu\u00e9s de tres a\u00f1os, junto con otros dos j\u00f3venes hermanos, descubrimos que desde nuestra peque\u00f1a parroquia \u2014una aldea ind\u00edgena sin electricidad ni tel\u00e9fono, en una precariedad extrema (ya hab\u00eda perdido 10 kilos, contra\u00eddo malaria, etc.)\u2014 pod\u00edamos llegar a otras 72 aldeas. Lugares accesibles \u00fanicamente en canoa, algunos a m\u00e1s de un d\u00eda de navegaci\u00f3n. <\/p>\n\n\n\n<p class=\"wp-block-paragraph\">Nos miramos y nos dijimos: \u00ab\u00a1Si seguimos a este ritmo morimos, nos van a encontrar en el cementerio! \u00bfQu\u00e9 habr\u00eda hecho Jes\u00fas? \u00bfQu\u00e9 hizo, en realidad?\u00bb.<\/p>\n\n\n\n<p class=\"wp-block-paragraph\"> Jes\u00fas llam\u00f3 primero a los doce ap\u00f3stoles, luego, viendo que la misi\u00f3n era inmensa, envi\u00f3 a otros 72, que no eran sacerdotes, sino familias, j\u00f3venes, hombres y mujeres.\u00bb<\/p>\n\n\n\n<h2 id=\"la-implicacion-de-los-indios-ticuna-y-el-nacimiento-de-una-iglesia-viva\" class=\"wp-block-heading\">La implicaci\u00f3n de los indios Ticuna y el nacimiento de una Iglesia viva<\/h2>\n\n\n\n<p class=\"wp-block-paragraph\">\u00abHicimos lo mismo con los ind\u00edgenas, los indios Ticuna, un pueblo extraordinariamente generoso. Despu\u00e9s de tres a\u00f1os, cuando empezamos a comprender y a hablar su lengua, los invitamos tambi\u00e9n a ellos a convertirse en misioneros. <\/p>\n\n\n\n<p class=\"wp-block-paragraph\">La respuesta de este pueblo humilde fue incre\u00edble: hoy hay catequistas capaces de reunir a cientos y miles de ni\u00f1os en todas las aldeas, y much\u00edsimos j\u00f3venes que, con disponibilidad, generosidad y una inmensa confianza en el Esp\u00edritu Santo, se han convertido en grandes misioneros. <\/p>\n\n\n\n<p class=\"wp-block-paragraph\">Cabe recordar que en ese contexto muchos j\u00f3venes se convierten en padres ya a los 15 a\u00f1os y a los 25 a\u00f1os tienen a menudo 6, 7 u 8 hijos. <\/p>\n\n\n\n<p class=\"wp-block-paragraph\">Y, sin embargo, hoy tenemos <strong>una Iglesia ind\u00edgena viva<\/strong>, fundada precisamente en la generosidad de estos j\u00f3venes que saben dar su \u201cs\u00ed\u201d al Se\u00f1or.\u00bb<\/p>\n\n\n\n<p class=\"has-text-align-center wp-block-paragraph\"><strong>Fin de la tercera parte<\/strong><\/p>\n\n\n\n<p class=\"wp-block-paragraph\"><strong>Foto de fray Paolo Maria Braghini<\/strong><\/p>\n\n\n\n<p class=\"wp-block-paragraph\"><\/p>\n","protected":false},"excerpt":{"rendered":"<p>La tercera parte del testimonio de fray Paolo Maria Braghini, Fraile Menor Capuchino, en el \u201cGo! Franciscan Youth Meet 2026\u201d, un evento promovido por los Frailes Menores, los Frailes Menores Conventuales y los Frailes Menores Capuchinos, que se celebr\u00f3 en As\u00eds del 3 al 6 de agosto. Una historia que nos muestra la imaginaci\u00f3n y &#8230; <a title=\"\u00abDios tiene una enorme imaginaci\u00f3n en su manera de llamar\u00bb | Tercera parte\" class=\"read-more\" href=\"https:\/\/spaziospadoni.org\/es\/dios-tiene-una-enorme-imaginacion-en-su-manera-de-llamar-tercera-parte\/\" aria-label=\"Read more about \u00abDios tiene una enorme imaginaci\u00f3n en su manera de llamar\u00bb | Tercera parte\">Leer m\u00e1s<\/a><\/p>\n","protected":false},"author":82,"featured_media":90015,"comment_status":"closed","ping_status":"closed","sticky":false,"template":"","format":"standard","meta":{"_sitemap_exclude":false,"_sitemap_priority":"","_sitemap_frequency":"","ss_featured_image_title":"","ss_featured_image_alt":"Fray Paolo Maria Braghini en la Amazon\u00eda","ss_featured_image_caption":"Fray Paolo Maria Braghini, Fraile Menor Capuchino, pas\u00f3 20 a\u00f1os en la Amazon\u00eda entre los Ticuna del Alto Solim\u00f5es.","footnotes":""},"categories":[2448],"tags":[3528,5043,4347,2576],"class_list":["post-90016","post","type-post","status-publish","format-standard","has-post-thumbnail","hentry","category-yo-misericordiado","tag-amazonas-es","tag-frailes-menores-capuchinos","tag-indios-es","tag-mision","infinite-scroll-item","generate-columns","tablet-grid-50","mobile-grid-100","grid-parent","grid-50"],"yoast_head":"<!-- This site is optimized with the Yoast SEO plugin v28.4 - https:\/\/yoast.com\/product\/yoast-seo-wordpress\/ -->\n<title>\u00abDios tiene una enorme imaginaci\u00f3n en su manera de llamar\u00bb | Tercera parte<\/title>\n<meta name=\"description\" content=\"La misi\u00f3n franciscana de fray Paolo Maria Braghini en la Amazon\u00eda entre los indios Ticuna: el nacimiento de una Iglesia ind\u00edgena viva.\" \/>\n<meta name=\"robots\" content=\"index, follow, max-snippet:-1, max-image-preview:large, max-video-preview:-1\" \/>\n<link rel=\"canonical\" href=\"https:\/\/spaziospadoni.org\/es\/dios-tiene-una-enorme-imaginacion-en-su-manera-de-llamar-tercera-parte\/\" \/>\n<meta property=\"og:locale\" content=\"es_ES\" \/>\n<meta property=\"og:type\" content=\"article\" \/>\n<meta property=\"og:title\" content=\"\u00abDios tiene una enorme imaginaci\u00f3n en su manera de llamar\u00bb | Tercera parte\" \/>\n<meta property=\"og:description\" content=\"La misi\u00f3n franciscana de fray Paolo Maria Braghini en la Amazon\u00eda entre los indios Ticuna: el nacimiento de una Iglesia ind\u00edgena viva.\" \/>\n<meta property=\"og:url\" content=\"https:\/\/spaziospadoni.org\/es\/dios-tiene-una-enorme-imaginacion-en-su-manera-de-llamar-tercera-parte\/\" \/>\n<meta property=\"og:site_name\" content=\"spazio + spadoni\" \/>\n<meta property=\"article:publisher\" content=\"https:\/\/www.facebook.com\/SpazioSpadoni\/\" \/>\n<meta property=\"article:published_time\" content=\"2026-08-14T06:30:00+00:00\" \/>\n<meta property=\"article:modified_time\" content=\"2026-08-15T07:20:45+00:00\" \/>\n<meta property=\"og:image\" content=\"https:\/\/spaziospadoni.org\/wp-content\/uploads\/2026\/08\/fra-paolo-braghini-missione.webp\" \/>\n\t<meta property=\"og:image:width\" content=\"1200\" \/>\n\t<meta property=\"og:image:height\" content=\"675\" \/>\n\t<meta property=\"og:image:type\" content=\"image\/webp\" \/>\n<meta name=\"author\" content=\"Fra Paolo Maria Braghini\" \/>\n<meta name=\"twitter:card\" content=\"summary_large_image\" \/>\n<meta name=\"twitter:label1\" content=\"Escrito por\" \/>\n\t<meta name=\"twitter:data1\" content=\"Fray Paolo Maria Braghini\" \/>\n\t<meta name=\"twitter:label2\" content=\"Est. reading time\" \/>\n\t<meta name=\"twitter:data2\" content=\"3 minutes\" \/>\n<script type=\"application\/ld+json\" class=\"yoast-schema-graph\">{\"@context\":\"https:\\\/\\\/schema.org\",\"@graph\":[{\"@type\":\"Article\",\"@id\":\"https:\\\/\\\/spaziospadoni.org\\\/es\\\/dios-tiene-una-enorme-imaginacion-en-su-manera-de-llamar-tercera-parte\\\/#article\",\"isPartOf\":{\"@id\":\"https:\\\/\\\/spaziospadoni.org\\\/es\\\/dios-tiene-una-enorme-imaginacion-en-su-manera-de-llamar-tercera-parte\\\/\"},\"author\":{\"name\":\"Fra Paolo Maria Braghini\",\"@id\":\"https:\\\/\\\/spaziospadoni.org\\\/es\\\/#\\\/schema\\\/person\\\/3564d8acb9905b1bac4639729953e97d\"},\"headline\":\"\u00abDios tiene una enorme imaginaci\u00f3n en su manera de llamar\u00bb | Tercera parte\",\"datePublished\":\"2026-08-14T06:30:00+00:00\",\"dateModified\":\"2026-08-15T07:20:45+00:00\",\"mainEntityOfPage\":{\"@id\":\"https:\\\/\\\/spaziospadoni.org\\\/es\\\/dios-tiene-una-enorme-imaginacion-en-su-manera-de-llamar-tercera-parte\\\/\"},\"wordCount\":477,\"publisher\":{\"@id\":\"https:\\\/\\\/spaziospadoni.org\\\/es\\\/#organization\"},\"image\":{\"@id\":\"https:\\\/\\\/spaziospadoni.org\\\/es\\\/dios-tiene-una-enorme-imaginacion-en-su-manera-de-llamar-tercera-parte\\\/#primaryimage\"},\"thumbnailUrl\":\"https:\\\/\\\/spaziospadoni.org\\\/wp-content\\\/uploads\\\/2026\\\/08\\\/fra-paolo-braghini-missione.webp\",\"keywords\":[\"Amazonas\",\"Frailes Menores Capuchinos\",\"Indios\",\"Misi\u00f3n\"],\"articleSection\":[\"Yo, misericordiado\"],\"inLanguage\":\"es-ES\"},{\"@type\":\"WebPage\",\"@id\":\"https:\\\/\\\/spaziospadoni.org\\\/es\\\/dios-tiene-una-enorme-imaginacion-en-su-manera-de-llamar-tercera-parte\\\/\",\"url\":\"https:\\\/\\\/spaziospadoni.org\\\/es\\\/dios-tiene-una-enorme-imaginacion-en-su-manera-de-llamar-tercera-parte\\\/\",\"name\":\"\u00abDios tiene una enorme imaginaci\u00f3n en su manera de llamar\u00bb | Tercera parte\",\"isPartOf\":{\"@id\":\"https:\\\/\\\/spaziospadoni.org\\\/es\\\/#website\"},\"primaryImageOfPage\":{\"@id\":\"https:\\\/\\\/spaziospadoni.org\\\/es\\\/dios-tiene-una-enorme-imaginacion-en-su-manera-de-llamar-tercera-parte\\\/#primaryimage\"},\"image\":{\"@id\":\"https:\\\/\\\/spaziospadoni.org\\\/es\\\/dios-tiene-una-enorme-imaginacion-en-su-manera-de-llamar-tercera-parte\\\/#primaryimage\"},\"thumbnailUrl\":\"https:\\\/\\\/spaziospadoni.org\\\/wp-content\\\/uploads\\\/2026\\\/08\\\/fra-paolo-braghini-missione.webp\",\"datePublished\":\"2026-08-14T06:30:00+00:00\",\"dateModified\":\"2026-08-15T07:20:45+00:00\",\"description\":\"La misi\u00f3n franciscana de fray Paolo Maria Braghini en la Amazon\u00eda entre los indios Ticuna: el nacimiento de una Iglesia ind\u00edgena viva.\",\"breadcrumb\":{\"@id\":\"https:\\\/\\\/spaziospadoni.org\\\/es\\\/dios-tiene-una-enorme-imaginacion-en-su-manera-de-llamar-tercera-parte\\\/#breadcrumb\"},\"inLanguage\":\"es-ES\",\"potentialAction\":[{\"@type\":\"ReadAction\",\"target\":[\"https:\\\/\\\/spaziospadoni.org\\\/es\\\/dios-tiene-una-enorme-imaginacion-en-su-manera-de-llamar-tercera-parte\\\/\"]}]},{\"@type\":\"ImageObject\",\"inLanguage\":\"es-ES\",\"@id\":\"https:\\\/\\\/spaziospadoni.org\\\/es\\\/dios-tiene-una-enorme-imaginacion-en-su-manera-de-llamar-tercera-parte\\\/#primaryimage\",\"url\":\"https:\\\/\\\/spaziospadoni.org\\\/wp-content\\\/uploads\\\/2026\\\/08\\\/fra-paolo-braghini-missione.webp\",\"contentUrl\":\"https:\\\/\\\/spaziospadoni.org\\\/wp-content\\\/uploads\\\/2026\\\/08\\\/fra-paolo-braghini-missione.webp\",\"width\":1200,\"height\":675,\"caption\":\"Fray Paolo Maria Braghini, Fraile Menor Capuchino, pas\u00f3 20 a\u00f1os en la Amazon\u00eda entre los Ticuna del Alto Solim\u00f5es.\"},{\"@type\":\"BreadcrumbList\",\"@id\":\"https:\\\/\\\/spaziospadoni.org\\\/es\\\/dios-tiene-una-enorme-imaginacion-en-su-manera-de-llamar-tercera-parte\\\/#breadcrumb\",\"itemListElement\":[{\"@type\":\"ListItem\",\"position\":1,\"name\":\"Home\",\"item\":\"https:\\\/\\\/spaziospadoni.org\\\/es\\\/\"},{\"@type\":\"ListItem\",\"position\":2,\"name\":\"\u00abDios tiene una enorme imaginaci\u00f3n en su manera de llamar\u00bb | Tercera parte\"}]},{\"@type\":\"WebSite\",\"@id\":\"https:\\\/\\\/spaziospadoni.org\\\/es\\\/#website\",\"url\":\"https:\\\/\\\/spaziospadoni.org\\\/es\\\/\",\"name\":\"spazio + spadoni\",\"description\":\"Generazione di misericordia e missione nel mondo\",\"publisher\":{\"@id\":\"https:\\\/\\\/spaziospadoni.org\\\/es\\\/#organization\"},\"alternateName\":\"spaziospadoni.org\",\"potentialAction\":[{\"@type\":\"SearchAction\",\"target\":{\"@type\":\"EntryPoint\",\"urlTemplate\":\"https:\\\/\\\/spaziospadoni.org\\\/es\\\/?s={search_term_string}\"},\"query-input\":{\"@type\":\"PropertyValueSpecification\",\"valueRequired\":true,\"valueName\":\"search_term_string\"}}],\"inLanguage\":\"es-ES\"},{\"@type\":\"Organization\",\"@id\":\"https:\\\/\\\/spaziospadoni.org\\\/es\\\/#organization\",\"name\":\"spazio + spadoni\",\"alternateName\":\"spaziospadoni.org\",\"url\":\"https:\\\/\\\/spaziospadoni.org\\\/es\\\/\",\"logo\":{\"@type\":\"ImageObject\",\"inLanguage\":\"es-ES\",\"@id\":\"https:\\\/\\\/spaziospadoni.org\\\/es\\\/#\\\/schema\\\/logo\\\/image\\\/\",\"url\":\"https:\\\/\\\/spaziospadoni.org\\\/wp-content\\\/uploads\\\/2026\\\/05\\\/spazio-spadoni-logo-100x100-1.webp\",\"contentUrl\":\"https:\\\/\\\/spaziospadoni.org\\\/wp-content\\\/uploads\\\/2026\\\/05\\\/spazio-spadoni-logo-100x100-1.webp\",\"width\":100,\"height\":100,\"caption\":\"spazio + spadoni\"},\"image\":{\"@id\":\"https:\\\/\\\/spaziospadoni.org\\\/es\\\/#\\\/schema\\\/logo\\\/image\\\/\"},\"sameAs\":[\"https:\\\/\\\/www.facebook.com\\\/SpazioSpadoni\\\/\",\"https:\\\/\\\/www.instagram.com\\\/spaziospadoni\\\/\",\"https:\\\/\\\/www.youtube.com\\\/@spaziospadoni\\\/playlists\"]},{\"@type\":\"Person\",\"@id\":\"https:\\\/\\\/spaziospadoni.org\\\/es\\\/#\\\/schema\\\/person\\\/3564d8acb9905b1bac4639729953e97d\",\"name\":\"Fra Paolo Maria Braghini\",\"image\":{\"@type\":\"ImageObject\",\"inLanguage\":\"es-ES\",\"@id\":\"https:\\\/\\\/secure.gravatar.com\\\/avatar\\\/f32ed802d88a4c5f0c578a2cf8cd64a2f093a3566f4c951be66b98720ef889ee?s=96&d=mm&r=g\",\"url\":\"https:\\\/\\\/secure.gravatar.com\\\/avatar\\\/f32ed802d88a4c5f0c578a2cf8cd64a2f093a3566f4c951be66b98720ef889ee?s=96&d=mm&r=g\",\"contentUrl\":\"https:\\\/\\\/secure.gravatar.com\\\/avatar\\\/f32ed802d88a4c5f0c578a2cf8cd64a2f093a3566f4c951be66b98720ef889ee?s=96&d=mm&r=g\",\"caption\":\"Fra Paolo Maria Braghini\"},\"description\":\"Fraile menor capuchino nacido en 1975, estuvo casi 20 a\u00f1os como misionero en Alto Solim\u00f5es, en la Amazon\u00eda, en la frontera entre Brasil y Per\u00fa. Desplaz\u00e1ndose a menudo en canoa, lleg\u00f3 a 70 aldeas y comparti\u00f3 la vida y la fe sencilla de los pueblos ind\u00edgenas. Originario de la provincia de Varese, regres\u00f3 a Italia en el verano de 2025.\",\"url\":\"https:\\\/\\\/spaziospadoni.org\\\/es\\\/author\\\/braghini_mission\\\/\"}]}<\/script>\n<!-- \/ Yoast SEO plugin. -->","yoast_head_json":{"title":"\u00abDios tiene una enorme imaginaci\u00f3n en su manera de llamar\u00bb | Tercera parte","description":"La misi\u00f3n franciscana de fray Paolo Maria Braghini en la Amazon\u00eda entre los indios Ticuna: el nacimiento de una Iglesia ind\u00edgena viva.","robots":{"index":"index","follow":"follow","max-snippet":"max-snippet:-1","max-image-preview":"max-image-preview:large","max-video-preview":"max-video-preview:-1"},"canonical":"https:\/\/spaziospadoni.org\/es\/dios-tiene-una-enorme-imaginacion-en-su-manera-de-llamar-tercera-parte\/","og_locale":"es_ES","og_type":"article","og_title":"\u00abDios tiene una enorme imaginaci\u00f3n en su manera de llamar\u00bb | Tercera parte","og_description":"La misi\u00f3n franciscana de fray Paolo Maria Braghini en la Amazon\u00eda entre los indios Ticuna: el nacimiento de una Iglesia ind\u00edgena viva.","og_url":"https:\/\/spaziospadoni.org\/es\/dios-tiene-una-enorme-imaginacion-en-su-manera-de-llamar-tercera-parte\/","og_site_name":"spazio + spadoni","article_publisher":"https:\/\/www.facebook.com\/SpazioSpadoni\/","article_published_time":"2026-08-14T06:30:00+00:00","article_modified_time":"2026-08-15T07:20:45+00:00","og_image":[{"width":1200,"height":675,"url":"https:\/\/spaziospadoni.org\/wp-content\/uploads\/2026\/08\/fra-paolo-braghini-missione.webp","type":"image\/webp"}],"author":"Fra Paolo Maria Braghini","twitter_card":"summary_large_image","twitter_misc":{"Escrito por":"Fray Paolo Maria Braghini","Est. reading time":"3 minutes"},"schema":{"@context":"https:\/\/schema.org","@graph":[{"@type":"Article","@id":"https:\/\/spaziospadoni.org\/es\/dios-tiene-una-enorme-imaginacion-en-su-manera-de-llamar-tercera-parte\/#article","isPartOf":{"@id":"https:\/\/spaziospadoni.org\/es\/dios-tiene-una-enorme-imaginacion-en-su-manera-de-llamar-tercera-parte\/"},"author":{"name":"Fra Paolo Maria Braghini","@id":"https:\/\/spaziospadoni.org\/es\/#\/schema\/person\/3564d8acb9905b1bac4639729953e97d"},"headline":"\u00abDios tiene una enorme imaginaci\u00f3n en su manera de llamar\u00bb | Tercera parte","datePublished":"2026-08-14T06:30:00+00:00","dateModified":"2026-08-15T07:20:45+00:00","mainEntityOfPage":{"@id":"https:\/\/spaziospadoni.org\/es\/dios-tiene-una-enorme-imaginacion-en-su-manera-de-llamar-tercera-parte\/"},"wordCount":477,"publisher":{"@id":"https:\/\/spaziospadoni.org\/es\/#organization"},"image":{"@id":"https:\/\/spaziospadoni.org\/es\/dios-tiene-una-enorme-imaginacion-en-su-manera-de-llamar-tercera-parte\/#primaryimage"},"thumbnailUrl":"https:\/\/spaziospadoni.org\/wp-content\/uploads\/2026\/08\/fra-paolo-braghini-missione.webp","keywords":["Amazonas","Frailes Menores Capuchinos","Indios","Misi\u00f3n"],"articleSection":["Yo, misericordiado"],"inLanguage":"es-ES"},{"@type":"WebPage","@id":"https:\/\/spaziospadoni.org\/es\/dios-tiene-una-enorme-imaginacion-en-su-manera-de-llamar-tercera-parte\/","url":"https:\/\/spaziospadoni.org\/es\/dios-tiene-una-enorme-imaginacion-en-su-manera-de-llamar-tercera-parte\/","name":"\u00abDios tiene una enorme imaginaci\u00f3n en su manera de llamar\u00bb | Tercera parte","isPartOf":{"@id":"https:\/\/spaziospadoni.org\/es\/#website"},"primaryImageOfPage":{"@id":"https:\/\/spaziospadoni.org\/es\/dios-tiene-una-enorme-imaginacion-en-su-manera-de-llamar-tercera-parte\/#primaryimage"},"image":{"@id":"https:\/\/spaziospadoni.org\/es\/dios-tiene-una-enorme-imaginacion-en-su-manera-de-llamar-tercera-parte\/#primaryimage"},"thumbnailUrl":"https:\/\/spaziospadoni.org\/wp-content\/uploads\/2026\/08\/fra-paolo-braghini-missione.webp","datePublished":"2026-08-14T06:30:00+00:00","dateModified":"2026-08-15T07:20:45+00:00","description":"La misi\u00f3n franciscana de fray Paolo Maria Braghini en la Amazon\u00eda entre los indios Ticuna: el nacimiento de una Iglesia ind\u00edgena viva.","breadcrumb":{"@id":"https:\/\/spaziospadoni.org\/es\/dios-tiene-una-enorme-imaginacion-en-su-manera-de-llamar-tercera-parte\/#breadcrumb"},"inLanguage":"es-ES","potentialAction":[{"@type":"ReadAction","target":["https:\/\/spaziospadoni.org\/es\/dios-tiene-una-enorme-imaginacion-en-su-manera-de-llamar-tercera-parte\/"]}]},{"@type":"ImageObject","inLanguage":"es-ES","@id":"https:\/\/spaziospadoni.org\/es\/dios-tiene-una-enorme-imaginacion-en-su-manera-de-llamar-tercera-parte\/#primaryimage","url":"https:\/\/spaziospadoni.org\/wp-content\/uploads\/2026\/08\/fra-paolo-braghini-missione.webp","contentUrl":"https:\/\/spaziospadoni.org\/wp-content\/uploads\/2026\/08\/fra-paolo-braghini-missione.webp","width":1200,"height":675,"caption":"Fray Paolo Maria Braghini, Fraile Menor Capuchino, pas\u00f3 20 a\u00f1os en la Amazon\u00eda entre los Ticuna del Alto Solim\u00f5es."},{"@type":"BreadcrumbList","@id":"https:\/\/spaziospadoni.org\/es\/dios-tiene-una-enorme-imaginacion-en-su-manera-de-llamar-tercera-parte\/#breadcrumb","itemListElement":[{"@type":"ListItem","position":1,"name":"Home","item":"https:\/\/spaziospadoni.org\/es\/"},{"@type":"ListItem","position":2,"name":"\u00abDios tiene una enorme imaginaci\u00f3n en su manera de llamar\u00bb | Tercera parte"}]},{"@type":"WebSite","@id":"https:\/\/spaziospadoni.org\/es\/#website","url":"https:\/\/spaziospadoni.org\/es\/","name":"spazio + spadoni","description":"Generazione di misericordia e missione nel mondo","publisher":{"@id":"https:\/\/spaziospadoni.org\/es\/#organization"},"alternateName":"spaziospadoni.org","potentialAction":[{"@type":"SearchAction","target":{"@type":"EntryPoint","urlTemplate":"https:\/\/spaziospadoni.org\/es\/?s={search_term_string}"},"query-input":{"@type":"PropertyValueSpecification","valueRequired":true,"valueName":"search_term_string"}}],"inLanguage":"es-ES"},{"@type":"Organization","@id":"https:\/\/spaziospadoni.org\/es\/#organization","name":"spazio + spadoni","alternateName":"spaziospadoni.org","url":"https:\/\/spaziospadoni.org\/es\/","logo":{"@type":"ImageObject","inLanguage":"es-ES","@id":"https:\/\/spaziospadoni.org\/es\/#\/schema\/logo\/image\/","url":"https:\/\/spaziospadoni.org\/wp-content\/uploads\/2026\/05\/spazio-spadoni-logo-100x100-1.webp","contentUrl":"https:\/\/spaziospadoni.org\/wp-content\/uploads\/2026\/05\/spazio-spadoni-logo-100x100-1.webp","width":100,"height":100,"caption":"spazio + spadoni"},"image":{"@id":"https:\/\/spaziospadoni.org\/es\/#\/schema\/logo\/image\/"},"sameAs":["https:\/\/www.facebook.com\/SpazioSpadoni\/","https:\/\/www.instagram.com\/spaziospadoni\/","https:\/\/www.youtube.com\/@spaziospadoni\/playlists"]},{"@type":"Person","@id":"https:\/\/spaziospadoni.org\/es\/#\/schema\/person\/3564d8acb9905b1bac4639729953e97d","name":"Fra Paolo Maria Braghini","image":{"@type":"ImageObject","inLanguage":"es-ES","@id":"https:\/\/secure.gravatar.com\/avatar\/f32ed802d88a4c5f0c578a2cf8cd64a2f093a3566f4c951be66b98720ef889ee?s=96&d=mm&r=g","url":"https:\/\/secure.gravatar.com\/avatar\/f32ed802d88a4c5f0c578a2cf8cd64a2f093a3566f4c951be66b98720ef889ee?s=96&d=mm&r=g","contentUrl":"https:\/\/secure.gravatar.com\/avatar\/f32ed802d88a4c5f0c578a2cf8cd64a2f093a3566f4c951be66b98720ef889ee?s=96&d=mm&r=g","caption":"Fra Paolo Maria Braghini"},"description":"Fraile menor capuchino nacido en 1975, estuvo casi 20 a\u00f1os como misionero en Alto Solim\u00f5es, en la Amazon\u00eda, en la frontera entre Brasil y Per\u00fa. Desplaz\u00e1ndose a menudo en canoa, lleg\u00f3 a 70 aldeas y comparti\u00f3 la vida y la fe sencilla de los pueblos ind\u00edgenas. Originario de la provincia de Varese, regres\u00f3 a Italia en el verano de 2025.","url":"https:\/\/spaziospadoni.org\/es\/author\/braghini_mission\/"}]}},"_links":{"self":[{"href":"https:\/\/spaziospadoni.org\/es\/wp-json\/wp\/v2\/posts\/90016","targetHints":{"allow":["GET"]}}],"collection":[{"href":"https:\/\/spaziospadoni.org\/es\/wp-json\/wp\/v2\/posts"}],"about":[{"href":"https:\/\/spaziospadoni.org\/es\/wp-json\/wp\/v2\/types\/post"}],"author":[{"embeddable":true,"href":"https:\/\/spaziospadoni.org\/es\/wp-json\/wp\/v2\/users\/82"}],"replies":[{"embeddable":true,"href":"https:\/\/spaziospadoni.org\/es\/wp-json\/wp\/v2\/comments?post=90016"}],"version-history":[{"count":2,"href":"https:\/\/spaziospadoni.org\/es\/wp-json\/wp\/v2\/posts\/90016\/revisions"}],"predecessor-version":[{"id":90038,"href":"https:\/\/spaziospadoni.org\/es\/wp-json\/wp\/v2\/posts\/90016\/revisions\/90038"}],"wp:featuredmedia":[{"embeddable":true,"href":"https:\/\/spaziospadoni.org\/es\/wp-json\/wp\/v2\/media\/90015"}],"wp:attachment":[{"href":"https:\/\/spaziospadoni.org\/es\/wp-json\/wp\/v2\/media?parent=90016"}],"wp:term":[{"taxonomy":"category","embeddable":true,"href":"https:\/\/spaziospadoni.org\/es\/wp-json\/wp\/v2\/categories?post=90016"},{"taxonomy":"post_tag","embeddable":true,"href":"https:\/\/spaziospadoni.org\/es\/wp-json\/wp\/v2\/tags?post=90016"}],"curies":[{"name":"wp","href":"https:\/\/api.w.org\/{rel}","templated":true}]}}