{"id":90030,"date":"2026-08-12T07:30:00","date_gmt":"2026-08-12T06:30:00","guid":{"rendered":"https:\/\/spaziospadoni.org\/?p=90030"},"modified":"2026-08-14T09:58:22","modified_gmt":"2026-08-14T08:58:22","slug":"dios-tiene-una-enorme-imaginacion-en-su-manera-de-llamar-primera-parte","status":"publish","type":"post","link":"https:\/\/spaziospadoni.org\/es\/dios-tiene-una-enorme-imaginacion-en-su-manera-de-llamar-primera-parte\/","title":{"rendered":"\u00abDios tiene una enorme imaginaci\u00f3n en su manera de llamar\u00bb | Primera parte"},"content":{"rendered":"\n<pre class=\"wp-block-verse\"><em><strong>El testimonio de fray Paolo Maria Braghini, Fraile Menor Capuchino, en el \u201cGo! Franciscan Youth Meet 2026\u201d, evento promovido por los Frailes Menores, los Frailes Menores Conventuales y los Frailes Menores Capuchinos que se celebr\u00f3 en As\u00eds del 3 al 6 de agosto.<\/strong><\/em><\/pre>\n\n\n\n<pre class=\"wp-block-verse\"><em><strong>Nosotros en spazio + spadoni se lo ofrecemos en varias entregas, para acompa\u00f1arlos paso a paso en la lectura y escucha de una historia que nos muestra, una vez m\u00e1s, la imaginaci\u00f3n y la misericordia de Dios.<\/strong><\/em><\/pre>\n\n\n\n<h2 id=\"el-encuentro-con-los-jovenes-en-asis-y-la-vocacion\" class=\"wp-block-heading\">El encuentro con los j\u00f3venes en As\u00eds y la vocaci\u00f3n<\/h2>\n\n\n\n<p class=\"wp-block-paragraph\">Cuando, hace unas noches, me sub\u00ed al escenario frente a la Bas\u00edlica de Santa Maria degli Angeli, estaba muy emocionado.<\/p>\n\n\n\n<p class=\"wp-block-paragraph\">Ver a esa multitud de j\u00f3venes \u2014eran m\u00e1s de 2000 j\u00f3venes de diferentes pa\u00edses de Europa y tambi\u00e9n de Am\u00e9rica\u2014 me impact\u00f3 profundamente.<\/p>\n\n\n\n<p class=\"wp-block-paragraph\">Los frailes organizadores \u2014para este evento organizado por toda la familia franciscana\u2014 me hab\u00edan pedido que diera testimonio de mi llamada a partir.<\/p>\n\n\n\n<p class=\"wp-block-paragraph\">Luego, estuvo tambi\u00e9n el testimonio de un sacerdote que trabaja con los j\u00f3venes de la c\u00e1rcel de Mil\u00e1n y el de PizzaBanda. Fue una vigilia de oraci\u00f3n.<\/p>\n\n\n\n<p class=\"wp-block-paragraph\">Intent\u00e9 hablar al coraz\u00f3n de los j\u00f3venes y dije: <\/p>\n\n\n\n<blockquote class=\"wp-block-quote is-layout-flow wp-block-quote-is-layout-flow\">\n<p class=\"wp-block-paragraph\"><em>\u00abMiren, Dios llama y llama de diferentes maneras&#8230; Tiene una imaginaci\u00f3n enorme en su forma de llamar\u00bb.<\/em><\/p>\n<\/blockquote>\n\n\n\n<h2 id=\"el-accidente-el-sufrimiento-y-el-nacimiento-del-deseo-de-mision\" class=\"wp-block-heading\">El accidente, el sufrimiento y el nacimiento del deseo de misi\u00f3n<\/h2>\n\n\n\n<p class=\"wp-block-paragraph\">Cuando era joven, asist\u00eda a la iglesia de manera superficial; a veces, durante la misa dominical, me pon\u00eda al fondo de la iglesia con mis amigos, a veces un poco distra\u00eddo: ese era mi modo de ser cristiano.<\/p>\n\n\n\n<p class=\"wp-block-paragraph\">Y cuando escuchaba el Evangelio del Se\u00f1or que hablaba de la llamada, tipo <strong>\u00abVe, ven y s\u00edgueme\u00bb<\/strong>, me molestaba un poco, no s\u00e9 explicarlo bien.<\/p>\n\n\n\n<p class=\"wp-block-paragraph\">El Se\u00f1or, entonces, encontr\u00f3 otras formas de llamarme, y una de ellas fue el accidente de moto. Aquel famoso accidente de moto despu\u00e9s de un partido de voleibol, entrada la noche&#8230; Llevaba un poco de retraso para ir a la escuela, un accidente que no fue por mi culpa, tres meses paralizado.<\/p>\n\n\n\n<p class=\"wp-block-paragraph\">La experiencia del dolor de esos tres meses y la lectura del libro <em>La ciudad de la alegr\u00eda<\/em> (que aconsej\u00e9 leer a los j\u00f3venes) me despertaron un deseo de misi\u00f3n.<\/p>\n\n\n\n<p class=\"wp-block-paragraph\">Incluso cuando pas\u00f3 ese per\u00edodo, esa llamada a ir entre los m\u00e1s pobres de los pa\u00edses m\u00e1s pobres estaba siempre presente. Me ayud\u00f3 mucho mi novia de aquel entonces, una chica extraordinaria que con raz\u00f3n me cuestionaba y dec\u00eda: <\/p>\n\n\n\n<blockquote class=\"wp-block-quote is-layout-flow wp-block-quote-is-layout-flow\">\n<p class=\"wp-block-paragraph\"><em>\u00ab\u00bfPero por qu\u00e9 irte? \u00bfNo puedes ser misionero tambi\u00e9n aqu\u00ed?\u00bb.<\/em><\/p>\n<\/blockquote>\n\n\n\n<p class=\"wp-block-paragraph\">Con toda raz\u00f3n provocado, comenc\u00e9 a hacer voluntariado con los hijos de los encarcelados, sirviendo entre los ancianos.<\/p>\n\n\n\n<p class=\"has-text-align-center wp-block-paragraph\"><strong>FIN DE LA PRIMERA PARTE<\/strong><\/p>\n\n\n\n<p class=\"wp-block-paragraph\"><strong>Foto de fray Paolo Maria Braghini<\/strong><\/p>\n\n\n\n<p class=\"wp-block-paragraph\"><\/p>\n","protected":false},"excerpt":{"rendered":"<p>El testimonio de fray Paolo Maria Braghini, Fraile Menor Capuchino, en el \u201cGo! Franciscan Youth Meet 2026\u201d, evento promovido por los Frailes Menores, los Frailes Menores Conventuales y los Frailes Menores Capuchinos que se celebr\u00f3 en As\u00eds del 3 al 6 de agosto. Nosotros en spazio + spadoni se lo ofrecemos en varias entregas, para &#8230; <a title=\"\u00abDios tiene una enorme imaginaci\u00f3n en su manera de llamar\u00bb | Primera parte\" class=\"read-more\" href=\"https:\/\/spaziospadoni.org\/es\/dios-tiene-una-enorme-imaginacion-en-su-manera-de-llamar-primera-parte\/\" aria-label=\"Read more about \u00abDios tiene una enorme imaginaci\u00f3n en su manera de llamar\u00bb | Primera parte\">Leer m\u00e1s<\/a><\/p>\n","protected":false},"author":82,"featured_media":90029,"comment_status":"closed","ping_status":"closed","sticky":false,"template":"","format":"standard","meta":{"_sitemap_exclude":false,"_sitemap_priority":"","_sitemap_frequency":"","ss_featured_image_title":"","ss_featured_image_alt":"Testimonio misionero en As\u00eds","ss_featured_image_caption":"Ante la Bas\u00edlica de Santa Mar\u00eda de los \u00c1ngeles de la Porci\u00fancula, en As\u00eds, el testimonio de fray Paolo Maria Braghini.","footnotes":""},"categories":[2448],"tags":[5043,2576,3032],"class_list":["post-90030","post","type-post","status-publish","format-standard","has-post-thumbnail","hentry","category-yo-misericordiado","tag-frailes-menores-capuchinos","tag-mision","tag-vocacion","infinite-scroll-item","generate-columns","tablet-grid-50","mobile-grid-100","grid-parent","grid-50"],"yoast_head":"<!-- This site is optimized with the Yoast SEO plugin v28.4 - https:\/\/yoast.com\/product\/yoast-seo-wordpress\/ -->\n<title>&quot;Dios tiene una enorme imaginaci\u00f3n en su manera de llamar&quot; | Primera parte<\/title>\n<meta name=\"description\" content=\"El testimonio de fray Paolo Maria Braghini, Fraile Menor Capuchino, en el \u201cGo! Franciscan Youth Meet 2026\u201d, evento promovido por los Frailes Menores, los\" \/>\n<meta name=\"robots\" content=\"index, follow, max-snippet:-1, max-image-preview:large, max-video-preview:-1\" \/>\n<link rel=\"canonical\" href=\"https:\/\/spaziospadoni.org\/es\/dios-tiene-una-enorme-imaginacion-en-su-manera-de-llamar-primera-parte\/\" \/>\n<meta property=\"og:locale\" content=\"es_ES\" \/>\n<meta property=\"og:type\" content=\"article\" \/>\n<meta property=\"og:title\" content=\"&quot;Dios tiene una enorme imaginaci\u00f3n en su manera de llamar&quot; | Primera parte\" \/>\n<meta property=\"og:description\" content=\"El testimonio de fray Paolo Maria Braghini, Fraile Menor Capuchino, en el \u201cGo! Franciscan Youth Meet 2026\u201d, evento promovido por los Frailes Menores, los\" \/>\n<meta property=\"og:url\" content=\"https:\/\/spaziospadoni.org\/es\/dios-tiene-una-enorme-imaginacion-en-su-manera-de-llamar-primera-parte\/\" \/>\n<meta property=\"og:site_name\" content=\"spazio + spadoni\" \/>\n<meta property=\"article:publisher\" content=\"https:\/\/www.facebook.com\/SpazioSpadoni\/\" \/>\n<meta property=\"article:published_time\" content=\"2026-08-12T06:30:00+00:00\" \/>\n<meta property=\"article:modified_time\" content=\"2026-08-14T08:58:22+00:00\" \/>\n<meta property=\"og:image\" content=\"https:\/\/spaziospadoni.org\/wp-content\/uploads\/2026\/08\/porziuncola-assisi-testimonianza.webp\" \/>\n\t<meta property=\"og:image:width\" content=\"1200\" \/>\n\t<meta property=\"og:image:height\" content=\"1200\" \/>\n\t<meta property=\"og:image:type\" content=\"image\/webp\" \/>\n<meta name=\"author\" content=\"Fra Paolo Maria Braghini\" \/>\n<meta name=\"twitter:card\" content=\"summary_large_image\" \/>\n<meta name=\"twitter:label1\" content=\"Escrito por\" \/>\n\t<meta name=\"twitter:data1\" content=\"Fray Paolo Maria Braghini\" \/>\n\t<meta name=\"twitter:label2\" content=\"Est. reading time\" \/>\n\t<meta name=\"twitter:data2\" content=\"2 minutes\" \/>\n<script type=\"application\/ld+json\" class=\"yoast-schema-graph\">{\"@context\":\"https:\\\/\\\/schema.org\",\"@graph\":[{\"@type\":\"Article\",\"@id\":\"https:\\\/\\\/spaziospadoni.org\\\/es\\\/dios-tiene-una-enorme-imaginacion-en-su-manera-de-llamar-primera-parte\\\/#article\",\"isPartOf\":{\"@id\":\"https:\\\/\\\/spaziospadoni.org\\\/es\\\/dios-tiene-una-enorme-imaginacion-en-su-manera-de-llamar-primera-parte\\\/\"},\"author\":{\"name\":\"Fra Paolo Maria Braghini\",\"@id\":\"https:\\\/\\\/spaziospadoni.org\\\/es\\\/#\\\/schema\\\/person\\\/3564d8acb9905b1bac4639729953e97d\"},\"headline\":\"\u00abDios tiene una enorme imaginaci\u00f3n en su manera de llamar\u00bb | Primera parte\",\"datePublished\":\"2026-08-12T06:30:00+00:00\",\"dateModified\":\"2026-08-14T08:58:22+00:00\",\"mainEntityOfPage\":{\"@id\":\"https:\\\/\\\/spaziospadoni.org\\\/es\\\/dios-tiene-una-enorme-imaginacion-en-su-manera-de-llamar-primera-parte\\\/\"},\"wordCount\":413,\"publisher\":{\"@id\":\"https:\\\/\\\/spaziospadoni.org\\\/es\\\/#organization\"},\"image\":{\"@id\":\"https:\\\/\\\/spaziospadoni.org\\\/es\\\/dios-tiene-una-enorme-imaginacion-en-su-manera-de-llamar-primera-parte\\\/#primaryimage\"},\"thumbnailUrl\":\"https:\\\/\\\/spaziospadoni.org\\\/wp-content\\\/uploads\\\/2026\\\/08\\\/porziuncola-assisi-testimonianza.webp\",\"keywords\":[\"Frailes Menores Capuchinos\",\"Misi\u00f3n\",\"vocaci\u00f3n\"],\"articleSection\":[\"Yo, misericordiado\"],\"inLanguage\":\"es-ES\"},{\"@type\":\"WebPage\",\"@id\":\"https:\\\/\\\/spaziospadoni.org\\\/es\\\/dios-tiene-una-enorme-imaginacion-en-su-manera-de-llamar-primera-parte\\\/\",\"url\":\"https:\\\/\\\/spaziospadoni.org\\\/es\\\/dios-tiene-una-enorme-imaginacion-en-su-manera-de-llamar-primera-parte\\\/\",\"name\":\"\\\"Dios tiene una enorme imaginaci\u00f3n en su manera de llamar\\\" | Primera parte\",\"isPartOf\":{\"@id\":\"https:\\\/\\\/spaziospadoni.org\\\/es\\\/#website\"},\"primaryImageOfPage\":{\"@id\":\"https:\\\/\\\/spaziospadoni.org\\\/es\\\/dios-tiene-una-enorme-imaginacion-en-su-manera-de-llamar-primera-parte\\\/#primaryimage\"},\"image\":{\"@id\":\"https:\\\/\\\/spaziospadoni.org\\\/es\\\/dios-tiene-una-enorme-imaginacion-en-su-manera-de-llamar-primera-parte\\\/#primaryimage\"},\"thumbnailUrl\":\"https:\\\/\\\/spaziospadoni.org\\\/wp-content\\\/uploads\\\/2026\\\/08\\\/porziuncola-assisi-testimonianza.webp\",\"datePublished\":\"2026-08-12T06:30:00+00:00\",\"dateModified\":\"2026-08-14T08:58:22+00:00\",\"description\":\"El testimonio de fray Paolo Maria Braghini, Fraile Menor Capuchino, en el \u201cGo! Franciscan Youth Meet 2026\u201d, evento promovido por los Frailes Menores, los\",\"breadcrumb\":{\"@id\":\"https:\\\/\\\/spaziospadoni.org\\\/es\\\/dios-tiene-una-enorme-imaginacion-en-su-manera-de-llamar-primera-parte\\\/#breadcrumb\"},\"inLanguage\":\"es-ES\",\"potentialAction\":[{\"@type\":\"ReadAction\",\"target\":[\"https:\\\/\\\/spaziospadoni.org\\\/es\\\/dios-tiene-una-enorme-imaginacion-en-su-manera-de-llamar-primera-parte\\\/\"]}]},{\"@type\":\"ImageObject\",\"inLanguage\":\"es-ES\",\"@id\":\"https:\\\/\\\/spaziospadoni.org\\\/es\\\/dios-tiene-una-enorme-imaginacion-en-su-manera-de-llamar-primera-parte\\\/#primaryimage\",\"url\":\"https:\\\/\\\/spaziospadoni.org\\\/wp-content\\\/uploads\\\/2026\\\/08\\\/porziuncola-assisi-testimonianza.webp\",\"contentUrl\":\"https:\\\/\\\/spaziospadoni.org\\\/wp-content\\\/uploads\\\/2026\\\/08\\\/porziuncola-assisi-testimonianza.webp\",\"width\":1200,\"height\":1200,\"caption\":\"Ante la Bas\u00edlica de Santa Mar\u00eda de los \u00c1ngeles de la Porci\u00fancula, en As\u00eds, el testimonio de fray Paolo Maria Braghini.\"},{\"@type\":\"BreadcrumbList\",\"@id\":\"https:\\\/\\\/spaziospadoni.org\\\/es\\\/dios-tiene-una-enorme-imaginacion-en-su-manera-de-llamar-primera-parte\\\/#breadcrumb\",\"itemListElement\":[{\"@type\":\"ListItem\",\"position\":1,\"name\":\"Home\",\"item\":\"https:\\\/\\\/spaziospadoni.org\\\/es\\\/\"},{\"@type\":\"ListItem\",\"position\":2,\"name\":\"&#8220;Dios tiene una enorme imaginaci\u00f3n en su manera de llamar&#8221; | Primera parte\"}]},{\"@type\":\"WebSite\",\"@id\":\"https:\\\/\\\/spaziospadoni.org\\\/es\\\/#website\",\"url\":\"https:\\\/\\\/spaziospadoni.org\\\/es\\\/\",\"name\":\"spazio + spadoni\",\"description\":\"Generazione di misericordia e missione nel mondo\",\"publisher\":{\"@id\":\"https:\\\/\\\/spaziospadoni.org\\\/es\\\/#organization\"},\"alternateName\":\"spaziospadoni.org\",\"potentialAction\":[{\"@type\":\"SearchAction\",\"target\":{\"@type\":\"EntryPoint\",\"urlTemplate\":\"https:\\\/\\\/spaziospadoni.org\\\/es\\\/?s={search_term_string}\"},\"query-input\":{\"@type\":\"PropertyValueSpecification\",\"valueRequired\":true,\"valueName\":\"search_term_string\"}}],\"inLanguage\":\"es-ES\"},{\"@type\":\"Organization\",\"@id\":\"https:\\\/\\\/spaziospadoni.org\\\/es\\\/#organization\",\"name\":\"spazio + spadoni\",\"alternateName\":\"spaziospadoni.org\",\"url\":\"https:\\\/\\\/spaziospadoni.org\\\/es\\\/\",\"logo\":{\"@type\":\"ImageObject\",\"inLanguage\":\"es-ES\",\"@id\":\"https:\\\/\\\/spaziospadoni.org\\\/es\\\/#\\\/schema\\\/logo\\\/image\\\/\",\"url\":\"https:\\\/\\\/spaziospadoni.org\\\/wp-content\\\/uploads\\\/2026\\\/05\\\/spazio-spadoni-logo-100x100-1.webp\",\"contentUrl\":\"https:\\\/\\\/spaziospadoni.org\\\/wp-content\\\/uploads\\\/2026\\\/05\\\/spazio-spadoni-logo-100x100-1.webp\",\"width\":100,\"height\":100,\"caption\":\"spazio + spadoni\"},\"image\":{\"@id\":\"https:\\\/\\\/spaziospadoni.org\\\/es\\\/#\\\/schema\\\/logo\\\/image\\\/\"},\"sameAs\":[\"https:\\\/\\\/www.facebook.com\\\/SpazioSpadoni\\\/\",\"https:\\\/\\\/www.instagram.com\\\/spaziospadoni\\\/\",\"https:\\\/\\\/www.youtube.com\\\/@spaziospadoni\\\/playlists\"]},{\"@type\":\"Person\",\"@id\":\"https:\\\/\\\/spaziospadoni.org\\\/es\\\/#\\\/schema\\\/person\\\/3564d8acb9905b1bac4639729953e97d\",\"name\":\"Fra Paolo Maria Braghini\",\"image\":{\"@type\":\"ImageObject\",\"inLanguage\":\"es-ES\",\"@id\":\"https:\\\/\\\/secure.gravatar.com\\\/avatar\\\/f32ed802d88a4c5f0c578a2cf8cd64a2f093a3566f4c951be66b98720ef889ee?s=96&d=mm&r=g\",\"url\":\"https:\\\/\\\/secure.gravatar.com\\\/avatar\\\/f32ed802d88a4c5f0c578a2cf8cd64a2f093a3566f4c951be66b98720ef889ee?s=96&d=mm&r=g\",\"contentUrl\":\"https:\\\/\\\/secure.gravatar.com\\\/avatar\\\/f32ed802d88a4c5f0c578a2cf8cd64a2f093a3566f4c951be66b98720ef889ee?s=96&d=mm&r=g\",\"caption\":\"Fra Paolo Maria Braghini\"},\"description\":\"Fraile menor capuchino nacido en 1975, estuvo casi 20 a\u00f1os como misionero en Alto Solim\u00f5es, en la Amazon\u00eda, en la frontera entre Brasil y Per\u00fa. Desplaz\u00e1ndose a menudo en canoa, lleg\u00f3 a 70 aldeas y comparti\u00f3 la vida y la fe sencilla de los pueblos ind\u00edgenas. Originario de la provincia de Varese, regres\u00f3 a Italia en el verano de 2025.\",\"url\":\"https:\\\/\\\/spaziospadoni.org\\\/es\\\/author\\\/braghini_mission\\\/\"}]}<\/script>\n<!-- \/ Yoast SEO plugin. -->","yoast_head_json":{"title":"\"Dios tiene una enorme imaginaci\u00f3n en su manera de llamar\" | Primera parte","description":"El testimonio de fray Paolo Maria Braghini, Fraile Menor Capuchino, en el \u201cGo! Franciscan Youth Meet 2026\u201d, evento promovido por los Frailes Menores, los","robots":{"index":"index","follow":"follow","max-snippet":"max-snippet:-1","max-image-preview":"max-image-preview:large","max-video-preview":"max-video-preview:-1"},"canonical":"https:\/\/spaziospadoni.org\/es\/dios-tiene-una-enorme-imaginacion-en-su-manera-de-llamar-primera-parte\/","og_locale":"es_ES","og_type":"article","og_title":"\"Dios tiene una enorme imaginaci\u00f3n en su manera de llamar\" | Primera parte","og_description":"El testimonio de fray Paolo Maria Braghini, Fraile Menor Capuchino, en el \u201cGo! Franciscan Youth Meet 2026\u201d, evento promovido por los Frailes Menores, los","og_url":"https:\/\/spaziospadoni.org\/es\/dios-tiene-una-enorme-imaginacion-en-su-manera-de-llamar-primera-parte\/","og_site_name":"spazio + spadoni","article_publisher":"https:\/\/www.facebook.com\/SpazioSpadoni\/","article_published_time":"2026-08-12T06:30:00+00:00","article_modified_time":"2026-08-14T08:58:22+00:00","og_image":[{"width":1200,"height":1200,"url":"https:\/\/spaziospadoni.org\/wp-content\/uploads\/2026\/08\/porziuncola-assisi-testimonianza.webp","type":"image\/webp"}],"author":"Fra Paolo Maria Braghini","twitter_card":"summary_large_image","twitter_misc":{"Escrito por":"Fray Paolo Maria Braghini","Est. reading time":"2 minutes"},"schema":{"@context":"https:\/\/schema.org","@graph":[{"@type":"Article","@id":"https:\/\/spaziospadoni.org\/es\/dios-tiene-una-enorme-imaginacion-en-su-manera-de-llamar-primera-parte\/#article","isPartOf":{"@id":"https:\/\/spaziospadoni.org\/es\/dios-tiene-una-enorme-imaginacion-en-su-manera-de-llamar-primera-parte\/"},"author":{"name":"Fra Paolo Maria Braghini","@id":"https:\/\/spaziospadoni.org\/es\/#\/schema\/person\/3564d8acb9905b1bac4639729953e97d"},"headline":"\u00abDios tiene una enorme imaginaci\u00f3n en su manera de llamar\u00bb | Primera parte","datePublished":"2026-08-12T06:30:00+00:00","dateModified":"2026-08-14T08:58:22+00:00","mainEntityOfPage":{"@id":"https:\/\/spaziospadoni.org\/es\/dios-tiene-una-enorme-imaginacion-en-su-manera-de-llamar-primera-parte\/"},"wordCount":413,"publisher":{"@id":"https:\/\/spaziospadoni.org\/es\/#organization"},"image":{"@id":"https:\/\/spaziospadoni.org\/es\/dios-tiene-una-enorme-imaginacion-en-su-manera-de-llamar-primera-parte\/#primaryimage"},"thumbnailUrl":"https:\/\/spaziospadoni.org\/wp-content\/uploads\/2026\/08\/porziuncola-assisi-testimonianza.webp","keywords":["Frailes Menores Capuchinos","Misi\u00f3n","vocaci\u00f3n"],"articleSection":["Yo, misericordiado"],"inLanguage":"es-ES"},{"@type":"WebPage","@id":"https:\/\/spaziospadoni.org\/es\/dios-tiene-una-enorme-imaginacion-en-su-manera-de-llamar-primera-parte\/","url":"https:\/\/spaziospadoni.org\/es\/dios-tiene-una-enorme-imaginacion-en-su-manera-de-llamar-primera-parte\/","name":"\"Dios tiene una enorme imaginaci\u00f3n en su manera de llamar\" | Primera parte","isPartOf":{"@id":"https:\/\/spaziospadoni.org\/es\/#website"},"primaryImageOfPage":{"@id":"https:\/\/spaziospadoni.org\/es\/dios-tiene-una-enorme-imaginacion-en-su-manera-de-llamar-primera-parte\/#primaryimage"},"image":{"@id":"https:\/\/spaziospadoni.org\/es\/dios-tiene-una-enorme-imaginacion-en-su-manera-de-llamar-primera-parte\/#primaryimage"},"thumbnailUrl":"https:\/\/spaziospadoni.org\/wp-content\/uploads\/2026\/08\/porziuncola-assisi-testimonianza.webp","datePublished":"2026-08-12T06:30:00+00:00","dateModified":"2026-08-14T08:58:22+00:00","description":"El testimonio de fray Paolo Maria Braghini, Fraile Menor Capuchino, en el \u201cGo! Franciscan Youth Meet 2026\u201d, evento promovido por los Frailes Menores, los","breadcrumb":{"@id":"https:\/\/spaziospadoni.org\/es\/dios-tiene-una-enorme-imaginacion-en-su-manera-de-llamar-primera-parte\/#breadcrumb"},"inLanguage":"es-ES","potentialAction":[{"@type":"ReadAction","target":["https:\/\/spaziospadoni.org\/es\/dios-tiene-una-enorme-imaginacion-en-su-manera-de-llamar-primera-parte\/"]}]},{"@type":"ImageObject","inLanguage":"es-ES","@id":"https:\/\/spaziospadoni.org\/es\/dios-tiene-una-enorme-imaginacion-en-su-manera-de-llamar-primera-parte\/#primaryimage","url":"https:\/\/spaziospadoni.org\/wp-content\/uploads\/2026\/08\/porziuncola-assisi-testimonianza.webp","contentUrl":"https:\/\/spaziospadoni.org\/wp-content\/uploads\/2026\/08\/porziuncola-assisi-testimonianza.webp","width":1200,"height":1200,"caption":"Ante la Bas\u00edlica de Santa Mar\u00eda de los \u00c1ngeles de la Porci\u00fancula, en As\u00eds, el testimonio de fray Paolo Maria Braghini."},{"@type":"BreadcrumbList","@id":"https:\/\/spaziospadoni.org\/es\/dios-tiene-una-enorme-imaginacion-en-su-manera-de-llamar-primera-parte\/#breadcrumb","itemListElement":[{"@type":"ListItem","position":1,"name":"Home","item":"https:\/\/spaziospadoni.org\/es\/"},{"@type":"ListItem","position":2,"name":"&#8220;Dios tiene una enorme imaginaci\u00f3n en su manera de llamar&#8221; | Primera parte"}]},{"@type":"WebSite","@id":"https:\/\/spaziospadoni.org\/es\/#website","url":"https:\/\/spaziospadoni.org\/es\/","name":"spazio + spadoni","description":"Generazione di misericordia e missione nel mondo","publisher":{"@id":"https:\/\/spaziospadoni.org\/es\/#organization"},"alternateName":"spaziospadoni.org","potentialAction":[{"@type":"SearchAction","target":{"@type":"EntryPoint","urlTemplate":"https:\/\/spaziospadoni.org\/es\/?s={search_term_string}"},"query-input":{"@type":"PropertyValueSpecification","valueRequired":true,"valueName":"search_term_string"}}],"inLanguage":"es-ES"},{"@type":"Organization","@id":"https:\/\/spaziospadoni.org\/es\/#organization","name":"spazio + spadoni","alternateName":"spaziospadoni.org","url":"https:\/\/spaziospadoni.org\/es\/","logo":{"@type":"ImageObject","inLanguage":"es-ES","@id":"https:\/\/spaziospadoni.org\/es\/#\/schema\/logo\/image\/","url":"https:\/\/spaziospadoni.org\/wp-content\/uploads\/2026\/05\/spazio-spadoni-logo-100x100-1.webp","contentUrl":"https:\/\/spaziospadoni.org\/wp-content\/uploads\/2026\/05\/spazio-spadoni-logo-100x100-1.webp","width":100,"height":100,"caption":"spazio + spadoni"},"image":{"@id":"https:\/\/spaziospadoni.org\/es\/#\/schema\/logo\/image\/"},"sameAs":["https:\/\/www.facebook.com\/SpazioSpadoni\/","https:\/\/www.instagram.com\/spaziospadoni\/","https:\/\/www.youtube.com\/@spaziospadoni\/playlists"]},{"@type":"Person","@id":"https:\/\/spaziospadoni.org\/es\/#\/schema\/person\/3564d8acb9905b1bac4639729953e97d","name":"Fra Paolo Maria Braghini","image":{"@type":"ImageObject","inLanguage":"es-ES","@id":"https:\/\/secure.gravatar.com\/avatar\/f32ed802d88a4c5f0c578a2cf8cd64a2f093a3566f4c951be66b98720ef889ee?s=96&d=mm&r=g","url":"https:\/\/secure.gravatar.com\/avatar\/f32ed802d88a4c5f0c578a2cf8cd64a2f093a3566f4c951be66b98720ef889ee?s=96&d=mm&r=g","contentUrl":"https:\/\/secure.gravatar.com\/avatar\/f32ed802d88a4c5f0c578a2cf8cd64a2f093a3566f4c951be66b98720ef889ee?s=96&d=mm&r=g","caption":"Fra Paolo Maria Braghini"},"description":"Fraile menor capuchino nacido en 1975, estuvo casi 20 a\u00f1os como misionero en Alto Solim\u00f5es, en la Amazon\u00eda, en la frontera entre Brasil y Per\u00fa. Desplaz\u00e1ndose a menudo en canoa, lleg\u00f3 a 70 aldeas y comparti\u00f3 la vida y la fe sencilla de los pueblos ind\u00edgenas. Originario de la provincia de Varese, regres\u00f3 a Italia en el verano de 2025.","url":"https:\/\/spaziospadoni.org\/es\/author\/braghini_mission\/"}]}},"_links":{"self":[{"href":"https:\/\/spaziospadoni.org\/es\/wp-json\/wp\/v2\/posts\/90030","targetHints":{"allow":["GET"]}}],"collection":[{"href":"https:\/\/spaziospadoni.org\/es\/wp-json\/wp\/v2\/posts"}],"about":[{"href":"https:\/\/spaziospadoni.org\/es\/wp-json\/wp\/v2\/types\/post"}],"author":[{"embeddable":true,"href":"https:\/\/spaziospadoni.org\/es\/wp-json\/wp\/v2\/users\/82"}],"replies":[{"embeddable":true,"href":"https:\/\/spaziospadoni.org\/es\/wp-json\/wp\/v2\/comments?post=90030"}],"version-history":[{"count":2,"href":"https:\/\/spaziospadoni.org\/es\/wp-json\/wp\/v2\/posts\/90030\/revisions"}],"predecessor-version":[{"id":90040,"href":"https:\/\/spaziospadoni.org\/es\/wp-json\/wp\/v2\/posts\/90030\/revisions\/90040"}],"wp:featuredmedia":[{"embeddable":true,"href":"https:\/\/spaziospadoni.org\/es\/wp-json\/wp\/v2\/media\/90029"}],"wp:attachment":[{"href":"https:\/\/spaziospadoni.org\/es\/wp-json\/wp\/v2\/media?parent=90030"}],"wp:term":[{"taxonomy":"category","embeddable":true,"href":"https:\/\/spaziospadoni.org\/es\/wp-json\/wp\/v2\/categories?post=90030"},{"taxonomy":"post_tag","embeddable":true,"href":"https:\/\/spaziospadoni.org\/es\/wp-json\/wp\/v2\/tags?post=90030"}],"curies":[{"name":"wp","href":"https:\/\/api.w.org\/{rel}","templated":true}]}}