{"id":90101,"date":"2026-08-15T13:30:00","date_gmt":"2026-08-15T12:30:00","guid":{"rendered":"https:\/\/spaziospadoni.org\/?p=90101"},"modified":"2026-08-15T07:30:54","modified_gmt":"2026-08-15T06:30:54","slug":"africa-costa-de-marfil-la-fiesta-de-la-asuncion-y-51-anos-de-mision","status":"publish","type":"post","link":"https:\/\/spaziospadoni.org\/es\/africa-costa-de-marfil-la-fiesta-de-la-asuncion-y-51-anos-de-mision\/","title":{"rendered":"\u00c1frica, Costa de Marfil | La fiesta de la Asunci\u00f3n y 51 a\u00f1os de misi\u00f3n"},"content":{"rendered":"\n<p class=\"wp-block-paragraph\">Mar\u00eda asunta al cielo, coronada con 12 estrellas, en relieve estilizado en la pared de la entrada de la iglesia parroquial, nos acoge y nos recuerda que tambi\u00e9n nosotros estamos en camino hacia el cielo y que nos espera all\u00e1 arriba con ella.<\/p>\n\n\n\n<h2 id=\"vocacion-mariana-y-raices-de-la-mision\" class=\"wp-block-heading\">Vocaci\u00f3n mariana y ra\u00edces de la misi\u00f3n<\/h2>\n\n\n\n<p class=\"wp-block-paragraph\">Assunta es tambi\u00e9n mi segundo nombre de bautismo, habiendo nacido en el a\u00f1o en que se promulg\u00f3 el dogma de la Asunci\u00f3n de Mar\u00eda.<\/p>\n\n\n\n<p class=\"wp-block-paragraph\">Soy una<strong> misionera de Nuestra Se\u00f1ora de los Ap\u00f3stoles<\/strong> y este art\u00edculo de nuestras constituciones me ha sostenido y guiado a lo largo de estos casi 51 a\u00f1os de misi\u00f3n en Costa de Marfil:<\/p>\n\n\n\n<blockquote class=\"wp-block-quote is-layout-flow wp-block-quote-is-layout-flow\">\n<p class=\"wp-block-paragraph\"><em>\u201cNuestra Se\u00f1ora de los Ap\u00f3stoles es para nosotras la figura ideal de la mujer fuerte y humilde, disponible y llena de esperanza. En el Cen\u00e1culo, con los Doce, contempla las cosas de Dios y anima el impulso misionero que marc\u00f3 los comienzos de la Iglesia. En ella encontramos el modelo de unidad que deseamos realizar en nuestra vida. Y con Mar\u00eda, madre de Jes\u00fas, presente y activa desde la fundaci\u00f3n de la Iglesia, perseveramos en la oraci\u00f3n y en la acci\u00f3n, siempre atentas a las inspiraciones del Esp\u00edritu de Pentecost\u00e9s\u201d.<\/em><\/p>\n<\/blockquote>\n\n\n\n<h2 id=\"evangelizacion-y-luz-de-la-fe-en-las-aldeas\" class=\"wp-block-heading\">Evangelizaci\u00f3n y luz de la fe en las aldeas<\/h2>\n\n\n\n<p class=\"wp-block-paragraph\">Mar\u00eda en Can\u00e1, Mar\u00eda al pie de la Cruz, Mar\u00eda en el Cen\u00e1culo son los iconos que me acompa\u00f1an y me sostienen en mi peregrinar misionero al servicio de la pastoral juvenil.<\/p>\n\n\n\n<p class=\"wp-block-paragraph\">El Avemar\u00eda y el Padrenuestro son las primeras oraciones que doy a conocer a los catec\u00famenos, traducidas a todas las lenguas locales. A menudo, sobre todo en las aldeas donde no todos saben leer y escribir, les muestro los 20 cuadros de los misterios del rosario. Y cuando saben explicar cada cuadro, les regalo un rosario fluorescente para recordar que debemos ser luz dondequiera que estemos.<\/p>\n\n\n<div class=\"wp-block-image\">\n<figure class=\"aligncenter size-full is-resized\"><img decoding=\"async\" width=\"960\" height=\"960\" src=\"https:\/\/spaziospadoni.org\/wp-content\/uploads\/2026\/08\/costa-d_avorio-vigilia-assunta-1-3.webp\" alt=\"\" class=\"wp-image-90126\" style=\"width:490px;height:auto\" srcset=\"https:\/\/spaziospadoni.org\/wp-content\/uploads\/2026\/08\/costa-d_avorio-vigilia-assunta-1-3.webp 960w, https:\/\/spaziospadoni.org\/wp-content\/uploads\/2026\/08\/costa-d_avorio-vigilia-assunta-1-3-300x300.webp 300w, https:\/\/spaziospadoni.org\/wp-content\/uploads\/2026\/08\/costa-d_avorio-vigilia-assunta-1-3-150x150.webp 150w, https:\/\/spaziospadoni.org\/wp-content\/uploads\/2026\/08\/costa-d_avorio-vigilia-assunta-1-3-768x768.webp 768w\" sizes=\"(max-width: 960px) 100vw, 960px\" \/><\/figure>\n<\/div>\n\n\n<h2 id=\"devocion-diocesana-y-fiesta-de-la-asuncion\" class=\"wp-block-heading\">Devoci\u00f3n diocesana y fiesta de la Asunci\u00f3n<\/h2>\n\n\n\n<p class=\"wp-block-paragraph\">Durante los tiempos de conflicto, la gente experiment\u00f3 la fuerza de la intercesi\u00f3n de Mar\u00eda.<\/p>\n\n\n\n<p class=\"wp-block-paragraph\">Casi todas las di\u00f3cesis cuentan con un santuario mariano y para la v\u00edspera de la Asunci\u00f3n se celebraron peque\u00f1as y grandes vigilias de oraci\u00f3n. Quienes no pudieron participar en la vigilia diocesana celebraron en su parroquia, donde hay una gruta mariana.<\/p>\n\n\n\n<p class=\"wp-block-paragraph\">Grandes son el fervor y el amor hacia Mar\u00eda, a quien sienten muy cercana.<\/p>\n\n\n\n<p class=\"wp-block-paragraph\">En comuni\u00f3n, deseo a todos y todas una serena fiesta de la Asunci\u00f3n aqu\u00ed y all\u00e1.<\/p>\n\n\n\n<p class=\"wp-block-paragraph\"><strong>Foto de sor Attilia Bario<\/strong><\/p>\n","protected":false},"excerpt":{"rendered":"<p>Mar\u00eda asunta al cielo, coronada con 12 estrellas, en relieve estilizado en la pared de la entrada de la iglesia parroquial, nos acoge y nos recuerda que tambi\u00e9n nosotros estamos en camino hacia el cielo y que nos espera all\u00e1 arriba con ella. Vocaci\u00f3n mariana y ra\u00edces de la misi\u00f3n Assunta es tambi\u00e9n mi segundo &#8230; <a title=\"\u00c1frica, Costa de Marfil | La fiesta de la Asunci\u00f3n y 51 a\u00f1os de misi\u00f3n\" class=\"read-more\" href=\"https:\/\/spaziospadoni.org\/es\/africa-costa-de-marfil-la-fiesta-de-la-asuncion-y-51-anos-de-mision\/\" aria-label=\"Read more about \u00c1frica, Costa de Marfil | La fiesta de la Asunci\u00f3n y 51 a\u00f1os de misi\u00f3n\">Leer m\u00e1s<\/a><\/p>\n","protected":false},"author":55,"featured_media":90100,"comment_status":"closed","ping_status":"closed","sticky":false,"template":"","format":"standard","meta":{"_sitemap_exclude":false,"_sitemap_priority":"","_sitemap_frequency":"","ss_featured_image_title":"","ss_featured_image_alt":"Parroquia con familias aut\u00f3ctonas senuf\u00f3","ss_featured_image_caption":"engrela es una ciudad en la frontera con Mali, fuertemente influenciada en los \u00faltimos a\u00f1os por la presencia isl\u00e1mica. Aqu\u00ed, las religiosas representan una peque\u00f1a presencia en una zona de primera evangelizaci\u00f3n, a pesar de 50 a\u00f1os de presencia cat\u00f3lica.","footnotes":""},"categories":[2288],"tags":[2577,4523,2876,2575],"class_list":["post-90101","post","type-post","status-publish","format-standard","has-post-thumbnail","hentry","category-espacio-misionero","tag-africa-costa-de-marfil-peregrinos-de-esperanza-en-las-aldeas-del-norte","tag-contratando-a-maria","tag-misionera","tag-oracion","infinite-scroll-item","generate-columns","tablet-grid-50","mobile-grid-100","grid-parent","grid-50"],"yoast_head":"<!-- This site is optimized with the Yoast SEO plugin v28.4 - https:\/\/yoast.com\/product\/yoast-seo-wordpress\/ -->\n<title>Africa, Costa de Marfil | La Asunci\u00f3n y 51 a\u00f1os de misi\u00f3n<\/title>\n<meta name=\"description\" content=\"El testimonio de una misionera en Costa de Marfil: devoci\u00f3n a la Asunci\u00f3n y 51 a\u00f1os de camino pastoral con los j\u00f3venes en las aldeas.\" \/>\n<meta name=\"robots\" content=\"index, follow, max-snippet:-1, max-image-preview:large, max-video-preview:-1\" \/>\n<link rel=\"canonical\" href=\"https:\/\/spaziospadoni.org\/es\/africa-costa-de-marfil-la-fiesta-de-la-asuncion-y-51-anos-de-mision\/\" \/>\n<meta property=\"og:locale\" content=\"es_ES\" \/>\n<meta property=\"og:type\" content=\"article\" \/>\n<meta property=\"og:title\" content=\"Africa, Costa de Marfil | La Asunci\u00f3n y 51 a\u00f1os de misi\u00f3n\" \/>\n<meta property=\"og:description\" content=\"El testimonio de una misionera en Costa de Marfil: devoci\u00f3n a la Asunci\u00f3n y 51 a\u00f1os de camino pastoral con los j\u00f3venes en las aldeas.\" \/>\n<meta property=\"og:url\" content=\"https:\/\/spaziospadoni.org\/es\/africa-costa-de-marfil-la-fiesta-de-la-asuncion-y-51-anos-de-mision\/\" \/>\n<meta property=\"og:site_name\" content=\"spazio + spadoni\" \/>\n<meta property=\"article:publisher\" content=\"https:\/\/www.facebook.com\/SpazioSpadoni\/\" \/>\n<meta property=\"article:published_time\" content=\"2026-08-15T12:30:00+00:00\" \/>\n<meta property=\"og:image\" content=\"https:\/\/spaziospadoni.org\/wp-content\/uploads\/2026\/08\/maria-assunta-costa-d-avorio.webp\" \/>\n\t<meta property=\"og:image:width\" content=\"1200\" \/>\n\t<meta property=\"og:image:height\" content=\"800\" \/>\n\t<meta property=\"og:image:type\" content=\"image\/webp\" \/>\n<meta name=\"author\" content=\"Suor Attilia Bario\" \/>\n<meta name=\"twitter:card\" content=\"summary_large_image\" \/>\n<meta name=\"twitter:label1\" content=\"Escrito por\" \/>\n\t<meta name=\"twitter:data1\" content=\"Hermana Attilia Bario\" \/>\n\t<meta name=\"twitter:label2\" content=\"Est. reading time\" \/>\n\t<meta name=\"twitter:data2\" content=\"3 minutes\" \/>\n<script type=\"application\/ld+json\" class=\"yoast-schema-graph\">{\"@context\":\"https:\\\/\\\/schema.org\",\"@graph\":[{\"@type\":\"Article\",\"@id\":\"https:\\\/\\\/spaziospadoni.org\\\/es\\\/africa-costa-de-marfil-la-fiesta-de-la-asuncion-y-51-anos-de-mision\\\/#article\",\"isPartOf\":{\"@id\":\"https:\\\/\\\/spaziospadoni.org\\\/es\\\/africa-costa-de-marfil-la-fiesta-de-la-asuncion-y-51-anos-de-mision\\\/\"},\"author\":{\"name\":\"Suor Attilia Bario\",\"@id\":\"https:\\\/\\\/spaziospadoni.org\\\/es\\\/#\\\/schema\\\/person\\\/c077aafc02309391266d1862a68b7739\"},\"headline\":\"\u00c1frica, Costa de Marfil | La fiesta de la Asunci\u00f3n y 51 a\u00f1os de misi\u00f3n\",\"datePublished\":\"2026-08-15T12:30:00+00:00\",\"mainEntityOfPage\":{\"@id\":\"https:\\\/\\\/spaziospadoni.org\\\/es\\\/africa-costa-de-marfil-la-fiesta-de-la-asuncion-y-51-anos-de-mision\\\/\"},\"wordCount\":460,\"publisher\":{\"@id\":\"https:\\\/\\\/spaziospadoni.org\\\/es\\\/#organization\"},\"image\":{\"@id\":\"https:\\\/\\\/spaziospadoni.org\\\/es\\\/africa-costa-de-marfil-la-fiesta-de-la-asuncion-y-51-anos-de-mision\\\/#primaryimage\"},\"thumbnailUrl\":\"https:\\\/\\\/spaziospadoni.org\\\/wp-content\\\/uploads\\\/2026\\\/08\\\/maria-assunta-costa-d-avorio.webp\",\"keywords\":[\"\u00c1frica, Costa de Marfil | peregrinos de esperanza en las aldeas del norte\",\"contratando a mar\u00eda\",\"Misionera\",\"oraci\u00f3n\"],\"articleSection\":[\"Espacio misionero\"],\"inLanguage\":\"es-ES\"},{\"@type\":\"WebPage\",\"@id\":\"https:\\\/\\\/spaziospadoni.org\\\/es\\\/africa-costa-de-marfil-la-fiesta-de-la-asuncion-y-51-anos-de-mision\\\/\",\"url\":\"https:\\\/\\\/spaziospadoni.org\\\/es\\\/africa-costa-de-marfil-la-fiesta-de-la-asuncion-y-51-anos-de-mision\\\/\",\"name\":\"Africa, Costa de Marfil | La Asunci\u00f3n y 51 a\u00f1os de misi\u00f3n\",\"isPartOf\":{\"@id\":\"https:\\\/\\\/spaziospadoni.org\\\/es\\\/#website\"},\"primaryImageOfPage\":{\"@id\":\"https:\\\/\\\/spaziospadoni.org\\\/es\\\/africa-costa-de-marfil-la-fiesta-de-la-asuncion-y-51-anos-de-mision\\\/#primaryimage\"},\"image\":{\"@id\":\"https:\\\/\\\/spaziospadoni.org\\\/es\\\/africa-costa-de-marfil-la-fiesta-de-la-asuncion-y-51-anos-de-mision\\\/#primaryimage\"},\"thumbnailUrl\":\"https:\\\/\\\/spaziospadoni.org\\\/wp-content\\\/uploads\\\/2026\\\/08\\\/maria-assunta-costa-d-avorio.webp\",\"datePublished\":\"2026-08-15T12:30:00+00:00\",\"description\":\"El testimonio de una misionera en Costa de Marfil: devoci\u00f3n a la Asunci\u00f3n y 51 a\u00f1os de camino pastoral con los j\u00f3venes en las aldeas.\",\"breadcrumb\":{\"@id\":\"https:\\\/\\\/spaziospadoni.org\\\/es\\\/africa-costa-de-marfil-la-fiesta-de-la-asuncion-y-51-anos-de-mision\\\/#breadcrumb\"},\"inLanguage\":\"es-ES\",\"potentialAction\":[{\"@type\":\"ReadAction\",\"target\":[\"https:\\\/\\\/spaziospadoni.org\\\/es\\\/africa-costa-de-marfil-la-fiesta-de-la-asuncion-y-51-anos-de-mision\\\/\"]}]},{\"@type\":\"ImageObject\",\"inLanguage\":\"es-ES\",\"@id\":\"https:\\\/\\\/spaziospadoni.org\\\/es\\\/africa-costa-de-marfil-la-fiesta-de-la-asuncion-y-51-anos-de-mision\\\/#primaryimage\",\"url\":\"https:\\\/\\\/spaziospadoni.org\\\/wp-content\\\/uploads\\\/2026\\\/08\\\/maria-assunta-costa-d-avorio.webp\",\"contentUrl\":\"https:\\\/\\\/spaziospadoni.org\\\/wp-content\\\/uploads\\\/2026\\\/08\\\/maria-assunta-costa-d-avorio.webp\",\"width\":1200,\"height\":800,\"caption\":\"engrela es una ciudad en la frontera con Mali, fuertemente influenciada en los \u00faltimos a\u00f1os por la presencia isl\u00e1mica. Aqu\u00ed, las religiosas representan una peque\u00f1a presencia en una zona de primera evangelizaci\u00f3n, a pesar de 50 a\u00f1os de presencia cat\u00f3lica.\"},{\"@type\":\"BreadcrumbList\",\"@id\":\"https:\\\/\\\/spaziospadoni.org\\\/es\\\/africa-costa-de-marfil-la-fiesta-de-la-asuncion-y-51-anos-de-mision\\\/#breadcrumb\",\"itemListElement\":[{\"@type\":\"ListItem\",\"position\":1,\"name\":\"Home\",\"item\":\"https:\\\/\\\/spaziospadoni.org\\\/es\\\/\"},{\"@type\":\"ListItem\",\"position\":2,\"name\":\"\u00c1frica, Costa de Marfil | La fiesta de la Asunci\u00f3n y 51 a\u00f1os de misi\u00f3n\"}]},{\"@type\":\"WebSite\",\"@id\":\"https:\\\/\\\/spaziospadoni.org\\\/es\\\/#website\",\"url\":\"https:\\\/\\\/spaziospadoni.org\\\/es\\\/\",\"name\":\"spazio + spadoni\",\"description\":\"Generazione di misericordia e missione nel mondo\",\"publisher\":{\"@id\":\"https:\\\/\\\/spaziospadoni.org\\\/es\\\/#organization\"},\"alternateName\":\"spaziospadoni.org\",\"potentialAction\":[{\"@type\":\"SearchAction\",\"target\":{\"@type\":\"EntryPoint\",\"urlTemplate\":\"https:\\\/\\\/spaziospadoni.org\\\/es\\\/?s={search_term_string}\"},\"query-input\":{\"@type\":\"PropertyValueSpecification\",\"valueRequired\":true,\"valueName\":\"search_term_string\"}}],\"inLanguage\":\"es-ES\"},{\"@type\":\"Organization\",\"@id\":\"https:\\\/\\\/spaziospadoni.org\\\/es\\\/#organization\",\"name\":\"spazio + spadoni\",\"alternateName\":\"spaziospadoni.org\",\"url\":\"https:\\\/\\\/spaziospadoni.org\\\/es\\\/\",\"logo\":{\"@type\":\"ImageObject\",\"inLanguage\":\"es-ES\",\"@id\":\"https:\\\/\\\/spaziospadoni.org\\\/es\\\/#\\\/schema\\\/logo\\\/image\\\/\",\"url\":\"https:\\\/\\\/spaziospadoni.org\\\/wp-content\\\/uploads\\\/2026\\\/05\\\/spazio-spadoni-logo-100x100-1.webp\",\"contentUrl\":\"https:\\\/\\\/spaziospadoni.org\\\/wp-content\\\/uploads\\\/2026\\\/05\\\/spazio-spadoni-logo-100x100-1.webp\",\"width\":100,\"height\":100,\"caption\":\"spazio + spadoni\"},\"image\":{\"@id\":\"https:\\\/\\\/spaziospadoni.org\\\/es\\\/#\\\/schema\\\/logo\\\/image\\\/\"},\"sameAs\":[\"https:\\\/\\\/www.facebook.com\\\/SpazioSpadoni\\\/\",\"https:\\\/\\\/www.instagram.com\\\/spaziospadoni\\\/\",\"https:\\\/\\\/www.youtube.com\\\/@spaziospadoni\\\/playlists\"]},{\"@type\":\"Person\",\"@id\":\"https:\\\/\\\/spaziospadoni.org\\\/es\\\/#\\\/schema\\\/person\\\/c077aafc02309391266d1862a68b7739\",\"name\":\"Suor Attilia Bario\",\"image\":{\"@type\":\"ImageObject\",\"inLanguage\":\"es-ES\",\"@id\":\"https:\\\/\\\/secure.gravatar.com\\\/avatar\\\/fbc768c28400010e060c855aa6f0eb099d15950887d77143032db838a327f247?s=96&d=mm&r=g\",\"url\":\"https:\\\/\\\/secure.gravatar.com\\\/avatar\\\/fbc768c28400010e060c855aa6f0eb099d15950887d77143032db838a327f247?s=96&d=mm&r=g\",\"contentUrl\":\"https:\\\/\\\/secure.gravatar.com\\\/avatar\\\/fbc768c28400010e060c855aa6f0eb099d15950887d77143032db838a327f247?s=96&d=mm&r=g\",\"caption\":\"Suor Attilia Bario\"},\"description\":\"Originaria de Bogliasco, en la provincia de G\u00e9nova, la hermana Attilia Bario es misionera desde hace 50 a\u00f1os y pertenece a la Congregaci\u00f3n de las Hermanas Misioneras de Nuestra Se\u00f1ora de los Ap\u00f3stoles. Vive en el norte de Costa de Marfil, donde trabaja en la pastoral juvenil, especialmente en la educaci\u00f3n de base para la paz y la no violencia. El coraz\u00f3n de su vocaci\u00f3n reside en la capacidad de encontrarse con las personas y conocerlas, acogiendo la manera \u00fanica en que cada una se expresa y comunica.\",\"url\":\"https:\\\/\\\/spaziospadoni.org\\\/es\\\/author\\\/bario_mission\\\/\"}]}<\/script>\n<!-- \/ Yoast SEO plugin. -->","yoast_head_json":{"title":"Africa, Costa de Marfil | La Asunci\u00f3n y 51 a\u00f1os de misi\u00f3n","description":"El testimonio de una misionera en Costa de Marfil: devoci\u00f3n a la Asunci\u00f3n y 51 a\u00f1os de camino pastoral con los j\u00f3venes en las aldeas.","robots":{"index":"index","follow":"follow","max-snippet":"max-snippet:-1","max-image-preview":"max-image-preview:large","max-video-preview":"max-video-preview:-1"},"canonical":"https:\/\/spaziospadoni.org\/es\/africa-costa-de-marfil-la-fiesta-de-la-asuncion-y-51-anos-de-mision\/","og_locale":"es_ES","og_type":"article","og_title":"Africa, Costa de Marfil | La Asunci\u00f3n y 51 a\u00f1os de misi\u00f3n","og_description":"El testimonio de una misionera en Costa de Marfil: devoci\u00f3n a la Asunci\u00f3n y 51 a\u00f1os de camino pastoral con los j\u00f3venes en las aldeas.","og_url":"https:\/\/spaziospadoni.org\/es\/africa-costa-de-marfil-la-fiesta-de-la-asuncion-y-51-anos-de-mision\/","og_site_name":"spazio + spadoni","article_publisher":"https:\/\/www.facebook.com\/SpazioSpadoni\/","article_published_time":"2026-08-15T12:30:00+00:00","og_image":[{"width":1200,"height":800,"url":"https:\/\/spaziospadoni.org\/wp-content\/uploads\/2026\/08\/maria-assunta-costa-d-avorio.webp","type":"image\/webp"}],"author":"Suor Attilia Bario","twitter_card":"summary_large_image","twitter_misc":{"Escrito por":"Hermana Attilia Bario","Est. reading time":"3 minutes"},"schema":{"@context":"https:\/\/schema.org","@graph":[{"@type":"Article","@id":"https:\/\/spaziospadoni.org\/es\/africa-costa-de-marfil-la-fiesta-de-la-asuncion-y-51-anos-de-mision\/#article","isPartOf":{"@id":"https:\/\/spaziospadoni.org\/es\/africa-costa-de-marfil-la-fiesta-de-la-asuncion-y-51-anos-de-mision\/"},"author":{"name":"Suor Attilia Bario","@id":"https:\/\/spaziospadoni.org\/es\/#\/schema\/person\/c077aafc02309391266d1862a68b7739"},"headline":"\u00c1frica, Costa de Marfil | La fiesta de la Asunci\u00f3n y 51 a\u00f1os de misi\u00f3n","datePublished":"2026-08-15T12:30:00+00:00","mainEntityOfPage":{"@id":"https:\/\/spaziospadoni.org\/es\/africa-costa-de-marfil-la-fiesta-de-la-asuncion-y-51-anos-de-mision\/"},"wordCount":460,"publisher":{"@id":"https:\/\/spaziospadoni.org\/es\/#organization"},"image":{"@id":"https:\/\/spaziospadoni.org\/es\/africa-costa-de-marfil-la-fiesta-de-la-asuncion-y-51-anos-de-mision\/#primaryimage"},"thumbnailUrl":"https:\/\/spaziospadoni.org\/wp-content\/uploads\/2026\/08\/maria-assunta-costa-d-avorio.webp","keywords":["\u00c1frica, Costa de Marfil | peregrinos de esperanza en las aldeas del norte","contratando a mar\u00eda","Misionera","oraci\u00f3n"],"articleSection":["Espacio misionero"],"inLanguage":"es-ES"},{"@type":"WebPage","@id":"https:\/\/spaziospadoni.org\/es\/africa-costa-de-marfil-la-fiesta-de-la-asuncion-y-51-anos-de-mision\/","url":"https:\/\/spaziospadoni.org\/es\/africa-costa-de-marfil-la-fiesta-de-la-asuncion-y-51-anos-de-mision\/","name":"Africa, Costa de Marfil | La Asunci\u00f3n y 51 a\u00f1os de misi\u00f3n","isPartOf":{"@id":"https:\/\/spaziospadoni.org\/es\/#website"},"primaryImageOfPage":{"@id":"https:\/\/spaziospadoni.org\/es\/africa-costa-de-marfil-la-fiesta-de-la-asuncion-y-51-anos-de-mision\/#primaryimage"},"image":{"@id":"https:\/\/spaziospadoni.org\/es\/africa-costa-de-marfil-la-fiesta-de-la-asuncion-y-51-anos-de-mision\/#primaryimage"},"thumbnailUrl":"https:\/\/spaziospadoni.org\/wp-content\/uploads\/2026\/08\/maria-assunta-costa-d-avorio.webp","datePublished":"2026-08-15T12:30:00+00:00","description":"El testimonio de una misionera en Costa de Marfil: devoci\u00f3n a la Asunci\u00f3n y 51 a\u00f1os de camino pastoral con los j\u00f3venes en las aldeas.","breadcrumb":{"@id":"https:\/\/spaziospadoni.org\/es\/africa-costa-de-marfil-la-fiesta-de-la-asuncion-y-51-anos-de-mision\/#breadcrumb"},"inLanguage":"es-ES","potentialAction":[{"@type":"ReadAction","target":["https:\/\/spaziospadoni.org\/es\/africa-costa-de-marfil-la-fiesta-de-la-asuncion-y-51-anos-de-mision\/"]}]},{"@type":"ImageObject","inLanguage":"es-ES","@id":"https:\/\/spaziospadoni.org\/es\/africa-costa-de-marfil-la-fiesta-de-la-asuncion-y-51-anos-de-mision\/#primaryimage","url":"https:\/\/spaziospadoni.org\/wp-content\/uploads\/2026\/08\/maria-assunta-costa-d-avorio.webp","contentUrl":"https:\/\/spaziospadoni.org\/wp-content\/uploads\/2026\/08\/maria-assunta-costa-d-avorio.webp","width":1200,"height":800,"caption":"engrela es una ciudad en la frontera con Mali, fuertemente influenciada en los \u00faltimos a\u00f1os por la presencia isl\u00e1mica. Aqu\u00ed, las religiosas representan una peque\u00f1a presencia en una zona de primera evangelizaci\u00f3n, a pesar de 50 a\u00f1os de presencia cat\u00f3lica."},{"@type":"BreadcrumbList","@id":"https:\/\/spaziospadoni.org\/es\/africa-costa-de-marfil-la-fiesta-de-la-asuncion-y-51-anos-de-mision\/#breadcrumb","itemListElement":[{"@type":"ListItem","position":1,"name":"Home","item":"https:\/\/spaziospadoni.org\/es\/"},{"@type":"ListItem","position":2,"name":"\u00c1frica, Costa de Marfil | La fiesta de la Asunci\u00f3n y 51 a\u00f1os de misi\u00f3n"}]},{"@type":"WebSite","@id":"https:\/\/spaziospadoni.org\/es\/#website","url":"https:\/\/spaziospadoni.org\/es\/","name":"spazio + spadoni","description":"Generazione di misericordia e missione nel mondo","publisher":{"@id":"https:\/\/spaziospadoni.org\/es\/#organization"},"alternateName":"spaziospadoni.org","potentialAction":[{"@type":"SearchAction","target":{"@type":"EntryPoint","urlTemplate":"https:\/\/spaziospadoni.org\/es\/?s={search_term_string}"},"query-input":{"@type":"PropertyValueSpecification","valueRequired":true,"valueName":"search_term_string"}}],"inLanguage":"es-ES"},{"@type":"Organization","@id":"https:\/\/spaziospadoni.org\/es\/#organization","name":"spazio + spadoni","alternateName":"spaziospadoni.org","url":"https:\/\/spaziospadoni.org\/es\/","logo":{"@type":"ImageObject","inLanguage":"es-ES","@id":"https:\/\/spaziospadoni.org\/es\/#\/schema\/logo\/image\/","url":"https:\/\/spaziospadoni.org\/wp-content\/uploads\/2026\/05\/spazio-spadoni-logo-100x100-1.webp","contentUrl":"https:\/\/spaziospadoni.org\/wp-content\/uploads\/2026\/05\/spazio-spadoni-logo-100x100-1.webp","width":100,"height":100,"caption":"spazio + spadoni"},"image":{"@id":"https:\/\/spaziospadoni.org\/es\/#\/schema\/logo\/image\/"},"sameAs":["https:\/\/www.facebook.com\/SpazioSpadoni\/","https:\/\/www.instagram.com\/spaziospadoni\/","https:\/\/www.youtube.com\/@spaziospadoni\/playlists"]},{"@type":"Person","@id":"https:\/\/spaziospadoni.org\/es\/#\/schema\/person\/c077aafc02309391266d1862a68b7739","name":"Suor Attilia Bario","image":{"@type":"ImageObject","inLanguage":"es-ES","@id":"https:\/\/secure.gravatar.com\/avatar\/fbc768c28400010e060c855aa6f0eb099d15950887d77143032db838a327f247?s=96&d=mm&r=g","url":"https:\/\/secure.gravatar.com\/avatar\/fbc768c28400010e060c855aa6f0eb099d15950887d77143032db838a327f247?s=96&d=mm&r=g","contentUrl":"https:\/\/secure.gravatar.com\/avatar\/fbc768c28400010e060c855aa6f0eb099d15950887d77143032db838a327f247?s=96&d=mm&r=g","caption":"Suor Attilia Bario"},"description":"Originaria de Bogliasco, en la provincia de G\u00e9nova, la hermana Attilia Bario es misionera desde hace 50 a\u00f1os y pertenece a la Congregaci\u00f3n de las Hermanas Misioneras de Nuestra Se\u00f1ora de los Ap\u00f3stoles. Vive en el norte de Costa de Marfil, donde trabaja en la pastoral juvenil, especialmente en la educaci\u00f3n de base para la paz y la no violencia. El coraz\u00f3n de su vocaci\u00f3n reside en la capacidad de encontrarse con las personas y conocerlas, acogiendo la manera \u00fanica en que cada una se expresa y comunica.","url":"https:\/\/spaziospadoni.org\/es\/author\/bario_mission\/"}]}},"_links":{"self":[{"href":"https:\/\/spaziospadoni.org\/es\/wp-json\/wp\/v2\/posts\/90101","targetHints":{"allow":["GET"]}}],"collection":[{"href":"https:\/\/spaziospadoni.org\/es\/wp-json\/wp\/v2\/posts"}],"about":[{"href":"https:\/\/spaziospadoni.org\/es\/wp-json\/wp\/v2\/types\/post"}],"author":[{"embeddable":true,"href":"https:\/\/spaziospadoni.org\/es\/wp-json\/wp\/v2\/users\/55"}],"replies":[{"embeddable":true,"href":"https:\/\/spaziospadoni.org\/es\/wp-json\/wp\/v2\/comments?post=90101"}],"version-history":[{"count":2,"href":"https:\/\/spaziospadoni.org\/es\/wp-json\/wp\/v2\/posts\/90101\/revisions"}],"predecessor-version":[{"id":90128,"href":"https:\/\/spaziospadoni.org\/es\/wp-json\/wp\/v2\/posts\/90101\/revisions\/90128"}],"wp:featuredmedia":[{"embeddable":true,"href":"https:\/\/spaziospadoni.org\/es\/wp-json\/wp\/v2\/media\/90100"}],"wp:attachment":[{"href":"https:\/\/spaziospadoni.org\/es\/wp-json\/wp\/v2\/media?parent=90101"}],"wp:term":[{"taxonomy":"category","embeddable":true,"href":"https:\/\/spaziospadoni.org\/es\/wp-json\/wp\/v2\/categories?post=90101"},{"taxonomy":"post_tag","embeddable":true,"href":"https:\/\/spaziospadoni.org\/es\/wp-json\/wp\/v2\/tags?post=90101"}],"curies":[{"name":"wp","href":"https:\/\/api.w.org\/{rel}","templated":true}]}}