{"id":90140,"date":"2026-08-15T07:20:00","date_gmt":"2026-08-15T06:20:00","guid":{"rendered":"https:\/\/spaziospadoni.org\/?p=90140"},"modified":"2026-08-15T08:25:34","modified_gmt":"2026-08-15T07:25:34","slug":"dios-tiene-una-enorme-imaginacion-en-su-manera-de-llamar-cuarta-parte","status":"publish","type":"post","link":"https:\/\/spaziospadoni.org\/es\/dios-tiene-una-enorme-imaginacion-en-su-manera-de-llamar-cuarta-parte\/","title":{"rendered":"\u00abDios tiene una enorme imaginaci\u00f3n en su manera de llamar\u00bb | Cuarta parte"},"content":{"rendered":"\n<pre class=\"wp-block-verse\"><em><strong>La cuarta y \u00faltima entrega del testimonio de fray Paolo Maria Braghini, Fraile Menor Capuchino, en el \u201cGo! Franciscan Youth Meet 2026\u201d, evento promovido por los Frailes Menores, los Frailes Menores Conventuales y los Frailes Menores Capuchinos, celebrado en As\u00eds del 3 al 6 de agosto. <br>Nosotros, desde spazio + spadoni, se lo hemos presentado en varias partes para acompa\u00f1arles paso a paso en la lectura y escucha de una historia que nos ha mostrado la creatividad y la misericordia de Dios.<\/strong><\/em><\/pre>\n\n\n\n<h2 id=\"la-invitacion-a-los-jovenes-decir-si-al-senor\" class=\"wp-block-heading\">La invitaci\u00f3n a los j\u00f3venes: decir s\u00ed al Se\u00f1or<\/h2>\n\n\n\n<p class=\"wp-block-paragraph\">Y para concluir, \u00bfqu\u00e9 siento que debo deciros a vosotros, j\u00f3venes? Que sin duda yo, al igual que muchos otros frailes en el mundo, misioneros y misioneras, me he equivocado en muchas cosas. Pero en lo que ciertamente no me equivoqu\u00e9 fue en decirle s\u00ed al Se\u00f1or, en confiar.<\/p>\n\n\n\n<p class=\"wp-block-paragraph\">Por eso, j\u00f3venes, \u00a1confiad en el Se\u00f1or! Si os llama, \u00a1no lo pens\u00e9is demasiado, decid s\u00ed! Y os digo tambi\u00e9n esto: cuando a los 18 a\u00f1os sent\u00ed esta llamada y dije s\u00ed, tuve a muchos en contra. No solo a muchos amigos, sino tambi\u00e9n a familiares. <\/p>\n\n\n\n<p class=\"wp-block-paragraph\">Por ejemplo, mi hermano me dec\u00eda sabiamente: \u00abPero eres joven, tienes 18 a\u00f1os, estudia, termina la universidad y luego, si el Se\u00f1or verdaderamente te llama, te llamar\u00e1 otra vez, as\u00ed estar\u00e1s m\u00e1s preparado, ser\u00e1s m\u00e1s maduro\u00bb. <\/p>\n\n\n\n<p class=\"wp-block-paragraph\">Humanamente ten\u00eda raz\u00f3n, pero yo os digo: \u00a1no hag\u00e1is eso! Si el Se\u00f1or os llama, \u00a1confiad en \u00c9l! Por lo tanto, \u00a1lanzaos, que es eso lo que el Se\u00f1or quiere! \u00a1Decid s\u00ed al Se\u00f1or!<\/p>\n\n\n\n<h2 id=\"la-experiencia-en-la-amazonia-y-la-fuerza-de-la-vocacion\" class=\"wp-block-heading\">La experiencia en la Amazon\u00eda y la fuerza de la vocaci\u00f3n<\/h2>\n\n\n\n<p class=\"wp-block-paragraph\">Y por \u00faltimo: en la Amazon\u00eda \u2014y seguramente es la experiencia de muchos misioneros\u2014 m\u00e1s de una vez vimos a la hermana muerte de cerca. M\u00e1s de una vez sentimos una fuerza misteriosa que nos sosten\u00eda y nos sostiene.<\/p>\n\n\n\n<h2 id=\"san-francisco-santa-clara-y-el-valor-de-las-clarisas\" class=\"wp-block-heading\">San Francisco, Santa Clara y el valor de las Clarisas<\/h2>\n\n\n\n<p class=\"wp-block-paragraph\">Y siento verdaderamente el deseo de decir esto: estamos aqu\u00ed por San Francisco despu\u00e9s de 800 a\u00f1os, pero si San Francisco hoy es lo que es, se lo debe tambi\u00e9n a Santa Clara. Cuando \u00e9l ten\u00eda dudas: \u00ab\u00bfDebemos nosotros los frailes retirarnos en oraci\u00f3n o salir al mundo?\u00bb, pidi\u00f3 ayuda a Santa Clara, quien en la oraci\u00f3n le dijo: \u00abFrancisco, t\u00fa y tus frailes id al mundo\u00bb. <\/p>\n\n\n\n<p class=\"wp-block-paragraph\">Y Santa Clara contin\u00faa rezando todos los d\u00edas por los misioneros del mundo: \u00a1son las Clarisas! Por lo tanto, j\u00f3venes, si ten\u00e9is dudas sobre vuestra vocaci\u00f3n, buscad un monasterio de Clarisas, pedid oraciones a estas j\u00f3venes. <\/p>\n\n\n\n<p class=\"wp-block-paragraph\">Y os digo una cosa: si no fuera por las Clarisas que entregan la vida las 24 horas del d\u00eda a la oraci\u00f3n, a las misiones y a la paz, muchas misiones no existir\u00edan. Son verdaderamente el coraz\u00f3n que late en la Iglesia. As\u00ed que gracias tambi\u00e9n a las Clarisas que entregan su vida por las misiones y la donan en oraci\u00f3n. <\/p>\n\n\n\n<p class=\"wp-block-paragraph\">\u00a1J\u00f3venes, no teng\u00e1is miedo! \u00a1Que el Se\u00f1or os bendiga, os d\u00e9 mucha alegr\u00eda y mucha paz al decirle s\u00ed al Se\u00f1or!<\/p>\n\n\n\n<p class=\"has-text-align-center wp-block-paragraph\"><strong>FIN&#8230; \u00a1pero la misi\u00f3n contin\u00faa! <\/strong><\/p>\n\n\n\n<p class=\"wp-block-paragraph\"><strong>Foto de fray Paolo Maria Braghini<\/strong><\/p>\n\n\n\n<p class=\"wp-block-paragraph\"><\/p>\n","protected":false},"excerpt":{"rendered":"<p>La cuarta y \u00faltima entrega del testimonio de fray Paolo Maria Braghini, Fraile Menor Capuchino, en el \u201cGo! Franciscan Youth Meet 2026\u201d, evento promovido por los Frailes Menores, los Frailes Menores Conventuales y los Frailes Menores Capuchinos, celebrado en As\u00eds del 3 al 6 de agosto. Nosotros, desde spazio + spadoni, se lo hemos presentado &#8230; <a title=\"\u00abDios tiene una enorme imaginaci\u00f3n en su manera de llamar\u00bb | Cuarta parte\" class=\"read-more\" href=\"https:\/\/spaziospadoni.org\/es\/dios-tiene-una-enorme-imaginacion-en-su-manera-de-llamar-cuarta-parte\/\" aria-label=\"Read more about \u00abDios tiene una enorme imaginaci\u00f3n en su manera de llamar\u00bb | Cuarta parte\">Leer m\u00e1s<\/a><\/p>\n","protected":false},"author":82,"featured_media":90139,"comment_status":"closed","ping_status":"closed","sticky":false,"template":"","format":"standard","meta":{"_sitemap_exclude":false,"_sitemap_priority":"","_sitemap_frequency":"","ss_featured_image_title":"","ss_featured_image_alt":"Fray Paolo con ni\u00f1os ticuna en la Amazon\u00eda","ss_featured_image_caption":"Fray Paolo con ni\u00f1os ticuna en la Amazon\u00eda. All\u00ed donde est\u00e9 en misi\u00f3n, su invitaci\u00f3n es siempre a mirar hacia lo alto.","footnotes":""},"categories":[2448],"tags":[5043,2576,3032],"class_list":["post-90140","post","type-post","status-publish","format-standard","has-post-thumbnail","hentry","category-yo-misericordiado","tag-frailes-menores-capuchinos","tag-mision","tag-vocacion","infinite-scroll-item","generate-columns","tablet-grid-50","mobile-grid-100","grid-parent","grid-50"],"yoast_head":"<!-- This site is optimized with the Yoast SEO plugin v28.4 - https:\/\/yoast.com\/product\/yoast-seo-wordpress\/ -->\n<title>\u00abDios tiene una enorme imaginaci\u00f3n en su manera de llamar\u00bb | Cuarta parte<\/title>\n<meta name=\"description\" content=\"El testimonio de fray Paolo Maria Braghini a los j\u00f3venes: confiar en Dios, la misi\u00f3n en la Amazon\u00eda y el papel de la oraci\u00f3n de las Clarisas.\" \/>\n<meta name=\"robots\" content=\"index, follow, max-snippet:-1, max-image-preview:large, max-video-preview:-1\" \/>\n<link rel=\"canonical\" href=\"https:\/\/spaziospadoni.org\/es\/dios-tiene-una-enorme-imaginacion-en-su-manera-de-llamar-cuarta-parte\/\" \/>\n<meta property=\"og:locale\" content=\"es_ES\" \/>\n<meta property=\"og:type\" content=\"article\" \/>\n<meta property=\"og:title\" content=\"\u00abDios tiene una enorme imaginaci\u00f3n en su manera de llamar\u00bb | Cuarta parte\" \/>\n<meta property=\"og:description\" content=\"El testimonio de fray Paolo Maria Braghini a los j\u00f3venes: confiar en Dios, la misi\u00f3n en la Amazon\u00eda y el papel de la oraci\u00f3n de las Clarisas.\" \/>\n<meta property=\"og:url\" content=\"https:\/\/spaziospadoni.org\/es\/dios-tiene-una-enorme-imaginacion-en-su-manera-de-llamar-cuarta-parte\/\" \/>\n<meta property=\"og:site_name\" content=\"spazio + spadoni\" \/>\n<meta property=\"article:publisher\" content=\"https:\/\/www.facebook.com\/SpazioSpadoni\/\" \/>\n<meta property=\"article:published_time\" content=\"2026-08-15T06:20:00+00:00\" \/>\n<meta property=\"article:modified_time\" content=\"2026-08-15T07:25:34+00:00\" \/>\n<meta property=\"og:image\" content=\"https:\/\/spaziospadoni.org\/wp-content\/uploads\/2026\/08\/fra-paolo-bambini-amazzonia-gesu.webp\" \/>\n\t<meta property=\"og:image:width\" content=\"1200\" \/>\n\t<meta property=\"og:image:height\" content=\"800\" \/>\n\t<meta property=\"og:image:type\" content=\"image\/webp\" \/>\n<meta name=\"author\" content=\"Fra Paolo Maria Braghini\" \/>\n<meta name=\"twitter:card\" content=\"summary_large_image\" \/>\n<meta name=\"twitter:label1\" content=\"Escrito por\" \/>\n\t<meta name=\"twitter:data1\" content=\"Fray Paolo Maria Braghini\" \/>\n\t<meta name=\"twitter:label2\" content=\"Est. reading time\" \/>\n\t<meta name=\"twitter:data2\" content=\"3 minutes\" \/>\n<script type=\"application\/ld+json\" class=\"yoast-schema-graph\">{\"@context\":\"https:\\\/\\\/schema.org\",\"@graph\":[{\"@type\":\"Article\",\"@id\":\"https:\\\/\\\/spaziospadoni.org\\\/es\\\/dios-tiene-una-enorme-imaginacion-en-su-manera-de-llamar-cuarta-parte\\\/#article\",\"isPartOf\":{\"@id\":\"https:\\\/\\\/spaziospadoni.org\\\/es\\\/dios-tiene-una-enorme-imaginacion-en-su-manera-de-llamar-cuarta-parte\\\/\"},\"author\":{\"name\":\"Fra Paolo Maria Braghini\",\"@id\":\"https:\\\/\\\/spaziospadoni.org\\\/es\\\/#\\\/schema\\\/person\\\/3564d8acb9905b1bac4639729953e97d\"},\"headline\":\"\u00abDios tiene una enorme imaginaci\u00f3n en su manera de llamar\u00bb | Cuarta parte\",\"datePublished\":\"2026-08-15T06:20:00+00:00\",\"dateModified\":\"2026-08-15T07:25:34+00:00\",\"mainEntityOfPage\":{\"@id\":\"https:\\\/\\\/spaziospadoni.org\\\/es\\\/dios-tiene-una-enorme-imaginacion-en-su-manera-de-llamar-cuarta-parte\\\/\"},\"wordCount\":495,\"publisher\":{\"@id\":\"https:\\\/\\\/spaziospadoni.org\\\/es\\\/#organization\"},\"image\":{\"@id\":\"https:\\\/\\\/spaziospadoni.org\\\/es\\\/dios-tiene-una-enorme-imaginacion-en-su-manera-de-llamar-cuarta-parte\\\/#primaryimage\"},\"thumbnailUrl\":\"https:\\\/\\\/spaziospadoni.org\\\/wp-content\\\/uploads\\\/2026\\\/08\\\/fra-paolo-bambini-amazzonia-gesu.webp\",\"keywords\":[\"Frailes Menores Capuchinos\",\"Misi\u00f3n\",\"vocaci\u00f3n\"],\"articleSection\":[\"Yo, misericordiado\"],\"inLanguage\":\"es-ES\"},{\"@type\":\"WebPage\",\"@id\":\"https:\\\/\\\/spaziospadoni.org\\\/es\\\/dios-tiene-una-enorme-imaginacion-en-su-manera-de-llamar-cuarta-parte\\\/\",\"url\":\"https:\\\/\\\/spaziospadoni.org\\\/es\\\/dios-tiene-una-enorme-imaginacion-en-su-manera-de-llamar-cuarta-parte\\\/\",\"name\":\"\u00abDios tiene una enorme imaginaci\u00f3n en su manera de llamar\u00bb | Cuarta parte\",\"isPartOf\":{\"@id\":\"https:\\\/\\\/spaziospadoni.org\\\/es\\\/#website\"},\"primaryImageOfPage\":{\"@id\":\"https:\\\/\\\/spaziospadoni.org\\\/es\\\/dios-tiene-una-enorme-imaginacion-en-su-manera-de-llamar-cuarta-parte\\\/#primaryimage\"},\"image\":{\"@id\":\"https:\\\/\\\/spaziospadoni.org\\\/es\\\/dios-tiene-una-enorme-imaginacion-en-su-manera-de-llamar-cuarta-parte\\\/#primaryimage\"},\"thumbnailUrl\":\"https:\\\/\\\/spaziospadoni.org\\\/wp-content\\\/uploads\\\/2026\\\/08\\\/fra-paolo-bambini-amazzonia-gesu.webp\",\"datePublished\":\"2026-08-15T06:20:00+00:00\",\"dateModified\":\"2026-08-15T07:25:34+00:00\",\"description\":\"El testimonio de fray Paolo Maria Braghini a los j\u00f3venes: confiar en Dios, la misi\u00f3n en la Amazon\u00eda y el papel de la oraci\u00f3n de las Clarisas.\",\"breadcrumb\":{\"@id\":\"https:\\\/\\\/spaziospadoni.org\\\/es\\\/dios-tiene-una-enorme-imaginacion-en-su-manera-de-llamar-cuarta-parte\\\/#breadcrumb\"},\"inLanguage\":\"es-ES\",\"potentialAction\":[{\"@type\":\"ReadAction\",\"target\":[\"https:\\\/\\\/spaziospadoni.org\\\/es\\\/dios-tiene-una-enorme-imaginacion-en-su-manera-de-llamar-cuarta-parte\\\/\"]}]},{\"@type\":\"ImageObject\",\"inLanguage\":\"es-ES\",\"@id\":\"https:\\\/\\\/spaziospadoni.org\\\/es\\\/dios-tiene-una-enorme-imaginacion-en-su-manera-de-llamar-cuarta-parte\\\/#primaryimage\",\"url\":\"https:\\\/\\\/spaziospadoni.org\\\/wp-content\\\/uploads\\\/2026\\\/08\\\/fra-paolo-bambini-amazzonia-gesu.webp\",\"contentUrl\":\"https:\\\/\\\/spaziospadoni.org\\\/wp-content\\\/uploads\\\/2026\\\/08\\\/fra-paolo-bambini-amazzonia-gesu.webp\",\"width\":1200,\"height\":800,\"caption\":\"Fray Paolo con ni\u00f1os ticuna en la Amazon\u00eda. All\u00ed donde est\u00e9 en misi\u00f3n, su invitaci\u00f3n es siempre a mirar hacia lo alto.\"},{\"@type\":\"BreadcrumbList\",\"@id\":\"https:\\\/\\\/spaziospadoni.org\\\/es\\\/dios-tiene-una-enorme-imaginacion-en-su-manera-de-llamar-cuarta-parte\\\/#breadcrumb\",\"itemListElement\":[{\"@type\":\"ListItem\",\"position\":1,\"name\":\"Home\",\"item\":\"https:\\\/\\\/spaziospadoni.org\\\/es\\\/\"},{\"@type\":\"ListItem\",\"position\":2,\"name\":\"\u00abDios tiene una enorme imaginaci\u00f3n en su manera de llamar\u00bb | Cuarta parte\"}]},{\"@type\":\"WebSite\",\"@id\":\"https:\\\/\\\/spaziospadoni.org\\\/es\\\/#website\",\"url\":\"https:\\\/\\\/spaziospadoni.org\\\/es\\\/\",\"name\":\"spazio + spadoni\",\"description\":\"Generazione di misericordia e missione nel mondo\",\"publisher\":{\"@id\":\"https:\\\/\\\/spaziospadoni.org\\\/es\\\/#organization\"},\"alternateName\":\"spaziospadoni.org\",\"potentialAction\":[{\"@type\":\"SearchAction\",\"target\":{\"@type\":\"EntryPoint\",\"urlTemplate\":\"https:\\\/\\\/spaziospadoni.org\\\/es\\\/?s={search_term_string}\"},\"query-input\":{\"@type\":\"PropertyValueSpecification\",\"valueRequired\":true,\"valueName\":\"search_term_string\"}}],\"inLanguage\":\"es-ES\"},{\"@type\":\"Organization\",\"@id\":\"https:\\\/\\\/spaziospadoni.org\\\/es\\\/#organization\",\"name\":\"spazio + spadoni\",\"alternateName\":\"spaziospadoni.org\",\"url\":\"https:\\\/\\\/spaziospadoni.org\\\/es\\\/\",\"logo\":{\"@type\":\"ImageObject\",\"inLanguage\":\"es-ES\",\"@id\":\"https:\\\/\\\/spaziospadoni.org\\\/es\\\/#\\\/schema\\\/logo\\\/image\\\/\",\"url\":\"https:\\\/\\\/spaziospadoni.org\\\/wp-content\\\/uploads\\\/2026\\\/05\\\/spazio-spadoni-logo-100x100-1.webp\",\"contentUrl\":\"https:\\\/\\\/spaziospadoni.org\\\/wp-content\\\/uploads\\\/2026\\\/05\\\/spazio-spadoni-logo-100x100-1.webp\",\"width\":100,\"height\":100,\"caption\":\"spazio + spadoni\"},\"image\":{\"@id\":\"https:\\\/\\\/spaziospadoni.org\\\/es\\\/#\\\/schema\\\/logo\\\/image\\\/\"},\"sameAs\":[\"https:\\\/\\\/www.facebook.com\\\/SpazioSpadoni\\\/\",\"https:\\\/\\\/www.instagram.com\\\/spaziospadoni\\\/\",\"https:\\\/\\\/www.youtube.com\\\/@spaziospadoni\\\/playlists\"]},{\"@type\":\"Person\",\"@id\":\"https:\\\/\\\/spaziospadoni.org\\\/es\\\/#\\\/schema\\\/person\\\/3564d8acb9905b1bac4639729953e97d\",\"name\":\"Fra Paolo Maria Braghini\",\"image\":{\"@type\":\"ImageObject\",\"inLanguage\":\"es-ES\",\"@id\":\"https:\\\/\\\/secure.gravatar.com\\\/avatar\\\/f32ed802d88a4c5f0c578a2cf8cd64a2f093a3566f4c951be66b98720ef889ee?s=96&d=mm&r=g\",\"url\":\"https:\\\/\\\/secure.gravatar.com\\\/avatar\\\/f32ed802d88a4c5f0c578a2cf8cd64a2f093a3566f4c951be66b98720ef889ee?s=96&d=mm&r=g\",\"contentUrl\":\"https:\\\/\\\/secure.gravatar.com\\\/avatar\\\/f32ed802d88a4c5f0c578a2cf8cd64a2f093a3566f4c951be66b98720ef889ee?s=96&d=mm&r=g\",\"caption\":\"Fra Paolo Maria Braghini\"},\"description\":\"Fraile menor capuchino nacido en 1975, estuvo casi 20 a\u00f1os como misionero en Alto Solim\u00f5es, en la Amazon\u00eda, en la frontera entre Brasil y Per\u00fa. Desplaz\u00e1ndose a menudo en canoa, lleg\u00f3 a 70 aldeas y comparti\u00f3 la vida y la fe sencilla de los pueblos ind\u00edgenas. Originario de la provincia de Varese, regres\u00f3 a Italia en el verano de 2025.\",\"url\":\"https:\\\/\\\/spaziospadoni.org\\\/es\\\/author\\\/braghini_mission\\\/\"}]}<\/script>\n<!-- \/ Yoast SEO plugin. -->","yoast_head_json":{"title":"\u00abDios tiene una enorme imaginaci\u00f3n en su manera de llamar\u00bb | Cuarta parte","description":"El testimonio de fray Paolo Maria Braghini a los j\u00f3venes: confiar en Dios, la misi\u00f3n en la Amazon\u00eda y el papel de la oraci\u00f3n de las Clarisas.","robots":{"index":"index","follow":"follow","max-snippet":"max-snippet:-1","max-image-preview":"max-image-preview:large","max-video-preview":"max-video-preview:-1"},"canonical":"https:\/\/spaziospadoni.org\/es\/dios-tiene-una-enorme-imaginacion-en-su-manera-de-llamar-cuarta-parte\/","og_locale":"es_ES","og_type":"article","og_title":"\u00abDios tiene una enorme imaginaci\u00f3n en su manera de llamar\u00bb | Cuarta parte","og_description":"El testimonio de fray Paolo Maria Braghini a los j\u00f3venes: confiar en Dios, la misi\u00f3n en la Amazon\u00eda y el papel de la oraci\u00f3n de las Clarisas.","og_url":"https:\/\/spaziospadoni.org\/es\/dios-tiene-una-enorme-imaginacion-en-su-manera-de-llamar-cuarta-parte\/","og_site_name":"spazio + spadoni","article_publisher":"https:\/\/www.facebook.com\/SpazioSpadoni\/","article_published_time":"2026-08-15T06:20:00+00:00","article_modified_time":"2026-08-15T07:25:34+00:00","og_image":[{"width":1200,"height":800,"url":"https:\/\/spaziospadoni.org\/wp-content\/uploads\/2026\/08\/fra-paolo-bambini-amazzonia-gesu.webp","type":"image\/webp"}],"author":"Fra Paolo Maria Braghini","twitter_card":"summary_large_image","twitter_misc":{"Escrito por":"Fray Paolo Maria Braghini","Est. reading time":"3 minutes"},"schema":{"@context":"https:\/\/schema.org","@graph":[{"@type":"Article","@id":"https:\/\/spaziospadoni.org\/es\/dios-tiene-una-enorme-imaginacion-en-su-manera-de-llamar-cuarta-parte\/#article","isPartOf":{"@id":"https:\/\/spaziospadoni.org\/es\/dios-tiene-una-enorme-imaginacion-en-su-manera-de-llamar-cuarta-parte\/"},"author":{"name":"Fra Paolo Maria Braghini","@id":"https:\/\/spaziospadoni.org\/es\/#\/schema\/person\/3564d8acb9905b1bac4639729953e97d"},"headline":"\u00abDios tiene una enorme imaginaci\u00f3n en su manera de llamar\u00bb | Cuarta parte","datePublished":"2026-08-15T06:20:00+00:00","dateModified":"2026-08-15T07:25:34+00:00","mainEntityOfPage":{"@id":"https:\/\/spaziospadoni.org\/es\/dios-tiene-una-enorme-imaginacion-en-su-manera-de-llamar-cuarta-parte\/"},"wordCount":495,"publisher":{"@id":"https:\/\/spaziospadoni.org\/es\/#organization"},"image":{"@id":"https:\/\/spaziospadoni.org\/es\/dios-tiene-una-enorme-imaginacion-en-su-manera-de-llamar-cuarta-parte\/#primaryimage"},"thumbnailUrl":"https:\/\/spaziospadoni.org\/wp-content\/uploads\/2026\/08\/fra-paolo-bambini-amazzonia-gesu.webp","keywords":["Frailes Menores Capuchinos","Misi\u00f3n","vocaci\u00f3n"],"articleSection":["Yo, misericordiado"],"inLanguage":"es-ES"},{"@type":"WebPage","@id":"https:\/\/spaziospadoni.org\/es\/dios-tiene-una-enorme-imaginacion-en-su-manera-de-llamar-cuarta-parte\/","url":"https:\/\/spaziospadoni.org\/es\/dios-tiene-una-enorme-imaginacion-en-su-manera-de-llamar-cuarta-parte\/","name":"\u00abDios tiene una enorme imaginaci\u00f3n en su manera de llamar\u00bb | Cuarta parte","isPartOf":{"@id":"https:\/\/spaziospadoni.org\/es\/#website"},"primaryImageOfPage":{"@id":"https:\/\/spaziospadoni.org\/es\/dios-tiene-una-enorme-imaginacion-en-su-manera-de-llamar-cuarta-parte\/#primaryimage"},"image":{"@id":"https:\/\/spaziospadoni.org\/es\/dios-tiene-una-enorme-imaginacion-en-su-manera-de-llamar-cuarta-parte\/#primaryimage"},"thumbnailUrl":"https:\/\/spaziospadoni.org\/wp-content\/uploads\/2026\/08\/fra-paolo-bambini-amazzonia-gesu.webp","datePublished":"2026-08-15T06:20:00+00:00","dateModified":"2026-08-15T07:25:34+00:00","description":"El testimonio de fray Paolo Maria Braghini a los j\u00f3venes: confiar en Dios, la misi\u00f3n en la Amazon\u00eda y el papel de la oraci\u00f3n de las Clarisas.","breadcrumb":{"@id":"https:\/\/spaziospadoni.org\/es\/dios-tiene-una-enorme-imaginacion-en-su-manera-de-llamar-cuarta-parte\/#breadcrumb"},"inLanguage":"es-ES","potentialAction":[{"@type":"ReadAction","target":["https:\/\/spaziospadoni.org\/es\/dios-tiene-una-enorme-imaginacion-en-su-manera-de-llamar-cuarta-parte\/"]}]},{"@type":"ImageObject","inLanguage":"es-ES","@id":"https:\/\/spaziospadoni.org\/es\/dios-tiene-una-enorme-imaginacion-en-su-manera-de-llamar-cuarta-parte\/#primaryimage","url":"https:\/\/spaziospadoni.org\/wp-content\/uploads\/2026\/08\/fra-paolo-bambini-amazzonia-gesu.webp","contentUrl":"https:\/\/spaziospadoni.org\/wp-content\/uploads\/2026\/08\/fra-paolo-bambini-amazzonia-gesu.webp","width":1200,"height":800,"caption":"Fray Paolo con ni\u00f1os ticuna en la Amazon\u00eda. All\u00ed donde est\u00e9 en misi\u00f3n, su invitaci\u00f3n es siempre a mirar hacia lo alto."},{"@type":"BreadcrumbList","@id":"https:\/\/spaziospadoni.org\/es\/dios-tiene-una-enorme-imaginacion-en-su-manera-de-llamar-cuarta-parte\/#breadcrumb","itemListElement":[{"@type":"ListItem","position":1,"name":"Home","item":"https:\/\/spaziospadoni.org\/es\/"},{"@type":"ListItem","position":2,"name":"\u00abDios tiene una enorme imaginaci\u00f3n en su manera de llamar\u00bb | Cuarta parte"}]},{"@type":"WebSite","@id":"https:\/\/spaziospadoni.org\/es\/#website","url":"https:\/\/spaziospadoni.org\/es\/","name":"spazio + spadoni","description":"Generazione di misericordia e missione nel mondo","publisher":{"@id":"https:\/\/spaziospadoni.org\/es\/#organization"},"alternateName":"spaziospadoni.org","potentialAction":[{"@type":"SearchAction","target":{"@type":"EntryPoint","urlTemplate":"https:\/\/spaziospadoni.org\/es\/?s={search_term_string}"},"query-input":{"@type":"PropertyValueSpecification","valueRequired":true,"valueName":"search_term_string"}}],"inLanguage":"es-ES"},{"@type":"Organization","@id":"https:\/\/spaziospadoni.org\/es\/#organization","name":"spazio + spadoni","alternateName":"spaziospadoni.org","url":"https:\/\/spaziospadoni.org\/es\/","logo":{"@type":"ImageObject","inLanguage":"es-ES","@id":"https:\/\/spaziospadoni.org\/es\/#\/schema\/logo\/image\/","url":"https:\/\/spaziospadoni.org\/wp-content\/uploads\/2026\/05\/spazio-spadoni-logo-100x100-1.webp","contentUrl":"https:\/\/spaziospadoni.org\/wp-content\/uploads\/2026\/05\/spazio-spadoni-logo-100x100-1.webp","width":100,"height":100,"caption":"spazio + spadoni"},"image":{"@id":"https:\/\/spaziospadoni.org\/es\/#\/schema\/logo\/image\/"},"sameAs":["https:\/\/www.facebook.com\/SpazioSpadoni\/","https:\/\/www.instagram.com\/spaziospadoni\/","https:\/\/www.youtube.com\/@spaziospadoni\/playlists"]},{"@type":"Person","@id":"https:\/\/spaziospadoni.org\/es\/#\/schema\/person\/3564d8acb9905b1bac4639729953e97d","name":"Fra Paolo Maria Braghini","image":{"@type":"ImageObject","inLanguage":"es-ES","@id":"https:\/\/secure.gravatar.com\/avatar\/f32ed802d88a4c5f0c578a2cf8cd64a2f093a3566f4c951be66b98720ef889ee?s=96&d=mm&r=g","url":"https:\/\/secure.gravatar.com\/avatar\/f32ed802d88a4c5f0c578a2cf8cd64a2f093a3566f4c951be66b98720ef889ee?s=96&d=mm&r=g","contentUrl":"https:\/\/secure.gravatar.com\/avatar\/f32ed802d88a4c5f0c578a2cf8cd64a2f093a3566f4c951be66b98720ef889ee?s=96&d=mm&r=g","caption":"Fra Paolo Maria Braghini"},"description":"Fraile menor capuchino nacido en 1975, estuvo casi 20 a\u00f1os como misionero en Alto Solim\u00f5es, en la Amazon\u00eda, en la frontera entre Brasil y Per\u00fa. Desplaz\u00e1ndose a menudo en canoa, lleg\u00f3 a 70 aldeas y comparti\u00f3 la vida y la fe sencilla de los pueblos ind\u00edgenas. Originario de la provincia de Varese, regres\u00f3 a Italia en el verano de 2025.","url":"https:\/\/spaziospadoni.org\/es\/author\/braghini_mission\/"}]}},"_links":{"self":[{"href":"https:\/\/spaziospadoni.org\/es\/wp-json\/wp\/v2\/posts\/90140","targetHints":{"allow":["GET"]}}],"collection":[{"href":"https:\/\/spaziospadoni.org\/es\/wp-json\/wp\/v2\/posts"}],"about":[{"href":"https:\/\/spaziospadoni.org\/es\/wp-json\/wp\/v2\/types\/post"}],"author":[{"embeddable":true,"href":"https:\/\/spaziospadoni.org\/es\/wp-json\/wp\/v2\/users\/82"}],"replies":[{"embeddable":true,"href":"https:\/\/spaziospadoni.org\/es\/wp-json\/wp\/v2\/comments?post=90140"}],"version-history":[{"count":1,"href":"https:\/\/spaziospadoni.org\/es\/wp-json\/wp\/v2\/posts\/90140\/revisions"}],"predecessor-version":[{"id":90141,"href":"https:\/\/spaziospadoni.org\/es\/wp-json\/wp\/v2\/posts\/90140\/revisions\/90141"}],"wp:featuredmedia":[{"embeddable":true,"href":"https:\/\/spaziospadoni.org\/es\/wp-json\/wp\/v2\/media\/90139"}],"wp:attachment":[{"href":"https:\/\/spaziospadoni.org\/es\/wp-json\/wp\/v2\/media?parent=90140"}],"wp:term":[{"taxonomy":"category","embeddable":true,"href":"https:\/\/spaziospadoni.org\/es\/wp-json\/wp\/v2\/categories?post=90140"},{"taxonomy":"post_tag","embeddable":true,"href":"https:\/\/spaziospadoni.org\/es\/wp-json\/wp\/v2\/tags?post=90140"}],"curies":[{"name":"wp","href":"https:\/\/api.w.org\/{rel}","templated":true}]}}