{"id":90157,"date":"2026-08-15T18:00:00","date_gmt":"2026-08-15T17:00:00","guid":{"rendered":"https:\/\/spaziospadoni.org\/?p=90157"},"modified":"2026-08-17T13:37:06","modified_gmt":"2026-08-17T12:37:06","slug":"el-valor-sagrado-del-cuidado-miradas-y-gestos-hacia-un-cuerpo-destinado-al-cielo","status":"publish","type":"post","link":"https:\/\/spaziospadoni.org\/es\/el-valor-sagrado-del-cuidado-miradas-y-gestos-hacia-un-cuerpo-destinado-al-cielo\/","title":{"rendered":"El valor sagrado del cuidado: miradas y gestos hacia un cuerpo destinado al Cielo"},"content":{"rendered":"\n<p class=\"wp-block-paragraph\">Cuando nos encontramos al lado de quienes sufren, el tiempo parece cambiar de ritmo. Las horas dedicadas a acomodar una almohada, administrar una medicina o simplemente sostener una mano temblorosa adquieren una dimensi\u00f3n completamente nueva.<\/p>\n\n\n\n<p class=\"wp-block-paragraph\">En estos d\u00edas, pensando en la fiesta de la Asunci\u00f3n, una persona que cuida de su madre anciana y enferma pronunci\u00f3 esta frase: <\/p>\n\n\n\n<blockquote class=\"wp-block-quote is-layout-flow wp-block-quote-is-layout-flow\">\n<p class=\"wp-block-paragraph\"><em>\u00abMar\u00eda, que sube al Cielo con su cuerpo, me ayuda a pensar que cada gesto de cuidado y asistencia hacia nuestros hermanos y hermanas est\u00e1 dirigido a un cuerpo destinado al Cielo\u00bb.<\/em><\/p>\n<\/blockquote>\n\n\n\n<h2 id=\"un-gesto-cotidiano-que-toca-la-eternidad\" class=\"wp-block-heading\">Un gesto cotidiano que toca la eternidad<\/h2>\n\n\n\n<p class=\"wp-block-paragraph\">Cuidar de una persona enferma nunca es una mera secuencia de tareas pr\u00e1cticas. Es un intercambio humano donde la fragilidad del otro se encuentra con nuestra disponibilidad.<\/p>\n\n\n\n<p class=\"wp-block-paragraph\">Cuando tocamos un hombro cansado o limpiamos un rostro marcado por el dolor, no solo estamos ofreciendo <strong>asistencia<\/strong>, sino reconociendo el valor infinito de la persona. Cada cuerpo fr\u00e1gil, herido o gastado por los a\u00f1os lleva en s\u00ed la promesa de una dignidad inmortal.<\/p>\n\n\n\n<p class=\"wp-block-paragraph\">Esta conciencia transforma el cansancio en regalo. No se trata solo de aliviar un sufrimiento temporal, sino de custodiar y servir un templo sagrado. Saber que esta carne no est\u00e1 destinada a la nada, sino a una gloria eterna, cambia radicalmente la mirada de quien cuida.<\/p>\n\n\n\n<h2 id=\"custodiar-la-dignidad-en-la-fragilidad\" class=\"wp-block-heading\">Custodiar la dignidad en la fragilidad<\/h2>\n\n\n\n<p class=\"wp-block-paragraph\">En el silencio de las habitaciones de hospital o en el hogar, el <strong>cuidado<\/strong> personal se convierte en un lenguaje de amor silencioso. A menudo nos sentimos impotentes ante la enfermedad, pero la presencia constante es ya una respuesta concreta.<\/p>\n\n\n\n<p class=\"wp-block-paragraph\">Pronunciar un sincero HIC SUM ante la necesidad del otro significa decir: \u00abIo sono qui per te\u00bb.<\/p>\n\n\n\n<p class=\"wp-block-paragraph\">La verdadera <strong>solidaridad<\/strong> nace cuando dejamos de ver \u00fanicamente el sufrimiento y comenzamos a percibir a la persona en su totalidad. Cada atenci\u00f3n, incluso la m\u00e1s simple, devuelve la esperanza y la dignidad. Servir al pr\u00f3jimo en la prueba es un acto de fe viva que eleva tanto a quien recibe el apoyo como a quien lo ofrece con el coraz\u00f3n abierto.<\/p>\n\n\n\n<h2 id=\"la-presencia-activa-en-el-servicio\" class=\"wp-block-heading\">La presencia activa en el servicio<\/h2>\n\n\n\n<p class=\"wp-block-paragraph\">La experiencia del <strong>voluntariado<\/strong> y del cuidado diario ense\u00f1a que la entrega de uno mismo nunca es en vano. En la <strong>reciprocidad<\/strong>, quien asiste recibe mucho m\u00e1s de lo que da.<\/p>\n\n\n\n<p class=\"wp-block-paragraph\">Mirar el cuerpo del otro como un bien destinado a la luz eterna infunde fuerza y transfigura la rutina en un camino lleno de sentido.<\/p>\n\n\n\n<p class=\"wp-block-paragraph\">Continuemos, pues, ofreciendo nuestras manos y nuestro tiempo con delicadeza, sabiendo que la <strong>misericordia<\/strong> vivida en los gestos peque\u00f1os tiene un eco que trasciende los l\u00edmites del tiempo presente.<\/p>\n\n\n\n<p class=\"wp-block-paragraph\"><strong><a href=\"https:\/\/pixabay.com\/it\/photos\/donne-villaggio-strada-vicolo-casa-5578067\/\" target=\"_blank\" rel=\"noreferrer noopener nofollow\" title=\"Foto de Pixabay\">Foto de Pixabay<\/a><\/strong><\/p>\n","protected":false},"excerpt":{"rendered":"<p>Cuando nos encontramos al lado de quienes sufren, el tiempo parece cambiar de ritmo. Las horas dedicadas a acomodar una almohada, administrar una medicina o simplemente sostener una mano temblorosa adquieren una dimensi\u00f3n completamente nueva. En estos d\u00edas, pensando en la fiesta de la Asunci\u00f3n, una persona que cuida de su madre anciana y enferma &#8230; <a title=\"El valor sagrado del cuidado: miradas y gestos hacia un cuerpo destinado al Cielo\" class=\"read-more\" href=\"https:\/\/spaziospadoni.org\/es\/el-valor-sagrado-del-cuidado-miradas-y-gestos-hacia-un-cuerpo-destinado-al-cielo\/\" aria-label=\"Read more about El valor sagrado del cuidado: miradas y gestos hacia un cuerpo destinado al Cielo\">Leer m\u00e1s<\/a><\/p>\n","protected":false},"author":39,"featured_media":90156,"comment_status":"closed","ping_status":"closed","sticky":false,"template":"","format":"standard","meta":{"_sitemap_exclude":false,"_sitemap_priority":"","_sitemap_frequency":"","ss_featured_image_title":"","ss_featured_image_alt":"","ss_featured_image_caption":"","footnotes":""},"categories":[60],"tags":[3090,4523,2347,3348,3532,3672],"class_list":["post-90157","post","type-post","status-publish","format-standard","has-post-thumbnail","hentry","category-notizie-dal-mondo","tag-ancianos","tag-contratando-a-maria","tag-cuidado","tag-enfermo","tag-enfermo-es","tag-visitar-a-los-enfermos-es","infinite-scroll-item","generate-columns","tablet-grid-50","mobile-grid-100","grid-parent","grid-50"],"yoast_head":"<!-- This site is optimized with the Yoast SEO plugin v28.4 - https:\/\/yoast.com\/product\/yoast-seo-wordpress\/ -->\n<title>El valor sagrado del cuidado hacia un cuerpo destinado al cielo<\/title>\n<meta name=\"description\" content=\"Descubre c\u00f3mo el cuidado diario de los enfermos adquiere un sentido profundo de eternidad y dignidad a trav\u00e9s de la compasi\u00f3n.\" \/>\n<meta name=\"robots\" content=\"index, follow, max-snippet:-1, max-image-preview:large, max-video-preview:-1\" \/>\n<link rel=\"canonical\" href=\"https:\/\/spaziospadoni.org\/es\/el-valor-sagrado-del-cuidado-miradas-y-gestos-hacia-un-cuerpo-destinado-al-cielo\/\" \/>\n<meta property=\"og:locale\" content=\"es_ES\" \/>\n<meta property=\"og:type\" content=\"article\" \/>\n<meta property=\"og:title\" content=\"El valor sagrado del cuidado hacia un cuerpo destinado al cielo\" \/>\n<meta property=\"og:description\" content=\"Descubre c\u00f3mo el cuidado diario de los enfermos adquiere un sentido profundo de eternidad y dignidad a trav\u00e9s de la compasi\u00f3n.\" \/>\n<meta property=\"og:url\" content=\"https:\/\/spaziospadoni.org\/es\/el-valor-sagrado-del-cuidado-miradas-y-gestos-hacia-un-cuerpo-destinado-al-cielo\/\" \/>\n<meta property=\"og:site_name\" content=\"spazio + spadoni\" \/>\n<meta property=\"article:publisher\" content=\"https:\/\/www.facebook.com\/SpazioSpadoni\/\" \/>\n<meta property=\"article:published_time\" content=\"2026-08-15T17:00:00+00:00\" \/>\n<meta property=\"article:modified_time\" content=\"2026-08-17T12:37:06+00:00\" \/>\n<meta property=\"og:image\" content=\"https:\/\/spaziospadoni.org\/wp-content\/uploads\/2026\/08\/cura-assistenza-anziana.webp\" \/>\n\t<meta property=\"og:image:width\" content=\"1280\" \/>\n\t<meta property=\"og:image:height\" content=\"853\" \/>\n\t<meta property=\"og:image:type\" content=\"image\/webp\" \/>\n<meta name=\"author\" content=\"Redazione\" \/>\n<meta name=\"twitter:card\" content=\"summary_large_image\" \/>\n<meta name=\"twitter:label1\" content=\"Escrito por\" \/>\n\t<meta name=\"twitter:data1\" content=\"Redacci\u00f3n\" \/>\n\t<meta name=\"twitter:label2\" content=\"Est. reading time\" \/>\n\t<meta name=\"twitter:data2\" content=\"3 minutes\" \/>\n<script type=\"application\/ld+json\" class=\"yoast-schema-graph\">{\"@context\":\"https:\\\/\\\/schema.org\",\"@graph\":[{\"@type\":\"Article\",\"@id\":\"https:\\\/\\\/spaziospadoni.org\\\/es\\\/el-valor-sagrado-del-cuidado-miradas-y-gestos-hacia-un-cuerpo-destinado-al-cielo\\\/#article\",\"isPartOf\":{\"@id\":\"https:\\\/\\\/spaziospadoni.org\\\/es\\\/el-valor-sagrado-del-cuidado-miradas-y-gestos-hacia-un-cuerpo-destinado-al-cielo\\\/\"},\"author\":{\"name\":\"Redazione\",\"@id\":\"https:\\\/\\\/spaziospadoni.org\\\/es\\\/#\\\/schema\\\/person\\\/411d7e71b4962bebf7ac6c70acc9a7bc\"},\"headline\":\"El valor sagrado del cuidado: miradas y gestos hacia un cuerpo destinado al Cielo\",\"datePublished\":\"2026-08-15T17:00:00+00:00\",\"dateModified\":\"2026-08-17T12:37:06+00:00\",\"mainEntityOfPage\":{\"@id\":\"https:\\\/\\\/spaziospadoni.org\\\/es\\\/el-valor-sagrado-del-cuidado-miradas-y-gestos-hacia-un-cuerpo-destinado-al-cielo\\\/\"},\"wordCount\":462,\"publisher\":{\"@id\":\"https:\\\/\\\/spaziospadoni.org\\\/es\\\/#organization\"},\"image\":{\"@id\":\"https:\\\/\\\/spaziospadoni.org\\\/es\\\/el-valor-sagrado-del-cuidado-miradas-y-gestos-hacia-un-cuerpo-destinado-al-cielo\\\/#primaryimage\"},\"thumbnailUrl\":\"https:\\\/\\\/spaziospadoni.org\\\/wp-content\\\/uploads\\\/2026\\\/08\\\/cura-assistenza-anziana.webp\",\"keywords\":[\"Ancianos\",\"contratando a mar\u00eda\",\"cuidado\",\"enfermo\",\"enfermo\",\"Visitar a los enfermos\"],\"articleSection\":[\"Notizie dal Mondo\"],\"inLanguage\":\"es-ES\"},{\"@type\":\"WebPage\",\"@id\":\"https:\\\/\\\/spaziospadoni.org\\\/es\\\/el-valor-sagrado-del-cuidado-miradas-y-gestos-hacia-un-cuerpo-destinado-al-cielo\\\/\",\"url\":\"https:\\\/\\\/spaziospadoni.org\\\/es\\\/el-valor-sagrado-del-cuidado-miradas-y-gestos-hacia-un-cuerpo-destinado-al-cielo\\\/\",\"name\":\"El valor sagrado del cuidado hacia un cuerpo destinado al cielo\",\"isPartOf\":{\"@id\":\"https:\\\/\\\/spaziospadoni.org\\\/es\\\/#website\"},\"primaryImageOfPage\":{\"@id\":\"https:\\\/\\\/spaziospadoni.org\\\/es\\\/el-valor-sagrado-del-cuidado-miradas-y-gestos-hacia-un-cuerpo-destinado-al-cielo\\\/#primaryimage\"},\"image\":{\"@id\":\"https:\\\/\\\/spaziospadoni.org\\\/es\\\/el-valor-sagrado-del-cuidado-miradas-y-gestos-hacia-un-cuerpo-destinado-al-cielo\\\/#primaryimage\"},\"thumbnailUrl\":\"https:\\\/\\\/spaziospadoni.org\\\/wp-content\\\/uploads\\\/2026\\\/08\\\/cura-assistenza-anziana.webp\",\"datePublished\":\"2026-08-15T17:00:00+00:00\",\"dateModified\":\"2026-08-17T12:37:06+00:00\",\"description\":\"Descubre c\u00f3mo el cuidado diario de los enfermos adquiere un sentido profundo de eternidad y dignidad a trav\u00e9s de la compasi\u00f3n.\",\"breadcrumb\":{\"@id\":\"https:\\\/\\\/spaziospadoni.org\\\/es\\\/el-valor-sagrado-del-cuidado-miradas-y-gestos-hacia-un-cuerpo-destinado-al-cielo\\\/#breadcrumb\"},\"inLanguage\":\"es-ES\",\"potentialAction\":[{\"@type\":\"ReadAction\",\"target\":[\"https:\\\/\\\/spaziospadoni.org\\\/es\\\/el-valor-sagrado-del-cuidado-miradas-y-gestos-hacia-un-cuerpo-destinado-al-cielo\\\/\"]}]},{\"@type\":\"ImageObject\",\"inLanguage\":\"es-ES\",\"@id\":\"https:\\\/\\\/spaziospadoni.org\\\/es\\\/el-valor-sagrado-del-cuidado-miradas-y-gestos-hacia-un-cuerpo-destinado-al-cielo\\\/#primaryimage\",\"url\":\"https:\\\/\\\/spaziospadoni.org\\\/wp-content\\\/uploads\\\/2026\\\/08\\\/cura-assistenza-anziana.webp\",\"contentUrl\":\"https:\\\/\\\/spaziospadoni.org\\\/wp-content\\\/uploads\\\/2026\\\/08\\\/cura-assistenza-anziana.webp\",\"width\":1280,\"height\":853},{\"@type\":\"BreadcrumbList\",\"@id\":\"https:\\\/\\\/spaziospadoni.org\\\/es\\\/el-valor-sagrado-del-cuidado-miradas-y-gestos-hacia-un-cuerpo-destinado-al-cielo\\\/#breadcrumb\",\"itemListElement\":[{\"@type\":\"ListItem\",\"position\":1,\"name\":\"Home\",\"item\":\"https:\\\/\\\/spaziospadoni.org\\\/es\\\/\"},{\"@type\":\"ListItem\",\"position\":2,\"name\":\"El valor sagrado del cuidado: miradas y gestos hacia un cuerpo destinado al Cielo\"}]},{\"@type\":\"WebSite\",\"@id\":\"https:\\\/\\\/spaziospadoni.org\\\/es\\\/#website\",\"url\":\"https:\\\/\\\/spaziospadoni.org\\\/es\\\/\",\"name\":\"spazio + spadoni\",\"description\":\"Generazione di misericordia e missione nel mondo\",\"publisher\":{\"@id\":\"https:\\\/\\\/spaziospadoni.org\\\/es\\\/#organization\"},\"alternateName\":\"spaziospadoni.org\",\"potentialAction\":[{\"@type\":\"SearchAction\",\"target\":{\"@type\":\"EntryPoint\",\"urlTemplate\":\"https:\\\/\\\/spaziospadoni.org\\\/es\\\/?s={search_term_string}\"},\"query-input\":{\"@type\":\"PropertyValueSpecification\",\"valueRequired\":true,\"valueName\":\"search_term_string\"}}],\"inLanguage\":\"es-ES\"},{\"@type\":\"Organization\",\"@id\":\"https:\\\/\\\/spaziospadoni.org\\\/es\\\/#organization\",\"name\":\"spazio + spadoni\",\"alternateName\":\"spaziospadoni.org\",\"url\":\"https:\\\/\\\/spaziospadoni.org\\\/es\\\/\",\"logo\":{\"@type\":\"ImageObject\",\"inLanguage\":\"es-ES\",\"@id\":\"https:\\\/\\\/spaziospadoni.org\\\/es\\\/#\\\/schema\\\/logo\\\/image\\\/\",\"url\":\"https:\\\/\\\/spaziospadoni.org\\\/wp-content\\\/uploads\\\/2026\\\/05\\\/spazio-spadoni-logo-100x100-1.webp\",\"contentUrl\":\"https:\\\/\\\/spaziospadoni.org\\\/wp-content\\\/uploads\\\/2026\\\/05\\\/spazio-spadoni-logo-100x100-1.webp\",\"width\":100,\"height\":100,\"caption\":\"spazio + spadoni\"},\"image\":{\"@id\":\"https:\\\/\\\/spaziospadoni.org\\\/es\\\/#\\\/schema\\\/logo\\\/image\\\/\"},\"sameAs\":[\"https:\\\/\\\/www.facebook.com\\\/SpazioSpadoni\\\/\",\"https:\\\/\\\/www.instagram.com\\\/spaziospadoni\\\/\",\"https:\\\/\\\/www.youtube.com\\\/@spaziospadoni\\\/playlists\"]},{\"@type\":\"Person\",\"@id\":\"https:\\\/\\\/spaziospadoni.org\\\/es\\\/#\\\/schema\\\/person\\\/411d7e71b4962bebf7ac6c70acc9a7bc\",\"name\":\"Redazione\",\"image\":{\"@type\":\"ImageObject\",\"inLanguage\":\"es-ES\",\"@id\":\"https:\\\/\\\/secure.gravatar.com\\\/avatar\\\/2ba413b4dca69409b680ae806ab0dce8a38d5d2cc2123a96af7bbbee33a5742e?s=96&d=mm&r=g\",\"url\":\"https:\\\/\\\/secure.gravatar.com\\\/avatar\\\/2ba413b4dca69409b680ae806ab0dce8a38d5d2cc2123a96af7bbbee33a5742e?s=96&d=mm&r=g\",\"contentUrl\":\"https:\\\/\\\/secure.gravatar.com\\\/avatar\\\/2ba413b4dca69409b680ae806ab0dce8a38d5d2cc2123a96af7bbbee33a5742e?s=96&d=mm&r=g\",\"caption\":\"Redazione\"},\"url\":\"https:\\\/\\\/spaziospadoni.org\\\/es\\\/author\\\/redazione\\\/\"}]}<\/script>\n<!-- \/ Yoast SEO plugin. -->","yoast_head_json":{"title":"El valor sagrado del cuidado hacia un cuerpo destinado al cielo","description":"Descubre c\u00f3mo el cuidado diario de los enfermos adquiere un sentido profundo de eternidad y dignidad a trav\u00e9s de la compasi\u00f3n.","robots":{"index":"index","follow":"follow","max-snippet":"max-snippet:-1","max-image-preview":"max-image-preview:large","max-video-preview":"max-video-preview:-1"},"canonical":"https:\/\/spaziospadoni.org\/es\/el-valor-sagrado-del-cuidado-miradas-y-gestos-hacia-un-cuerpo-destinado-al-cielo\/","og_locale":"es_ES","og_type":"article","og_title":"El valor sagrado del cuidado hacia un cuerpo destinado al cielo","og_description":"Descubre c\u00f3mo el cuidado diario de los enfermos adquiere un sentido profundo de eternidad y dignidad a trav\u00e9s de la compasi\u00f3n.","og_url":"https:\/\/spaziospadoni.org\/es\/el-valor-sagrado-del-cuidado-miradas-y-gestos-hacia-un-cuerpo-destinado-al-cielo\/","og_site_name":"spazio + spadoni","article_publisher":"https:\/\/www.facebook.com\/SpazioSpadoni\/","article_published_time":"2026-08-15T17:00:00+00:00","article_modified_time":"2026-08-17T12:37:06+00:00","og_image":[{"width":1280,"height":853,"url":"https:\/\/spaziospadoni.org\/wp-content\/uploads\/2026\/08\/cura-assistenza-anziana.webp","type":"image\/webp"}],"author":"Redazione","twitter_card":"summary_large_image","twitter_misc":{"Escrito por":"Redacci\u00f3n","Est. reading time":"3 minutes"},"schema":{"@context":"https:\/\/schema.org","@graph":[{"@type":"Article","@id":"https:\/\/spaziospadoni.org\/es\/el-valor-sagrado-del-cuidado-miradas-y-gestos-hacia-un-cuerpo-destinado-al-cielo\/#article","isPartOf":{"@id":"https:\/\/spaziospadoni.org\/es\/el-valor-sagrado-del-cuidado-miradas-y-gestos-hacia-un-cuerpo-destinado-al-cielo\/"},"author":{"name":"Redazione","@id":"https:\/\/spaziospadoni.org\/es\/#\/schema\/person\/411d7e71b4962bebf7ac6c70acc9a7bc"},"headline":"El valor sagrado del cuidado: miradas y gestos hacia un cuerpo destinado al Cielo","datePublished":"2026-08-15T17:00:00+00:00","dateModified":"2026-08-17T12:37:06+00:00","mainEntityOfPage":{"@id":"https:\/\/spaziospadoni.org\/es\/el-valor-sagrado-del-cuidado-miradas-y-gestos-hacia-un-cuerpo-destinado-al-cielo\/"},"wordCount":462,"publisher":{"@id":"https:\/\/spaziospadoni.org\/es\/#organization"},"image":{"@id":"https:\/\/spaziospadoni.org\/es\/el-valor-sagrado-del-cuidado-miradas-y-gestos-hacia-un-cuerpo-destinado-al-cielo\/#primaryimage"},"thumbnailUrl":"https:\/\/spaziospadoni.org\/wp-content\/uploads\/2026\/08\/cura-assistenza-anziana.webp","keywords":["Ancianos","contratando a mar\u00eda","cuidado","enfermo","enfermo","Visitar a los enfermos"],"articleSection":["Notizie dal Mondo"],"inLanguage":"es-ES"},{"@type":"WebPage","@id":"https:\/\/spaziospadoni.org\/es\/el-valor-sagrado-del-cuidado-miradas-y-gestos-hacia-un-cuerpo-destinado-al-cielo\/","url":"https:\/\/spaziospadoni.org\/es\/el-valor-sagrado-del-cuidado-miradas-y-gestos-hacia-un-cuerpo-destinado-al-cielo\/","name":"El valor sagrado del cuidado hacia un cuerpo destinado al cielo","isPartOf":{"@id":"https:\/\/spaziospadoni.org\/es\/#website"},"primaryImageOfPage":{"@id":"https:\/\/spaziospadoni.org\/es\/el-valor-sagrado-del-cuidado-miradas-y-gestos-hacia-un-cuerpo-destinado-al-cielo\/#primaryimage"},"image":{"@id":"https:\/\/spaziospadoni.org\/es\/el-valor-sagrado-del-cuidado-miradas-y-gestos-hacia-un-cuerpo-destinado-al-cielo\/#primaryimage"},"thumbnailUrl":"https:\/\/spaziospadoni.org\/wp-content\/uploads\/2026\/08\/cura-assistenza-anziana.webp","datePublished":"2026-08-15T17:00:00+00:00","dateModified":"2026-08-17T12:37:06+00:00","description":"Descubre c\u00f3mo el cuidado diario de los enfermos adquiere un sentido profundo de eternidad y dignidad a trav\u00e9s de la compasi\u00f3n.","breadcrumb":{"@id":"https:\/\/spaziospadoni.org\/es\/el-valor-sagrado-del-cuidado-miradas-y-gestos-hacia-un-cuerpo-destinado-al-cielo\/#breadcrumb"},"inLanguage":"es-ES","potentialAction":[{"@type":"ReadAction","target":["https:\/\/spaziospadoni.org\/es\/el-valor-sagrado-del-cuidado-miradas-y-gestos-hacia-un-cuerpo-destinado-al-cielo\/"]}]},{"@type":"ImageObject","inLanguage":"es-ES","@id":"https:\/\/spaziospadoni.org\/es\/el-valor-sagrado-del-cuidado-miradas-y-gestos-hacia-un-cuerpo-destinado-al-cielo\/#primaryimage","url":"https:\/\/spaziospadoni.org\/wp-content\/uploads\/2026\/08\/cura-assistenza-anziana.webp","contentUrl":"https:\/\/spaziospadoni.org\/wp-content\/uploads\/2026\/08\/cura-assistenza-anziana.webp","width":1280,"height":853},{"@type":"BreadcrumbList","@id":"https:\/\/spaziospadoni.org\/es\/el-valor-sagrado-del-cuidado-miradas-y-gestos-hacia-un-cuerpo-destinado-al-cielo\/#breadcrumb","itemListElement":[{"@type":"ListItem","position":1,"name":"Home","item":"https:\/\/spaziospadoni.org\/es\/"},{"@type":"ListItem","position":2,"name":"El valor sagrado del cuidado: miradas y gestos hacia un cuerpo destinado al Cielo"}]},{"@type":"WebSite","@id":"https:\/\/spaziospadoni.org\/es\/#website","url":"https:\/\/spaziospadoni.org\/es\/","name":"spazio + spadoni","description":"Generazione di misericordia e missione nel mondo","publisher":{"@id":"https:\/\/spaziospadoni.org\/es\/#organization"},"alternateName":"spaziospadoni.org","potentialAction":[{"@type":"SearchAction","target":{"@type":"EntryPoint","urlTemplate":"https:\/\/spaziospadoni.org\/es\/?s={search_term_string}"},"query-input":{"@type":"PropertyValueSpecification","valueRequired":true,"valueName":"search_term_string"}}],"inLanguage":"es-ES"},{"@type":"Organization","@id":"https:\/\/spaziospadoni.org\/es\/#organization","name":"spazio + spadoni","alternateName":"spaziospadoni.org","url":"https:\/\/spaziospadoni.org\/es\/","logo":{"@type":"ImageObject","inLanguage":"es-ES","@id":"https:\/\/spaziospadoni.org\/es\/#\/schema\/logo\/image\/","url":"https:\/\/spaziospadoni.org\/wp-content\/uploads\/2026\/05\/spazio-spadoni-logo-100x100-1.webp","contentUrl":"https:\/\/spaziospadoni.org\/wp-content\/uploads\/2026\/05\/spazio-spadoni-logo-100x100-1.webp","width":100,"height":100,"caption":"spazio + spadoni"},"image":{"@id":"https:\/\/spaziospadoni.org\/es\/#\/schema\/logo\/image\/"},"sameAs":["https:\/\/www.facebook.com\/SpazioSpadoni\/","https:\/\/www.instagram.com\/spaziospadoni\/","https:\/\/www.youtube.com\/@spaziospadoni\/playlists"]},{"@type":"Person","@id":"https:\/\/spaziospadoni.org\/es\/#\/schema\/person\/411d7e71b4962bebf7ac6c70acc9a7bc","name":"Redazione","image":{"@type":"ImageObject","inLanguage":"es-ES","@id":"https:\/\/secure.gravatar.com\/avatar\/2ba413b4dca69409b680ae806ab0dce8a38d5d2cc2123a96af7bbbee33a5742e?s=96&d=mm&r=g","url":"https:\/\/secure.gravatar.com\/avatar\/2ba413b4dca69409b680ae806ab0dce8a38d5d2cc2123a96af7bbbee33a5742e?s=96&d=mm&r=g","contentUrl":"https:\/\/secure.gravatar.com\/avatar\/2ba413b4dca69409b680ae806ab0dce8a38d5d2cc2123a96af7bbbee33a5742e?s=96&d=mm&r=g","caption":"Redazione"},"url":"https:\/\/spaziospadoni.org\/es\/author\/redazione\/"}]}},"_links":{"self":[{"href":"https:\/\/spaziospadoni.org\/es\/wp-json\/wp\/v2\/posts\/90157","targetHints":{"allow":["GET"]}}],"collection":[{"href":"https:\/\/spaziospadoni.org\/es\/wp-json\/wp\/v2\/posts"}],"about":[{"href":"https:\/\/spaziospadoni.org\/es\/wp-json\/wp\/v2\/types\/post"}],"author":[{"embeddable":true,"href":"https:\/\/spaziospadoni.org\/es\/wp-json\/wp\/v2\/users\/39"}],"replies":[{"embeddable":true,"href":"https:\/\/spaziospadoni.org\/es\/wp-json\/wp\/v2\/comments?post=90157"}],"version-history":[{"count":1,"href":"https:\/\/spaziospadoni.org\/es\/wp-json\/wp\/v2\/posts\/90157\/revisions"}],"predecessor-version":[{"id":90158,"href":"https:\/\/spaziospadoni.org\/es\/wp-json\/wp\/v2\/posts\/90157\/revisions\/90158"}],"wp:featuredmedia":[{"embeddable":true,"href":"https:\/\/spaziospadoni.org\/es\/wp-json\/wp\/v2\/media\/90156"}],"wp:attachment":[{"href":"https:\/\/spaziospadoni.org\/es\/wp-json\/wp\/v2\/media?parent=90157"}],"wp:term":[{"taxonomy":"category","embeddable":true,"href":"https:\/\/spaziospadoni.org\/es\/wp-json\/wp\/v2\/categories?post=90157"},{"taxonomy":"post_tag","embeddable":true,"href":"https:\/\/spaziospadoni.org\/es\/wp-json\/wp\/v2\/tags?post=90157"}],"curies":[{"name":"wp","href":"https:\/\/api.w.org\/{rel}","templated":true}]}}