{"id":90185,"date":"2026-08-19T07:20:00","date_gmt":"2026-08-19T06:20:00","guid":{"rendered":"https:\/\/spaziospadoni.org\/?p=90185"},"modified":"2026-08-17T11:36:22","modified_gmt":"2026-08-17T10:36:22","slug":"africa-congo-la-guerra-sin-fin-y-los-proyectos-de-esperanza-para-los-ninos","status":"publish","type":"post","link":"https:\/\/spaziospadoni.org\/es\/africa-congo-la-guerra-sin-fin-y-los-proyectos-de-esperanza-para-los-ninos\/","title":{"rendered":"\u00c1frica, Congo | La guerra sin fin y los proyectos de esperanza para los ni\u00f1os"},"content":{"rendered":"\n<p class=\"wp-block-paragraph\">\u00a1Una guerra sin fin! Seg\u00fan los especialistas en conflictos internacionales, una guerra abierta solo puede considerarse terminada cuando se declara formalmente su conclusi\u00f3n. En el Congo, dicha declaraci\u00f3n nunca se ha producido. Tras casi tres d\u00e9cadas de enfrentamientos, el conflicto armado se ha convertido en una dram\u00e1tica cotidianidad para la poblaci\u00f3n.<\/p>\n\n\n\n<p class=\"wp-block-paragraph\">Durante las treguas temporales, los j\u00f3venes regresan a las aulas y se reanudan ciertas actividades econ\u00f3micas y sociales. La vida cotidiana debe seguir adelante a pesar del entorno de inseguridad y violencia.<\/p>\n\n\n\n<p class=\"wp-block-paragraph\">El conflicto inici\u00f3 formalmente en 1996 con la ofensiva de liberaci\u00f3n encabezada por la AFDL (Alliance des Forces D\u00e9mocratiques pour la Lib\u00e9ration du Congo), bajo el liderazgo de Laurent-D\u00e9sir\u00e9 Kabila y con el apoyo de pa\u00edses vecinos como Uganda, Ruanda y Burundi.<\/p>\n\n\n\n<p class=\"wp-block-paragraph\">En 1998 se desencaden\u00f3 un nuevo levantamiento contra Laurent-D\u00e9sir\u00e9 Kabila: la guerra del RCD (Rassemblement Congolais pour la D\u00e9mocratie), respaldado por el MLC (Mouvement de Lib\u00e9ration du Congo) de Jean-Pierre Bemba. Entre 2006 y 2009 se consolid\u00f3 la rebeli\u00f3n del CNDP, liderada por Laurent Nkunda. En 2012 hizo su aparici\u00f3n el movimiento M23 (Mouvement du 23 mars).<\/p>\n\n\n\n<p class=\"wp-block-paragraph\">Junto a los principales grupos rebeldes \u2014 AFDL, RCD, CNDP, M23, ADF y CODECO \u2014, operan m\u00faltiples facciones armadas, principalmente en la zona oriental del pa\u00eds. El control institucional estatal contin\u00faa siendo d\u00e9bil en amplias \u00e1reas. Para los ciudadanos, esto se traduce en una constante zozobra respecto a la seguridad de sus familias.<\/p>\n\n\n\n<h2 id=\"una-poblacion-empobrecida-por-la-guerra\" class=\"wp-block-heading\">Una poblaci\u00f3n empobrecida por la guerra<\/h2>\n\n\n\n<p class=\"wp-block-paragraph\">Junto a la capacidad de resistencia, en la poblaci\u00f3n se ha asentado un sentimiento de resignaci\u00f3n. A muchas personas les cuesta concebir un retorno a la estabilidad y simplemente se esfuerzan por garantizar el sustento del hogar.<\/p>\n\n\n\n<p class=\"wp-block-paragraph\">La pobreza imperaba con fuerza antes del recrudecimiento de la violencia. Los salarios resultaban precarios: un maestro de escuela percib\u00eda cerca de 100 d\u00f3lares mensuales, en claro contraste con los ingresos de los cargos pol\u00edticos. Esta brecha econ\u00f3mica acent\u00faa la sensaci\u00f3n de abandono e injusticia entre los ciudadanos.<\/p>\n\n\n\n<p class=\"wp-block-paragraph\">El desempleo es elevado y escasean las oportunidades laborales. En medio de estas circunstancias, numerosas mujeres toman la iniciativa impulsando peque\u00f1os comercios o actividades de subsistencia para mantener a sus hijos.<\/p>\n\n\n\n<p class=\"wp-block-paragraph\">Con el fin de apoyar su labor, promovimos la creaci\u00f3n de colectivos denominados AVEC (Association Villageoise d\u2019\u00c9pargne et de Cr\u00e9dit), mediante los cuales acceden a peque\u00f1os microcr\u00e9ditos seg\u00fan los fondos disponibles. Algunas se dedican al comercio minorista, otras a la agricultura y otras a la cr\u00eda de animales de granja como conejos, aves y cerdos. Son labores sencillas que brindan a muchas familias una v\u00eda real de subsistencia e independencia econ\u00f3mica.<\/p>\n\n\n\n<h2 id=\"la-mision-en-una-tierra-de-conflicto\" class=\"wp-block-heading\">La misi\u00f3n en una tierra de conflicto<\/h2>\n\n\n\n<p class=\"wp-block-paragraph\">La labor misionera y pastoral se ha vuelto sumamente peligrosa en diversas \u00e1reas del Congo, en particular en el este del pa\u00eds, donde el territorio se disputa entre el ej\u00e9rcito y grupos armados.<\/p>\n\n\n\n<p class=\"wp-block-paragraph\">Mi experiencia personal da fe de esta realidad. Ejerzo como docente en el Seminario Mayor Interdiocesano de Teolog\u00eda San P\u00edo X de Murhesa, en la Arquidi\u00f3cesis de Bukavu, territorio bajo influencia del movimiento M23. Mi di\u00f3cesis de Uvira se encuentra dividida entre zonas ocupadas por la insurgencia y \u00e1reas bajo control gubernamental. Desplazarse de un punto a otro resulta complejo y peligroso. El seminario se ubica en un entorno delicado, rodeado por grupos enfrentados como el M23 y los Wazalendo. No siempre resulta posible manifestar abiertamente posturas sobre la coyuntura pol\u00edtica o militar. Debemos ofrecer serenidad y entereza a los j\u00f3venes seminaristas que se forman en medio del temor y el estruendo de las explosiones.<\/p>\n\n\n\n<h2 id=\"los-ninos-las-primeras-victimas\" class=\"wp-block-heading\">Los ni\u00f1os, las primeras v\u00edctimas<\/h2>\n\n\n\n<p class=\"wp-block-paragraph\">En este contexto, los menores representan las v\u00edctimas m\u00e1s vulnerables de la guerra. Los enfrentamientos interrumpen sus estudios, desestructuran los hogares, profundizan la precariedad e imponen una madurez precipitada.<\/p>\n\n\n\n<p class=\"wp-block-paragraph\">Asistir a la escuela deber\u00eda ser un derecho fundamental. En los entornos de conflicto, la asistencia escolar est\u00e1 sujeta a los combates y a los movimientos de tropas. La pobreza acent\u00faa la marginaci\u00f3n: hu\u00e9rfanos, madres j\u00f3venes y menores en extrema vulnerabilidad corren el riesgo de quedar excluidos de la formaci\u00f3n acad\u00e9mica. Por ellos hemos decidido enfocar nuestros principales proyectos de ayuda.<\/p>\n\n\n\n<h2 id=\"nuestros-proyectos\" class=\"wp-block-heading\">Nuestros proyectos<\/h2>\n\n\n\n<p class=\"wp-block-paragraph\">A trav\u00e9s de la asociaci\u00f3n italiana Mapendo Uvira ODV, de la cual formo parte como socio fundador, y en alianza con la Association Cha\u00eene de Membre con sede en Uvira, impulsamos diversas iniciativas en favor de la infancia y las familias vulnerables:<\/p>\n\n\n\n<ul class=\"wp-block-list\">\n<li><strong>Apadrinamiento escolar:<\/strong> Ofrecemos apoyo para la escolarizaci\u00f3n de menores en situaciones de extrema dificultad: hu\u00e9rfanos, madres j\u00f3venes y ni\u00f1os de familias de escasos recursos. Con 120 euros al a\u00f1o aseguramos los materiales b\u00e1sicos: cuadernos, uniformes y cuotas escolares. Incluso una aportaci\u00f3n modesta permite que un menor contin\u00fae educ\u00e1ndose.<\/li>\n\n\n\n<li><strong>Proyecto Excellentia:<\/strong> Varios de nuestros alumnos concluyen la educaci\u00f3n secundaria con calificaciones sobresalientes. No los dejamos solos cuando est\u00e1n listos para construir su porvenir. Mediante el proyecto Excellentia acompa\u00f1amos a estudiantes destacados en su formaci\u00f3n universitaria. Con unos 550 euros al a\u00f1o es posible costear los estudios superiores de un joven y brindarle la oportunidad de desarrollarse profesionalmente.<\/li>\n\n\n\n<li><strong>Rehabilitaci\u00f3n de escuelas:<\/strong> Los alumnos asisten tanto a centros p\u00fablicos como privados. Muchas de estas escuelas carecen de pupitres, pisos adecuados, servicios sanitarios y herramientas pedag\u00f3gicas elementales. Hemos restaurado \u00edntegramente la escuela de Nyamianda y equipado todas las aulas con mobiliario escolar. Invertir en educaci\u00f3n es asegurar el futuro de los ni\u00f1os y de la sociedad.<\/li>\n\n\n\n<li><strong>Taller de costura:<\/strong> Proyecto orientado a madres j\u00f3venes. Organizamos talleres de formaci\u00f3n profesional en confecci\u00f3n y facilitamos m\u00e1quinas de coser. El prop\u00f3sito es capacitarlas para que consigan autonom\u00eda econ\u00f3mica y mantengan a sus familias. Con una donaci\u00f3n de 170 euros se entrega una m\u00e1quina de coser completa con sus accesorios.<\/li>\n\n\n\n<li><strong>Proyecto \u00abAdopta a un seminarista\u00bb:<\/strong> Como Vicario Episcopal encargado de la formaci\u00f3n vocacional sacerdotal, he conocido de cerca las dificultades que afrontan los seminaristas. Los gastos de traslado y la atenci\u00f3n m\u00e9dica especializada recaen sobre familias fuertemente golpeadas por la guerra y la precariedad econ\u00f3mica. Con el proyecto \u00abAdopta a un seminarista\u00bb y una contribuci\u00f3n de 200 euros se cubren los costes esenciales de un candidato al sacerdocio.<\/li>\n<\/ul>\n\n\n\n<h2 id=\"no-dejar-que-la-guerra-decida-el-futuro-de-los-ninos\" class=\"wp-block-heading\">No dejar que la guerra decida el futuro de los ni\u00f1os<\/h2>\n\n\n\n<p class=\"wp-block-paragraph\">El conflicto en la Rep\u00fablica Democr\u00e1tica del Congo no es \u00fanicamente una contienda armada. Se refleja en los rostros de los ni\u00f1os apartados de las aulas, en los hogares desplazados, en las madres que luchan por alimentar a sus familias y en los j\u00f3venes cuyas aspiraciones se desvanecen.<\/p>\n\n\n\n<p class=\"wp-block-paragraph\">Por ello, sostenemos con convicci\u00f3n que la educaci\u00f3n, la formaci\u00f3n t\u00e9cnica, la universidad y la ayuda comunitaria son herramientas directas para la construcci\u00f3n de la paz.<\/p>\n\n\n\n<p class=\"wp-block-paragraph\">La guerra puede demoler edificios y obligar a huir, pero no debe arrebatar el futuro de una generaci\u00f3n.<\/p>\n\n\n\n<p class=\"wp-block-paragraph\">Seguimos trabajando activamente junto a los ni\u00f1os, j\u00f3venes y familias del Congo.<\/p>\n\n\n\n<p class=\"wp-block-paragraph\"><em>D. Tacite MULONDA ITULAMYA<br>E-mail: mulondaitulamya@yahoo.fr<br>M\u00f3vil: +393512425438<\/em><\/p>\n\n\n\n<p class=\"wp-block-paragraph\"><strong>Foto del padre Tacite Mulonda Itulamya<\/strong><\/p>\n\n\n\n<p class=\"wp-block-paragraph\"><\/p>\n","protected":false},"excerpt":{"rendered":"<p>\u00a1Una guerra sin fin! Seg\u00fan los especialistas en conflictos internacionales, una guerra abierta solo puede considerarse terminada cuando se declara formalmente su conclusi\u00f3n. En el Congo, dicha declaraci\u00f3n nunca se ha producido. Tras casi tres d\u00e9cadas de enfrentamientos, el conflicto armado se ha convertido en una dram\u00e1tica cotidianidad para la poblaci\u00f3n. Durante las treguas temporales, &#8230; <a title=\"\u00c1frica, Congo | La guerra sin fin y los proyectos de esperanza para los ni\u00f1os\" class=\"read-more\" href=\"https:\/\/spaziospadoni.org\/es\/africa-congo-la-guerra-sin-fin-y-los-proyectos-de-esperanza-para-los-ninos\/\" aria-label=\"Read more about \u00c1frica, Congo | La guerra sin fin y los proyectos de esperanza para los ni\u00f1os\">Leer m\u00e1s<\/a><\/p>\n","protected":false},"author":39,"featured_media":90184,"comment_status":"closed","ping_status":"closed","sticky":false,"template":"","format":"standard","meta":{"_sitemap_exclude":false,"_sitemap_priority":"","_sitemap_frequency":"","ss_featured_image_title":"","ss_featured_image_alt":"Ni\u00f1os en el Congo en guerra","ss_featured_image_caption":"RDC \u2013 En fila para recoger agua en Kamanyola, cerca de la parroquia donde se encuentra el pozo","footnotes":""},"categories":[2470],"tags":[3050,2721,2576,4040,2610],"class_list":["post-90185","post","type-post","status-publish","format-standard","has-post-thumbnail","hentry","category-noticias-del-mundo","tag-educacion-es","tag-guerra-es","tag-mision","tag-ninos-africanos","tag-republica-democratica-del-congo","infinite-scroll-item","generate-columns","tablet-grid-50","mobile-grid-100","grid-parent","grid-50"],"yoast_head":"<!-- This site is optimized with the Yoast SEO plugin v28.4 - https:\/\/yoast.com\/product\/yoast-seo-wordpress\/ -->\n<title>\u00c1frica, Congo | Educar para salvar el futuro de los ni\u00f1os<\/title>\n<meta name=\"description\" content=\"En Congo la guerra amenaza a los menores. Conoce los proyectos educativos y de solidaridad para defender su futuro.\" \/>\n<meta name=\"robots\" content=\"index, follow, max-snippet:-1, max-image-preview:large, max-video-preview:-1\" \/>\n<link rel=\"canonical\" href=\"https:\/\/spaziospadoni.org\/es\/africa-congo-la-guerra-sin-fin-y-los-proyectos-de-esperanza-para-los-ninos\/\" \/>\n<meta property=\"og:locale\" content=\"es_ES\" \/>\n<meta property=\"og:type\" content=\"article\" \/>\n<meta property=\"og:title\" content=\"\u00c1frica, Congo | Educar para salvar el futuro de los ni\u00f1os\" \/>\n<meta property=\"og:description\" content=\"En Congo la guerra amenaza a los menores. Conoce los proyectos educativos y de solidaridad para defender su futuro.\" \/>\n<meta property=\"og:url\" content=\"https:\/\/spaziospadoni.org\/es\/africa-congo-la-guerra-sin-fin-y-los-proyectos-de-esperanza-para-los-ninos\/\" \/>\n<meta property=\"og:site_name\" content=\"spazio + spadoni\" \/>\n<meta property=\"article:publisher\" content=\"https:\/\/www.facebook.com\/SpazioSpadoni\/\" \/>\n<meta property=\"article:published_time\" content=\"2026-08-19T06:20:00+00:00\" \/>\n<meta property=\"og:image\" content=\"https:\/\/spaziospadoni.org\/wp-content\/uploads\/2026\/08\/congo-guerra-bambini.webp\" \/>\n\t<meta property=\"og:image:width\" content=\"1200\" \/>\n\t<meta property=\"og:image:height\" content=\"800\" \/>\n\t<meta property=\"og:image:type\" content=\"image\/webp\" \/>\n<meta name=\"author\" content=\"Redazione\" \/>\n<meta name=\"twitter:card\" content=\"summary_large_image\" \/>\n<meta name=\"twitter:label1\" content=\"Escrito por\" \/>\n\t<meta name=\"twitter:data1\" content=\"Redacci\u00f3n\" \/>\n\t<meta name=\"twitter:label2\" content=\"Est. reading time\" \/>\n\t<meta name=\"twitter:data2\" content=\"7 minutes\" \/>\n<script type=\"application\/ld+json\" class=\"yoast-schema-graph\">{\"@context\":\"https:\\\/\\\/schema.org\",\"@graph\":[{\"@type\":\"Article\",\"@id\":\"https:\\\/\\\/spaziospadoni.org\\\/es\\\/africa-congo-la-guerra-sin-fin-y-los-proyectos-de-esperanza-para-los-ninos\\\/#article\",\"isPartOf\":{\"@id\":\"https:\\\/\\\/spaziospadoni.org\\\/es\\\/africa-congo-la-guerra-sin-fin-y-los-proyectos-de-esperanza-para-los-ninos\\\/\"},\"author\":{\"name\":\"Redazione\",\"@id\":\"https:\\\/\\\/spaziospadoni.org\\\/es\\\/#\\\/schema\\\/person\\\/411d7e71b4962bebf7ac6c70acc9a7bc\"},\"headline\":\"\u00c1frica, Congo | La guerra sin fin y los proyectos de esperanza para los ni\u00f1os\",\"datePublished\":\"2026-08-19T06:20:00+00:00\",\"mainEntityOfPage\":{\"@id\":\"https:\\\/\\\/spaziospadoni.org\\\/es\\\/africa-congo-la-guerra-sin-fin-y-los-proyectos-de-esperanza-para-los-ninos\\\/\"},\"wordCount\":1243,\"publisher\":{\"@id\":\"https:\\\/\\\/spaziospadoni.org\\\/es\\\/#organization\"},\"image\":{\"@id\":\"https:\\\/\\\/spaziospadoni.org\\\/es\\\/africa-congo-la-guerra-sin-fin-y-los-proyectos-de-esperanza-para-los-ninos\\\/#primaryimage\"},\"thumbnailUrl\":\"https:\\\/\\\/spaziospadoni.org\\\/wp-content\\\/uploads\\\/2026\\\/08\\\/congo-guerra-bambini.webp\",\"keywords\":[\"Educaci\u00f3n\",\"Guerra\",\"Misi\u00f3n\",\"ni\u00f1os africanos\",\"Rep\u00fablica Democr\u00e1tica del Congo\"],\"articleSection\":[\"Noticias del mundo\"],\"inLanguage\":\"es-ES\"},{\"@type\":\"WebPage\",\"@id\":\"https:\\\/\\\/spaziospadoni.org\\\/es\\\/africa-congo-la-guerra-sin-fin-y-los-proyectos-de-esperanza-para-los-ninos\\\/\",\"url\":\"https:\\\/\\\/spaziospadoni.org\\\/es\\\/africa-congo-la-guerra-sin-fin-y-los-proyectos-de-esperanza-para-los-ninos\\\/\",\"name\":\"\u00c1frica, Congo | Educar para salvar el futuro de los ni\u00f1os\",\"isPartOf\":{\"@id\":\"https:\\\/\\\/spaziospadoni.org\\\/es\\\/#website\"},\"primaryImageOfPage\":{\"@id\":\"https:\\\/\\\/spaziospadoni.org\\\/es\\\/africa-congo-la-guerra-sin-fin-y-los-proyectos-de-esperanza-para-los-ninos\\\/#primaryimage\"},\"image\":{\"@id\":\"https:\\\/\\\/spaziospadoni.org\\\/es\\\/africa-congo-la-guerra-sin-fin-y-los-proyectos-de-esperanza-para-los-ninos\\\/#primaryimage\"},\"thumbnailUrl\":\"https:\\\/\\\/spaziospadoni.org\\\/wp-content\\\/uploads\\\/2026\\\/08\\\/congo-guerra-bambini.webp\",\"datePublished\":\"2026-08-19T06:20:00+00:00\",\"description\":\"En Congo la guerra amenaza a los menores. Conoce los proyectos educativos y de solidaridad para defender su futuro.\",\"breadcrumb\":{\"@id\":\"https:\\\/\\\/spaziospadoni.org\\\/es\\\/africa-congo-la-guerra-sin-fin-y-los-proyectos-de-esperanza-para-los-ninos\\\/#breadcrumb\"},\"inLanguage\":\"es-ES\",\"potentialAction\":[{\"@type\":\"ReadAction\",\"target\":[\"https:\\\/\\\/spaziospadoni.org\\\/es\\\/africa-congo-la-guerra-sin-fin-y-los-proyectos-de-esperanza-para-los-ninos\\\/\"]}]},{\"@type\":\"ImageObject\",\"inLanguage\":\"es-ES\",\"@id\":\"https:\\\/\\\/spaziospadoni.org\\\/es\\\/africa-congo-la-guerra-sin-fin-y-los-proyectos-de-esperanza-para-los-ninos\\\/#primaryimage\",\"url\":\"https:\\\/\\\/spaziospadoni.org\\\/wp-content\\\/uploads\\\/2026\\\/08\\\/congo-guerra-bambini.webp\",\"contentUrl\":\"https:\\\/\\\/spaziospadoni.org\\\/wp-content\\\/uploads\\\/2026\\\/08\\\/congo-guerra-bambini.webp\",\"width\":1200,\"height\":800,\"caption\":\"RDC \u2013 En fila para recoger agua en Kamanyola, cerca de la parroquia donde se encuentra el pozo\"},{\"@type\":\"BreadcrumbList\",\"@id\":\"https:\\\/\\\/spaziospadoni.org\\\/es\\\/africa-congo-la-guerra-sin-fin-y-los-proyectos-de-esperanza-para-los-ninos\\\/#breadcrumb\",\"itemListElement\":[{\"@type\":\"ListItem\",\"position\":1,\"name\":\"Home\",\"item\":\"https:\\\/\\\/spaziospadoni.org\\\/es\\\/\"},{\"@type\":\"ListItem\",\"position\":2,\"name\":\"\u00c1frica, Congo | La guerra sin fin y los proyectos de esperanza para los ni\u00f1os\"}]},{\"@type\":\"WebSite\",\"@id\":\"https:\\\/\\\/spaziospadoni.org\\\/es\\\/#website\",\"url\":\"https:\\\/\\\/spaziospadoni.org\\\/es\\\/\",\"name\":\"spazio + spadoni\",\"description\":\"Generazione di misericordia e missione nel mondo\",\"publisher\":{\"@id\":\"https:\\\/\\\/spaziospadoni.org\\\/es\\\/#organization\"},\"alternateName\":\"spaziospadoni.org\",\"potentialAction\":[{\"@type\":\"SearchAction\",\"target\":{\"@type\":\"EntryPoint\",\"urlTemplate\":\"https:\\\/\\\/spaziospadoni.org\\\/es\\\/?s={search_term_string}\"},\"query-input\":{\"@type\":\"PropertyValueSpecification\",\"valueRequired\":true,\"valueName\":\"search_term_string\"}}],\"inLanguage\":\"es-ES\"},{\"@type\":\"Organization\",\"@id\":\"https:\\\/\\\/spaziospadoni.org\\\/es\\\/#organization\",\"name\":\"spazio + spadoni\",\"alternateName\":\"spaziospadoni.org\",\"url\":\"https:\\\/\\\/spaziospadoni.org\\\/es\\\/\",\"logo\":{\"@type\":\"ImageObject\",\"inLanguage\":\"es-ES\",\"@id\":\"https:\\\/\\\/spaziospadoni.org\\\/es\\\/#\\\/schema\\\/logo\\\/image\\\/\",\"url\":\"https:\\\/\\\/spaziospadoni.org\\\/wp-content\\\/uploads\\\/2026\\\/05\\\/spazio-spadoni-logo-100x100-1.webp\",\"contentUrl\":\"https:\\\/\\\/spaziospadoni.org\\\/wp-content\\\/uploads\\\/2026\\\/05\\\/spazio-spadoni-logo-100x100-1.webp\",\"width\":100,\"height\":100,\"caption\":\"spazio + spadoni\"},\"image\":{\"@id\":\"https:\\\/\\\/spaziospadoni.org\\\/es\\\/#\\\/schema\\\/logo\\\/image\\\/\"},\"sameAs\":[\"https:\\\/\\\/www.facebook.com\\\/SpazioSpadoni\\\/\",\"https:\\\/\\\/www.instagram.com\\\/spaziospadoni\\\/\",\"https:\\\/\\\/www.youtube.com\\\/@spaziospadoni\\\/playlists\"]},{\"@type\":\"Person\",\"@id\":\"https:\\\/\\\/spaziospadoni.org\\\/es\\\/#\\\/schema\\\/person\\\/411d7e71b4962bebf7ac6c70acc9a7bc\",\"name\":\"Redazione\",\"image\":{\"@type\":\"ImageObject\",\"inLanguage\":\"es-ES\",\"@id\":\"https:\\\/\\\/secure.gravatar.com\\\/avatar\\\/2ba413b4dca69409b680ae806ab0dce8a38d5d2cc2123a96af7bbbee33a5742e?s=96&d=mm&r=g\",\"url\":\"https:\\\/\\\/secure.gravatar.com\\\/avatar\\\/2ba413b4dca69409b680ae806ab0dce8a38d5d2cc2123a96af7bbbee33a5742e?s=96&d=mm&r=g\",\"contentUrl\":\"https:\\\/\\\/secure.gravatar.com\\\/avatar\\\/2ba413b4dca69409b680ae806ab0dce8a38d5d2cc2123a96af7bbbee33a5742e?s=96&d=mm&r=g\",\"caption\":\"Redazione\"},\"url\":\"https:\\\/\\\/spaziospadoni.org\\\/es\\\/author\\\/redazione\\\/\"}]}<\/script>\n<!-- \/ Yoast SEO plugin. -->","yoast_head_json":{"title":"\u00c1frica, Congo | Educar para salvar el futuro de los ni\u00f1os","description":"En Congo la guerra amenaza a los menores. Conoce los proyectos educativos y de solidaridad para defender su futuro.","robots":{"index":"index","follow":"follow","max-snippet":"max-snippet:-1","max-image-preview":"max-image-preview:large","max-video-preview":"max-video-preview:-1"},"canonical":"https:\/\/spaziospadoni.org\/es\/africa-congo-la-guerra-sin-fin-y-los-proyectos-de-esperanza-para-los-ninos\/","og_locale":"es_ES","og_type":"article","og_title":"\u00c1frica, Congo | Educar para salvar el futuro de los ni\u00f1os","og_description":"En Congo la guerra amenaza a los menores. Conoce los proyectos educativos y de solidaridad para defender su futuro.","og_url":"https:\/\/spaziospadoni.org\/es\/africa-congo-la-guerra-sin-fin-y-los-proyectos-de-esperanza-para-los-ninos\/","og_site_name":"spazio + spadoni","article_publisher":"https:\/\/www.facebook.com\/SpazioSpadoni\/","article_published_time":"2026-08-19T06:20:00+00:00","og_image":[{"width":1200,"height":800,"url":"https:\/\/spaziospadoni.org\/wp-content\/uploads\/2026\/08\/congo-guerra-bambini.webp","type":"image\/webp"}],"author":"Redazione","twitter_card":"summary_large_image","twitter_misc":{"Escrito por":"Redacci\u00f3n","Est. reading time":"7 minutes"},"schema":{"@context":"https:\/\/schema.org","@graph":[{"@type":"Article","@id":"https:\/\/spaziospadoni.org\/es\/africa-congo-la-guerra-sin-fin-y-los-proyectos-de-esperanza-para-los-ninos\/#article","isPartOf":{"@id":"https:\/\/spaziospadoni.org\/es\/africa-congo-la-guerra-sin-fin-y-los-proyectos-de-esperanza-para-los-ninos\/"},"author":{"name":"Redazione","@id":"https:\/\/spaziospadoni.org\/es\/#\/schema\/person\/411d7e71b4962bebf7ac6c70acc9a7bc"},"headline":"\u00c1frica, Congo | La guerra sin fin y los proyectos de esperanza para los ni\u00f1os","datePublished":"2026-08-19T06:20:00+00:00","mainEntityOfPage":{"@id":"https:\/\/spaziospadoni.org\/es\/africa-congo-la-guerra-sin-fin-y-los-proyectos-de-esperanza-para-los-ninos\/"},"wordCount":1243,"publisher":{"@id":"https:\/\/spaziospadoni.org\/es\/#organization"},"image":{"@id":"https:\/\/spaziospadoni.org\/es\/africa-congo-la-guerra-sin-fin-y-los-proyectos-de-esperanza-para-los-ninos\/#primaryimage"},"thumbnailUrl":"https:\/\/spaziospadoni.org\/wp-content\/uploads\/2026\/08\/congo-guerra-bambini.webp","keywords":["Educaci\u00f3n","Guerra","Misi\u00f3n","ni\u00f1os africanos","Rep\u00fablica Democr\u00e1tica del Congo"],"articleSection":["Noticias del mundo"],"inLanguage":"es-ES"},{"@type":"WebPage","@id":"https:\/\/spaziospadoni.org\/es\/africa-congo-la-guerra-sin-fin-y-los-proyectos-de-esperanza-para-los-ninos\/","url":"https:\/\/spaziospadoni.org\/es\/africa-congo-la-guerra-sin-fin-y-los-proyectos-de-esperanza-para-los-ninos\/","name":"\u00c1frica, Congo | Educar para salvar el futuro de los ni\u00f1os","isPartOf":{"@id":"https:\/\/spaziospadoni.org\/es\/#website"},"primaryImageOfPage":{"@id":"https:\/\/spaziospadoni.org\/es\/africa-congo-la-guerra-sin-fin-y-los-proyectos-de-esperanza-para-los-ninos\/#primaryimage"},"image":{"@id":"https:\/\/spaziospadoni.org\/es\/africa-congo-la-guerra-sin-fin-y-los-proyectos-de-esperanza-para-los-ninos\/#primaryimage"},"thumbnailUrl":"https:\/\/spaziospadoni.org\/wp-content\/uploads\/2026\/08\/congo-guerra-bambini.webp","datePublished":"2026-08-19T06:20:00+00:00","description":"En Congo la guerra amenaza a los menores. Conoce los proyectos educativos y de solidaridad para defender su futuro.","breadcrumb":{"@id":"https:\/\/spaziospadoni.org\/es\/africa-congo-la-guerra-sin-fin-y-los-proyectos-de-esperanza-para-los-ninos\/#breadcrumb"},"inLanguage":"es-ES","potentialAction":[{"@type":"ReadAction","target":["https:\/\/spaziospadoni.org\/es\/africa-congo-la-guerra-sin-fin-y-los-proyectos-de-esperanza-para-los-ninos\/"]}]},{"@type":"ImageObject","inLanguage":"es-ES","@id":"https:\/\/spaziospadoni.org\/es\/africa-congo-la-guerra-sin-fin-y-los-proyectos-de-esperanza-para-los-ninos\/#primaryimage","url":"https:\/\/spaziospadoni.org\/wp-content\/uploads\/2026\/08\/congo-guerra-bambini.webp","contentUrl":"https:\/\/spaziospadoni.org\/wp-content\/uploads\/2026\/08\/congo-guerra-bambini.webp","width":1200,"height":800,"caption":"RDC \u2013 En fila para recoger agua en Kamanyola, cerca de la parroquia donde se encuentra el pozo"},{"@type":"BreadcrumbList","@id":"https:\/\/spaziospadoni.org\/es\/africa-congo-la-guerra-sin-fin-y-los-proyectos-de-esperanza-para-los-ninos\/#breadcrumb","itemListElement":[{"@type":"ListItem","position":1,"name":"Home","item":"https:\/\/spaziospadoni.org\/es\/"},{"@type":"ListItem","position":2,"name":"\u00c1frica, Congo | La guerra sin fin y los proyectos de esperanza para los ni\u00f1os"}]},{"@type":"WebSite","@id":"https:\/\/spaziospadoni.org\/es\/#website","url":"https:\/\/spaziospadoni.org\/es\/","name":"spazio + spadoni","description":"Generazione di misericordia e missione nel mondo","publisher":{"@id":"https:\/\/spaziospadoni.org\/es\/#organization"},"alternateName":"spaziospadoni.org","potentialAction":[{"@type":"SearchAction","target":{"@type":"EntryPoint","urlTemplate":"https:\/\/spaziospadoni.org\/es\/?s={search_term_string}"},"query-input":{"@type":"PropertyValueSpecification","valueRequired":true,"valueName":"search_term_string"}}],"inLanguage":"es-ES"},{"@type":"Organization","@id":"https:\/\/spaziospadoni.org\/es\/#organization","name":"spazio + spadoni","alternateName":"spaziospadoni.org","url":"https:\/\/spaziospadoni.org\/es\/","logo":{"@type":"ImageObject","inLanguage":"es-ES","@id":"https:\/\/spaziospadoni.org\/es\/#\/schema\/logo\/image\/","url":"https:\/\/spaziospadoni.org\/wp-content\/uploads\/2026\/05\/spazio-spadoni-logo-100x100-1.webp","contentUrl":"https:\/\/spaziospadoni.org\/wp-content\/uploads\/2026\/05\/spazio-spadoni-logo-100x100-1.webp","width":100,"height":100,"caption":"spazio + spadoni"},"image":{"@id":"https:\/\/spaziospadoni.org\/es\/#\/schema\/logo\/image\/"},"sameAs":["https:\/\/www.facebook.com\/SpazioSpadoni\/","https:\/\/www.instagram.com\/spaziospadoni\/","https:\/\/www.youtube.com\/@spaziospadoni\/playlists"]},{"@type":"Person","@id":"https:\/\/spaziospadoni.org\/es\/#\/schema\/person\/411d7e71b4962bebf7ac6c70acc9a7bc","name":"Redazione","image":{"@type":"ImageObject","inLanguage":"es-ES","@id":"https:\/\/secure.gravatar.com\/avatar\/2ba413b4dca69409b680ae806ab0dce8a38d5d2cc2123a96af7bbbee33a5742e?s=96&d=mm&r=g","url":"https:\/\/secure.gravatar.com\/avatar\/2ba413b4dca69409b680ae806ab0dce8a38d5d2cc2123a96af7bbbee33a5742e?s=96&d=mm&r=g","contentUrl":"https:\/\/secure.gravatar.com\/avatar\/2ba413b4dca69409b680ae806ab0dce8a38d5d2cc2123a96af7bbbee33a5742e?s=96&d=mm&r=g","caption":"Redazione"},"url":"https:\/\/spaziospadoni.org\/es\/author\/redazione\/"}]}},"_links":{"self":[{"href":"https:\/\/spaziospadoni.org\/es\/wp-json\/wp\/v2\/posts\/90185","targetHints":{"allow":["GET"]}}],"collection":[{"href":"https:\/\/spaziospadoni.org\/es\/wp-json\/wp\/v2\/posts"}],"about":[{"href":"https:\/\/spaziospadoni.org\/es\/wp-json\/wp\/v2\/types\/post"}],"author":[{"embeddable":true,"href":"https:\/\/spaziospadoni.org\/es\/wp-json\/wp\/v2\/users\/39"}],"replies":[{"embeddable":true,"href":"https:\/\/spaziospadoni.org\/es\/wp-json\/wp\/v2\/comments?post=90185"}],"version-history":[{"count":2,"href":"https:\/\/spaziospadoni.org\/es\/wp-json\/wp\/v2\/posts\/90185\/revisions"}],"predecessor-version":[{"id":90192,"href":"https:\/\/spaziospadoni.org\/es\/wp-json\/wp\/v2\/posts\/90185\/revisions\/90192"}],"wp:featuredmedia":[{"embeddable":true,"href":"https:\/\/spaziospadoni.org\/es\/wp-json\/wp\/v2\/media\/90184"}],"wp:attachment":[{"href":"https:\/\/spaziospadoni.org\/es\/wp-json\/wp\/v2\/media?parent=90185"}],"wp:term":[{"taxonomy":"category","embeddable":true,"href":"https:\/\/spaziospadoni.org\/es\/wp-json\/wp\/v2\/categories?post=90185"},{"taxonomy":"post_tag","embeddable":true,"href":"https:\/\/spaziospadoni.org\/es\/wp-json\/wp\/v2\/tags?post=90185"}],"curies":[{"name":"wp","href":"https:\/\/api.w.org\/{rel}","templated":true}]}}