{"id":90408,"date":"2026-08-20T07:00:00","date_gmt":"2026-08-20T06:00:00","guid":{"rendered":"https:\/\/spaziospadoni.org\/?p=90408"},"modified":"2026-08-18T10:37:55","modified_gmt":"2026-08-18T09:37:55","slug":"africa-republica-democratica-del-congo-en-el-corazon-de-los-conflictos-elegimos-el-dialogo-entrevista-con-destin-byandike","status":"publish","type":"post","link":"https:\/\/spaziospadoni.org\/es\/africa-republica-democratica-del-congo-en-el-corazon-de-los-conflictos-elegimos-el-dialogo-entrevista-con-destin-byandike\/","title":{"rendered":"\u00c1frica, Rep\u00fablica Democr\u00e1tica del Congo | \u00abEn el coraz\u00f3n de los conflictos, elegimos el di\u00e1logo\u00bb, entrevista con Destin Byandike"},"content":{"rendered":"\n<pre class=\"wp-block-verse\"><em>La Universidad de los M\u00e1rtires del Congo establece el Centro Africano para la Paz, la Mediaci\u00f3n y la Diplomacia (CAPMD-UNIM).<\/em><br><strong><br><\/strong><em>Seg\u00fan el investigador <\/em><strong><em>Destin Byandike, especialista en negociaci\u00f3n internacional y nuevo corresponsal de spazio + spadoni<\/em><\/strong><em>, el diagn\u00f3stico es evidente: tras d\u00e9cadas de conflictos en el este del pa\u00eds, faltan mecanismos de prevenci\u00f3n nacidos desde el interior.<br><br>El CAPMD se postula como una forma de \u201cdiplomacia universitaria\u201d, fundamentada en cuatro pilares: ESCUCHAR, DIALOGAR, RECONCILIAR, RESOLVER.<br><br>El objetivo consiste en formar mediadores congole\u00f1os, desarrollar l\u00edneas de investigaci\u00f3n y acompa\u00f1ar a las comunidades en el territorio.<br><br>Bajo la direcci\u00f3n del profesor y general Alain Alisa Job Sambokera, el CAPMD invita a investigadores, responsables de toma de decisiones y socios a sumarse y hacer suya esta iniciativa.<\/em><\/pre>\n\n\n\n<h2 id=\"senor-destin-byandike-cual-es-la-realidad-que-impulso-a-la-unim-a-crear-este-centro\" class=\"wp-block-heading\">Se\u00f1or Destin Byandike,  \u00bfCu\u00e1l es la realidad que impuls\u00f3 a la UNIM a crear este centro?<\/h2>\n\n\n\n<p class=\"wp-block-paragraph\">La constataci\u00f3n surge prioritariamente de la investigaci\u00f3n. Durante la formaci\u00f3n en la Escuela de Diplomacia, Negociaci\u00f3n y Mediaci\u00f3n de la UNIM, los hallazgos de nuestros estudios evidenciaron una necesidad clara: <strong>urge un centro africano especializado en el di\u00e1logo por la paz<\/strong>, la resoluci\u00f3n de conflictos y la cooperaci\u00f3n regional e internacional para la seguridad integral en \u00c1frica.<\/p>\n\n\n\n<p class=\"wp-block-paragraph\">La RDC, particularmente en su regi\u00f3n oriental, sufre ciclos de violencia desde hace d\u00e9cadas. A pesar de las intervenciones internacionales, escasean <strong>mecanismos preventivos<\/strong> surgidos de las propias comunidades.<\/p>\n\n\n\n<p class=\"wp-block-paragraph\">En la UNIM concluimos que era momento de que la universidad congole\u00f1a aportase respuestas cient\u00edficas y pr\u00e1cticas para su propia sociedad. As\u00ed nace el CAPMD-UNIM.<\/p>\n\n\n\n<h2 id=\"en-que-se-diferencia-su-enfoque\" class=\"wp-block-heading\">\u00bfEn qu\u00e9 se diferencia su enfoque?<\/h2>\n\n\n\n<p class=\"wp-block-paragraph\">Nuestro lema lo sintetiza: ESCUCHAR, DIALOGAR, RECONCILIAR, RESOLVER.<\/p>\n\n\n\n<p class=\"wp-block-paragraph\">No pretendemos imponer la paz desde arriba. Buscamos primero atender las causas estructurales del conflicto, acercar a los grupos sociales y propiciar consensos locales.<\/p>\n\n\n\n<p class=\"wp-block-paragraph\">El CAPMD aspira a <strong>capacitar<\/strong> a mediadores congole\u00f1os, generar conocimiento riguroso sobre la paz en la RDC e intervenir sobre el terreno. Es una diplomacia con ra\u00edz universitaria.<\/p>\n\n\n\n<h2 id=\"por-que-poner-el-foco-en-el-este-de-la-rdc\" class=\"wp-block-heading\">\u00bfPor qu\u00e9 poner el foco en el este de la RDC?<\/h2>\n\n\n\n<p class=\"wp-block-paragraph\">Porque es donde el dolor resulta m\u00e1s severo en la actualidad: desplazamientos forzosos masivos y ruptura de la cohesi\u00f3n comunitaria.<\/p>\n\n\n\n<p class=\"wp-block-paragraph\">Sin embargo, nuestra proyecci\u00f3n abarca el \u00e1mbito nacional y continental. Si logramos afianzar la estabilidad en el Este mediante el di\u00e1logo, brindaremos un modelo aplicable a toda \u00c1frica.<\/p>\n\n\n\n<h2 id=\"que-papel-desempenan-europa-y-los-socios-internacionales\" class=\"wp-block-heading\">\u00bfQu\u00e9 papel desempe\u00f1an Europa y los socios internacionales?<\/h2>\n\n\n\n<p class=\"wp-block-paragraph\">La implicaci\u00f3n de los colaboradores externos es fundamental, aunque debe mantenerse como apoyo. Requerimos alianzas t\u00e9cnicas y financieras para la capacitaci\u00f3n y la investigaci\u00f3n. El CAPMD proyecta formalizar acuerdos de cooperaci\u00f3n para el per\u00edodo 2026-2027.<\/p>\n\n\n\n<p class=\"wp-block-paragraph\">Con todo, <strong>el liderazgo debe ser genuinamente congole\u00f1o y africano<\/strong>. Europa puede contribuir a financiar la generaci\u00f3n de conocimiento, no a sustituirla.<\/p>\n\n\n\n<h2 id=\"mantiene-el-optimismo-sobre-la-paz-en-la-rdc\" class=\"wp-block-heading\">\u00bfMantiene el optimismo sobre la paz en la RDC?<\/h2>\n\n\n\n<p class=\"wp-block-paragraph\">Como investigador, soy realista. Pero tambi\u00e9n soy congole\u00f1o. Y tengo la certeza de que mientras apostemos por el di\u00e1logo frente a las armas, habr\u00e1 esperanza. Ese es nuestro compromiso.<\/p>\n\n\n\n<blockquote class=\"wp-block-quote is-layout-flow wp-block-quote-is-layout-flow\">\n<p class=\"wp-block-paragraph\"><em>\u00abEn el coraz\u00f3n de los conflictos, elegimos el di\u00e1logo; frente a las divisiones, construimos la paz\u00bb.<\/em> <\/p>\n<\/blockquote>\n\n\n\n<p class=\"wp-block-paragraph\">Deseo adem\u00e1s reconocer el esfuerzo y la visi\u00f3n del profesor y general Alain Alisa Job Sambokera, cuyo liderazgo ha hecho realidad este proyecto en la UNIM.<\/p>\n\n\n\n<blockquote class=\"wp-block-quote is-layout-flow wp-block-quote-is-layout-flow\">\n<p class=\"wp-block-paragraph\"><em>\u00abLa paz no se decreta. Se construye, escuchando ante todo a quienes sufren\u00bb.<\/em><\/p>\n<\/blockquote>\n\n\n\n<p class=\"wp-block-paragraph\">Hago por tanto un llamamiento a investigadores, diplom\u00e1ticos, dirigentes y especialistas africanos para que respalden esta iniciativa, la cual aportar\u00e1 una respuesta adaptada y transformadora para la Rep\u00fablica Democr\u00e1tica del Congo.<\/p>\n\n\n\n<p class=\"wp-block-paragraph\"><strong>Foto de Destin Byandike<\/strong><\/p>\n\n\n\n<p class=\"wp-block-paragraph\"><\/p>\n","protected":false},"excerpt":{"rendered":"<p>La Universidad de los M\u00e1rtires del Congo establece el Centro Africano para la Paz, la Mediaci\u00f3n y la Diplomacia (CAPMD-UNIM).Seg\u00fan el investigador Destin Byandike, especialista en negociaci\u00f3n internacional y nuevo corresponsal de spazio + spadoni, el diagn\u00f3stico es evidente: tras d\u00e9cadas de conflictos en el este del pa\u00eds, faltan mecanismos de prevenci\u00f3n nacidos desde el &#8230; <a title=\"\u00c1frica, Rep\u00fablica Democr\u00e1tica del Congo | \u00abEn el coraz\u00f3n de los conflictos, elegimos el di\u00e1logo\u00bb, entrevista con Destin Byandike\" class=\"read-more\" href=\"https:\/\/spaziospadoni.org\/es\/africa-republica-democratica-del-congo-en-el-corazon-de-los-conflictos-elegimos-el-dialogo-entrevista-con-destin-byandike\/\" aria-label=\"Read more about \u00c1frica, Rep\u00fablica Democr\u00e1tica del Congo | \u00abEn el coraz\u00f3n de los conflictos, elegimos el di\u00e1logo\u00bb, entrevista con Destin Byandike\">Leer m\u00e1s<\/a><\/p>\n","protected":false},"author":111,"featured_media":90407,"comment_status":"closed","ping_status":"closed","sticky":false,"template":"","format":"standard","meta":{"_sitemap_exclude":false,"_sitemap_priority":"","_sitemap_frequency":"","ss_featured_image_title":"","ss_featured_image_alt":"Universidad de los M\u00e1rtires del Congo en la RDC","ss_featured_image_caption":"La Universidad de los M\u00e1rtires del Congo crea el Centro Africano de Paz, Mediaci\u00f3n y Diplomacia (CAPMD-UNIM).","footnotes":""},"categories":[2400],"tags":[3233,2710,3380,2610],"class_list":["post-90408","post","type-post","status-publish","format-standard","has-post-thumbnail","hentry","category-de-los-suenos-a-las-obras","tag-dialogo-es","tag-paz-es","tag-reconciliacion","tag-republica-democratica-del-congo","infinite-scroll-item","generate-columns","tablet-grid-50","mobile-grid-100","grid-parent","grid-50"],"yoast_head":"<!-- This site is optimized with the Yoast SEO plugin v28.4 - https:\/\/yoast.com\/product\/yoast-seo-wordpress\/ -->\n<title>\u00c1frica, Rep\u00fablica Democr\u00e1tica del Congo | \u00abEn el coraz\u00f3n de los conflictos, elegimos el di\u00e1logo\u00bb, entrevista con Destin Byandike<\/title>\n<meta name=\"description\" content=\"Entrevista a Destin Byandike sobre el Centro Africano para la Paz, Mediaci\u00f3n y Diplomacia (CAPMD-UNIM) en la Universidad de los M\u00e1rtires del Congo.\" \/>\n<meta name=\"robots\" content=\"index, follow, max-snippet:-1, max-image-preview:large, max-video-preview:-1\" \/>\n<link rel=\"canonical\" href=\"https:\/\/spaziospadoni.org\/es\/africa-republica-democratica-del-congo-en-el-corazon-de-los-conflictos-elegimos-el-dialogo-entrevista-con-destin-byandike\/\" \/>\n<meta property=\"og:locale\" content=\"es_ES\" \/>\n<meta property=\"og:type\" content=\"article\" \/>\n<meta property=\"og:title\" content=\"\u00c1frica, Rep\u00fablica Democr\u00e1tica del Congo | \u00abEn el coraz\u00f3n de los conflictos, elegimos el di\u00e1logo\u00bb, entrevista con Destin Byandike\" \/>\n<meta property=\"og:description\" content=\"Entrevista a Destin Byandike sobre el Centro Africano para la Paz, Mediaci\u00f3n y Diplomacia (CAPMD-UNIM) en la Universidad de los M\u00e1rtires del Congo.\" \/>\n<meta property=\"og:url\" content=\"https:\/\/spaziospadoni.org\/es\/africa-republica-democratica-del-congo-en-el-corazon-de-los-conflictos-elegimos-el-dialogo-entrevista-con-destin-byandike\/\" \/>\n<meta property=\"og:site_name\" content=\"spazio + spadoni\" \/>\n<meta property=\"article:publisher\" content=\"https:\/\/www.facebook.com\/SpazioSpadoni\/\" \/>\n<meta property=\"article:published_time\" content=\"2026-08-20T06:00:00+00:00\" \/>\n<meta property=\"og:image\" content=\"https:\/\/spaziospadoni.org\/wp-content\/uploads\/2026\/08\/universita-martiri-congo.webp\" \/>\n\t<meta property=\"og:image:width\" content=\"1200\" \/>\n\t<meta property=\"og:image:height\" content=\"800\" \/>\n\t<meta property=\"og:image:type\" content=\"image\/webp\" \/>\n<meta name=\"author\" content=\"Destin Byandike\" \/>\n<meta name=\"twitter:card\" content=\"summary_large_image\" \/>\n<meta name=\"twitter:label1\" content=\"Escrito por\" \/>\n\t<meta name=\"twitter:data1\" content=\"Destin Byandike\" \/>\n\t<meta name=\"twitter:label2\" content=\"Est. reading time\" \/>\n\t<meta name=\"twitter:data2\" content=\"3 minutes\" \/>\n<script type=\"application\/ld+json\" class=\"yoast-schema-graph\">{\"@context\":\"https:\\\/\\\/schema.org\",\"@graph\":[{\"@type\":\"Article\",\"@id\":\"https:\\\/\\\/spaziospadoni.org\\\/es\\\/africa-republica-democratica-del-congo-en-el-corazon-de-los-conflictos-elegimos-el-dialogo-entrevista-con-destin-byandike\\\/#article\",\"isPartOf\":{\"@id\":\"https:\\\/\\\/spaziospadoni.org\\\/es\\\/africa-republica-democratica-del-congo-en-el-corazon-de-los-conflictos-elegimos-el-dialogo-entrevista-con-destin-byandike\\\/\"},\"author\":{\"name\":\"Destin Byandike\",\"@id\":\"https:\\\/\\\/spaziospadoni.org\\\/es\\\/#\\\/schema\\\/person\\\/6297cff4ad988760cee72bb3f83e078f\"},\"headline\":\"\u00c1frica, Rep\u00fablica Democr\u00e1tica del Congo | \u00abEn el coraz\u00f3n de los conflictos, elegimos el di\u00e1logo\u00bb, entrevista con Destin Byandike\",\"datePublished\":\"2026-08-20T06:00:00+00:00\",\"mainEntityOfPage\":{\"@id\":\"https:\\\/\\\/spaziospadoni.org\\\/es\\\/africa-republica-democratica-del-congo-en-el-corazon-de-los-conflictos-elegimos-el-dialogo-entrevista-con-destin-byandike\\\/\"},\"wordCount\":506,\"publisher\":{\"@id\":\"https:\\\/\\\/spaziospadoni.org\\\/es\\\/#organization\"},\"image\":{\"@id\":\"https:\\\/\\\/spaziospadoni.org\\\/es\\\/africa-republica-democratica-del-congo-en-el-corazon-de-los-conflictos-elegimos-el-dialogo-entrevista-con-destin-byandike\\\/#primaryimage\"},\"thumbnailUrl\":\"https:\\\/\\\/spaziospadoni.org\\\/wp-content\\\/uploads\\\/2026\\\/08\\\/universita-martiri-congo.webp\",\"keywords\":[\"di\u00e1logo\",\"Paz\",\"reconciliaci\u00f3n\",\"Rep\u00fablica Democr\u00e1tica del Congo\"],\"articleSection\":[\"De los sue\u00f1os a las obras\"],\"inLanguage\":\"es-ES\"},{\"@type\":\"WebPage\",\"@id\":\"https:\\\/\\\/spaziospadoni.org\\\/es\\\/africa-republica-democratica-del-congo-en-el-corazon-de-los-conflictos-elegimos-el-dialogo-entrevista-con-destin-byandike\\\/\",\"url\":\"https:\\\/\\\/spaziospadoni.org\\\/es\\\/africa-republica-democratica-del-congo-en-el-corazon-de-los-conflictos-elegimos-el-dialogo-entrevista-con-destin-byandike\\\/\",\"name\":\"\u00c1frica, Rep\u00fablica Democr\u00e1tica del Congo | \u00abEn el coraz\u00f3n de los conflictos, elegimos el di\u00e1logo\u00bb, entrevista con Destin Byandike\",\"isPartOf\":{\"@id\":\"https:\\\/\\\/spaziospadoni.org\\\/es\\\/#website\"},\"primaryImageOfPage\":{\"@id\":\"https:\\\/\\\/spaziospadoni.org\\\/es\\\/africa-republica-democratica-del-congo-en-el-corazon-de-los-conflictos-elegimos-el-dialogo-entrevista-con-destin-byandike\\\/#primaryimage\"},\"image\":{\"@id\":\"https:\\\/\\\/spaziospadoni.org\\\/es\\\/africa-republica-democratica-del-congo-en-el-corazon-de-los-conflictos-elegimos-el-dialogo-entrevista-con-destin-byandike\\\/#primaryimage\"},\"thumbnailUrl\":\"https:\\\/\\\/spaziospadoni.org\\\/wp-content\\\/uploads\\\/2026\\\/08\\\/universita-martiri-congo.webp\",\"datePublished\":\"2026-08-20T06:00:00+00:00\",\"description\":\"Entrevista a Destin Byandike sobre el Centro Africano para la Paz, Mediaci\u00f3n y Diplomacia (CAPMD-UNIM) en la Universidad de los M\u00e1rtires del Congo.\",\"breadcrumb\":{\"@id\":\"https:\\\/\\\/spaziospadoni.org\\\/es\\\/africa-republica-democratica-del-congo-en-el-corazon-de-los-conflictos-elegimos-el-dialogo-entrevista-con-destin-byandike\\\/#breadcrumb\"},\"inLanguage\":\"es-ES\",\"potentialAction\":[{\"@type\":\"ReadAction\",\"target\":[\"https:\\\/\\\/spaziospadoni.org\\\/es\\\/africa-republica-democratica-del-congo-en-el-corazon-de-los-conflictos-elegimos-el-dialogo-entrevista-con-destin-byandike\\\/\"]}]},{\"@type\":\"ImageObject\",\"inLanguage\":\"es-ES\",\"@id\":\"https:\\\/\\\/spaziospadoni.org\\\/es\\\/africa-republica-democratica-del-congo-en-el-corazon-de-los-conflictos-elegimos-el-dialogo-entrevista-con-destin-byandike\\\/#primaryimage\",\"url\":\"https:\\\/\\\/spaziospadoni.org\\\/wp-content\\\/uploads\\\/2026\\\/08\\\/universita-martiri-congo.webp\",\"contentUrl\":\"https:\\\/\\\/spaziospadoni.org\\\/wp-content\\\/uploads\\\/2026\\\/08\\\/universita-martiri-congo.webp\",\"width\":1200,\"height\":800,\"caption\":\"La Universidad de los M\u00e1rtires del Congo crea el Centro Africano de Paz, Mediaci\u00f3n y Diplomacia (CAPMD-UNIM).\"},{\"@type\":\"BreadcrumbList\",\"@id\":\"https:\\\/\\\/spaziospadoni.org\\\/es\\\/africa-republica-democratica-del-congo-en-el-corazon-de-los-conflictos-elegimos-el-dialogo-entrevista-con-destin-byandike\\\/#breadcrumb\",\"itemListElement\":[{\"@type\":\"ListItem\",\"position\":1,\"name\":\"Home\",\"item\":\"https:\\\/\\\/spaziospadoni.org\\\/es\\\/\"},{\"@type\":\"ListItem\",\"position\":2,\"name\":\"\u00c1frica, Rep\u00fablica Democr\u00e1tica del Congo | \u00abEn el coraz\u00f3n de los conflictos, elegimos el di\u00e1logo\u00bb, entrevista con Destin Byandike\"}]},{\"@type\":\"WebSite\",\"@id\":\"https:\\\/\\\/spaziospadoni.org\\\/es\\\/#website\",\"url\":\"https:\\\/\\\/spaziospadoni.org\\\/es\\\/\",\"name\":\"spazio + spadoni\",\"description\":\"Generazione di misericordia e missione nel mondo\",\"publisher\":{\"@id\":\"https:\\\/\\\/spaziospadoni.org\\\/es\\\/#organization\"},\"alternateName\":\"spaziospadoni.org\",\"potentialAction\":[{\"@type\":\"SearchAction\",\"target\":{\"@type\":\"EntryPoint\",\"urlTemplate\":\"https:\\\/\\\/spaziospadoni.org\\\/es\\\/?s={search_term_string}\"},\"query-input\":{\"@type\":\"PropertyValueSpecification\",\"valueRequired\":true,\"valueName\":\"search_term_string\"}}],\"inLanguage\":\"es-ES\"},{\"@type\":\"Organization\",\"@id\":\"https:\\\/\\\/spaziospadoni.org\\\/es\\\/#organization\",\"name\":\"spazio + spadoni\",\"alternateName\":\"spaziospadoni.org\",\"url\":\"https:\\\/\\\/spaziospadoni.org\\\/es\\\/\",\"logo\":{\"@type\":\"ImageObject\",\"inLanguage\":\"es-ES\",\"@id\":\"https:\\\/\\\/spaziospadoni.org\\\/es\\\/#\\\/schema\\\/logo\\\/image\\\/\",\"url\":\"https:\\\/\\\/spaziospadoni.org\\\/wp-content\\\/uploads\\\/2026\\\/05\\\/spazio-spadoni-logo-100x100-1.webp\",\"contentUrl\":\"https:\\\/\\\/spaziospadoni.org\\\/wp-content\\\/uploads\\\/2026\\\/05\\\/spazio-spadoni-logo-100x100-1.webp\",\"width\":100,\"height\":100,\"caption\":\"spazio + spadoni\"},\"image\":{\"@id\":\"https:\\\/\\\/spaziospadoni.org\\\/es\\\/#\\\/schema\\\/logo\\\/image\\\/\"},\"sameAs\":[\"https:\\\/\\\/www.facebook.com\\\/SpazioSpadoni\\\/\",\"https:\\\/\\\/www.instagram.com\\\/spaziospadoni\\\/\",\"https:\\\/\\\/www.youtube.com\\\/@spaziospadoni\\\/playlists\"]},{\"@type\":\"Person\",\"@id\":\"https:\\\/\\\/spaziospadoni.org\\\/es\\\/#\\\/schema\\\/person\\\/6297cff4ad988760cee72bb3f83e078f\",\"name\":\"Destin Byandike\",\"image\":{\"@type\":\"ImageObject\",\"inLanguage\":\"es-ES\",\"@id\":\"https:\\\/\\\/secure.gravatar.com\\\/avatar\\\/fd5587495a9a6aa30e738c0964461efb38a880d11d17dd49b6ecbb17fb18d017?s=96&d=mm&r=g\",\"url\":\"https:\\\/\\\/secure.gravatar.com\\\/avatar\\\/fd5587495a9a6aa30e738c0964461efb38a880d11d17dd49b6ecbb17fb18d017?s=96&d=mm&r=g\",\"contentUrl\":\"https:\\\/\\\/secure.gravatar.com\\\/avatar\\\/fd5587495a9a6aa30e738c0964461efb38a880d11d17dd49b6ecbb17fb18d017?s=96&d=mm&r=g\",\"caption\":\"Destin Byandike\"},\"description\":\"Cittadino della Repubblica Democratica del Congo. Autore e ricercatore nel campo della pace nella RDC. Specializzato in cooperazione internazionale e negoziazione strategica presso la Scuola Nazionale di Diplomazia, Negoziazione e Mediazione dell\u2019Universit\u00e0 dei Martiri del Congo. Svolge le sue attivit\u00e0 di ricerca presso l\u2019Universit\u00e0 dei Martiri del Congo ed \u00e8 ricercatore associato alla Revue Africaine des Sciences Sociales, con sede in Camerun.\",\"url\":\"https:\\\/\\\/spaziospadoni.org\\\/es\\\/author\\\/ddyandikespspadoni\\\/\"}]}<\/script>\n<!-- \/ Yoast SEO plugin. -->","yoast_head_json":{"title":"\u00c1frica, Rep\u00fablica Democr\u00e1tica del Congo | \u00abEn el coraz\u00f3n de los conflictos, elegimos el di\u00e1logo\u00bb, entrevista con Destin Byandike","description":"Entrevista a Destin Byandike sobre el Centro Africano para la Paz, Mediaci\u00f3n y Diplomacia (CAPMD-UNIM) en la Universidad de los M\u00e1rtires del Congo.","robots":{"index":"index","follow":"follow","max-snippet":"max-snippet:-1","max-image-preview":"max-image-preview:large","max-video-preview":"max-video-preview:-1"},"canonical":"https:\/\/spaziospadoni.org\/es\/africa-republica-democratica-del-congo-en-el-corazon-de-los-conflictos-elegimos-el-dialogo-entrevista-con-destin-byandike\/","og_locale":"es_ES","og_type":"article","og_title":"\u00c1frica, Rep\u00fablica Democr\u00e1tica del Congo | \u00abEn el coraz\u00f3n de los conflictos, elegimos el di\u00e1logo\u00bb, entrevista con Destin Byandike","og_description":"Entrevista a Destin Byandike sobre el Centro Africano para la Paz, Mediaci\u00f3n y Diplomacia (CAPMD-UNIM) en la Universidad de los M\u00e1rtires del Congo.","og_url":"https:\/\/spaziospadoni.org\/es\/africa-republica-democratica-del-congo-en-el-corazon-de-los-conflictos-elegimos-el-dialogo-entrevista-con-destin-byandike\/","og_site_name":"spazio + spadoni","article_publisher":"https:\/\/www.facebook.com\/SpazioSpadoni\/","article_published_time":"2026-08-20T06:00:00+00:00","og_image":[{"width":1200,"height":800,"url":"https:\/\/spaziospadoni.org\/wp-content\/uploads\/2026\/08\/universita-martiri-congo.webp","type":"image\/webp"}],"author":"Destin Byandike","twitter_card":"summary_large_image","twitter_misc":{"Escrito por":"Destin Byandike","Est. reading time":"3 minutes"},"schema":{"@context":"https:\/\/schema.org","@graph":[{"@type":"Article","@id":"https:\/\/spaziospadoni.org\/es\/africa-republica-democratica-del-congo-en-el-corazon-de-los-conflictos-elegimos-el-dialogo-entrevista-con-destin-byandike\/#article","isPartOf":{"@id":"https:\/\/spaziospadoni.org\/es\/africa-republica-democratica-del-congo-en-el-corazon-de-los-conflictos-elegimos-el-dialogo-entrevista-con-destin-byandike\/"},"author":{"name":"Destin Byandike","@id":"https:\/\/spaziospadoni.org\/es\/#\/schema\/person\/6297cff4ad988760cee72bb3f83e078f"},"headline":"\u00c1frica, Rep\u00fablica Democr\u00e1tica del Congo | \u00abEn el coraz\u00f3n de los conflictos, elegimos el di\u00e1logo\u00bb, entrevista con Destin Byandike","datePublished":"2026-08-20T06:00:00+00:00","mainEntityOfPage":{"@id":"https:\/\/spaziospadoni.org\/es\/africa-republica-democratica-del-congo-en-el-corazon-de-los-conflictos-elegimos-el-dialogo-entrevista-con-destin-byandike\/"},"wordCount":506,"publisher":{"@id":"https:\/\/spaziospadoni.org\/es\/#organization"},"image":{"@id":"https:\/\/spaziospadoni.org\/es\/africa-republica-democratica-del-congo-en-el-corazon-de-los-conflictos-elegimos-el-dialogo-entrevista-con-destin-byandike\/#primaryimage"},"thumbnailUrl":"https:\/\/spaziospadoni.org\/wp-content\/uploads\/2026\/08\/universita-martiri-congo.webp","keywords":["di\u00e1logo","Paz","reconciliaci\u00f3n","Rep\u00fablica Democr\u00e1tica del Congo"],"articleSection":["De los sue\u00f1os a las obras"],"inLanguage":"es-ES"},{"@type":"WebPage","@id":"https:\/\/spaziospadoni.org\/es\/africa-republica-democratica-del-congo-en-el-corazon-de-los-conflictos-elegimos-el-dialogo-entrevista-con-destin-byandike\/","url":"https:\/\/spaziospadoni.org\/es\/africa-republica-democratica-del-congo-en-el-corazon-de-los-conflictos-elegimos-el-dialogo-entrevista-con-destin-byandike\/","name":"\u00c1frica, Rep\u00fablica Democr\u00e1tica del Congo | \u00abEn el coraz\u00f3n de los conflictos, elegimos el di\u00e1logo\u00bb, entrevista con Destin Byandike","isPartOf":{"@id":"https:\/\/spaziospadoni.org\/es\/#website"},"primaryImageOfPage":{"@id":"https:\/\/spaziospadoni.org\/es\/africa-republica-democratica-del-congo-en-el-corazon-de-los-conflictos-elegimos-el-dialogo-entrevista-con-destin-byandike\/#primaryimage"},"image":{"@id":"https:\/\/spaziospadoni.org\/es\/africa-republica-democratica-del-congo-en-el-corazon-de-los-conflictos-elegimos-el-dialogo-entrevista-con-destin-byandike\/#primaryimage"},"thumbnailUrl":"https:\/\/spaziospadoni.org\/wp-content\/uploads\/2026\/08\/universita-martiri-congo.webp","datePublished":"2026-08-20T06:00:00+00:00","description":"Entrevista a Destin Byandike sobre el Centro Africano para la Paz, Mediaci\u00f3n y Diplomacia (CAPMD-UNIM) en la Universidad de los M\u00e1rtires del Congo.","breadcrumb":{"@id":"https:\/\/spaziospadoni.org\/es\/africa-republica-democratica-del-congo-en-el-corazon-de-los-conflictos-elegimos-el-dialogo-entrevista-con-destin-byandike\/#breadcrumb"},"inLanguage":"es-ES","potentialAction":[{"@type":"ReadAction","target":["https:\/\/spaziospadoni.org\/es\/africa-republica-democratica-del-congo-en-el-corazon-de-los-conflictos-elegimos-el-dialogo-entrevista-con-destin-byandike\/"]}]},{"@type":"ImageObject","inLanguage":"es-ES","@id":"https:\/\/spaziospadoni.org\/es\/africa-republica-democratica-del-congo-en-el-corazon-de-los-conflictos-elegimos-el-dialogo-entrevista-con-destin-byandike\/#primaryimage","url":"https:\/\/spaziospadoni.org\/wp-content\/uploads\/2026\/08\/universita-martiri-congo.webp","contentUrl":"https:\/\/spaziospadoni.org\/wp-content\/uploads\/2026\/08\/universita-martiri-congo.webp","width":1200,"height":800,"caption":"La Universidad de los M\u00e1rtires del Congo crea el Centro Africano de Paz, Mediaci\u00f3n y Diplomacia (CAPMD-UNIM)."},{"@type":"BreadcrumbList","@id":"https:\/\/spaziospadoni.org\/es\/africa-republica-democratica-del-congo-en-el-corazon-de-los-conflictos-elegimos-el-dialogo-entrevista-con-destin-byandike\/#breadcrumb","itemListElement":[{"@type":"ListItem","position":1,"name":"Home","item":"https:\/\/spaziospadoni.org\/es\/"},{"@type":"ListItem","position":2,"name":"\u00c1frica, Rep\u00fablica Democr\u00e1tica del Congo | \u00abEn el coraz\u00f3n de los conflictos, elegimos el di\u00e1logo\u00bb, entrevista con Destin Byandike"}]},{"@type":"WebSite","@id":"https:\/\/spaziospadoni.org\/es\/#website","url":"https:\/\/spaziospadoni.org\/es\/","name":"spazio + spadoni","description":"Generazione di misericordia e missione nel mondo","publisher":{"@id":"https:\/\/spaziospadoni.org\/es\/#organization"},"alternateName":"spaziospadoni.org","potentialAction":[{"@type":"SearchAction","target":{"@type":"EntryPoint","urlTemplate":"https:\/\/spaziospadoni.org\/es\/?s={search_term_string}"},"query-input":{"@type":"PropertyValueSpecification","valueRequired":true,"valueName":"search_term_string"}}],"inLanguage":"es-ES"},{"@type":"Organization","@id":"https:\/\/spaziospadoni.org\/es\/#organization","name":"spazio + spadoni","alternateName":"spaziospadoni.org","url":"https:\/\/spaziospadoni.org\/es\/","logo":{"@type":"ImageObject","inLanguage":"es-ES","@id":"https:\/\/spaziospadoni.org\/es\/#\/schema\/logo\/image\/","url":"https:\/\/spaziospadoni.org\/wp-content\/uploads\/2026\/05\/spazio-spadoni-logo-100x100-1.webp","contentUrl":"https:\/\/spaziospadoni.org\/wp-content\/uploads\/2026\/05\/spazio-spadoni-logo-100x100-1.webp","width":100,"height":100,"caption":"spazio + spadoni"},"image":{"@id":"https:\/\/spaziospadoni.org\/es\/#\/schema\/logo\/image\/"},"sameAs":["https:\/\/www.facebook.com\/SpazioSpadoni\/","https:\/\/www.instagram.com\/spaziospadoni\/","https:\/\/www.youtube.com\/@spaziospadoni\/playlists"]},{"@type":"Person","@id":"https:\/\/spaziospadoni.org\/es\/#\/schema\/person\/6297cff4ad988760cee72bb3f83e078f","name":"Destin Byandike","image":{"@type":"ImageObject","inLanguage":"es-ES","@id":"https:\/\/secure.gravatar.com\/avatar\/fd5587495a9a6aa30e738c0964461efb38a880d11d17dd49b6ecbb17fb18d017?s=96&d=mm&r=g","url":"https:\/\/secure.gravatar.com\/avatar\/fd5587495a9a6aa30e738c0964461efb38a880d11d17dd49b6ecbb17fb18d017?s=96&d=mm&r=g","contentUrl":"https:\/\/secure.gravatar.com\/avatar\/fd5587495a9a6aa30e738c0964461efb38a880d11d17dd49b6ecbb17fb18d017?s=96&d=mm&r=g","caption":"Destin Byandike"},"description":"Cittadino della Repubblica Democratica del Congo. Autore e ricercatore nel campo della pace nella RDC. Specializzato in cooperazione internazionale e negoziazione strategica presso la Scuola Nazionale di Diplomazia, Negoziazione e Mediazione dell\u2019Universit\u00e0 dei Martiri del Congo. Svolge le sue attivit\u00e0 di ricerca presso l\u2019Universit\u00e0 dei Martiri del Congo ed \u00e8 ricercatore associato alla Revue Africaine des Sciences Sociales, con sede in Camerun.","url":"https:\/\/spaziospadoni.org\/es\/author\/ddyandikespspadoni\/"}]}},"_links":{"self":[{"href":"https:\/\/spaziospadoni.org\/es\/wp-json\/wp\/v2\/posts\/90408","targetHints":{"allow":["GET"]}}],"collection":[{"href":"https:\/\/spaziospadoni.org\/es\/wp-json\/wp\/v2\/posts"}],"about":[{"href":"https:\/\/spaziospadoni.org\/es\/wp-json\/wp\/v2\/types\/post"}],"author":[{"embeddable":true,"href":"https:\/\/spaziospadoni.org\/es\/wp-json\/wp\/v2\/users\/111"}],"replies":[{"embeddable":true,"href":"https:\/\/spaziospadoni.org\/es\/wp-json\/wp\/v2\/comments?post=90408"}],"version-history":[{"count":2,"href":"https:\/\/spaziospadoni.org\/es\/wp-json\/wp\/v2\/posts\/90408\/revisions"}],"predecessor-version":[{"id":90412,"href":"https:\/\/spaziospadoni.org\/es\/wp-json\/wp\/v2\/posts\/90408\/revisions\/90412"}],"wp:featuredmedia":[{"embeddable":true,"href":"https:\/\/spaziospadoni.org\/es\/wp-json\/wp\/v2\/media\/90407"}],"wp:attachment":[{"href":"https:\/\/spaziospadoni.org\/es\/wp-json\/wp\/v2\/media?parent=90408"}],"wp:term":[{"taxonomy":"category","embeddable":true,"href":"https:\/\/spaziospadoni.org\/es\/wp-json\/wp\/v2\/categories?post=90408"},{"taxonomy":"post_tag","embeddable":true,"href":"https:\/\/spaziospadoni.org\/es\/wp-json\/wp\/v2\/tags?post=90408"}],"curies":[{"name":"wp","href":"https:\/\/api.w.org\/{rel}","templated":true}]}}