{"id":90437,"date":"2026-08-18T07:30:00","date_gmt":"2026-08-18T06:30:00","guid":{"rendered":"https:\/\/spaziospadoni.org\/?p=90437"},"modified":"2026-08-18T13:28:21","modified_gmt":"2026-08-18T12:28:21","slug":"africa-camerun-elegir-quedarse","status":"publish","type":"post","link":"https:\/\/spaziospadoni.org\/es\/africa-camerun-elegir-quedarse\/","title":{"rendered":"\u00c1frica, Camer\u00fan | Elegir quedarse"},"content":{"rendered":"\n<p class=\"wp-block-paragraph\">Hay lugares en el mundo donde la vida cotidiana se transforma en una lucha silenciosa y dram\u00e1tica por la supervivencia. En la remota aldea de Baba 1, situada en la regi\u00f3n del Noroeste de Camer\u00fan, la poblaci\u00f3n enfrenta desde hace a\u00f1os una grave <strong>crisis humanitaria<\/strong>. <\/p>\n\n\n\n<p class=\"wp-block-paragraph\">La extrema pobreza, la ausencia de infraestructuras adecuadas, la escasez de agua potable y el acceso limitado a la educaci\u00f3n dibujan un panorama de profunda vulnerabilidad. <\/p>\n\n\n\n<p class=\"wp-block-paragraph\">A esta realidad se ha sumado un prolongado conflicto armado, caracterizado por la <strong>violencia<\/strong>, los secuestros sistem\u00e1ticos y un clima continuo de inseguridad que ha obligado a muchos a huir.<\/p>\n\n\n\n<p class=\"wp-block-paragraph\">Sin embargo, en este contexto marcado por el miedo, hay quienes han elegido con valent\u00eda no marcharse. <\/p>\n\n\n\n<p class=\"wp-block-paragraph\">Las <strong>Hermanas de la Santa Uni\u00f3n <\/strong>representan hoy la \u00fanica comunidad religiosa que permanece en el \u00e1rea. Presentes en el territorio desde la d\u00e9cada de 1960, las religiosas han decidido quedarse al lado de las familias locales, transformando su vida en un testimonio concreto de cercan\u00eda y <strong>solidaridad<\/strong>.<\/p>\n\n\n\n<h2 id=\"la-eleccion-de-quedarse-la-presencia-del-don\" class=\"wp-block-heading\">La elecci\u00f3n de quedarse: la presencia del don<\/h2>\n\n\n\n<p class=\"wp-block-paragraph\">\u00bfQu\u00e9 impulsa a alguien a permanecer en un lugar del que todos intentan huir? La respuesta reside en el valor profundo de la <strong>presencia<\/strong>. Quedarse significa pronunciar cada d\u00eda <code>HIC SUM<\/code>, un \u00abaqu\u00ed estoy\u00bb. manifestado en gestos cotidianos de acogida y escucha hacia quienes sufren. Las hermanas comparten las angustias de la poblaci\u00f3n, ofreciendo un punto de referencia seguro cuando todas las certezas parecen derrumbarse.<\/p>\n\n\n\n<p class=\"wp-block-paragraph\">En un panorama global a menudo dominado por la indiferencia, esta decisi\u00f3n encarna la din\u00e1mica de la <strong>reciprocidad en el don<\/strong>. No se trata de una simple asistencia de emergencia, mas bien de un camino compartido en el que se reconoce en el otro una dignidad fundamental que debe guardarse siempre.<\/p>\n\n\n\n<h2 id=\"servir-las-heridas-sin-hacer-calculos\" class=\"wp-block-heading\">Servir las heridas sin hacer c\u00e1lculos<\/h2>\n\n\n\n<p class=\"wp-block-paragraph\">La respuesta al sufrimiento se traduce en acciones concretas sobre el terreno. Las religiosas garantizan la atenci\u00f3n a los ancianos solos, asisten a las mujeres durante el embarazo y el parto, intervienen en los casos de desnutrici\u00f3n infantil y atienden a ni\u00f1os afectados por enfermedades repentinas. <\/p>\n\n\n\n<p class=\"wp-block-paragraph\">La <strong>caridad<\/strong> vivida en este rinc\u00f3n de \u00c1frica no es un sentimiento vago, sino un compromiso radical de servir al pr\u00f3jimo sin calcular costes ni consecuencias personales.<\/p>\n\n\n\n<p class=\"wp-block-paragraph\">El apoyo m\u00e9dico y la promoci\u00f3n de la salud comunitaria se convierten as\u00ed en la expresi\u00f3n tangible con la que se encarnan las <strong>obras de misericordia<\/strong>. Cada vida protegida y cada herida curada constituyen un paso real hacia la defensa de la humanidad.<\/p>\n\n\n\n<h2 id=\"una-esperanza-arraigada-que-no-defrauda\" class=\"wp-block-heading\">Una esperanza arraigada que no defrauda<\/h2>\n\n\n\n<p class=\"wp-block-paragraph\">La historia de Baba 1 demuestra que la esperanza no es una espera passiva, sino una acci\u00f3n valiente. Elegir servir en las periferias m\u00e1s olvidadas del planeta muestra c\u00f3mo la compasi\u00f3n es capaz de desencadenar procesos de <strong>cambio social<\/strong>. <\/p>\n\n\n\n<p class=\"wp-block-paragraph\">Incluso ante la devastaci\u00f3n de la guerra, la continuidad del cuidado y del servicio deja claro que la fraternidad puede vencer la espiral del odio.<\/p>\n\n\n\n<p class=\"wp-block-paragraph\"><strong>Imagen creada digitalmente por spazio + spadoni<\/strong><\/p>\n\n\n\n<p class=\"wp-block-paragraph\"><\/p>\n","protected":false},"excerpt":{"rendered":"<p>Hay lugares en el mundo donde la vida cotidiana se transforma en una lucha silenciosa y dram\u00e1tica por la supervivencia. En la remota aldea de Baba 1, situada en la regi\u00f3n del Noroeste de Camer\u00fan, la poblaci\u00f3n enfrenta desde hace a\u00f1os una grave crisis humanitaria. La extrema pobreza, la ausencia de infraestructuras adecuadas, la escasez &#8230; <a title=\"\u00c1frica, Camer\u00fan | Elegir quedarse\" class=\"read-more\" href=\"https:\/\/spaziospadoni.org\/es\/africa-camerun-elegir-quedarse\/\" aria-label=\"Read more about \u00c1frica, Camer\u00fan | Elegir quedarse\">Leer m\u00e1s<\/a><\/p>\n","protected":false},"author":39,"featured_media":90436,"comment_status":"closed","ping_status":"closed","sticky":false,"template":"","format":"standard","meta":{"_sitemap_exclude":false,"_sitemap_priority":"","_sitemap_frequency":"","ss_featured_image_title":"","ss_featured_image_alt":"Elegir quedarse","ss_featured_image_caption":"La presencia de las Hermanas de la Santa Uni\u00f3n en Camer\u00fan cuenta una historia de esperanza y cercan\u00eda.","footnotes":""},"categories":[2550],"tags":[2607,3062,2690,2343,4447],"class_list":["post-90437","post","type-post","status-publish","format-standard","has-post-thumbnail","hentry","category-vida-consagrada","tag-africa","tag-camerun-es","tag-esperanza","tag-monjas","tag-presencia","infinite-scroll-item","generate-columns","tablet-grid-50","mobile-grid-100","grid-parent","grid-50"],"yoast_head":"<!-- This site is optimized with the Yoast SEO plugin v28.4 - https:\/\/yoast.com\/product\/yoast-seo-wordpress\/ -->\n<title>Camer\u00fan: elegir quedarse en medio de la violencia<\/title>\n<meta name=\"description\" content=\"En el Noroeste de Camer\u00fan, las Hermanas de la Santa Uni\u00f3n eligen permanecer junto a la poblaci\u00f3n afectada por la pobreza y la guerra.\" \/>\n<meta name=\"robots\" content=\"index, follow, max-snippet:-1, max-image-preview:large, max-video-preview:-1\" \/>\n<link rel=\"canonical\" href=\"https:\/\/spaziospadoni.org\/es\/africa-camerun-elegir-quedarse\/\" \/>\n<meta property=\"og:locale\" content=\"es_ES\" \/>\n<meta property=\"og:type\" content=\"article\" \/>\n<meta property=\"og:title\" content=\"Camer\u00fan: elegir quedarse en medio de la violencia\" \/>\n<meta property=\"og:description\" content=\"En el Noroeste de Camer\u00fan, las Hermanas de la Santa Uni\u00f3n eligen permanecer junto a la poblaci\u00f3n afectada por la pobreza y la guerra.\" \/>\n<meta property=\"og:url\" content=\"https:\/\/spaziospadoni.org\/es\/africa-camerun-elegir-quedarse\/\" \/>\n<meta property=\"og:site_name\" content=\"spazio + spadoni\" \/>\n<meta property=\"article:publisher\" content=\"https:\/\/www.facebook.com\/SpazioSpadoni\/\" \/>\n<meta property=\"article:published_time\" content=\"2026-08-18T06:30:00+00:00\" \/>\n<meta property=\"article:modified_time\" content=\"2026-08-18T12:28:21+00:00\" \/>\n<meta property=\"og:image\" content=\"https:\/\/spaziospadoni.org\/wp-content\/uploads\/2026\/08\/camerun-vicinanza-difficolta.webp\" \/>\n\t<meta property=\"og:image:width\" content=\"1200\" \/>\n\t<meta property=\"og:image:height\" content=\"670\" \/>\n\t<meta property=\"og:image:type\" content=\"image\/webp\" \/>\n<meta name=\"author\" content=\"Redazione\" \/>\n<meta name=\"twitter:card\" content=\"summary_large_image\" \/>\n<meta name=\"twitter:label1\" content=\"Escrito por\" \/>\n\t<meta name=\"twitter:data1\" content=\"Redacci\u00f3n\" \/>\n\t<meta name=\"twitter:label2\" content=\"Est. reading time\" \/>\n\t<meta name=\"twitter:data2\" content=\"3 minutes\" \/>\n<script type=\"application\/ld+json\" class=\"yoast-schema-graph\">{\"@context\":\"https:\\\/\\\/schema.org\",\"@graph\":[{\"@type\":\"Article\",\"@id\":\"https:\\\/\\\/spaziospadoni.org\\\/es\\\/africa-camerun-elegir-quedarse\\\/#article\",\"isPartOf\":{\"@id\":\"https:\\\/\\\/spaziospadoni.org\\\/es\\\/africa-camerun-elegir-quedarse\\\/\"},\"author\":{\"name\":\"Redazione\",\"@id\":\"https:\\\/\\\/spaziospadoni.org\\\/es\\\/#\\\/schema\\\/person\\\/411d7e71b4962bebf7ac6c70acc9a7bc\"},\"headline\":\"\u00c1frica, Camer\u00fan | Elegir quedarse\",\"datePublished\":\"2026-08-18T06:30:00+00:00\",\"dateModified\":\"2026-08-18T12:28:21+00:00\",\"mainEntityOfPage\":{\"@id\":\"https:\\\/\\\/spaziospadoni.org\\\/es\\\/africa-camerun-elegir-quedarse\\\/\"},\"wordCount\":518,\"publisher\":{\"@id\":\"https:\\\/\\\/spaziospadoni.org\\\/es\\\/#organization\"},\"image\":{\"@id\":\"https:\\\/\\\/spaziospadoni.org\\\/es\\\/africa-camerun-elegir-quedarse\\\/#primaryimage\"},\"thumbnailUrl\":\"https:\\\/\\\/spaziospadoni.org\\\/wp-content\\\/uploads\\\/2026\\\/08\\\/camerun-vicinanza-difficolta.webp\",\"keywords\":[\"\u00c1frica\",\"Camer\u00fan\",\"esperanza\",\"Monjas\",\"presencia\"],\"articleSection\":[\"Vida consagrada\"],\"inLanguage\":\"es-ES\"},{\"@type\":\"WebPage\",\"@id\":\"https:\\\/\\\/spaziospadoni.org\\\/es\\\/africa-camerun-elegir-quedarse\\\/\",\"url\":\"https:\\\/\\\/spaziospadoni.org\\\/es\\\/africa-camerun-elegir-quedarse\\\/\",\"name\":\"Camer\u00fan: elegir quedarse en medio de la violencia\",\"isPartOf\":{\"@id\":\"https:\\\/\\\/spaziospadoni.org\\\/es\\\/#website\"},\"primaryImageOfPage\":{\"@id\":\"https:\\\/\\\/spaziospadoni.org\\\/es\\\/africa-camerun-elegir-quedarse\\\/#primaryimage\"},\"image\":{\"@id\":\"https:\\\/\\\/spaziospadoni.org\\\/es\\\/africa-camerun-elegir-quedarse\\\/#primaryimage\"},\"thumbnailUrl\":\"https:\\\/\\\/spaziospadoni.org\\\/wp-content\\\/uploads\\\/2026\\\/08\\\/camerun-vicinanza-difficolta.webp\",\"datePublished\":\"2026-08-18T06:30:00+00:00\",\"dateModified\":\"2026-08-18T12:28:21+00:00\",\"description\":\"En el Noroeste de Camer\u00fan, las Hermanas de la Santa Uni\u00f3n eligen permanecer junto a la poblaci\u00f3n afectada por la pobreza y la guerra.\",\"breadcrumb\":{\"@id\":\"https:\\\/\\\/spaziospadoni.org\\\/es\\\/africa-camerun-elegir-quedarse\\\/#breadcrumb\"},\"inLanguage\":\"es-ES\",\"potentialAction\":[{\"@type\":\"ReadAction\",\"target\":[\"https:\\\/\\\/spaziospadoni.org\\\/es\\\/africa-camerun-elegir-quedarse\\\/\"]}]},{\"@type\":\"ImageObject\",\"inLanguage\":\"es-ES\",\"@id\":\"https:\\\/\\\/spaziospadoni.org\\\/es\\\/africa-camerun-elegir-quedarse\\\/#primaryimage\",\"url\":\"https:\\\/\\\/spaziospadoni.org\\\/wp-content\\\/uploads\\\/2026\\\/08\\\/camerun-vicinanza-difficolta.webp\",\"contentUrl\":\"https:\\\/\\\/spaziospadoni.org\\\/wp-content\\\/uploads\\\/2026\\\/08\\\/camerun-vicinanza-difficolta.webp\",\"width\":1200,\"height\":670,\"caption\":\"La presencia de las Hermanas de la Santa Uni\u00f3n en Camer\u00fan cuenta una historia de esperanza y cercan\u00eda.\"},{\"@type\":\"BreadcrumbList\",\"@id\":\"https:\\\/\\\/spaziospadoni.org\\\/es\\\/africa-camerun-elegir-quedarse\\\/#breadcrumb\",\"itemListElement\":[{\"@type\":\"ListItem\",\"position\":1,\"name\":\"Home\",\"item\":\"https:\\\/\\\/spaziospadoni.org\\\/es\\\/\"},{\"@type\":\"ListItem\",\"position\":2,\"name\":\"\u00c1frica, Camer\u00fan | Elegir quedarse\"}]},{\"@type\":\"WebSite\",\"@id\":\"https:\\\/\\\/spaziospadoni.org\\\/es\\\/#website\",\"url\":\"https:\\\/\\\/spaziospadoni.org\\\/es\\\/\",\"name\":\"spazio + spadoni\",\"description\":\"Generazione di misericordia e missione nel mondo\",\"publisher\":{\"@id\":\"https:\\\/\\\/spaziospadoni.org\\\/es\\\/#organization\"},\"alternateName\":\"spaziospadoni.org\",\"potentialAction\":[{\"@type\":\"SearchAction\",\"target\":{\"@type\":\"EntryPoint\",\"urlTemplate\":\"https:\\\/\\\/spaziospadoni.org\\\/es\\\/?s={search_term_string}\"},\"query-input\":{\"@type\":\"PropertyValueSpecification\",\"valueRequired\":true,\"valueName\":\"search_term_string\"}}],\"inLanguage\":\"es-ES\"},{\"@type\":\"Organization\",\"@id\":\"https:\\\/\\\/spaziospadoni.org\\\/es\\\/#organization\",\"name\":\"spazio + spadoni\",\"alternateName\":\"spaziospadoni.org\",\"url\":\"https:\\\/\\\/spaziospadoni.org\\\/es\\\/\",\"logo\":{\"@type\":\"ImageObject\",\"inLanguage\":\"es-ES\",\"@id\":\"https:\\\/\\\/spaziospadoni.org\\\/es\\\/#\\\/schema\\\/logo\\\/image\\\/\",\"url\":\"https:\\\/\\\/spaziospadoni.org\\\/wp-content\\\/uploads\\\/2026\\\/05\\\/spazio-spadoni-logo-100x100-1.webp\",\"contentUrl\":\"https:\\\/\\\/spaziospadoni.org\\\/wp-content\\\/uploads\\\/2026\\\/05\\\/spazio-spadoni-logo-100x100-1.webp\",\"width\":100,\"height\":100,\"caption\":\"spazio + spadoni\"},\"image\":{\"@id\":\"https:\\\/\\\/spaziospadoni.org\\\/es\\\/#\\\/schema\\\/logo\\\/image\\\/\"},\"sameAs\":[\"https:\\\/\\\/www.facebook.com\\\/SpazioSpadoni\\\/\",\"https:\\\/\\\/www.instagram.com\\\/spaziospadoni\\\/\",\"https:\\\/\\\/www.youtube.com\\\/@spaziospadoni\\\/playlists\"]},{\"@type\":\"Person\",\"@id\":\"https:\\\/\\\/spaziospadoni.org\\\/es\\\/#\\\/schema\\\/person\\\/411d7e71b4962bebf7ac6c70acc9a7bc\",\"name\":\"Redazione\",\"image\":{\"@type\":\"ImageObject\",\"inLanguage\":\"es-ES\",\"@id\":\"https:\\\/\\\/secure.gravatar.com\\\/avatar\\\/2ba413b4dca69409b680ae806ab0dce8a38d5d2cc2123a96af7bbbee33a5742e?s=96&d=mm&r=g\",\"url\":\"https:\\\/\\\/secure.gravatar.com\\\/avatar\\\/2ba413b4dca69409b680ae806ab0dce8a38d5d2cc2123a96af7bbbee33a5742e?s=96&d=mm&r=g\",\"contentUrl\":\"https:\\\/\\\/secure.gravatar.com\\\/avatar\\\/2ba413b4dca69409b680ae806ab0dce8a38d5d2cc2123a96af7bbbee33a5742e?s=96&d=mm&r=g\",\"caption\":\"Redazione\"},\"url\":\"https:\\\/\\\/spaziospadoni.org\\\/es\\\/author\\\/redazione\\\/\"}]}<\/script>\n<!-- \/ Yoast SEO plugin. -->","yoast_head_json":{"title":"Camer\u00fan: elegir quedarse en medio de la violencia","description":"En el Noroeste de Camer\u00fan, las Hermanas de la Santa Uni\u00f3n eligen permanecer junto a la poblaci\u00f3n afectada por la pobreza y la guerra.","robots":{"index":"index","follow":"follow","max-snippet":"max-snippet:-1","max-image-preview":"max-image-preview:large","max-video-preview":"max-video-preview:-1"},"canonical":"https:\/\/spaziospadoni.org\/es\/africa-camerun-elegir-quedarse\/","og_locale":"es_ES","og_type":"article","og_title":"Camer\u00fan: elegir quedarse en medio de la violencia","og_description":"En el Noroeste de Camer\u00fan, las Hermanas de la Santa Uni\u00f3n eligen permanecer junto a la poblaci\u00f3n afectada por la pobreza y la guerra.","og_url":"https:\/\/spaziospadoni.org\/es\/africa-camerun-elegir-quedarse\/","og_site_name":"spazio + spadoni","article_publisher":"https:\/\/www.facebook.com\/SpazioSpadoni\/","article_published_time":"2026-08-18T06:30:00+00:00","article_modified_time":"2026-08-18T12:28:21+00:00","og_image":[{"width":1200,"height":670,"url":"https:\/\/spaziospadoni.org\/wp-content\/uploads\/2026\/08\/camerun-vicinanza-difficolta.webp","type":"image\/webp"}],"author":"Redazione","twitter_card":"summary_large_image","twitter_misc":{"Escrito por":"Redacci\u00f3n","Est. reading time":"3 minutes"},"schema":{"@context":"https:\/\/schema.org","@graph":[{"@type":"Article","@id":"https:\/\/spaziospadoni.org\/es\/africa-camerun-elegir-quedarse\/#article","isPartOf":{"@id":"https:\/\/spaziospadoni.org\/es\/africa-camerun-elegir-quedarse\/"},"author":{"name":"Redazione","@id":"https:\/\/spaziospadoni.org\/es\/#\/schema\/person\/411d7e71b4962bebf7ac6c70acc9a7bc"},"headline":"\u00c1frica, Camer\u00fan | Elegir quedarse","datePublished":"2026-08-18T06:30:00+00:00","dateModified":"2026-08-18T12:28:21+00:00","mainEntityOfPage":{"@id":"https:\/\/spaziospadoni.org\/es\/africa-camerun-elegir-quedarse\/"},"wordCount":518,"publisher":{"@id":"https:\/\/spaziospadoni.org\/es\/#organization"},"image":{"@id":"https:\/\/spaziospadoni.org\/es\/africa-camerun-elegir-quedarse\/#primaryimage"},"thumbnailUrl":"https:\/\/spaziospadoni.org\/wp-content\/uploads\/2026\/08\/camerun-vicinanza-difficolta.webp","keywords":["\u00c1frica","Camer\u00fan","esperanza","Monjas","presencia"],"articleSection":["Vida consagrada"],"inLanguage":"es-ES"},{"@type":"WebPage","@id":"https:\/\/spaziospadoni.org\/es\/africa-camerun-elegir-quedarse\/","url":"https:\/\/spaziospadoni.org\/es\/africa-camerun-elegir-quedarse\/","name":"Camer\u00fan: elegir quedarse en medio de la violencia","isPartOf":{"@id":"https:\/\/spaziospadoni.org\/es\/#website"},"primaryImageOfPage":{"@id":"https:\/\/spaziospadoni.org\/es\/africa-camerun-elegir-quedarse\/#primaryimage"},"image":{"@id":"https:\/\/spaziospadoni.org\/es\/africa-camerun-elegir-quedarse\/#primaryimage"},"thumbnailUrl":"https:\/\/spaziospadoni.org\/wp-content\/uploads\/2026\/08\/camerun-vicinanza-difficolta.webp","datePublished":"2026-08-18T06:30:00+00:00","dateModified":"2026-08-18T12:28:21+00:00","description":"En el Noroeste de Camer\u00fan, las Hermanas de la Santa Uni\u00f3n eligen permanecer junto a la poblaci\u00f3n afectada por la pobreza y la guerra.","breadcrumb":{"@id":"https:\/\/spaziospadoni.org\/es\/africa-camerun-elegir-quedarse\/#breadcrumb"},"inLanguage":"es-ES","potentialAction":[{"@type":"ReadAction","target":["https:\/\/spaziospadoni.org\/es\/africa-camerun-elegir-quedarse\/"]}]},{"@type":"ImageObject","inLanguage":"es-ES","@id":"https:\/\/spaziospadoni.org\/es\/africa-camerun-elegir-quedarse\/#primaryimage","url":"https:\/\/spaziospadoni.org\/wp-content\/uploads\/2026\/08\/camerun-vicinanza-difficolta.webp","contentUrl":"https:\/\/spaziospadoni.org\/wp-content\/uploads\/2026\/08\/camerun-vicinanza-difficolta.webp","width":1200,"height":670,"caption":"La presencia de las Hermanas de la Santa Uni\u00f3n en Camer\u00fan cuenta una historia de esperanza y cercan\u00eda."},{"@type":"BreadcrumbList","@id":"https:\/\/spaziospadoni.org\/es\/africa-camerun-elegir-quedarse\/#breadcrumb","itemListElement":[{"@type":"ListItem","position":1,"name":"Home","item":"https:\/\/spaziospadoni.org\/es\/"},{"@type":"ListItem","position":2,"name":"\u00c1frica, Camer\u00fan | Elegir quedarse"}]},{"@type":"WebSite","@id":"https:\/\/spaziospadoni.org\/es\/#website","url":"https:\/\/spaziospadoni.org\/es\/","name":"spazio + spadoni","description":"Generazione di misericordia e missione nel mondo","publisher":{"@id":"https:\/\/spaziospadoni.org\/es\/#organization"},"alternateName":"spaziospadoni.org","potentialAction":[{"@type":"SearchAction","target":{"@type":"EntryPoint","urlTemplate":"https:\/\/spaziospadoni.org\/es\/?s={search_term_string}"},"query-input":{"@type":"PropertyValueSpecification","valueRequired":true,"valueName":"search_term_string"}}],"inLanguage":"es-ES"},{"@type":"Organization","@id":"https:\/\/spaziospadoni.org\/es\/#organization","name":"spazio + spadoni","alternateName":"spaziospadoni.org","url":"https:\/\/spaziospadoni.org\/es\/","logo":{"@type":"ImageObject","inLanguage":"es-ES","@id":"https:\/\/spaziospadoni.org\/es\/#\/schema\/logo\/image\/","url":"https:\/\/spaziospadoni.org\/wp-content\/uploads\/2026\/05\/spazio-spadoni-logo-100x100-1.webp","contentUrl":"https:\/\/spaziospadoni.org\/wp-content\/uploads\/2026\/05\/spazio-spadoni-logo-100x100-1.webp","width":100,"height":100,"caption":"spazio + spadoni"},"image":{"@id":"https:\/\/spaziospadoni.org\/es\/#\/schema\/logo\/image\/"},"sameAs":["https:\/\/www.facebook.com\/SpazioSpadoni\/","https:\/\/www.instagram.com\/spaziospadoni\/","https:\/\/www.youtube.com\/@spaziospadoni\/playlists"]},{"@type":"Person","@id":"https:\/\/spaziospadoni.org\/es\/#\/schema\/person\/411d7e71b4962bebf7ac6c70acc9a7bc","name":"Redazione","image":{"@type":"ImageObject","inLanguage":"es-ES","@id":"https:\/\/secure.gravatar.com\/avatar\/2ba413b4dca69409b680ae806ab0dce8a38d5d2cc2123a96af7bbbee33a5742e?s=96&d=mm&r=g","url":"https:\/\/secure.gravatar.com\/avatar\/2ba413b4dca69409b680ae806ab0dce8a38d5d2cc2123a96af7bbbee33a5742e?s=96&d=mm&r=g","contentUrl":"https:\/\/secure.gravatar.com\/avatar\/2ba413b4dca69409b680ae806ab0dce8a38d5d2cc2123a96af7bbbee33a5742e?s=96&d=mm&r=g","caption":"Redazione"},"url":"https:\/\/spaziospadoni.org\/es\/author\/redazione\/"}]}},"_links":{"self":[{"href":"https:\/\/spaziospadoni.org\/es\/wp-json\/wp\/v2\/posts\/90437","targetHints":{"allow":["GET"]}}],"collection":[{"href":"https:\/\/spaziospadoni.org\/es\/wp-json\/wp\/v2\/posts"}],"about":[{"href":"https:\/\/spaziospadoni.org\/es\/wp-json\/wp\/v2\/types\/post"}],"author":[{"embeddable":true,"href":"https:\/\/spaziospadoni.org\/es\/wp-json\/wp\/v2\/users\/39"}],"replies":[{"embeddable":true,"href":"https:\/\/spaziospadoni.org\/es\/wp-json\/wp\/v2\/comments?post=90437"}],"version-history":[{"count":2,"href":"https:\/\/spaziospadoni.org\/es\/wp-json\/wp\/v2\/posts\/90437\/revisions"}],"predecessor-version":[{"id":90444,"href":"https:\/\/spaziospadoni.org\/es\/wp-json\/wp\/v2\/posts\/90437\/revisions\/90444"}],"wp:featuredmedia":[{"embeddable":true,"href":"https:\/\/spaziospadoni.org\/es\/wp-json\/wp\/v2\/media\/90436"}],"wp:attachment":[{"href":"https:\/\/spaziospadoni.org\/es\/wp-json\/wp\/v2\/media?parent=90437"}],"wp:term":[{"taxonomy":"category","embeddable":true,"href":"https:\/\/spaziospadoni.org\/es\/wp-json\/wp\/v2\/categories?post=90437"},{"taxonomy":"post_tag","embeddable":true,"href":"https:\/\/spaziospadoni.org\/es\/wp-json\/wp\/v2\/tags?post=90437"}],"curies":[{"name":"wp","href":"https:\/\/api.w.org\/{rel}","templated":true}]}}