{"id":90457,"date":"2026-08-17T17:00:00","date_gmt":"2026-08-17T16:00:00","guid":{"rendered":"https:\/\/spaziospadoni.org\/?p=90457"},"modified":"2026-08-18T13:56:50","modified_gmt":"2026-08-18T12:56:50","slug":"terremoto-en-indonesia-cercania-a-las-victimas-y-la-fuerza-de-la-solidaridad","status":"publish","type":"post","link":"https:\/\/spaziospadoni.org\/es\/terremoto-en-indonesia-cercania-a-las-victimas-y-la-fuerza-de-la-solidaridad\/","title":{"rendered":"Terremoto en Indonesia: cercan\u00eda a las v\u00edctimas y la fuerza de la solidaridad"},"content":{"rendered":"\n<p class=\"wp-block-paragraph\">La tierra ha vuelto a temblar con fuerza en el sudeste asi\u00e1tico. Un devastador <strong>terremoto<\/strong> ha sacudido la regi\u00f3n de Nusa Tenggara Oriental, en <strong>Indonesia<\/strong>, dejando tras de s\u00ed graves da\u00f1os materiales, numerosos heridos y miles de personas desplazadas que han perdido su hogar de forma repentina. Ante esta dolorosa emergencia, el Papa Le\u00f3n XIV expres\u00f3 su profundo pesar mediante un telegrama de condolencias firmado por el cardenal secretario de Estado Pietro Parolin y dirigido a monse\u00f1or Paulus Budi Kleden, arzobispo metropolitano de Ende.<\/p>\n\n\n\n<p class=\"wp-block-paragraph\">En la misiva, el Santo Padre manifiesta su \u00absolidaridad espiritual y su cercan\u00eda a cuantos contin\u00faan sufriendo las consecuencias de este desastre, en particular a los numerosos desplazados y heridos\u00bb. Junto con el consuelo de la oraci\u00f3n, el pont\u00edfice anim\u00f3 con firmeza a las autoridades eclesiales y civiles a perseverar en la entrega de <strong>asistencia humanitaria<\/strong>. Asimismo, dedic\u00f3 una plegaria sentida al personal de emergencia y a los equipos de rescate volcados en la ayuda entre las ruinas, encomendando a los fallecidos a la misericordia de Dios e invocando bendiciones de consuelo y fortaleza para las familias afectadas.<\/p>\n\n\n\n<h2 id=\"la-respuesta-de-las-obras-de-misericordia-ante-el-dolor\" class=\"wp-block-heading\">La respuesta de las obras de misericordia ante el dolor<\/h2>\n\n\n\n<p class=\"wp-block-paragraph\">Cuando una cat\u00e1strofe natural impacta con semejante rigor, el sufrimiento interpela a la comunidad internacional en su compromiso con la <strong>fraternidad universal<\/strong>. Las expresiones de afecto y p\u00e9same no quedan en meras palabras formales, sino que invitan a poner en pr\u00e1ctica las <strong>obras de misericordia<\/strong> corporales y espirituales: cobijar a quien carece de techo, asistir a los heridos, socorrer al necesitado y consolar a quienes lloran la p\u00e9rdida de sus seres queridos.<\/p>\n\n\n\n<p class=\"wp-block-paragraph\">En la labor inspirada por spazio + spadoni, cada herida en el mundo constituye una oportunidad para el encuentro, la generosidad y la corresponsabilidad. Frente a la adversidad en territorio indonesio, la respuesta de quienes colaboran en el voluntariado y la misi\u00f3n se fundamenta en la actitud del HIC SUM: \u00abaqu\u00ed estoy\u00bb, dispuesto a hacerse pr\u00f3jimo, a compartir recursos y a no pasar de largo.<\/p>\n\n\n\n<h2 id=\"reconstruir-la-esperanza-en-comunidad\" class=\"wp-block-heading\">Reconstruir la esperanza en comunidad<\/h2>\n\n\n\n<p class=\"wp-block-paragraph\">Superar los efectos de esta cat\u00e1strofe demandar\u00e1 perseverancia, coordinaci\u00f3n y una s\u00f3lida red de <strong>solidaridad internacional<\/strong>. La ayuda no puede limitarse a las primeras jornadas de emergencia; es indispensable acompa\u00f1ar a las comunidades en la reconstrucci\u00f3n integral de su tejido social y econ\u00f3mico bajo los principios de la reciprocidad y la cercan\u00eda fraterna.<\/p>\n\n\n\n<p class=\"wp-block-paragraph\">Entrelazar la oraci\u00f3n con la solidaridad activa es el camino para transformar el desconsuelo en una aut\u00e9ntica esperanza. La cercan\u00eda a las v\u00edctimas en Indonesia nos ense\u00f1a que nadie se salva solo y que la entrega solidaria es el pilar para custodiar la dignidad humana.<\/p>\n\n\n\n<p class=\"wp-block-paragraph\"><strong>Imagen creada digitalmente por spazio + spadoni<\/strong><\/p>\n\n\n\n<p class=\"wp-block-paragraph\"><\/p>\n","protected":false},"excerpt":{"rendered":"<p>La tierra ha vuelto a temblar con fuerza en el sudeste asi\u00e1tico. Un devastador terremoto ha sacudido la regi\u00f3n de Nusa Tenggara Oriental, en Indonesia, dejando tras de s\u00ed graves da\u00f1os materiales, numerosos heridos y miles de personas desplazadas que han perdido su hogar de forma repentina. Ante esta dolorosa emergencia, el Papa Le\u00f3n XIV &#8230; <a title=\"Terremoto en Indonesia: cercan\u00eda a las v\u00edctimas y la fuerza de la solidaridad\" class=\"read-more\" href=\"https:\/\/spaziospadoni.org\/es\/terremoto-en-indonesia-cercania-a-las-victimas-y-la-fuerza-de-la-solidaridad\/\" aria-label=\"Read more about Terremoto en Indonesia: cercan\u00eda a las v\u00edctimas y la fuerza de la solidaridad\">Leer m\u00e1s<\/a><\/p>\n","protected":false},"author":39,"featured_media":90456,"comment_status":"closed","ping_status":"closed","sticky":false,"template":"","format":"standard","meta":{"_sitemap_exclude":false,"_sitemap_priority":"","_sitemap_frequency":"","ss_featured_image_title":"","ss_featured_image_alt":"Solidaridad en Indonesia tras el terremoto","ss_featured_image_caption":"","footnotes":""},"categories":[2470],"tags":[2314,3788],"class_list":["post-90457","post","type-post","status-publish","format-standard","has-post-thumbnail","hentry","category-noticias-del-mundo","tag-papa-leon-xiv","tag-terremoto-es","infinite-scroll-item","generate-columns","tablet-grid-50","mobile-grid-100","grid-parent","grid-50"],"yoast_head":"<!-- This site is optimized with the Yoast SEO plugin v28.4 - https:\/\/yoast.com\/product\/yoast-seo-wordpress\/ -->\n<title>Terremoto en Indonesia: cercan\u00eda y solidaridad con las v\u00edctimas<\/title>\n<meta name=\"description\" content=\"El p\u00e9same del Papa por el sismo en Indonesia convoca a la oraci\u00f3n, la cercan\u00eda y la ayuda humanitaria para las personas desplazadas y heridas.\" \/>\n<meta name=\"robots\" content=\"index, follow, max-snippet:-1, max-image-preview:large, max-video-preview:-1\" \/>\n<link rel=\"canonical\" href=\"https:\/\/spaziospadoni.org\/es\/terremoto-en-indonesia-cercania-a-las-victimas-y-la-fuerza-de-la-solidaridad\/\" \/>\n<meta property=\"og:locale\" content=\"es_ES\" \/>\n<meta property=\"og:type\" content=\"article\" \/>\n<meta property=\"og:title\" content=\"Terremoto en Indonesia: cercan\u00eda y solidaridad con las v\u00edctimas\" \/>\n<meta property=\"og:description\" content=\"El p\u00e9same del Papa por el sismo en Indonesia convoca a la oraci\u00f3n, la cercan\u00eda y la ayuda humanitaria para las personas desplazadas y heridas.\" \/>\n<meta property=\"og:url\" content=\"https:\/\/spaziospadoni.org\/es\/terremoto-en-indonesia-cercania-a-las-victimas-y-la-fuerza-de-la-solidaridad\/\" \/>\n<meta property=\"og:site_name\" content=\"spazio + spadoni\" \/>\n<meta property=\"article:publisher\" content=\"https:\/\/www.facebook.com\/SpazioSpadoni\/\" \/>\n<meta property=\"article:published_time\" content=\"2026-08-17T16:00:00+00:00\" \/>\n<meta property=\"article:modified_time\" content=\"2026-08-18T12:56:50+00:00\" \/>\n<meta property=\"og:image\" content=\"https:\/\/spaziospadoni.org\/wp-content\/uploads\/2026\/08\/terremoto-indonesia-solidarieta.webp\" \/>\n\t<meta property=\"og:image:width\" content=\"1192\" \/>\n\t<meta property=\"og:image:height\" content=\"800\" \/>\n\t<meta property=\"og:image:type\" content=\"image\/webp\" \/>\n<meta name=\"author\" content=\"Redazione\" \/>\n<meta name=\"twitter:card\" content=\"summary_large_image\" \/>\n<meta name=\"twitter:label1\" content=\"Escrito por\" \/>\n\t<meta name=\"twitter:data1\" content=\"Redacci\u00f3n\" \/>\n\t<meta name=\"twitter:label2\" content=\"Est. reading time\" \/>\n\t<meta name=\"twitter:data2\" content=\"3 minutes\" \/>\n<script type=\"application\/ld+json\" class=\"yoast-schema-graph\">{\"@context\":\"https:\\\/\\\/schema.org\",\"@graph\":[{\"@type\":\"Article\",\"@id\":\"https:\\\/\\\/spaziospadoni.org\\\/es\\\/terremoto-en-indonesia-cercania-a-las-victimas-y-la-fuerza-de-la-solidaridad\\\/#article\",\"isPartOf\":{\"@id\":\"https:\\\/\\\/spaziospadoni.org\\\/es\\\/terremoto-en-indonesia-cercania-a-las-victimas-y-la-fuerza-de-la-solidaridad\\\/\"},\"author\":{\"name\":\"Redazione\",\"@id\":\"https:\\\/\\\/spaziospadoni.org\\\/es\\\/#\\\/schema\\\/person\\\/411d7e71b4962bebf7ac6c70acc9a7bc\"},\"headline\":\"Terremoto en Indonesia: cercan\u00eda a las v\u00edctimas y la fuerza de la solidaridad\",\"datePublished\":\"2026-08-17T16:00:00+00:00\",\"dateModified\":\"2026-08-18T12:56:50+00:00\",\"mainEntityOfPage\":{\"@id\":\"https:\\\/\\\/spaziospadoni.org\\\/es\\\/terremoto-en-indonesia-cercania-a-las-victimas-y-la-fuerza-de-la-solidaridad\\\/\"},\"wordCount\":479,\"publisher\":{\"@id\":\"https:\\\/\\\/spaziospadoni.org\\\/es\\\/#organization\"},\"image\":{\"@id\":\"https:\\\/\\\/spaziospadoni.org\\\/es\\\/terremoto-en-indonesia-cercania-a-las-victimas-y-la-fuerza-de-la-solidaridad\\\/#primaryimage\"},\"thumbnailUrl\":\"https:\\\/\\\/spaziospadoni.org\\\/wp-content\\\/uploads\\\/2026\\\/08\\\/terremoto-indonesia-solidarieta.webp\",\"keywords\":[\"Papa Le\u00f3n XIV\",\"terremoto\"],\"articleSection\":[\"Noticias del mundo\"],\"inLanguage\":\"es-ES\"},{\"@type\":\"WebPage\",\"@id\":\"https:\\\/\\\/spaziospadoni.org\\\/es\\\/terremoto-en-indonesia-cercania-a-las-victimas-y-la-fuerza-de-la-solidaridad\\\/\",\"url\":\"https:\\\/\\\/spaziospadoni.org\\\/es\\\/terremoto-en-indonesia-cercania-a-las-victimas-y-la-fuerza-de-la-solidaridad\\\/\",\"name\":\"Terremoto en Indonesia: cercan\u00eda y solidaridad con las v\u00edctimas\",\"isPartOf\":{\"@id\":\"https:\\\/\\\/spaziospadoni.org\\\/es\\\/#website\"},\"primaryImageOfPage\":{\"@id\":\"https:\\\/\\\/spaziospadoni.org\\\/es\\\/terremoto-en-indonesia-cercania-a-las-victimas-y-la-fuerza-de-la-solidaridad\\\/#primaryimage\"},\"image\":{\"@id\":\"https:\\\/\\\/spaziospadoni.org\\\/es\\\/terremoto-en-indonesia-cercania-a-las-victimas-y-la-fuerza-de-la-solidaridad\\\/#primaryimage\"},\"thumbnailUrl\":\"https:\\\/\\\/spaziospadoni.org\\\/wp-content\\\/uploads\\\/2026\\\/08\\\/terremoto-indonesia-solidarieta.webp\",\"datePublished\":\"2026-08-17T16:00:00+00:00\",\"dateModified\":\"2026-08-18T12:56:50+00:00\",\"description\":\"El p\u00e9same del Papa por el sismo en Indonesia convoca a la oraci\u00f3n, la cercan\u00eda y la ayuda humanitaria para las personas desplazadas y heridas.\",\"breadcrumb\":{\"@id\":\"https:\\\/\\\/spaziospadoni.org\\\/es\\\/terremoto-en-indonesia-cercania-a-las-victimas-y-la-fuerza-de-la-solidaridad\\\/#breadcrumb\"},\"inLanguage\":\"es-ES\",\"potentialAction\":[{\"@type\":\"ReadAction\",\"target\":[\"https:\\\/\\\/spaziospadoni.org\\\/es\\\/terremoto-en-indonesia-cercania-a-las-victimas-y-la-fuerza-de-la-solidaridad\\\/\"]}]},{\"@type\":\"ImageObject\",\"inLanguage\":\"es-ES\",\"@id\":\"https:\\\/\\\/spaziospadoni.org\\\/es\\\/terremoto-en-indonesia-cercania-a-las-victimas-y-la-fuerza-de-la-solidaridad\\\/#primaryimage\",\"url\":\"https:\\\/\\\/spaziospadoni.org\\\/wp-content\\\/uploads\\\/2026\\\/08\\\/terremoto-indonesia-solidarieta.webp\",\"contentUrl\":\"https:\\\/\\\/spaziospadoni.org\\\/wp-content\\\/uploads\\\/2026\\\/08\\\/terremoto-indonesia-solidarieta.webp\",\"width\":1192,\"height\":800},{\"@type\":\"BreadcrumbList\",\"@id\":\"https:\\\/\\\/spaziospadoni.org\\\/es\\\/terremoto-en-indonesia-cercania-a-las-victimas-y-la-fuerza-de-la-solidaridad\\\/#breadcrumb\",\"itemListElement\":[{\"@type\":\"ListItem\",\"position\":1,\"name\":\"Home\",\"item\":\"https:\\\/\\\/spaziospadoni.org\\\/es\\\/\"},{\"@type\":\"ListItem\",\"position\":2,\"name\":\"Terremoto en Indonesia: cercan\u00eda a las v\u00edctimas y la fuerza de la solidaridad\"}]},{\"@type\":\"WebSite\",\"@id\":\"https:\\\/\\\/spaziospadoni.org\\\/es\\\/#website\",\"url\":\"https:\\\/\\\/spaziospadoni.org\\\/es\\\/\",\"name\":\"spazio + spadoni\",\"description\":\"Generazione di misericordia e missione nel mondo\",\"publisher\":{\"@id\":\"https:\\\/\\\/spaziospadoni.org\\\/es\\\/#organization\"},\"alternateName\":\"spaziospadoni.org\",\"potentialAction\":[{\"@type\":\"SearchAction\",\"target\":{\"@type\":\"EntryPoint\",\"urlTemplate\":\"https:\\\/\\\/spaziospadoni.org\\\/es\\\/?s={search_term_string}\"},\"query-input\":{\"@type\":\"PropertyValueSpecification\",\"valueRequired\":true,\"valueName\":\"search_term_string\"}}],\"inLanguage\":\"es-ES\"},{\"@type\":\"Organization\",\"@id\":\"https:\\\/\\\/spaziospadoni.org\\\/es\\\/#organization\",\"name\":\"spazio + spadoni\",\"alternateName\":\"spaziospadoni.org\",\"url\":\"https:\\\/\\\/spaziospadoni.org\\\/es\\\/\",\"logo\":{\"@type\":\"ImageObject\",\"inLanguage\":\"es-ES\",\"@id\":\"https:\\\/\\\/spaziospadoni.org\\\/es\\\/#\\\/schema\\\/logo\\\/image\\\/\",\"url\":\"https:\\\/\\\/spaziospadoni.org\\\/wp-content\\\/uploads\\\/2026\\\/05\\\/spazio-spadoni-logo-100x100-1.webp\",\"contentUrl\":\"https:\\\/\\\/spaziospadoni.org\\\/wp-content\\\/uploads\\\/2026\\\/05\\\/spazio-spadoni-logo-100x100-1.webp\",\"width\":100,\"height\":100,\"caption\":\"spazio + spadoni\"},\"image\":{\"@id\":\"https:\\\/\\\/spaziospadoni.org\\\/es\\\/#\\\/schema\\\/logo\\\/image\\\/\"},\"sameAs\":[\"https:\\\/\\\/www.facebook.com\\\/SpazioSpadoni\\\/\",\"https:\\\/\\\/www.instagram.com\\\/spaziospadoni\\\/\",\"https:\\\/\\\/www.youtube.com\\\/@spaziospadoni\\\/playlists\"]},{\"@type\":\"Person\",\"@id\":\"https:\\\/\\\/spaziospadoni.org\\\/es\\\/#\\\/schema\\\/person\\\/411d7e71b4962bebf7ac6c70acc9a7bc\",\"name\":\"Redazione\",\"image\":{\"@type\":\"ImageObject\",\"inLanguage\":\"es-ES\",\"@id\":\"https:\\\/\\\/secure.gravatar.com\\\/avatar\\\/2ba413b4dca69409b680ae806ab0dce8a38d5d2cc2123a96af7bbbee33a5742e?s=96&d=mm&r=g\",\"url\":\"https:\\\/\\\/secure.gravatar.com\\\/avatar\\\/2ba413b4dca69409b680ae806ab0dce8a38d5d2cc2123a96af7bbbee33a5742e?s=96&d=mm&r=g\",\"contentUrl\":\"https:\\\/\\\/secure.gravatar.com\\\/avatar\\\/2ba413b4dca69409b680ae806ab0dce8a38d5d2cc2123a96af7bbbee33a5742e?s=96&d=mm&r=g\",\"caption\":\"Redazione\"},\"url\":\"https:\\\/\\\/spaziospadoni.org\\\/es\\\/author\\\/redazione\\\/\"}]}<\/script>\n<!-- \/ Yoast SEO plugin. -->","yoast_head_json":{"title":"Terremoto en Indonesia: cercan\u00eda y solidaridad con las v\u00edctimas","description":"El p\u00e9same del Papa por el sismo en Indonesia convoca a la oraci\u00f3n, la cercan\u00eda y la ayuda humanitaria para las personas desplazadas y heridas.","robots":{"index":"index","follow":"follow","max-snippet":"max-snippet:-1","max-image-preview":"max-image-preview:large","max-video-preview":"max-video-preview:-1"},"canonical":"https:\/\/spaziospadoni.org\/es\/terremoto-en-indonesia-cercania-a-las-victimas-y-la-fuerza-de-la-solidaridad\/","og_locale":"es_ES","og_type":"article","og_title":"Terremoto en Indonesia: cercan\u00eda y solidaridad con las v\u00edctimas","og_description":"El p\u00e9same del Papa por el sismo en Indonesia convoca a la oraci\u00f3n, la cercan\u00eda y la ayuda humanitaria para las personas desplazadas y heridas.","og_url":"https:\/\/spaziospadoni.org\/es\/terremoto-en-indonesia-cercania-a-las-victimas-y-la-fuerza-de-la-solidaridad\/","og_site_name":"spazio + spadoni","article_publisher":"https:\/\/www.facebook.com\/SpazioSpadoni\/","article_published_time":"2026-08-17T16:00:00+00:00","article_modified_time":"2026-08-18T12:56:50+00:00","og_image":[{"width":1192,"height":800,"url":"https:\/\/spaziospadoni.org\/wp-content\/uploads\/2026\/08\/terremoto-indonesia-solidarieta.webp","type":"image\/webp"}],"author":"Redazione","twitter_card":"summary_large_image","twitter_misc":{"Escrito por":"Redacci\u00f3n","Est. reading time":"3 minutes"},"schema":{"@context":"https:\/\/schema.org","@graph":[{"@type":"Article","@id":"https:\/\/spaziospadoni.org\/es\/terremoto-en-indonesia-cercania-a-las-victimas-y-la-fuerza-de-la-solidaridad\/#article","isPartOf":{"@id":"https:\/\/spaziospadoni.org\/es\/terremoto-en-indonesia-cercania-a-las-victimas-y-la-fuerza-de-la-solidaridad\/"},"author":{"name":"Redazione","@id":"https:\/\/spaziospadoni.org\/es\/#\/schema\/person\/411d7e71b4962bebf7ac6c70acc9a7bc"},"headline":"Terremoto en Indonesia: cercan\u00eda a las v\u00edctimas y la fuerza de la solidaridad","datePublished":"2026-08-17T16:00:00+00:00","dateModified":"2026-08-18T12:56:50+00:00","mainEntityOfPage":{"@id":"https:\/\/spaziospadoni.org\/es\/terremoto-en-indonesia-cercania-a-las-victimas-y-la-fuerza-de-la-solidaridad\/"},"wordCount":479,"publisher":{"@id":"https:\/\/spaziospadoni.org\/es\/#organization"},"image":{"@id":"https:\/\/spaziospadoni.org\/es\/terremoto-en-indonesia-cercania-a-las-victimas-y-la-fuerza-de-la-solidaridad\/#primaryimage"},"thumbnailUrl":"https:\/\/spaziospadoni.org\/wp-content\/uploads\/2026\/08\/terremoto-indonesia-solidarieta.webp","keywords":["Papa Le\u00f3n XIV","terremoto"],"articleSection":["Noticias del mundo"],"inLanguage":"es-ES"},{"@type":"WebPage","@id":"https:\/\/spaziospadoni.org\/es\/terremoto-en-indonesia-cercania-a-las-victimas-y-la-fuerza-de-la-solidaridad\/","url":"https:\/\/spaziospadoni.org\/es\/terremoto-en-indonesia-cercania-a-las-victimas-y-la-fuerza-de-la-solidaridad\/","name":"Terremoto en Indonesia: cercan\u00eda y solidaridad con las v\u00edctimas","isPartOf":{"@id":"https:\/\/spaziospadoni.org\/es\/#website"},"primaryImageOfPage":{"@id":"https:\/\/spaziospadoni.org\/es\/terremoto-en-indonesia-cercania-a-las-victimas-y-la-fuerza-de-la-solidaridad\/#primaryimage"},"image":{"@id":"https:\/\/spaziospadoni.org\/es\/terremoto-en-indonesia-cercania-a-las-victimas-y-la-fuerza-de-la-solidaridad\/#primaryimage"},"thumbnailUrl":"https:\/\/spaziospadoni.org\/wp-content\/uploads\/2026\/08\/terremoto-indonesia-solidarieta.webp","datePublished":"2026-08-17T16:00:00+00:00","dateModified":"2026-08-18T12:56:50+00:00","description":"El p\u00e9same del Papa por el sismo en Indonesia convoca a la oraci\u00f3n, la cercan\u00eda y la ayuda humanitaria para las personas desplazadas y heridas.","breadcrumb":{"@id":"https:\/\/spaziospadoni.org\/es\/terremoto-en-indonesia-cercania-a-las-victimas-y-la-fuerza-de-la-solidaridad\/#breadcrumb"},"inLanguage":"es-ES","potentialAction":[{"@type":"ReadAction","target":["https:\/\/spaziospadoni.org\/es\/terremoto-en-indonesia-cercania-a-las-victimas-y-la-fuerza-de-la-solidaridad\/"]}]},{"@type":"ImageObject","inLanguage":"es-ES","@id":"https:\/\/spaziospadoni.org\/es\/terremoto-en-indonesia-cercania-a-las-victimas-y-la-fuerza-de-la-solidaridad\/#primaryimage","url":"https:\/\/spaziospadoni.org\/wp-content\/uploads\/2026\/08\/terremoto-indonesia-solidarieta.webp","contentUrl":"https:\/\/spaziospadoni.org\/wp-content\/uploads\/2026\/08\/terremoto-indonesia-solidarieta.webp","width":1192,"height":800},{"@type":"BreadcrumbList","@id":"https:\/\/spaziospadoni.org\/es\/terremoto-en-indonesia-cercania-a-las-victimas-y-la-fuerza-de-la-solidaridad\/#breadcrumb","itemListElement":[{"@type":"ListItem","position":1,"name":"Home","item":"https:\/\/spaziospadoni.org\/es\/"},{"@type":"ListItem","position":2,"name":"Terremoto en Indonesia: cercan\u00eda a las v\u00edctimas y la fuerza de la solidaridad"}]},{"@type":"WebSite","@id":"https:\/\/spaziospadoni.org\/es\/#website","url":"https:\/\/spaziospadoni.org\/es\/","name":"spazio + spadoni","description":"Generazione di misericordia e missione nel mondo","publisher":{"@id":"https:\/\/spaziospadoni.org\/es\/#organization"},"alternateName":"spaziospadoni.org","potentialAction":[{"@type":"SearchAction","target":{"@type":"EntryPoint","urlTemplate":"https:\/\/spaziospadoni.org\/es\/?s={search_term_string}"},"query-input":{"@type":"PropertyValueSpecification","valueRequired":true,"valueName":"search_term_string"}}],"inLanguage":"es-ES"},{"@type":"Organization","@id":"https:\/\/spaziospadoni.org\/es\/#organization","name":"spazio + spadoni","alternateName":"spaziospadoni.org","url":"https:\/\/spaziospadoni.org\/es\/","logo":{"@type":"ImageObject","inLanguage":"es-ES","@id":"https:\/\/spaziospadoni.org\/es\/#\/schema\/logo\/image\/","url":"https:\/\/spaziospadoni.org\/wp-content\/uploads\/2026\/05\/spazio-spadoni-logo-100x100-1.webp","contentUrl":"https:\/\/spaziospadoni.org\/wp-content\/uploads\/2026\/05\/spazio-spadoni-logo-100x100-1.webp","width":100,"height":100,"caption":"spazio + spadoni"},"image":{"@id":"https:\/\/spaziospadoni.org\/es\/#\/schema\/logo\/image\/"},"sameAs":["https:\/\/www.facebook.com\/SpazioSpadoni\/","https:\/\/www.instagram.com\/spaziospadoni\/","https:\/\/www.youtube.com\/@spaziospadoni\/playlists"]},{"@type":"Person","@id":"https:\/\/spaziospadoni.org\/es\/#\/schema\/person\/411d7e71b4962bebf7ac6c70acc9a7bc","name":"Redazione","image":{"@type":"ImageObject","inLanguage":"es-ES","@id":"https:\/\/secure.gravatar.com\/avatar\/2ba413b4dca69409b680ae806ab0dce8a38d5d2cc2123a96af7bbbee33a5742e?s=96&d=mm&r=g","url":"https:\/\/secure.gravatar.com\/avatar\/2ba413b4dca69409b680ae806ab0dce8a38d5d2cc2123a96af7bbbee33a5742e?s=96&d=mm&r=g","contentUrl":"https:\/\/secure.gravatar.com\/avatar\/2ba413b4dca69409b680ae806ab0dce8a38d5d2cc2123a96af7bbbee33a5742e?s=96&d=mm&r=g","caption":"Redazione"},"url":"https:\/\/spaziospadoni.org\/es\/author\/redazione\/"}]}},"_links":{"self":[{"href":"https:\/\/spaziospadoni.org\/es\/wp-json\/wp\/v2\/posts\/90457","targetHints":{"allow":["GET"]}}],"collection":[{"href":"https:\/\/spaziospadoni.org\/es\/wp-json\/wp\/v2\/posts"}],"about":[{"href":"https:\/\/spaziospadoni.org\/es\/wp-json\/wp\/v2\/types\/post"}],"author":[{"embeddable":true,"href":"https:\/\/spaziospadoni.org\/es\/wp-json\/wp\/v2\/users\/39"}],"replies":[{"embeddable":true,"href":"https:\/\/spaziospadoni.org\/es\/wp-json\/wp\/v2\/comments?post=90457"}],"version-history":[{"count":1,"href":"https:\/\/spaziospadoni.org\/es\/wp-json\/wp\/v2\/posts\/90457\/revisions"}],"predecessor-version":[{"id":90458,"href":"https:\/\/spaziospadoni.org\/es\/wp-json\/wp\/v2\/posts\/90457\/revisions\/90458"}],"wp:featuredmedia":[{"embeddable":true,"href":"https:\/\/spaziospadoni.org\/es\/wp-json\/wp\/v2\/media\/90456"}],"wp:attachment":[{"href":"https:\/\/spaziospadoni.org\/es\/wp-json\/wp\/v2\/media?parent=90457"}],"wp:term":[{"taxonomy":"category","embeddable":true,"href":"https:\/\/spaziospadoni.org\/es\/wp-json\/wp\/v2\/categories?post=90457"},{"taxonomy":"post_tag","embeddable":true,"href":"https:\/\/spaziospadoni.org\/es\/wp-json\/wp\/v2\/tags?post=90457"}],"curies":[{"name":"wp","href":"https:\/\/api.w.org\/{rel}","templated":true}]}}