{"id":90469,"date":"2026-08-17T13:00:00","date_gmt":"2026-08-17T12:00:00","guid":{"rendered":"https:\/\/spaziospadoni.org\/?p=90469"},"modified":"2026-08-18T14:16:09","modified_gmt":"2026-08-18T13:16:09","slug":"europa-italia-la-casa-natal-de-san-daniel-comboni-en-limone-sul-garda","status":"publish","type":"post","link":"https:\/\/spaziospadoni.org\/es\/europa-italia-la-casa-natal-de-san-daniel-comboni-en-limone-sul-garda\/","title":{"rendered":"Europa, Italia | La casa natal de San Daniel Comboni en Limone sul Garda"},"content":{"rendered":"\n<p class=\"wp-block-paragraph\">Encaramada en la pintoresca localidad de Tes\u00f6l (nombre que evoca las redes tendidas para la caza) en Limone sul Garda (BS), la casa natal de San Daniel Comboni no es solo un museo, sino el coraz\u00f3n latente de una misi\u00f3n que sigue hablando al mundo. Aqu\u00ed, entre los muros integrados en un hist\u00f3rico limonar del siglo XVIII, es posible recorrer los primeros pasos del \u00abObispo del \u00c1frica Central\u00bb, cuyos padres, Luigi y Domenica Pace, fueron guardianes de estas tierras.<\/p>\n\n\n\n<h2 id=\"de-la-iglesia-de-san-benedetto-a-la-casa-natal\" class=\"wp-block-heading\">De la Iglesia de San Benedetto a la casa natal<\/h2>\n\n\n\n<p class=\"wp-block-paragraph\">Sin embargo, la visita tras las huellas de San Comboni debe comenzar idealmente en la Iglesia de San Benedetto, en el centro de Limone sul Garda, donde los padres de Daniel se casaron en 1826 y donde el futuro Santo recibi\u00f3 el bautismo, \u00fanico superviviente de ocho hermanos.<\/p>\n\n\n\n<p class=\"wp-block-paragraph\">Al llegar a su casa, se entra de lleno en su infancia: los interiores, como la cocina y la habitaci\u00f3n natal, conservan el sabor de una simplicidad evang\u00e9lica que forj\u00f3 su esp\u00edritu de abnegaci\u00f3n.<\/p>\n\n\n\n<h2 id=\"la-capilla-el-museo-y-la-vocacion-misionera\" class=\"wp-block-heading\">La capilla, el museo y la vocaci\u00f3n misionera<\/h2>\n\n\n\n<p class=\"wp-block-paragraph\">Al lado encontramos la humilde capilla acondicionada en el antiguo le\u00f1ero, con un tabern\u00e1culo en forma de choza africana y un gran crucifijo de madera de olivo.<\/p>\n\n\n\n<p class=\"wp-block-paragraph\">En un espacio adicional de la casa, denominado \u00abMuseo de las Curiosidades\u00bb, es posible admirar numerosos objetos recogidos por Comboni y por los misioneros combonianos durante sus misiones en \u00c1frica.<\/p>\n\n\n\n<p class=\"wp-block-paragraph\">Nacido en 1831, Daniel madur\u00f3 su vocaci\u00f3n desde muy joven, jurando en 1849 consagrar toda su vida a las misiones africanas. Su \u00abPlan para la regeneraci\u00f3n de \u00c1frica\u00bb, nacido de una inspiraci\u00f3n ante la tumba de San Pedro, se basaba en la f\u00f3rmula revolucionaria: \u00abSalvar \u00c1frica con \u00c1frica\u00bb, convirtiendo a los pueblos locales en protagonistas de su propia evangelizaci\u00f3n y promoci\u00f3n humana.<\/p>\n\n\n\n<h2 id=\"el-plan-para-la-regeneracion-de-africa-y-su-legado\" class=\"wp-block-heading\">El Plan para la regeneraci\u00f3n de \u00c1frica y su legado<\/h2>\n\n\n\n<p class=\"wp-block-paragraph\">A pesar de los fatigosos esfuerzos, las fiebres pal\u00fadicas y la p\u00e9rdida de muchos compa\u00f1eros, Comboni nunca se rindi\u00f3 bajo el lema \u00abo Nigricia o muerte\u00bb. Fund\u00f3 en Verona los institutos de los Misioneros Combonianos (MCCJ) y de las P\u00edas Madres de la Nigricia (SMC), que hoy contin\u00faan con su carisma en docenas de naciones. Nombrado primer Obispo de Jartum, falleci\u00f3 all\u00ed mismo el 10 de octubre de 1881, agotado por el trabajo y las enfermedades, repitiendo: \u00abYo muero, pero la obra no morir\u00e1\u00bb.<\/p>\n\n\n\n<p class=\"wp-block-paragraph\">Hoy en d\u00eda, la casa de Limone, custodiada por los misioneros desde 1968, sigue siendo una \u00abcasa abierta al mundo\u00bb y un oasis de reflexi\u00f3n donde se organizan servicios de acogida para peregrinos.<\/p>\n\n\n\n<p class=\"wp-block-paragraph\"><strong>Todas las fotograf\u00edas fueron tomadas por la autora el 21 de julio de 2026 bajo licencia CC BY-SA.<\/strong><\/p>\n\n\n\n<p class=\"wp-block-paragraph\"><\/p>\n","protected":false},"excerpt":{"rendered":"<p>Encaramada en la pintoresca localidad de Tes\u00f6l (nombre que evoca las redes tendidas para la caza) en Limone sul Garda (BS), la casa natal de San Daniel Comboni no es solo un museo, sino el coraz\u00f3n latente de una misi\u00f3n que sigue hablando al mundo. Aqu\u00ed, entre los muros integrados en un hist\u00f3rico limonar del &#8230; <a title=\"Europa, Italia | La casa natal de San Daniel Comboni en Limone sul Garda\" class=\"read-more\" href=\"https:\/\/spaziospadoni.org\/es\/europa-italia-la-casa-natal-de-san-daniel-comboni-en-limone-sul-garda\/\" aria-label=\"Read more about Europa, Italia | La casa natal de San Daniel Comboni en Limone sul Garda\">Leer m\u00e1s<\/a><\/p>\n","protected":false},"author":13,"featured_media":90468,"comment_status":"closed","ping_status":"closed","sticky":false,"template":"","format":"standard","meta":{"_sitemap_exclude":false,"_sitemap_priority":"","_sitemap_frequency":"","ss_featured_image_title":"","ss_featured_image_alt":"El Museo de San Daniel Comboni","ss_featured_image_caption":"La casa natal de San Daniel Comboni en Limone sul Garda, en la provincia de Brescia. Museo y \u00abcasa abierta al mundo\u00bb.","footnotes":""},"categories":[2312],"tags":[2607,4975],"class_list":["post-90469","post","type-post","status-publish","format-standard","has-post-thumbnail","hentry","category-la-iglesia-que-inspira","tag-africa","tag-misioneros-combonianos","infinite-scroll-item","generate-columns","tablet-grid-50","mobile-grid-100","grid-parent","grid-50"],"yoast_head":"<!-- This site is optimized with the Yoast SEO plugin v28.4 - https:\/\/yoast.com\/product\/yoast-seo-wordpress\/ -->\n<title>Europa, Italia | Casa natal de San Daniel Comboni<\/title>\n<meta name=\"description\" content=\"Descubre la casa natal de San Daniel Comboni en Limone sul Garda, un lugar de historia, fe y vocaci\u00f3n misionera para \u00c1frica.\" \/>\n<meta name=\"robots\" content=\"index, follow, max-snippet:-1, max-image-preview:large, max-video-preview:-1\" \/>\n<link rel=\"canonical\" href=\"https:\/\/spaziospadoni.org\/es\/europa-italia-la-casa-natal-de-san-daniel-comboni-en-limone-sul-garda\/\" \/>\n<meta property=\"og:locale\" content=\"es_ES\" \/>\n<meta property=\"og:type\" content=\"article\" \/>\n<meta property=\"og:title\" content=\"Europa, Italia | Casa natal de San Daniel Comboni\" \/>\n<meta property=\"og:description\" content=\"Descubre la casa natal de San Daniel Comboni en Limone sul Garda, un lugar de historia, fe y vocaci\u00f3n misionera para \u00c1frica.\" \/>\n<meta property=\"og:url\" content=\"https:\/\/spaziospadoni.org\/es\/europa-italia-la-casa-natal-de-san-daniel-comboni-en-limone-sul-garda\/\" \/>\n<meta property=\"og:site_name\" content=\"spazio + spadoni\" \/>\n<meta property=\"article:publisher\" content=\"https:\/\/www.facebook.com\/SpazioSpadoni\/\" \/>\n<meta property=\"article:published_time\" content=\"2026-08-17T12:00:00+00:00\" \/>\n<meta property=\"article:modified_time\" content=\"2026-08-18T13:16:09+00:00\" \/>\n<meta property=\"og:image\" content=\"https:\/\/spaziospadoni.org\/wp-content\/uploads\/2026\/08\/museo-daniele-comboni.webp\" \/>\n\t<meta property=\"og:image:width\" content=\"1200\" \/>\n\t<meta property=\"og:image:height\" content=\"800\" \/>\n\t<meta property=\"og:image:type\" content=\"image\/webp\" \/>\n<meta name=\"author\" content=\"Maria Lucia Ercole\" \/>\n<meta name=\"twitter:card\" content=\"summary_large_image\" \/>\n<meta name=\"twitter:label1\" content=\"Escrito por\" \/>\n\t<meta name=\"twitter:data1\" content=\"Maria Lucia Ercole\" \/>\n\t<meta name=\"twitter:label2\" content=\"Est. reading time\" \/>\n\t<meta name=\"twitter:data2\" content=\"3 minutes\" \/>\n<script type=\"application\/ld+json\" class=\"yoast-schema-graph\">{\"@context\":\"https:\\\/\\\/schema.org\",\"@graph\":[{\"@type\":\"Article\",\"@id\":\"https:\\\/\\\/spaziospadoni.org\\\/es\\\/europa-italia-la-casa-natal-de-san-daniel-comboni-en-limone-sul-garda\\\/#article\",\"isPartOf\":{\"@id\":\"https:\\\/\\\/spaziospadoni.org\\\/es\\\/europa-italia-la-casa-natal-de-san-daniel-comboni-en-limone-sul-garda\\\/\"},\"author\":{\"name\":\"Maria Lucia Ercole\",\"@id\":\"https:\\\/\\\/spaziospadoni.org\\\/es\\\/#\\\/schema\\\/person\\\/9cdee08a0f6e8328c0e19b713bde0426\"},\"headline\":\"Europa, Italia | La casa natal de San Daniel Comboni en Limone sul Garda\",\"datePublished\":\"2026-08-17T12:00:00+00:00\",\"dateModified\":\"2026-08-18T13:16:09+00:00\",\"mainEntityOfPage\":{\"@id\":\"https:\\\/\\\/spaziospadoni.org\\\/es\\\/europa-italia-la-casa-natal-de-san-daniel-comboni-en-limone-sul-garda\\\/\"},\"wordCount\":474,\"publisher\":{\"@id\":\"https:\\\/\\\/spaziospadoni.org\\\/es\\\/#organization\"},\"image\":{\"@id\":\"https:\\\/\\\/spaziospadoni.org\\\/es\\\/europa-italia-la-casa-natal-de-san-daniel-comboni-en-limone-sul-garda\\\/#primaryimage\"},\"thumbnailUrl\":\"https:\\\/\\\/spaziospadoni.org\\\/wp-content\\\/uploads\\\/2026\\\/08\\\/museo-daniele-comboni.webp\",\"keywords\":[\"\u00c1frica\",\"Misioneros combonianos\"],\"articleSection\":[\"La Iglesia que inspira\"],\"inLanguage\":\"es-ES\"},{\"@type\":\"WebPage\",\"@id\":\"https:\\\/\\\/spaziospadoni.org\\\/es\\\/europa-italia-la-casa-natal-de-san-daniel-comboni-en-limone-sul-garda\\\/\",\"url\":\"https:\\\/\\\/spaziospadoni.org\\\/es\\\/europa-italia-la-casa-natal-de-san-daniel-comboni-en-limone-sul-garda\\\/\",\"name\":\"Europa, Italia | Casa natal de San Daniel Comboni\",\"isPartOf\":{\"@id\":\"https:\\\/\\\/spaziospadoni.org\\\/es\\\/#website\"},\"primaryImageOfPage\":{\"@id\":\"https:\\\/\\\/spaziospadoni.org\\\/es\\\/europa-italia-la-casa-natal-de-san-daniel-comboni-en-limone-sul-garda\\\/#primaryimage\"},\"image\":{\"@id\":\"https:\\\/\\\/spaziospadoni.org\\\/es\\\/europa-italia-la-casa-natal-de-san-daniel-comboni-en-limone-sul-garda\\\/#primaryimage\"},\"thumbnailUrl\":\"https:\\\/\\\/spaziospadoni.org\\\/wp-content\\\/uploads\\\/2026\\\/08\\\/museo-daniele-comboni.webp\",\"datePublished\":\"2026-08-17T12:00:00+00:00\",\"dateModified\":\"2026-08-18T13:16:09+00:00\",\"description\":\"Descubre la casa natal de San Daniel Comboni en Limone sul Garda, un lugar de historia, fe y vocaci\u00f3n misionera para \u00c1frica.\",\"breadcrumb\":{\"@id\":\"https:\\\/\\\/spaziospadoni.org\\\/es\\\/europa-italia-la-casa-natal-de-san-daniel-comboni-en-limone-sul-garda\\\/#breadcrumb\"},\"inLanguage\":\"es-ES\",\"potentialAction\":[{\"@type\":\"ReadAction\",\"target\":[\"https:\\\/\\\/spaziospadoni.org\\\/es\\\/europa-italia-la-casa-natal-de-san-daniel-comboni-en-limone-sul-garda\\\/\"]}]},{\"@type\":\"ImageObject\",\"inLanguage\":\"es-ES\",\"@id\":\"https:\\\/\\\/spaziospadoni.org\\\/es\\\/europa-italia-la-casa-natal-de-san-daniel-comboni-en-limone-sul-garda\\\/#primaryimage\",\"url\":\"https:\\\/\\\/spaziospadoni.org\\\/wp-content\\\/uploads\\\/2026\\\/08\\\/museo-daniele-comboni.webp\",\"contentUrl\":\"https:\\\/\\\/spaziospadoni.org\\\/wp-content\\\/uploads\\\/2026\\\/08\\\/museo-daniele-comboni.webp\",\"width\":1200,\"height\":800,\"caption\":\"La casa natal de San Daniel Comboni en Limone sul Garda, en la provincia de Brescia. Museo y \u00abcasa abierta al mundo\u00bb.\"},{\"@type\":\"BreadcrumbList\",\"@id\":\"https:\\\/\\\/spaziospadoni.org\\\/es\\\/europa-italia-la-casa-natal-de-san-daniel-comboni-en-limone-sul-garda\\\/#breadcrumb\",\"itemListElement\":[{\"@type\":\"ListItem\",\"position\":1,\"name\":\"Home\",\"item\":\"https:\\\/\\\/spaziospadoni.org\\\/es\\\/\"},{\"@type\":\"ListItem\",\"position\":2,\"name\":\"Europa, Italia | La casa natal de San Daniel Comboni en Limone sul Garda\"}]},{\"@type\":\"WebSite\",\"@id\":\"https:\\\/\\\/spaziospadoni.org\\\/es\\\/#website\",\"url\":\"https:\\\/\\\/spaziospadoni.org\\\/es\\\/\",\"name\":\"spazio + spadoni\",\"description\":\"Generazione di misericordia e missione nel mondo\",\"publisher\":{\"@id\":\"https:\\\/\\\/spaziospadoni.org\\\/es\\\/#organization\"},\"alternateName\":\"spaziospadoni.org\",\"potentialAction\":[{\"@type\":\"SearchAction\",\"target\":{\"@type\":\"EntryPoint\",\"urlTemplate\":\"https:\\\/\\\/spaziospadoni.org\\\/es\\\/?s={search_term_string}\"},\"query-input\":{\"@type\":\"PropertyValueSpecification\",\"valueRequired\":true,\"valueName\":\"search_term_string\"}}],\"inLanguage\":\"es-ES\"},{\"@type\":\"Organization\",\"@id\":\"https:\\\/\\\/spaziospadoni.org\\\/es\\\/#organization\",\"name\":\"spazio + spadoni\",\"alternateName\":\"spaziospadoni.org\",\"url\":\"https:\\\/\\\/spaziospadoni.org\\\/es\\\/\",\"logo\":{\"@type\":\"ImageObject\",\"inLanguage\":\"es-ES\",\"@id\":\"https:\\\/\\\/spaziospadoni.org\\\/es\\\/#\\\/schema\\\/logo\\\/image\\\/\",\"url\":\"https:\\\/\\\/spaziospadoni.org\\\/wp-content\\\/uploads\\\/2026\\\/05\\\/spazio-spadoni-logo-100x100-1.webp\",\"contentUrl\":\"https:\\\/\\\/spaziospadoni.org\\\/wp-content\\\/uploads\\\/2026\\\/05\\\/spazio-spadoni-logo-100x100-1.webp\",\"width\":100,\"height\":100,\"caption\":\"spazio + spadoni\"},\"image\":{\"@id\":\"https:\\\/\\\/spaziospadoni.org\\\/es\\\/#\\\/schema\\\/logo\\\/image\\\/\"},\"sameAs\":[\"https:\\\/\\\/www.facebook.com\\\/SpazioSpadoni\\\/\",\"https:\\\/\\\/www.instagram.com\\\/spaziospadoni\\\/\",\"https:\\\/\\\/www.youtube.com\\\/@spaziospadoni\\\/playlists\"]},{\"@type\":\"Person\",\"@id\":\"https:\\\/\\\/spaziospadoni.org\\\/es\\\/#\\\/schema\\\/person\\\/9cdee08a0f6e8328c0e19b713bde0426\",\"name\":\"Maria Lucia Ercole\",\"image\":{\"@type\":\"ImageObject\",\"inLanguage\":\"es-ES\",\"@id\":\"https:\\\/\\\/secure.gravatar.com\\\/avatar\\\/880bbdf4c968635b20266eac4e46e8196a6dde9230c4927c12757a6c430e6e3d?s=96&d=mm&r=g\",\"url\":\"https:\\\/\\\/secure.gravatar.com\\\/avatar\\\/880bbdf4c968635b20266eac4e46e8196a6dde9230c4927c12757a6c430e6e3d?s=96&d=mm&r=g\",\"contentUrl\":\"https:\\\/\\\/secure.gravatar.com\\\/avatar\\\/880bbdf4c968635b20266eac4e46e8196a6dde9230c4927c12757a6c430e6e3d?s=96&d=mm&r=g\",\"caption\":\"Maria Lucia Ercole\"},\"description\":\"Licenciada en Econom\u00eda y Ciencias de la Educaci\u00f3n, ha impartido clases en varios centros de ense\u00f1anza secundaria de Tur\u00edn. Actualmente se dedica plenamente al voluntariado, tanto en el \u00e1mbito parroquial como en el educativo, ense\u00f1ando italiano como segunda lengua (L2) a migrantes. Desde octubre de 2021 escribe el bolet\u00edn \u201cLa Chiesa che ispira \u2013 Spazio di riflessione sulla Chiesa Cattolica, oggi\u201d y participa activamente en las campa\u00f1as nacionales \u201cStop smartphone e social sotto i 14 e 16 anni\u201d.\",\"url\":\"https:\\\/\\\/spaziospadoni.org\\\/es\\\/author\\\/ercolemission\\\/\"}]}<\/script>\n<!-- \/ Yoast SEO plugin. -->","yoast_head_json":{"title":"Europa, Italia | Casa natal de San Daniel Comboni","description":"Descubre la casa natal de San Daniel Comboni en Limone sul Garda, un lugar de historia, fe y vocaci\u00f3n misionera para \u00c1frica.","robots":{"index":"index","follow":"follow","max-snippet":"max-snippet:-1","max-image-preview":"max-image-preview:large","max-video-preview":"max-video-preview:-1"},"canonical":"https:\/\/spaziospadoni.org\/es\/europa-italia-la-casa-natal-de-san-daniel-comboni-en-limone-sul-garda\/","og_locale":"es_ES","og_type":"article","og_title":"Europa, Italia | Casa natal de San Daniel Comboni","og_description":"Descubre la casa natal de San Daniel Comboni en Limone sul Garda, un lugar de historia, fe y vocaci\u00f3n misionera para \u00c1frica.","og_url":"https:\/\/spaziospadoni.org\/es\/europa-italia-la-casa-natal-de-san-daniel-comboni-en-limone-sul-garda\/","og_site_name":"spazio + spadoni","article_publisher":"https:\/\/www.facebook.com\/SpazioSpadoni\/","article_published_time":"2026-08-17T12:00:00+00:00","article_modified_time":"2026-08-18T13:16:09+00:00","og_image":[{"width":1200,"height":800,"url":"https:\/\/spaziospadoni.org\/wp-content\/uploads\/2026\/08\/museo-daniele-comboni.webp","type":"image\/webp"}],"author":"Maria Lucia Ercole","twitter_card":"summary_large_image","twitter_misc":{"Escrito por":"Maria Lucia Ercole","Est. reading time":"3 minutes"},"schema":{"@context":"https:\/\/schema.org","@graph":[{"@type":"Article","@id":"https:\/\/spaziospadoni.org\/es\/europa-italia-la-casa-natal-de-san-daniel-comboni-en-limone-sul-garda\/#article","isPartOf":{"@id":"https:\/\/spaziospadoni.org\/es\/europa-italia-la-casa-natal-de-san-daniel-comboni-en-limone-sul-garda\/"},"author":{"name":"Maria Lucia Ercole","@id":"https:\/\/spaziospadoni.org\/es\/#\/schema\/person\/9cdee08a0f6e8328c0e19b713bde0426"},"headline":"Europa, Italia | La casa natal de San Daniel Comboni en Limone sul Garda","datePublished":"2026-08-17T12:00:00+00:00","dateModified":"2026-08-18T13:16:09+00:00","mainEntityOfPage":{"@id":"https:\/\/spaziospadoni.org\/es\/europa-italia-la-casa-natal-de-san-daniel-comboni-en-limone-sul-garda\/"},"wordCount":474,"publisher":{"@id":"https:\/\/spaziospadoni.org\/es\/#organization"},"image":{"@id":"https:\/\/spaziospadoni.org\/es\/europa-italia-la-casa-natal-de-san-daniel-comboni-en-limone-sul-garda\/#primaryimage"},"thumbnailUrl":"https:\/\/spaziospadoni.org\/wp-content\/uploads\/2026\/08\/museo-daniele-comboni.webp","keywords":["\u00c1frica","Misioneros combonianos"],"articleSection":["La Iglesia que inspira"],"inLanguage":"es-ES"},{"@type":"WebPage","@id":"https:\/\/spaziospadoni.org\/es\/europa-italia-la-casa-natal-de-san-daniel-comboni-en-limone-sul-garda\/","url":"https:\/\/spaziospadoni.org\/es\/europa-italia-la-casa-natal-de-san-daniel-comboni-en-limone-sul-garda\/","name":"Europa, Italia | Casa natal de San Daniel Comboni","isPartOf":{"@id":"https:\/\/spaziospadoni.org\/es\/#website"},"primaryImageOfPage":{"@id":"https:\/\/spaziospadoni.org\/es\/europa-italia-la-casa-natal-de-san-daniel-comboni-en-limone-sul-garda\/#primaryimage"},"image":{"@id":"https:\/\/spaziospadoni.org\/es\/europa-italia-la-casa-natal-de-san-daniel-comboni-en-limone-sul-garda\/#primaryimage"},"thumbnailUrl":"https:\/\/spaziospadoni.org\/wp-content\/uploads\/2026\/08\/museo-daniele-comboni.webp","datePublished":"2026-08-17T12:00:00+00:00","dateModified":"2026-08-18T13:16:09+00:00","description":"Descubre la casa natal de San Daniel Comboni en Limone sul Garda, un lugar de historia, fe y vocaci\u00f3n misionera para \u00c1frica.","breadcrumb":{"@id":"https:\/\/spaziospadoni.org\/es\/europa-italia-la-casa-natal-de-san-daniel-comboni-en-limone-sul-garda\/#breadcrumb"},"inLanguage":"es-ES","potentialAction":[{"@type":"ReadAction","target":["https:\/\/spaziospadoni.org\/es\/europa-italia-la-casa-natal-de-san-daniel-comboni-en-limone-sul-garda\/"]}]},{"@type":"ImageObject","inLanguage":"es-ES","@id":"https:\/\/spaziospadoni.org\/es\/europa-italia-la-casa-natal-de-san-daniel-comboni-en-limone-sul-garda\/#primaryimage","url":"https:\/\/spaziospadoni.org\/wp-content\/uploads\/2026\/08\/museo-daniele-comboni.webp","contentUrl":"https:\/\/spaziospadoni.org\/wp-content\/uploads\/2026\/08\/museo-daniele-comboni.webp","width":1200,"height":800,"caption":"La casa natal de San Daniel Comboni en Limone sul Garda, en la provincia de Brescia. Museo y \u00abcasa abierta al mundo\u00bb."},{"@type":"BreadcrumbList","@id":"https:\/\/spaziospadoni.org\/es\/europa-italia-la-casa-natal-de-san-daniel-comboni-en-limone-sul-garda\/#breadcrumb","itemListElement":[{"@type":"ListItem","position":1,"name":"Home","item":"https:\/\/spaziospadoni.org\/es\/"},{"@type":"ListItem","position":2,"name":"Europa, Italia | La casa natal de San Daniel Comboni en Limone sul Garda"}]},{"@type":"WebSite","@id":"https:\/\/spaziospadoni.org\/es\/#website","url":"https:\/\/spaziospadoni.org\/es\/","name":"spazio + spadoni","description":"Generazione di misericordia e missione nel mondo","publisher":{"@id":"https:\/\/spaziospadoni.org\/es\/#organization"},"alternateName":"spaziospadoni.org","potentialAction":[{"@type":"SearchAction","target":{"@type":"EntryPoint","urlTemplate":"https:\/\/spaziospadoni.org\/es\/?s={search_term_string}"},"query-input":{"@type":"PropertyValueSpecification","valueRequired":true,"valueName":"search_term_string"}}],"inLanguage":"es-ES"},{"@type":"Organization","@id":"https:\/\/spaziospadoni.org\/es\/#organization","name":"spazio + spadoni","alternateName":"spaziospadoni.org","url":"https:\/\/spaziospadoni.org\/es\/","logo":{"@type":"ImageObject","inLanguage":"es-ES","@id":"https:\/\/spaziospadoni.org\/es\/#\/schema\/logo\/image\/","url":"https:\/\/spaziospadoni.org\/wp-content\/uploads\/2026\/05\/spazio-spadoni-logo-100x100-1.webp","contentUrl":"https:\/\/spaziospadoni.org\/wp-content\/uploads\/2026\/05\/spazio-spadoni-logo-100x100-1.webp","width":100,"height":100,"caption":"spazio + spadoni"},"image":{"@id":"https:\/\/spaziospadoni.org\/es\/#\/schema\/logo\/image\/"},"sameAs":["https:\/\/www.facebook.com\/SpazioSpadoni\/","https:\/\/www.instagram.com\/spaziospadoni\/","https:\/\/www.youtube.com\/@spaziospadoni\/playlists"]},{"@type":"Person","@id":"https:\/\/spaziospadoni.org\/es\/#\/schema\/person\/9cdee08a0f6e8328c0e19b713bde0426","name":"Maria Lucia Ercole","image":{"@type":"ImageObject","inLanguage":"es-ES","@id":"https:\/\/secure.gravatar.com\/avatar\/880bbdf4c968635b20266eac4e46e8196a6dde9230c4927c12757a6c430e6e3d?s=96&d=mm&r=g","url":"https:\/\/secure.gravatar.com\/avatar\/880bbdf4c968635b20266eac4e46e8196a6dde9230c4927c12757a6c430e6e3d?s=96&d=mm&r=g","contentUrl":"https:\/\/secure.gravatar.com\/avatar\/880bbdf4c968635b20266eac4e46e8196a6dde9230c4927c12757a6c430e6e3d?s=96&d=mm&r=g","caption":"Maria Lucia Ercole"},"description":"Licenciada en Econom\u00eda y Ciencias de la Educaci\u00f3n, ha impartido clases en varios centros de ense\u00f1anza secundaria de Tur\u00edn. Actualmente se dedica plenamente al voluntariado, tanto en el \u00e1mbito parroquial como en el educativo, ense\u00f1ando italiano como segunda lengua (L2) a migrantes. Desde octubre de 2021 escribe el bolet\u00edn \u201cLa Chiesa che ispira \u2013 Spazio di riflessione sulla Chiesa Cattolica, oggi\u201d y participa activamente en las campa\u00f1as nacionales \u201cStop smartphone e social sotto i 14 e 16 anni\u201d.","url":"https:\/\/spaziospadoni.org\/es\/author\/ercolemission\/"}]}},"_links":{"self":[{"href":"https:\/\/spaziospadoni.org\/es\/wp-json\/wp\/v2\/posts\/90469","targetHints":{"allow":["GET"]}}],"collection":[{"href":"https:\/\/spaziospadoni.org\/es\/wp-json\/wp\/v2\/posts"}],"about":[{"href":"https:\/\/spaziospadoni.org\/es\/wp-json\/wp\/v2\/types\/post"}],"author":[{"embeddable":true,"href":"https:\/\/spaziospadoni.org\/es\/wp-json\/wp\/v2\/users\/13"}],"replies":[{"embeddable":true,"href":"https:\/\/spaziospadoni.org\/es\/wp-json\/wp\/v2\/comments?post=90469"}],"version-history":[{"count":1,"href":"https:\/\/spaziospadoni.org\/es\/wp-json\/wp\/v2\/posts\/90469\/revisions"}],"predecessor-version":[{"id":90470,"href":"https:\/\/spaziospadoni.org\/es\/wp-json\/wp\/v2\/posts\/90469\/revisions\/90470"}],"wp:featuredmedia":[{"embeddable":true,"href":"https:\/\/spaziospadoni.org\/es\/wp-json\/wp\/v2\/media\/90468"}],"wp:attachment":[{"href":"https:\/\/spaziospadoni.org\/es\/wp-json\/wp\/v2\/media?parent=90469"}],"wp:term":[{"taxonomy":"category","embeddable":true,"href":"https:\/\/spaziospadoni.org\/es\/wp-json\/wp\/v2\/categories?post=90469"},{"taxonomy":"post_tag","embeddable":true,"href":"https:\/\/spaziospadoni.org\/es\/wp-json\/wp\/v2\/tags?post=90469"}],"curies":[{"name":"wp","href":"https:\/\/api.w.org\/{rel}","templated":true}]}}