{"id":91287,"date":"2026-08-20T13:30:00","date_gmt":"2026-08-20T12:30:00","guid":{"rendered":"https:\/\/spaziospadoni.org\/?p=91287"},"modified":"2026-08-20T15:11:58","modified_gmt":"2026-08-20T14:11:58","slug":"mongolia-la-sed-de-la-estepa-y-el-compromiso-de-cuidar-la-tierra","status":"publish","type":"post","link":"https:\/\/spaziospadoni.org\/es\/mongolia-la-sed-de-la-estepa-y-el-compromiso-de-cuidar-la-tierra\/","title":{"rendered":"Mongolia, la sed de la estepa y el compromiso de cuidar la tierra"},"content":{"rendered":"\n<p class=\"wp-block-paragraph\">La inmensidad de las estepas mongolas refleja una historia milenaria de armon\u00eda profunda y fr\u00e1gil equilibrio entre el ser humano y la naturaleza. Hoy, sin embargo, este v\u00ednculo ancestral corre peligro de quebrarse ante el avance inexorable de la aridez y el deterioro ambiental. En el marco de la COP17 en Ul\u00e1n Bator, la voz de alerta de la comunidad internacional y misionera resuena con fuerza: la degradaci\u00f3n del suelo y la <strong>desertificaci\u00f3n<\/strong> golpean ya a casi el 77% del territorio nacional, amenazando directamente la subsistencia de m\u00e1s de un tercio de la poblaci\u00f3n dedicada al pastoreo tradicional.<\/p>\n\n\n\n<h2 id=\"una-crisis-ambiental-que-golpea-a-las-familias-rurales\" class=\"wp-block-heading\">Una crisis ambiental que golpea a las familias rurales<\/h2>\n\n\n\n<p class=\"wp-block-paragraph\">\u00abLa desertificaci\u00f3n en Mongolia se ve a simple vista\u00bb, afirma la <strong>hermana Sandra Garay<\/strong>, misionera de la Consolata y directora ejecutiva de C\u00e1ritas Mongolia. Al recorrer las zonas rurales fuera de la capital, los signos del declive ecol\u00f3gico resultan evidentes: los manantiales desaparecen, la vegetaci\u00f3n retrocede y las tormentas de arena se han triplicado respecto a los a\u00f1os sesenta.<\/p>\n\n\n\n<p class=\"wp-block-paragraph\">A este panorama se suma el <em>dzud<\/em>, un fen\u00f3meno clim\u00e1tico extremo marcado por inviernos implacables que suceden a veranos de sequ\u00eda extrema. Tan solo en el bienio 2023-2024, casi ocho millones de animales perecieron por las heladas y la falta de forraje. Para los pastores n\u00f3madas, perder el ganado equivale a perder todo su sustento y caer de inmediato en la pobreza absoluta.<\/p>\n\n\n\n<h2 id=\"dar-de-beber-al-sediento-custodiar-la-vida-y-la-dignidad\" class=\"wp-block-heading\">Dar de beber al sediento: custodiar la vida y la dignidad<\/h2>\n\n\n\n<p class=\"wp-block-paragraph\">En medio de una tierra sedienta y comunidades vulnerables, la solidaridad encarna de manera concreta la obra de misericordia corporal de <strong>dar de beber al sediento<\/strong>. En la estepa mongola, este mandato evang\u00e9lico supera la ayuda de emergencia: constituye una acci\u00f3n fundamental de justicia ecol\u00f3gica para proteger los acu\u00edferos, rehabilitar pozos comunitarios y optimizar el uso de las escasas reservas de agua.<\/p>\n\n\n\n<p class=\"wp-block-paragraph\">Saciar la sed de las personas y de los suelos significa defender la dignidad humana, frenar la migraci\u00f3n forzada hacia las periferias urbanas y asegurar el porvenir de la vida comunitaria y la biodiversidad.<\/p>\n\n\n\n<h2 id=\"metodologias-sostenibles-y-esperanza-para-el-porvenir\" class=\"wp-block-heading\">Metodolog\u00edas sostenibles y esperanza para el porvenir<\/h2>\n\n\n\n<p class=\"wp-block-paragraph\">La respuesta a esta emergencia se materializa en proyectos de restauraci\u00f3n ecol\u00f3gica. Sobresale la t\u00e9cnica de las \u00abmedialunas\u00bb, zanjas semicirculares de recolecci\u00f3n que capturan el agua de lluvia, incrementan la humedad del suelo y revitalizan los pastos degradados.<\/p>\n\n\n\n<p class=\"wp-block-paragraph\">Asimismo, la construcci\u00f3n de invernaderos solares pasivos y la formaci\u00f3n en agricultura org\u00e1nica permiten a los peque\u00f1os productores diversificar sus ingresos familiares, fortaleciendo la resiliencia frente a los impactos del cambio clim\u00e1tico.<\/p>\n\n\n\n<p class=\"wp-block-paragraph\">\u00abCuidar la tierra significa cuidar a las personas\u00bb, concluye con convicci\u00f3n la hermana Garay. Responder a la sed de la estepa mediante el compromiso fraterno es un testimonio vivo de misericordia, fraternidad universal y custodia de la Creaci\u00f3n.<\/p>\n\n\n\n<p class=\"wp-block-paragraph\"><strong>Imagen creada digitalmente por spazio + spadoni<\/strong><\/p>\n\n\n\n<p class=\"wp-block-paragraph\"><strong>Fuente: <\/strong><a href=\"https:\/\/www.fides.org\/it\/news\/78067-ASIA_MONGOLIA_Suor_Sandra_Garay_direttrice_di_Caritas_La_desertificazione_minaccia_la_vita_delle_comunita_rurali\" target=\"_blank\" rel=\"noreferrer noopener nofollow\" title=\"Agenzia Fides\">Agenzia Fides<\/a><\/p>\n\n\n\n<p class=\"wp-block-paragraph\"><\/p>\n","protected":false},"excerpt":{"rendered":"<p>La inmensidad de las estepas mongolas refleja una historia milenaria de armon\u00eda profunda y fr\u00e1gil equilibrio entre el ser humano y la naturaleza. Hoy, sin embargo, este v\u00ednculo ancestral corre peligro de quebrarse ante el avance inexorable de la aridez y el deterioro ambiental. En el marco de la COP17 en Ul\u00e1n Bator, la voz &#8230; <a title=\"Mongolia, la sed de la estepa y el compromiso de cuidar la tierra\" class=\"read-more\" href=\"https:\/\/spaziospadoni.org\/es\/mongolia-la-sed-de-la-estepa-y-el-compromiso-de-cuidar-la-tierra\/\" aria-label=\"Read more about Mongolia, la sed de la estepa y el compromiso de cuidar la tierra\">Leer m\u00e1s<\/a><\/p>\n","protected":false},"author":79,"featured_media":91286,"comment_status":"closed","ping_status":"closed","sticky":false,"template":"","format":"standard","meta":{"_sitemap_exclude":false,"_sitemap_priority":"","_sitemap_frequency":"","ss_featured_image_title":"","ss_featured_image_alt":"La sequ\u00eda de las estepas de Mongolia","ss_featured_image_caption":"Paisaje \u00e1rido de la estepa en Mongolia con pastores n\u00f3madas y proyectos de recuperaci\u00f3n sostenible del agua","footnotes":""},"categories":[2470],"tags":[2315,3118,4016],"class_list":["post-91287","post","type-post","status-publish","format-standard","has-post-thumbnail","hentry","category-noticias-del-mundo","tag-asia","tag-sed","tag-sequia","infinite-scroll-item","generate-columns","tablet-grid-50","mobile-grid-100","grid-parent","grid-50"],"yoast_head":"<!-- This site is optimized with the Yoast SEO plugin v28.4 - https:\/\/yoast.com\/product\/yoast-seo-wordpress\/ -->\n<title>Mongolia: cuidar la tierra y las comunidades rurales<\/title>\n<meta name=\"description\" content=\"En Mongolia, la desertificaci\u00f3n afecta al 77% del suelo. La hermana Sandra Garay expone los retos clim\u00e1ticos y el rescate de los recursos h\u00eddricos.\" \/>\n<meta name=\"robots\" content=\"index, follow, max-snippet:-1, max-image-preview:large, max-video-preview:-1\" \/>\n<link rel=\"canonical\" href=\"https:\/\/spaziospadoni.org\/es\/mongolia-la-sed-de-la-estepa-y-el-compromiso-de-cuidar-la-tierra\/\" \/>\n<meta property=\"og:locale\" content=\"es_ES\" \/>\n<meta property=\"og:type\" content=\"article\" \/>\n<meta property=\"og:title\" content=\"Mongolia: cuidar la tierra y las comunidades rurales\" \/>\n<meta property=\"og:description\" content=\"En Mongolia, la desertificaci\u00f3n afecta al 77% del suelo. La hermana Sandra Garay expone los retos clim\u00e1ticos y el rescate de los recursos h\u00eddricos.\" \/>\n<meta property=\"og:url\" content=\"https:\/\/spaziospadoni.org\/es\/mongolia-la-sed-de-la-estepa-y-el-compromiso-de-cuidar-la-tierra\/\" \/>\n<meta property=\"og:site_name\" content=\"spazio + spadoni\" \/>\n<meta property=\"article:publisher\" content=\"https:\/\/www.facebook.com\/SpazioSpadoni\/\" \/>\n<meta property=\"article:published_time\" content=\"2026-08-20T12:30:00+00:00\" \/>\n<meta property=\"article:modified_time\" content=\"2026-08-20T14:11:58+00:00\" \/>\n<meta property=\"og:image\" content=\"https:\/\/spaziospadoni.org\/wp-content\/uploads\/2026\/08\/mongolia-steppe-siccita.webp\" \/>\n\t<meta property=\"og:image:width\" content=\"1192\" \/>\n\t<meta property=\"og:image:height\" content=\"800\" \/>\n\t<meta property=\"og:image:type\" content=\"image\/webp\" \/>\n<meta name=\"author\" content=\"Ze Vong\" \/>\n<meta name=\"twitter:card\" content=\"summary_large_image\" \/>\n<meta name=\"twitter:label1\" content=\"Escrito por\" \/>\n\t<meta name=\"twitter:data1\" content=\"Ze Vong\" \/>\n\t<meta name=\"twitter:label2\" content=\"Est. reading time\" \/>\n\t<meta name=\"twitter:data2\" content=\"3 minutes\" \/>\n<script type=\"application\/ld+json\" class=\"yoast-schema-graph\">{\"@context\":\"https:\\\/\\\/schema.org\",\"@graph\":[{\"@type\":\"Article\",\"@id\":\"https:\\\/\\\/spaziospadoni.org\\\/es\\\/mongolia-la-sed-de-la-estepa-y-el-compromiso-de-cuidar-la-tierra\\\/#article\",\"isPartOf\":{\"@id\":\"https:\\\/\\\/spaziospadoni.org\\\/es\\\/mongolia-la-sed-de-la-estepa-y-el-compromiso-de-cuidar-la-tierra\\\/\"},\"author\":{\"name\":\"Ze Vong\",\"@id\":\"https:\\\/\\\/spaziospadoni.org\\\/es\\\/#\\\/schema\\\/person\\\/cbb22a23077795e7401bdda2d1c82e35\"},\"headline\":\"Mongolia, la sed de la estepa y el compromiso de cuidar la tierra\",\"datePublished\":\"2026-08-20T12:30:00+00:00\",\"dateModified\":\"2026-08-20T14:11:58+00:00\",\"mainEntityOfPage\":{\"@id\":\"https:\\\/\\\/spaziospadoni.org\\\/es\\\/mongolia-la-sed-de-la-estepa-y-el-compromiso-de-cuidar-la-tierra\\\/\"},\"wordCount\":506,\"publisher\":{\"@id\":\"https:\\\/\\\/spaziospadoni.org\\\/es\\\/#organization\"},\"image\":{\"@id\":\"https:\\\/\\\/spaziospadoni.org\\\/es\\\/mongolia-la-sed-de-la-estepa-y-el-compromiso-de-cuidar-la-tierra\\\/#primaryimage\"},\"thumbnailUrl\":\"https:\\\/\\\/spaziospadoni.org\\\/wp-content\\\/uploads\\\/2026\\\/08\\\/mongolia-steppe-siccita.webp\",\"keywords\":[\"Asia\",\"sed\",\"sequ\u00eda\"],\"articleSection\":[\"Noticias del mundo\"],\"inLanguage\":\"es-ES\"},{\"@type\":\"WebPage\",\"@id\":\"https:\\\/\\\/spaziospadoni.org\\\/es\\\/mongolia-la-sed-de-la-estepa-y-el-compromiso-de-cuidar-la-tierra\\\/\",\"url\":\"https:\\\/\\\/spaziospadoni.org\\\/es\\\/mongolia-la-sed-de-la-estepa-y-el-compromiso-de-cuidar-la-tierra\\\/\",\"name\":\"Mongolia: cuidar la tierra y las comunidades rurales\",\"isPartOf\":{\"@id\":\"https:\\\/\\\/spaziospadoni.org\\\/es\\\/#website\"},\"primaryImageOfPage\":{\"@id\":\"https:\\\/\\\/spaziospadoni.org\\\/es\\\/mongolia-la-sed-de-la-estepa-y-el-compromiso-de-cuidar-la-tierra\\\/#primaryimage\"},\"image\":{\"@id\":\"https:\\\/\\\/spaziospadoni.org\\\/es\\\/mongolia-la-sed-de-la-estepa-y-el-compromiso-de-cuidar-la-tierra\\\/#primaryimage\"},\"thumbnailUrl\":\"https:\\\/\\\/spaziospadoni.org\\\/wp-content\\\/uploads\\\/2026\\\/08\\\/mongolia-steppe-siccita.webp\",\"datePublished\":\"2026-08-20T12:30:00+00:00\",\"dateModified\":\"2026-08-20T14:11:58+00:00\",\"description\":\"En Mongolia, la desertificaci\u00f3n afecta al 77% del suelo. La hermana Sandra Garay expone los retos clim\u00e1ticos y el rescate de los recursos h\u00eddricos.\",\"breadcrumb\":{\"@id\":\"https:\\\/\\\/spaziospadoni.org\\\/es\\\/mongolia-la-sed-de-la-estepa-y-el-compromiso-de-cuidar-la-tierra\\\/#breadcrumb\"},\"inLanguage\":\"es-ES\",\"potentialAction\":[{\"@type\":\"ReadAction\",\"target\":[\"https:\\\/\\\/spaziospadoni.org\\\/es\\\/mongolia-la-sed-de-la-estepa-y-el-compromiso-de-cuidar-la-tierra\\\/\"]}]},{\"@type\":\"ImageObject\",\"inLanguage\":\"es-ES\",\"@id\":\"https:\\\/\\\/spaziospadoni.org\\\/es\\\/mongolia-la-sed-de-la-estepa-y-el-compromiso-de-cuidar-la-tierra\\\/#primaryimage\",\"url\":\"https:\\\/\\\/spaziospadoni.org\\\/wp-content\\\/uploads\\\/2026\\\/08\\\/mongolia-steppe-siccita.webp\",\"contentUrl\":\"https:\\\/\\\/spaziospadoni.org\\\/wp-content\\\/uploads\\\/2026\\\/08\\\/mongolia-steppe-siccita.webp\",\"width\":1192,\"height\":800,\"caption\":\"Paisaje \u00e1rido de la estepa en Mongolia con pastores n\u00f3madas y proyectos de recuperaci\u00f3n sostenible del agua\"},{\"@type\":\"BreadcrumbList\",\"@id\":\"https:\\\/\\\/spaziospadoni.org\\\/es\\\/mongolia-la-sed-de-la-estepa-y-el-compromiso-de-cuidar-la-tierra\\\/#breadcrumb\",\"itemListElement\":[{\"@type\":\"ListItem\",\"position\":1,\"name\":\"Home\",\"item\":\"https:\\\/\\\/spaziospadoni.org\\\/es\\\/\"},{\"@type\":\"ListItem\",\"position\":2,\"name\":\"Mongolia, la sed de la estepa y el compromiso de cuidar la tierra\"}]},{\"@type\":\"WebSite\",\"@id\":\"https:\\\/\\\/spaziospadoni.org\\\/es\\\/#website\",\"url\":\"https:\\\/\\\/spaziospadoni.org\\\/es\\\/\",\"name\":\"spazio + spadoni\",\"description\":\"Generazione di misericordia e missione nel mondo\",\"publisher\":{\"@id\":\"https:\\\/\\\/spaziospadoni.org\\\/es\\\/#organization\"},\"alternateName\":\"spaziospadoni.org\",\"potentialAction\":[{\"@type\":\"SearchAction\",\"target\":{\"@type\":\"EntryPoint\",\"urlTemplate\":\"https:\\\/\\\/spaziospadoni.org\\\/es\\\/?s={search_term_string}\"},\"query-input\":{\"@type\":\"PropertyValueSpecification\",\"valueRequired\":true,\"valueName\":\"search_term_string\"}}],\"inLanguage\":\"es-ES\"},{\"@type\":\"Organization\",\"@id\":\"https:\\\/\\\/spaziospadoni.org\\\/es\\\/#organization\",\"name\":\"spazio + spadoni\",\"alternateName\":\"spaziospadoni.org\",\"url\":\"https:\\\/\\\/spaziospadoni.org\\\/es\\\/\",\"logo\":{\"@type\":\"ImageObject\",\"inLanguage\":\"es-ES\",\"@id\":\"https:\\\/\\\/spaziospadoni.org\\\/es\\\/#\\\/schema\\\/logo\\\/image\\\/\",\"url\":\"https:\\\/\\\/spaziospadoni.org\\\/wp-content\\\/uploads\\\/2026\\\/05\\\/spazio-spadoni-logo-100x100-1.webp\",\"contentUrl\":\"https:\\\/\\\/spaziospadoni.org\\\/wp-content\\\/uploads\\\/2026\\\/05\\\/spazio-spadoni-logo-100x100-1.webp\",\"width\":100,\"height\":100,\"caption\":\"spazio + spadoni\"},\"image\":{\"@id\":\"https:\\\/\\\/spaziospadoni.org\\\/es\\\/#\\\/schema\\\/logo\\\/image\\\/\"},\"sameAs\":[\"https:\\\/\\\/www.facebook.com\\\/SpazioSpadoni\\\/\",\"https:\\\/\\\/www.instagram.com\\\/spaziospadoni\\\/\",\"https:\\\/\\\/www.youtube.com\\\/@spaziospadoni\\\/playlists\"]},{\"@type\":\"Person\",\"@id\":\"https:\\\/\\\/spaziospadoni.org\\\/es\\\/#\\\/schema\\\/person\\\/cbb22a23077795e7401bdda2d1c82e35\",\"name\":\"Ze Vong\",\"image\":{\"@type\":\"ImageObject\",\"inLanguage\":\"es-ES\",\"@id\":\"https:\\\/\\\/secure.gravatar.com\\\/avatar\\\/dccfb8e47b405e5307fecff6a120c8d753077e4604b5c1e86d1c81219292dc84?s=96&d=mm&r=g\",\"url\":\"https:\\\/\\\/secure.gravatar.com\\\/avatar\\\/dccfb8e47b405e5307fecff6a120c8d753077e4604b5c1e86d1c81219292dc84?s=96&d=mm&r=g\",\"contentUrl\":\"https:\\\/\\\/secure.gravatar.com\\\/avatar\\\/dccfb8e47b405e5307fecff6a120c8d753077e4604b5c1e86d1c81219292dc84?s=96&d=mm&r=g\",\"caption\":\"Ze Vong\"},\"description\":\"Joven timorense nacido hace 23 a\u00f1os en las afueras de la capital Dili, conoci\u00f3 de cerca las dificultades de acceso a la educaci\u00f3n y a la salud, pero fue precisamente de esas heridas sociales de donde sac\u00f3 la fuerza para convertirse hoy en una persona muy activa en el voluntariado y en las obras de misericordia.\",\"url\":\"https:\\\/\\\/spaziospadoni.org\\\/es\\\/author\\\/vong_mission\\\/\"}]}<\/script>\n<!-- \/ Yoast SEO plugin. -->","yoast_head_json":{"title":"Mongolia: cuidar la tierra y las comunidades rurales","description":"En Mongolia, la desertificaci\u00f3n afecta al 77% del suelo. La hermana Sandra Garay expone los retos clim\u00e1ticos y el rescate de los recursos h\u00eddricos.","robots":{"index":"index","follow":"follow","max-snippet":"max-snippet:-1","max-image-preview":"max-image-preview:large","max-video-preview":"max-video-preview:-1"},"canonical":"https:\/\/spaziospadoni.org\/es\/mongolia-la-sed-de-la-estepa-y-el-compromiso-de-cuidar-la-tierra\/","og_locale":"es_ES","og_type":"article","og_title":"Mongolia: cuidar la tierra y las comunidades rurales","og_description":"En Mongolia, la desertificaci\u00f3n afecta al 77% del suelo. La hermana Sandra Garay expone los retos clim\u00e1ticos y el rescate de los recursos h\u00eddricos.","og_url":"https:\/\/spaziospadoni.org\/es\/mongolia-la-sed-de-la-estepa-y-el-compromiso-de-cuidar-la-tierra\/","og_site_name":"spazio + spadoni","article_publisher":"https:\/\/www.facebook.com\/SpazioSpadoni\/","article_published_time":"2026-08-20T12:30:00+00:00","article_modified_time":"2026-08-20T14:11:58+00:00","og_image":[{"width":1192,"height":800,"url":"https:\/\/spaziospadoni.org\/wp-content\/uploads\/2026\/08\/mongolia-steppe-siccita.webp","type":"image\/webp"}],"author":"Ze Vong","twitter_card":"summary_large_image","twitter_misc":{"Escrito por":"Ze Vong","Est. reading time":"3 minutes"},"schema":{"@context":"https:\/\/schema.org","@graph":[{"@type":"Article","@id":"https:\/\/spaziospadoni.org\/es\/mongolia-la-sed-de-la-estepa-y-el-compromiso-de-cuidar-la-tierra\/#article","isPartOf":{"@id":"https:\/\/spaziospadoni.org\/es\/mongolia-la-sed-de-la-estepa-y-el-compromiso-de-cuidar-la-tierra\/"},"author":{"name":"Ze Vong","@id":"https:\/\/spaziospadoni.org\/es\/#\/schema\/person\/cbb22a23077795e7401bdda2d1c82e35"},"headline":"Mongolia, la sed de la estepa y el compromiso de cuidar la tierra","datePublished":"2026-08-20T12:30:00+00:00","dateModified":"2026-08-20T14:11:58+00:00","mainEntityOfPage":{"@id":"https:\/\/spaziospadoni.org\/es\/mongolia-la-sed-de-la-estepa-y-el-compromiso-de-cuidar-la-tierra\/"},"wordCount":506,"publisher":{"@id":"https:\/\/spaziospadoni.org\/es\/#organization"},"image":{"@id":"https:\/\/spaziospadoni.org\/es\/mongolia-la-sed-de-la-estepa-y-el-compromiso-de-cuidar-la-tierra\/#primaryimage"},"thumbnailUrl":"https:\/\/spaziospadoni.org\/wp-content\/uploads\/2026\/08\/mongolia-steppe-siccita.webp","keywords":["Asia","sed","sequ\u00eda"],"articleSection":["Noticias del mundo"],"inLanguage":"es-ES"},{"@type":"WebPage","@id":"https:\/\/spaziospadoni.org\/es\/mongolia-la-sed-de-la-estepa-y-el-compromiso-de-cuidar-la-tierra\/","url":"https:\/\/spaziospadoni.org\/es\/mongolia-la-sed-de-la-estepa-y-el-compromiso-de-cuidar-la-tierra\/","name":"Mongolia: cuidar la tierra y las comunidades rurales","isPartOf":{"@id":"https:\/\/spaziospadoni.org\/es\/#website"},"primaryImageOfPage":{"@id":"https:\/\/spaziospadoni.org\/es\/mongolia-la-sed-de-la-estepa-y-el-compromiso-de-cuidar-la-tierra\/#primaryimage"},"image":{"@id":"https:\/\/spaziospadoni.org\/es\/mongolia-la-sed-de-la-estepa-y-el-compromiso-de-cuidar-la-tierra\/#primaryimage"},"thumbnailUrl":"https:\/\/spaziospadoni.org\/wp-content\/uploads\/2026\/08\/mongolia-steppe-siccita.webp","datePublished":"2026-08-20T12:30:00+00:00","dateModified":"2026-08-20T14:11:58+00:00","description":"En Mongolia, la desertificaci\u00f3n afecta al 77% del suelo. La hermana Sandra Garay expone los retos clim\u00e1ticos y el rescate de los recursos h\u00eddricos.","breadcrumb":{"@id":"https:\/\/spaziospadoni.org\/es\/mongolia-la-sed-de-la-estepa-y-el-compromiso-de-cuidar-la-tierra\/#breadcrumb"},"inLanguage":"es-ES","potentialAction":[{"@type":"ReadAction","target":["https:\/\/spaziospadoni.org\/es\/mongolia-la-sed-de-la-estepa-y-el-compromiso-de-cuidar-la-tierra\/"]}]},{"@type":"ImageObject","inLanguage":"es-ES","@id":"https:\/\/spaziospadoni.org\/es\/mongolia-la-sed-de-la-estepa-y-el-compromiso-de-cuidar-la-tierra\/#primaryimage","url":"https:\/\/spaziospadoni.org\/wp-content\/uploads\/2026\/08\/mongolia-steppe-siccita.webp","contentUrl":"https:\/\/spaziospadoni.org\/wp-content\/uploads\/2026\/08\/mongolia-steppe-siccita.webp","width":1192,"height":800,"caption":"Paisaje \u00e1rido de la estepa en Mongolia con pastores n\u00f3madas y proyectos de recuperaci\u00f3n sostenible del agua"},{"@type":"BreadcrumbList","@id":"https:\/\/spaziospadoni.org\/es\/mongolia-la-sed-de-la-estepa-y-el-compromiso-de-cuidar-la-tierra\/#breadcrumb","itemListElement":[{"@type":"ListItem","position":1,"name":"Home","item":"https:\/\/spaziospadoni.org\/es\/"},{"@type":"ListItem","position":2,"name":"Mongolia, la sed de la estepa y el compromiso de cuidar la tierra"}]},{"@type":"WebSite","@id":"https:\/\/spaziospadoni.org\/es\/#website","url":"https:\/\/spaziospadoni.org\/es\/","name":"spazio + spadoni","description":"Generazione di misericordia e missione nel mondo","publisher":{"@id":"https:\/\/spaziospadoni.org\/es\/#organization"},"alternateName":"spaziospadoni.org","potentialAction":[{"@type":"SearchAction","target":{"@type":"EntryPoint","urlTemplate":"https:\/\/spaziospadoni.org\/es\/?s={search_term_string}"},"query-input":{"@type":"PropertyValueSpecification","valueRequired":true,"valueName":"search_term_string"}}],"inLanguage":"es-ES"},{"@type":"Organization","@id":"https:\/\/spaziospadoni.org\/es\/#organization","name":"spazio + spadoni","alternateName":"spaziospadoni.org","url":"https:\/\/spaziospadoni.org\/es\/","logo":{"@type":"ImageObject","inLanguage":"es-ES","@id":"https:\/\/spaziospadoni.org\/es\/#\/schema\/logo\/image\/","url":"https:\/\/spaziospadoni.org\/wp-content\/uploads\/2026\/05\/spazio-spadoni-logo-100x100-1.webp","contentUrl":"https:\/\/spaziospadoni.org\/wp-content\/uploads\/2026\/05\/spazio-spadoni-logo-100x100-1.webp","width":100,"height":100,"caption":"spazio + spadoni"},"image":{"@id":"https:\/\/spaziospadoni.org\/es\/#\/schema\/logo\/image\/"},"sameAs":["https:\/\/www.facebook.com\/SpazioSpadoni\/","https:\/\/www.instagram.com\/spaziospadoni\/","https:\/\/www.youtube.com\/@spaziospadoni\/playlists"]},{"@type":"Person","@id":"https:\/\/spaziospadoni.org\/es\/#\/schema\/person\/cbb22a23077795e7401bdda2d1c82e35","name":"Ze Vong","image":{"@type":"ImageObject","inLanguage":"es-ES","@id":"https:\/\/secure.gravatar.com\/avatar\/dccfb8e47b405e5307fecff6a120c8d753077e4604b5c1e86d1c81219292dc84?s=96&d=mm&r=g","url":"https:\/\/secure.gravatar.com\/avatar\/dccfb8e47b405e5307fecff6a120c8d753077e4604b5c1e86d1c81219292dc84?s=96&d=mm&r=g","contentUrl":"https:\/\/secure.gravatar.com\/avatar\/dccfb8e47b405e5307fecff6a120c8d753077e4604b5c1e86d1c81219292dc84?s=96&d=mm&r=g","caption":"Ze Vong"},"description":"Joven timorense nacido hace 23 a\u00f1os en las afueras de la capital Dili, conoci\u00f3 de cerca las dificultades de acceso a la educaci\u00f3n y a la salud, pero fue precisamente de esas heridas sociales de donde sac\u00f3 la fuerza para convertirse hoy en una persona muy activa en el voluntariado y en las obras de misericordia.","url":"https:\/\/spaziospadoni.org\/es\/author\/vong_mission\/"}]}},"_links":{"self":[{"href":"https:\/\/spaziospadoni.org\/es\/wp-json\/wp\/v2\/posts\/91287","targetHints":{"allow":["GET"]}}],"collection":[{"href":"https:\/\/spaziospadoni.org\/es\/wp-json\/wp\/v2\/posts"}],"about":[{"href":"https:\/\/spaziospadoni.org\/es\/wp-json\/wp\/v2\/types\/post"}],"author":[{"embeddable":true,"href":"https:\/\/spaziospadoni.org\/es\/wp-json\/wp\/v2\/users\/79"}],"replies":[{"embeddable":true,"href":"https:\/\/spaziospadoni.org\/es\/wp-json\/wp\/v2\/comments?post=91287"}],"version-history":[{"count":2,"href":"https:\/\/spaziospadoni.org\/es\/wp-json\/wp\/v2\/posts\/91287\/revisions"}],"predecessor-version":[{"id":91289,"href":"https:\/\/spaziospadoni.org\/es\/wp-json\/wp\/v2\/posts\/91287\/revisions\/91289"}],"wp:featuredmedia":[{"embeddable":true,"href":"https:\/\/spaziospadoni.org\/es\/wp-json\/wp\/v2\/media\/91286"}],"wp:attachment":[{"href":"https:\/\/spaziospadoni.org\/es\/wp-json\/wp\/v2\/media?parent=91287"}],"wp:term":[{"taxonomy":"category","embeddable":true,"href":"https:\/\/spaziospadoni.org\/es\/wp-json\/wp\/v2\/categories?post=91287"},{"taxonomy":"post_tag","embeddable":true,"href":"https:\/\/spaziospadoni.org\/es\/wp-json\/wp\/v2\/tags?post=91287"}],"curies":[{"name":"wp","href":"https:\/\/api.w.org\/{rel}","templated":true}]}}