{"id":91304,"date":"2026-08-20T17:30:00","date_gmt":"2026-08-20T16:30:00","guid":{"rendered":"https:\/\/spaziospadoni.org\/?p=91304"},"modified":"2026-08-20T15:36:22","modified_gmt":"2026-08-20T14:36:22","slug":"la-parabola-del-banquete-de-bodas-la-invitacion-de-dios-y-nuestra-respuesta","status":"publish","type":"post","link":"https:\/\/spaziospadoni.org\/es\/la-parabola-del-banquete-de-bodas-la-invitacion-de-dios-y-nuestra-respuesta\/","title":{"rendered":"La par\u00e1bola del banquete de bodas: la invitaci\u00f3n de Dios y nuestra respuesta"},"content":{"rendered":"\n<p class=\"wp-block-paragraph\">En el Evangelio de hoy, 20 de agosto de 2026, Jes\u00fas presenta una par\u00e1bola dirigida a los sumos sacerdotes y a los ancianos del pueblo.<\/p>\n\n\n\n<p class=\"wp-block-paragraph\">Jes\u00fas compara el Reino de los cielos con un rey que celebr\u00f3 el banquete de bodas de su hijo. Este rey env\u00eda a sus criados a llamar a los convidados a la boda, pero estos no quisieron acudir. El rey env\u00eda entonces a otros criados para invitar a la gente, pero con excusas y justificaciones, el resultado no cambia: nadie quiere participar.<\/p>\n\n\n\n<p class=\"wp-block-paragraph\">\u00a1Cu\u00e1ntas excusas y justificaciones ponemos a veces para no trabajar por el Reino de Dios y para no tomarnos en serio nuestros compromisos bautismales!<\/p>\n\n\n\n<h2 id=\"la-invitacion-universal-y-el-rechazo-de-los-invitados\" class=\"wp-block-heading\">La invitaci\u00f3n universal y el rechazo de los invitados<\/h2>\n\n\n\n<p class=\"wp-block-paragraph\">Finalmente, el rey env\u00eda a sus criados para ir e invitar a todos, malos y buenos, porque el banquete est\u00e1 preparado. Y as\u00ed la sala comienza a llenarse de comensales, buenos y malos.<\/p>\n\n\n\n<p class=\"wp-block-paragraph\">La invitaci\u00f3n es siempre iniciativa de Dios: \u00c9l quiere que en su Reino nadie se quede atr\u00e1s, porque la salvaci\u00f3n es para todos (y esto fue reiterado por el Papa Francisco en Lisboa en agosto de 2023).<\/p>\n\n\n\n<h2 id=\"la-decision-personal-y-el-vestido-de-fiesta\" class=\"wp-block-heading\">La decisi\u00f3n personal y el vestido de fiesta<\/h2>\n\n\n\n<p class=\"wp-block-paragraph\">Sin embargo, la decisi\u00f3n es personal: los invitados, en realidad, decidieron libre y voluntariamente no participar en este alegre banquete.<\/p>\n\n\n\n<p class=\"wp-block-paragraph\">Y t\u00fa, querido hermano, querid\u00edsima hermana, \u00bfqu\u00e9 decides? \u00bfQuieres participar en este banquete? \u00bfQuieres vestir el traje de fiesta, indispensable para participar en este banquete, representado por tu sincera conversi\u00f3n, tus buenas obras y tu experiencia vivida de las Bienaventuranzas?<\/p>\n\n\n\n<p class=\"wp-block-paragraph\"><strong>Imagen creada digitalmente por spazio + spadoni<\/strong><\/p>\n\n\n\n<p class=\"wp-block-paragraph\"><\/p>\n","protected":false},"excerpt":{"rendered":"<p>En el Evangelio de hoy, 20 de agosto de 2026, Jes\u00fas presenta una par\u00e1bola dirigida a los sumos sacerdotes y a los ancianos del pueblo. Jes\u00fas compara el Reino de los cielos con un rey que celebr\u00f3 el banquete de bodas de su hijo. Este rey env\u00eda a sus criados a llamar a los convidados &#8230; <a title=\"La par\u00e1bola del banquete de bodas: la invitaci\u00f3n de Dios y nuestra respuesta\" class=\"read-more\" href=\"https:\/\/spaziospadoni.org\/es\/la-parabola-del-banquete-de-bodas-la-invitacion-de-dios-y-nuestra-respuesta\/\" aria-label=\"Read more about La par\u00e1bola del banquete de bodas: la invitaci\u00f3n de Dios y nuestra respuesta\">Leer m\u00e1s<\/a><\/p>\n","protected":false},"author":17,"featured_media":91303,"comment_status":"closed","ping_status":"closed","sticky":false,"template":"","format":"standard","meta":{"_sitemap_exclude":false,"_sitemap_priority":"","_sitemap_frequency":"","ss_featured_image_title":"","ss_featured_image_alt":"La invitaci\u00f3n de Jes\u00fas al banquete","ss_featured_image_caption":"El comentario del misionero comboniano padre Alessio Geraci al Evangelio de la invitaci\u00f3n al banquete","footnotes":""},"categories":[2526],"tags":[3332,4459,2621,4687],"class_list":["post-91304","post","type-post","status-publish","format-standard","has-post-thumbnail","hentry","category-espiritualidad","tag-conversion-es","tag-eleccion","tag-evangelio","tag-trabajo-espiritual","infinite-scroll-item","generate-columns","tablet-grid-50","mobile-grid-100","grid-parent","grid-50"],"yoast_head":"<!-- This site is optimized with the Yoast SEO plugin v28.4 - https:\/\/yoast.com\/product\/yoast-seo-wordpress\/ -->\n<title>La par\u00e1bola del banquete de bodas y la invitaci\u00f3n de Dios<\/title>\n<meta name=\"description\" content=\"Reflexi\u00f3n sobre el Evangelio del 20 de agosto de 2026: la par\u00e1bola del banquete de bodas, la invitaci\u00f3n de Dios y la decisi\u00f3n de participar.\" \/>\n<meta name=\"robots\" content=\"index, follow, max-snippet:-1, max-image-preview:large, max-video-preview:-1\" \/>\n<link rel=\"canonical\" href=\"https:\/\/spaziospadoni.org\/es\/la-parabola-del-banquete-de-bodas-la-invitacion-de-dios-y-nuestra-respuesta\/\" \/>\n<meta property=\"og:locale\" content=\"es_ES\" \/>\n<meta property=\"og:type\" content=\"article\" \/>\n<meta property=\"og:title\" content=\"La par\u00e1bola del banquete de bodas y la invitaci\u00f3n de Dios\" \/>\n<meta property=\"og:description\" content=\"Reflexi\u00f3n sobre el Evangelio del 20 de agosto de 2026: la par\u00e1bola del banquete de bodas, la invitaci\u00f3n de Dios y la decisi\u00f3n de participar.\" \/>\n<meta property=\"og:url\" content=\"https:\/\/spaziospadoni.org\/es\/la-parabola-del-banquete-de-bodas-la-invitacion-de-dios-y-nuestra-respuesta\/\" \/>\n<meta property=\"og:site_name\" content=\"spazio + spadoni\" \/>\n<meta property=\"article:publisher\" content=\"https:\/\/www.facebook.com\/SpazioSpadoni\/\" \/>\n<meta property=\"article:published_time\" content=\"2026-08-20T16:30:00+00:00\" \/>\n<meta property=\"og:image\" content=\"https:\/\/spaziospadoni.org\/wp-content\/uploads\/2026\/08\/invitati-banchetto-gesu.webp\" \/>\n\t<meta property=\"og:image:width\" content=\"1192\" \/>\n\t<meta property=\"og:image:height\" content=\"800\" \/>\n\t<meta property=\"og:image:type\" content=\"image\/webp\" \/>\n<meta name=\"author\" content=\"Padre Alessio Geraci\" \/>\n<meta name=\"twitter:card\" content=\"summary_large_image\" \/>\n<meta name=\"twitter:label1\" content=\"Escrito por\" \/>\n\t<meta name=\"twitter:data1\" content=\"Padre Alessio Geraci\" \/>\n\t<meta name=\"twitter:label2\" content=\"Est. reading time\" \/>\n\t<meta name=\"twitter:data2\" content=\"2 minutes\" \/>\n<script type=\"application\/ld+json\" class=\"yoast-schema-graph\">{\"@context\":\"https:\\\/\\\/schema.org\",\"@graph\":[{\"@type\":\"Article\",\"@id\":\"https:\\\/\\\/spaziospadoni.org\\\/es\\\/la-parabola-del-banquete-de-bodas-la-invitacion-de-dios-y-nuestra-respuesta\\\/#article\",\"isPartOf\":{\"@id\":\"https:\\\/\\\/spaziospadoni.org\\\/es\\\/la-parabola-del-banquete-de-bodas-la-invitacion-de-dios-y-nuestra-respuesta\\\/\"},\"author\":{\"name\":\"Padre Alessio Geraci\",\"@id\":\"https:\\\/\\\/spaziospadoni.org\\\/es\\\/#\\\/schema\\\/person\\\/d3c66a7bc7dc4e0150284c92e9cbc5df\"},\"headline\":\"La par\u00e1bola del banquete de bodas: la invitaci\u00f3n de Dios y nuestra respuesta\",\"datePublished\":\"2026-08-20T16:30:00+00:00\",\"mainEntityOfPage\":{\"@id\":\"https:\\\/\\\/spaziospadoni.org\\\/es\\\/la-parabola-del-banquete-de-bodas-la-invitacion-de-dios-y-nuestra-respuesta\\\/\"},\"wordCount\":291,\"publisher\":{\"@id\":\"https:\\\/\\\/spaziospadoni.org\\\/es\\\/#organization\"},\"image\":{\"@id\":\"https:\\\/\\\/spaziospadoni.org\\\/es\\\/la-parabola-del-banquete-de-bodas-la-invitacion-de-dios-y-nuestra-respuesta\\\/#primaryimage\"},\"thumbnailUrl\":\"https:\\\/\\\/spaziospadoni.org\\\/wp-content\\\/uploads\\\/2026\\\/08\\\/invitati-banchetto-gesu.webp\",\"keywords\":[\"conversi\u00f3n\",\"elecci\u00f3n\",\"Evangelio\",\"trabajo espiritual\"],\"articleSection\":[\"Espiritualidad\"],\"inLanguage\":\"es-ES\"},{\"@type\":\"WebPage\",\"@id\":\"https:\\\/\\\/spaziospadoni.org\\\/es\\\/la-parabola-del-banquete-de-bodas-la-invitacion-de-dios-y-nuestra-respuesta\\\/\",\"url\":\"https:\\\/\\\/spaziospadoni.org\\\/es\\\/la-parabola-del-banquete-de-bodas-la-invitacion-de-dios-y-nuestra-respuesta\\\/\",\"name\":\"La par\u00e1bola del banquete de bodas y la invitaci\u00f3n de Dios\",\"isPartOf\":{\"@id\":\"https:\\\/\\\/spaziospadoni.org\\\/es\\\/#website\"},\"primaryImageOfPage\":{\"@id\":\"https:\\\/\\\/spaziospadoni.org\\\/es\\\/la-parabola-del-banquete-de-bodas-la-invitacion-de-dios-y-nuestra-respuesta\\\/#primaryimage\"},\"image\":{\"@id\":\"https:\\\/\\\/spaziospadoni.org\\\/es\\\/la-parabola-del-banquete-de-bodas-la-invitacion-de-dios-y-nuestra-respuesta\\\/#primaryimage\"},\"thumbnailUrl\":\"https:\\\/\\\/spaziospadoni.org\\\/wp-content\\\/uploads\\\/2026\\\/08\\\/invitati-banchetto-gesu.webp\",\"datePublished\":\"2026-08-20T16:30:00+00:00\",\"description\":\"Reflexi\u00f3n sobre el Evangelio del 20 de agosto de 2026: la par\u00e1bola del banquete de bodas, la invitaci\u00f3n de Dios y la decisi\u00f3n de participar.\",\"breadcrumb\":{\"@id\":\"https:\\\/\\\/spaziospadoni.org\\\/es\\\/la-parabola-del-banquete-de-bodas-la-invitacion-de-dios-y-nuestra-respuesta\\\/#breadcrumb\"},\"inLanguage\":\"es-ES\",\"potentialAction\":[{\"@type\":\"ReadAction\",\"target\":[\"https:\\\/\\\/spaziospadoni.org\\\/es\\\/la-parabola-del-banquete-de-bodas-la-invitacion-de-dios-y-nuestra-respuesta\\\/\"]}]},{\"@type\":\"ImageObject\",\"inLanguage\":\"es-ES\",\"@id\":\"https:\\\/\\\/spaziospadoni.org\\\/es\\\/la-parabola-del-banquete-de-bodas-la-invitacion-de-dios-y-nuestra-respuesta\\\/#primaryimage\",\"url\":\"https:\\\/\\\/spaziospadoni.org\\\/wp-content\\\/uploads\\\/2026\\\/08\\\/invitati-banchetto-gesu.webp\",\"contentUrl\":\"https:\\\/\\\/spaziospadoni.org\\\/wp-content\\\/uploads\\\/2026\\\/08\\\/invitati-banchetto-gesu.webp\",\"width\":1192,\"height\":800,\"caption\":\"El comentario del misionero comboniano padre Alessio Geraci al Evangelio de la invitaci\u00f3n al banquete\"},{\"@type\":\"BreadcrumbList\",\"@id\":\"https:\\\/\\\/spaziospadoni.org\\\/es\\\/la-parabola-del-banquete-de-bodas-la-invitacion-de-dios-y-nuestra-respuesta\\\/#breadcrumb\",\"itemListElement\":[{\"@type\":\"ListItem\",\"position\":1,\"name\":\"Home\",\"item\":\"https:\\\/\\\/spaziospadoni.org\\\/es\\\/\"},{\"@type\":\"ListItem\",\"position\":2,\"name\":\"La par\u00e1bola del banquete de bodas: la invitaci\u00f3n de Dios y nuestra respuesta\"}]},{\"@type\":\"WebSite\",\"@id\":\"https:\\\/\\\/spaziospadoni.org\\\/es\\\/#website\",\"url\":\"https:\\\/\\\/spaziospadoni.org\\\/es\\\/\",\"name\":\"spazio + spadoni\",\"description\":\"Generazione di misericordia e missione nel mondo\",\"publisher\":{\"@id\":\"https:\\\/\\\/spaziospadoni.org\\\/es\\\/#organization\"},\"alternateName\":\"spaziospadoni.org\",\"potentialAction\":[{\"@type\":\"SearchAction\",\"target\":{\"@type\":\"EntryPoint\",\"urlTemplate\":\"https:\\\/\\\/spaziospadoni.org\\\/es\\\/?s={search_term_string}\"},\"query-input\":{\"@type\":\"PropertyValueSpecification\",\"valueRequired\":true,\"valueName\":\"search_term_string\"}}],\"inLanguage\":\"es-ES\"},{\"@type\":\"Organization\",\"@id\":\"https:\\\/\\\/spaziospadoni.org\\\/es\\\/#organization\",\"name\":\"spazio + spadoni\",\"alternateName\":\"spaziospadoni.org\",\"url\":\"https:\\\/\\\/spaziospadoni.org\\\/es\\\/\",\"logo\":{\"@type\":\"ImageObject\",\"inLanguage\":\"es-ES\",\"@id\":\"https:\\\/\\\/spaziospadoni.org\\\/es\\\/#\\\/schema\\\/logo\\\/image\\\/\",\"url\":\"https:\\\/\\\/spaziospadoni.org\\\/wp-content\\\/uploads\\\/2026\\\/05\\\/spazio-spadoni-logo-100x100-1.webp\",\"contentUrl\":\"https:\\\/\\\/spaziospadoni.org\\\/wp-content\\\/uploads\\\/2026\\\/05\\\/spazio-spadoni-logo-100x100-1.webp\",\"width\":100,\"height\":100,\"caption\":\"spazio + spadoni\"},\"image\":{\"@id\":\"https:\\\/\\\/spaziospadoni.org\\\/es\\\/#\\\/schema\\\/logo\\\/image\\\/\"},\"sameAs\":[\"https:\\\/\\\/www.facebook.com\\\/SpazioSpadoni\\\/\",\"https:\\\/\\\/www.instagram.com\\\/spaziospadoni\\\/\",\"https:\\\/\\\/www.youtube.com\\\/@spaziospadoni\\\/playlists\"]},{\"@type\":\"Person\",\"@id\":\"https:\\\/\\\/spaziospadoni.org\\\/es\\\/#\\\/schema\\\/person\\\/d3c66a7bc7dc4e0150284c92e9cbc5df\",\"name\":\"Padre Alessio Geraci\",\"image\":{\"@type\":\"ImageObject\",\"inLanguage\":\"es-ES\",\"@id\":\"https:\\\/\\\/secure.gravatar.com\\\/avatar\\\/0c9c9df8c754b964a67f8a08d45b6f0557f16bca4c45a30e2d597191e75bcd69?s=96&d=mm&r=g\",\"url\":\"https:\\\/\\\/secure.gravatar.com\\\/avatar\\\/0c9c9df8c754b964a67f8a08d45b6f0557f16bca4c45a30e2d597191e75bcd69?s=96&d=mm&r=g\",\"contentUrl\":\"https:\\\/\\\/secure.gravatar.com\\\/avatar\\\/0c9c9df8c754b964a67f8a08d45b6f0557f16bca4c45a30e2d597191e75bcd69?s=96&d=mm&r=g\",\"caption\":\"Padre Alessio Geraci\"},\"description\":\"El padre Alessio Geraci naci\u00f3 en Palermo el 11 de junio de 1983, hijo \u00fanico de Gabriella y Vincenzo. Estudi\u00f3 lenguas extranjeras en el instituto y profundiz\u00f3 sus estudios en la universidad, impulsado por el deseo de partir en misi\u00f3n. Despu\u00e9s de algunos a\u00f1os como misionero laico, especialmente en Argentina, ingres\u00f3 en los Misioneros Combonianos. Estuvo en misi\u00f3n en Per\u00fa de 2014 a 2019 y en Italia de 2019 a 2024, dedicado al servicio entre los j\u00f3venes y junto a ellos. En octubre de 2024 regres\u00f3 a Per\u00fa, a la periferia sur de Lima, donde actualmente es p\u00e1rroco de la Parroquia \u201cCristo Misionero del Padre\u201d, en Chorrillos.\",\"url\":\"https:\\\/\\\/spaziospadoni.org\\\/es\\\/author\\\/geraci_mission\\\/\"}]}<\/script>\n<!-- \/ Yoast SEO plugin. -->","yoast_head_json":{"title":"La par\u00e1bola del banquete de bodas y la invitaci\u00f3n de Dios","description":"Reflexi\u00f3n sobre el Evangelio del 20 de agosto de 2026: la par\u00e1bola del banquete de bodas, la invitaci\u00f3n de Dios y la decisi\u00f3n de participar.","robots":{"index":"index","follow":"follow","max-snippet":"max-snippet:-1","max-image-preview":"max-image-preview:large","max-video-preview":"max-video-preview:-1"},"canonical":"https:\/\/spaziospadoni.org\/es\/la-parabola-del-banquete-de-bodas-la-invitacion-de-dios-y-nuestra-respuesta\/","og_locale":"es_ES","og_type":"article","og_title":"La par\u00e1bola del banquete de bodas y la invitaci\u00f3n de Dios","og_description":"Reflexi\u00f3n sobre el Evangelio del 20 de agosto de 2026: la par\u00e1bola del banquete de bodas, la invitaci\u00f3n de Dios y la decisi\u00f3n de participar.","og_url":"https:\/\/spaziospadoni.org\/es\/la-parabola-del-banquete-de-bodas-la-invitacion-de-dios-y-nuestra-respuesta\/","og_site_name":"spazio + spadoni","article_publisher":"https:\/\/www.facebook.com\/SpazioSpadoni\/","article_published_time":"2026-08-20T16:30:00+00:00","og_image":[{"width":1192,"height":800,"url":"https:\/\/spaziospadoni.org\/wp-content\/uploads\/2026\/08\/invitati-banchetto-gesu.webp","type":"image\/webp"}],"author":"Padre Alessio Geraci","twitter_card":"summary_large_image","twitter_misc":{"Escrito por":"Padre Alessio Geraci","Est. reading time":"2 minutes"},"schema":{"@context":"https:\/\/schema.org","@graph":[{"@type":"Article","@id":"https:\/\/spaziospadoni.org\/es\/la-parabola-del-banquete-de-bodas-la-invitacion-de-dios-y-nuestra-respuesta\/#article","isPartOf":{"@id":"https:\/\/spaziospadoni.org\/es\/la-parabola-del-banquete-de-bodas-la-invitacion-de-dios-y-nuestra-respuesta\/"},"author":{"name":"Padre Alessio Geraci","@id":"https:\/\/spaziospadoni.org\/es\/#\/schema\/person\/d3c66a7bc7dc4e0150284c92e9cbc5df"},"headline":"La par\u00e1bola del banquete de bodas: la invitaci\u00f3n de Dios y nuestra respuesta","datePublished":"2026-08-20T16:30:00+00:00","mainEntityOfPage":{"@id":"https:\/\/spaziospadoni.org\/es\/la-parabola-del-banquete-de-bodas-la-invitacion-de-dios-y-nuestra-respuesta\/"},"wordCount":291,"publisher":{"@id":"https:\/\/spaziospadoni.org\/es\/#organization"},"image":{"@id":"https:\/\/spaziospadoni.org\/es\/la-parabola-del-banquete-de-bodas-la-invitacion-de-dios-y-nuestra-respuesta\/#primaryimage"},"thumbnailUrl":"https:\/\/spaziospadoni.org\/wp-content\/uploads\/2026\/08\/invitati-banchetto-gesu.webp","keywords":["conversi\u00f3n","elecci\u00f3n","Evangelio","trabajo espiritual"],"articleSection":["Espiritualidad"],"inLanguage":"es-ES"},{"@type":"WebPage","@id":"https:\/\/spaziospadoni.org\/es\/la-parabola-del-banquete-de-bodas-la-invitacion-de-dios-y-nuestra-respuesta\/","url":"https:\/\/spaziospadoni.org\/es\/la-parabola-del-banquete-de-bodas-la-invitacion-de-dios-y-nuestra-respuesta\/","name":"La par\u00e1bola del banquete de bodas y la invitaci\u00f3n de Dios","isPartOf":{"@id":"https:\/\/spaziospadoni.org\/es\/#website"},"primaryImageOfPage":{"@id":"https:\/\/spaziospadoni.org\/es\/la-parabola-del-banquete-de-bodas-la-invitacion-de-dios-y-nuestra-respuesta\/#primaryimage"},"image":{"@id":"https:\/\/spaziospadoni.org\/es\/la-parabola-del-banquete-de-bodas-la-invitacion-de-dios-y-nuestra-respuesta\/#primaryimage"},"thumbnailUrl":"https:\/\/spaziospadoni.org\/wp-content\/uploads\/2026\/08\/invitati-banchetto-gesu.webp","datePublished":"2026-08-20T16:30:00+00:00","description":"Reflexi\u00f3n sobre el Evangelio del 20 de agosto de 2026: la par\u00e1bola del banquete de bodas, la invitaci\u00f3n de Dios y la decisi\u00f3n de participar.","breadcrumb":{"@id":"https:\/\/spaziospadoni.org\/es\/la-parabola-del-banquete-de-bodas-la-invitacion-de-dios-y-nuestra-respuesta\/#breadcrumb"},"inLanguage":"es-ES","potentialAction":[{"@type":"ReadAction","target":["https:\/\/spaziospadoni.org\/es\/la-parabola-del-banquete-de-bodas-la-invitacion-de-dios-y-nuestra-respuesta\/"]}]},{"@type":"ImageObject","inLanguage":"es-ES","@id":"https:\/\/spaziospadoni.org\/es\/la-parabola-del-banquete-de-bodas-la-invitacion-de-dios-y-nuestra-respuesta\/#primaryimage","url":"https:\/\/spaziospadoni.org\/wp-content\/uploads\/2026\/08\/invitati-banchetto-gesu.webp","contentUrl":"https:\/\/spaziospadoni.org\/wp-content\/uploads\/2026\/08\/invitati-banchetto-gesu.webp","width":1192,"height":800,"caption":"El comentario del misionero comboniano padre Alessio Geraci al Evangelio de la invitaci\u00f3n al banquete"},{"@type":"BreadcrumbList","@id":"https:\/\/spaziospadoni.org\/es\/la-parabola-del-banquete-de-bodas-la-invitacion-de-dios-y-nuestra-respuesta\/#breadcrumb","itemListElement":[{"@type":"ListItem","position":1,"name":"Home","item":"https:\/\/spaziospadoni.org\/es\/"},{"@type":"ListItem","position":2,"name":"La par\u00e1bola del banquete de bodas: la invitaci\u00f3n de Dios y nuestra respuesta"}]},{"@type":"WebSite","@id":"https:\/\/spaziospadoni.org\/es\/#website","url":"https:\/\/spaziospadoni.org\/es\/","name":"spazio + spadoni","description":"Generazione di misericordia e missione nel mondo","publisher":{"@id":"https:\/\/spaziospadoni.org\/es\/#organization"},"alternateName":"spaziospadoni.org","potentialAction":[{"@type":"SearchAction","target":{"@type":"EntryPoint","urlTemplate":"https:\/\/spaziospadoni.org\/es\/?s={search_term_string}"},"query-input":{"@type":"PropertyValueSpecification","valueRequired":true,"valueName":"search_term_string"}}],"inLanguage":"es-ES"},{"@type":"Organization","@id":"https:\/\/spaziospadoni.org\/es\/#organization","name":"spazio + spadoni","alternateName":"spaziospadoni.org","url":"https:\/\/spaziospadoni.org\/es\/","logo":{"@type":"ImageObject","inLanguage":"es-ES","@id":"https:\/\/spaziospadoni.org\/es\/#\/schema\/logo\/image\/","url":"https:\/\/spaziospadoni.org\/wp-content\/uploads\/2026\/05\/spazio-spadoni-logo-100x100-1.webp","contentUrl":"https:\/\/spaziospadoni.org\/wp-content\/uploads\/2026\/05\/spazio-spadoni-logo-100x100-1.webp","width":100,"height":100,"caption":"spazio + spadoni"},"image":{"@id":"https:\/\/spaziospadoni.org\/es\/#\/schema\/logo\/image\/"},"sameAs":["https:\/\/www.facebook.com\/SpazioSpadoni\/","https:\/\/www.instagram.com\/spaziospadoni\/","https:\/\/www.youtube.com\/@spaziospadoni\/playlists"]},{"@type":"Person","@id":"https:\/\/spaziospadoni.org\/es\/#\/schema\/person\/d3c66a7bc7dc4e0150284c92e9cbc5df","name":"Padre Alessio Geraci","image":{"@type":"ImageObject","inLanguage":"es-ES","@id":"https:\/\/secure.gravatar.com\/avatar\/0c9c9df8c754b964a67f8a08d45b6f0557f16bca4c45a30e2d597191e75bcd69?s=96&d=mm&r=g","url":"https:\/\/secure.gravatar.com\/avatar\/0c9c9df8c754b964a67f8a08d45b6f0557f16bca4c45a30e2d597191e75bcd69?s=96&d=mm&r=g","contentUrl":"https:\/\/secure.gravatar.com\/avatar\/0c9c9df8c754b964a67f8a08d45b6f0557f16bca4c45a30e2d597191e75bcd69?s=96&d=mm&r=g","caption":"Padre Alessio Geraci"},"description":"El padre Alessio Geraci naci\u00f3 en Palermo el 11 de junio de 1983, hijo \u00fanico de Gabriella y Vincenzo. Estudi\u00f3 lenguas extranjeras en el instituto y profundiz\u00f3 sus estudios en la universidad, impulsado por el deseo de partir en misi\u00f3n. Despu\u00e9s de algunos a\u00f1os como misionero laico, especialmente en Argentina, ingres\u00f3 en los Misioneros Combonianos. Estuvo en misi\u00f3n en Per\u00fa de 2014 a 2019 y en Italia de 2019 a 2024, dedicado al servicio entre los j\u00f3venes y junto a ellos. En octubre de 2024 regres\u00f3 a Per\u00fa, a la periferia sur de Lima, donde actualmente es p\u00e1rroco de la Parroquia \u201cCristo Misionero del Padre\u201d, en Chorrillos.","url":"https:\/\/spaziospadoni.org\/es\/author\/geraci_mission\/"}]}},"_links":{"self":[{"href":"https:\/\/spaziospadoni.org\/es\/wp-json\/wp\/v2\/posts\/91304","targetHints":{"allow":["GET"]}}],"collection":[{"href":"https:\/\/spaziospadoni.org\/es\/wp-json\/wp\/v2\/posts"}],"about":[{"href":"https:\/\/spaziospadoni.org\/es\/wp-json\/wp\/v2\/types\/post"}],"author":[{"embeddable":true,"href":"https:\/\/spaziospadoni.org\/es\/wp-json\/wp\/v2\/users\/17"}],"replies":[{"embeddable":true,"href":"https:\/\/spaziospadoni.org\/es\/wp-json\/wp\/v2\/comments?post=91304"}],"version-history":[{"count":1,"href":"https:\/\/spaziospadoni.org\/es\/wp-json\/wp\/v2\/posts\/91304\/revisions"}],"predecessor-version":[{"id":91305,"href":"https:\/\/spaziospadoni.org\/es\/wp-json\/wp\/v2\/posts\/91304\/revisions\/91305"}],"wp:featuredmedia":[{"embeddable":true,"href":"https:\/\/spaziospadoni.org\/es\/wp-json\/wp\/v2\/media\/91303"}],"wp:attachment":[{"href":"https:\/\/spaziospadoni.org\/es\/wp-json\/wp\/v2\/media?parent=91304"}],"wp:term":[{"taxonomy":"category","embeddable":true,"href":"https:\/\/spaziospadoni.org\/es\/wp-json\/wp\/v2\/categories?post=91304"},{"taxonomy":"post_tag","embeddable":true,"href":"https:\/\/spaziospadoni.org\/es\/wp-json\/wp\/v2\/tags?post=91304"}],"curies":[{"name":"wp","href":"https:\/\/api.w.org\/{rel}","templated":true}]}}