{"id":91317,"date":"2026-08-19T13:00:00","date_gmt":"2026-08-19T12:00:00","guid":{"rendered":"https:\/\/spaziospadoni.org\/?p=91317"},"modified":"2026-08-20T15:57:12","modified_gmt":"2026-08-20T14:57:12","slug":"el-coraje-del-perdon-sincero-un-acto-de-fe-hacia-el-futuro","status":"publish","type":"post","link":"https:\/\/spaziospadoni.org\/es\/el-coraje-del-perdon-sincero-un-acto-de-fe-hacia-el-futuro\/","title":{"rendered":"El coraje del perd\u00f3n sincero: un acto de fe hacia el futuro"},"content":{"rendered":"\n<p class=\"wp-block-paragraph\">Es fundamental redescubrir cada d\u00eda la emoci\u00f3n que produce perdonar con un coraz\u00f3n sincero.<\/p>\n\n\n\n<p class=\"wp-block-paragraph\">El saber perdonar requiere un acto de fe y un acto de esperanza que, para ser vividos en plenitud, presuponen no tanto la espontaneidad \u2014muy dif\u00edcil en el perd\u00f3n\u2014 sino un momento de gran inteligencia.<\/p>\n\n\n\n<p class=\"wp-block-paragraph\">Y esto no se aplica \u00fanicamente a la esfera personal y familiar, sino tambi\u00e9n a nivel de la historia mundial.<\/p>\n\n\n\n<p class=\"wp-block-paragraph\">Rusos y ucranianos, israel\u00edes e iran\u00edes y as\u00ed sucesivamente todos los \u00abpedazos\u00bb de guerra que parecen no acabar nunca, solo podr\u00e1n abandonar sus equilibrios de miedo y de muerte con el coraje de un acto de fe rec\u00edproco.<\/p>\n\n\n\n<p class=\"wp-block-paragraph\">Perdonar sinceramente es, de hecho, dar confianza al otro, esforz\u00e1ndonos por no mirar al pasado, con sus ofensas e incomprensiones, sino a la posibilidad de un futuro de paz.<\/p>\n\n\n\n<p class=\"wp-block-paragraph\">Tal como Dios hace con nosotros, perdon\u00e1ndonos no solo como Aquel que olvida nuestros pecados, sino como Aquel que nos invita a mirar hacia adelante, m\u00e1s all\u00e1 de nosotros mismos, se\u00f1al\u00e1ndonos nuevos arco\u00edris y nuevos horizontes.<\/p>\n\n\n\n<p class=\"wp-block-paragraph\">\u00a1S\u00ed! Dios perdona sinceramente: rompe las amarras que detienen la barca de la vida haci\u00e9ndola zarpar hacia nuevas albas y un nuevo futuro, con el viento del amor que hincha las velas dando energ\u00eda y coraje a nuestros corazones.<\/p>\n\n\n\n<p class=\"wp-block-paragraph\">\u00c9l perdona con un acto de fe en nosotros agrandando Su coraz\u00f3n al infinito, mientras que nosotros muchas veces perdonamos, s\u00ed, pero conservamos en la memoria un poco de rencor y de desconfianza porque, incluso perdonando, no logramos confiar; mientras que perdonar sinceramente requiere precisamente esto; y esto, convengamos, es verdaderamente dif\u00edcil.<\/p>\n\n\n\n<p class=\"wp-block-paragraph\">Dif\u00edcil porque debemos apostar por las personas, como Dios apuesta por nosotros, con un acto de fe que, purificando nuestro coraz\u00f3n, nos hace redescubrir la emoci\u00f3n y el asombro de una \u00abvirginidad\u00bb nueva de nuestra memoria.<\/p>\n\n\n\n<p class=\"wp-block-paragraph\">Tal como escribe el profeta: \u00abOs dar\u00e9 un coraz\u00f3n nuevo y pondr\u00e9 dentro de vosotros un esp\u00edritu nuevo\u00bb.<\/p>\n\n\n\n<p class=\"wp-block-paragraph\">As\u00ed, nuestros perdones y nuestras paces no ser\u00e1n solo una tregua entre contendientes que se detienen a tomar aliento mientras intentan acumular armas y municiones para los pr\u00f3ximos enfrentamientos.<\/p>\n\n\n\n<p class=\"wp-block-paragraph\">\u00a1No! \u00a1Para nosotros los cristianos no puede ser as\u00ed! El perd\u00f3n o existe o no existe, tal como la misericordia de Dios que siempre existe, a pesar de nuestros estados de \u00e1nimo y los nubarrones de nuestros corazones.<\/p>\n\n\n\n<p class=\"wp-block-paragraph\">Hoy entonces recemos para que este perdonar verdadero y sincero ilumine las relaciones tanto entre nosotros como entre las naciones, donde por desgracia la paz todav\u00eda parece un sue\u00f1o.<\/p>\n\n\n\n<p class=\"wp-block-paragraph\">Dej\u00e9monos reconciliar con Dios, d\u00e9mosle espacio para su acci\u00f3n liberadora en nosotros.<\/p>\n\n\n\n<p class=\"wp-block-paragraph\">La belleza del perd\u00f3n es \u00abremar mar adentro\u00bb, es respirar el aire puro y siempre nuevo de quien no se queda en el pret\u00e9rito perfecto, \u00abhe perdonado\u00bb, sino que acepta el desaf\u00edo de conjugar en gerundio, \u00abestoy perdonando\u00bb.<\/p>\n\n\n\n<p class=\"wp-block-paragraph\"><strong>Imagen creada digitalmente por spazio + spadoni<\/strong><\/p>\n\n\n\n<p class=\"wp-block-paragraph\"><\/p>\n","protected":false},"excerpt":{"rendered":"<p>Es fundamental redescubrir cada d\u00eda la emoci\u00f3n que produce perdonar con un coraz\u00f3n sincero. El saber perdonar requiere un acto de fe y un acto de esperanza que, para ser vividos en plenitud, presuponen no tanto la espontaneidad \u2014muy dif\u00edcil en el perd\u00f3n\u2014 sino un momento de gran inteligencia. Y esto no se aplica \u00fanicamente &#8230; <a title=\"El coraje del perd\u00f3n sincero: un acto de fe hacia el futuro\" class=\"read-more\" href=\"https:\/\/spaziospadoni.org\/es\/el-coraje-del-perdon-sincero-un-acto-de-fe-hacia-el-futuro\/\" aria-label=\"Read more about El coraje del perd\u00f3n sincero: un acto de fe hacia el futuro\">Leer m\u00e1s<\/a><\/p>\n","protected":false},"author":96,"featured_media":91316,"comment_status":"closed","ping_status":"closed","sticky":false,"template":"","format":"standard","meta":{"_sitemap_exclude":false,"_sitemap_priority":"","_sitemap_frequency":"","ss_featured_image_title":"","ss_featured_image_alt":"El desaf\u00edo del perd\u00f3n","ss_featured_image_caption":"Respirar el aire puro y siempre nuevo de quienes no se detienen en el participio pasado, \u00abhe perdonado\u00bb, sino que aceptan el desaf\u00edo de conjugar en gerundio: \u00abestoy perdonando\u00bb.","footnotes":""},"categories":[2374],"tags":[2289,3492],"class_list":["post-91317","post","type-post","status-publish","format-standard","has-post-thumbnail","hentry","category-misericordia-para-todos","tag-fe","tag-futuro-es","infinite-scroll-item","generate-columns","tablet-grid-50","mobile-grid-100","grid-parent","grid-50"],"yoast_head":"<!-- This site is optimized with the Yoast SEO plugin v28.4 - https:\/\/yoast.com\/product\/yoast-seo-wordpress\/ -->\n<title>El perd\u00f3n sincero como un acto de fe para un futuro de paz<\/title>\n<meta name=\"description\" content=\"Descubre la fuerza liberadora del perd\u00f3n sincero: un acto de fe e inteligencia que disuelve rencores y abre nuevos horizontes de reconciliaci\u00f3n.\" \/>\n<meta name=\"robots\" content=\"index, follow, max-snippet:-1, max-image-preview:large, max-video-preview:-1\" \/>\n<link rel=\"canonical\" href=\"https:\/\/spaziospadoni.org\/es\/el-coraje-del-perdon-sincero-un-acto-de-fe-hacia-el-futuro\/\" \/>\n<meta property=\"og:locale\" content=\"es_ES\" \/>\n<meta property=\"og:type\" content=\"article\" \/>\n<meta property=\"og:title\" content=\"El perd\u00f3n sincero como un acto de fe para un futuro de paz\" \/>\n<meta property=\"og:description\" content=\"Descubre la fuerza liberadora del perd\u00f3n sincero: un acto de fe e inteligencia que disuelve rencores y abre nuevos horizontes de reconciliaci\u00f3n.\" \/>\n<meta property=\"og:url\" content=\"https:\/\/spaziospadoni.org\/es\/el-coraje-del-perdon-sincero-un-acto-de-fe-hacia-el-futuro\/\" \/>\n<meta property=\"og:site_name\" content=\"spazio + spadoni\" \/>\n<meta property=\"article:publisher\" content=\"https:\/\/www.facebook.com\/SpazioSpadoni\/\" \/>\n<meta property=\"article:published_time\" content=\"2026-08-19T12:00:00+00:00\" \/>\n<meta property=\"article:modified_time\" content=\"2026-08-20T14:57:12+00:00\" \/>\n<meta property=\"og:image\" content=\"https:\/\/spaziospadoni.org\/wp-content\/uploads\/2026\/08\/futuro-perdono.webp\" \/>\n\t<meta property=\"og:image:width\" content=\"1200\" \/>\n\t<meta property=\"og:image:height\" content=\"805\" \/>\n\t<meta property=\"og:image:type\" content=\"image\/webp\" \/>\n<meta name=\"author\" content=\"Don Nino Carta\" \/>\n<meta name=\"twitter:card\" content=\"summary_large_image\" \/>\n<meta name=\"twitter:label1\" content=\"Escrito por\" \/>\n\t<meta name=\"twitter:data1\" content=\"Padre Nino Carta\" \/>\n\t<meta name=\"twitter:label2\" content=\"Est. reading time\" \/>\n\t<meta name=\"twitter:data2\" content=\"3 minutes\" \/>\n<script type=\"application\/ld+json\" class=\"yoast-schema-graph\">{\"@context\":\"https:\\\/\\\/schema.org\",\"@graph\":[{\"@type\":\"Article\",\"@id\":\"https:\\\/\\\/spaziospadoni.org\\\/es\\\/el-coraje-del-perdon-sincero-un-acto-de-fe-hacia-el-futuro\\\/#article\",\"isPartOf\":{\"@id\":\"https:\\\/\\\/spaziospadoni.org\\\/es\\\/el-coraje-del-perdon-sincero-un-acto-de-fe-hacia-el-futuro\\\/\"},\"author\":{\"name\":\"Don Nino Carta\",\"@id\":\"https:\\\/\\\/spaziospadoni.org\\\/es\\\/#\\\/schema\\\/person\\\/58bcb5d6d638a7db0839ee53a694362b\"},\"headline\":\"El coraje del perd\u00f3n sincero: un acto de fe hacia el futuro\",\"datePublished\":\"2026-08-19T12:00:00+00:00\",\"dateModified\":\"2026-08-20T14:57:12+00:00\",\"mainEntityOfPage\":{\"@id\":\"https:\\\/\\\/spaziospadoni.org\\\/es\\\/el-coraje-del-perdon-sincero-un-acto-de-fe-hacia-el-futuro\\\/\"},\"wordCount\":518,\"publisher\":{\"@id\":\"https:\\\/\\\/spaziospadoni.org\\\/es\\\/#organization\"},\"image\":{\"@id\":\"https:\\\/\\\/spaziospadoni.org\\\/es\\\/el-coraje-del-perdon-sincero-un-acto-de-fe-hacia-el-futuro\\\/#primaryimage\"},\"thumbnailUrl\":\"https:\\\/\\\/spaziospadoni.org\\\/wp-content\\\/uploads\\\/2026\\\/08\\\/futuro-perdono.webp\",\"keywords\":[\"Fe\",\"futuro\"],\"articleSection\":[\"Misericordia para todos\"],\"inLanguage\":\"es-ES\"},{\"@type\":\"WebPage\",\"@id\":\"https:\\\/\\\/spaziospadoni.org\\\/es\\\/el-coraje-del-perdon-sincero-un-acto-de-fe-hacia-el-futuro\\\/\",\"url\":\"https:\\\/\\\/spaziospadoni.org\\\/es\\\/el-coraje-del-perdon-sincero-un-acto-de-fe-hacia-el-futuro\\\/\",\"name\":\"El perd\u00f3n sincero como un acto de fe para un futuro de paz\",\"isPartOf\":{\"@id\":\"https:\\\/\\\/spaziospadoni.org\\\/es\\\/#website\"},\"primaryImageOfPage\":{\"@id\":\"https:\\\/\\\/spaziospadoni.org\\\/es\\\/el-coraje-del-perdon-sincero-un-acto-de-fe-hacia-el-futuro\\\/#primaryimage\"},\"image\":{\"@id\":\"https:\\\/\\\/spaziospadoni.org\\\/es\\\/el-coraje-del-perdon-sincero-un-acto-de-fe-hacia-el-futuro\\\/#primaryimage\"},\"thumbnailUrl\":\"https:\\\/\\\/spaziospadoni.org\\\/wp-content\\\/uploads\\\/2026\\\/08\\\/futuro-perdono.webp\",\"datePublished\":\"2026-08-19T12:00:00+00:00\",\"dateModified\":\"2026-08-20T14:57:12+00:00\",\"description\":\"Descubre la fuerza liberadora del perd\u00f3n sincero: un acto de fe e inteligencia que disuelve rencores y abre nuevos horizontes de reconciliaci\u00f3n.\",\"breadcrumb\":{\"@id\":\"https:\\\/\\\/spaziospadoni.org\\\/es\\\/el-coraje-del-perdon-sincero-un-acto-de-fe-hacia-el-futuro\\\/#breadcrumb\"},\"inLanguage\":\"es-ES\",\"potentialAction\":[{\"@type\":\"ReadAction\",\"target\":[\"https:\\\/\\\/spaziospadoni.org\\\/es\\\/el-coraje-del-perdon-sincero-un-acto-de-fe-hacia-el-futuro\\\/\"]}]},{\"@type\":\"ImageObject\",\"inLanguage\":\"es-ES\",\"@id\":\"https:\\\/\\\/spaziospadoni.org\\\/es\\\/el-coraje-del-perdon-sincero-un-acto-de-fe-hacia-el-futuro\\\/#primaryimage\",\"url\":\"https:\\\/\\\/spaziospadoni.org\\\/wp-content\\\/uploads\\\/2026\\\/08\\\/futuro-perdono.webp\",\"contentUrl\":\"https:\\\/\\\/spaziospadoni.org\\\/wp-content\\\/uploads\\\/2026\\\/08\\\/futuro-perdono.webp\",\"width\":1200,\"height\":805,\"caption\":\"Respirar el aire puro y siempre nuevo de quienes no se detienen en el participio pasado, \u00abhe perdonado\u00bb, sino que aceptan el desaf\u00edo de conjugar en gerundio: \u00abestoy perdonando\u00bb.\"},{\"@type\":\"BreadcrumbList\",\"@id\":\"https:\\\/\\\/spaziospadoni.org\\\/es\\\/el-coraje-del-perdon-sincero-un-acto-de-fe-hacia-el-futuro\\\/#breadcrumb\",\"itemListElement\":[{\"@type\":\"ListItem\",\"position\":1,\"name\":\"Home\",\"item\":\"https:\\\/\\\/spaziospadoni.org\\\/es\\\/\"},{\"@type\":\"ListItem\",\"position\":2,\"name\":\"El coraje del perd\u00f3n sincero: un acto de fe hacia el futuro\"}]},{\"@type\":\"WebSite\",\"@id\":\"https:\\\/\\\/spaziospadoni.org\\\/es\\\/#website\",\"url\":\"https:\\\/\\\/spaziospadoni.org\\\/es\\\/\",\"name\":\"spazio + spadoni\",\"description\":\"Generazione di misericordia e missione nel mondo\",\"publisher\":{\"@id\":\"https:\\\/\\\/spaziospadoni.org\\\/es\\\/#organization\"},\"alternateName\":\"spaziospadoni.org\",\"potentialAction\":[{\"@type\":\"SearchAction\",\"target\":{\"@type\":\"EntryPoint\",\"urlTemplate\":\"https:\\\/\\\/spaziospadoni.org\\\/es\\\/?s={search_term_string}\"},\"query-input\":{\"@type\":\"PropertyValueSpecification\",\"valueRequired\":true,\"valueName\":\"search_term_string\"}}],\"inLanguage\":\"es-ES\"},{\"@type\":\"Organization\",\"@id\":\"https:\\\/\\\/spaziospadoni.org\\\/es\\\/#organization\",\"name\":\"spazio + spadoni\",\"alternateName\":\"spaziospadoni.org\",\"url\":\"https:\\\/\\\/spaziospadoni.org\\\/es\\\/\",\"logo\":{\"@type\":\"ImageObject\",\"inLanguage\":\"es-ES\",\"@id\":\"https:\\\/\\\/spaziospadoni.org\\\/es\\\/#\\\/schema\\\/logo\\\/image\\\/\",\"url\":\"https:\\\/\\\/spaziospadoni.org\\\/wp-content\\\/uploads\\\/2026\\\/05\\\/spazio-spadoni-logo-100x100-1.webp\",\"contentUrl\":\"https:\\\/\\\/spaziospadoni.org\\\/wp-content\\\/uploads\\\/2026\\\/05\\\/spazio-spadoni-logo-100x100-1.webp\",\"width\":100,\"height\":100,\"caption\":\"spazio + spadoni\"},\"image\":{\"@id\":\"https:\\\/\\\/spaziospadoni.org\\\/es\\\/#\\\/schema\\\/logo\\\/image\\\/\"},\"sameAs\":[\"https:\\\/\\\/www.facebook.com\\\/SpazioSpadoni\\\/\",\"https:\\\/\\\/www.instagram.com\\\/spaziospadoni\\\/\",\"https:\\\/\\\/www.youtube.com\\\/@spaziospadoni\\\/playlists\"]},{\"@type\":\"Person\",\"@id\":\"https:\\\/\\\/spaziospadoni.org\\\/es\\\/#\\\/schema\\\/person\\\/58bcb5d6d638a7db0839ee53a694362b\",\"name\":\"Don Nino Carta\",\"image\":{\"@type\":\"ImageObject\",\"inLanguage\":\"es-ES\",\"@id\":\"https:\\\/\\\/secure.gravatar.com\\\/avatar\\\/74dba2073797824194c8295fb6c9f9f06abc3a7bf181b90e2a3cbed6914bc13b?s=96&d=mm&r=g\",\"url\":\"https:\\\/\\\/secure.gravatar.com\\\/avatar\\\/74dba2073797824194c8295fb6c9f9f06abc3a7bf181b90e2a3cbed6914bc13b?s=96&d=mm&r=g\",\"contentUrl\":\"https:\\\/\\\/secure.gravatar.com\\\/avatar\\\/74dba2073797824194c8295fb6c9f9f06abc3a7bf181b90e2a3cbed6914bc13b?s=96&d=mm&r=g\",\"caption\":\"Don Nino Carta\"},\"description\":\"Nacido en Bultei, Cerde\u00f1a, el 2 de marzo de 1940, es el menor de siete hermanos. Despu\u00e9s de haber sido primero director espiritual del seminario de Ozieri y posteriormente sacerdote obrero, en 1973 parti\u00f3 como misionero fidei donum de la Di\u00f3cesis de Ozieri hacia S\u00e3o Jos\u00e9 do Rio Preto, donde permaneci\u00f3 hasta el a\u00f1o 2000. En Cerde\u00f1a fund\u00f3 los END (\u00c9quipes Notre-Dame) y es director del Centro Misionero Diocesano de Ozieri. Autor de Dio inventa e io gli vado dietro, L\u2019amore fa la differenza y La Parola si fa vita, escribe y comparte diariamente sus reflexiones a trav\u00e9s de su muy apreciado \u201cPassaparola\u201d.\",\"url\":\"https:\\\/\\\/spaziospadoni.org\\\/es\\\/author\\\/carta_mission\\\/\"}]}<\/script>\n<!-- \/ Yoast SEO plugin. -->","yoast_head_json":{"title":"El perd\u00f3n sincero como un acto de fe para un futuro de paz","description":"Descubre la fuerza liberadora del perd\u00f3n sincero: un acto de fe e inteligencia que disuelve rencores y abre nuevos horizontes de reconciliaci\u00f3n.","robots":{"index":"index","follow":"follow","max-snippet":"max-snippet:-1","max-image-preview":"max-image-preview:large","max-video-preview":"max-video-preview:-1"},"canonical":"https:\/\/spaziospadoni.org\/es\/el-coraje-del-perdon-sincero-un-acto-de-fe-hacia-el-futuro\/","og_locale":"es_ES","og_type":"article","og_title":"El perd\u00f3n sincero como un acto de fe para un futuro de paz","og_description":"Descubre la fuerza liberadora del perd\u00f3n sincero: un acto de fe e inteligencia que disuelve rencores y abre nuevos horizontes de reconciliaci\u00f3n.","og_url":"https:\/\/spaziospadoni.org\/es\/el-coraje-del-perdon-sincero-un-acto-de-fe-hacia-el-futuro\/","og_site_name":"spazio + spadoni","article_publisher":"https:\/\/www.facebook.com\/SpazioSpadoni\/","article_published_time":"2026-08-19T12:00:00+00:00","article_modified_time":"2026-08-20T14:57:12+00:00","og_image":[{"width":1200,"height":805,"url":"https:\/\/spaziospadoni.org\/wp-content\/uploads\/2026\/08\/futuro-perdono.webp","type":"image\/webp"}],"author":"Don Nino Carta","twitter_card":"summary_large_image","twitter_misc":{"Escrito por":"Padre Nino Carta","Est. reading time":"3 minutes"},"schema":{"@context":"https:\/\/schema.org","@graph":[{"@type":"Article","@id":"https:\/\/spaziospadoni.org\/es\/el-coraje-del-perdon-sincero-un-acto-de-fe-hacia-el-futuro\/#article","isPartOf":{"@id":"https:\/\/spaziospadoni.org\/es\/el-coraje-del-perdon-sincero-un-acto-de-fe-hacia-el-futuro\/"},"author":{"name":"Don Nino Carta","@id":"https:\/\/spaziospadoni.org\/es\/#\/schema\/person\/58bcb5d6d638a7db0839ee53a694362b"},"headline":"El coraje del perd\u00f3n sincero: un acto de fe hacia el futuro","datePublished":"2026-08-19T12:00:00+00:00","dateModified":"2026-08-20T14:57:12+00:00","mainEntityOfPage":{"@id":"https:\/\/spaziospadoni.org\/es\/el-coraje-del-perdon-sincero-un-acto-de-fe-hacia-el-futuro\/"},"wordCount":518,"publisher":{"@id":"https:\/\/spaziospadoni.org\/es\/#organization"},"image":{"@id":"https:\/\/spaziospadoni.org\/es\/el-coraje-del-perdon-sincero-un-acto-de-fe-hacia-el-futuro\/#primaryimage"},"thumbnailUrl":"https:\/\/spaziospadoni.org\/wp-content\/uploads\/2026\/08\/futuro-perdono.webp","keywords":["Fe","futuro"],"articleSection":["Misericordia para todos"],"inLanguage":"es-ES"},{"@type":"WebPage","@id":"https:\/\/spaziospadoni.org\/es\/el-coraje-del-perdon-sincero-un-acto-de-fe-hacia-el-futuro\/","url":"https:\/\/spaziospadoni.org\/es\/el-coraje-del-perdon-sincero-un-acto-de-fe-hacia-el-futuro\/","name":"El perd\u00f3n sincero como un acto de fe para un futuro de paz","isPartOf":{"@id":"https:\/\/spaziospadoni.org\/es\/#website"},"primaryImageOfPage":{"@id":"https:\/\/spaziospadoni.org\/es\/el-coraje-del-perdon-sincero-un-acto-de-fe-hacia-el-futuro\/#primaryimage"},"image":{"@id":"https:\/\/spaziospadoni.org\/es\/el-coraje-del-perdon-sincero-un-acto-de-fe-hacia-el-futuro\/#primaryimage"},"thumbnailUrl":"https:\/\/spaziospadoni.org\/wp-content\/uploads\/2026\/08\/futuro-perdono.webp","datePublished":"2026-08-19T12:00:00+00:00","dateModified":"2026-08-20T14:57:12+00:00","description":"Descubre la fuerza liberadora del perd\u00f3n sincero: un acto de fe e inteligencia que disuelve rencores y abre nuevos horizontes de reconciliaci\u00f3n.","breadcrumb":{"@id":"https:\/\/spaziospadoni.org\/es\/el-coraje-del-perdon-sincero-un-acto-de-fe-hacia-el-futuro\/#breadcrumb"},"inLanguage":"es-ES","potentialAction":[{"@type":"ReadAction","target":["https:\/\/spaziospadoni.org\/es\/el-coraje-del-perdon-sincero-un-acto-de-fe-hacia-el-futuro\/"]}]},{"@type":"ImageObject","inLanguage":"es-ES","@id":"https:\/\/spaziospadoni.org\/es\/el-coraje-del-perdon-sincero-un-acto-de-fe-hacia-el-futuro\/#primaryimage","url":"https:\/\/spaziospadoni.org\/wp-content\/uploads\/2026\/08\/futuro-perdono.webp","contentUrl":"https:\/\/spaziospadoni.org\/wp-content\/uploads\/2026\/08\/futuro-perdono.webp","width":1200,"height":805,"caption":"Respirar el aire puro y siempre nuevo de quienes no se detienen en el participio pasado, \u00abhe perdonado\u00bb, sino que aceptan el desaf\u00edo de conjugar en gerundio: \u00abestoy perdonando\u00bb."},{"@type":"BreadcrumbList","@id":"https:\/\/spaziospadoni.org\/es\/el-coraje-del-perdon-sincero-un-acto-de-fe-hacia-el-futuro\/#breadcrumb","itemListElement":[{"@type":"ListItem","position":1,"name":"Home","item":"https:\/\/spaziospadoni.org\/es\/"},{"@type":"ListItem","position":2,"name":"El coraje del perd\u00f3n sincero: un acto de fe hacia el futuro"}]},{"@type":"WebSite","@id":"https:\/\/spaziospadoni.org\/es\/#website","url":"https:\/\/spaziospadoni.org\/es\/","name":"spazio + spadoni","description":"Generazione di misericordia e missione nel mondo","publisher":{"@id":"https:\/\/spaziospadoni.org\/es\/#organization"},"alternateName":"spaziospadoni.org","potentialAction":[{"@type":"SearchAction","target":{"@type":"EntryPoint","urlTemplate":"https:\/\/spaziospadoni.org\/es\/?s={search_term_string}"},"query-input":{"@type":"PropertyValueSpecification","valueRequired":true,"valueName":"search_term_string"}}],"inLanguage":"es-ES"},{"@type":"Organization","@id":"https:\/\/spaziospadoni.org\/es\/#organization","name":"spazio + spadoni","alternateName":"spaziospadoni.org","url":"https:\/\/spaziospadoni.org\/es\/","logo":{"@type":"ImageObject","inLanguage":"es-ES","@id":"https:\/\/spaziospadoni.org\/es\/#\/schema\/logo\/image\/","url":"https:\/\/spaziospadoni.org\/wp-content\/uploads\/2026\/05\/spazio-spadoni-logo-100x100-1.webp","contentUrl":"https:\/\/spaziospadoni.org\/wp-content\/uploads\/2026\/05\/spazio-spadoni-logo-100x100-1.webp","width":100,"height":100,"caption":"spazio + spadoni"},"image":{"@id":"https:\/\/spaziospadoni.org\/es\/#\/schema\/logo\/image\/"},"sameAs":["https:\/\/www.facebook.com\/SpazioSpadoni\/","https:\/\/www.instagram.com\/spaziospadoni\/","https:\/\/www.youtube.com\/@spaziospadoni\/playlists"]},{"@type":"Person","@id":"https:\/\/spaziospadoni.org\/es\/#\/schema\/person\/58bcb5d6d638a7db0839ee53a694362b","name":"Don Nino Carta","image":{"@type":"ImageObject","inLanguage":"es-ES","@id":"https:\/\/secure.gravatar.com\/avatar\/74dba2073797824194c8295fb6c9f9f06abc3a7bf181b90e2a3cbed6914bc13b?s=96&d=mm&r=g","url":"https:\/\/secure.gravatar.com\/avatar\/74dba2073797824194c8295fb6c9f9f06abc3a7bf181b90e2a3cbed6914bc13b?s=96&d=mm&r=g","contentUrl":"https:\/\/secure.gravatar.com\/avatar\/74dba2073797824194c8295fb6c9f9f06abc3a7bf181b90e2a3cbed6914bc13b?s=96&d=mm&r=g","caption":"Don Nino Carta"},"description":"Nacido en Bultei, Cerde\u00f1a, el 2 de marzo de 1940, es el menor de siete hermanos. Despu\u00e9s de haber sido primero director espiritual del seminario de Ozieri y posteriormente sacerdote obrero, en 1973 parti\u00f3 como misionero fidei donum de la Di\u00f3cesis de Ozieri hacia S\u00e3o Jos\u00e9 do Rio Preto, donde permaneci\u00f3 hasta el a\u00f1o 2000. En Cerde\u00f1a fund\u00f3 los END (\u00c9quipes Notre-Dame) y es director del Centro Misionero Diocesano de Ozieri. Autor de Dio inventa e io gli vado dietro, L\u2019amore fa la differenza y La Parola si fa vita, escribe y comparte diariamente sus reflexiones a trav\u00e9s de su muy apreciado \u201cPassaparola\u201d.","url":"https:\/\/spaziospadoni.org\/es\/author\/carta_mission\/"}]}},"_links":{"self":[{"href":"https:\/\/spaziospadoni.org\/es\/wp-json\/wp\/v2\/posts\/91317","targetHints":{"allow":["GET"]}}],"collection":[{"href":"https:\/\/spaziospadoni.org\/es\/wp-json\/wp\/v2\/posts"}],"about":[{"href":"https:\/\/spaziospadoni.org\/es\/wp-json\/wp\/v2\/types\/post"}],"author":[{"embeddable":true,"href":"https:\/\/spaziospadoni.org\/es\/wp-json\/wp\/v2\/users\/96"}],"replies":[{"embeddable":true,"href":"https:\/\/spaziospadoni.org\/es\/wp-json\/wp\/v2\/comments?post=91317"}],"version-history":[{"count":2,"href":"https:\/\/spaziospadoni.org\/es\/wp-json\/wp\/v2\/posts\/91317\/revisions"}],"predecessor-version":[{"id":91319,"href":"https:\/\/spaziospadoni.org\/es\/wp-json\/wp\/v2\/posts\/91317\/revisions\/91319"}],"wp:featuredmedia":[{"embeddable":true,"href":"https:\/\/spaziospadoni.org\/es\/wp-json\/wp\/v2\/media\/91316"}],"wp:attachment":[{"href":"https:\/\/spaziospadoni.org\/es\/wp-json\/wp\/v2\/media?parent=91317"}],"wp:term":[{"taxonomy":"category","embeddable":true,"href":"https:\/\/spaziospadoni.org\/es\/wp-json\/wp\/v2\/categories?post=91317"},{"taxonomy":"post_tag","embeddable":true,"href":"https:\/\/spaziospadoni.org\/es\/wp-json\/wp\/v2\/tags?post=91317"}],"curies":[{"name":"wp","href":"https:\/\/api.w.org\/{rel}","templated":true}]}}