{"id":91366,"date":"2026-08-21T13:30:00","date_gmt":"2026-08-21T12:30:00","guid":{"rendered":"https:\/\/spaziospadoni.org\/?p=91366"},"modified":"2026-08-21T07:55:11","modified_gmt":"2026-08-21T06:55:11","slug":"africa-burundi-formacion-en-noviolencia-activa-para-los-miembros-fdc","status":"publish","type":"post","link":"https:\/\/spaziospadoni.org\/es\/africa-burundi-formacion-en-noviolencia-activa-para-los-miembros-fdc\/","title":{"rendered":"\u00c1frica, Burundi | Formaci\u00f3n en noviolencia activa para los miembros FDC"},"content":{"rendered":"\n<p class=\"wp-block-paragraph\">Cuarenta miembros asociados del Instituto Familia de las Disc\u00edpulas de Cristo (FDC), procedentes de las di\u00f3cesis de Bururi, Buyumbura, Rutana y Ruyigi, participaron en una sesi\u00f3n de formaci\u00f3n sobre la Noviolencia Activa (NVA).<\/p>\n\n\n\n<p class=\"wp-block-paragraph\">Organizada del 17 al 18 de agosto de 2026 en el Seminario Menor de Buta, en la di\u00f3cesis de Bururi, sede del Instituto, la capacitaci\u00f3n tuvo como objetivo fortalecer las competencias de los participantes en la prevenci\u00f3n y resoluci\u00f3n pac\u00edfica de conflictos, tanto en sus familias como en sus entornos profesionales y comunitarios.<\/p>\n\n\n\n<p class=\"wp-block-paragraph\">La sesi\u00f3n estuvo a cargo de una religiosa de la Familia de las Disc\u00edpulas de Cristo. Se enmarca en la misi\u00f3n compartida del Instituto y sus miembros asociados laicos: promover y acompa\u00f1ar a las Comunidades Eclesiales de Base para que sean testimonios vivos del amor de Dios Padre.<\/p>\n\n\n\n<h2 id=\"miembros-asociados-llamados-a-ser-artesanos-de-paz\" class=\"wp-block-heading\">Miembros asociados llamados a ser artesanos de paz<\/h2>\n\n\n\n<p class=\"wp-block-paragraph\">Los cuarenta asistentes inclu\u00edan a 11 hombres, 15 mujeres y 14 j\u00f3venes solteras. Mediante este encuentro, el Instituto FDC busca dotar a sus miembros asociados de herramientas pr\u00e1cticas que les permitan comprender mejor los mecanismos de la violencia, prevenir desavenencias y forjar soluciones basadas en el di\u00e1logo, la justicia y la reconciliaci\u00f3n.<\/p>\n\n\n\n<p class=\"wp-block-paragraph\">Las ense\u00f1anzas se centraron en la Noviolencia Activa como respuesta transformadora frente a la violencia, la prevenci\u00f3n y manejo de conflictos, la atenuaci\u00f3n de sus efectos perjudiciales y la construcci\u00f3n de v\u00ednculos fundamentados en la equidad y el respeto rec\u00edproco.<\/p>\n\n\n\n<p class=\"wp-block-paragraph\">La jornada tambi\u00e9n abord\u00f3 la sanaci\u00f3n de traumas, prestando especial atenci\u00f3n a c\u00f3mo responde el cuerpo ante el estr\u00e9s y las vivencias dif\u00edciles. Los participantes recibieron orientaci\u00f3n sobre pautas para superar los traumas y sus consecuencias.<\/p>\n\n\n\n<p class=\"wp-block-paragraph\">Entre los contenidos tratados destacaron igualmente la Comunicaci\u00f3n No Violenta (CNV), el perd\u00f3n y la reconciliaci\u00f3n.<\/p>\n\n\n\n<h2 id=\"comenzar-la-noviolencia-por-uno-mismo\" class=\"wp-block-heading\">Comenzar la noviolencia por uno mismo<\/h2>\n\n\n\n<p class=\"wp-block-paragraph\">Al concluir la formaci\u00f3n, los participantes expresaron su satisfacci\u00f3n, se\u00f1alando haber adquirido conocimientos e instrumentos valiosos para transformar el modo en que gestionan tensiones y discrepancias.<\/p>\n\n\n\n<p class=\"wp-block-paragraph\">Seg\u00fan los testimonios compartidos, el espacio formativo favoreci\u00f3 el fortalecimiento de la autoconfianza y la fe en los dem\u00e1s, desarrollando capacidades humanas y profesionales claves para afrontar los desacuerdos en la vida cotidiana.<\/p>\n\n\n\n<h2 id=\"pierre-niyonizigiye-las-ensenanzas-recibidas-me-ayudaran-a-cumplir-mejor-mi-mision\" class=\"wp-block-heading\">Pierre Niyonizigiye: \u00abLas ense\u00f1anzas recibidas me ayudar\u00e1n a cumplir mejor mi misi\u00f3n\u00bb<\/h2>\n\n\n\n<p class=\"wp-block-paragraph\">Niyonizigiye, catequista de la parroquia de Rutovu y responsable de la instituci\u00f3n del Ubushingantahe, valor\u00f3 especialmente los temas tratados durante las jornadas.<\/p>\n\n\n\n<blockquote class=\"wp-block-quote is-layout-flow wp-block-quote-is-layout-flow\">\n<p class=\"wp-block-paragraph\"><em>\u00abComo catequista y responsable de la instituci\u00f3n del Ubushingantahe, trato con muchas personas. Las ense\u00f1anzas recibidas me ayudar\u00e1n a cumplir mejor mi misi\u00f3n de guiar a otros en la resoluci\u00f3n pac\u00edfica de conflictos\u00bb.<\/em><\/p>\n<\/blockquote>\n\n\n\n<p class=\"wp-block-paragraph\">A su juicio, este encuentro le permiti\u00f3 conocer nuevas estrategias para aportar a la edificaci\u00f3n de un entorno m\u00e1s fraterno, justo y pac\u00edfico, partiendo de la transformaci\u00f3n personal.<\/p>\n\n\n\n<p class=\"wp-block-paragraph\">Subray\u00f3 asimismo el profundo impacto que tuvo en \u00e9l la reflexi\u00f3n sobre el perd\u00f3n y la reconciliaci\u00f3n, ilustrada con el ejemplo de Nelson Mandela. Desde su perspectiva, profundizar en las causas de un conflicto y ayudar al pr\u00f3jimo a desprenderse del odio y el rencor constituye un sendero indispensable hacia la paz.<\/p>\n\n\n\n<p class=\"wp-block-paragraph\">Al cierre de la sesi\u00f3n, Niyonizigiye se comprometi\u00f3 a no reproducir la violencia ni a responder a ella por v\u00edas agresivas, dando absoluta prioridad al di\u00e1logo, el discernimiento de las causas de fondo y la conciliaci\u00f3n.<\/p>\n\n\n\n<h2 id=\"felicien-ndayiganyiye-es-urgente-sembrar-justicia-y-verdad\" class=\"wp-block-heading\">F\u00e9licien Ndayiganyiye: \u00abEs urgente sembrar justicia y verdad\u00bb<\/h2>\n\n\n\n<p class=\"wp-block-paragraph\">Para F\u00e9licien Ndayiganyiye, los temas impartidos representan un instrumento fundamental para encarnar la noviolencia a diario y transmitirla a quienes lo rodean.<\/p>\n\n\n\n<p class=\"wp-block-paragraph\">Puso de relieve que, entre los detonantes esenciales de conflicto se\u00f1alados por los participantes, la injusticia ocupa un lugar preponderante.<\/p>\n\n\n\n<blockquote class=\"wp-block-quote is-layout-flow wp-block-quote-is-layout-flow\">\n<p class=\"wp-block-paragraph\"><em>\u00abEs urgente hacer un llamamiento firme a sembrar la justicia y la verdad\u00bb.<\/em><\/p>\n<\/blockquote>\n\n\n\n<p class=\"wp-block-paragraph\">F\u00e9licien Ndayiganyiye alienta igualmente a quienes enfrentan divergencias a sentarse juntos y anteponer el di\u00e1logo para hallar soluciones conjuntas a sus dificultades.<\/p>\n\n\n\n<h2 id=\"una-formacion-integrada-en-un-camino-mas-amplio\" class=\"wp-block-heading\">Una formaci\u00f3n integrada en un camino m\u00e1s amplio<\/h2>\n\n\n\n<p class=\"wp-block-paragraph\">Esta capacitaci\u00f3n destinada a miembros asociados complementa la desarrollada en abril de 2026, donde 94 religiosas de la Familia de las Disc\u00edpulas de Cristo profundizaron en id\u00e9nticas tem\u00e1ticas.<\/p>\n\n\n\n<p class=\"wp-block-paragraph\">A trav\u00e9s de estos itinerarios, el Instituto FDC ratifica su compromiso con la promoci\u00f3n de una cultura de paz, entendimiento, justicia, perd\u00f3n y reconciliaci\u00f3n.<\/p>\n\n\n\n<p class=\"wp-block-paragraph\">La preparaci\u00f3n de los miembros asociados marca un hito en la misi\u00f3n conjunta entre las religiosas de la congregaci\u00f3n y el laicado. Al afianzar sus destrezas, el Instituto procura que estos \u00faltimos act\u00faen como promotores activos en sus hogares, espacios laborales y comunidades, previniendo situaciones violentas y propiciando la fraternit\u00e0.<\/p>\n\n\n\n<p class=\"wp-block-paragraph\">Con este proyecto, la Familia de las Disc\u00edpulas de Cristo reafirma que la noviolencia trasciende la teor\u00eda: se origina en la conversi\u00f3n interior y fructifica en el encuentro con los dem\u00e1s.<\/p>\n\n\n\n<p class=\"wp-block-paragraph\"><strong>Foto de la hermana Gaudence Nininahazwe<\/strong><\/p>\n\n\n\n<p class=\"wp-block-paragraph\"><\/p>\n","protected":false},"excerpt":{"rendered":"<p>Cuarenta miembros asociados del Instituto Familia de las Disc\u00edpulas de Cristo (FDC), procedentes de las di\u00f3cesis de Bururi, Buyumbura, Rutana y Ruyigi, participaron en una sesi\u00f3n de formaci\u00f3n sobre la Noviolencia Activa (NVA). Organizada del 17 al 18 de agosto de 2026 en el Seminario Menor de Buta, en la di\u00f3cesis de Bururi, sede del &#8230; <a title=\"\u00c1frica, Burundi | Formaci\u00f3n en noviolencia activa para los miembros FDC\" class=\"read-more\" href=\"https:\/\/spaziospadoni.org\/es\/africa-burundi-formacion-en-noviolencia-activa-para-los-miembros-fdc\/\" aria-label=\"Read more about \u00c1frica, Burundi | Formaci\u00f3n en noviolencia activa para los miembros FDC\">Leer m\u00e1s<\/a><\/p>\n","protected":false},"author":74,"featured_media":91365,"comment_status":"closed","ping_status":"closed","sticky":false,"template":"","format":"standard","meta":{"_sitemap_exclude":false,"_sitemap_priority":"","_sitemap_frequency":"","ss_featured_image_title":"","ss_featured_image_alt":"","ss_featured_image_caption":"","footnotes":""},"categories":[2550],"tags":[2868,4943,3288,2343,2710],"class_list":["post-91366","post","type-post","status-publish","format-standard","has-post-thumbnail","hentry","category-vida-consagrada","tag-burundi-es","tag-bururi-es","tag-catequesis","tag-monjas","tag-paz-es","infinite-scroll-item","generate-columns","tablet-grid-50","mobile-grid-100","grid-parent","grid-50"],"yoast_head":"<!-- This site is optimized with the Yoast SEO plugin v28.4 - https:\/\/yoast.com\/product\/yoast-seo-wordpress\/ -->\n<title>\u00c1frica, Burundi | Formaci\u00f3n en noviolencia activa<\/title>\n<meta name=\"description\" content=\"En Buta, cuarenta miembros laicos de las Disc\u00edpulas de Cristo se forman en noviolencia activa, perd\u00f3n y resoluci\u00f3n pac\u00edfica de conflictos.\" \/>\n<meta name=\"robots\" content=\"index, follow, max-snippet:-1, max-image-preview:large, max-video-preview:-1\" \/>\n<link rel=\"canonical\" href=\"https:\/\/spaziospadoni.org\/es\/africa-burundi-formacion-en-noviolencia-activa-para-los-miembros-fdc\/\" \/>\n<meta property=\"og:locale\" content=\"es_ES\" \/>\n<meta property=\"og:type\" content=\"article\" \/>\n<meta property=\"og:title\" content=\"\u00c1frica, Burundi | Formaci\u00f3n en noviolencia activa\" \/>\n<meta property=\"og:description\" content=\"En Buta, cuarenta miembros laicos de las Disc\u00edpulas de Cristo se forman en noviolencia activa, perd\u00f3n y resoluci\u00f3n pac\u00edfica de conflictos.\" \/>\n<meta property=\"og:url\" content=\"https:\/\/spaziospadoni.org\/es\/africa-burundi-formacion-en-noviolencia-activa-para-los-miembros-fdc\/\" \/>\n<meta property=\"og:site_name\" content=\"spazio + spadoni\" \/>\n<meta property=\"article:publisher\" content=\"https:\/\/www.facebook.com\/SpazioSpadoni\/\" \/>\n<meta property=\"article:published_time\" content=\"2026-08-21T12:30:00+00:00\" \/>\n<meta property=\"og:image\" content=\"https:\/\/spaziospadoni.org\/wp-content\/uploads\/2026\/08\/formazione-bururi-burundi-fdc.webp\" \/>\n\t<meta property=\"og:image:width\" content=\"1200\" \/>\n\t<meta property=\"og:image:height\" content=\"900\" \/>\n\t<meta property=\"og:image:type\" content=\"image\/webp\" \/>\n<meta name=\"author\" content=\"Suor Gaudence Nininahazwe\" \/>\n<meta name=\"twitter:card\" content=\"summary_large_image\" \/>\n<meta name=\"twitter:label1\" content=\"Escrito por\" \/>\n\t<meta name=\"twitter:data1\" content=\"Hermana Gaudence Nininahazwe\" \/>\n\t<meta name=\"twitter:label2\" content=\"Est. reading time\" \/>\n\t<meta name=\"twitter:data2\" content=\"5 minutes\" \/>\n<script type=\"application\/ld+json\" class=\"yoast-schema-graph\">{\"@context\":\"https:\\\/\\\/schema.org\",\"@graph\":[{\"@type\":\"Article\",\"@id\":\"https:\\\/\\\/spaziospadoni.org\\\/es\\\/africa-burundi-formacion-en-noviolencia-activa-para-los-miembros-fdc\\\/#article\",\"isPartOf\":{\"@id\":\"https:\\\/\\\/spaziospadoni.org\\\/es\\\/africa-burundi-formacion-en-noviolencia-activa-para-los-miembros-fdc\\\/\"},\"author\":{\"name\":\"Suor Gaudence Nininahazwe\",\"@id\":\"https:\\\/\\\/spaziospadoni.org\\\/es\\\/#\\\/schema\\\/person\\\/878fa65dbc8cd51476157d827d682e68\"},\"headline\":\"\u00c1frica, Burundi | Formaci\u00f3n en noviolencia activa para los miembros FDC\",\"datePublished\":\"2026-08-21T12:30:00+00:00\",\"mainEntityOfPage\":{\"@id\":\"https:\\\/\\\/spaziospadoni.org\\\/es\\\/africa-burundi-formacion-en-noviolencia-activa-para-los-miembros-fdc\\\/\"},\"wordCount\":853,\"publisher\":{\"@id\":\"https:\\\/\\\/spaziospadoni.org\\\/es\\\/#organization\"},\"image\":{\"@id\":\"https:\\\/\\\/spaziospadoni.org\\\/es\\\/africa-burundi-formacion-en-noviolencia-activa-para-los-miembros-fdc\\\/#primaryimage\"},\"thumbnailUrl\":\"https:\\\/\\\/spaziospadoni.org\\\/wp-content\\\/uploads\\\/2026\\\/08\\\/formazione-bururi-burundi-fdc.webp\",\"keywords\":[\"Burundi\",\"Bururi\",\"catequesis\",\"Monjas\",\"Paz\"],\"articleSection\":[\"Vida consagrada\"],\"inLanguage\":\"es-ES\"},{\"@type\":\"WebPage\",\"@id\":\"https:\\\/\\\/spaziospadoni.org\\\/es\\\/africa-burundi-formacion-en-noviolencia-activa-para-los-miembros-fdc\\\/\",\"url\":\"https:\\\/\\\/spaziospadoni.org\\\/es\\\/africa-burundi-formacion-en-noviolencia-activa-para-los-miembros-fdc\\\/\",\"name\":\"\u00c1frica, Burundi | Formaci\u00f3n en noviolencia activa\",\"isPartOf\":{\"@id\":\"https:\\\/\\\/spaziospadoni.org\\\/es\\\/#website\"},\"primaryImageOfPage\":{\"@id\":\"https:\\\/\\\/spaziospadoni.org\\\/es\\\/africa-burundi-formacion-en-noviolencia-activa-para-los-miembros-fdc\\\/#primaryimage\"},\"image\":{\"@id\":\"https:\\\/\\\/spaziospadoni.org\\\/es\\\/africa-burundi-formacion-en-noviolencia-activa-para-los-miembros-fdc\\\/#primaryimage\"},\"thumbnailUrl\":\"https:\\\/\\\/spaziospadoni.org\\\/wp-content\\\/uploads\\\/2026\\\/08\\\/formazione-bururi-burundi-fdc.webp\",\"datePublished\":\"2026-08-21T12:30:00+00:00\",\"description\":\"En Buta, cuarenta miembros laicos de las Disc\u00edpulas de Cristo se forman en noviolencia activa, perd\u00f3n y resoluci\u00f3n pac\u00edfica de conflictos.\",\"breadcrumb\":{\"@id\":\"https:\\\/\\\/spaziospadoni.org\\\/es\\\/africa-burundi-formacion-en-noviolencia-activa-para-los-miembros-fdc\\\/#breadcrumb\"},\"inLanguage\":\"es-ES\",\"potentialAction\":[{\"@type\":\"ReadAction\",\"target\":[\"https:\\\/\\\/spaziospadoni.org\\\/es\\\/africa-burundi-formacion-en-noviolencia-activa-para-los-miembros-fdc\\\/\"]}]},{\"@type\":\"ImageObject\",\"inLanguage\":\"es-ES\",\"@id\":\"https:\\\/\\\/spaziospadoni.org\\\/es\\\/africa-burundi-formacion-en-noviolencia-activa-para-los-miembros-fdc\\\/#primaryimage\",\"url\":\"https:\\\/\\\/spaziospadoni.org\\\/wp-content\\\/uploads\\\/2026\\\/08\\\/formazione-bururi-burundi-fdc.webp\",\"contentUrl\":\"https:\\\/\\\/spaziospadoni.org\\\/wp-content\\\/uploads\\\/2026\\\/08\\\/formazione-bururi-burundi-fdc.webp\",\"width\":1200,\"height\":900},{\"@type\":\"BreadcrumbList\",\"@id\":\"https:\\\/\\\/spaziospadoni.org\\\/es\\\/africa-burundi-formacion-en-noviolencia-activa-para-los-miembros-fdc\\\/#breadcrumb\",\"itemListElement\":[{\"@type\":\"ListItem\",\"position\":1,\"name\":\"Home\",\"item\":\"https:\\\/\\\/spaziospadoni.org\\\/es\\\/\"},{\"@type\":\"ListItem\",\"position\":2,\"name\":\"\u00c1frica, Burundi | Formaci\u00f3n en noviolencia activa para los miembros FDC\"}]},{\"@type\":\"WebSite\",\"@id\":\"https:\\\/\\\/spaziospadoni.org\\\/es\\\/#website\",\"url\":\"https:\\\/\\\/spaziospadoni.org\\\/es\\\/\",\"name\":\"spazio + spadoni\",\"description\":\"Generazione di misericordia e missione nel mondo\",\"publisher\":{\"@id\":\"https:\\\/\\\/spaziospadoni.org\\\/es\\\/#organization\"},\"alternateName\":\"spaziospadoni.org\",\"potentialAction\":[{\"@type\":\"SearchAction\",\"target\":{\"@type\":\"EntryPoint\",\"urlTemplate\":\"https:\\\/\\\/spaziospadoni.org\\\/es\\\/?s={search_term_string}\"},\"query-input\":{\"@type\":\"PropertyValueSpecification\",\"valueRequired\":true,\"valueName\":\"search_term_string\"}}],\"inLanguage\":\"es-ES\"},{\"@type\":\"Organization\",\"@id\":\"https:\\\/\\\/spaziospadoni.org\\\/es\\\/#organization\",\"name\":\"spazio + spadoni\",\"alternateName\":\"spaziospadoni.org\",\"url\":\"https:\\\/\\\/spaziospadoni.org\\\/es\\\/\",\"logo\":{\"@type\":\"ImageObject\",\"inLanguage\":\"es-ES\",\"@id\":\"https:\\\/\\\/spaziospadoni.org\\\/es\\\/#\\\/schema\\\/logo\\\/image\\\/\",\"url\":\"https:\\\/\\\/spaziospadoni.org\\\/wp-content\\\/uploads\\\/2026\\\/05\\\/spazio-spadoni-logo-100x100-1.webp\",\"contentUrl\":\"https:\\\/\\\/spaziospadoni.org\\\/wp-content\\\/uploads\\\/2026\\\/05\\\/spazio-spadoni-logo-100x100-1.webp\",\"width\":100,\"height\":100,\"caption\":\"spazio + spadoni\"},\"image\":{\"@id\":\"https:\\\/\\\/spaziospadoni.org\\\/es\\\/#\\\/schema\\\/logo\\\/image\\\/\"},\"sameAs\":[\"https:\\\/\\\/www.facebook.com\\\/SpazioSpadoni\\\/\",\"https:\\\/\\\/www.instagram.com\\\/spaziospadoni\\\/\",\"https:\\\/\\\/www.youtube.com\\\/@spaziospadoni\\\/playlists\"]},{\"@type\":\"Person\",\"@id\":\"https:\\\/\\\/spaziospadoni.org\\\/es\\\/#\\\/schema\\\/person\\\/878fa65dbc8cd51476157d827d682e68\",\"name\":\"Suor Gaudence Nininahazwe\",\"image\":{\"@type\":\"ImageObject\",\"inLanguage\":\"es-ES\",\"@id\":\"https:\\\/\\\/secure.gravatar.com\\\/avatar\\\/e5861bf3fded3d25758a3e74b525ba7364fd257580ed7ec54d84c2000ee59833?s=96&d=mm&r=g\",\"url\":\"https:\\\/\\\/secure.gravatar.com\\\/avatar\\\/e5861bf3fded3d25758a3e74b525ba7364fd257580ed7ec54d84c2000ee59833?s=96&d=mm&r=g\",\"contentUrl\":\"https:\\\/\\\/secure.gravatar.com\\\/avatar\\\/e5861bf3fded3d25758a3e74b525ba7364fd257580ed7ec54d84c2000ee59833?s=96&d=mm&r=g\",\"caption\":\"Suor Gaudence Nininahazwe\"},\"description\":\"Hermana Gaudence es una religiosa de nacionalidad burundesa. Nacida el 5 de julio de 1975, asisti\u00f3 a la Universidad Cat\u00f3lica de Kabgayi en Ruanda de 2005 a 2010. Es licenciada en Periodismo. De 2010 a 2014 fue redactora jefe de Radio Maria Burundi. De 2014 a 2019 fue instructora de noviciado (Maestra de Novicias) en su instituto religioso, la Familia de las Disc\u00edpulas de Cristo. De 2019 a 2024 fue directora de la Escuela Superior T\u00e9cnica Monse\u00f1or Bernard Bududira. Actualmente es instructora en el Noviciado Kiryama, en Bururi.\",\"url\":\"https:\\\/\\\/spaziospadoni.org\\\/es\\\/author\\\/nininahazwe_mission\\\/\"}]}<\/script>\n<!-- \/ Yoast SEO plugin. -->","yoast_head_json":{"title":"\u00c1frica, Burundi | Formaci\u00f3n en noviolencia activa","description":"En Buta, cuarenta miembros laicos de las Disc\u00edpulas de Cristo se forman en noviolencia activa, perd\u00f3n y resoluci\u00f3n pac\u00edfica de conflictos.","robots":{"index":"index","follow":"follow","max-snippet":"max-snippet:-1","max-image-preview":"max-image-preview:large","max-video-preview":"max-video-preview:-1"},"canonical":"https:\/\/spaziospadoni.org\/es\/africa-burundi-formacion-en-noviolencia-activa-para-los-miembros-fdc\/","og_locale":"es_ES","og_type":"article","og_title":"\u00c1frica, Burundi | Formaci\u00f3n en noviolencia activa","og_description":"En Buta, cuarenta miembros laicos de las Disc\u00edpulas de Cristo se forman en noviolencia activa, perd\u00f3n y resoluci\u00f3n pac\u00edfica de conflictos.","og_url":"https:\/\/spaziospadoni.org\/es\/africa-burundi-formacion-en-noviolencia-activa-para-los-miembros-fdc\/","og_site_name":"spazio + spadoni","article_publisher":"https:\/\/www.facebook.com\/SpazioSpadoni\/","article_published_time":"2026-08-21T12:30:00+00:00","og_image":[{"width":1200,"height":900,"url":"https:\/\/spaziospadoni.org\/wp-content\/uploads\/2026\/08\/formazione-bururi-burundi-fdc.webp","type":"image\/webp"}],"author":"Suor Gaudence Nininahazwe","twitter_card":"summary_large_image","twitter_misc":{"Escrito por":"Hermana Gaudence Nininahazwe","Est. reading time":"5 minutes"},"schema":{"@context":"https:\/\/schema.org","@graph":[{"@type":"Article","@id":"https:\/\/spaziospadoni.org\/es\/africa-burundi-formacion-en-noviolencia-activa-para-los-miembros-fdc\/#article","isPartOf":{"@id":"https:\/\/spaziospadoni.org\/es\/africa-burundi-formacion-en-noviolencia-activa-para-los-miembros-fdc\/"},"author":{"name":"Suor Gaudence Nininahazwe","@id":"https:\/\/spaziospadoni.org\/es\/#\/schema\/person\/878fa65dbc8cd51476157d827d682e68"},"headline":"\u00c1frica, Burundi | Formaci\u00f3n en noviolencia activa para los miembros FDC","datePublished":"2026-08-21T12:30:00+00:00","mainEntityOfPage":{"@id":"https:\/\/spaziospadoni.org\/es\/africa-burundi-formacion-en-noviolencia-activa-para-los-miembros-fdc\/"},"wordCount":853,"publisher":{"@id":"https:\/\/spaziospadoni.org\/es\/#organization"},"image":{"@id":"https:\/\/spaziospadoni.org\/es\/africa-burundi-formacion-en-noviolencia-activa-para-los-miembros-fdc\/#primaryimage"},"thumbnailUrl":"https:\/\/spaziospadoni.org\/wp-content\/uploads\/2026\/08\/formazione-bururi-burundi-fdc.webp","keywords":["Burundi","Bururi","catequesis","Monjas","Paz"],"articleSection":["Vida consagrada"],"inLanguage":"es-ES"},{"@type":"WebPage","@id":"https:\/\/spaziospadoni.org\/es\/africa-burundi-formacion-en-noviolencia-activa-para-los-miembros-fdc\/","url":"https:\/\/spaziospadoni.org\/es\/africa-burundi-formacion-en-noviolencia-activa-para-los-miembros-fdc\/","name":"\u00c1frica, Burundi | Formaci\u00f3n en noviolencia activa","isPartOf":{"@id":"https:\/\/spaziospadoni.org\/es\/#website"},"primaryImageOfPage":{"@id":"https:\/\/spaziospadoni.org\/es\/africa-burundi-formacion-en-noviolencia-activa-para-los-miembros-fdc\/#primaryimage"},"image":{"@id":"https:\/\/spaziospadoni.org\/es\/africa-burundi-formacion-en-noviolencia-activa-para-los-miembros-fdc\/#primaryimage"},"thumbnailUrl":"https:\/\/spaziospadoni.org\/wp-content\/uploads\/2026\/08\/formazione-bururi-burundi-fdc.webp","datePublished":"2026-08-21T12:30:00+00:00","description":"En Buta, cuarenta miembros laicos de las Disc\u00edpulas de Cristo se forman en noviolencia activa, perd\u00f3n y resoluci\u00f3n pac\u00edfica de conflictos.","breadcrumb":{"@id":"https:\/\/spaziospadoni.org\/es\/africa-burundi-formacion-en-noviolencia-activa-para-los-miembros-fdc\/#breadcrumb"},"inLanguage":"es-ES","potentialAction":[{"@type":"ReadAction","target":["https:\/\/spaziospadoni.org\/es\/africa-burundi-formacion-en-noviolencia-activa-para-los-miembros-fdc\/"]}]},{"@type":"ImageObject","inLanguage":"es-ES","@id":"https:\/\/spaziospadoni.org\/es\/africa-burundi-formacion-en-noviolencia-activa-para-los-miembros-fdc\/#primaryimage","url":"https:\/\/spaziospadoni.org\/wp-content\/uploads\/2026\/08\/formazione-bururi-burundi-fdc.webp","contentUrl":"https:\/\/spaziospadoni.org\/wp-content\/uploads\/2026\/08\/formazione-bururi-burundi-fdc.webp","width":1200,"height":900},{"@type":"BreadcrumbList","@id":"https:\/\/spaziospadoni.org\/es\/africa-burundi-formacion-en-noviolencia-activa-para-los-miembros-fdc\/#breadcrumb","itemListElement":[{"@type":"ListItem","position":1,"name":"Home","item":"https:\/\/spaziospadoni.org\/es\/"},{"@type":"ListItem","position":2,"name":"\u00c1frica, Burundi | Formaci\u00f3n en noviolencia activa para los miembros FDC"}]},{"@type":"WebSite","@id":"https:\/\/spaziospadoni.org\/es\/#website","url":"https:\/\/spaziospadoni.org\/es\/","name":"spazio + spadoni","description":"Generazione di misericordia e missione nel mondo","publisher":{"@id":"https:\/\/spaziospadoni.org\/es\/#organization"},"alternateName":"spaziospadoni.org","potentialAction":[{"@type":"SearchAction","target":{"@type":"EntryPoint","urlTemplate":"https:\/\/spaziospadoni.org\/es\/?s={search_term_string}"},"query-input":{"@type":"PropertyValueSpecification","valueRequired":true,"valueName":"search_term_string"}}],"inLanguage":"es-ES"},{"@type":"Organization","@id":"https:\/\/spaziospadoni.org\/es\/#organization","name":"spazio + spadoni","alternateName":"spaziospadoni.org","url":"https:\/\/spaziospadoni.org\/es\/","logo":{"@type":"ImageObject","inLanguage":"es-ES","@id":"https:\/\/spaziospadoni.org\/es\/#\/schema\/logo\/image\/","url":"https:\/\/spaziospadoni.org\/wp-content\/uploads\/2026\/05\/spazio-spadoni-logo-100x100-1.webp","contentUrl":"https:\/\/spaziospadoni.org\/wp-content\/uploads\/2026\/05\/spazio-spadoni-logo-100x100-1.webp","width":100,"height":100,"caption":"spazio + spadoni"},"image":{"@id":"https:\/\/spaziospadoni.org\/es\/#\/schema\/logo\/image\/"},"sameAs":["https:\/\/www.facebook.com\/SpazioSpadoni\/","https:\/\/www.instagram.com\/spaziospadoni\/","https:\/\/www.youtube.com\/@spaziospadoni\/playlists"]},{"@type":"Person","@id":"https:\/\/spaziospadoni.org\/es\/#\/schema\/person\/878fa65dbc8cd51476157d827d682e68","name":"Suor Gaudence Nininahazwe","image":{"@type":"ImageObject","inLanguage":"es-ES","@id":"https:\/\/secure.gravatar.com\/avatar\/e5861bf3fded3d25758a3e74b525ba7364fd257580ed7ec54d84c2000ee59833?s=96&d=mm&r=g","url":"https:\/\/secure.gravatar.com\/avatar\/e5861bf3fded3d25758a3e74b525ba7364fd257580ed7ec54d84c2000ee59833?s=96&d=mm&r=g","contentUrl":"https:\/\/secure.gravatar.com\/avatar\/e5861bf3fded3d25758a3e74b525ba7364fd257580ed7ec54d84c2000ee59833?s=96&d=mm&r=g","caption":"Suor Gaudence Nininahazwe"},"description":"Hermana Gaudence es una religiosa de nacionalidad burundesa. Nacida el 5 de julio de 1975, asisti\u00f3 a la Universidad Cat\u00f3lica de Kabgayi en Ruanda de 2005 a 2010. Es licenciada en Periodismo. De 2010 a 2014 fue redactora jefe de Radio Maria Burundi. De 2014 a 2019 fue instructora de noviciado (Maestra de Novicias) en su instituto religioso, la Familia de las Disc\u00edpulas de Cristo. De 2019 a 2024 fue directora de la Escuela Superior T\u00e9cnica Monse\u00f1or Bernard Bududira. Actualmente es instructora en el Noviciado Kiryama, en Bururi.","url":"https:\/\/spaziospadoni.org\/es\/author\/nininahazwe_mission\/"}]}},"_links":{"self":[{"href":"https:\/\/spaziospadoni.org\/es\/wp-json\/wp\/v2\/posts\/91366","targetHints":{"allow":["GET"]}}],"collection":[{"href":"https:\/\/spaziospadoni.org\/es\/wp-json\/wp\/v2\/posts"}],"about":[{"href":"https:\/\/spaziospadoni.org\/es\/wp-json\/wp\/v2\/types\/post"}],"author":[{"embeddable":true,"href":"https:\/\/spaziospadoni.org\/es\/wp-json\/wp\/v2\/users\/74"}],"replies":[{"embeddable":true,"href":"https:\/\/spaziospadoni.org\/es\/wp-json\/wp\/v2\/comments?post=91366"}],"version-history":[{"count":1,"href":"https:\/\/spaziospadoni.org\/es\/wp-json\/wp\/v2\/posts\/91366\/revisions"}],"predecessor-version":[{"id":91367,"href":"https:\/\/spaziospadoni.org\/es\/wp-json\/wp\/v2\/posts\/91366\/revisions\/91367"}],"wp:featuredmedia":[{"embeddable":true,"href":"https:\/\/spaziospadoni.org\/es\/wp-json\/wp\/v2\/media\/91365"}],"wp:attachment":[{"href":"https:\/\/spaziospadoni.org\/es\/wp-json\/wp\/v2\/media?parent=91366"}],"wp:term":[{"taxonomy":"category","embeddable":true,"href":"https:\/\/spaziospadoni.org\/es\/wp-json\/wp\/v2\/categories?post=91366"},{"taxonomy":"post_tag","embeddable":true,"href":"https:\/\/spaziospadoni.org\/es\/wp-json\/wp\/v2\/tags?post=91366"}],"curies":[{"name":"wp","href":"https:\/\/api.w.org\/{rel}","templated":true}]}}