{"id":91385,"date":"2026-08-21T07:00:00","date_gmt":"2026-08-21T06:00:00","guid":{"rendered":"https:\/\/spaziospadoni.org\/?p=91385"},"modified":"2026-08-21T08:53:51","modified_gmt":"2026-08-21T07:53:51","slug":"el-bien-que-genera-mas-bien-gracias-stefano-trane-protopapa","status":"publish","type":"post","link":"https:\/\/spaziospadoni.org\/es\/el-bien-que-genera-mas-bien-gracias-stefano-trane-protopapa\/","title":{"rendered":"El bien que genera m\u00e1s bien | \u00a1Gracias, Stefano Trane Protopapa!"},"content":{"rendered":"\n<p class=\"has-contrast-3-color has-text-color has-link-color wp-elements-1 wp-block-paragraph\"><em>El 21 de agosto, en Gagliano del Capo, en la provincia de Lecce (Italia), se celebrar\u00e1 una velada en memoria de Stefano Trane Protopapa, quien falleci\u00f3 en 2025, a los 50 a\u00f1os, a causa de una enfermedad. En las \u00faltimas semanas de su vida, Stefano tambi\u00e9n se dedic\u00f3 al blog de spazio + spadoni, buscando nuevos contactos y nuevos autores. Por eso, hoy lo recordamos con gratitud y cari\u00f1o.<\/em><\/p>\n\n\n\n<p class=\"wp-block-paragraph\">No tengo la presunci\u00f3n de definirme como una amiga de Stefano, porque los amigos son aquellos que siempre est\u00e1n ah\u00ed, que han compartido tantos momentos contigo, que han permanecido a tu lado en las dificultades.<\/p>\n\n\n\n<p class=\"wp-block-paragraph\">He estado \u00abde paso\u00bb en la vida de Stefano y eso ya fue un privilegio para m\u00ed.<\/p>\n\n\n\n<p class=\"wp-block-paragraph\">Nos reencontramos despu\u00e9s de muchos a\u00f1os: 35, para ser exactos. Y esto porque siempre he cre\u00eddo que las pasiones y afinidades mantienen unidas a las personas a pesar del tiempo y de la distancia geogr\u00e1fica.<\/p>\n\n\n\n<p class=\"wp-block-paragraph\">El hilo que nos un\u00eda a los dos era el amor por la escritura, por las palabras: tanto en la \u00e9poca del instituto, cuando yo era la hermana menor de su compa\u00f1era de clase, como hace dos a\u00f1os, cuando empezamos a hablar por tel\u00e9fono.<\/p>\n\n\n\n<p class=\"wp-block-paragraph\">\u00c9l, que amaba los libros, sonreir\u00eda desde all\u00e1 arriba si le dijera que cuando pienso en \u00e9l \u2014y sucede a menudo\u2014 me viene a la mente una frase de \u00abNoches blancas\u00bb de Dostoievski: <em>\u00ab\u00bfPero qu\u00e9 sentido tienen los conocidos? Incluso sin ellos conozco todo Petersburgo\u00bb.<\/em><\/p>\n\n\n\n<p class=\"wp-block-paragraph\">Porque Stefano, ya fuera en casa o en una cama de hospital, escuchaba. Sab\u00eda captar los matices de la vida, percib\u00eda las necesidades y emociones de quienes estaban cerca.<\/p>\n\n\n\n<p class=\"wp-block-paragraph\">Y, sobre todo, ten\u00eda la capacidad extraordinaria de crear relaciones, de tejer redes entre las personas.<\/p>\n\n\n\n<p class=\"wp-block-paragraph\">Desde hace un par de a\u00f1os colaboro con spazio + spadoni. <\/p>\n\n\n\n<blockquote class=\"wp-block-quote is-layout-flow wp-block-quote-is-layout-flow\">\n<p class=\"wp-block-paragraph\"><em><strong>Es impresionante cu\u00e1nto hizo por el blog en muy pocos d\u00edas: entre ellos, sus \u00faltimos d\u00edas.<\/strong><\/em><\/p>\n<\/blockquote>\n\n\n\n<p class=\"wp-block-paragraph\">Stefano me demostr\u00f3 que, si algo te importa, sigues adelante incluso cuando cuesta esfuerzo. Y, adem\u00e1s, su desvelo por buscarme nuevos autores y corresponsales para el blog dio frutos que, para mi gran sorpresa, contin\u00faan hoy, m\u00e1s de un a\u00f1o despu\u00e9s de su fallecimiento.<\/p>\n\n\n\n<p class=\"wp-block-paragraph\">Con todo el entusiasmo posible, me enviaba n\u00fameros de personas que, seg\u00fan \u00e9l, pod\u00edan escribir para el blog, ya estuvieran en Gagliano o en la India. Y a trav\u00e9s de \u00e9l nacieron hermosas colaboraciones que a\u00fan perduran y generan otras.<\/p>\n\n\n\n<p class=\"wp-block-paragraph\">Gracias a \u00e9l reencontr\u00e9 a Emiliano y al padre Gino, y conoc\u00ed a Massimo Buccarello, corresponsal muy apreciado de spazio + spadoni, quien a su vez me puso en contacto con Antonella, con don Fabrizio y con Chiara.<\/p>\n\n\n\n<blockquote class=\"wp-block-quote is-layout-flow wp-block-quote-is-layout-flow\">\n<p class=\"wp-block-paragraph\"><em><strong>El bien siempre engendra m\u00e1s bien y Stefano, en lugar de encerrarse en el dolor de su enfermedad, contribuy\u00f3 a hacer germinar semillas que habr\u00edan permanecido latentes: \u00a1cuatro de nuestros autores son suyos! Por esta raz\u00f3n, cada vez que me llega un art\u00edculo de su parte, es como si Stefano volviera a la vida. Y le doy las gracias, imaginando la sonrisa de quien sabe que ha hecho su parte, feliz de dar continuidad a ese c\u00edrculo virtuoso de palabras e historias compartidas.<\/strong><\/em><\/p>\n<\/blockquote>\n\n\n\n<p class=\"wp-block-paragraph\">Hoy, m\u00e1s all\u00e1 de la nostalgia y de la profunda tristeza por su ausencia, me alegro por \u00e9l, por un sue\u00f1o suyo que se hace realidad: su libro de poemas publicado, \u201cMurmure, suoni e ri-suoni\u201d.<\/p>\n\n\n\n<p class=\"wp-block-paragraph\">Habr\u00eda querido estar all\u00ed, pero no pude. Esta es, por tanto, mi manera de participar y compartir con \u00e9l y con quienes lo amaron y conocieron su alegr\u00eda.<\/p>\n\n\n\n<p class=\"wp-block-paragraph\"><strong>\u00a1Infinitas gracias de mi parte y de spazio + spadoni!<\/strong><\/p>\n\n\n\n<p class=\"wp-block-paragraph\">\u00a1Hasta siempre, Stefano Trane Protopapa!<\/p>\n\n\n\n<p class=\"wp-block-paragraph\"><strong>Foto de Stefano Trane Protopapa<\/strong><\/p>\n","protected":false},"excerpt":{"rendered":"<p>El 21 de agosto, en Gagliano del Capo, en la provincia de Lecce (Italia), se celebrar\u00e1 una velada en memoria de Stefano Trane Protopapa, quien falleci\u00f3 en 2025, a los 50 a\u00f1os, a causa de una enfermedad. En las \u00faltimas semanas de su vida, Stefano tambi\u00e9n se dedic\u00f3 al blog de spazio + spadoni, buscando &#8230; <a title=\"El bien que genera m\u00e1s bien | \u00a1Gracias, Stefano Trane Protopapa!\" class=\"read-more\" href=\"https:\/\/spaziospadoni.org\/es\/el-bien-que-genera-mas-bien-gracias-stefano-trane-protopapa\/\" aria-label=\"Read more about El bien que genera m\u00e1s bien | \u00a1Gracias, Stefano Trane Protopapa!\">Leer m\u00e1s<\/a><\/p>\n","protected":false},"author":7,"featured_media":91384,"comment_status":"closed","ping_status":"closed","sticky":false,"template":"","format":"standard","meta":{"_sitemap_exclude":false,"_sitemap_priority":"","_sitemap_frequency":"","ss_featured_image_title":"","ss_featured_image_alt":"Foto de Stefano Trane Protopapa","ss_featured_image_caption":"Foto de Stefano Trane Protopapa presente en el libro Murmure, Suoni e Ri-suoni","footnotes":""},"categories":[2530],"tags":[2609,4104,3560,2955,3872],"class_list":["post-91385","post","type-post","status-publish","format-standard","has-post-thumbnail","hentry","category-historias","tag-enfermedad","tag-generosidad","tag-gratitud","tag-palabras","tag-relaciones","infinite-scroll-item","generate-columns","tablet-grid-50","mobile-grid-100","grid-parent","grid-50"],"yoast_head":"<!-- This site is optimized with the Yoast SEO plugin v28.4 - https:\/\/yoast.com\/product\/yoast-seo-wordpress\/ -->\n<title>El recuerdo de Stefano Trane Protopapa y de sus palabras<\/title>\n<meta name=\"description\" content=\"El recuerdo de Stefano Trane Protopapa: el amor por la escritura, la fuerza de las relaciones y las semillas de bien que siguen floreciendo.\" \/>\n<meta name=\"robots\" content=\"index, follow, max-snippet:-1, max-image-preview:large, max-video-preview:-1\" \/>\n<link rel=\"canonical\" href=\"https:\/\/spaziospadoni.org\/es\/el-bien-que-genera-mas-bien-gracias-stefano-trane-protopapa\/\" \/>\n<meta property=\"og:locale\" content=\"es_ES\" \/>\n<meta property=\"og:type\" content=\"article\" \/>\n<meta property=\"og:title\" content=\"El recuerdo de Stefano Trane Protopapa y de sus palabras\" \/>\n<meta property=\"og:description\" content=\"El recuerdo de Stefano Trane Protopapa: el amor por la escritura, la fuerza de las relaciones y las semillas de bien que siguen floreciendo.\" \/>\n<meta property=\"og:url\" content=\"https:\/\/spaziospadoni.org\/es\/el-bien-que-genera-mas-bien-gracias-stefano-trane-protopapa\/\" \/>\n<meta property=\"og:site_name\" content=\"spazio + spadoni\" \/>\n<meta property=\"article:publisher\" content=\"https:\/\/www.facebook.com\/SpazioSpadoni\/\" \/>\n<meta property=\"article:published_time\" content=\"2026-08-21T06:00:00+00:00\" \/>\n<meta property=\"article:modified_time\" content=\"2026-08-21T07:53:51+00:00\" \/>\n<meta property=\"og:image\" content=\"https:\/\/spaziospadoni.org\/wp-content\/uploads\/2026\/08\/colomba-foto-stefano-trane.webp\" \/>\n\t<meta property=\"og:image:width\" content=\"1200\" \/>\n\t<meta property=\"og:image:height\" content=\"803\" \/>\n\t<meta property=\"og:image:type\" content=\"image\/webp\" \/>\n<meta name=\"author\" content=\"Loredana Brigante\" \/>\n<meta name=\"twitter:card\" content=\"summary_large_image\" \/>\n<meta name=\"twitter:label1\" content=\"Escrito por\" \/>\n\t<meta name=\"twitter:data1\" content=\"Loredana Brigante\" \/>\n\t<meta name=\"twitter:label2\" content=\"Est. reading time\" \/>\n\t<meta name=\"twitter:data2\" content=\"3 minutes\" \/>\n<script type=\"application\/ld+json\" class=\"yoast-schema-graph\">{\"@context\":\"https:\\\/\\\/schema.org\",\"@graph\":[{\"@type\":\"Article\",\"@id\":\"https:\\\/\\\/spaziospadoni.org\\\/es\\\/el-bien-que-genera-mas-bien-gracias-stefano-trane-protopapa\\\/#article\",\"isPartOf\":{\"@id\":\"https:\\\/\\\/spaziospadoni.org\\\/es\\\/el-bien-que-genera-mas-bien-gracias-stefano-trane-protopapa\\\/\"},\"author\":{\"name\":\"Loredana Brigante\",\"@id\":\"https:\\\/\\\/spaziospadoni.org\\\/es\\\/#\\\/schema\\\/person\\\/5d042eaa69d726f0c03c3698f2f880c0\"},\"headline\":\"El bien que genera m\u00e1s bien | \u00a1Gracias, Stefano Trane Protopapa!\",\"datePublished\":\"2026-08-21T06:00:00+00:00\",\"dateModified\":\"2026-08-21T07:53:51+00:00\",\"mainEntityOfPage\":{\"@id\":\"https:\\\/\\\/spaziospadoni.org\\\/es\\\/el-bien-que-genera-mas-bien-gracias-stefano-trane-protopapa\\\/\"},\"wordCount\":648,\"publisher\":{\"@id\":\"https:\\\/\\\/spaziospadoni.org\\\/es\\\/#organization\"},\"image\":{\"@id\":\"https:\\\/\\\/spaziospadoni.org\\\/es\\\/el-bien-que-genera-mas-bien-gracias-stefano-trane-protopapa\\\/#primaryimage\"},\"thumbnailUrl\":\"https:\\\/\\\/spaziospadoni.org\\\/wp-content\\\/uploads\\\/2026\\\/08\\\/colomba-foto-stefano-trane.webp\",\"keywords\":[\"enfermedad\",\"generosidad\",\"gratitud\",\"palabras\",\"relaciones\"],\"articleSection\":[\"Historias\"],\"inLanguage\":\"es-ES\"},{\"@type\":\"WebPage\",\"@id\":\"https:\\\/\\\/spaziospadoni.org\\\/es\\\/el-bien-que-genera-mas-bien-gracias-stefano-trane-protopapa\\\/\",\"url\":\"https:\\\/\\\/spaziospadoni.org\\\/es\\\/el-bien-que-genera-mas-bien-gracias-stefano-trane-protopapa\\\/\",\"name\":\"El recuerdo de Stefano Trane Protopapa y de sus palabras\",\"isPartOf\":{\"@id\":\"https:\\\/\\\/spaziospadoni.org\\\/es\\\/#website\"},\"primaryImageOfPage\":{\"@id\":\"https:\\\/\\\/spaziospadoni.org\\\/es\\\/el-bien-que-genera-mas-bien-gracias-stefano-trane-protopapa\\\/#primaryimage\"},\"image\":{\"@id\":\"https:\\\/\\\/spaziospadoni.org\\\/es\\\/el-bien-que-genera-mas-bien-gracias-stefano-trane-protopapa\\\/#primaryimage\"},\"thumbnailUrl\":\"https:\\\/\\\/spaziospadoni.org\\\/wp-content\\\/uploads\\\/2026\\\/08\\\/colomba-foto-stefano-trane.webp\",\"datePublished\":\"2026-08-21T06:00:00+00:00\",\"dateModified\":\"2026-08-21T07:53:51+00:00\",\"description\":\"El recuerdo de Stefano Trane Protopapa: el amor por la escritura, la fuerza de las relaciones y las semillas de bien que siguen floreciendo.\",\"breadcrumb\":{\"@id\":\"https:\\\/\\\/spaziospadoni.org\\\/es\\\/el-bien-que-genera-mas-bien-gracias-stefano-trane-protopapa\\\/#breadcrumb\"},\"inLanguage\":\"es-ES\",\"potentialAction\":[{\"@type\":\"ReadAction\",\"target\":[\"https:\\\/\\\/spaziospadoni.org\\\/es\\\/el-bien-que-genera-mas-bien-gracias-stefano-trane-protopapa\\\/\"]}]},{\"@type\":\"ImageObject\",\"inLanguage\":\"es-ES\",\"@id\":\"https:\\\/\\\/spaziospadoni.org\\\/es\\\/el-bien-que-genera-mas-bien-gracias-stefano-trane-protopapa\\\/#primaryimage\",\"url\":\"https:\\\/\\\/spaziospadoni.org\\\/wp-content\\\/uploads\\\/2026\\\/08\\\/colomba-foto-stefano-trane.webp\",\"contentUrl\":\"https:\\\/\\\/spaziospadoni.org\\\/wp-content\\\/uploads\\\/2026\\\/08\\\/colomba-foto-stefano-trane.webp\",\"width\":1200,\"height\":803,\"caption\":\"Foto de Stefano Trane Protopapa presente en el libro Murmure, Suoni e Ri-suoni\"},{\"@type\":\"BreadcrumbList\",\"@id\":\"https:\\\/\\\/spaziospadoni.org\\\/es\\\/el-bien-que-genera-mas-bien-gracias-stefano-trane-protopapa\\\/#breadcrumb\",\"itemListElement\":[{\"@type\":\"ListItem\",\"position\":1,\"name\":\"Home\",\"item\":\"https:\\\/\\\/spaziospadoni.org\\\/es\\\/\"},{\"@type\":\"ListItem\",\"position\":2,\"name\":\"El bien que genera m\u00e1s bien | \u00a1Gracias, Stefano Trane Protopapa!\"}]},{\"@type\":\"WebSite\",\"@id\":\"https:\\\/\\\/spaziospadoni.org\\\/es\\\/#website\",\"url\":\"https:\\\/\\\/spaziospadoni.org\\\/es\\\/\",\"name\":\"spazio + spadoni\",\"description\":\"Generazione di misericordia e missione nel mondo\",\"publisher\":{\"@id\":\"https:\\\/\\\/spaziospadoni.org\\\/es\\\/#organization\"},\"alternateName\":\"spaziospadoni.org\",\"potentialAction\":[{\"@type\":\"SearchAction\",\"target\":{\"@type\":\"EntryPoint\",\"urlTemplate\":\"https:\\\/\\\/spaziospadoni.org\\\/es\\\/?s={search_term_string}\"},\"query-input\":{\"@type\":\"PropertyValueSpecification\",\"valueRequired\":true,\"valueName\":\"search_term_string\"}}],\"inLanguage\":\"es-ES\"},{\"@type\":\"Organization\",\"@id\":\"https:\\\/\\\/spaziospadoni.org\\\/es\\\/#organization\",\"name\":\"spazio + spadoni\",\"alternateName\":\"spaziospadoni.org\",\"url\":\"https:\\\/\\\/spaziospadoni.org\\\/es\\\/\",\"logo\":{\"@type\":\"ImageObject\",\"inLanguage\":\"es-ES\",\"@id\":\"https:\\\/\\\/spaziospadoni.org\\\/es\\\/#\\\/schema\\\/logo\\\/image\\\/\",\"url\":\"https:\\\/\\\/spaziospadoni.org\\\/wp-content\\\/uploads\\\/2026\\\/05\\\/spazio-spadoni-logo-100x100-1.webp\",\"contentUrl\":\"https:\\\/\\\/spaziospadoni.org\\\/wp-content\\\/uploads\\\/2026\\\/05\\\/spazio-spadoni-logo-100x100-1.webp\",\"width\":100,\"height\":100,\"caption\":\"spazio + spadoni\"},\"image\":{\"@id\":\"https:\\\/\\\/spaziospadoni.org\\\/es\\\/#\\\/schema\\\/logo\\\/image\\\/\"},\"sameAs\":[\"https:\\\/\\\/www.facebook.com\\\/SpazioSpadoni\\\/\",\"https:\\\/\\\/www.instagram.com\\\/spaziospadoni\\\/\",\"https:\\\/\\\/www.youtube.com\\\/@spaziospadoni\\\/playlists\"]},{\"@type\":\"Person\",\"@id\":\"https:\\\/\\\/spaziospadoni.org\\\/es\\\/#\\\/schema\\\/person\\\/5d042eaa69d726f0c03c3698f2f880c0\",\"name\":\"Loredana Brigante\",\"image\":{\"@type\":\"ImageObject\",\"inLanguage\":\"es-ES\",\"@id\":\"https:\\\/\\\/secure.gravatar.com\\\/avatar\\\/ce1837a2d56dc272a3652369a6740cf43d588eaf99e2e5680a1cb57eebd4b7ca?s=96&d=mm&r=g\",\"url\":\"https:\\\/\\\/secure.gravatar.com\\\/avatar\\\/ce1837a2d56dc272a3652369a6740cf43d588eaf99e2e5680a1cb57eebd4b7ca?s=96&d=mm&r=g\",\"contentUrl\":\"https:\\\/\\\/secure.gravatar.com\\\/avatar\\\/ce1837a2d56dc272a3652369a6740cf43d588eaf99e2e5680a1cb57eebd4b7ca?s=96&d=mm&r=g\",\"caption\":\"Loredana Brigante\"},\"description\":\"Nacida en 1976, es periodista colaboradora y apasionada por el mundo misionero. Originaria del Salento, vive en Palermo desde 2007 con Rino y sus hijas, Greta y Gaia. De 2000 a 2003 fue secretaria nacional del Movimento Giovanile Missionario delle Pontificie Opere Missionarie en Roma y forma parte del equipo nacional de Missio Ragazzi. Actualmente colabora con la revista \u201cPopoli e Missione\u201d de la Fondazione Missio y con spazio + spadoni.\",\"url\":\"https:\\\/\\\/spaziospadoni.org\\\/es\\\/author\\\/brigante_mission\\\/\"}]}<\/script>\n<!-- \/ Yoast SEO plugin. -->","yoast_head_json":{"title":"El recuerdo de Stefano Trane Protopapa y de sus palabras","description":"El recuerdo de Stefano Trane Protopapa: el amor por la escritura, la fuerza de las relaciones y las semillas de bien que siguen floreciendo.","robots":{"index":"index","follow":"follow","max-snippet":"max-snippet:-1","max-image-preview":"max-image-preview:large","max-video-preview":"max-video-preview:-1"},"canonical":"https:\/\/spaziospadoni.org\/es\/el-bien-que-genera-mas-bien-gracias-stefano-trane-protopapa\/","og_locale":"es_ES","og_type":"article","og_title":"El recuerdo de Stefano Trane Protopapa y de sus palabras","og_description":"El recuerdo de Stefano Trane Protopapa: el amor por la escritura, la fuerza de las relaciones y las semillas de bien que siguen floreciendo.","og_url":"https:\/\/spaziospadoni.org\/es\/el-bien-que-genera-mas-bien-gracias-stefano-trane-protopapa\/","og_site_name":"spazio + spadoni","article_publisher":"https:\/\/www.facebook.com\/SpazioSpadoni\/","article_published_time":"2026-08-21T06:00:00+00:00","article_modified_time":"2026-08-21T07:53:51+00:00","og_image":[{"width":1200,"height":803,"url":"https:\/\/spaziospadoni.org\/wp-content\/uploads\/2026\/08\/colomba-foto-stefano-trane.webp","type":"image\/webp"}],"author":"Loredana Brigante","twitter_card":"summary_large_image","twitter_misc":{"Escrito por":"Loredana Brigante","Est. reading time":"3 minutes"},"schema":{"@context":"https:\/\/schema.org","@graph":[{"@type":"Article","@id":"https:\/\/spaziospadoni.org\/es\/el-bien-que-genera-mas-bien-gracias-stefano-trane-protopapa\/#article","isPartOf":{"@id":"https:\/\/spaziospadoni.org\/es\/el-bien-que-genera-mas-bien-gracias-stefano-trane-protopapa\/"},"author":{"name":"Loredana Brigante","@id":"https:\/\/spaziospadoni.org\/es\/#\/schema\/person\/5d042eaa69d726f0c03c3698f2f880c0"},"headline":"El bien que genera m\u00e1s bien | \u00a1Gracias, Stefano Trane Protopapa!","datePublished":"2026-08-21T06:00:00+00:00","dateModified":"2026-08-21T07:53:51+00:00","mainEntityOfPage":{"@id":"https:\/\/spaziospadoni.org\/es\/el-bien-que-genera-mas-bien-gracias-stefano-trane-protopapa\/"},"wordCount":648,"publisher":{"@id":"https:\/\/spaziospadoni.org\/es\/#organization"},"image":{"@id":"https:\/\/spaziospadoni.org\/es\/el-bien-que-genera-mas-bien-gracias-stefano-trane-protopapa\/#primaryimage"},"thumbnailUrl":"https:\/\/spaziospadoni.org\/wp-content\/uploads\/2026\/08\/colomba-foto-stefano-trane.webp","keywords":["enfermedad","generosidad","gratitud","palabras","relaciones"],"articleSection":["Historias"],"inLanguage":"es-ES"},{"@type":"WebPage","@id":"https:\/\/spaziospadoni.org\/es\/el-bien-que-genera-mas-bien-gracias-stefano-trane-protopapa\/","url":"https:\/\/spaziospadoni.org\/es\/el-bien-que-genera-mas-bien-gracias-stefano-trane-protopapa\/","name":"El recuerdo de Stefano Trane Protopapa y de sus palabras","isPartOf":{"@id":"https:\/\/spaziospadoni.org\/es\/#website"},"primaryImageOfPage":{"@id":"https:\/\/spaziospadoni.org\/es\/el-bien-que-genera-mas-bien-gracias-stefano-trane-protopapa\/#primaryimage"},"image":{"@id":"https:\/\/spaziospadoni.org\/es\/el-bien-que-genera-mas-bien-gracias-stefano-trane-protopapa\/#primaryimage"},"thumbnailUrl":"https:\/\/spaziospadoni.org\/wp-content\/uploads\/2026\/08\/colomba-foto-stefano-trane.webp","datePublished":"2026-08-21T06:00:00+00:00","dateModified":"2026-08-21T07:53:51+00:00","description":"El recuerdo de Stefano Trane Protopapa: el amor por la escritura, la fuerza de las relaciones y las semillas de bien que siguen floreciendo.","breadcrumb":{"@id":"https:\/\/spaziospadoni.org\/es\/el-bien-que-genera-mas-bien-gracias-stefano-trane-protopapa\/#breadcrumb"},"inLanguage":"es-ES","potentialAction":[{"@type":"ReadAction","target":["https:\/\/spaziospadoni.org\/es\/el-bien-que-genera-mas-bien-gracias-stefano-trane-protopapa\/"]}]},{"@type":"ImageObject","inLanguage":"es-ES","@id":"https:\/\/spaziospadoni.org\/es\/el-bien-que-genera-mas-bien-gracias-stefano-trane-protopapa\/#primaryimage","url":"https:\/\/spaziospadoni.org\/wp-content\/uploads\/2026\/08\/colomba-foto-stefano-trane.webp","contentUrl":"https:\/\/spaziospadoni.org\/wp-content\/uploads\/2026\/08\/colomba-foto-stefano-trane.webp","width":1200,"height":803,"caption":"Foto de Stefano Trane Protopapa presente en el libro Murmure, Suoni e Ri-suoni"},{"@type":"BreadcrumbList","@id":"https:\/\/spaziospadoni.org\/es\/el-bien-que-genera-mas-bien-gracias-stefano-trane-protopapa\/#breadcrumb","itemListElement":[{"@type":"ListItem","position":1,"name":"Home","item":"https:\/\/spaziospadoni.org\/es\/"},{"@type":"ListItem","position":2,"name":"El bien que genera m\u00e1s bien | \u00a1Gracias, Stefano Trane Protopapa!"}]},{"@type":"WebSite","@id":"https:\/\/spaziospadoni.org\/es\/#website","url":"https:\/\/spaziospadoni.org\/es\/","name":"spazio + spadoni","description":"Generazione di misericordia e missione nel mondo","publisher":{"@id":"https:\/\/spaziospadoni.org\/es\/#organization"},"alternateName":"spaziospadoni.org","potentialAction":[{"@type":"SearchAction","target":{"@type":"EntryPoint","urlTemplate":"https:\/\/spaziospadoni.org\/es\/?s={search_term_string}"},"query-input":{"@type":"PropertyValueSpecification","valueRequired":true,"valueName":"search_term_string"}}],"inLanguage":"es-ES"},{"@type":"Organization","@id":"https:\/\/spaziospadoni.org\/es\/#organization","name":"spazio + spadoni","alternateName":"spaziospadoni.org","url":"https:\/\/spaziospadoni.org\/es\/","logo":{"@type":"ImageObject","inLanguage":"es-ES","@id":"https:\/\/spaziospadoni.org\/es\/#\/schema\/logo\/image\/","url":"https:\/\/spaziospadoni.org\/wp-content\/uploads\/2026\/05\/spazio-spadoni-logo-100x100-1.webp","contentUrl":"https:\/\/spaziospadoni.org\/wp-content\/uploads\/2026\/05\/spazio-spadoni-logo-100x100-1.webp","width":100,"height":100,"caption":"spazio + spadoni"},"image":{"@id":"https:\/\/spaziospadoni.org\/es\/#\/schema\/logo\/image\/"},"sameAs":["https:\/\/www.facebook.com\/SpazioSpadoni\/","https:\/\/www.instagram.com\/spaziospadoni\/","https:\/\/www.youtube.com\/@spaziospadoni\/playlists"]},{"@type":"Person","@id":"https:\/\/spaziospadoni.org\/es\/#\/schema\/person\/5d042eaa69d726f0c03c3698f2f880c0","name":"Loredana Brigante","image":{"@type":"ImageObject","inLanguage":"es-ES","@id":"https:\/\/secure.gravatar.com\/avatar\/ce1837a2d56dc272a3652369a6740cf43d588eaf99e2e5680a1cb57eebd4b7ca?s=96&d=mm&r=g","url":"https:\/\/secure.gravatar.com\/avatar\/ce1837a2d56dc272a3652369a6740cf43d588eaf99e2e5680a1cb57eebd4b7ca?s=96&d=mm&r=g","contentUrl":"https:\/\/secure.gravatar.com\/avatar\/ce1837a2d56dc272a3652369a6740cf43d588eaf99e2e5680a1cb57eebd4b7ca?s=96&d=mm&r=g","caption":"Loredana Brigante"},"description":"Nacida en 1976, es periodista colaboradora y apasionada por el mundo misionero. Originaria del Salento, vive en Palermo desde 2007 con Rino y sus hijas, Greta y Gaia. De 2000 a 2003 fue secretaria nacional del Movimento Giovanile Missionario delle Pontificie Opere Missionarie en Roma y forma parte del equipo nacional de Missio Ragazzi. Actualmente colabora con la revista \u201cPopoli e Missione\u201d de la Fondazione Missio y con spazio + spadoni.","url":"https:\/\/spaziospadoni.org\/es\/author\/brigante_mission\/"}]}},"_links":{"self":[{"href":"https:\/\/spaziospadoni.org\/es\/wp-json\/wp\/v2\/posts\/91385","targetHints":{"allow":["GET"]}}],"collection":[{"href":"https:\/\/spaziospadoni.org\/es\/wp-json\/wp\/v2\/posts"}],"about":[{"href":"https:\/\/spaziospadoni.org\/es\/wp-json\/wp\/v2\/types\/post"}],"author":[{"embeddable":true,"href":"https:\/\/spaziospadoni.org\/es\/wp-json\/wp\/v2\/users\/7"}],"replies":[{"embeddable":true,"href":"https:\/\/spaziospadoni.org\/es\/wp-json\/wp\/v2\/comments?post=91385"}],"version-history":[{"count":2,"href":"https:\/\/spaziospadoni.org\/es\/wp-json\/wp\/v2\/posts\/91385\/revisions"}],"predecessor-version":[{"id":91387,"href":"https:\/\/spaziospadoni.org\/es\/wp-json\/wp\/v2\/posts\/91385\/revisions\/91387"}],"wp:featuredmedia":[{"embeddable":true,"href":"https:\/\/spaziospadoni.org\/es\/wp-json\/wp\/v2\/media\/91384"}],"wp:attachment":[{"href":"https:\/\/spaziospadoni.org\/es\/wp-json\/wp\/v2\/media?parent=91385"}],"wp:term":[{"taxonomy":"category","embeddable":true,"href":"https:\/\/spaziospadoni.org\/es\/wp-json\/wp\/v2\/categories?post=91385"},{"taxonomy":"post_tag","embeddable":true,"href":"https:\/\/spaziospadoni.org\/es\/wp-json\/wp\/v2\/tags?post=91385"}],"curies":[{"name":"wp","href":"https:\/\/api.w.org\/{rel}","templated":true}]}}