{"id":91401,"date":"2026-08-21T18:20:00","date_gmt":"2026-08-21T17:20:00","guid":{"rendered":"https:\/\/spaziospadoni.org\/?p=91401"},"modified":"2026-08-21T09:50:04","modified_gmt":"2026-08-21T08:50:04","slug":"el-mensaje-del-papa-leon-xiv-para-los-menores-migrantes-y-refugiados","status":"publish","type":"post","link":"https:\/\/spaziospadoni.org\/es\/el-mensaje-del-papa-leon-xiv-para-los-menores-migrantes-y-refugiados\/","title":{"rendered":"El mensaje del Papa Le\u00f3n XIV para los menores migrantes y refugiados"},"content":{"rendered":"\n<p class=\"wp-block-paragraph\">El Bolet\u00edn de la Oficina de Prensa de la Santa Sede ha publicado el Mensaje del Papa Le\u00f3n XIV para la <strong>112\u00aa Jornada Mundial del Migrante y del Refugiado 2026<\/strong>, que se celebrar\u00e1 el pr\u00f3ximo 27 de septiembre de 2026 bajo el lema \u201cEl que recibe a un ni\u00f1o como este\u201d (Mt 18,5).<\/p>\n\n\n\n<h2 id=\"la-vulnerabilidad-de-los-menores-en-los-flujos-migratorios\" class=\"wp-block-heading\">La vulnerabilidad de los menores en los flujos migratorios<\/h2>\n\n\n\n<p class=\"wp-block-paragraph\">El mensaje del Papa Le\u00f3n XIV se centra este a\u00f1o, de manera especial, en la figura dram\u00e1tica de los menores migrantes y refugiados, se\u00f1alados como las personas m\u00e1s vulnerables dentro de los flujos migratorios mundiales.<\/p>\n\n\n\n<p class=\"wp-block-paragraph\">Millones de ni\u00f1os y adolescentes se ven obligados a huir de guerras, pobreza, violencia y cat\u00e1strofes, enfrentando traumas profundos, explotaci\u00f3n, abusos y la tr\u00e1gica separaci\u00f3n de sus padres.<\/p>\n\n\n\n<h2 id=\"la-acogida-pastoral-y-la-responsabilidad-compartida\" class=\"wp-block-heading\">La acogida pastoral y la responsabilidad compartida<\/h2>\n\n\n\n<p class=\"wp-block-paragraph\">Frente a esta realidad, el Pont\u00edfice recuerda las palabras de Jes\u00fas en el Evangelio, subrayando que acoger incluso a un solo ni\u00f1o significa acoger al Se\u00f1or mismo.<\/p>\n\n\n\n<p class=\"wp-block-paragraph\">Esto exige superar la indiferencia y actuar en m\u00faltiples niveles: en el plano personal, reconociendo la dignidad intr\u00ednseca de cada menor m\u00e1s all\u00e1 de las estad\u00edsticas, y en el plano eclesial, haciendo que la acogida se convierta en una pr\u00e1ctica pastoral estable orientada a la integraci\u00f3n efectiva.<\/p>\n\n\n\n<p class=\"wp-block-paragraph\">El Papa destaca asimismo la necesidad de intervenir en el \u00e1mbito interreligioso, recordando que la vulnerabilidad de los peque\u00f1os no conoce fronteras confesionales y nos une en una responsabilidad humanitaria y espiritual compartida.<\/p>\n\n\n\n<h2 id=\"el-llamamiento-a-las-instituciones-civiles-y-la-defensa-de-los-derechos\" class=\"wp-block-heading\">El llamamiento a las instituciones civiles y la defensa de los derechos<\/h2>\n\n\n\n<p class=\"wp-block-paragraph\">En el mensaje, finalmente, exhorta a las instituciones civiles a situar nuevamente en el centro \u201cel principio del inter\u00e9s superior del menor\u201d, promoviendo v\u00edas legales seguras y la reunificaci\u00f3n familiar. Recordando su llamamiento ante el Parlamento espa\u00f1ol del pasado 8 de junio, recalca la urgencia de un cambio de perspectiva: es indispensable desplazar el eje del debate desde la mera gesti\u00f3n de flujos hacia la protecci\u00f3n plena e inmediata de los derechos humanos, adoptando \u00abuna respuesta coordinada, solidaria y eficaz, capaz de garantizar protecci\u00f3n, acogida y oportunidades reales de integraci\u00f3n a quienes emigran\u00bb.<\/p>\n\n\n\n<p class=\"wp-block-paragraph\"><a href=\"https:\/\/pixabay.com\/it\/photos\/rifugiati-mare-umano-lago-acqua-1286948\/\" target=\"_blank\" rel=\"noreferrer noopener nofollow\" title=\"Foto de &nbsp;Bernhard_Staerck (Pixabay)\"><strong>Foto de &nbsp;Bernhard_Staerck<\/strong> <strong>(Pixabay)<\/strong><\/a><\/p>\n\n\n\n<p class=\"wp-block-paragraph\"><strong>Fuente: <\/strong><a href=\"https:\/\/marialuciaercole.substack.com\/\" target=\"_blank\" rel=\"noreferrer noopener nofollow\" title=\"Newsletter de Maria Lucia Ercole\">Newsletter de Maria Lucia Ercole<\/a><\/p>\n\n\n\n<p class=\"wp-block-paragraph\"><\/p>\n","protected":false},"excerpt":{"rendered":"<p>El Bolet\u00edn de la Oficina de Prensa de la Santa Sede ha publicado el Mensaje del Papa Le\u00f3n XIV para la 112\u00aa Jornada Mundial del Migrante y del Refugiado 2026, que se celebrar\u00e1 el pr\u00f3ximo 27 de septiembre de 2026 bajo el lema \u201cEl que recibe a un ni\u00f1o como este\u201d (Mt 18,5). La vulnerabilidad &#8230; <a title=\"El mensaje del Papa Le\u00f3n XIV para los menores migrantes y refugiados\" class=\"read-more\" href=\"https:\/\/spaziospadoni.org\/es\/el-mensaje-del-papa-leon-xiv-para-los-menores-migrantes-y-refugiados\/\" aria-label=\"Read more about El mensaje del Papa Le\u00f3n XIV para los menores migrantes y refugiados\">Leer m\u00e1s<\/a><\/p>\n","protected":false},"author":13,"featured_media":91409,"comment_status":"closed","ping_status":"closed","sticky":false,"template":"","format":"standard","meta":{"_sitemap_exclude":false,"_sitemap_priority":"","_sitemap_frequency":"","ss_featured_image_title":"","ss_featured_image_alt":"","ss_featured_image_caption":"","footnotes":""},"categories":[2312],"tags":[5107,2776,2314,3600],"class_list":["post-91401","post","type-post","status-publish","format-standard","has-post-thumbnail","hentry","category-la-iglesia-que-inspira","tag-mensaje","tag-migrantes-es","tag-papa-leon-xiv","tag-refugiados-es","infinite-scroll-item","generate-columns","tablet-grid-50","mobile-grid-100","grid-parent","grid-50"],"yoast_head":"<!-- This site is optimized with the Yoast SEO plugin v28.4 - https:\/\/yoast.com\/product\/yoast-seo-wordpress\/ -->\n<title>Papa Le\u00f3n XIV y la protecci\u00f3n de los menores migrantes<\/title>\n<meta name=\"description\" content=\"El mensaje del Papa Le\u00f3n XIV para la 112\u00aa Jornada Mundial del Migrante: proteger a los menores vulnerables y promover una acogida digna.\" \/>\n<meta name=\"robots\" content=\"index, follow, max-snippet:-1, max-image-preview:large, max-video-preview:-1\" \/>\n<link rel=\"canonical\" href=\"https:\/\/spaziospadoni.org\/es\/el-mensaje-del-papa-leon-xiv-para-los-menores-migrantes-y-refugiados\/\" \/>\n<meta property=\"og:locale\" content=\"es_ES\" \/>\n<meta property=\"og:type\" content=\"article\" \/>\n<meta property=\"og:title\" content=\"Papa Le\u00f3n XIV y la protecci\u00f3n de los menores migrantes\" \/>\n<meta property=\"og:description\" content=\"El mensaje del Papa Le\u00f3n XIV para la 112\u00aa Jornada Mundial del Migrante: proteger a los menores vulnerables y promover una acogida digna.\" \/>\n<meta property=\"og:url\" content=\"https:\/\/spaziospadoni.org\/es\/el-mensaje-del-papa-leon-xiv-para-los-menores-migrantes-y-refugiados\/\" \/>\n<meta property=\"og:site_name\" content=\"spazio + spadoni\" \/>\n<meta property=\"article:publisher\" content=\"https:\/\/www.facebook.com\/SpazioSpadoni\/\" \/>\n<meta property=\"article:published_time\" content=\"2026-08-21T17:20:00+00:00\" \/>\n<meta property=\"og:image\" content=\"https:\/\/spaziospadoni.org\/wp-content\/uploads\/2026\/08\/statue-migranti-museo-mare.webp\" \/>\n\t<meta property=\"og:image:width\" content=\"1280\" \/>\n\t<meta property=\"og:image:height\" content=\"855\" \/>\n\t<meta property=\"og:image:type\" content=\"image\/webp\" \/>\n<meta name=\"author\" content=\"Maria Lucia Ercole\" \/>\n<meta name=\"twitter:card\" content=\"summary_large_image\" \/>\n<meta name=\"twitter:label1\" content=\"Escrito por\" \/>\n\t<meta name=\"twitter:data1\" content=\"Maria Lucia Ercole\" \/>\n\t<meta name=\"twitter:label2\" content=\"Est. reading time\" \/>\n\t<meta name=\"twitter:data2\" content=\"2 minutes\" \/>\n<script type=\"application\/ld+json\" class=\"yoast-schema-graph\">{\"@context\":\"https:\\\/\\\/schema.org\",\"@graph\":[{\"@type\":\"Article\",\"@id\":\"https:\\\/\\\/spaziospadoni.org\\\/es\\\/el-mensaje-del-papa-leon-xiv-para-los-menores-migrantes-y-refugiados\\\/#article\",\"isPartOf\":{\"@id\":\"https:\\\/\\\/spaziospadoni.org\\\/es\\\/el-mensaje-del-papa-leon-xiv-para-los-menores-migrantes-y-refugiados\\\/\"},\"author\":{\"name\":\"Maria Lucia Ercole\",\"@id\":\"https:\\\/\\\/spaziospadoni.org\\\/es\\\/#\\\/schema\\\/person\\\/9cdee08a0f6e8328c0e19b713bde0426\"},\"headline\":\"El mensaje del Papa Le\u00f3n XIV para los menores migrantes y refugiados\",\"datePublished\":\"2026-08-21T17:20:00+00:00\",\"mainEntityOfPage\":{\"@id\":\"https:\\\/\\\/spaziospadoni.org\\\/es\\\/el-mensaje-del-papa-leon-xiv-para-los-menores-migrantes-y-refugiados\\\/\"},\"wordCount\":396,\"publisher\":{\"@id\":\"https:\\\/\\\/spaziospadoni.org\\\/es\\\/#organization\"},\"image\":{\"@id\":\"https:\\\/\\\/spaziospadoni.org\\\/es\\\/el-mensaje-del-papa-leon-xiv-para-los-menores-migrantes-y-refugiados\\\/#primaryimage\"},\"thumbnailUrl\":\"https:\\\/\\\/spaziospadoni.org\\\/wp-content\\\/uploads\\\/2026\\\/08\\\/statue-migranti-museo-mare.webp\",\"keywords\":[\"mensaje\",\"migrantes\",\"Papa Le\u00f3n XIV\",\"refugiados\"],\"articleSection\":[\"La Iglesia que inspira\"],\"inLanguage\":\"es-ES\"},{\"@type\":\"WebPage\",\"@id\":\"https:\\\/\\\/spaziospadoni.org\\\/es\\\/el-mensaje-del-papa-leon-xiv-para-los-menores-migrantes-y-refugiados\\\/\",\"url\":\"https:\\\/\\\/spaziospadoni.org\\\/es\\\/el-mensaje-del-papa-leon-xiv-para-los-menores-migrantes-y-refugiados\\\/\",\"name\":\"Papa Le\u00f3n XIV y la protecci\u00f3n de los menores migrantes\",\"isPartOf\":{\"@id\":\"https:\\\/\\\/spaziospadoni.org\\\/es\\\/#website\"},\"primaryImageOfPage\":{\"@id\":\"https:\\\/\\\/spaziospadoni.org\\\/es\\\/el-mensaje-del-papa-leon-xiv-para-los-menores-migrantes-y-refugiados\\\/#primaryimage\"},\"image\":{\"@id\":\"https:\\\/\\\/spaziospadoni.org\\\/es\\\/el-mensaje-del-papa-leon-xiv-para-los-menores-migrantes-y-refugiados\\\/#primaryimage\"},\"thumbnailUrl\":\"https:\\\/\\\/spaziospadoni.org\\\/wp-content\\\/uploads\\\/2026\\\/08\\\/statue-migranti-museo-mare.webp\",\"datePublished\":\"2026-08-21T17:20:00+00:00\",\"description\":\"El mensaje del Papa Le\u00f3n XIV para la 112\u00aa Jornada Mundial del Migrante: proteger a los menores vulnerables y promover una acogida digna.\",\"breadcrumb\":{\"@id\":\"https:\\\/\\\/spaziospadoni.org\\\/es\\\/el-mensaje-del-papa-leon-xiv-para-los-menores-migrantes-y-refugiados\\\/#breadcrumb\"},\"inLanguage\":\"es-ES\",\"potentialAction\":[{\"@type\":\"ReadAction\",\"target\":[\"https:\\\/\\\/spaziospadoni.org\\\/es\\\/el-mensaje-del-papa-leon-xiv-para-los-menores-migrantes-y-refugiados\\\/\"]}]},{\"@type\":\"ImageObject\",\"inLanguage\":\"es-ES\",\"@id\":\"https:\\\/\\\/spaziospadoni.org\\\/es\\\/el-mensaje-del-papa-leon-xiv-para-los-menores-migrantes-y-refugiados\\\/#primaryimage\",\"url\":\"https:\\\/\\\/spaziospadoni.org\\\/wp-content\\\/uploads\\\/2026\\\/08\\\/statue-migranti-museo-mare.webp\",\"contentUrl\":\"https:\\\/\\\/spaziospadoni.org\\\/wp-content\\\/uploads\\\/2026\\\/08\\\/statue-migranti-museo-mare.webp\",\"width\":1280,\"height\":855},{\"@type\":\"BreadcrumbList\",\"@id\":\"https:\\\/\\\/spaziospadoni.org\\\/es\\\/el-mensaje-del-papa-leon-xiv-para-los-menores-migrantes-y-refugiados\\\/#breadcrumb\",\"itemListElement\":[{\"@type\":\"ListItem\",\"position\":1,\"name\":\"Home\",\"item\":\"https:\\\/\\\/spaziospadoni.org\\\/es\\\/\"},{\"@type\":\"ListItem\",\"position\":2,\"name\":\"El mensaje del Papa Le\u00f3n XIV para los menores migrantes y refugiados\"}]},{\"@type\":\"WebSite\",\"@id\":\"https:\\\/\\\/spaziospadoni.org\\\/es\\\/#website\",\"url\":\"https:\\\/\\\/spaziospadoni.org\\\/es\\\/\",\"name\":\"spazio + spadoni\",\"description\":\"Generazione di misericordia e missione nel mondo\",\"publisher\":{\"@id\":\"https:\\\/\\\/spaziospadoni.org\\\/es\\\/#organization\"},\"alternateName\":\"spaziospadoni.org\",\"potentialAction\":[{\"@type\":\"SearchAction\",\"target\":{\"@type\":\"EntryPoint\",\"urlTemplate\":\"https:\\\/\\\/spaziospadoni.org\\\/es\\\/?s={search_term_string}\"},\"query-input\":{\"@type\":\"PropertyValueSpecification\",\"valueRequired\":true,\"valueName\":\"search_term_string\"}}],\"inLanguage\":\"es-ES\"},{\"@type\":\"Organization\",\"@id\":\"https:\\\/\\\/spaziospadoni.org\\\/es\\\/#organization\",\"name\":\"spazio + spadoni\",\"alternateName\":\"spaziospadoni.org\",\"url\":\"https:\\\/\\\/spaziospadoni.org\\\/es\\\/\",\"logo\":{\"@type\":\"ImageObject\",\"inLanguage\":\"es-ES\",\"@id\":\"https:\\\/\\\/spaziospadoni.org\\\/es\\\/#\\\/schema\\\/logo\\\/image\\\/\",\"url\":\"https:\\\/\\\/spaziospadoni.org\\\/wp-content\\\/uploads\\\/2026\\\/05\\\/spazio-spadoni-logo-100x100-1.webp\",\"contentUrl\":\"https:\\\/\\\/spaziospadoni.org\\\/wp-content\\\/uploads\\\/2026\\\/05\\\/spazio-spadoni-logo-100x100-1.webp\",\"width\":100,\"height\":100,\"caption\":\"spazio + spadoni\"},\"image\":{\"@id\":\"https:\\\/\\\/spaziospadoni.org\\\/es\\\/#\\\/schema\\\/logo\\\/image\\\/\"},\"sameAs\":[\"https:\\\/\\\/www.facebook.com\\\/SpazioSpadoni\\\/\",\"https:\\\/\\\/www.instagram.com\\\/spaziospadoni\\\/\",\"https:\\\/\\\/www.youtube.com\\\/@spaziospadoni\\\/playlists\"]},{\"@type\":\"Person\",\"@id\":\"https:\\\/\\\/spaziospadoni.org\\\/es\\\/#\\\/schema\\\/person\\\/9cdee08a0f6e8328c0e19b713bde0426\",\"name\":\"Maria Lucia Ercole\",\"image\":{\"@type\":\"ImageObject\",\"inLanguage\":\"es-ES\",\"@id\":\"https:\\\/\\\/secure.gravatar.com\\\/avatar\\\/880bbdf4c968635b20266eac4e46e8196a6dde9230c4927c12757a6c430e6e3d?s=96&d=mm&r=g\",\"url\":\"https:\\\/\\\/secure.gravatar.com\\\/avatar\\\/880bbdf4c968635b20266eac4e46e8196a6dde9230c4927c12757a6c430e6e3d?s=96&d=mm&r=g\",\"contentUrl\":\"https:\\\/\\\/secure.gravatar.com\\\/avatar\\\/880bbdf4c968635b20266eac4e46e8196a6dde9230c4927c12757a6c430e6e3d?s=96&d=mm&r=g\",\"caption\":\"Maria Lucia Ercole\"},\"description\":\"Licenciada en Econom\u00eda y Ciencias de la Educaci\u00f3n, ha impartido clases en varios centros de ense\u00f1anza secundaria de Tur\u00edn. Actualmente se dedica plenamente al voluntariado, tanto en el \u00e1mbito parroquial como en el educativo, ense\u00f1ando italiano como segunda lengua (L2) a migrantes. Desde octubre de 2021 escribe el bolet\u00edn \u201cLa Chiesa che ispira \u2013 Spazio di riflessione sulla Chiesa Cattolica, oggi\u201d y participa activamente en las campa\u00f1as nacionales \u201cStop smartphone e social sotto i 14 e 16 anni\u201d.\",\"url\":\"https:\\\/\\\/spaziospadoni.org\\\/es\\\/author\\\/ercolemission\\\/\"}]}<\/script>\n<!-- \/ Yoast SEO plugin. -->","yoast_head_json":{"title":"Papa Le\u00f3n XIV y la protecci\u00f3n de los menores migrantes","description":"El mensaje del Papa Le\u00f3n XIV para la 112\u00aa Jornada Mundial del Migrante: proteger a los menores vulnerables y promover una acogida digna.","robots":{"index":"index","follow":"follow","max-snippet":"max-snippet:-1","max-image-preview":"max-image-preview:large","max-video-preview":"max-video-preview:-1"},"canonical":"https:\/\/spaziospadoni.org\/es\/el-mensaje-del-papa-leon-xiv-para-los-menores-migrantes-y-refugiados\/","og_locale":"es_ES","og_type":"article","og_title":"Papa Le\u00f3n XIV y la protecci\u00f3n de los menores migrantes","og_description":"El mensaje del Papa Le\u00f3n XIV para la 112\u00aa Jornada Mundial del Migrante: proteger a los menores vulnerables y promover una acogida digna.","og_url":"https:\/\/spaziospadoni.org\/es\/el-mensaje-del-papa-leon-xiv-para-los-menores-migrantes-y-refugiados\/","og_site_name":"spazio + spadoni","article_publisher":"https:\/\/www.facebook.com\/SpazioSpadoni\/","article_published_time":"2026-08-21T17:20:00+00:00","og_image":[{"width":1280,"height":855,"url":"https:\/\/spaziospadoni.org\/wp-content\/uploads\/2026\/08\/statue-migranti-museo-mare.webp","type":"image\/webp"}],"author":"Maria Lucia Ercole","twitter_card":"summary_large_image","twitter_misc":{"Escrito por":"Maria Lucia Ercole","Est. reading time":"2 minutes"},"schema":{"@context":"https:\/\/schema.org","@graph":[{"@type":"Article","@id":"https:\/\/spaziospadoni.org\/es\/el-mensaje-del-papa-leon-xiv-para-los-menores-migrantes-y-refugiados\/#article","isPartOf":{"@id":"https:\/\/spaziospadoni.org\/es\/el-mensaje-del-papa-leon-xiv-para-los-menores-migrantes-y-refugiados\/"},"author":{"name":"Maria Lucia Ercole","@id":"https:\/\/spaziospadoni.org\/es\/#\/schema\/person\/9cdee08a0f6e8328c0e19b713bde0426"},"headline":"El mensaje del Papa Le\u00f3n XIV para los menores migrantes y refugiados","datePublished":"2026-08-21T17:20:00+00:00","mainEntityOfPage":{"@id":"https:\/\/spaziospadoni.org\/es\/el-mensaje-del-papa-leon-xiv-para-los-menores-migrantes-y-refugiados\/"},"wordCount":396,"publisher":{"@id":"https:\/\/spaziospadoni.org\/es\/#organization"},"image":{"@id":"https:\/\/spaziospadoni.org\/es\/el-mensaje-del-papa-leon-xiv-para-los-menores-migrantes-y-refugiados\/#primaryimage"},"thumbnailUrl":"https:\/\/spaziospadoni.org\/wp-content\/uploads\/2026\/08\/statue-migranti-museo-mare.webp","keywords":["mensaje","migrantes","Papa Le\u00f3n XIV","refugiados"],"articleSection":["La Iglesia que inspira"],"inLanguage":"es-ES"},{"@type":"WebPage","@id":"https:\/\/spaziospadoni.org\/es\/el-mensaje-del-papa-leon-xiv-para-los-menores-migrantes-y-refugiados\/","url":"https:\/\/spaziospadoni.org\/es\/el-mensaje-del-papa-leon-xiv-para-los-menores-migrantes-y-refugiados\/","name":"Papa Le\u00f3n XIV y la protecci\u00f3n de los menores migrantes","isPartOf":{"@id":"https:\/\/spaziospadoni.org\/es\/#website"},"primaryImageOfPage":{"@id":"https:\/\/spaziospadoni.org\/es\/el-mensaje-del-papa-leon-xiv-para-los-menores-migrantes-y-refugiados\/#primaryimage"},"image":{"@id":"https:\/\/spaziospadoni.org\/es\/el-mensaje-del-papa-leon-xiv-para-los-menores-migrantes-y-refugiados\/#primaryimage"},"thumbnailUrl":"https:\/\/spaziospadoni.org\/wp-content\/uploads\/2026\/08\/statue-migranti-museo-mare.webp","datePublished":"2026-08-21T17:20:00+00:00","description":"El mensaje del Papa Le\u00f3n XIV para la 112\u00aa Jornada Mundial del Migrante: proteger a los menores vulnerables y promover una acogida digna.","breadcrumb":{"@id":"https:\/\/spaziospadoni.org\/es\/el-mensaje-del-papa-leon-xiv-para-los-menores-migrantes-y-refugiados\/#breadcrumb"},"inLanguage":"es-ES","potentialAction":[{"@type":"ReadAction","target":["https:\/\/spaziospadoni.org\/es\/el-mensaje-del-papa-leon-xiv-para-los-menores-migrantes-y-refugiados\/"]}]},{"@type":"ImageObject","inLanguage":"es-ES","@id":"https:\/\/spaziospadoni.org\/es\/el-mensaje-del-papa-leon-xiv-para-los-menores-migrantes-y-refugiados\/#primaryimage","url":"https:\/\/spaziospadoni.org\/wp-content\/uploads\/2026\/08\/statue-migranti-museo-mare.webp","contentUrl":"https:\/\/spaziospadoni.org\/wp-content\/uploads\/2026\/08\/statue-migranti-museo-mare.webp","width":1280,"height":855},{"@type":"BreadcrumbList","@id":"https:\/\/spaziospadoni.org\/es\/el-mensaje-del-papa-leon-xiv-para-los-menores-migrantes-y-refugiados\/#breadcrumb","itemListElement":[{"@type":"ListItem","position":1,"name":"Home","item":"https:\/\/spaziospadoni.org\/es\/"},{"@type":"ListItem","position":2,"name":"El mensaje del Papa Le\u00f3n XIV para los menores migrantes y refugiados"}]},{"@type":"WebSite","@id":"https:\/\/spaziospadoni.org\/es\/#website","url":"https:\/\/spaziospadoni.org\/es\/","name":"spazio + spadoni","description":"Generazione di misericordia e missione nel mondo","publisher":{"@id":"https:\/\/spaziospadoni.org\/es\/#organization"},"alternateName":"spaziospadoni.org","potentialAction":[{"@type":"SearchAction","target":{"@type":"EntryPoint","urlTemplate":"https:\/\/spaziospadoni.org\/es\/?s={search_term_string}"},"query-input":{"@type":"PropertyValueSpecification","valueRequired":true,"valueName":"search_term_string"}}],"inLanguage":"es-ES"},{"@type":"Organization","@id":"https:\/\/spaziospadoni.org\/es\/#organization","name":"spazio + spadoni","alternateName":"spaziospadoni.org","url":"https:\/\/spaziospadoni.org\/es\/","logo":{"@type":"ImageObject","inLanguage":"es-ES","@id":"https:\/\/spaziospadoni.org\/es\/#\/schema\/logo\/image\/","url":"https:\/\/spaziospadoni.org\/wp-content\/uploads\/2026\/05\/spazio-spadoni-logo-100x100-1.webp","contentUrl":"https:\/\/spaziospadoni.org\/wp-content\/uploads\/2026\/05\/spazio-spadoni-logo-100x100-1.webp","width":100,"height":100,"caption":"spazio + spadoni"},"image":{"@id":"https:\/\/spaziospadoni.org\/es\/#\/schema\/logo\/image\/"},"sameAs":["https:\/\/www.facebook.com\/SpazioSpadoni\/","https:\/\/www.instagram.com\/spaziospadoni\/","https:\/\/www.youtube.com\/@spaziospadoni\/playlists"]},{"@type":"Person","@id":"https:\/\/spaziospadoni.org\/es\/#\/schema\/person\/9cdee08a0f6e8328c0e19b713bde0426","name":"Maria Lucia Ercole","image":{"@type":"ImageObject","inLanguage":"es-ES","@id":"https:\/\/secure.gravatar.com\/avatar\/880bbdf4c968635b20266eac4e46e8196a6dde9230c4927c12757a6c430e6e3d?s=96&d=mm&r=g","url":"https:\/\/secure.gravatar.com\/avatar\/880bbdf4c968635b20266eac4e46e8196a6dde9230c4927c12757a6c430e6e3d?s=96&d=mm&r=g","contentUrl":"https:\/\/secure.gravatar.com\/avatar\/880bbdf4c968635b20266eac4e46e8196a6dde9230c4927c12757a6c430e6e3d?s=96&d=mm&r=g","caption":"Maria Lucia Ercole"},"description":"Licenciada en Econom\u00eda y Ciencias de la Educaci\u00f3n, ha impartido clases en varios centros de ense\u00f1anza secundaria de Tur\u00edn. Actualmente se dedica plenamente al voluntariado, tanto en el \u00e1mbito parroquial como en el educativo, ense\u00f1ando italiano como segunda lengua (L2) a migrantes. Desde octubre de 2021 escribe el bolet\u00edn \u201cLa Chiesa che ispira \u2013 Spazio di riflessione sulla Chiesa Cattolica, oggi\u201d y participa activamente en las campa\u00f1as nacionales \u201cStop smartphone e social sotto i 14 e 16 anni\u201d.","url":"https:\/\/spaziospadoni.org\/es\/author\/ercolemission\/"}]}},"_links":{"self":[{"href":"https:\/\/spaziospadoni.org\/es\/wp-json\/wp\/v2\/posts\/91401","targetHints":{"allow":["GET"]}}],"collection":[{"href":"https:\/\/spaziospadoni.org\/es\/wp-json\/wp\/v2\/posts"}],"about":[{"href":"https:\/\/spaziospadoni.org\/es\/wp-json\/wp\/v2\/types\/post"}],"author":[{"embeddable":true,"href":"https:\/\/spaziospadoni.org\/es\/wp-json\/wp\/v2\/users\/13"}],"replies":[{"embeddable":true,"href":"https:\/\/spaziospadoni.org\/es\/wp-json\/wp\/v2\/comments?post=91401"}],"version-history":[{"count":1,"href":"https:\/\/spaziospadoni.org\/es\/wp-json\/wp\/v2\/posts\/91401\/revisions"}],"predecessor-version":[{"id":91402,"href":"https:\/\/spaziospadoni.org\/es\/wp-json\/wp\/v2\/posts\/91401\/revisions\/91402"}],"wp:featuredmedia":[{"embeddable":true,"href":"https:\/\/spaziospadoni.org\/es\/wp-json\/wp\/v2\/media\/91409"}],"wp:attachment":[{"href":"https:\/\/spaziospadoni.org\/es\/wp-json\/wp\/v2\/media?parent=91401"}],"wp:term":[{"taxonomy":"category","embeddable":true,"href":"https:\/\/spaziospadoni.org\/es\/wp-json\/wp\/v2\/categories?post=91401"},{"taxonomy":"post_tag","embeddable":true,"href":"https:\/\/spaziospadoni.org\/es\/wp-json\/wp\/v2\/tags?post=91401"}],"curies":[{"name":"wp","href":"https:\/\/api.w.org\/{rel}","templated":true}]}}