{"id":91703,"date":"2026-08-22T07:00:00","date_gmt":"2026-08-22T06:00:00","guid":{"rendered":"https:\/\/spaziospadoni.org\/?p=91703"},"modified":"2026-08-21T20:43:24","modified_gmt":"2026-08-21T19:43:24","slug":"en-camino-hacia-santiago-entre-fe-y-fraternidad","status":"publish","type":"post","link":"https:\/\/spaziospadoni.org\/es\/en-camino-hacia-santiago-entre-fe-y-fraternidad\/","title":{"rendered":"En camino hacia Santiago entre fe y fraternidad"},"content":{"rendered":"\n<p class=\"has-text-align-right wp-block-paragraph\"><em>(por Anna Maria Federico \u2013 Umbr\u00eda)<\/em><\/p>\n\n\n\n<p class=\"wp-block-paragraph\">La propuesta era exigente: una peregrinaci\u00f3n diocesana a lo largo del \u00faltimo tramo del camino franc\u00e9s partiendo desde Sarria, recorriendo 118 km hacia Santiago de Compostela. Junto a un numeroso grupo de j\u00f3venes y educadores de la di\u00f3cesis de Perugia \u2013 420 en total \u2013, se ofreci\u00f3 a los adultos el mismo recorrido de una forma m\u00e1s accesible. Decidimos aceptar la propuesta y nos embarcamos del 24 de julio al 1 de agosto en una experiencia verdaderamente \u00fanica\u2026<\/p>\n\n\n\n<p class=\"wp-block-paragraph\">Los adultos viajamos en avi\u00f3n, a diferencia de los j\u00f3venes que hicieron el trayecto en autob\u00fas. En las seis etapas, con un promedio de 20 km diarios, contamos con el apoyo de autobuses que trasladaban nuestro equipaje a las localidades donde pernoct\u00e1bamos: Sarria, Portomar\u00edn, Palas de Rei, Melide, Arz\u00faa, O Pino.<\/p>\n\n\n\n<p class=\"wp-block-paragraph\">Comenzar la marcha muy temprano cada ma\u00f1ana, sobre las 6:00\u20136:30 h (aprovechando el frescor matinal, entre 15 y 18 grados), parec\u00eda arduo, pero este \u00abir hacia\u00bb nos ayud\u00f3 a redescubrir el aut\u00e9ntico sentido del camino. Entre nuestras familias, unas veinte en total, hab\u00eda personas j\u00f3venes y adultas: la primera sensaci\u00f3n para algunos fue el temor de no poder completar el itinerario, especialmente los dos primeros d\u00edas con etapas de 22 y 25 km.<\/p>\n\n\n\n<h2 id=\"el-ritmo-interior-y-la-fuerza-de-la-oracion\" class=\"wp-block-heading\">El ritmo interior y la fuerza de la oraci\u00f3n<\/h2>\n\n\n\n<p class=\"wp-block-paragraph\">Pronto cada uno mir\u00f3 en su interior y encontr\u00f3 su propio ritmo. No puedo expresar lo que sintieron mis compa\u00f1eros, pero mi esposo Francesco y yo sentimos el impulso de avanzar fij\u00e1ndonos no en las dificultades, sino en las oportunidades; esa fue la clave que me ayud\u00f3 especialmente a m\u00ed, que no soy dada a largas caminatas y tengo h\u00e1bitos m\u00e1s sedentarios.<\/p>\n\n\n\n<p class=\"wp-block-paragraph\">Al reflexionar sobre ello, comenc\u00e9 de inmediato a mirar en mi interior y ordenar lo que albergaba en el coraz\u00f3n: ante todo, una acci\u00f3n de gracias a Dios que me ha sostenido en estos \u00faltimos a\u00f1os marcados por problemas de salud. Luego, el prop\u00f3sito de ofrecer la peregrinaci\u00f3n para pedir el auxilio del Se\u00f1or por tantos familiares y amigos que nos encomendaron sus oraciones. Y, finalmente, el deseo de abrir el coraz\u00f3n al mundo.<\/p>\n\n\n\n<h2 id=\"encuentros-en-el-camino-y-una-iglesia-universal\" class=\"wp-block-heading\">Encuentros en el camino y una Iglesia universal<\/h2>\n\n\n\n<p class=\"wp-block-paragraph\">El Camino de Santiago tiene una particularidad maravillosa: te permite encontrar a personas de todo el mundo, donde una sonrisa, una palabra y un \u00abbuen camino\u00bb sincero te alientan en cada etapa\u2026 No sab\u00eda bien qu\u00e9 esperar, pero en el trayecto comprendes con hondura que la Iglesia es universal y portadora de esperanza.<\/p>\n\n\n\n<p class=\"wp-block-paragraph\">No todas las personas encontradas eran creyentes, pero se deten\u00edan con respeto al escuchar el rezo del rosario. Incluso en los lugares de descanso reinaba una actitud fraternal y solidaria. Tuve la oportunidad de conversar con un joven argentino que me comparti\u00f3 su mate, dos muchachas de Colombia y Venezuela con sus banderas y una familia portuguesa con la que volv\u00edamos a coincidir en las etapas siguientes.<\/p>\n\n\n\n<p class=\"wp-block-paragraph\">Parece incre\u00edble, pero abri\u00e9ndonos a los dem\u00e1s y a la oraci\u00f3n personal y comunitaria (celebr\u00e1bamos la Santa Misa a diario), fui consciente de que la fuerza proced\u00eda de \u00c9l\u2026 Contar con este manantial interior hace olvidar los dolores, las ampollas en los pies, el cansancio y cualquier dificultad f\u00edsica.<\/p>\n\n\n\n<h2 id=\"la-llegada-a-santiago-y-el-llamado-a-hacerse-projimo\" class=\"wp-block-heading\">La llegada a Santiago y el llamado a hacerse pr\u00f3jimo<\/h2>\n\n\n\n<p class=\"wp-block-paragraph\">Descubres que eres capaz de lograr cosas que jam\u00e1s pensaste alcanzar; en el coraz\u00f3n florece la gratitud a Dios, a los hermanos, a la peregrinaci\u00f3n y al ap\u00f3stol Santiago que te llam\u00f3 a vivir esta experiencia. Todo alcanza su plenitud al entrar en la gran plaza del Obradoiro; ante la bas\u00edlica de Santiago, contemplas a personas arrodilladas, abraz\u00e1ndose y cantando con profunda emoci\u00f3n, comprendiendo que de esta llamada nace una aut\u00e9ntica misi\u00f3n\u2026<\/p>\n\n\n\n<p class=\"wp-block-paragraph\">En Santiago se entrelazan vidas e historias, y experimentamos que en el camino todos estamos llamados a hacernos pr\u00f3jimos de quien camina a nuestro lado. Resulta imposible no rezar y no tener presentes los sufrimientos de tantos hermanos en pa\u00edses afectados por guerras, violencia, terremotos y hambre. Estamos llamados a acompa\u00f1ar a quien encontramos, aunque sea en un breve tramo del sendero, con la oraci\u00f3n, la palabra y el consuelo del Esp\u00edritu Santo que act\u00faa en los corazones sencillos y puros\u2026<\/p>\n\n\n\n<p class=\"wp-block-paragraph\">Tener esta certeza es un don inmenso que nos fortalece y nos hace descubrir la belleza de caminar juntos\u2026 Una red de caminantes, al igual que tantos misioneros que a lo largo del tiempo han recorrido el mundo, escuchando, sonriendo y acompa\u00f1ando a sus hermanos, anteponiendo siempre el amor.<\/p>\n\n\n\n<p class=\"wp-block-paragraph\">Gracias a cuantos caminan por los senderos del mundo, siempre adelante\u2026<\/p>\n\n\n\n<p class=\"wp-block-paragraph\"><strong>Foto de Anna Maria Federico<\/strong><\/p>\n\n\n\n<p class=\"wp-block-paragraph\"><\/p>\n","protected":false},"excerpt":{"rendered":"<p>(por Anna Maria Federico \u2013 Umbr\u00eda) La propuesta era exigente: una peregrinaci\u00f3n diocesana a lo largo del \u00faltimo tramo del camino franc\u00e9s partiendo desde Sarria, recorriendo 118 km hacia Santiago de Compostela. Junto a un numeroso grupo de j\u00f3venes y educadores de la di\u00f3cesis de Perugia \u2013 420 en total \u2013, se ofreci\u00f3 a los &#8230; <a title=\"En camino hacia Santiago entre fe y fraternidad\" class=\"read-more\" href=\"https:\/\/spaziospadoni.org\/es\/en-camino-hacia-santiago-entre-fe-y-fraternidad\/\" aria-label=\"Read more about En camino hacia Santiago entre fe y fraternidad\">Leer m\u00e1s<\/a><\/p>\n","protected":false},"author":39,"featured_media":91702,"comment_status":"closed","ping_status":"closed","sticky":false,"template":"","format":"standard","meta":{"_sitemap_exclude":false,"_sitemap_priority":"","_sitemap_frequency":"","ss_featured_image_title":"","ss_featured_image_alt":"Peregrinaci\u00f3n a Santiago de Compostela","ss_featured_image_caption":"Anna Maria Federico, de la di\u00f3cesis de Perugia, junto a su marido durante la peregrinaci\u00f3n a Santiago de Compostela","footnotes":""},"categories":[2530],"tags":[4947,2292,3130,2289,3158],"class_list":["post-91703","post","type-post","status-publish","format-standard","has-post-thumbnail","hentry","category-historias","tag-caminar-juntos","tag-compartir","tag-espiritualidad","tag-fe","tag-peregrinacion","infinite-scroll-item","generate-columns","tablet-grid-50","mobile-grid-100","grid-parent","grid-50"],"yoast_head":"<!-- This site is optimized with the Yoast SEO plugin v28.4 - https:\/\/yoast.com\/product\/yoast-seo-wordpress\/ -->\n<title>Europa, Espa\u00f1a | En camino hacia Santiago<\/title>\n<meta name=\"description\" content=\"El relato de una peregrinaci\u00f3n a Santiago: el redescubrimiento de la fe, la oraci\u00f3n y la belleza de hacerse pr\u00f3jimo en el camino.\" \/>\n<meta name=\"robots\" content=\"index, follow, max-snippet:-1, max-image-preview:large, max-video-preview:-1\" \/>\n<link rel=\"canonical\" href=\"https:\/\/spaziospadoni.org\/es\/en-camino-hacia-santiago-entre-fe-y-fraternidad\/\" \/>\n<meta property=\"og:locale\" content=\"es_ES\" \/>\n<meta property=\"og:type\" content=\"article\" \/>\n<meta property=\"og:title\" content=\"Europa, Espa\u00f1a | En camino hacia Santiago\" \/>\n<meta property=\"og:description\" content=\"El relato de una peregrinaci\u00f3n a Santiago: el redescubrimiento de la fe, la oraci\u00f3n y la belleza de hacerse pr\u00f3jimo en el camino.\" \/>\n<meta property=\"og:url\" content=\"https:\/\/spaziospadoni.org\/es\/en-camino-hacia-santiago-entre-fe-y-fraternidad\/\" \/>\n<meta property=\"og:site_name\" content=\"spazio + spadoni\" \/>\n<meta property=\"article:publisher\" content=\"https:\/\/www.facebook.com\/SpazioSpadoni\/\" \/>\n<meta property=\"article:published_time\" content=\"2026-08-22T06:00:00+00:00\" \/>\n<meta property=\"og:image\" content=\"https:\/\/spaziospadoni.org\/wp-content\/uploads\/2026\/08\/pellegrini-santiago.webp\" \/>\n\t<meta property=\"og:image:width\" content=\"1207\" \/>\n\t<meta property=\"og:image:height\" content=\"804\" \/>\n\t<meta property=\"og:image:type\" content=\"image\/webp\" \/>\n<meta name=\"author\" content=\"Redazione\" \/>\n<meta name=\"twitter:card\" content=\"summary_large_image\" \/>\n<meta name=\"twitter:label1\" content=\"Escrito por\" \/>\n\t<meta name=\"twitter:data1\" content=\"Redacci\u00f3n\" \/>\n\t<meta name=\"twitter:label2\" content=\"Est. reading time\" \/>\n\t<meta name=\"twitter:data2\" content=\"5 minutes\" \/>\n<script type=\"application\/ld+json\" class=\"yoast-schema-graph\">{\"@context\":\"https:\\\/\\\/schema.org\",\"@graph\":[{\"@type\":\"Article\",\"@id\":\"https:\\\/\\\/spaziospadoni.org\\\/es\\\/en-camino-hacia-santiago-entre-fe-y-fraternidad\\\/#article\",\"isPartOf\":{\"@id\":\"https:\\\/\\\/spaziospadoni.org\\\/es\\\/en-camino-hacia-santiago-entre-fe-y-fraternidad\\\/\"},\"author\":{\"name\":\"Redazione\",\"@id\":\"https:\\\/\\\/spaziospadoni.org\\\/es\\\/#\\\/schema\\\/person\\\/411d7e71b4962bebf7ac6c70acc9a7bc\"},\"headline\":\"En camino hacia Santiago entre fe y fraternidad\",\"datePublished\":\"2026-08-22T06:00:00+00:00\",\"mainEntityOfPage\":{\"@id\":\"https:\\\/\\\/spaziospadoni.org\\\/es\\\/en-camino-hacia-santiago-entre-fe-y-fraternidad\\\/\"},\"wordCount\":811,\"publisher\":{\"@id\":\"https:\\\/\\\/spaziospadoni.org\\\/es\\\/#organization\"},\"image\":{\"@id\":\"https:\\\/\\\/spaziospadoni.org\\\/es\\\/en-camino-hacia-santiago-entre-fe-y-fraternidad\\\/#primaryimage\"},\"thumbnailUrl\":\"https:\\\/\\\/spaziospadoni.org\\\/wp-content\\\/uploads\\\/2026\\\/08\\\/pellegrini-santiago.webp\",\"keywords\":[\"caminar juntos\",\"Compartir\",\"espiritualidad\",\"Fe\",\"peregrinaci\u00f3n\"],\"articleSection\":[\"Historias\"],\"inLanguage\":\"es-ES\"},{\"@type\":\"WebPage\",\"@id\":\"https:\\\/\\\/spaziospadoni.org\\\/es\\\/en-camino-hacia-santiago-entre-fe-y-fraternidad\\\/\",\"url\":\"https:\\\/\\\/spaziospadoni.org\\\/es\\\/en-camino-hacia-santiago-entre-fe-y-fraternidad\\\/\",\"name\":\"Europa, Espa\u00f1a | En camino hacia Santiago\",\"isPartOf\":{\"@id\":\"https:\\\/\\\/spaziospadoni.org\\\/es\\\/#website\"},\"primaryImageOfPage\":{\"@id\":\"https:\\\/\\\/spaziospadoni.org\\\/es\\\/en-camino-hacia-santiago-entre-fe-y-fraternidad\\\/#primaryimage\"},\"image\":{\"@id\":\"https:\\\/\\\/spaziospadoni.org\\\/es\\\/en-camino-hacia-santiago-entre-fe-y-fraternidad\\\/#primaryimage\"},\"thumbnailUrl\":\"https:\\\/\\\/spaziospadoni.org\\\/wp-content\\\/uploads\\\/2026\\\/08\\\/pellegrini-santiago.webp\",\"datePublished\":\"2026-08-22T06:00:00+00:00\",\"description\":\"El relato de una peregrinaci\u00f3n a Santiago: el redescubrimiento de la fe, la oraci\u00f3n y la belleza de hacerse pr\u00f3jimo en el camino.\",\"breadcrumb\":{\"@id\":\"https:\\\/\\\/spaziospadoni.org\\\/es\\\/en-camino-hacia-santiago-entre-fe-y-fraternidad\\\/#breadcrumb\"},\"inLanguage\":\"es-ES\",\"potentialAction\":[{\"@type\":\"ReadAction\",\"target\":[\"https:\\\/\\\/spaziospadoni.org\\\/es\\\/en-camino-hacia-santiago-entre-fe-y-fraternidad\\\/\"]}]},{\"@type\":\"ImageObject\",\"inLanguage\":\"es-ES\",\"@id\":\"https:\\\/\\\/spaziospadoni.org\\\/es\\\/en-camino-hacia-santiago-entre-fe-y-fraternidad\\\/#primaryimage\",\"url\":\"https:\\\/\\\/spaziospadoni.org\\\/wp-content\\\/uploads\\\/2026\\\/08\\\/pellegrini-santiago.webp\",\"contentUrl\":\"https:\\\/\\\/spaziospadoni.org\\\/wp-content\\\/uploads\\\/2026\\\/08\\\/pellegrini-santiago.webp\",\"width\":1207,\"height\":804,\"caption\":\"Anna Maria Federico, de la di\u00f3cesis de Perugia, junto a su marido durante la peregrinaci\u00f3n a Santiago de Compostela\"},{\"@type\":\"BreadcrumbList\",\"@id\":\"https:\\\/\\\/spaziospadoni.org\\\/es\\\/en-camino-hacia-santiago-entre-fe-y-fraternidad\\\/#breadcrumb\",\"itemListElement\":[{\"@type\":\"ListItem\",\"position\":1,\"name\":\"Home\",\"item\":\"https:\\\/\\\/spaziospadoni.org\\\/es\\\/\"},{\"@type\":\"ListItem\",\"position\":2,\"name\":\"En camino hacia Santiago entre fe y fraternidad\"}]},{\"@type\":\"WebSite\",\"@id\":\"https:\\\/\\\/spaziospadoni.org\\\/es\\\/#website\",\"url\":\"https:\\\/\\\/spaziospadoni.org\\\/es\\\/\",\"name\":\"spazio + spadoni\",\"description\":\"Generazione di misericordia e missione nel mondo\",\"publisher\":{\"@id\":\"https:\\\/\\\/spaziospadoni.org\\\/es\\\/#organization\"},\"alternateName\":\"spaziospadoni.org\",\"potentialAction\":[{\"@type\":\"SearchAction\",\"target\":{\"@type\":\"EntryPoint\",\"urlTemplate\":\"https:\\\/\\\/spaziospadoni.org\\\/es\\\/?s={search_term_string}\"},\"query-input\":{\"@type\":\"PropertyValueSpecification\",\"valueRequired\":true,\"valueName\":\"search_term_string\"}}],\"inLanguage\":\"es-ES\"},{\"@type\":\"Organization\",\"@id\":\"https:\\\/\\\/spaziospadoni.org\\\/es\\\/#organization\",\"name\":\"spazio + spadoni\",\"alternateName\":\"spaziospadoni.org\",\"url\":\"https:\\\/\\\/spaziospadoni.org\\\/es\\\/\",\"logo\":{\"@type\":\"ImageObject\",\"inLanguage\":\"es-ES\",\"@id\":\"https:\\\/\\\/spaziospadoni.org\\\/es\\\/#\\\/schema\\\/logo\\\/image\\\/\",\"url\":\"https:\\\/\\\/spaziospadoni.org\\\/wp-content\\\/uploads\\\/2026\\\/05\\\/spazio-spadoni-logo-100x100-1.webp\",\"contentUrl\":\"https:\\\/\\\/spaziospadoni.org\\\/wp-content\\\/uploads\\\/2026\\\/05\\\/spazio-spadoni-logo-100x100-1.webp\",\"width\":100,\"height\":100,\"caption\":\"spazio + spadoni\"},\"image\":{\"@id\":\"https:\\\/\\\/spaziospadoni.org\\\/es\\\/#\\\/schema\\\/logo\\\/image\\\/\"},\"sameAs\":[\"https:\\\/\\\/www.facebook.com\\\/SpazioSpadoni\\\/\",\"https:\\\/\\\/www.instagram.com\\\/spaziospadoni\\\/\",\"https:\\\/\\\/www.youtube.com\\\/@spaziospadoni\\\/playlists\"]},{\"@type\":\"Person\",\"@id\":\"https:\\\/\\\/spaziospadoni.org\\\/es\\\/#\\\/schema\\\/person\\\/411d7e71b4962bebf7ac6c70acc9a7bc\",\"name\":\"Redazione\",\"image\":{\"@type\":\"ImageObject\",\"inLanguage\":\"es-ES\",\"@id\":\"https:\\\/\\\/secure.gravatar.com\\\/avatar\\\/2ba413b4dca69409b680ae806ab0dce8a38d5d2cc2123a96af7bbbee33a5742e?s=96&d=mm&r=g\",\"url\":\"https:\\\/\\\/secure.gravatar.com\\\/avatar\\\/2ba413b4dca69409b680ae806ab0dce8a38d5d2cc2123a96af7bbbee33a5742e?s=96&d=mm&r=g\",\"contentUrl\":\"https:\\\/\\\/secure.gravatar.com\\\/avatar\\\/2ba413b4dca69409b680ae806ab0dce8a38d5d2cc2123a96af7bbbee33a5742e?s=96&d=mm&r=g\",\"caption\":\"Redazione\"},\"url\":\"https:\\\/\\\/spaziospadoni.org\\\/es\\\/author\\\/redazione\\\/\"}]}<\/script>\n<!-- \/ Yoast SEO plugin. -->","yoast_head_json":{"title":"Europa, Espa\u00f1a | En camino hacia Santiago","description":"El relato de una peregrinaci\u00f3n a Santiago: el redescubrimiento de la fe, la oraci\u00f3n y la belleza de hacerse pr\u00f3jimo en el camino.","robots":{"index":"index","follow":"follow","max-snippet":"max-snippet:-1","max-image-preview":"max-image-preview:large","max-video-preview":"max-video-preview:-1"},"canonical":"https:\/\/spaziospadoni.org\/es\/en-camino-hacia-santiago-entre-fe-y-fraternidad\/","og_locale":"es_ES","og_type":"article","og_title":"Europa, Espa\u00f1a | En camino hacia Santiago","og_description":"El relato de una peregrinaci\u00f3n a Santiago: el redescubrimiento de la fe, la oraci\u00f3n y la belleza de hacerse pr\u00f3jimo en el camino.","og_url":"https:\/\/spaziospadoni.org\/es\/en-camino-hacia-santiago-entre-fe-y-fraternidad\/","og_site_name":"spazio + spadoni","article_publisher":"https:\/\/www.facebook.com\/SpazioSpadoni\/","article_published_time":"2026-08-22T06:00:00+00:00","og_image":[{"width":1207,"height":804,"url":"https:\/\/spaziospadoni.org\/wp-content\/uploads\/2026\/08\/pellegrini-santiago.webp","type":"image\/webp"}],"author":"Redazione","twitter_card":"summary_large_image","twitter_misc":{"Escrito por":"Redacci\u00f3n","Est. reading time":"5 minutes"},"schema":{"@context":"https:\/\/schema.org","@graph":[{"@type":"Article","@id":"https:\/\/spaziospadoni.org\/es\/en-camino-hacia-santiago-entre-fe-y-fraternidad\/#article","isPartOf":{"@id":"https:\/\/spaziospadoni.org\/es\/en-camino-hacia-santiago-entre-fe-y-fraternidad\/"},"author":{"name":"Redazione","@id":"https:\/\/spaziospadoni.org\/es\/#\/schema\/person\/411d7e71b4962bebf7ac6c70acc9a7bc"},"headline":"En camino hacia Santiago entre fe y fraternidad","datePublished":"2026-08-22T06:00:00+00:00","mainEntityOfPage":{"@id":"https:\/\/spaziospadoni.org\/es\/en-camino-hacia-santiago-entre-fe-y-fraternidad\/"},"wordCount":811,"publisher":{"@id":"https:\/\/spaziospadoni.org\/es\/#organization"},"image":{"@id":"https:\/\/spaziospadoni.org\/es\/en-camino-hacia-santiago-entre-fe-y-fraternidad\/#primaryimage"},"thumbnailUrl":"https:\/\/spaziospadoni.org\/wp-content\/uploads\/2026\/08\/pellegrini-santiago.webp","keywords":["caminar juntos","Compartir","espiritualidad","Fe","peregrinaci\u00f3n"],"articleSection":["Historias"],"inLanguage":"es-ES"},{"@type":"WebPage","@id":"https:\/\/spaziospadoni.org\/es\/en-camino-hacia-santiago-entre-fe-y-fraternidad\/","url":"https:\/\/spaziospadoni.org\/es\/en-camino-hacia-santiago-entre-fe-y-fraternidad\/","name":"Europa, Espa\u00f1a | En camino hacia Santiago","isPartOf":{"@id":"https:\/\/spaziospadoni.org\/es\/#website"},"primaryImageOfPage":{"@id":"https:\/\/spaziospadoni.org\/es\/en-camino-hacia-santiago-entre-fe-y-fraternidad\/#primaryimage"},"image":{"@id":"https:\/\/spaziospadoni.org\/es\/en-camino-hacia-santiago-entre-fe-y-fraternidad\/#primaryimage"},"thumbnailUrl":"https:\/\/spaziospadoni.org\/wp-content\/uploads\/2026\/08\/pellegrini-santiago.webp","datePublished":"2026-08-22T06:00:00+00:00","description":"El relato de una peregrinaci\u00f3n a Santiago: el redescubrimiento de la fe, la oraci\u00f3n y la belleza de hacerse pr\u00f3jimo en el camino.","breadcrumb":{"@id":"https:\/\/spaziospadoni.org\/es\/en-camino-hacia-santiago-entre-fe-y-fraternidad\/#breadcrumb"},"inLanguage":"es-ES","potentialAction":[{"@type":"ReadAction","target":["https:\/\/spaziospadoni.org\/es\/en-camino-hacia-santiago-entre-fe-y-fraternidad\/"]}]},{"@type":"ImageObject","inLanguage":"es-ES","@id":"https:\/\/spaziospadoni.org\/es\/en-camino-hacia-santiago-entre-fe-y-fraternidad\/#primaryimage","url":"https:\/\/spaziospadoni.org\/wp-content\/uploads\/2026\/08\/pellegrini-santiago.webp","contentUrl":"https:\/\/spaziospadoni.org\/wp-content\/uploads\/2026\/08\/pellegrini-santiago.webp","width":1207,"height":804,"caption":"Anna Maria Federico, de la di\u00f3cesis de Perugia, junto a su marido durante la peregrinaci\u00f3n a Santiago de Compostela"},{"@type":"BreadcrumbList","@id":"https:\/\/spaziospadoni.org\/es\/en-camino-hacia-santiago-entre-fe-y-fraternidad\/#breadcrumb","itemListElement":[{"@type":"ListItem","position":1,"name":"Home","item":"https:\/\/spaziospadoni.org\/es\/"},{"@type":"ListItem","position":2,"name":"En camino hacia Santiago entre fe y fraternidad"}]},{"@type":"WebSite","@id":"https:\/\/spaziospadoni.org\/es\/#website","url":"https:\/\/spaziospadoni.org\/es\/","name":"spazio + spadoni","description":"Generazione di misericordia e missione nel mondo","publisher":{"@id":"https:\/\/spaziospadoni.org\/es\/#organization"},"alternateName":"spaziospadoni.org","potentialAction":[{"@type":"SearchAction","target":{"@type":"EntryPoint","urlTemplate":"https:\/\/spaziospadoni.org\/es\/?s={search_term_string}"},"query-input":{"@type":"PropertyValueSpecification","valueRequired":true,"valueName":"search_term_string"}}],"inLanguage":"es-ES"},{"@type":"Organization","@id":"https:\/\/spaziospadoni.org\/es\/#organization","name":"spazio + spadoni","alternateName":"spaziospadoni.org","url":"https:\/\/spaziospadoni.org\/es\/","logo":{"@type":"ImageObject","inLanguage":"es-ES","@id":"https:\/\/spaziospadoni.org\/es\/#\/schema\/logo\/image\/","url":"https:\/\/spaziospadoni.org\/wp-content\/uploads\/2026\/05\/spazio-spadoni-logo-100x100-1.webp","contentUrl":"https:\/\/spaziospadoni.org\/wp-content\/uploads\/2026\/05\/spazio-spadoni-logo-100x100-1.webp","width":100,"height":100,"caption":"spazio + spadoni"},"image":{"@id":"https:\/\/spaziospadoni.org\/es\/#\/schema\/logo\/image\/"},"sameAs":["https:\/\/www.facebook.com\/SpazioSpadoni\/","https:\/\/www.instagram.com\/spaziospadoni\/","https:\/\/www.youtube.com\/@spaziospadoni\/playlists"]},{"@type":"Person","@id":"https:\/\/spaziospadoni.org\/es\/#\/schema\/person\/411d7e71b4962bebf7ac6c70acc9a7bc","name":"Redazione","image":{"@type":"ImageObject","inLanguage":"es-ES","@id":"https:\/\/secure.gravatar.com\/avatar\/2ba413b4dca69409b680ae806ab0dce8a38d5d2cc2123a96af7bbbee33a5742e?s=96&d=mm&r=g","url":"https:\/\/secure.gravatar.com\/avatar\/2ba413b4dca69409b680ae806ab0dce8a38d5d2cc2123a96af7bbbee33a5742e?s=96&d=mm&r=g","contentUrl":"https:\/\/secure.gravatar.com\/avatar\/2ba413b4dca69409b680ae806ab0dce8a38d5d2cc2123a96af7bbbee33a5742e?s=96&d=mm&r=g","caption":"Redazione"},"url":"https:\/\/spaziospadoni.org\/es\/author\/redazione\/"}]}},"_links":{"self":[{"href":"https:\/\/spaziospadoni.org\/es\/wp-json\/wp\/v2\/posts\/91703","targetHints":{"allow":["GET"]}}],"collection":[{"href":"https:\/\/spaziospadoni.org\/es\/wp-json\/wp\/v2\/posts"}],"about":[{"href":"https:\/\/spaziospadoni.org\/es\/wp-json\/wp\/v2\/types\/post"}],"author":[{"embeddable":true,"href":"https:\/\/spaziospadoni.org\/es\/wp-json\/wp\/v2\/users\/39"}],"replies":[{"embeddable":true,"href":"https:\/\/spaziospadoni.org\/es\/wp-json\/wp\/v2\/comments?post=91703"}],"version-history":[{"count":2,"href":"https:\/\/spaziospadoni.org\/es\/wp-json\/wp\/v2\/posts\/91703\/revisions"}],"predecessor-version":[{"id":91706,"href":"https:\/\/spaziospadoni.org\/es\/wp-json\/wp\/v2\/posts\/91703\/revisions\/91706"}],"wp:featuredmedia":[{"embeddable":true,"href":"https:\/\/spaziospadoni.org\/es\/wp-json\/wp\/v2\/media\/91702"}],"wp:attachment":[{"href":"https:\/\/spaziospadoni.org\/es\/wp-json\/wp\/v2\/media?parent=91703"}],"wp:term":[{"taxonomy":"category","embeddable":true,"href":"https:\/\/spaziospadoni.org\/es\/wp-json\/wp\/v2\/categories?post=91703"},{"taxonomy":"post_tag","embeddable":true,"href":"https:\/\/spaziospadoni.org\/es\/wp-json\/wp\/v2\/tags?post=91703"}],"curies":[{"name":"wp","href":"https:\/\/api.w.org\/{rel}","templated":true}]}}