{"id":91877,"date":"2026-08-22T13:30:00","date_gmt":"2026-08-22T12:30:00","guid":{"rendered":"https:\/\/spaziospadoni.org\/?p=91877"},"modified":"2026-08-22T14:28:49","modified_gmt":"2026-08-22T13:28:49","slug":"europa-italia-carta-di-leuca-2026-camino-de-paz-en-el-mediterraneo","status":"publish","type":"post","link":"https:\/\/spaziospadoni.org\/es\/europa-italia-carta-di-leuca-2026-camino-de-paz-en-el-mediterraneo\/","title":{"rendered":"Europa, Italia | Carta di Leuca 2026: camino de paz en el Mediterr\u00e1neo"},"content":{"rendered":"\n<p class=\"has-contrast-3-color has-text-color has-link-color wp-elements-1 wp-block-paragraph\"><em>El encuentro internacional e interreligioso \u00abCarta di Leuca\u00bb reuni\u00f3, del 10 al 14 de agosto en Santa Maria di Leuca (Lecce), a j\u00f3venes de distintos pa\u00edses del Mediterr\u00e1neo en torno al tema \u00abMediterr\u00e1neo de Paz para un mundo en Paz\u00bb. El encuentro concluy\u00f3 al amanecer del 14 de agosto con la firma de la Carta di Leuca por la paz, en presencia del cardenal Pierbattista Pizzaballa.<\/em><\/p>\n\n\n\n<p class=\"wp-block-paragraph\">Leuca es un conf\u00edn geogr\u00e1fico, pero tambi\u00e9n puede convertirse en una imagen capaz de describir nuestro tiempo: frente al Mediterr\u00e1neo podemos elegir si ver una frontera o un puente.<\/p>\n\n\n\n<p class=\"wp-block-paragraph\">Santa Maria di Leuca ha sido, una vez m\u00e1s, el escenario donde esta elecci\u00f3n se ha hecho experiencia tangible.<\/p>\n\n\n\n<p class=\"wp-block-paragraph\">La Carta di Leuca 2026, en su und\u00e9cima edici\u00f3n, ha congregado a j\u00f3venes de diversos lugares de Italia, junto a participantes llegados de Chipre y de Jerusal\u00e9n, en torno a un anhelo com\u00fan: construir la paz.<\/p>\n\n\n\n<p class=\"wp-block-paragraph\">El lema elegido para esta edici\u00f3n ha sido \u00abMediterr\u00e1neo de Paz para un mundo en Paz\u00bb. Un t\u00edtulo que, en un Mediterr\u00e1neo marcado por guerras, divisiones y heridas, resuena a la vez como un desaf\u00edo y como una promesa.<\/p>\n\n\n\n<h2 id=\"un-camino-de-encuentro-y-formacion\" class=\"wp-block-heading\">Un camino de encuentro y formaci\u00f3n<\/h2>\n\n\n\n<p class=\"wp-block-paragraph\">Carta di Leuca es una experiencia de encuentro, un esfuerzo por situar a j\u00f3venes de realidades diversas unos junto a otros, para que puedan conocerse, escucharse y descubrir que lo que los une es mucho mayor que lo que los separa.<\/p>\n\n\n\n<p class=\"wp-block-paragraph\">Los j\u00f3venes han compartido momentos de di\u00e1logo y formaci\u00f3n, reflexionando sobre las heridas en las relaciones, las diferencias, la acogida y la necesidad de custodiar la memoria para construir un porvenir distinto. El itinerario fue concebido como un camino en el que el encuentro con el pr\u00f3jimo no fuese un detalle secundario, sino el coraz\u00f3n mismo de la vivencia.<\/p>\n\n\n\n<h2 id=\"el-testimonio-de-jerusalen-y-el-dialogo-con-pizzaballa\" class=\"wp-block-heading\">El testimonio de Jerusal\u00e9n y el di\u00e1logo con Pizzaballa<\/h2>\n\n\n\n<p class=\"wp-block-paragraph\">La presencia de los j\u00f3venes de Jerusal\u00e9n y Chipre aport\u00f3 a las jornadas una intensidad singular. Jerusal\u00e9n no fue \u00fanicamente un lugar evocado en los discursos; se hizo presente en Leuca a trav\u00e9s de los rostros y relatos de quienes habitan esa tierra, transmitiendo las esperanzas y heridas de un territorio donde la palabra paz adquiere una urgencia absoluta.<\/p>\n\n\n\n<p class=\"wp-block-paragraph\">En este recorrido destac\u00f3 la participaci\u00f3n del cardenal Pierbattista Pizzaballa, Patriarca Latino de Jerusal\u00e9n, quien se reuni\u00f3 con los j\u00f3venes no solo como representante de la Iglesia de Jerusal\u00e9n, sino como un testigo que convive a diario con la complejidad y el dolor de Tierra Santa.<\/p>\n\n\n\n<p class=\"wp-block-paragraph\">Su encuentro con los j\u00f3venes dot\u00f3 de concreci\u00f3n a las reflexiones maduradas en los d\u00edas previos.<\/p>\n\n\n\n<p class=\"wp-block-paragraph\">La reflexi\u00f3n sobre la paz no pod\u00eda quedarse en el plano te\u00f3rico: se plante\u00f3 ante la mirada de quien experimenta d\u00eda a d\u00eda el esfuerzo del di\u00e1logo y la convivencia. Por ello, el encuentro con Pizzaballa represent\u00f3 uno de los momentos m\u00e1s hondos de la Carta di Leuca.<\/p>\n\n\n\n<h2 id=\"de-alessano-a-leuca-la-huella-de-don-tonino-bello\" class=\"wp-block-heading\">De Alessano a Leuca: la huella de don Tonino Bello<\/h2>\n\n\n\n<p class=\"wp-block-paragraph\">En Leuca, todo camino hacia la paz conduce de forma natural a Alessano, ante la tumba de don Tonino Bello; su legado recorre la Carta di Leuca como una interpelaci\u00f3n viva para el presente. Don Tonino ense\u00f1\u00f3 a concebir la paz como una responsabilidad que comienza en los v\u00ednculos personales y en la capacidad de acoger al otro.<\/p>\n\n\n\n<p class=\"wp-block-paragraph\">En la noche del 13 al 14 de agosto, los j\u00f3venes retomaron la marcha desde Alessano en direcci\u00f3n a Leuca. Caminar juntos en la noche, tras haber reflexionado durante jornadas previas sobre la paz, adquiere un gran valor simb\u00f3lico: la paz es un camino.<\/p>\n\n\n\n<p class=\"wp-block-paragraph\">No se alcanza desde la inmovilidad ni se edifica en solitario: se emprende el viaje juntos.<\/p>\n\n\n\n<p class=\"wp-block-paragraph\">La experiencia culmin\u00f3 al alba del 14 de agosto, cuando la marcha lleg\u00f3 a la bas\u00edlica de Santa Maria di Leuca y los j\u00f3venes proclamaron la Carta di Leuca.<\/p>\n\n\n\n<h2 id=\"una-responsabilidad-para-el-futuro\" class=\"wp-block-heading\">Una responsabilidad para el futuro<\/h2>\n\n\n\n<p class=\"wp-block-paragraph\">\u00abLa Carta di Leuca no se firma. Se cuenta\u00bb: porque narrar implica asumir la responsabilidad de lo vivido.<\/p>\n\n\n\n<p class=\"wp-block-paragraph\">El Mediterr\u00e1neo puede describirse como un mar de conflictos, migraciones dram\u00e1ticas, barreras y miedos, pero tambi\u00e9n debe ser reconocido por lo que ha sido a lo largo de su historia: un punto de encuentro, intercambio y enriquecimiento mutuo entre culturas y pueblos.<\/p>\n\n\n\n<p class=\"wp-block-paragraph\">La paz no consiste en borrar las diferencias, sino en aprender a habitarlas sin levantar muros. Es precisamente aqu\u00ed donde la vivencia de estos j\u00f3venes cobra un valor decisivo. Durante esos d\u00edas, experimentaron de forma directa lo que significa convivir, compartir camino y escuchar una historia distinta de la propia.<\/p>\n\n\n\n<p class=\"wp-block-paragraph\">La Carta di Leuca concluye con un interrogante abierto: \u00bfqu\u00e9 haremos, al volver a casa, con todo lo que hemos vivido?<\/p>\n\n\n\n<p class=\"wp-block-paragraph\">La respuesta no ata\u00f1e solo a los gobernantes; la paz necesita a los j\u00f3venes. Requiere personas capaces de transitar las diferencias sin temor y de edificar relaciones constructivas.<\/p>\n\n\n\n<p class=\"wp-block-paragraph\">Por esta raz\u00f3n, Carta di Leuca resulta fundamental: no entrega a los j\u00f3venes un simple mensaje, sino que les encomienda una responsabilidad. Y mientras amanece sobre el Mediterr\u00e1neo, los j\u00f3venes nos recuerdan que este mar todav\u00eda puede ser un puente. Un Mediterr\u00e1neo de paz para un mundo en paz.<\/p>\n\n\n\n<p class=\"wp-block-paragraph\"><strong>Foto de grupo \u00abCarta di Leuca\u00bb<\/strong><\/p>\n","protected":false},"excerpt":{"rendered":"<p>El encuentro internacional e interreligioso \u00abCarta di Leuca\u00bb reuni\u00f3, del 10 al 14 de agosto en Santa Maria di Leuca (Lecce), a j\u00f3venes de distintos pa\u00edses del Mediterr\u00e1neo en torno al tema \u00abMediterr\u00e1neo de Paz para un mundo en Paz\u00bb. El encuentro concluy\u00f3 al amanecer del 14 de agosto con la firma de la Carta &#8230; <a title=\"Europa, Italia | Carta di Leuca 2026: camino de paz en el Mediterr\u00e1neo\" class=\"read-more\" href=\"https:\/\/spaziospadoni.org\/es\/europa-italia-carta-di-leuca-2026-camino-de-paz-en-el-mediterraneo\/\" aria-label=\"Read more about Europa, Italia | Carta di Leuca 2026: camino de paz en el Mediterr\u00e1neo\">Leer m\u00e1s<\/a><\/p>\n","protected":false},"author":114,"featured_media":91906,"comment_status":"closed","ping_status":"closed","sticky":false,"template":"","format":"standard","meta":{"_sitemap_exclude":false,"_sitemap_priority":"","_sitemap_frequency":"","ss_featured_image_title":"","ss_featured_image_alt":"El cardenal Pierbattista Pizzaballa en Leuca","ss_featured_image_caption":"El cardenal Pierbattista Pizzaballa, patriarca latino de Jerusal\u00e9n, presente en el encuentro \u00abCarta di Leuca\u00bb","footnotes":""},"categories":[2400],"tags":[3396,3304,3257,2710],"class_list":["post-91877","post","type-post","status-publish","format-standard","has-post-thumbnail","hentry","category-de-los-suenos-a-las-obras","tag-cardenal","tag-compromiso","tag-palestina-es","tag-paz-es","infinite-scroll-item","generate-columns","tablet-grid-50","mobile-grid-100","grid-parent","grid-50"],"yoast_head":"<!-- This site is optimized with the Yoast SEO plugin v28.4 - https:\/\/yoast.com\/product\/yoast-seo-wordpress\/ -->\n<title>Europa, Italia | Carta di Leuca 2026: j\u00f3venes por la paz<\/title>\n<meta name=\"description\" content=\"La Carta di Leuca 2026 une a los j\u00f3venes del Mediterr\u00e1neo por la paz: del di\u00e1logo con Pizzaballa al legado de don Tonino Bello en Alessano.\" \/>\n<meta name=\"robots\" content=\"index, follow, max-snippet:-1, max-image-preview:large, max-video-preview:-1\" \/>\n<link rel=\"canonical\" href=\"https:\/\/spaziospadoni.org\/es\/europa-italia-carta-di-leuca-2026-camino-de-paz-en-el-mediterraneo\/\" \/>\n<meta property=\"og:locale\" content=\"es_ES\" \/>\n<meta property=\"og:type\" content=\"article\" \/>\n<meta property=\"og:title\" content=\"Europa, Italia | Carta di Leuca 2026: j\u00f3venes por la paz\" \/>\n<meta property=\"og:description\" content=\"La Carta di Leuca 2026 une a los j\u00f3venes del Mediterr\u00e1neo por la paz: del di\u00e1logo con Pizzaballa al legado de don Tonino Bello en Alessano.\" \/>\n<meta property=\"og:url\" content=\"https:\/\/spaziospadoni.org\/es\/europa-italia-carta-di-leuca-2026-camino-de-paz-en-el-mediterraneo\/\" \/>\n<meta property=\"og:site_name\" content=\"spazio + spadoni\" \/>\n<meta property=\"article:publisher\" content=\"https:\/\/www.facebook.com\/SpazioSpadoni\/\" \/>\n<meta property=\"article:published_time\" content=\"2026-08-22T12:30:00+00:00\" \/>\n<meta property=\"article:modified_time\" content=\"2026-08-22T13:28:49+00:00\" \/>\n<meta property=\"og:image\" content=\"https:\/\/spaziospadoni.org\/wp-content\/uploads\/2026\/08\/pizzaballa-carta-leuca.webp\" \/>\n\t<meta property=\"og:image:width\" content=\"1200\" \/>\n\t<meta property=\"og:image:height\" content=\"900\" \/>\n\t<meta property=\"og:image:type\" content=\"image\/webp\" \/>\n<meta name=\"author\" content=\"Chiara Prontera\" \/>\n<meta name=\"twitter:card\" content=\"summary_large_image\" \/>\n<meta name=\"twitter:label1\" content=\"Escrito por\" \/>\n\t<meta name=\"twitter:data1\" content=\"Chiara Prontera\" \/>\n\t<meta name=\"twitter:label2\" content=\"Est. reading time\" \/>\n\t<meta name=\"twitter:data2\" content=\"5 minutes\" \/>\n<script type=\"application\/ld+json\" class=\"yoast-schema-graph\">{\"@context\":\"https:\\\/\\\/schema.org\",\"@graph\":[{\"@type\":\"Article\",\"@id\":\"https:\\\/\\\/spaziospadoni.org\\\/es\\\/europa-italia-carta-di-leuca-2026-camino-de-paz-en-el-mediterraneo\\\/#article\",\"isPartOf\":{\"@id\":\"https:\\\/\\\/spaziospadoni.org\\\/es\\\/europa-italia-carta-di-leuca-2026-camino-de-paz-en-el-mediterraneo\\\/\"},\"author\":{\"name\":\"Chiara Prontera\",\"@id\":\"https:\\\/\\\/spaziospadoni.org\\\/es\\\/#\\\/schema\\\/person\\\/317507bb13cfcc9ffc054cebd11ca473\"},\"headline\":\"Europa, Italia | Carta di Leuca 2026: camino de paz en el Mediterr\u00e1neo\",\"datePublished\":\"2026-08-22T12:30:00+00:00\",\"dateModified\":\"2026-08-22T13:28:49+00:00\",\"mainEntityOfPage\":{\"@id\":\"https:\\\/\\\/spaziospadoni.org\\\/es\\\/europa-italia-carta-di-leuca-2026-camino-de-paz-en-el-mediterraneo\\\/\"},\"wordCount\":921,\"publisher\":{\"@id\":\"https:\\\/\\\/spaziospadoni.org\\\/es\\\/#organization\"},\"image\":{\"@id\":\"https:\\\/\\\/spaziospadoni.org\\\/es\\\/europa-italia-carta-di-leuca-2026-camino-de-paz-en-el-mediterraneo\\\/#primaryimage\"},\"thumbnailUrl\":\"https:\\\/\\\/spaziospadoni.org\\\/wp-content\\\/uploads\\\/2026\\\/08\\\/pizzaballa-carta-leuca.webp\",\"keywords\":[\"Cardenal\",\"compromiso\",\"Palestina\",\"Paz\"],\"articleSection\":[\"De los sue\u00f1os a las obras\"],\"inLanguage\":\"es-ES\"},{\"@type\":\"WebPage\",\"@id\":\"https:\\\/\\\/spaziospadoni.org\\\/es\\\/europa-italia-carta-di-leuca-2026-camino-de-paz-en-el-mediterraneo\\\/\",\"url\":\"https:\\\/\\\/spaziospadoni.org\\\/es\\\/europa-italia-carta-di-leuca-2026-camino-de-paz-en-el-mediterraneo\\\/\",\"name\":\"Europa, Italia | Carta di Leuca 2026: j\u00f3venes por la paz\",\"isPartOf\":{\"@id\":\"https:\\\/\\\/spaziospadoni.org\\\/es\\\/#website\"},\"primaryImageOfPage\":{\"@id\":\"https:\\\/\\\/spaziospadoni.org\\\/es\\\/europa-italia-carta-di-leuca-2026-camino-de-paz-en-el-mediterraneo\\\/#primaryimage\"},\"image\":{\"@id\":\"https:\\\/\\\/spaziospadoni.org\\\/es\\\/europa-italia-carta-di-leuca-2026-camino-de-paz-en-el-mediterraneo\\\/#primaryimage\"},\"thumbnailUrl\":\"https:\\\/\\\/spaziospadoni.org\\\/wp-content\\\/uploads\\\/2026\\\/08\\\/pizzaballa-carta-leuca.webp\",\"datePublished\":\"2026-08-22T12:30:00+00:00\",\"dateModified\":\"2026-08-22T13:28:49+00:00\",\"description\":\"La Carta di Leuca 2026 une a los j\u00f3venes del Mediterr\u00e1neo por la paz: del di\u00e1logo con Pizzaballa al legado de don Tonino Bello en Alessano.\",\"breadcrumb\":{\"@id\":\"https:\\\/\\\/spaziospadoni.org\\\/es\\\/europa-italia-carta-di-leuca-2026-camino-de-paz-en-el-mediterraneo\\\/#breadcrumb\"},\"inLanguage\":\"es-ES\",\"potentialAction\":[{\"@type\":\"ReadAction\",\"target\":[\"https:\\\/\\\/spaziospadoni.org\\\/es\\\/europa-italia-carta-di-leuca-2026-camino-de-paz-en-el-mediterraneo\\\/\"]}]},{\"@type\":\"ImageObject\",\"inLanguage\":\"es-ES\",\"@id\":\"https:\\\/\\\/spaziospadoni.org\\\/es\\\/europa-italia-carta-di-leuca-2026-camino-de-paz-en-el-mediterraneo\\\/#primaryimage\",\"url\":\"https:\\\/\\\/spaziospadoni.org\\\/wp-content\\\/uploads\\\/2026\\\/08\\\/pizzaballa-carta-leuca.webp\",\"contentUrl\":\"https:\\\/\\\/spaziospadoni.org\\\/wp-content\\\/uploads\\\/2026\\\/08\\\/pizzaballa-carta-leuca.webp\",\"width\":1200,\"height\":900,\"caption\":\"El cardenal Pierbattista Pizzaballa, patriarca latino de Jerusal\u00e9n, presente en el encuentro \u00abCarta di Leuca\u00bb\"},{\"@type\":\"BreadcrumbList\",\"@id\":\"https:\\\/\\\/spaziospadoni.org\\\/es\\\/europa-italia-carta-di-leuca-2026-camino-de-paz-en-el-mediterraneo\\\/#breadcrumb\",\"itemListElement\":[{\"@type\":\"ListItem\",\"position\":1,\"name\":\"Home\",\"item\":\"https:\\\/\\\/spaziospadoni.org\\\/es\\\/\"},{\"@type\":\"ListItem\",\"position\":2,\"name\":\"Europa, Italia | Carta di Leuca 2026: camino de paz en el Mediterr\u00e1neo\"}]},{\"@type\":\"WebSite\",\"@id\":\"https:\\\/\\\/spaziospadoni.org\\\/es\\\/#website\",\"url\":\"https:\\\/\\\/spaziospadoni.org\\\/es\\\/\",\"name\":\"spazio + spadoni\",\"description\":\"Generazione di misericordia e missione nel mondo\",\"publisher\":{\"@id\":\"https:\\\/\\\/spaziospadoni.org\\\/es\\\/#organization\"},\"alternateName\":\"spaziospadoni.org\",\"potentialAction\":[{\"@type\":\"SearchAction\",\"target\":{\"@type\":\"EntryPoint\",\"urlTemplate\":\"https:\\\/\\\/spaziospadoni.org\\\/es\\\/?s={search_term_string}\"},\"query-input\":{\"@type\":\"PropertyValueSpecification\",\"valueRequired\":true,\"valueName\":\"search_term_string\"}}],\"inLanguage\":\"es-ES\"},{\"@type\":\"Organization\",\"@id\":\"https:\\\/\\\/spaziospadoni.org\\\/es\\\/#organization\",\"name\":\"spazio + spadoni\",\"alternateName\":\"spaziospadoni.org\",\"url\":\"https:\\\/\\\/spaziospadoni.org\\\/es\\\/\",\"logo\":{\"@type\":\"ImageObject\",\"inLanguage\":\"es-ES\",\"@id\":\"https:\\\/\\\/spaziospadoni.org\\\/es\\\/#\\\/schema\\\/logo\\\/image\\\/\",\"url\":\"https:\\\/\\\/spaziospadoni.org\\\/wp-content\\\/uploads\\\/2026\\\/05\\\/spazio-spadoni-logo-100x100-1.webp\",\"contentUrl\":\"https:\\\/\\\/spaziospadoni.org\\\/wp-content\\\/uploads\\\/2026\\\/05\\\/spazio-spadoni-logo-100x100-1.webp\",\"width\":100,\"height\":100,\"caption\":\"spazio + spadoni\"},\"image\":{\"@id\":\"https:\\\/\\\/spaziospadoni.org\\\/es\\\/#\\\/schema\\\/logo\\\/image\\\/\"},\"sameAs\":[\"https:\\\/\\\/www.facebook.com\\\/SpazioSpadoni\\\/\",\"https:\\\/\\\/www.instagram.com\\\/spaziospadoni\\\/\",\"https:\\\/\\\/www.youtube.com\\\/@spaziospadoni\\\/playlists\"]},{\"@type\":\"Person\",\"@id\":\"https:\\\/\\\/spaziospadoni.org\\\/es\\\/#\\\/schema\\\/person\\\/317507bb13cfcc9ffc054cebd11ca473\",\"name\":\"Chiara Prontera\",\"image\":{\"@type\":\"ImageObject\",\"inLanguage\":\"es-ES\",\"@id\":\"https:\\\/\\\/secure.gravatar.com\\\/avatar\\\/3199cd50f7375f53b1b8e590a38c5004f9725997ff956a7773be4b95c4f6fc89?s=96&d=mm&r=g\",\"url\":\"https:\\\/\\\/secure.gravatar.com\\\/avatar\\\/3199cd50f7375f53b1b8e590a38c5004f9725997ff956a7773be4b95c4f6fc89?s=96&d=mm&r=g\",\"contentUrl\":\"https:\\\/\\\/secure.gravatar.com\\\/avatar\\\/3199cd50f7375f53b1b8e590a38c5004f9725997ff956a7773be4b95c4f6fc89?s=96&d=mm&r=g\",\"caption\":\"Chiara Prontera\"},\"description\":\"Chiara Prontera ha 26 anni e vive a Morciano, un piccolo paese vicino Santa Maria di Leuca, in provincia di Lecce. Nel 2024, ha conseguito la Laurea in Scienze politiche, Relazioni internazionali e Diritti umani all\u2019Universit\u00e0 di Padova e poco dopo \u00e8 partita a Belgrado, con il progetto Caschi Bianchi promosso da Caritas Italiana. L\u00ec ha svolto il suo servizio nel campo profughi di Obrenovac. Attualmente, sta svolgendo un tirocinio in Caritas, nella diocesi di Ugento-S.M di Leuca.\",\"url\":\"https:\\\/\\\/spaziospadoni.org\\\/es\\\/author\\\/chipontespspadoni\\\/\"}]}<\/script>\n<!-- \/ Yoast SEO plugin. -->","yoast_head_json":{"title":"Europa, Italia | Carta di Leuca 2026: j\u00f3venes por la paz","description":"La Carta di Leuca 2026 une a los j\u00f3venes del Mediterr\u00e1neo por la paz: del di\u00e1logo con Pizzaballa al legado de don Tonino Bello en Alessano.","robots":{"index":"index","follow":"follow","max-snippet":"max-snippet:-1","max-image-preview":"max-image-preview:large","max-video-preview":"max-video-preview:-1"},"canonical":"https:\/\/spaziospadoni.org\/es\/europa-italia-carta-di-leuca-2026-camino-de-paz-en-el-mediterraneo\/","og_locale":"es_ES","og_type":"article","og_title":"Europa, Italia | Carta di Leuca 2026: j\u00f3venes por la paz","og_description":"La Carta di Leuca 2026 une a los j\u00f3venes del Mediterr\u00e1neo por la paz: del di\u00e1logo con Pizzaballa al legado de don Tonino Bello en Alessano.","og_url":"https:\/\/spaziospadoni.org\/es\/europa-italia-carta-di-leuca-2026-camino-de-paz-en-el-mediterraneo\/","og_site_name":"spazio + spadoni","article_publisher":"https:\/\/www.facebook.com\/SpazioSpadoni\/","article_published_time":"2026-08-22T12:30:00+00:00","article_modified_time":"2026-08-22T13:28:49+00:00","og_image":[{"width":1200,"height":900,"url":"https:\/\/spaziospadoni.org\/wp-content\/uploads\/2026\/08\/pizzaballa-carta-leuca.webp","type":"image\/webp"}],"author":"Chiara Prontera","twitter_card":"summary_large_image","twitter_misc":{"Escrito por":"Chiara Prontera","Est. reading time":"5 minutes"},"schema":{"@context":"https:\/\/schema.org","@graph":[{"@type":"Article","@id":"https:\/\/spaziospadoni.org\/es\/europa-italia-carta-di-leuca-2026-camino-de-paz-en-el-mediterraneo\/#article","isPartOf":{"@id":"https:\/\/spaziospadoni.org\/es\/europa-italia-carta-di-leuca-2026-camino-de-paz-en-el-mediterraneo\/"},"author":{"name":"Chiara Prontera","@id":"https:\/\/spaziospadoni.org\/es\/#\/schema\/person\/317507bb13cfcc9ffc054cebd11ca473"},"headline":"Europa, Italia | Carta di Leuca 2026: camino de paz en el Mediterr\u00e1neo","datePublished":"2026-08-22T12:30:00+00:00","dateModified":"2026-08-22T13:28:49+00:00","mainEntityOfPage":{"@id":"https:\/\/spaziospadoni.org\/es\/europa-italia-carta-di-leuca-2026-camino-de-paz-en-el-mediterraneo\/"},"wordCount":921,"publisher":{"@id":"https:\/\/spaziospadoni.org\/es\/#organization"},"image":{"@id":"https:\/\/spaziospadoni.org\/es\/europa-italia-carta-di-leuca-2026-camino-de-paz-en-el-mediterraneo\/#primaryimage"},"thumbnailUrl":"https:\/\/spaziospadoni.org\/wp-content\/uploads\/2026\/08\/pizzaballa-carta-leuca.webp","keywords":["Cardenal","compromiso","Palestina","Paz"],"articleSection":["De los sue\u00f1os a las obras"],"inLanguage":"es-ES"},{"@type":"WebPage","@id":"https:\/\/spaziospadoni.org\/es\/europa-italia-carta-di-leuca-2026-camino-de-paz-en-el-mediterraneo\/","url":"https:\/\/spaziospadoni.org\/es\/europa-italia-carta-di-leuca-2026-camino-de-paz-en-el-mediterraneo\/","name":"Europa, Italia | Carta di Leuca 2026: j\u00f3venes por la paz","isPartOf":{"@id":"https:\/\/spaziospadoni.org\/es\/#website"},"primaryImageOfPage":{"@id":"https:\/\/spaziospadoni.org\/es\/europa-italia-carta-di-leuca-2026-camino-de-paz-en-el-mediterraneo\/#primaryimage"},"image":{"@id":"https:\/\/spaziospadoni.org\/es\/europa-italia-carta-di-leuca-2026-camino-de-paz-en-el-mediterraneo\/#primaryimage"},"thumbnailUrl":"https:\/\/spaziospadoni.org\/wp-content\/uploads\/2026\/08\/pizzaballa-carta-leuca.webp","datePublished":"2026-08-22T12:30:00+00:00","dateModified":"2026-08-22T13:28:49+00:00","description":"La Carta di Leuca 2026 une a los j\u00f3venes del Mediterr\u00e1neo por la paz: del di\u00e1logo con Pizzaballa al legado de don Tonino Bello en Alessano.","breadcrumb":{"@id":"https:\/\/spaziospadoni.org\/es\/europa-italia-carta-di-leuca-2026-camino-de-paz-en-el-mediterraneo\/#breadcrumb"},"inLanguage":"es-ES","potentialAction":[{"@type":"ReadAction","target":["https:\/\/spaziospadoni.org\/es\/europa-italia-carta-di-leuca-2026-camino-de-paz-en-el-mediterraneo\/"]}]},{"@type":"ImageObject","inLanguage":"es-ES","@id":"https:\/\/spaziospadoni.org\/es\/europa-italia-carta-di-leuca-2026-camino-de-paz-en-el-mediterraneo\/#primaryimage","url":"https:\/\/spaziospadoni.org\/wp-content\/uploads\/2026\/08\/pizzaballa-carta-leuca.webp","contentUrl":"https:\/\/spaziospadoni.org\/wp-content\/uploads\/2026\/08\/pizzaballa-carta-leuca.webp","width":1200,"height":900,"caption":"El cardenal Pierbattista Pizzaballa, patriarca latino de Jerusal\u00e9n, presente en el encuentro \u00abCarta di Leuca\u00bb"},{"@type":"BreadcrumbList","@id":"https:\/\/spaziospadoni.org\/es\/europa-italia-carta-di-leuca-2026-camino-de-paz-en-el-mediterraneo\/#breadcrumb","itemListElement":[{"@type":"ListItem","position":1,"name":"Home","item":"https:\/\/spaziospadoni.org\/es\/"},{"@type":"ListItem","position":2,"name":"Europa, Italia | Carta di Leuca 2026: camino de paz en el Mediterr\u00e1neo"}]},{"@type":"WebSite","@id":"https:\/\/spaziospadoni.org\/es\/#website","url":"https:\/\/spaziospadoni.org\/es\/","name":"spazio + spadoni","description":"Generazione di misericordia e missione nel mondo","publisher":{"@id":"https:\/\/spaziospadoni.org\/es\/#organization"},"alternateName":"spaziospadoni.org","potentialAction":[{"@type":"SearchAction","target":{"@type":"EntryPoint","urlTemplate":"https:\/\/spaziospadoni.org\/es\/?s={search_term_string}"},"query-input":{"@type":"PropertyValueSpecification","valueRequired":true,"valueName":"search_term_string"}}],"inLanguage":"es-ES"},{"@type":"Organization","@id":"https:\/\/spaziospadoni.org\/es\/#organization","name":"spazio + spadoni","alternateName":"spaziospadoni.org","url":"https:\/\/spaziospadoni.org\/es\/","logo":{"@type":"ImageObject","inLanguage":"es-ES","@id":"https:\/\/spaziospadoni.org\/es\/#\/schema\/logo\/image\/","url":"https:\/\/spaziospadoni.org\/wp-content\/uploads\/2026\/05\/spazio-spadoni-logo-100x100-1.webp","contentUrl":"https:\/\/spaziospadoni.org\/wp-content\/uploads\/2026\/05\/spazio-spadoni-logo-100x100-1.webp","width":100,"height":100,"caption":"spazio + spadoni"},"image":{"@id":"https:\/\/spaziospadoni.org\/es\/#\/schema\/logo\/image\/"},"sameAs":["https:\/\/www.facebook.com\/SpazioSpadoni\/","https:\/\/www.instagram.com\/spaziospadoni\/","https:\/\/www.youtube.com\/@spaziospadoni\/playlists"]},{"@type":"Person","@id":"https:\/\/spaziospadoni.org\/es\/#\/schema\/person\/317507bb13cfcc9ffc054cebd11ca473","name":"Chiara Prontera","image":{"@type":"ImageObject","inLanguage":"es-ES","@id":"https:\/\/secure.gravatar.com\/avatar\/3199cd50f7375f53b1b8e590a38c5004f9725997ff956a7773be4b95c4f6fc89?s=96&d=mm&r=g","url":"https:\/\/secure.gravatar.com\/avatar\/3199cd50f7375f53b1b8e590a38c5004f9725997ff956a7773be4b95c4f6fc89?s=96&d=mm&r=g","contentUrl":"https:\/\/secure.gravatar.com\/avatar\/3199cd50f7375f53b1b8e590a38c5004f9725997ff956a7773be4b95c4f6fc89?s=96&d=mm&r=g","caption":"Chiara Prontera"},"description":"Chiara Prontera ha 26 anni e vive a Morciano, un piccolo paese vicino Santa Maria di Leuca, in provincia di Lecce. Nel 2024, ha conseguito la Laurea in Scienze politiche, Relazioni internazionali e Diritti umani all\u2019Universit\u00e0 di Padova e poco dopo \u00e8 partita a Belgrado, con il progetto Caschi Bianchi promosso da Caritas Italiana. L\u00ec ha svolto il suo servizio nel campo profughi di Obrenovac. Attualmente, sta svolgendo un tirocinio in Caritas, nella diocesi di Ugento-S.M di Leuca.","url":"https:\/\/spaziospadoni.org\/es\/author\/chipontespspadoni\/"}]}},"_links":{"self":[{"href":"https:\/\/spaziospadoni.org\/es\/wp-json\/wp\/v2\/posts\/91877","targetHints":{"allow":["GET"]}}],"collection":[{"href":"https:\/\/spaziospadoni.org\/es\/wp-json\/wp\/v2\/posts"}],"about":[{"href":"https:\/\/spaziospadoni.org\/es\/wp-json\/wp\/v2\/types\/post"}],"author":[{"embeddable":true,"href":"https:\/\/spaziospadoni.org\/es\/wp-json\/wp\/v2\/users\/114"}],"replies":[{"embeddable":true,"href":"https:\/\/spaziospadoni.org\/es\/wp-json\/wp\/v2\/comments?post=91877"}],"version-history":[{"count":1,"href":"https:\/\/spaziospadoni.org\/es\/wp-json\/wp\/v2\/posts\/91877\/revisions"}],"predecessor-version":[{"id":91878,"href":"https:\/\/spaziospadoni.org\/es\/wp-json\/wp\/v2\/posts\/91877\/revisions\/91878"}],"wp:featuredmedia":[{"embeddable":true,"href":"https:\/\/spaziospadoni.org\/es\/wp-json\/wp\/v2\/media\/91906"}],"wp:attachment":[{"href":"https:\/\/spaziospadoni.org\/es\/wp-json\/wp\/v2\/media?parent=91877"}],"wp:term":[{"taxonomy":"category","embeddable":true,"href":"https:\/\/spaziospadoni.org\/es\/wp-json\/wp\/v2\/categories?post=91877"},{"taxonomy":"post_tag","embeddable":true,"href":"https:\/\/spaziospadoni.org\/es\/wp-json\/wp\/v2\/tags?post=91877"}],"curies":[{"name":"wp","href":"https:\/\/api.w.org\/{rel}","templated":true}]}}