{"id":92068,"date":"2026-08-24T13:30:00","date_gmt":"2026-08-24T12:30:00","guid":{"rendered":"https:\/\/spaziospadoni.org\/?p=92068"},"modified":"2026-08-24T11:03:05","modified_gmt":"2026-08-24T10:03:05","slug":"domingo-de-la-justicia-en-india-la-iglesia-defiende-a-los-pobres","status":"publish","type":"post","link":"https:\/\/spaziospadoni.org\/es\/domingo-de-la-justicia-en-india-la-iglesia-defiende-a-los-pobres\/","title":{"rendered":"Domingo de la Justicia en India: la Iglesia defiende a los pobres"},"content":{"rendered":"\n<p class=\"wp-block-paragraph\">Ayer, la Iglesia cat\u00f3lica en India celebr\u00f3 el <strong>Domingo de la Justicia<\/strong>, una jornada establecida en 1989 que moviliza a parroquias, movimientos y comunidades en todo el subcontinente. Inspirada en las palabras del profeta Isa\u00edas, la iniciativa tuvo como lema \u00abLa justicia comienza con nosotros\u00bb. Fue una jornada de profunda oraci\u00f3n, reflexi\u00f3n prof\u00e9tica y firme testimonio en favor de los marginados, los discriminados y quienes carecen de voz.<\/p>\n\n\n\n<h2 id=\"una-fe-encarnada-en-la-justicia-cotidiana\" class=\"wp-block-heading\">Una fe encarnada en la justicia cotidiana<\/h2>\n\n\n\n<p class=\"wp-block-paragraph\">Durante las celebraciones de ayer, el Arzobispo de Bangalore, Peter Machado, al frente del departamento de \u201cJusticia, Paz y Desarrollo\u201d de la Conferencia Episcopal de la India (CBCI), record\u00f3 que el verdadero culto a Dios es inseparable de la pr\u00e1ctica diaria de la justicia. Se exhort\u00f3 a los fieles a superar toda \u00abpiedad de fachada\u00bb para ser agentes reales de equidad social. Los pastores se\u00f1alaron que la misi\u00f3n cristiana alcanza su plenitud al seguir a Cristo, quien devolvi\u00f3 la dignidad a los excluidos: \u00abAprended a hacer el bien, buscad la justicia, defended al oprimido, proteged el derecho del hu\u00e9rfano, abogad por la viuda\u00bb.<\/p>\n\n\n\n<p class=\"wp-block-paragraph\">Asimismo, el Cardenal Anthony Poola reafirm\u00f3 la urgencia de salvaguardar los valores constitucionales de igualdad, laicidad y convivencia pac\u00edfica, expresando su preocupaci\u00f3n ante los reiterados actos de intimidaci\u00f3n contra las minor\u00edas religiosas.<\/p>\n\n\n\n<h2 id=\"proteger-la-labor-caritativa-y-social\" class=\"wp-block-heading\">Proteger la labor caritativa y social<\/h2>\n\n\n\n<p class=\"wp-block-paragraph\">La celebraci\u00f3n de ayer coincidi\u00f3 con un complejo debate legislativo. Los obispos indios manifestaron su inquietud ante la reforma de la ley <em>Foreign Contribution Regulation Act<\/em> (FCRA), que regula las donaciones procedentes del exterior para obras sociales. Las nuevas restricciones podr\u00edan comprometer dispensarios, escuelas y proyectos de desarrollo que benefician a los <strong>dalits<\/strong>, comunidades ind\u00edgenas y familias desfavorecidas. La Iglesia reclama salvaguardas claras para evitar que la asistencia a los pobres quede bloqueada por trabas administrativas o confiscaciones.<\/p>\n\n\n\n<p class=\"wp-block-paragraph\">El jesuita Cedric Prakash inst\u00f3 a los creyentes a mantener una \u00abvoz prof\u00e9tica\u00bb frente a las \u00abheridas abiertas\u00bb de la sociedad: la discriminaci\u00f3n por castas, la corrupci\u00f3n, la explotaci\u00f3n laboral y los da\u00f1os a la \u00abjusticia ambiental\u00bb.<\/p>\n\n\n\n<h2 id=\"una-mision-de-amor-y-dignidad\" class=\"wp-block-heading\">Una misi\u00f3n de amor y dignidad<\/h2>\n\n\n\n<p class=\"wp-block-paragraph\">Ayer, la Iglesia en India demostr\u00f3 que la vivencia del Evangelio es inseparable de la justicia social. Tender la mano al necesitado y defender sus derechos constituye el n\u00facleo de las <strong>obras de misericordia<\/strong>. Frente a las desigualdades, la comunidad eclesial renueva su vocaci\u00f3n fundamental: caminar junto a quienes sufren, custodiar la dignidad humana y construir lazos de fraternidad.<\/p>\n\n\n\n<p class=\"wp-block-paragraph\"><strong>Imagen creada digitalmente por spazio + spadoni<\/strong><\/p>\n\n\n\n<p class=\"wp-block-paragraph\"><strong>Fuente: <\/strong><a href=\"https:\/\/www.fides.org\/it\/news\/78073-ASIA_INDIA_Domenica_della_Giustizia_la_comunita_cattolica_difende_i_poveri_e_chiede_garanzie_sulla_legge_per_i_finanziamenti_dall_estero\" target=\"_blank\" rel=\"noreferrer noopener nofollow\" title=\"Agenzia Fides\">Agenzia Fides<\/a><\/p>\n\n\n\n<p class=\"wp-block-paragraph\"><\/p>\n","protected":false},"excerpt":{"rendered":"<p>Ayer, la Iglesia cat\u00f3lica en India celebr\u00f3 el Domingo de la Justicia, una jornada establecida en 1989 que moviliza a parroquias, movimientos y comunidades en todo el subcontinente. Inspirada en las palabras del profeta Isa\u00edas, la iniciativa tuvo como lema \u00abLa justicia comienza con nosotros\u00bb. Fue una jornada de profunda oraci\u00f3n, reflexi\u00f3n prof\u00e9tica y firme &#8230; <a title=\"Domingo de la Justicia en India: la Iglesia defiende a los pobres\" class=\"read-more\" href=\"https:\/\/spaziospadoni.org\/es\/domingo-de-la-justicia-en-india-la-iglesia-defiende-a-los-pobres\/\" aria-label=\"Read more about Domingo de la Justicia en India: la Iglesia defiende a los pobres\">Leer m\u00e1s<\/a><\/p>\n","protected":false},"author":79,"featured_media":92067,"comment_status":"closed","ping_status":"closed","sticky":false,"template":"","format":"standard","meta":{"_sitemap_exclude":false,"_sitemap_priority":"","_sitemap_frequency":"","ss_featured_image_title":"","ss_featured_image_alt":"\u00abDomingo de la Justicia\u00bb en India","ss_featured_image_caption":"La Iglesia en la India est\u00e1 cerca de quienes sufren injusticias. Su cercan\u00eda se expresa tambi\u00e9n a trav\u00e9s de la propuesta del \u00abDomingo de la Justicia\u00bb.","footnotes":""},"categories":[2312],"tags":[2682,3066,2820],"class_list":["post-92068","post","type-post","status-publish","format-standard","has-post-thumbnail","hentry","category-la-iglesia-que-inspira","tag-iglesia","tag-india-es","tag-justicia","infinite-scroll-item","generate-columns","tablet-grid-50","mobile-grid-100","grid-parent","grid-50"],"yoast_head":"<!-- This site is optimized with the Yoast SEO plugin v28.4 - https:\/\/yoast.com\/product\/yoast-seo-wordpress\/ -->\n<title>Domingo de la Justicia en India y defensa de los pobres<\/title>\n<meta name=\"description\" content=\"La Iglesia en India celebr\u00f3 el Domingo de la Justicia, renovando su compromiso con los vulnerables y pidiendo garant\u00edas para la labor social.\" \/>\n<meta name=\"robots\" content=\"index, follow, max-snippet:-1, max-image-preview:large, max-video-preview:-1\" \/>\n<link rel=\"canonical\" href=\"https:\/\/spaziospadoni.org\/es\/domingo-de-la-justicia-en-india-la-iglesia-defiende-a-los-pobres\/\" \/>\n<meta property=\"og:locale\" content=\"es_ES\" \/>\n<meta property=\"og:type\" content=\"article\" \/>\n<meta property=\"og:title\" content=\"Domingo de la Justicia en India y defensa de los pobres\" \/>\n<meta property=\"og:description\" content=\"La Iglesia en India celebr\u00f3 el Domingo de la Justicia, renovando su compromiso con los vulnerables y pidiendo garant\u00edas para la labor social.\" \/>\n<meta property=\"og:url\" content=\"https:\/\/spaziospadoni.org\/es\/domingo-de-la-justicia-en-india-la-iglesia-defiende-a-los-pobres\/\" \/>\n<meta property=\"og:site_name\" content=\"spazio + spadoni\" \/>\n<meta property=\"article:publisher\" content=\"https:\/\/www.facebook.com\/SpazioSpadoni\/\" \/>\n<meta property=\"article:published_time\" content=\"2026-08-24T12:30:00+00:00\" \/>\n<meta property=\"og:image\" content=\"https:\/\/spaziospadoni.org\/wp-content\/uploads\/2026\/08\/india-chiesa-domenica-giustizia.webp\" \/>\n\t<meta property=\"og:image:width\" content=\"1200\" \/>\n\t<meta property=\"og:image:height\" content=\"670\" \/>\n\t<meta property=\"og:image:type\" content=\"image\/webp\" \/>\n<meta name=\"author\" content=\"Ze Vong\" \/>\n<meta name=\"twitter:card\" content=\"summary_large_image\" \/>\n<meta name=\"twitter:label1\" content=\"Escrito por\" \/>\n\t<meta name=\"twitter:data1\" content=\"Ze Vong\" \/>\n\t<meta name=\"twitter:label2\" content=\"Est. reading time\" \/>\n\t<meta name=\"twitter:data2\" content=\"3 minutes\" \/>\n<script type=\"application\/ld+json\" class=\"yoast-schema-graph\">{\"@context\":\"https:\\\/\\\/schema.org\",\"@graph\":[{\"@type\":\"Article\",\"@id\":\"https:\\\/\\\/spaziospadoni.org\\\/es\\\/domingo-de-la-justicia-en-india-la-iglesia-defiende-a-los-pobres\\\/#article\",\"isPartOf\":{\"@id\":\"https:\\\/\\\/spaziospadoni.org\\\/es\\\/domingo-de-la-justicia-en-india-la-iglesia-defiende-a-los-pobres\\\/\"},\"author\":{\"name\":\"Ze Vong\",\"@id\":\"https:\\\/\\\/spaziospadoni.org\\\/es\\\/#\\\/schema\\\/person\\\/cbb22a23077795e7401bdda2d1c82e35\"},\"headline\":\"Domingo de la Justicia en India: la Iglesia defiende a los pobres\",\"datePublished\":\"2026-08-24T12:30:00+00:00\",\"mainEntityOfPage\":{\"@id\":\"https:\\\/\\\/spaziospadoni.org\\\/es\\\/domingo-de-la-justicia-en-india-la-iglesia-defiende-a-los-pobres\\\/\"},\"wordCount\":440,\"publisher\":{\"@id\":\"https:\\\/\\\/spaziospadoni.org\\\/es\\\/#organization\"},\"image\":{\"@id\":\"https:\\\/\\\/spaziospadoni.org\\\/es\\\/domingo-de-la-justicia-en-india-la-iglesia-defiende-a-los-pobres\\\/#primaryimage\"},\"thumbnailUrl\":\"https:\\\/\\\/spaziospadoni.org\\\/wp-content\\\/uploads\\\/2026\\\/08\\\/india-chiesa-domenica-giustizia.webp\",\"keywords\":[\"Iglesia\",\"India\",\"justicia\"],\"articleSection\":[\"La Iglesia que inspira\"],\"inLanguage\":\"es-ES\"},{\"@type\":\"WebPage\",\"@id\":\"https:\\\/\\\/spaziospadoni.org\\\/es\\\/domingo-de-la-justicia-en-india-la-iglesia-defiende-a-los-pobres\\\/\",\"url\":\"https:\\\/\\\/spaziospadoni.org\\\/es\\\/domingo-de-la-justicia-en-india-la-iglesia-defiende-a-los-pobres\\\/\",\"name\":\"Domingo de la Justicia en India y defensa de los pobres\",\"isPartOf\":{\"@id\":\"https:\\\/\\\/spaziospadoni.org\\\/es\\\/#website\"},\"primaryImageOfPage\":{\"@id\":\"https:\\\/\\\/spaziospadoni.org\\\/es\\\/domingo-de-la-justicia-en-india-la-iglesia-defiende-a-los-pobres\\\/#primaryimage\"},\"image\":{\"@id\":\"https:\\\/\\\/spaziospadoni.org\\\/es\\\/domingo-de-la-justicia-en-india-la-iglesia-defiende-a-los-pobres\\\/#primaryimage\"},\"thumbnailUrl\":\"https:\\\/\\\/spaziospadoni.org\\\/wp-content\\\/uploads\\\/2026\\\/08\\\/india-chiesa-domenica-giustizia.webp\",\"datePublished\":\"2026-08-24T12:30:00+00:00\",\"description\":\"La Iglesia en India celebr\u00f3 el Domingo de la Justicia, renovando su compromiso con los vulnerables y pidiendo garant\u00edas para la labor social.\",\"breadcrumb\":{\"@id\":\"https:\\\/\\\/spaziospadoni.org\\\/es\\\/domingo-de-la-justicia-en-india-la-iglesia-defiende-a-los-pobres\\\/#breadcrumb\"},\"inLanguage\":\"es-ES\",\"potentialAction\":[{\"@type\":\"ReadAction\",\"target\":[\"https:\\\/\\\/spaziospadoni.org\\\/es\\\/domingo-de-la-justicia-en-india-la-iglesia-defiende-a-los-pobres\\\/\"]}]},{\"@type\":\"ImageObject\",\"inLanguage\":\"es-ES\",\"@id\":\"https:\\\/\\\/spaziospadoni.org\\\/es\\\/domingo-de-la-justicia-en-india-la-iglesia-defiende-a-los-pobres\\\/#primaryimage\",\"url\":\"https:\\\/\\\/spaziospadoni.org\\\/wp-content\\\/uploads\\\/2026\\\/08\\\/india-chiesa-domenica-giustizia.webp\",\"contentUrl\":\"https:\\\/\\\/spaziospadoni.org\\\/wp-content\\\/uploads\\\/2026\\\/08\\\/india-chiesa-domenica-giustizia.webp\",\"width\":1200,\"height\":670,\"caption\":\"La Iglesia en la India est\u00e1 cerca de quienes sufren injusticias. Su cercan\u00eda se expresa tambi\u00e9n a trav\u00e9s de la propuesta del \u00abDomingo de la Justicia\u00bb.\"},{\"@type\":\"BreadcrumbList\",\"@id\":\"https:\\\/\\\/spaziospadoni.org\\\/es\\\/domingo-de-la-justicia-en-india-la-iglesia-defiende-a-los-pobres\\\/#breadcrumb\",\"itemListElement\":[{\"@type\":\"ListItem\",\"position\":1,\"name\":\"Home\",\"item\":\"https:\\\/\\\/spaziospadoni.org\\\/es\\\/\"},{\"@type\":\"ListItem\",\"position\":2,\"name\":\"Domingo de la Justicia en India: la Iglesia defiende a los pobres\"}]},{\"@type\":\"WebSite\",\"@id\":\"https:\\\/\\\/spaziospadoni.org\\\/es\\\/#website\",\"url\":\"https:\\\/\\\/spaziospadoni.org\\\/es\\\/\",\"name\":\"spazio + spadoni\",\"description\":\"Generazione di misericordia e missione nel mondo\",\"publisher\":{\"@id\":\"https:\\\/\\\/spaziospadoni.org\\\/es\\\/#organization\"},\"alternateName\":\"spaziospadoni.org\",\"potentialAction\":[{\"@type\":\"SearchAction\",\"target\":{\"@type\":\"EntryPoint\",\"urlTemplate\":\"https:\\\/\\\/spaziospadoni.org\\\/es\\\/?s={search_term_string}\"},\"query-input\":{\"@type\":\"PropertyValueSpecification\",\"valueRequired\":true,\"valueName\":\"search_term_string\"}}],\"inLanguage\":\"es-ES\"},{\"@type\":\"Organization\",\"@id\":\"https:\\\/\\\/spaziospadoni.org\\\/es\\\/#organization\",\"name\":\"spazio + spadoni\",\"alternateName\":\"spaziospadoni.org\",\"url\":\"https:\\\/\\\/spaziospadoni.org\\\/es\\\/\",\"logo\":{\"@type\":\"ImageObject\",\"inLanguage\":\"es-ES\",\"@id\":\"https:\\\/\\\/spaziospadoni.org\\\/es\\\/#\\\/schema\\\/logo\\\/image\\\/\",\"url\":\"https:\\\/\\\/spaziospadoni.org\\\/wp-content\\\/uploads\\\/2026\\\/05\\\/spazio-spadoni-logo-100x100-1.webp\",\"contentUrl\":\"https:\\\/\\\/spaziospadoni.org\\\/wp-content\\\/uploads\\\/2026\\\/05\\\/spazio-spadoni-logo-100x100-1.webp\",\"width\":100,\"height\":100,\"caption\":\"spazio + spadoni\"},\"image\":{\"@id\":\"https:\\\/\\\/spaziospadoni.org\\\/es\\\/#\\\/schema\\\/logo\\\/image\\\/\"},\"sameAs\":[\"https:\\\/\\\/www.facebook.com\\\/SpazioSpadoni\\\/\",\"https:\\\/\\\/www.instagram.com\\\/spaziospadoni\\\/\",\"https:\\\/\\\/www.youtube.com\\\/@spaziospadoni\\\/playlists\"]},{\"@type\":\"Person\",\"@id\":\"https:\\\/\\\/spaziospadoni.org\\\/es\\\/#\\\/schema\\\/person\\\/cbb22a23077795e7401bdda2d1c82e35\",\"name\":\"Ze Vong\",\"image\":{\"@type\":\"ImageObject\",\"inLanguage\":\"es-ES\",\"@id\":\"https:\\\/\\\/secure.gravatar.com\\\/avatar\\\/dccfb8e47b405e5307fecff6a120c8d753077e4604b5c1e86d1c81219292dc84?s=96&d=mm&r=g\",\"url\":\"https:\\\/\\\/secure.gravatar.com\\\/avatar\\\/dccfb8e47b405e5307fecff6a120c8d753077e4604b5c1e86d1c81219292dc84?s=96&d=mm&r=g\",\"contentUrl\":\"https:\\\/\\\/secure.gravatar.com\\\/avatar\\\/dccfb8e47b405e5307fecff6a120c8d753077e4604b5c1e86d1c81219292dc84?s=96&d=mm&r=g\",\"caption\":\"Ze Vong\"},\"description\":\"Joven timorense nacido hace 23 a\u00f1os en las afueras de la capital Dili, conoci\u00f3 de cerca las dificultades de acceso a la educaci\u00f3n y a la salud, pero fue precisamente de esas heridas sociales de donde sac\u00f3 la fuerza para convertirse hoy en una persona muy activa en el voluntariado y en las obras de misericordia.\",\"url\":\"https:\\\/\\\/spaziospadoni.org\\\/es\\\/author\\\/vong_mission\\\/\"}]}<\/script>\n<!-- \/ Yoast SEO plugin. -->","yoast_head_json":{"title":"Domingo de la Justicia en India y defensa de los pobres","description":"La Iglesia en India celebr\u00f3 el Domingo de la Justicia, renovando su compromiso con los vulnerables y pidiendo garant\u00edas para la labor social.","robots":{"index":"index","follow":"follow","max-snippet":"max-snippet:-1","max-image-preview":"max-image-preview:large","max-video-preview":"max-video-preview:-1"},"canonical":"https:\/\/spaziospadoni.org\/es\/domingo-de-la-justicia-en-india-la-iglesia-defiende-a-los-pobres\/","og_locale":"es_ES","og_type":"article","og_title":"Domingo de la Justicia en India y defensa de los pobres","og_description":"La Iglesia en India celebr\u00f3 el Domingo de la Justicia, renovando su compromiso con los vulnerables y pidiendo garant\u00edas para la labor social.","og_url":"https:\/\/spaziospadoni.org\/es\/domingo-de-la-justicia-en-india-la-iglesia-defiende-a-los-pobres\/","og_site_name":"spazio + spadoni","article_publisher":"https:\/\/www.facebook.com\/SpazioSpadoni\/","article_published_time":"2026-08-24T12:30:00+00:00","og_image":[{"width":1200,"height":670,"url":"https:\/\/spaziospadoni.org\/wp-content\/uploads\/2026\/08\/india-chiesa-domenica-giustizia.webp","type":"image\/webp"}],"author":"Ze Vong","twitter_card":"summary_large_image","twitter_misc":{"Escrito por":"Ze Vong","Est. reading time":"3 minutes"},"schema":{"@context":"https:\/\/schema.org","@graph":[{"@type":"Article","@id":"https:\/\/spaziospadoni.org\/es\/domingo-de-la-justicia-en-india-la-iglesia-defiende-a-los-pobres\/#article","isPartOf":{"@id":"https:\/\/spaziospadoni.org\/es\/domingo-de-la-justicia-en-india-la-iglesia-defiende-a-los-pobres\/"},"author":{"name":"Ze Vong","@id":"https:\/\/spaziospadoni.org\/es\/#\/schema\/person\/cbb22a23077795e7401bdda2d1c82e35"},"headline":"Domingo de la Justicia en India: la Iglesia defiende a los pobres","datePublished":"2026-08-24T12:30:00+00:00","mainEntityOfPage":{"@id":"https:\/\/spaziospadoni.org\/es\/domingo-de-la-justicia-en-india-la-iglesia-defiende-a-los-pobres\/"},"wordCount":440,"publisher":{"@id":"https:\/\/spaziospadoni.org\/es\/#organization"},"image":{"@id":"https:\/\/spaziospadoni.org\/es\/domingo-de-la-justicia-en-india-la-iglesia-defiende-a-los-pobres\/#primaryimage"},"thumbnailUrl":"https:\/\/spaziospadoni.org\/wp-content\/uploads\/2026\/08\/india-chiesa-domenica-giustizia.webp","keywords":["Iglesia","India","justicia"],"articleSection":["La Iglesia que inspira"],"inLanguage":"es-ES"},{"@type":"WebPage","@id":"https:\/\/spaziospadoni.org\/es\/domingo-de-la-justicia-en-india-la-iglesia-defiende-a-los-pobres\/","url":"https:\/\/spaziospadoni.org\/es\/domingo-de-la-justicia-en-india-la-iglesia-defiende-a-los-pobres\/","name":"Domingo de la Justicia en India y defensa de los pobres","isPartOf":{"@id":"https:\/\/spaziospadoni.org\/es\/#website"},"primaryImageOfPage":{"@id":"https:\/\/spaziospadoni.org\/es\/domingo-de-la-justicia-en-india-la-iglesia-defiende-a-los-pobres\/#primaryimage"},"image":{"@id":"https:\/\/spaziospadoni.org\/es\/domingo-de-la-justicia-en-india-la-iglesia-defiende-a-los-pobres\/#primaryimage"},"thumbnailUrl":"https:\/\/spaziospadoni.org\/wp-content\/uploads\/2026\/08\/india-chiesa-domenica-giustizia.webp","datePublished":"2026-08-24T12:30:00+00:00","description":"La Iglesia en India celebr\u00f3 el Domingo de la Justicia, renovando su compromiso con los vulnerables y pidiendo garant\u00edas para la labor social.","breadcrumb":{"@id":"https:\/\/spaziospadoni.org\/es\/domingo-de-la-justicia-en-india-la-iglesia-defiende-a-los-pobres\/#breadcrumb"},"inLanguage":"es-ES","potentialAction":[{"@type":"ReadAction","target":["https:\/\/spaziospadoni.org\/es\/domingo-de-la-justicia-en-india-la-iglesia-defiende-a-los-pobres\/"]}]},{"@type":"ImageObject","inLanguage":"es-ES","@id":"https:\/\/spaziospadoni.org\/es\/domingo-de-la-justicia-en-india-la-iglesia-defiende-a-los-pobres\/#primaryimage","url":"https:\/\/spaziospadoni.org\/wp-content\/uploads\/2026\/08\/india-chiesa-domenica-giustizia.webp","contentUrl":"https:\/\/spaziospadoni.org\/wp-content\/uploads\/2026\/08\/india-chiesa-domenica-giustizia.webp","width":1200,"height":670,"caption":"La Iglesia en la India est\u00e1 cerca de quienes sufren injusticias. Su cercan\u00eda se expresa tambi\u00e9n a trav\u00e9s de la propuesta del \u00abDomingo de la Justicia\u00bb."},{"@type":"BreadcrumbList","@id":"https:\/\/spaziospadoni.org\/es\/domingo-de-la-justicia-en-india-la-iglesia-defiende-a-los-pobres\/#breadcrumb","itemListElement":[{"@type":"ListItem","position":1,"name":"Home","item":"https:\/\/spaziospadoni.org\/es\/"},{"@type":"ListItem","position":2,"name":"Domingo de la Justicia en India: la Iglesia defiende a los pobres"}]},{"@type":"WebSite","@id":"https:\/\/spaziospadoni.org\/es\/#website","url":"https:\/\/spaziospadoni.org\/es\/","name":"spazio + spadoni","description":"Generazione di misericordia e missione nel mondo","publisher":{"@id":"https:\/\/spaziospadoni.org\/es\/#organization"},"alternateName":"spaziospadoni.org","potentialAction":[{"@type":"SearchAction","target":{"@type":"EntryPoint","urlTemplate":"https:\/\/spaziospadoni.org\/es\/?s={search_term_string}"},"query-input":{"@type":"PropertyValueSpecification","valueRequired":true,"valueName":"search_term_string"}}],"inLanguage":"es-ES"},{"@type":"Organization","@id":"https:\/\/spaziospadoni.org\/es\/#organization","name":"spazio + spadoni","alternateName":"spaziospadoni.org","url":"https:\/\/spaziospadoni.org\/es\/","logo":{"@type":"ImageObject","inLanguage":"es-ES","@id":"https:\/\/spaziospadoni.org\/es\/#\/schema\/logo\/image\/","url":"https:\/\/spaziospadoni.org\/wp-content\/uploads\/2026\/05\/spazio-spadoni-logo-100x100-1.webp","contentUrl":"https:\/\/spaziospadoni.org\/wp-content\/uploads\/2026\/05\/spazio-spadoni-logo-100x100-1.webp","width":100,"height":100,"caption":"spazio + spadoni"},"image":{"@id":"https:\/\/spaziospadoni.org\/es\/#\/schema\/logo\/image\/"},"sameAs":["https:\/\/www.facebook.com\/SpazioSpadoni\/","https:\/\/www.instagram.com\/spaziospadoni\/","https:\/\/www.youtube.com\/@spaziospadoni\/playlists"]},{"@type":"Person","@id":"https:\/\/spaziospadoni.org\/es\/#\/schema\/person\/cbb22a23077795e7401bdda2d1c82e35","name":"Ze Vong","image":{"@type":"ImageObject","inLanguage":"es-ES","@id":"https:\/\/secure.gravatar.com\/avatar\/dccfb8e47b405e5307fecff6a120c8d753077e4604b5c1e86d1c81219292dc84?s=96&d=mm&r=g","url":"https:\/\/secure.gravatar.com\/avatar\/dccfb8e47b405e5307fecff6a120c8d753077e4604b5c1e86d1c81219292dc84?s=96&d=mm&r=g","contentUrl":"https:\/\/secure.gravatar.com\/avatar\/dccfb8e47b405e5307fecff6a120c8d753077e4604b5c1e86d1c81219292dc84?s=96&d=mm&r=g","caption":"Ze Vong"},"description":"Joven timorense nacido hace 23 a\u00f1os en las afueras de la capital Dili, conoci\u00f3 de cerca las dificultades de acceso a la educaci\u00f3n y a la salud, pero fue precisamente de esas heridas sociales de donde sac\u00f3 la fuerza para convertirse hoy en una persona muy activa en el voluntariado y en las obras de misericordia.","url":"https:\/\/spaziospadoni.org\/es\/author\/vong_mission\/"}]}},"_links":{"self":[{"href":"https:\/\/spaziospadoni.org\/es\/wp-json\/wp\/v2\/posts\/92068","targetHints":{"allow":["GET"]}}],"collection":[{"href":"https:\/\/spaziospadoni.org\/es\/wp-json\/wp\/v2\/posts"}],"about":[{"href":"https:\/\/spaziospadoni.org\/es\/wp-json\/wp\/v2\/types\/post"}],"author":[{"embeddable":true,"href":"https:\/\/spaziospadoni.org\/es\/wp-json\/wp\/v2\/users\/79"}],"replies":[{"embeddable":true,"href":"https:\/\/spaziospadoni.org\/es\/wp-json\/wp\/v2\/comments?post=92068"}],"version-history":[{"count":2,"href":"https:\/\/spaziospadoni.org\/es\/wp-json\/wp\/v2\/posts\/92068\/revisions"}],"predecessor-version":[{"id":92070,"href":"https:\/\/spaziospadoni.org\/es\/wp-json\/wp\/v2\/posts\/92068\/revisions\/92070"}],"wp:featuredmedia":[{"embeddable":true,"href":"https:\/\/spaziospadoni.org\/es\/wp-json\/wp\/v2\/media\/92067"}],"wp:attachment":[{"href":"https:\/\/spaziospadoni.org\/es\/wp-json\/wp\/v2\/media?parent=92068"}],"wp:term":[{"taxonomy":"category","embeddable":true,"href":"https:\/\/spaziospadoni.org\/es\/wp-json\/wp\/v2\/categories?post=92068"},{"taxonomy":"post_tag","embeddable":true,"href":"https:\/\/spaziospadoni.org\/es\/wp-json\/wp\/v2\/tags?post=92068"}],"curies":[{"name":"wp","href":"https:\/\/api.w.org\/{rel}","templated":true}]}}