{"id":92441,"date":"2026-08-26T07:00:00","date_gmt":"2026-08-26T06:00:00","guid":{"rendered":"https:\/\/spaziospadoni.org\/?p=92441"},"modified":"2026-08-26T09:01:29","modified_gmt":"2026-08-26T08:01:29","slug":"america-republica-dominicana-los-huertos-familiares-que-nutren-a-la-comunidad","status":"publish","type":"post","link":"https:\/\/spaziospadoni.org\/es\/america-republica-dominicana-los-huertos-familiares-que-nutren-a-la-comunidad\/","title":{"rendered":"Am\u00e9rica, Rep\u00fablica Dominicana | Los huertos familiares que nutren a la comunidad"},"content":{"rendered":"\n<p class=\"has-contrast-3-color has-text-color has-link-color wp-elements-1 wp-block-paragraph\"><em>Hoy, les presento un proyecto de huertos comunitarios realizado en la comunidad de La Pe\u00f1a, en San Juan de la Maguana (Rep\u00fablica Dominicana).<br>La autora es Luc\u00eda Alejandre Javier, ingeniera agr\u00f3noma y misionera de la Comunidad Misionera de Villaregia con sede en Texoco (M\u00e9xico) que, tras emitir sus primeros votos en junio, pas\u00f3 un mes con nosotros en la misi\u00f3n que llevamos adelante en San Juan de la Maguana.<\/em><\/p>\n\n\n\n<p class=\"has-text-align-right wp-block-paragraph\">(<em>de Luc\u00eda Alejandre Javier)<\/em><\/p>\n\n\n\n<p class=\"wp-block-paragraph\">La Organizaci\u00f3n de las Naciones Unidas para la Alimentaci\u00f3n y la Agricultura (FAO) publica cada a\u00f1o el informe sobre el estado de la seguridad alimentaria y la nutrici\u00f3n en el mundo. En el informe correspondiente a 2025 se destaca c\u00f3mo la alta inflaci\u00f3n ha reducido el poder adquisitivo en numerosos pa\u00edses y, especialmente entre las poblaciones de bajos ingresos, ha comprometido el acceso a una alimentaci\u00f3n saludable.<\/p>\n\n\n\n<p class=\"wp-block-paragraph\">En la Rep\u00fablica Dominicana, la prevalencia de la <strong>inseguridad alimentaria<\/strong> moderada o grave alcanza el <strong>43,8% de la poblaci\u00f3n total<\/strong>. Por esta raz\u00f3n, son de fundamental importancia los proyectos orientados a favorecer la adopci\u00f3n de tecnolog\u00edas que promuevan el acceso a una alimentaci\u00f3n equilibrada y sostenible desde el punto de vista econ\u00f3mico.<\/p>\n\n\n\n<p class=\"wp-block-paragraph\">Desde hace poco m\u00e1s de un a\u00f1o, la <strong>Comunidad Misionera de Villaregia<\/strong>, junto con la Fundaci\u00f3n para el Desarrollo de las Provincias de Azua, San Juan y El\u00edas Pi\u00f1a (FUNDASEP, de la di\u00f3cesis de San Juan de la Maguana), promueve la creaci\u00f3n de huertos familiares.<\/p>\n\n\n\n<p class=\"wp-block-paragraph\">Los huertos son espacios de unos 30 m\u00b2, situados cerca de las viviendas, de modo que tanto hombres como mujeres puedan ocuparse de ellos en el marco de sus actividades diarias. En estos huertos, sin embargo, no solo se cultivan berenjenas, tomates, cebollas, remolachas y zanahorias; tambi\u00e9n se cultivan relaciones y se fortalece la comunidad.<\/p>\n\n\n\n<p class=\"wp-block-paragraph\">A trav\u00e9s de los encuentros con los participantes en el proyecto se llevan a cabo las actividades de formaci\u00f3n, se promueve el apoyo mutuo y se fomenta el intercambio de experiencias y conocimientos entre quienes tienen mayor experiencia.<\/p>\n\n\n\n<p class=\"wp-block-paragraph\">El proyecto representa adem\u00e1s un espacio de gran satisfacci\u00f3n para quienes imparten las <strong>actividades de formaci\u00f3n<\/strong>. La ingeniera agr\u00f3noma Odrys nos cuenta: <\/p>\n\n\n\n<blockquote class=\"wp-block-quote is-layout-flow wp-block-quote-is-layout-flow\">\n<p class=\"wp-block-paragraph\"><em>\u00abMe ofrecieron otros trabajos, en los que quiz\u00e1 habr\u00eda ganado un poco m\u00e1s, pero no cambiar\u00eda la alegr\u00eda de ver crecer a las personas que apoyamos a trav\u00e9s de los proyectos agroalimentarios en las provincias m\u00e1s pobres de mi regi\u00f3n\u00bb.<\/em><\/p>\n<\/blockquote>\n\n\n\n<p class=\"wp-block-paragraph\">Gracias a los conocimientos cient\u00edficos y pr\u00e1cticos de formadoras como Odrys, unidos a su gran sensibilidad humana, el proyecto se convierte en un punto de referencia para la introducci\u00f3n progresiva de pr\u00e1cticas de producci\u00f3n de hortalizas y de diversificaci\u00f3n de cultivos. Estas pr\u00e1cticas pueden contribuir a <strong>mejorar la calidad de la alimentaci\u00f3n de las familias<\/strong>, garantizando el acceso a alimentos variados y nutritivos a bajo costo.<\/p>\n\n\n\n<p class=\"wp-block-paragraph\">Aunque los huertos sean peque\u00f1os en extensi\u00f3n, constituyen una gran red de valores que, poco a poco y gracias al testimonio de los participantes, se convierte en la semilla de una experiencia que contribuye a reforzar la seguridad alimentaria del \u00abgranero del Sur\u00bb.<\/p>\n\n\n\n<p class=\"wp-block-paragraph\"><strong>Foto de Rita Usai<\/strong><\/p>\n\n\n\n<p class=\"wp-block-paragraph\"><\/p>\n","protected":false},"excerpt":{"rendered":"<p>Hoy, les presento un proyecto de huertos comunitarios realizado en la comunidad de La Pe\u00f1a, en San Juan de la Maguana (Rep\u00fablica Dominicana).La autora es Luc\u00eda Alejandre Javier, ingeniera agr\u00f3noma y misionera de la Comunidad Misionera de Villaregia con sede en Texoco (M\u00e9xico) que, tras emitir sus primeros votos en junio, pas\u00f3 un mes con &#8230; <a title=\"Am\u00e9rica, Rep\u00fablica Dominicana | Los huertos familiares que nutren a la comunidad\" class=\"read-more\" href=\"https:\/\/spaziospadoni.org\/es\/america-republica-dominicana-los-huertos-familiares-que-nutren-a-la-comunidad\/\" aria-label=\"Read more about Am\u00e9rica, Rep\u00fablica Dominicana | Los huertos familiares que nutren a la comunidad\">Leer m\u00e1s<\/a><\/p>\n","protected":false},"author":68,"featured_media":92440,"comment_status":"closed","ping_status":"closed","sticky":false,"template":"","format":"standard","meta":{"_sitemap_exclude":false,"_sitemap_priority":"","_sitemap_frequency":"","ss_featured_image_title":"","ss_featured_image_alt":"Proyecto de huertos comunitarios en San Juan de la Maguana","ss_featured_image_caption":"El proyecto de huertos comunitarios involucr\u00f3 a los habitantes de La Pe\u00f1a, en San Juan de la Maguana (Rep\u00fablica Dominicana).","footnotes":""},"categories":[2288],"tags":[4511,2892,2293,10904],"class_list":["post-92441","post","type-post","status-publish","format-standard","has-post-thumbnail","hentry","category-espacio-misionero","tag-agricultura-es","tag-comunidad","tag-experiencia-misionera","tag-republica-dominicana","infinite-scroll-item","generate-columns","tablet-grid-50","mobile-grid-100","grid-parent","grid-50"],"yoast_head":"<!-- This site is optimized with the Yoast SEO plugin v28.4 - https:\/\/yoast.com\/product\/yoast-seo-wordpress\/ -->\n<title>Am\u00e9rica, Rep\u00fablica Dominicana | Huertos familiares solidarios<\/title>\n<meta name=\"description\" content=\"En la Rep\u00fablica Dominicana, los huertos familiares de San Juan de la Maguana refuerzan la seguridad alimentaria y unen a la comunidad.\" \/>\n<meta name=\"robots\" content=\"index, follow, max-snippet:-1, max-image-preview:large, max-video-preview:-1\" \/>\n<link rel=\"canonical\" href=\"https:\/\/spaziospadoni.org\/es\/america-republica-dominicana-los-huertos-familiares-que-nutren-a-la-comunidad\/\" \/>\n<meta property=\"og:locale\" content=\"es_ES\" \/>\n<meta property=\"og:type\" content=\"article\" \/>\n<meta property=\"og:title\" content=\"Am\u00e9rica, Rep\u00fablica Dominicana | Huertos familiares solidarios\" \/>\n<meta property=\"og:description\" content=\"En la Rep\u00fablica Dominicana, los huertos familiares de San Juan de la Maguana refuerzan la seguridad alimentaria y unen a la comunidad.\" \/>\n<meta property=\"og:url\" content=\"https:\/\/spaziospadoni.org\/es\/america-republica-dominicana-los-huertos-familiares-que-nutren-a-la-comunidad\/\" \/>\n<meta property=\"og:site_name\" content=\"spazio + spadoni\" \/>\n<meta property=\"article:publisher\" content=\"https:\/\/www.facebook.com\/SpazioSpadoni\/\" \/>\n<meta property=\"article:published_time\" content=\"2026-08-26T06:00:00+00:00\" \/>\n<meta property=\"article:modified_time\" content=\"2026-08-26T08:01:29+00:00\" \/>\n<meta property=\"og:image\" content=\"https:\/\/spaziospadoni.org\/wp-content\/uploads\/2026\/08\/orti-comunitari-repubblica-dominicana.webp\" \/>\n\t<meta property=\"og:image:width\" content=\"1200\" \/>\n\t<meta property=\"og:image:height\" content=\"541\" \/>\n\t<meta property=\"og:image:type\" content=\"image\/webp\" \/>\n<meta name=\"author\" content=\"Rita Usai\" \/>\n<meta name=\"twitter:card\" content=\"summary_large_image\" \/>\n<meta name=\"twitter:label1\" content=\"Escrito por\" \/>\n\t<meta name=\"twitter:data1\" content=\"Rita Usai\" \/>\n\t<meta name=\"twitter:label2\" content=\"Est. reading time\" \/>\n\t<meta name=\"twitter:data2\" content=\"3 minutes\" \/>\n<script type=\"application\/ld+json\" class=\"yoast-schema-graph\">{\"@context\":\"https:\\\/\\\/schema.org\",\"@graph\":[{\"@type\":\"Article\",\"@id\":\"https:\\\/\\\/spaziospadoni.org\\\/es\\\/america-republica-dominicana-los-huertos-familiares-que-nutren-a-la-comunidad\\\/#article\",\"isPartOf\":{\"@id\":\"https:\\\/\\\/spaziospadoni.org\\\/es\\\/america-republica-dominicana-los-huertos-familiares-que-nutren-a-la-comunidad\\\/\"},\"author\":{\"name\":\"Rita Usai\",\"@id\":\"https:\\\/\\\/spaziospadoni.org\\\/es\\\/#\\\/schema\\\/person\\\/8cd0e9eb9ef908a8a7d8e3a7a6e3137f\"},\"headline\":\"Am\u00e9rica, Rep\u00fablica Dominicana | Los huertos familiares que nutren a la comunidad\",\"datePublished\":\"2026-08-26T06:00:00+00:00\",\"dateModified\":\"2026-08-26T08:01:29+00:00\",\"mainEntityOfPage\":{\"@id\":\"https:\\\/\\\/spaziospadoni.org\\\/es\\\/america-republica-dominicana-los-huertos-familiares-que-nutren-a-la-comunidad\\\/\"},\"wordCount\":568,\"publisher\":{\"@id\":\"https:\\\/\\\/spaziospadoni.org\\\/es\\\/#organization\"},\"image\":{\"@id\":\"https:\\\/\\\/spaziospadoni.org\\\/es\\\/america-republica-dominicana-los-huertos-familiares-que-nutren-a-la-comunidad\\\/#primaryimage\"},\"thumbnailUrl\":\"https:\\\/\\\/spaziospadoni.org\\\/wp-content\\\/uploads\\\/2026\\\/08\\\/orti-comunitari-repubblica-dominicana.webp\",\"keywords\":[\"agricultura\",\"Comunidad\",\"Experiencia misionera\",\"Rep\u00fablica Dominicana\"],\"articleSection\":[\"Espacio misionero\"],\"inLanguage\":\"es-ES\"},{\"@type\":\"WebPage\",\"@id\":\"https:\\\/\\\/spaziospadoni.org\\\/es\\\/america-republica-dominicana-los-huertos-familiares-que-nutren-a-la-comunidad\\\/\",\"url\":\"https:\\\/\\\/spaziospadoni.org\\\/es\\\/america-republica-dominicana-los-huertos-familiares-que-nutren-a-la-comunidad\\\/\",\"name\":\"Am\u00e9rica, Rep\u00fablica Dominicana | Huertos familiares solidarios\",\"isPartOf\":{\"@id\":\"https:\\\/\\\/spaziospadoni.org\\\/es\\\/#website\"},\"primaryImageOfPage\":{\"@id\":\"https:\\\/\\\/spaziospadoni.org\\\/es\\\/america-republica-dominicana-los-huertos-familiares-que-nutren-a-la-comunidad\\\/#primaryimage\"},\"image\":{\"@id\":\"https:\\\/\\\/spaziospadoni.org\\\/es\\\/america-republica-dominicana-los-huertos-familiares-que-nutren-a-la-comunidad\\\/#primaryimage\"},\"thumbnailUrl\":\"https:\\\/\\\/spaziospadoni.org\\\/wp-content\\\/uploads\\\/2026\\\/08\\\/orti-comunitari-repubblica-dominicana.webp\",\"datePublished\":\"2026-08-26T06:00:00+00:00\",\"dateModified\":\"2026-08-26T08:01:29+00:00\",\"description\":\"En la Rep\u00fablica Dominicana, los huertos familiares de San Juan de la Maguana refuerzan la seguridad alimentaria y unen a la comunidad.\",\"breadcrumb\":{\"@id\":\"https:\\\/\\\/spaziospadoni.org\\\/es\\\/america-republica-dominicana-los-huertos-familiares-que-nutren-a-la-comunidad\\\/#breadcrumb\"},\"inLanguage\":\"es-ES\",\"potentialAction\":[{\"@type\":\"ReadAction\",\"target\":[\"https:\\\/\\\/spaziospadoni.org\\\/es\\\/america-republica-dominicana-los-huertos-familiares-que-nutren-a-la-comunidad\\\/\"]}]},{\"@type\":\"ImageObject\",\"inLanguage\":\"es-ES\",\"@id\":\"https:\\\/\\\/spaziospadoni.org\\\/es\\\/america-republica-dominicana-los-huertos-familiares-que-nutren-a-la-comunidad\\\/#primaryimage\",\"url\":\"https:\\\/\\\/spaziospadoni.org\\\/wp-content\\\/uploads\\\/2026\\\/08\\\/orti-comunitari-repubblica-dominicana.webp\",\"contentUrl\":\"https:\\\/\\\/spaziospadoni.org\\\/wp-content\\\/uploads\\\/2026\\\/08\\\/orti-comunitari-repubblica-dominicana.webp\",\"width\":1200,\"height\":541,\"caption\":\"El proyecto de huertos comunitarios involucr\u00f3 a los habitantes de La Pe\u00f1a, en San Juan de la Maguana (Rep\u00fablica Dominicana).\"},{\"@type\":\"BreadcrumbList\",\"@id\":\"https:\\\/\\\/spaziospadoni.org\\\/es\\\/america-republica-dominicana-los-huertos-familiares-que-nutren-a-la-comunidad\\\/#breadcrumb\",\"itemListElement\":[{\"@type\":\"ListItem\",\"position\":1,\"name\":\"Home\",\"item\":\"https:\\\/\\\/spaziospadoni.org\\\/es\\\/\"},{\"@type\":\"ListItem\",\"position\":2,\"name\":\"Am\u00e9rica, Rep\u00fablica Dominicana | Los huertos familiares que nutren a la comunidad\"}]},{\"@type\":\"WebSite\",\"@id\":\"https:\\\/\\\/spaziospadoni.org\\\/es\\\/#website\",\"url\":\"https:\\\/\\\/spaziospadoni.org\\\/es\\\/\",\"name\":\"spazio + spadoni\",\"description\":\"Generazione di misericordia e missione nel mondo\",\"publisher\":{\"@id\":\"https:\\\/\\\/spaziospadoni.org\\\/es\\\/#organization\"},\"alternateName\":\"spaziospadoni.org\",\"potentialAction\":[{\"@type\":\"SearchAction\",\"target\":{\"@type\":\"EntryPoint\",\"urlTemplate\":\"https:\\\/\\\/spaziospadoni.org\\\/es\\\/?s={search_term_string}\"},\"query-input\":{\"@type\":\"PropertyValueSpecification\",\"valueRequired\":true,\"valueName\":\"search_term_string\"}}],\"inLanguage\":\"es-ES\"},{\"@type\":\"Organization\",\"@id\":\"https:\\\/\\\/spaziospadoni.org\\\/es\\\/#organization\",\"name\":\"spazio + spadoni\",\"alternateName\":\"spaziospadoni.org\",\"url\":\"https:\\\/\\\/spaziospadoni.org\\\/es\\\/\",\"logo\":{\"@type\":\"ImageObject\",\"inLanguage\":\"es-ES\",\"@id\":\"https:\\\/\\\/spaziospadoni.org\\\/es\\\/#\\\/schema\\\/logo\\\/image\\\/\",\"url\":\"https:\\\/\\\/spaziospadoni.org\\\/wp-content\\\/uploads\\\/2026\\\/05\\\/spazio-spadoni-logo-100x100-1.webp\",\"contentUrl\":\"https:\\\/\\\/spaziospadoni.org\\\/wp-content\\\/uploads\\\/2026\\\/05\\\/spazio-spadoni-logo-100x100-1.webp\",\"width\":100,\"height\":100,\"caption\":\"spazio + spadoni\"},\"image\":{\"@id\":\"https:\\\/\\\/spaziospadoni.org\\\/es\\\/#\\\/schema\\\/logo\\\/image\\\/\"},\"sameAs\":[\"https:\\\/\\\/www.facebook.com\\\/SpazioSpadoni\\\/\",\"https:\\\/\\\/www.instagram.com\\\/spaziospadoni\\\/\",\"https:\\\/\\\/www.youtube.com\\\/@spaziospadoni\\\/playlists\"]},{\"@type\":\"Person\",\"@id\":\"https:\\\/\\\/spaziospadoni.org\\\/es\\\/#\\\/schema\\\/person\\\/8cd0e9eb9ef908a8a7d8e3a7a6e3137f\",\"name\":\"Rita Usai\",\"image\":{\"@type\":\"ImageObject\",\"inLanguage\":\"es-ES\",\"@id\":\"https:\\\/\\\/secure.gravatar.com\\\/avatar\\\/9fcd90e3052b71758c786038f89335d3f5c713e6ba0f3723d03789357fb778dd?s=96&d=mm&r=g\",\"url\":\"https:\\\/\\\/secure.gravatar.com\\\/avatar\\\/9fcd90e3052b71758c786038f89335d3f5c713e6ba0f3723d03789357fb778dd?s=96&d=mm&r=g\",\"contentUrl\":\"https:\\\/\\\/secure.gravatar.com\\\/avatar\\\/9fcd90e3052b71758c786038f89335d3f5c713e6ba0f3723d03789357fb778dd?s=96&d=mm&r=g\",\"caption\":\"Rita Usai\"},\"description\":\"Nacida en 1958, Rita es originaria de Cerde\u00f1a, de Quartu Sant\u2019Elena, la und\u00e9cima de 12 hijos. Religiosa consagrada de la Comunidad Misionera de Villaregia, lleva 40 a\u00f1os en misi\u00f3n en Am\u00e9rica Latina. Desde 2014 est\u00e1 en Puerto Rico, en la Comunidad de Arecibo, y desde noviembre de 2023 va y viene a la di\u00f3cesis de San Juan de la Maguana, una de las provincias m\u00e1s pobres de la Rep\u00fablica Dominicana.\",\"url\":\"https:\\\/\\\/spaziospadoni.org\\\/es\\\/author\\\/usai_mission\\\/\"}]}<\/script>\n<!-- \/ Yoast SEO plugin. -->","yoast_head_json":{"title":"Am\u00e9rica, Rep\u00fablica Dominicana | Huertos familiares solidarios","description":"En la Rep\u00fablica Dominicana, los huertos familiares de San Juan de la Maguana refuerzan la seguridad alimentaria y unen a la comunidad.","robots":{"index":"index","follow":"follow","max-snippet":"max-snippet:-1","max-image-preview":"max-image-preview:large","max-video-preview":"max-video-preview:-1"},"canonical":"https:\/\/spaziospadoni.org\/es\/america-republica-dominicana-los-huertos-familiares-que-nutren-a-la-comunidad\/","og_locale":"es_ES","og_type":"article","og_title":"Am\u00e9rica, Rep\u00fablica Dominicana | Huertos familiares solidarios","og_description":"En la Rep\u00fablica Dominicana, los huertos familiares de San Juan de la Maguana refuerzan la seguridad alimentaria y unen a la comunidad.","og_url":"https:\/\/spaziospadoni.org\/es\/america-republica-dominicana-los-huertos-familiares-que-nutren-a-la-comunidad\/","og_site_name":"spazio + spadoni","article_publisher":"https:\/\/www.facebook.com\/SpazioSpadoni\/","article_published_time":"2026-08-26T06:00:00+00:00","article_modified_time":"2026-08-26T08:01:29+00:00","og_image":[{"width":1200,"height":541,"url":"https:\/\/spaziospadoni.org\/wp-content\/uploads\/2026\/08\/orti-comunitari-repubblica-dominicana.webp","type":"image\/webp"}],"author":"Rita Usai","twitter_card":"summary_large_image","twitter_misc":{"Escrito por":"Rita Usai","Est. reading time":"3 minutes"},"schema":{"@context":"https:\/\/schema.org","@graph":[{"@type":"Article","@id":"https:\/\/spaziospadoni.org\/es\/america-republica-dominicana-los-huertos-familiares-que-nutren-a-la-comunidad\/#article","isPartOf":{"@id":"https:\/\/spaziospadoni.org\/es\/america-republica-dominicana-los-huertos-familiares-que-nutren-a-la-comunidad\/"},"author":{"name":"Rita Usai","@id":"https:\/\/spaziospadoni.org\/es\/#\/schema\/person\/8cd0e9eb9ef908a8a7d8e3a7a6e3137f"},"headline":"Am\u00e9rica, Rep\u00fablica Dominicana | Los huertos familiares que nutren a la comunidad","datePublished":"2026-08-26T06:00:00+00:00","dateModified":"2026-08-26T08:01:29+00:00","mainEntityOfPage":{"@id":"https:\/\/spaziospadoni.org\/es\/america-republica-dominicana-los-huertos-familiares-que-nutren-a-la-comunidad\/"},"wordCount":568,"publisher":{"@id":"https:\/\/spaziospadoni.org\/es\/#organization"},"image":{"@id":"https:\/\/spaziospadoni.org\/es\/america-republica-dominicana-los-huertos-familiares-que-nutren-a-la-comunidad\/#primaryimage"},"thumbnailUrl":"https:\/\/spaziospadoni.org\/wp-content\/uploads\/2026\/08\/orti-comunitari-repubblica-dominicana.webp","keywords":["agricultura","Comunidad","Experiencia misionera","Rep\u00fablica Dominicana"],"articleSection":["Espacio misionero"],"inLanguage":"es-ES"},{"@type":"WebPage","@id":"https:\/\/spaziospadoni.org\/es\/america-republica-dominicana-los-huertos-familiares-que-nutren-a-la-comunidad\/","url":"https:\/\/spaziospadoni.org\/es\/america-republica-dominicana-los-huertos-familiares-que-nutren-a-la-comunidad\/","name":"Am\u00e9rica, Rep\u00fablica Dominicana | Huertos familiares solidarios","isPartOf":{"@id":"https:\/\/spaziospadoni.org\/es\/#website"},"primaryImageOfPage":{"@id":"https:\/\/spaziospadoni.org\/es\/america-republica-dominicana-los-huertos-familiares-que-nutren-a-la-comunidad\/#primaryimage"},"image":{"@id":"https:\/\/spaziospadoni.org\/es\/america-republica-dominicana-los-huertos-familiares-que-nutren-a-la-comunidad\/#primaryimage"},"thumbnailUrl":"https:\/\/spaziospadoni.org\/wp-content\/uploads\/2026\/08\/orti-comunitari-repubblica-dominicana.webp","datePublished":"2026-08-26T06:00:00+00:00","dateModified":"2026-08-26T08:01:29+00:00","description":"En la Rep\u00fablica Dominicana, los huertos familiares de San Juan de la Maguana refuerzan la seguridad alimentaria y unen a la comunidad.","breadcrumb":{"@id":"https:\/\/spaziospadoni.org\/es\/america-republica-dominicana-los-huertos-familiares-que-nutren-a-la-comunidad\/#breadcrumb"},"inLanguage":"es-ES","potentialAction":[{"@type":"ReadAction","target":["https:\/\/spaziospadoni.org\/es\/america-republica-dominicana-los-huertos-familiares-que-nutren-a-la-comunidad\/"]}]},{"@type":"ImageObject","inLanguage":"es-ES","@id":"https:\/\/spaziospadoni.org\/es\/america-republica-dominicana-los-huertos-familiares-que-nutren-a-la-comunidad\/#primaryimage","url":"https:\/\/spaziospadoni.org\/wp-content\/uploads\/2026\/08\/orti-comunitari-repubblica-dominicana.webp","contentUrl":"https:\/\/spaziospadoni.org\/wp-content\/uploads\/2026\/08\/orti-comunitari-repubblica-dominicana.webp","width":1200,"height":541,"caption":"El proyecto de huertos comunitarios involucr\u00f3 a los habitantes de La Pe\u00f1a, en San Juan de la Maguana (Rep\u00fablica Dominicana)."},{"@type":"BreadcrumbList","@id":"https:\/\/spaziospadoni.org\/es\/america-republica-dominicana-los-huertos-familiares-que-nutren-a-la-comunidad\/#breadcrumb","itemListElement":[{"@type":"ListItem","position":1,"name":"Home","item":"https:\/\/spaziospadoni.org\/es\/"},{"@type":"ListItem","position":2,"name":"Am\u00e9rica, Rep\u00fablica Dominicana | Los huertos familiares que nutren a la comunidad"}]},{"@type":"WebSite","@id":"https:\/\/spaziospadoni.org\/es\/#website","url":"https:\/\/spaziospadoni.org\/es\/","name":"spazio + spadoni","description":"Generazione di misericordia e missione nel mondo","publisher":{"@id":"https:\/\/spaziospadoni.org\/es\/#organization"},"alternateName":"spaziospadoni.org","potentialAction":[{"@type":"SearchAction","target":{"@type":"EntryPoint","urlTemplate":"https:\/\/spaziospadoni.org\/es\/?s={search_term_string}"},"query-input":{"@type":"PropertyValueSpecification","valueRequired":true,"valueName":"search_term_string"}}],"inLanguage":"es-ES"},{"@type":"Organization","@id":"https:\/\/spaziospadoni.org\/es\/#organization","name":"spazio + spadoni","alternateName":"spaziospadoni.org","url":"https:\/\/spaziospadoni.org\/es\/","logo":{"@type":"ImageObject","inLanguage":"es-ES","@id":"https:\/\/spaziospadoni.org\/es\/#\/schema\/logo\/image\/","url":"https:\/\/spaziospadoni.org\/wp-content\/uploads\/2026\/05\/spazio-spadoni-logo-100x100-1.webp","contentUrl":"https:\/\/spaziospadoni.org\/wp-content\/uploads\/2026\/05\/spazio-spadoni-logo-100x100-1.webp","width":100,"height":100,"caption":"spazio + spadoni"},"image":{"@id":"https:\/\/spaziospadoni.org\/es\/#\/schema\/logo\/image\/"},"sameAs":["https:\/\/www.facebook.com\/SpazioSpadoni\/","https:\/\/www.instagram.com\/spaziospadoni\/","https:\/\/www.youtube.com\/@spaziospadoni\/playlists"]},{"@type":"Person","@id":"https:\/\/spaziospadoni.org\/es\/#\/schema\/person\/8cd0e9eb9ef908a8a7d8e3a7a6e3137f","name":"Rita Usai","image":{"@type":"ImageObject","inLanguage":"es-ES","@id":"https:\/\/secure.gravatar.com\/avatar\/9fcd90e3052b71758c786038f89335d3f5c713e6ba0f3723d03789357fb778dd?s=96&d=mm&r=g","url":"https:\/\/secure.gravatar.com\/avatar\/9fcd90e3052b71758c786038f89335d3f5c713e6ba0f3723d03789357fb778dd?s=96&d=mm&r=g","contentUrl":"https:\/\/secure.gravatar.com\/avatar\/9fcd90e3052b71758c786038f89335d3f5c713e6ba0f3723d03789357fb778dd?s=96&d=mm&r=g","caption":"Rita Usai"},"description":"Nacida en 1958, Rita es originaria de Cerde\u00f1a, de Quartu Sant\u2019Elena, la und\u00e9cima de 12 hijos. Religiosa consagrada de la Comunidad Misionera de Villaregia, lleva 40 a\u00f1os en misi\u00f3n en Am\u00e9rica Latina. Desde 2014 est\u00e1 en Puerto Rico, en la Comunidad de Arecibo, y desde noviembre de 2023 va y viene a la di\u00f3cesis de San Juan de la Maguana, una de las provincias m\u00e1s pobres de la Rep\u00fablica Dominicana.","url":"https:\/\/spaziospadoni.org\/es\/author\/usai_mission\/"}]}},"_links":{"self":[{"href":"https:\/\/spaziospadoni.org\/es\/wp-json\/wp\/v2\/posts\/92441","targetHints":{"allow":["GET"]}}],"collection":[{"href":"https:\/\/spaziospadoni.org\/es\/wp-json\/wp\/v2\/posts"}],"about":[{"href":"https:\/\/spaziospadoni.org\/es\/wp-json\/wp\/v2\/types\/post"}],"author":[{"embeddable":true,"href":"https:\/\/spaziospadoni.org\/es\/wp-json\/wp\/v2\/users\/68"}],"replies":[{"embeddable":true,"href":"https:\/\/spaziospadoni.org\/es\/wp-json\/wp\/v2\/comments?post=92441"}],"version-history":[{"count":3,"href":"https:\/\/spaziospadoni.org\/es\/wp-json\/wp\/v2\/posts\/92441\/revisions"}],"predecessor-version":[{"id":92655,"href":"https:\/\/spaziospadoni.org\/es\/wp-json\/wp\/v2\/posts\/92441\/revisions\/92655"}],"wp:featuredmedia":[{"embeddable":true,"href":"https:\/\/spaziospadoni.org\/es\/wp-json\/wp\/v2\/media\/92440"}],"wp:attachment":[{"href":"https:\/\/spaziospadoni.org\/es\/wp-json\/wp\/v2\/media?parent=92441"}],"wp:term":[{"taxonomy":"category","embeddable":true,"href":"https:\/\/spaziospadoni.org\/es\/wp-json\/wp\/v2\/categories?post=92441"},{"taxonomy":"post_tag","embeddable":true,"href":"https:\/\/spaziospadoni.org\/es\/wp-json\/wp\/v2\/tags?post=92441"}],"curies":[{"name":"wp","href":"https:\/\/api.w.org\/{rel}","templated":true}]}}