{"id":93503,"date":"2026-08-25T07:00:00","date_gmt":"2026-08-25T06:00:00","guid":{"rendered":"https:\/\/spaziospadoni.org\/?p=93503"},"modified":"2026-08-26T14:22:16","modified_gmt":"2026-08-26T13:22:16","slug":"africa-republica-democratica-del-congo-cuando-la-misericordia-sostuvo-a-goma","status":"publish","type":"post","link":"https:\/\/spaziospadoni.org\/es\/africa-republica-democratica-del-congo-cuando-la-misericordia-sostuvo-a-goma\/","title":{"rendered":"\u00c1frica, Rep\u00fablica Democr\u00e1tica del Congo | Cuando la misericordia sostuvo a Goma"},"content":{"rendered":"\n<p class=\"wp-block-paragraph\">El 28 de enero de 2025, fuimos testigos de la ca\u00edda de la ciudad de Goma, en el este de la Rep\u00fablica Democr\u00e1tica del Congo. Ese d\u00eda, el ruido de las armas acall\u00f3 las voces. Mujeres y ni\u00f1os, traumatizados, presentaban heridas graves. Y, lamentablemente, sin consuelo alguno. Durante dos semanas, Goma se qued\u00f3 sin electricidad, sin agua, sin internet.<\/p>\n\n\n\n<p class=\"wp-block-paragraph\">En la oscuridad, la poblaci\u00f3n sobrevivi\u00f3. No gracias a los medios disponibles. Sino gracias a la resiliencia. Gracias a la misericordia.<\/p>\n\n\n\n<h2 id=\"abrir-la-propia-puerta-cuando-falta-todo\" class=\"wp-block-heading\">Abrir la propia puerta cuando falta todo<\/h2>\n\n\n\n<p class=\"wp-block-paragraph\">En mi casa sab\u00eda que no ten\u00eda suficiente para dos semanas. Pero dos familias que hu\u00edan llamaron a mi puerta. No pude decir que no. Compartimos lo que ten\u00edamos: un poco de comida, agua recogida, una estera en el suelo. Era \u00abacoger al forastero\u00bb, \u00abdar de comer al hambriento\u00bb, \u00abconsolar al afligido\u00bb. Gracias a Dios, juntos logramos resistir. Juntos superamos estas calamidades.<\/p>\n\n\n\n<h2 id=\"la-misericordia-que-se-convierte-en-mediacion\" class=\"wp-block-heading\">La misericordia que se convierte en mediaci\u00f3n<\/h2>\n\n\n\n<p class=\"wp-block-paragraph\">Hoy, con el nacimiento del Centro Africano para la Paz, la Mediaci\u00f3n y la Diplomacia &#8211; CAPMD-UNIM, queremos ir m\u00e1s all\u00e1. Ya formamos parte de este Centro para poner en valor nuestras investigaciones y nuestras acciones. Nuestra misi\u00f3n es simple: ESCUCHAR \u2013 DIALOGAR \u2013 RECONCILIAR \u2013 RESOLVER. Porque esta parte del pa\u00eds vive en guerra desde hace d\u00e9cadas. Y creemos que la paz pasa tambi\u00e9n por la mediaci\u00f3n.<\/p>\n\n\n\n<h2 id=\"contar-para-que-el-bien-se-multiplique\" class=\"wp-block-heading\">Contar para que el bien se multiplique<\/h2>\n\n\n\n<p class=\"wp-block-paragraph\">Hoy el Movimiento spazio + spadoni nos invita a contar \u00abtodo el bien que existe\u00bb. Por eso doy este testimonio, porque vi con mis propios ojos: incluso en el coraz\u00f3n de la ca\u00edda de una ciudad, hay puertas que se abren. Que la historia de Goma llegue a otros corazones en el mundo a trav\u00e9s de spazio + spadoni. La misericordia no apag\u00f3 la guerra. Pero impidi\u00f3 que la humanidad se apagara.<\/p>\n\n\n\n<p class=\"wp-block-paragraph\"><strong>Foto de Destin Byandike<\/strong><\/p>\n","protected":false},"excerpt":{"rendered":"<p>El 28 de enero de 2025, fuimos testigos de la ca\u00edda de la ciudad de Goma, en el este de la Rep\u00fablica Democr\u00e1tica del Congo. Ese d\u00eda, el ruido de las armas acall\u00f3 las voces. Mujeres y ni\u00f1os, traumatizados, presentaban heridas graves. Y, lamentablemente, sin consuelo alguno. Durante dos semanas, Goma se qued\u00f3 sin electricidad, &#8230; <a title=\"\u00c1frica, Rep\u00fablica Democr\u00e1tica del Congo | Cuando la misericordia sostuvo a Goma\" class=\"read-more\" href=\"https:\/\/spaziospadoni.org\/es\/africa-republica-democratica-del-congo-cuando-la-misericordia-sostuvo-a-goma\/\" aria-label=\"Read more about \u00c1frica, Rep\u00fablica Democr\u00e1tica del Congo | Cuando la misericordia sostuvo a Goma\">Leer m\u00e1s<\/a><\/p>\n","protected":false},"author":111,"featured_media":93502,"comment_status":"closed","ping_status":"closed","sticky":false,"template":"","format":"standard","meta":{"_sitemap_exclude":false,"_sitemap_priority":"","_sitemap_frequency":"","ss_featured_image_title":"","ss_featured_image_alt":"","ss_featured_image_caption":"","footnotes":""},"categories":[2428],"tags":[3420,2721,3744,2610],"class_list":["post-93503","post","type-post","status-publish","format-standard","has-post-thumbnail","hentry","category-actos-de-misericordia","tag-goma-es","tag-guerra-es","tag-misericordioso-es-441","tag-republica-democratica-del-congo","infinite-scroll-item","generate-columns","tablet-grid-50","mobile-grid-100","grid-parent","grid-50"],"yoast_head":"<!-- This site is optimized with the Yoast SEO plugin v28.4 - https:\/\/yoast.com\/product\/yoast-seo-wordpress\/ -->\n<title>\u00c1frica, RD Congo | La fuerza de la misericordia en Goma<\/title>\n<meta name=\"description\" content=\"Testimonio sobre la ca\u00edda de Goma en 2025: la misericordia, la acogida entre familias y el compromiso por la paz del Centro CAPMD-UNIM.\" \/>\n<meta name=\"robots\" content=\"index, follow, max-snippet:-1, max-image-preview:large, max-video-preview:-1\" \/>\n<link rel=\"canonical\" href=\"https:\/\/spaziospadoni.org\/es\/africa-republica-democratica-del-congo-cuando-la-misericordia-sostuvo-a-goma\/\" \/>\n<meta property=\"og:locale\" content=\"es_ES\" \/>\n<meta property=\"og:type\" content=\"article\" \/>\n<meta property=\"og:title\" content=\"\u00c1frica, RD Congo | La fuerza de la misericordia en Goma\" \/>\n<meta property=\"og:description\" content=\"Testimonio sobre la ca\u00edda de Goma en 2025: la misericordia, la acogida entre familias y el compromiso por la paz del Centro CAPMD-UNIM.\" \/>\n<meta property=\"og:url\" content=\"https:\/\/spaziospadoni.org\/es\/africa-republica-democratica-del-congo-cuando-la-misericordia-sostuvo-a-goma\/\" \/>\n<meta property=\"og:site_name\" content=\"spazio + spadoni\" \/>\n<meta property=\"article:publisher\" content=\"https:\/\/www.facebook.com\/SpazioSpadoni\/\" \/>\n<meta property=\"article:published_time\" content=\"2026-08-25T06:00:00+00:00\" \/>\n<meta property=\"article:modified_time\" content=\"2026-08-26T13:22:16+00:00\" \/>\n<meta property=\"og:image\" content=\"https:\/\/spaziospadoni.org\/wp-content\/uploads\/2026\/08\/repubblica-democratica-congo-remi.webp\" \/>\n\t<meta property=\"og:image:width\" content=\"1200\" \/>\n\t<meta property=\"og:image:height\" content=\"674\" \/>\n\t<meta property=\"og:image:type\" content=\"image\/webp\" \/>\n<meta name=\"author\" content=\"Destin Byandike\" \/>\n<meta name=\"twitter:card\" content=\"summary_large_image\" \/>\n<meta name=\"twitter:label1\" content=\"Escrito por\" \/>\n\t<meta name=\"twitter:data1\" content=\"Destin Byandike\" \/>\n\t<meta name=\"twitter:label2\" content=\"Est. reading time\" \/>\n\t<meta name=\"twitter:data2\" content=\"2 minutes\" \/>\n<script type=\"application\/ld+json\" class=\"yoast-schema-graph\">{\"@context\":\"https:\\\/\\\/schema.org\",\"@graph\":[{\"@type\":\"Article\",\"@id\":\"https:\\\/\\\/spaziospadoni.org\\\/es\\\/africa-republica-democratica-del-congo-cuando-la-misericordia-sostuvo-a-goma\\\/#article\",\"isPartOf\":{\"@id\":\"https:\\\/\\\/spaziospadoni.org\\\/es\\\/africa-republica-democratica-del-congo-cuando-la-misericordia-sostuvo-a-goma\\\/\"},\"author\":{\"name\":\"Destin Byandike\",\"@id\":\"https:\\\/\\\/spaziospadoni.org\\\/es\\\/#\\\/schema\\\/person\\\/6297cff4ad988760cee72bb3f83e078f\"},\"headline\":\"\u00c1frica, Rep\u00fablica Democr\u00e1tica del Congo | Cuando la misericordia sostuvo a Goma\",\"datePublished\":\"2026-08-25T06:00:00+00:00\",\"dateModified\":\"2026-08-26T13:22:16+00:00\",\"mainEntityOfPage\":{\"@id\":\"https:\\\/\\\/spaziospadoni.org\\\/es\\\/africa-republica-democratica-del-congo-cuando-la-misericordia-sostuvo-a-goma\\\/\"},\"wordCount\":334,\"publisher\":{\"@id\":\"https:\\\/\\\/spaziospadoni.org\\\/es\\\/#organization\"},\"image\":{\"@id\":\"https:\\\/\\\/spaziospadoni.org\\\/es\\\/africa-republica-democratica-del-congo-cuando-la-misericordia-sostuvo-a-goma\\\/#primaryimage\"},\"thumbnailUrl\":\"https:\\\/\\\/spaziospadoni.org\\\/wp-content\\\/uploads\\\/2026\\\/08\\\/repubblica-democratica-congo-remi.webp\",\"keywords\":[\"Goma\",\"Guerra\",\"misericordioso\",\"Rep\u00fablica Democr\u00e1tica del Congo\"],\"articleSection\":[\"Actos de misericordia\"],\"inLanguage\":\"es-ES\"},{\"@type\":\"WebPage\",\"@id\":\"https:\\\/\\\/spaziospadoni.org\\\/es\\\/africa-republica-democratica-del-congo-cuando-la-misericordia-sostuvo-a-goma\\\/\",\"url\":\"https:\\\/\\\/spaziospadoni.org\\\/es\\\/africa-republica-democratica-del-congo-cuando-la-misericordia-sostuvo-a-goma\\\/\",\"name\":\"\u00c1frica, RD Congo | La fuerza de la misericordia en Goma\",\"isPartOf\":{\"@id\":\"https:\\\/\\\/spaziospadoni.org\\\/es\\\/#website\"},\"primaryImageOfPage\":{\"@id\":\"https:\\\/\\\/spaziospadoni.org\\\/es\\\/africa-republica-democratica-del-congo-cuando-la-misericordia-sostuvo-a-goma\\\/#primaryimage\"},\"image\":{\"@id\":\"https:\\\/\\\/spaziospadoni.org\\\/es\\\/africa-republica-democratica-del-congo-cuando-la-misericordia-sostuvo-a-goma\\\/#primaryimage\"},\"thumbnailUrl\":\"https:\\\/\\\/spaziospadoni.org\\\/wp-content\\\/uploads\\\/2026\\\/08\\\/repubblica-democratica-congo-remi.webp\",\"datePublished\":\"2026-08-25T06:00:00+00:00\",\"dateModified\":\"2026-08-26T13:22:16+00:00\",\"description\":\"Testimonio sobre la ca\u00edda de Goma en 2025: la misericordia, la acogida entre familias y el compromiso por la paz del Centro CAPMD-UNIM.\",\"breadcrumb\":{\"@id\":\"https:\\\/\\\/spaziospadoni.org\\\/es\\\/africa-republica-democratica-del-congo-cuando-la-misericordia-sostuvo-a-goma\\\/#breadcrumb\"},\"inLanguage\":\"es-ES\",\"potentialAction\":[{\"@type\":\"ReadAction\",\"target\":[\"https:\\\/\\\/spaziospadoni.org\\\/es\\\/africa-republica-democratica-del-congo-cuando-la-misericordia-sostuvo-a-goma\\\/\"]}]},{\"@type\":\"ImageObject\",\"inLanguage\":\"es-ES\",\"@id\":\"https:\\\/\\\/spaziospadoni.org\\\/es\\\/africa-republica-democratica-del-congo-cuando-la-misericordia-sostuvo-a-goma\\\/#primaryimage\",\"url\":\"https:\\\/\\\/spaziospadoni.org\\\/wp-content\\\/uploads\\\/2026\\\/08\\\/repubblica-democratica-congo-remi.webp\",\"contentUrl\":\"https:\\\/\\\/spaziospadoni.org\\\/wp-content\\\/uploads\\\/2026\\\/08\\\/repubblica-democratica-congo-remi.webp\",\"width\":1200,\"height\":674},{\"@type\":\"BreadcrumbList\",\"@id\":\"https:\\\/\\\/spaziospadoni.org\\\/es\\\/africa-republica-democratica-del-congo-cuando-la-misericordia-sostuvo-a-goma\\\/#breadcrumb\",\"itemListElement\":[{\"@type\":\"ListItem\",\"position\":1,\"name\":\"Home\",\"item\":\"https:\\\/\\\/spaziospadoni.org\\\/es\\\/\"},{\"@type\":\"ListItem\",\"position\":2,\"name\":\"\u00c1frica, Rep\u00fablica Democr\u00e1tica del Congo | Cuando la misericordia sostuvo a Goma\"}]},{\"@type\":\"WebSite\",\"@id\":\"https:\\\/\\\/spaziospadoni.org\\\/es\\\/#website\",\"url\":\"https:\\\/\\\/spaziospadoni.org\\\/es\\\/\",\"name\":\"spazio + spadoni\",\"description\":\"Generazione di misericordia e missione nel mondo\",\"publisher\":{\"@id\":\"https:\\\/\\\/spaziospadoni.org\\\/es\\\/#organization\"},\"alternateName\":\"spaziospadoni.org\",\"potentialAction\":[{\"@type\":\"SearchAction\",\"target\":{\"@type\":\"EntryPoint\",\"urlTemplate\":\"https:\\\/\\\/spaziospadoni.org\\\/es\\\/?s={search_term_string}\"},\"query-input\":{\"@type\":\"PropertyValueSpecification\",\"valueRequired\":true,\"valueName\":\"search_term_string\"}}],\"inLanguage\":\"es-ES\"},{\"@type\":\"Organization\",\"@id\":\"https:\\\/\\\/spaziospadoni.org\\\/es\\\/#organization\",\"name\":\"spazio + spadoni\",\"alternateName\":\"spaziospadoni.org\",\"url\":\"https:\\\/\\\/spaziospadoni.org\\\/es\\\/\",\"logo\":{\"@type\":\"ImageObject\",\"inLanguage\":\"es-ES\",\"@id\":\"https:\\\/\\\/spaziospadoni.org\\\/es\\\/#\\\/schema\\\/logo\\\/image\\\/\",\"url\":\"https:\\\/\\\/spaziospadoni.org\\\/wp-content\\\/uploads\\\/2026\\\/05\\\/spazio-spadoni-logo-100x100-1.webp\",\"contentUrl\":\"https:\\\/\\\/spaziospadoni.org\\\/wp-content\\\/uploads\\\/2026\\\/05\\\/spazio-spadoni-logo-100x100-1.webp\",\"width\":100,\"height\":100,\"caption\":\"spazio + spadoni\"},\"image\":{\"@id\":\"https:\\\/\\\/spaziospadoni.org\\\/es\\\/#\\\/schema\\\/logo\\\/image\\\/\"},\"sameAs\":[\"https:\\\/\\\/www.facebook.com\\\/SpazioSpadoni\\\/\",\"https:\\\/\\\/www.instagram.com\\\/spaziospadoni\\\/\",\"https:\\\/\\\/www.youtube.com\\\/@spaziospadoni\\\/playlists\"]},{\"@type\":\"Person\",\"@id\":\"https:\\\/\\\/spaziospadoni.org\\\/es\\\/#\\\/schema\\\/person\\\/6297cff4ad988760cee72bb3f83e078f\",\"name\":\"Destin Byandike\",\"image\":{\"@type\":\"ImageObject\",\"inLanguage\":\"es-ES\",\"@id\":\"https:\\\/\\\/secure.gravatar.com\\\/avatar\\\/fd5587495a9a6aa30e738c0964461efb38a880d11d17dd49b6ecbb17fb18d017?s=96&d=mm&r=g\",\"url\":\"https:\\\/\\\/secure.gravatar.com\\\/avatar\\\/fd5587495a9a6aa30e738c0964461efb38a880d11d17dd49b6ecbb17fb18d017?s=96&d=mm&r=g\",\"contentUrl\":\"https:\\\/\\\/secure.gravatar.com\\\/avatar\\\/fd5587495a9a6aa30e738c0964461efb38a880d11d17dd49b6ecbb17fb18d017?s=96&d=mm&r=g\",\"caption\":\"Destin Byandike\"},\"description\":\"Cittadino della Repubblica Democratica del Congo. Autore e ricercatore nel campo della pace nella RDC. Specializzato in cooperazione internazionale e negoziazione strategica presso la Scuola Nazionale di Diplomazia, Negoziazione e Mediazione dell\u2019Universit\u00e0 dei Martiri del Congo. Svolge le sue attivit\u00e0 di ricerca presso l\u2019Universit\u00e0 dei Martiri del Congo ed \u00e8 ricercatore associato alla Revue Africaine des Sciences Sociales, con sede in Camerun.\",\"url\":\"https:\\\/\\\/spaziospadoni.org\\\/es\\\/author\\\/ddyandikespspadoni\\\/\"}]}<\/script>\n<!-- \/ Yoast SEO plugin. -->","yoast_head_json":{"title":"\u00c1frica, RD Congo | La fuerza de la misericordia en Goma","description":"Testimonio sobre la ca\u00edda de Goma en 2025: la misericordia, la acogida entre familias y el compromiso por la paz del Centro CAPMD-UNIM.","robots":{"index":"index","follow":"follow","max-snippet":"max-snippet:-1","max-image-preview":"max-image-preview:large","max-video-preview":"max-video-preview:-1"},"canonical":"https:\/\/spaziospadoni.org\/es\/africa-republica-democratica-del-congo-cuando-la-misericordia-sostuvo-a-goma\/","og_locale":"es_ES","og_type":"article","og_title":"\u00c1frica, RD Congo | La fuerza de la misericordia en Goma","og_description":"Testimonio sobre la ca\u00edda de Goma en 2025: la misericordia, la acogida entre familias y el compromiso por la paz del Centro CAPMD-UNIM.","og_url":"https:\/\/spaziospadoni.org\/es\/africa-republica-democratica-del-congo-cuando-la-misericordia-sostuvo-a-goma\/","og_site_name":"spazio + spadoni","article_publisher":"https:\/\/www.facebook.com\/SpazioSpadoni\/","article_published_time":"2026-08-25T06:00:00+00:00","article_modified_time":"2026-08-26T13:22:16+00:00","og_image":[{"width":1200,"height":674,"url":"https:\/\/spaziospadoni.org\/wp-content\/uploads\/2026\/08\/repubblica-democratica-congo-remi.webp","type":"image\/webp"}],"author":"Destin Byandike","twitter_card":"summary_large_image","twitter_misc":{"Escrito por":"Destin Byandike","Est. reading time":"2 minutes"},"schema":{"@context":"https:\/\/schema.org","@graph":[{"@type":"Article","@id":"https:\/\/spaziospadoni.org\/es\/africa-republica-democratica-del-congo-cuando-la-misericordia-sostuvo-a-goma\/#article","isPartOf":{"@id":"https:\/\/spaziospadoni.org\/es\/africa-republica-democratica-del-congo-cuando-la-misericordia-sostuvo-a-goma\/"},"author":{"name":"Destin Byandike","@id":"https:\/\/spaziospadoni.org\/es\/#\/schema\/person\/6297cff4ad988760cee72bb3f83e078f"},"headline":"\u00c1frica, Rep\u00fablica Democr\u00e1tica del Congo | Cuando la misericordia sostuvo a Goma","datePublished":"2026-08-25T06:00:00+00:00","dateModified":"2026-08-26T13:22:16+00:00","mainEntityOfPage":{"@id":"https:\/\/spaziospadoni.org\/es\/africa-republica-democratica-del-congo-cuando-la-misericordia-sostuvo-a-goma\/"},"wordCount":334,"publisher":{"@id":"https:\/\/spaziospadoni.org\/es\/#organization"},"image":{"@id":"https:\/\/spaziospadoni.org\/es\/africa-republica-democratica-del-congo-cuando-la-misericordia-sostuvo-a-goma\/#primaryimage"},"thumbnailUrl":"https:\/\/spaziospadoni.org\/wp-content\/uploads\/2026\/08\/repubblica-democratica-congo-remi.webp","keywords":["Goma","Guerra","misericordioso","Rep\u00fablica Democr\u00e1tica del Congo"],"articleSection":["Actos de misericordia"],"inLanguage":"es-ES"},{"@type":"WebPage","@id":"https:\/\/spaziospadoni.org\/es\/africa-republica-democratica-del-congo-cuando-la-misericordia-sostuvo-a-goma\/","url":"https:\/\/spaziospadoni.org\/es\/africa-republica-democratica-del-congo-cuando-la-misericordia-sostuvo-a-goma\/","name":"\u00c1frica, RD Congo | La fuerza de la misericordia en Goma","isPartOf":{"@id":"https:\/\/spaziospadoni.org\/es\/#website"},"primaryImageOfPage":{"@id":"https:\/\/spaziospadoni.org\/es\/africa-republica-democratica-del-congo-cuando-la-misericordia-sostuvo-a-goma\/#primaryimage"},"image":{"@id":"https:\/\/spaziospadoni.org\/es\/africa-republica-democratica-del-congo-cuando-la-misericordia-sostuvo-a-goma\/#primaryimage"},"thumbnailUrl":"https:\/\/spaziospadoni.org\/wp-content\/uploads\/2026\/08\/repubblica-democratica-congo-remi.webp","datePublished":"2026-08-25T06:00:00+00:00","dateModified":"2026-08-26T13:22:16+00:00","description":"Testimonio sobre la ca\u00edda de Goma en 2025: la misericordia, la acogida entre familias y el compromiso por la paz del Centro CAPMD-UNIM.","breadcrumb":{"@id":"https:\/\/spaziospadoni.org\/es\/africa-republica-democratica-del-congo-cuando-la-misericordia-sostuvo-a-goma\/#breadcrumb"},"inLanguage":"es-ES","potentialAction":[{"@type":"ReadAction","target":["https:\/\/spaziospadoni.org\/es\/africa-republica-democratica-del-congo-cuando-la-misericordia-sostuvo-a-goma\/"]}]},{"@type":"ImageObject","inLanguage":"es-ES","@id":"https:\/\/spaziospadoni.org\/es\/africa-republica-democratica-del-congo-cuando-la-misericordia-sostuvo-a-goma\/#primaryimage","url":"https:\/\/spaziospadoni.org\/wp-content\/uploads\/2026\/08\/repubblica-democratica-congo-remi.webp","contentUrl":"https:\/\/spaziospadoni.org\/wp-content\/uploads\/2026\/08\/repubblica-democratica-congo-remi.webp","width":1200,"height":674},{"@type":"BreadcrumbList","@id":"https:\/\/spaziospadoni.org\/es\/africa-republica-democratica-del-congo-cuando-la-misericordia-sostuvo-a-goma\/#breadcrumb","itemListElement":[{"@type":"ListItem","position":1,"name":"Home","item":"https:\/\/spaziospadoni.org\/es\/"},{"@type":"ListItem","position":2,"name":"\u00c1frica, Rep\u00fablica Democr\u00e1tica del Congo | Cuando la misericordia sostuvo a Goma"}]},{"@type":"WebSite","@id":"https:\/\/spaziospadoni.org\/es\/#website","url":"https:\/\/spaziospadoni.org\/es\/","name":"spazio + spadoni","description":"Generazione di misericordia e missione nel mondo","publisher":{"@id":"https:\/\/spaziospadoni.org\/es\/#organization"},"alternateName":"spaziospadoni.org","potentialAction":[{"@type":"SearchAction","target":{"@type":"EntryPoint","urlTemplate":"https:\/\/spaziospadoni.org\/es\/?s={search_term_string}"},"query-input":{"@type":"PropertyValueSpecification","valueRequired":true,"valueName":"search_term_string"}}],"inLanguage":"es-ES"},{"@type":"Organization","@id":"https:\/\/spaziospadoni.org\/es\/#organization","name":"spazio + spadoni","alternateName":"spaziospadoni.org","url":"https:\/\/spaziospadoni.org\/es\/","logo":{"@type":"ImageObject","inLanguage":"es-ES","@id":"https:\/\/spaziospadoni.org\/es\/#\/schema\/logo\/image\/","url":"https:\/\/spaziospadoni.org\/wp-content\/uploads\/2026\/05\/spazio-spadoni-logo-100x100-1.webp","contentUrl":"https:\/\/spaziospadoni.org\/wp-content\/uploads\/2026\/05\/spazio-spadoni-logo-100x100-1.webp","width":100,"height":100,"caption":"spazio + spadoni"},"image":{"@id":"https:\/\/spaziospadoni.org\/es\/#\/schema\/logo\/image\/"},"sameAs":["https:\/\/www.facebook.com\/SpazioSpadoni\/","https:\/\/www.instagram.com\/spaziospadoni\/","https:\/\/www.youtube.com\/@spaziospadoni\/playlists"]},{"@type":"Person","@id":"https:\/\/spaziospadoni.org\/es\/#\/schema\/person\/6297cff4ad988760cee72bb3f83e078f","name":"Destin Byandike","image":{"@type":"ImageObject","inLanguage":"es-ES","@id":"https:\/\/secure.gravatar.com\/avatar\/fd5587495a9a6aa30e738c0964461efb38a880d11d17dd49b6ecbb17fb18d017?s=96&d=mm&r=g","url":"https:\/\/secure.gravatar.com\/avatar\/fd5587495a9a6aa30e738c0964461efb38a880d11d17dd49b6ecbb17fb18d017?s=96&d=mm&r=g","contentUrl":"https:\/\/secure.gravatar.com\/avatar\/fd5587495a9a6aa30e738c0964461efb38a880d11d17dd49b6ecbb17fb18d017?s=96&d=mm&r=g","caption":"Destin Byandike"},"description":"Cittadino della Repubblica Democratica del Congo. Autore e ricercatore nel campo della pace nella RDC. Specializzato in cooperazione internazionale e negoziazione strategica presso la Scuola Nazionale di Diplomazia, Negoziazione e Mediazione dell\u2019Universit\u00e0 dei Martiri del Congo. Svolge le sue attivit\u00e0 di ricerca presso l\u2019Universit\u00e0 dei Martiri del Congo ed \u00e8 ricercatore associato alla Revue Africaine des Sciences Sociales, con sede in Camerun.","url":"https:\/\/spaziospadoni.org\/es\/author\/ddyandikespspadoni\/"}]}},"_links":{"self":[{"href":"https:\/\/spaziospadoni.org\/es\/wp-json\/wp\/v2\/posts\/93503","targetHints":{"allow":["GET"]}}],"collection":[{"href":"https:\/\/spaziospadoni.org\/es\/wp-json\/wp\/v2\/posts"}],"about":[{"href":"https:\/\/spaziospadoni.org\/es\/wp-json\/wp\/v2\/types\/post"}],"author":[{"embeddable":true,"href":"https:\/\/spaziospadoni.org\/es\/wp-json\/wp\/v2\/users\/111"}],"replies":[{"embeddable":true,"href":"https:\/\/spaziospadoni.org\/es\/wp-json\/wp\/v2\/comments?post=93503"}],"version-history":[{"count":1,"href":"https:\/\/spaziospadoni.org\/es\/wp-json\/wp\/v2\/posts\/93503\/revisions"}],"predecessor-version":[{"id":93539,"href":"https:\/\/spaziospadoni.org\/es\/wp-json\/wp\/v2\/posts\/93503\/revisions\/93539"}],"wp:featuredmedia":[{"embeddable":true,"href":"https:\/\/spaziospadoni.org\/es\/wp-json\/wp\/v2\/media\/93502"}],"wp:attachment":[{"href":"https:\/\/spaziospadoni.org\/es\/wp-json\/wp\/v2\/media?parent=93503"}],"wp:term":[{"taxonomy":"category","embeddable":true,"href":"https:\/\/spaziospadoni.org\/es\/wp-json\/wp\/v2\/categories?post=93503"},{"taxonomy":"post_tag","embeddable":true,"href":"https:\/\/spaziospadoni.org\/es\/wp-json\/wp\/v2\/tags?post=93503"}],"curies":[{"name":"wp","href":"https:\/\/api.w.org\/{rel}","templated":true}]}}