{"id":94944,"date":"2026-09-02T07:00:00","date_gmt":"2026-09-02T06:00:00","guid":{"rendered":"https:\/\/spaziospadoni.org\/?p=94944"},"modified":"2026-08-31T13:17:53","modified_gmt":"2026-08-31T12:17:53","slug":"africa-republica-democratica-del-congo-el-camino-de-la-paz","status":"publish","type":"post","link":"https:\/\/spaziospadoni.org\/es\/africa-republica-democratica-del-congo-el-camino-de-la-paz\/","title":{"rendered":"\u00c1frica, Rep\u00fablica Democr\u00e1tica del Congo | El camino de la paz"},"content":{"rendered":"\n<p class=\"wp-block-paragraph\">Cuando el Papa Francisco lanz\u00f3 en Kinshasa aquel llamamiento que se convirti\u00f3 en hist\u00f3rico: \u00ab\u00a1Quiten las manos de \u00c1frica, quiten las manos de la Rep\u00fablica Democr\u00e1tica del Congo!\u00bb, un pueblo entero llor\u00f3 de esperanza. Era enero de 2023.<\/p>\n\n\n\n<p class=\"wp-block-paragraph\">Tres a\u00f1os despu\u00e9s, el este de nuestro pa\u00eds contin\u00faa sangrando. \u00bfPor qu\u00e9?<\/p>\n\n\n\n<p class=\"wp-block-paragraph\">Porque durante mucho tiempo hemos pensado en la paz como una cuesti\u00f3n militar. Se env\u00edan cascos azules, se firman acuerdos en Luanda, Nairobi, Washington y Doha, se cuentan las armas depuestas. Pero la paz no regresa.<\/p>\n\n\n\n<p class=\"wp-block-paragraph\">Como investigadores, aprendemos a leer la situaci\u00f3n desde otra perspectiva: es necesario estar cerca de la poblaci\u00f3n, garantizando su supervivencia mediante una pol\u00edtica econ\u00f3mica adecuada a las realidades locales, una paz duradera y un futuro mejor.<\/p>\n\n\n\n<p class=\"wp-block-paragraph\">Hoy, \u00bfqui\u00e9n mantiene la paz en los pueblos donde otros no logran llegar? La Iglesia cat\u00f3lica. Sus parroquias, sus religiosas, sus sacerdotes. Est\u00e1 presente porque es sobria y arraigada en el territorio.<\/p>\n\n\n\n<p class=\"wp-block-paragraph\">Es esto lo que Europa nos ense\u00f1a a trav\u00e9s de fundaciones como spazio + spadoni: la verdadera cooperaci\u00f3n entre la RDC y Occidente no debe ser \u00fanicamente minera y econ\u00f3mica. Debe ser tambi\u00e9n una cooperaci\u00f3n de pensamiento sobre la paz.<\/p>\n\n\n\n<p class=\"wp-block-paragraph\">La paz llegar\u00e1 cuando cada intervenci\u00f3n se parezca m\u00e1s a una misi\u00f3n que a una administraci\u00f3n.<\/p>\n\n\n\n<p class=\"wp-block-paragraph\"><strong><a href=\"https:\/\/www.pexels.com\/it-it\/foto\/ragazzi-che-giocano-con-i-bastoni-all-aperto-36163362\/\" target=\"_blank\" rel=\"noreferrer noopener nofollow\" title=\"Foto de Skylight Views (Pexels)\">Foto de Skylight Views (Pexels)<\/a><\/strong><\/p>\n\n\n\n<p class=\"wp-block-paragraph\"><\/p>\n","protected":false},"excerpt":{"rendered":"<p>Cuando el Papa Francisco lanz\u00f3 en Kinshasa aquel llamamiento que se convirti\u00f3 en hist\u00f3rico: \u00ab\u00a1Quiten las manos de \u00c1frica, quiten las manos de la Rep\u00fablica Democr\u00e1tica del Congo!\u00bb, un pueblo entero llor\u00f3 de esperanza. Era enero de 2023. Tres a\u00f1os despu\u00e9s, el este de nuestro pa\u00eds contin\u00faa sangrando. \u00bfPor qu\u00e9? Porque durante mucho tiempo hemos &#8230; <a title=\"\u00c1frica, Rep\u00fablica Democr\u00e1tica del Congo | El camino de la paz\" class=\"read-more\" href=\"https:\/\/spaziospadoni.org\/es\/africa-republica-democratica-del-congo-el-camino-de-la-paz\/\" aria-label=\"Read more about \u00c1frica, Rep\u00fablica Democr\u00e1tica del Congo | El camino de la paz\">Leer m\u00e1s<\/a><\/p>\n","protected":false},"author":111,"featured_media":94943,"comment_status":"closed","ping_status":"closed","sticky":false,"template":"","format":"standard","meta":{"_sitemap_exclude":false,"_sitemap_priority":"","_sitemap_frequency":"","ss_featured_image_title":"","ss_featured_image_alt":"La paz en la RDC","ss_featured_image_caption":"Ni\u00f1os jugando con palos al aire libre. En la RDC, el desaf\u00edo de la paz pasa por la cercan\u00eda.","footnotes":""},"categories":[2470],"tags":[2619,2710,3460,2610],"class_list":["post-94944","post","type-post","status-publish","format-standard","has-post-thumbnail","hentry","category-noticias-del-mundo","tag-iglesia-catolica","tag-paz-es","tag-proximidad-es","tag-republica-democratica-del-congo","infinite-scroll-item","generate-columns","tablet-grid-50","mobile-grid-100","grid-parent","grid-50"],"yoast_head":"<!-- This site is optimized with the Yoast SEO plugin v28.4 - https:\/\/yoast.com\/product\/yoast-seo-wordpress\/ -->\n<title>\u00c1frica, Rep\u00fablica Democr\u00e1tica del Congo | Construir la paz<\/title>\n<meta name=\"description\" content=\"Tres a\u00f1os tras el llamamiento del Papa, la paz en la RDC exige cercan\u00eda a la poblaci\u00f3n, arraigo local y una nueva cooperaci\u00f3n de pensamiento.\" \/>\n<meta name=\"robots\" content=\"index, follow, max-snippet:-1, max-image-preview:large, max-video-preview:-1\" \/>\n<link rel=\"canonical\" href=\"https:\/\/spaziospadoni.org\/es\/africa-republica-democratica-del-congo-el-camino-de-la-paz\/\" \/>\n<meta property=\"og:locale\" content=\"es_ES\" \/>\n<meta property=\"og:type\" content=\"article\" \/>\n<meta property=\"og:title\" content=\"\u00c1frica, Rep\u00fablica Democr\u00e1tica del Congo | Construir la paz\" \/>\n<meta property=\"og:description\" content=\"Tres a\u00f1os tras el llamamiento del Papa, la paz en la RDC exige cercan\u00eda a la poblaci\u00f3n, arraigo local y una nueva cooperaci\u00f3n de pensamiento.\" \/>\n<meta property=\"og:url\" content=\"https:\/\/spaziospadoni.org\/es\/africa-republica-democratica-del-congo-el-camino-de-la-paz\/\" \/>\n<meta property=\"og:site_name\" content=\"spazio + spadoni\" \/>\n<meta property=\"article:publisher\" content=\"https:\/\/www.facebook.com\/SpazioSpadoni\/\" \/>\n<meta property=\"article:published_time\" content=\"2026-09-02T06:00:00+00:00\" \/>\n<meta property=\"og:image\" content=\"https:\/\/spaziospadoni.org\/wp-content\/uploads\/2026\/09\/pace-congo-vicinanza.webp\" \/>\n\t<meta property=\"og:image:width\" content=\"1200\" \/>\n\t<meta property=\"og:image:height\" content=\"800\" \/>\n\t<meta property=\"og:image:type\" content=\"image\/webp\" \/>\n<meta name=\"author\" content=\"Destin Byandike\" \/>\n<meta name=\"twitter:card\" content=\"summary_large_image\" \/>\n<meta name=\"twitter:label1\" content=\"Escrito por\" \/>\n\t<meta name=\"twitter:data1\" content=\"Destin Byandike\" \/>\n\t<meta name=\"twitter:label2\" content=\"Est. reading time\" \/>\n\t<meta name=\"twitter:data2\" content=\"2 minutes\" \/>\n<script type=\"application\/ld+json\" class=\"yoast-schema-graph\">{\"@context\":\"https:\\\/\\\/schema.org\",\"@graph\":[{\"@type\":\"Article\",\"@id\":\"https:\\\/\\\/spaziospadoni.org\\\/es\\\/africa-republica-democratica-del-congo-el-camino-de-la-paz\\\/#article\",\"isPartOf\":{\"@id\":\"https:\\\/\\\/spaziospadoni.org\\\/es\\\/africa-republica-democratica-del-congo-el-camino-de-la-paz\\\/\"},\"author\":{\"name\":\"Destin Byandike\",\"@id\":\"https:\\\/\\\/spaziospadoni.org\\\/es\\\/#\\\/schema\\\/person\\\/6297cff4ad988760cee72bb3f83e078f\"},\"headline\":\"\u00c1frica, Rep\u00fablica Democr\u00e1tica del Congo | El camino de la paz\",\"datePublished\":\"2026-09-02T06:00:00+00:00\",\"mainEntityOfPage\":{\"@id\":\"https:\\\/\\\/spaziospadoni.org\\\/es\\\/africa-republica-democratica-del-congo-el-camino-de-la-paz\\\/\"},\"wordCount\":250,\"publisher\":{\"@id\":\"https:\\\/\\\/spaziospadoni.org\\\/es\\\/#organization\"},\"image\":{\"@id\":\"https:\\\/\\\/spaziospadoni.org\\\/es\\\/africa-republica-democratica-del-congo-el-camino-de-la-paz\\\/#primaryimage\"},\"thumbnailUrl\":\"https:\\\/\\\/spaziospadoni.org\\\/wp-content\\\/uploads\\\/2026\\\/09\\\/pace-congo-vicinanza.webp\",\"keywords\":[\"Iglesia Cat\u00f3lica\",\"Paz\",\"proximidad\",\"Rep\u00fablica Democr\u00e1tica del Congo\"],\"articleSection\":[\"Noticias del mundo\"],\"inLanguage\":\"es-ES\"},{\"@type\":\"WebPage\",\"@id\":\"https:\\\/\\\/spaziospadoni.org\\\/es\\\/africa-republica-democratica-del-congo-el-camino-de-la-paz\\\/\",\"url\":\"https:\\\/\\\/spaziospadoni.org\\\/es\\\/africa-republica-democratica-del-congo-el-camino-de-la-paz\\\/\",\"name\":\"\u00c1frica, Rep\u00fablica Democr\u00e1tica del Congo | Construir la paz\",\"isPartOf\":{\"@id\":\"https:\\\/\\\/spaziospadoni.org\\\/es\\\/#website\"},\"primaryImageOfPage\":{\"@id\":\"https:\\\/\\\/spaziospadoni.org\\\/es\\\/africa-republica-democratica-del-congo-el-camino-de-la-paz\\\/#primaryimage\"},\"image\":{\"@id\":\"https:\\\/\\\/spaziospadoni.org\\\/es\\\/africa-republica-democratica-del-congo-el-camino-de-la-paz\\\/#primaryimage\"},\"thumbnailUrl\":\"https:\\\/\\\/spaziospadoni.org\\\/wp-content\\\/uploads\\\/2026\\\/09\\\/pace-congo-vicinanza.webp\",\"datePublished\":\"2026-09-02T06:00:00+00:00\",\"description\":\"Tres a\u00f1os tras el llamamiento del Papa, la paz en la RDC exige cercan\u00eda a la poblaci\u00f3n, arraigo local y una nueva cooperaci\u00f3n de pensamiento.\",\"breadcrumb\":{\"@id\":\"https:\\\/\\\/spaziospadoni.org\\\/es\\\/africa-republica-democratica-del-congo-el-camino-de-la-paz\\\/#breadcrumb\"},\"inLanguage\":\"es-ES\",\"potentialAction\":[{\"@type\":\"ReadAction\",\"target\":[\"https:\\\/\\\/spaziospadoni.org\\\/es\\\/africa-republica-democratica-del-congo-el-camino-de-la-paz\\\/\"]}]},{\"@type\":\"ImageObject\",\"inLanguage\":\"es-ES\",\"@id\":\"https:\\\/\\\/spaziospadoni.org\\\/es\\\/africa-republica-democratica-del-congo-el-camino-de-la-paz\\\/#primaryimage\",\"url\":\"https:\\\/\\\/spaziospadoni.org\\\/wp-content\\\/uploads\\\/2026\\\/09\\\/pace-congo-vicinanza.webp\",\"contentUrl\":\"https:\\\/\\\/spaziospadoni.org\\\/wp-content\\\/uploads\\\/2026\\\/09\\\/pace-congo-vicinanza.webp\",\"width\":1200,\"height\":800,\"caption\":\"Ni\u00f1os jugando con palos al aire libre. En la RDC, el desaf\u00edo de la paz pasa por la cercan\u00eda.\"},{\"@type\":\"BreadcrumbList\",\"@id\":\"https:\\\/\\\/spaziospadoni.org\\\/es\\\/africa-republica-democratica-del-congo-el-camino-de-la-paz\\\/#breadcrumb\",\"itemListElement\":[{\"@type\":\"ListItem\",\"position\":1,\"name\":\"Home\",\"item\":\"https:\\\/\\\/spaziospadoni.org\\\/es\\\/\"},{\"@type\":\"ListItem\",\"position\":2,\"name\":\"\u00c1frica, Rep\u00fablica Democr\u00e1tica del Congo | El camino de la paz\"}]},{\"@type\":\"WebSite\",\"@id\":\"https:\\\/\\\/spaziospadoni.org\\\/es\\\/#website\",\"url\":\"https:\\\/\\\/spaziospadoni.org\\\/es\\\/\",\"name\":\"spazio + spadoni\",\"description\":\"Generazione di misericordia e missione nel mondo\",\"publisher\":{\"@id\":\"https:\\\/\\\/spaziospadoni.org\\\/es\\\/#organization\"},\"alternateName\":\"spaziospadoni.org\",\"potentialAction\":[{\"@type\":\"SearchAction\",\"target\":{\"@type\":\"EntryPoint\",\"urlTemplate\":\"https:\\\/\\\/spaziospadoni.org\\\/es\\\/?s={search_term_string}\"},\"query-input\":{\"@type\":\"PropertyValueSpecification\",\"valueRequired\":true,\"valueName\":\"search_term_string\"}}],\"inLanguage\":\"es-ES\"},{\"@type\":\"Organization\",\"@id\":\"https:\\\/\\\/spaziospadoni.org\\\/es\\\/#organization\",\"name\":\"spazio + spadoni\",\"alternateName\":\"spaziospadoni.org\",\"url\":\"https:\\\/\\\/spaziospadoni.org\\\/es\\\/\",\"logo\":{\"@type\":\"ImageObject\",\"inLanguage\":\"es-ES\",\"@id\":\"https:\\\/\\\/spaziospadoni.org\\\/es\\\/#\\\/schema\\\/logo\\\/image\\\/\",\"url\":\"https:\\\/\\\/spaziospadoni.org\\\/wp-content\\\/uploads\\\/2026\\\/05\\\/spazio-spadoni-logo-100x100-1.webp\",\"contentUrl\":\"https:\\\/\\\/spaziospadoni.org\\\/wp-content\\\/uploads\\\/2026\\\/05\\\/spazio-spadoni-logo-100x100-1.webp\",\"width\":100,\"height\":100,\"caption\":\"spazio + spadoni\"},\"image\":{\"@id\":\"https:\\\/\\\/spaziospadoni.org\\\/es\\\/#\\\/schema\\\/logo\\\/image\\\/\"},\"sameAs\":[\"https:\\\/\\\/www.facebook.com\\\/SpazioSpadoni\\\/\",\"https:\\\/\\\/www.instagram.com\\\/spaziospadoni\\\/\",\"https:\\\/\\\/www.youtube.com\\\/@spaziospadoni\\\/playlists\"]},{\"@type\":\"Person\",\"@id\":\"https:\\\/\\\/spaziospadoni.org\\\/es\\\/#\\\/schema\\\/person\\\/6297cff4ad988760cee72bb3f83e078f\",\"name\":\"Destin Byandike\",\"image\":{\"@type\":\"ImageObject\",\"inLanguage\":\"es-ES\",\"@id\":\"https:\\\/\\\/secure.gravatar.com\\\/avatar\\\/fd5587495a9a6aa30e738c0964461efb38a880d11d17dd49b6ecbb17fb18d017?s=96&d=mm&r=g\",\"url\":\"https:\\\/\\\/secure.gravatar.com\\\/avatar\\\/fd5587495a9a6aa30e738c0964461efb38a880d11d17dd49b6ecbb17fb18d017?s=96&d=mm&r=g\",\"contentUrl\":\"https:\\\/\\\/secure.gravatar.com\\\/avatar\\\/fd5587495a9a6aa30e738c0964461efb38a880d11d17dd49b6ecbb17fb18d017?s=96&d=mm&r=g\",\"caption\":\"Destin Byandike\"},\"description\":\"Cittadino della Repubblica Democratica del Congo. Autore e ricercatore nel campo della pace nella RDC. Specializzato in cooperazione internazionale e negoziazione strategica presso la Scuola Nazionale di Diplomazia, Negoziazione e Mediazione dell\u2019Universit\u00e0 dei Martiri del Congo. Svolge le sue attivit\u00e0 di ricerca presso l\u2019Universit\u00e0 dei Martiri del Congo ed \u00e8 ricercatore associato alla Revue Africaine des Sciences Sociales, con sede in Camerun.\",\"url\":\"https:\\\/\\\/spaziospadoni.org\\\/es\\\/author\\\/ddyandikespspadoni\\\/\"}]}<\/script>\n<!-- \/ Yoast SEO plugin. -->","yoast_head_json":{"title":"\u00c1frica, Rep\u00fablica Democr\u00e1tica del Congo | Construir la paz","description":"Tres a\u00f1os tras el llamamiento del Papa, la paz en la RDC exige cercan\u00eda a la poblaci\u00f3n, arraigo local y una nueva cooperaci\u00f3n de pensamiento.","robots":{"index":"index","follow":"follow","max-snippet":"max-snippet:-1","max-image-preview":"max-image-preview:large","max-video-preview":"max-video-preview:-1"},"canonical":"https:\/\/spaziospadoni.org\/es\/africa-republica-democratica-del-congo-el-camino-de-la-paz\/","og_locale":"es_ES","og_type":"article","og_title":"\u00c1frica, Rep\u00fablica Democr\u00e1tica del Congo | Construir la paz","og_description":"Tres a\u00f1os tras el llamamiento del Papa, la paz en la RDC exige cercan\u00eda a la poblaci\u00f3n, arraigo local y una nueva cooperaci\u00f3n de pensamiento.","og_url":"https:\/\/spaziospadoni.org\/es\/africa-republica-democratica-del-congo-el-camino-de-la-paz\/","og_site_name":"spazio + spadoni","article_publisher":"https:\/\/www.facebook.com\/SpazioSpadoni\/","article_published_time":"2026-09-02T06:00:00+00:00","og_image":[{"width":1200,"height":800,"url":"https:\/\/spaziospadoni.org\/wp-content\/uploads\/2026\/09\/pace-congo-vicinanza.webp","type":"image\/webp"}],"author":"Destin Byandike","twitter_card":"summary_large_image","twitter_misc":{"Escrito por":"Destin Byandike","Est. reading time":"2 minutes"},"schema":{"@context":"https:\/\/schema.org","@graph":[{"@type":"Article","@id":"https:\/\/spaziospadoni.org\/es\/africa-republica-democratica-del-congo-el-camino-de-la-paz\/#article","isPartOf":{"@id":"https:\/\/spaziospadoni.org\/es\/africa-republica-democratica-del-congo-el-camino-de-la-paz\/"},"author":{"name":"Destin Byandike","@id":"https:\/\/spaziospadoni.org\/es\/#\/schema\/person\/6297cff4ad988760cee72bb3f83e078f"},"headline":"\u00c1frica, Rep\u00fablica Democr\u00e1tica del Congo | El camino de la paz","datePublished":"2026-09-02T06:00:00+00:00","mainEntityOfPage":{"@id":"https:\/\/spaziospadoni.org\/es\/africa-republica-democratica-del-congo-el-camino-de-la-paz\/"},"wordCount":250,"publisher":{"@id":"https:\/\/spaziospadoni.org\/es\/#organization"},"image":{"@id":"https:\/\/spaziospadoni.org\/es\/africa-republica-democratica-del-congo-el-camino-de-la-paz\/#primaryimage"},"thumbnailUrl":"https:\/\/spaziospadoni.org\/wp-content\/uploads\/2026\/09\/pace-congo-vicinanza.webp","keywords":["Iglesia Cat\u00f3lica","Paz","proximidad","Rep\u00fablica Democr\u00e1tica del Congo"],"articleSection":["Noticias del mundo"],"inLanguage":"es-ES"},{"@type":"WebPage","@id":"https:\/\/spaziospadoni.org\/es\/africa-republica-democratica-del-congo-el-camino-de-la-paz\/","url":"https:\/\/spaziospadoni.org\/es\/africa-republica-democratica-del-congo-el-camino-de-la-paz\/","name":"\u00c1frica, Rep\u00fablica Democr\u00e1tica del Congo | Construir la paz","isPartOf":{"@id":"https:\/\/spaziospadoni.org\/es\/#website"},"primaryImageOfPage":{"@id":"https:\/\/spaziospadoni.org\/es\/africa-republica-democratica-del-congo-el-camino-de-la-paz\/#primaryimage"},"image":{"@id":"https:\/\/spaziospadoni.org\/es\/africa-republica-democratica-del-congo-el-camino-de-la-paz\/#primaryimage"},"thumbnailUrl":"https:\/\/spaziospadoni.org\/wp-content\/uploads\/2026\/09\/pace-congo-vicinanza.webp","datePublished":"2026-09-02T06:00:00+00:00","description":"Tres a\u00f1os tras el llamamiento del Papa, la paz en la RDC exige cercan\u00eda a la poblaci\u00f3n, arraigo local y una nueva cooperaci\u00f3n de pensamiento.","breadcrumb":{"@id":"https:\/\/spaziospadoni.org\/es\/africa-republica-democratica-del-congo-el-camino-de-la-paz\/#breadcrumb"},"inLanguage":"es-ES","potentialAction":[{"@type":"ReadAction","target":["https:\/\/spaziospadoni.org\/es\/africa-republica-democratica-del-congo-el-camino-de-la-paz\/"]}]},{"@type":"ImageObject","inLanguage":"es-ES","@id":"https:\/\/spaziospadoni.org\/es\/africa-republica-democratica-del-congo-el-camino-de-la-paz\/#primaryimage","url":"https:\/\/spaziospadoni.org\/wp-content\/uploads\/2026\/09\/pace-congo-vicinanza.webp","contentUrl":"https:\/\/spaziospadoni.org\/wp-content\/uploads\/2026\/09\/pace-congo-vicinanza.webp","width":1200,"height":800,"caption":"Ni\u00f1os jugando con palos al aire libre. En la RDC, el desaf\u00edo de la paz pasa por la cercan\u00eda."},{"@type":"BreadcrumbList","@id":"https:\/\/spaziospadoni.org\/es\/africa-republica-democratica-del-congo-el-camino-de-la-paz\/#breadcrumb","itemListElement":[{"@type":"ListItem","position":1,"name":"Home","item":"https:\/\/spaziospadoni.org\/es\/"},{"@type":"ListItem","position":2,"name":"\u00c1frica, Rep\u00fablica Democr\u00e1tica del Congo | El camino de la paz"}]},{"@type":"WebSite","@id":"https:\/\/spaziospadoni.org\/es\/#website","url":"https:\/\/spaziospadoni.org\/es\/","name":"spazio + spadoni","description":"Generazione di misericordia e missione nel mondo","publisher":{"@id":"https:\/\/spaziospadoni.org\/es\/#organization"},"alternateName":"spaziospadoni.org","potentialAction":[{"@type":"SearchAction","target":{"@type":"EntryPoint","urlTemplate":"https:\/\/spaziospadoni.org\/es\/?s={search_term_string}"},"query-input":{"@type":"PropertyValueSpecification","valueRequired":true,"valueName":"search_term_string"}}],"inLanguage":"es-ES"},{"@type":"Organization","@id":"https:\/\/spaziospadoni.org\/es\/#organization","name":"spazio + spadoni","alternateName":"spaziospadoni.org","url":"https:\/\/spaziospadoni.org\/es\/","logo":{"@type":"ImageObject","inLanguage":"es-ES","@id":"https:\/\/spaziospadoni.org\/es\/#\/schema\/logo\/image\/","url":"https:\/\/spaziospadoni.org\/wp-content\/uploads\/2026\/05\/spazio-spadoni-logo-100x100-1.webp","contentUrl":"https:\/\/spaziospadoni.org\/wp-content\/uploads\/2026\/05\/spazio-spadoni-logo-100x100-1.webp","width":100,"height":100,"caption":"spazio + spadoni"},"image":{"@id":"https:\/\/spaziospadoni.org\/es\/#\/schema\/logo\/image\/"},"sameAs":["https:\/\/www.facebook.com\/SpazioSpadoni\/","https:\/\/www.instagram.com\/spaziospadoni\/","https:\/\/www.youtube.com\/@spaziospadoni\/playlists"]},{"@type":"Person","@id":"https:\/\/spaziospadoni.org\/es\/#\/schema\/person\/6297cff4ad988760cee72bb3f83e078f","name":"Destin Byandike","image":{"@type":"ImageObject","inLanguage":"es-ES","@id":"https:\/\/secure.gravatar.com\/avatar\/fd5587495a9a6aa30e738c0964461efb38a880d11d17dd49b6ecbb17fb18d017?s=96&d=mm&r=g","url":"https:\/\/secure.gravatar.com\/avatar\/fd5587495a9a6aa30e738c0964461efb38a880d11d17dd49b6ecbb17fb18d017?s=96&d=mm&r=g","contentUrl":"https:\/\/secure.gravatar.com\/avatar\/fd5587495a9a6aa30e738c0964461efb38a880d11d17dd49b6ecbb17fb18d017?s=96&d=mm&r=g","caption":"Destin Byandike"},"description":"Cittadino della Repubblica Democratica del Congo. Autore e ricercatore nel campo della pace nella RDC. Specializzato in cooperazione internazionale e negoziazione strategica presso la Scuola Nazionale di Diplomazia, Negoziazione e Mediazione dell\u2019Universit\u00e0 dei Martiri del Congo. Svolge le sue attivit\u00e0 di ricerca presso l\u2019Universit\u00e0 dei Martiri del Congo ed \u00e8 ricercatore associato alla Revue Africaine des Sciences Sociales, con sede in Camerun.","url":"https:\/\/spaziospadoni.org\/es\/author\/ddyandikespspadoni\/"}]}},"_links":{"self":[{"href":"https:\/\/spaziospadoni.org\/es\/wp-json\/wp\/v2\/posts\/94944","targetHints":{"allow":["GET"]}}],"collection":[{"href":"https:\/\/spaziospadoni.org\/es\/wp-json\/wp\/v2\/posts"}],"about":[{"href":"https:\/\/spaziospadoni.org\/es\/wp-json\/wp\/v2\/types\/post"}],"author":[{"embeddable":true,"href":"https:\/\/spaziospadoni.org\/es\/wp-json\/wp\/v2\/users\/111"}],"replies":[{"embeddable":true,"href":"https:\/\/spaziospadoni.org\/es\/wp-json\/wp\/v2\/comments?post=94944"}],"version-history":[{"count":2,"href":"https:\/\/spaziospadoni.org\/es\/wp-json\/wp\/v2\/posts\/94944\/revisions"}],"predecessor-version":[{"id":94946,"href":"https:\/\/spaziospadoni.org\/es\/wp-json\/wp\/v2\/posts\/94944\/revisions\/94946"}],"wp:featuredmedia":[{"embeddable":true,"href":"https:\/\/spaziospadoni.org\/es\/wp-json\/wp\/v2\/media\/94943"}],"wp:attachment":[{"href":"https:\/\/spaziospadoni.org\/es\/wp-json\/wp\/v2\/media?parent=94944"}],"wp:term":[{"taxonomy":"category","embeddable":true,"href":"https:\/\/spaziospadoni.org\/es\/wp-json\/wp\/v2\/categories?post=94944"},{"taxonomy":"post_tag","embeddable":true,"href":"https:\/\/spaziospadoni.org\/es\/wp-json\/wp\/v2\/tags?post=94944"}],"curies":[{"name":"wp","href":"https:\/\/api.w.org\/{rel}","templated":true}]}}