{"id":89985,"date":"2026-08-13T08:00:00","date_gmt":"2026-08-13T07:00:00","guid":{"rendered":"https:\/\/spaziospadoni.org\/?p=89985"},"modified":"2026-08-14T09:51:06","modified_gmt":"2026-08-14T08:51:06","slug":"dieu-a-une-immense-imagination-dans-sa-maniere-de-nous-appeler-deuxieme-partie","status":"publish","type":"post","link":"https:\/\/spaziospadoni.org\/fr\/dieu-a-une-immense-imagination-dans-sa-maniere-de-nous-appeler-deuxieme-partie\/","title":{"rendered":"\u00abDieu a une immense imagination dans sa mani\u00e8re de nous appeler\u00bb | Deuxi\u00e8me partie"},"content":{"rendered":"\n<pre class=\"wp-block-verse\"><strong><em>Le t\u00e9moignage de fr\u00e8re Paolo Maria Braghini, Fr\u00e8re Mineur Capucin, se poursuit au \u00abGo! Franciscan Youth Meet 2026\u00bb, \u00e9v\u00e9nement organis\u00e9 par les Fr\u00e8res Mineurs, les Fr\u00e8res Mineurs Conventuels et les Fr\u00e8res Mineurs Capucins, qui s'est tenu \u00e0 Assise du 3 au 6 ao\u00fbt.<\/em><\/strong><\/pre>\n\n\n\n<pre class=\"wp-block-verse\"><strong><em>Nous, chez spazio + spadoni, vous le proposons en plusieurs \u00e9pisodes, pour vous accompagner dans la lecture et l'\u00e9coute d'une histoire qui nous montre, une fois encore, la cr\u00e9ativit\u00e9 et la mis\u00e9ricorde de Dieu.<\/em><\/strong><\/pre>\n\n\n\n<h2 id=\"de-lourdes-a-assise\" class=\"wp-block-heading\">De Lourdes \u00e0 Assise<\/h2>\n\n\n\n<p class=\"wp-block-paragraph\">Avec ma fianc\u00e9e de l&rsquo;\u00e9poque, j&rsquo;ai pass\u00e9 des moments vraiment beaux, magnifiques, et pour cela je ne peux que remercier le Seigneur. Avec elle, l&rsquo;amour entre nous grandissait sans cesse et nous sentions que nous voulions nous marier.<\/p>\n\n\n\n<p class=\"wp-block-paragraph\">Nous pensions nous marier le 14 septembre de notre premi\u00e8re ann\u00e9e d&rsquo;universit\u00e9, car notre situation financi\u00e8re nous le permettait. Mon fr\u00e8re avait fond\u00e9 sa famille \u00e0 18 ans, il \u00e9tait un peu mon mod\u00e8le. Ainsi, apr\u00e8s le lyc\u00e9e, ses parents nous ont invit\u00e9s \u00e0 aller \u00e0 Lourdes afin de demander la b\u00e9n\u00e9diction pour notre futur mariage.<\/p>\n\n\n\n<p class=\"wp-block-paragraph\">J&rsquo;ai demand\u00e9 aux jeunes : \u00abQui a \u00e9t\u00e9 \u00e0 Lourdes?\u00bb, et beaucoup ont lev\u00e9 la main. J&rsquo;en ai \u00e9t\u00e9 tr\u00e8s heureux.<\/p>\n\n\n\n<p class=\"wp-block-paragraph\">Cinq jours fantastiques, \u00e0 voir et \u00e0 \u00e9couter les malades et les b\u00e9n\u00e9voles pr\u00e9sents : et puis, ces moments magnifiques avec la Sainte Vierge\u2026 Cependant, la derni\u00e8re nuit avant de rentrer en Italie, je n&rsquo;arrivais pas \u00e0 dormir.<\/p>\n\n\n\n<p class=\"wp-block-paragraph\">Je me tournais \u00e0 droite et \u00e0 gauche, <strong>j&rsquo;\u00e9tais agit\u00e9 <\/strong>sans comprendre pourquoi, jusqu&rsquo;\u00e0 ce qu&rsquo;\u00e0 trois heures du matin, je ressente le besoin de retourner seul devant la grotte.<\/p>\n\n\n\n<p class=\"wp-block-paragraph\">J&rsquo;ai racont\u00e9 cela avec une immense joie juste devant la Basilique, o\u00f9 la Sainte Vierge, veillant d&rsquo;en haut, accueillait tous ces jeunes.<\/p>\n\n\n\n<h2 id=\"le-voyage-a-lourdes-et-lappel-dans-la-nuit\" class=\"wp-block-heading\">Le voyage \u00e0 Lourdes et l&rsquo;appel dans la nuit<\/h2>\n\n\n\n<p class=\"wp-block-paragraph\">Pour en revenir \u00e0 cette nuit devant la grotte de Lourdes, j&rsquo;ai alors entendu avec une parfaite clart\u00e9 dans mon c\u0153ur une voix qui disait : \u00abLaisse tout et suis-moi\u00bb.<\/p>\n\n\n\n<p class=\"wp-block-paragraph\">C&rsquo;\u00e9tait l&rsquo;appel que le Seigneur m&rsquo;adressait depuis des ann\u00e9es et qu&rsquo;Il me faisait ressentir de diff\u00e9rentes mani\u00e8res.<\/p>\n\n\n\n<p class=\"wp-block-paragraph\">\u00c0 cet instant pr\u00e9cis, \u00e0 18 ans, j&rsquo;ai fondu en larmes comme un enfant. Et tout en pleurant, je disais : \u00abEt Michela? Et Michela?\u00bb. J&rsquo;\u00e9tais en train de dire oui, mais je sentais que je devais renoncer au grand amour de ma vie, qui \u00e9tait cette jeune fille. Mais j&rsquo;ai c\u00e9d\u00e9. J&rsquo;ai c\u00e9d\u00e9.<\/p>\n\n\n\n<p class=\"wp-block-paragraph\">Puis, au cours des jours suivants, j&rsquo;en ai parl\u00e9 avec Michela; nous avons essay\u00e9 de continuer un peu, puis nous avons d\u00e9cid\u00e9&#8230; Ou plut\u00f4t, non pas d\u00e9cid\u00e9. Nous avons simplement compris que le Seigneur nous appelait \u00e0 autre chose et nous nous sommes s\u00e9par\u00e9s.<\/p>\n\n\n\n<h2 id=\"le-choix-de-suivre-le-seigneur-et-la-rencontre-a-assise\" class=\"wp-block-heading\">Le choix de suivre le Seigneur et la rencontre \u00e0 Assise<\/h2>\n\n\n\n<p class=\"wp-block-paragraph\">J&rsquo;ai travers\u00e9 un moment de r\u00e9bellion contre Dieu, d&rsquo;\u00e9loignement, puis, sur le conseil de ma professeure de lyc\u00e9e, j&rsquo;ai pris quelques jours \u00e0 la montagne \u2014 j&rsquo;\u00e9tais passionn\u00e9 de montagne et de moto \u2014 et l\u00e0 s&rsquo;est produit un tournant : j&rsquo;ai commenc\u00e9 \u00e0 prier et \u00e0 m&rsquo;en remettre au Seigneur.<\/p>\n\n\n\n<p class=\"wp-block-paragraph\">C&rsquo;est alors qu&rsquo;a commenc\u00e9 cette d\u00e9marche consistant \u00e0 me laisser guider myst\u00e9rieusement par le Seigneur. Lors d&rsquo;un voyage en Gr\u00e8ce m&rsquo;est venue l&rsquo;inspiration d&rsquo;aller \u00e0 Assise, et je suis arriv\u00e9 \u00e0 Assise \u00e0 l&rsquo;\u00e2ge de dix-huit ans comme beaucoup d&rsquo;entre vous, juste apr\u00e8s le baccalaur\u00e9at, pour un rassemblement de jeunes.<\/p>\n\n\n\n<p class=\"wp-block-paragraph\">\u00c0 cette \u00e9poque, il n&rsquo;y avait ni t\u00e9l\u00e9phone portable ni internet; je suis donc arriv\u00e9, v\u00e9ritablement guid\u00e9 par la Providence, \u00e0 une rencontre de jeunes venus de toute l&rsquo;Italie.<\/p>\n\n\n\n<p class=\"wp-block-paragraph\">Il y avait une image de Saint Fran\u00e7ois portant l&rsquo;inscription : <strong>\u00abSeigneur, que veux-tu que je fasse?\u00bb<\/strong>, les paroles de J\u00e9sus.<\/p>\n\n\n\n<p class=\"wp-block-paragraph\">Et le premier fr\u00e8re qui s&rsquo;est pr\u00e9sent\u00e9 a dit : \u00abJe suis fr\u00e8re Gino, missionnaire en Amazonie depuis 40 ans !\u00bb. Je n&rsquo;avais jamais vu de fr\u00e8re auparavant; une joie immense m&rsquo;a alors envahi.<\/p>\n\n\n\n<p class=\"has-text-align-center wp-block-paragraph\"><strong>FIN DE LA DEUXI\u00c8ME PARTIE<\/strong><\/p>\n\n\n\n<p class=\"wp-block-paragraph\"><strong><a href=\"https:\/\/unsplash.com\/it\/foto\/un-gruppo-di-persone-in-piedi-allinterno-di-una-grotta-xAQ8QW8_vHs\" target=\"_blank\" rel=\"noreferrer noopener nofollow\" title=\"Photo de Nick Castelli\">Photo de Nick Castelli<\/a><\/strong><\/p>\n\n\n\n<p class=\"wp-block-paragraph\"><\/p>\n","protected":false},"excerpt":{"rendered":"<p>Le t\u00e9moignage de fr\u00e8re Paolo Maria Braghini, Fr\u00e8re Mineur Capucin, se poursuit au \u00abGo! Franciscan Youth Meet 2026\u00bb, \u00e9v\u00e9nement organis\u00e9 par les Fr\u00e8res Mineurs, les Fr\u00e8res Mineurs Conventuels et les Fr\u00e8res Mineurs Capucins, qui s&rsquo;est tenu \u00e0 Assise du 3 au 6 ao\u00fbt. Nous, chez spazio + spadoni, vous le proposons en plusieurs \u00e9pisodes, pour &#8230; <a title=\"\u00abDieu a une immense imagination dans sa mani\u00e8re de nous appeler\u00bb | Deuxi\u00e8me partie\" class=\"read-more\" href=\"https:\/\/spaziospadoni.org\/fr\/dieu-a-une-immense-imagination-dans-sa-maniere-de-nous-appeler-deuxieme-partie\/\" aria-label=\"Read more about \u00abDieu a une immense imagination dans sa mani\u00e8re de nous appeler\u00bb | Deuxi\u00e8me partie\">Lire plus<\/a><\/p>\n","protected":false},"author":82,"featured_media":89984,"comment_status":"closed","ping_status":"closed","sticky":false,"template":"","format":"standard","meta":{"_sitemap_exclude":false,"_sitemap_priority":"","_sitemap_frequency":"","ss_featured_image_title":"","ss_featured_image_alt":"La grotte de Lourdes","ss_featured_image_caption":"Devant la grotte de Lourdes, fr\u00e8re Paolo Maria Braghini a ressenti son appel personnel.","footnotes":""},"categories":[2446],"tags":[5041,5741,2568,3030],"class_list":["post-89985","post","type-post","status-publish","format-standard","has-post-thumbnail","hentry","category-moi-misericordie","tag-freres-mineurs-capucins","tag-lourdes-fr","tag-mission","tag-vocation-fr","infinite-scroll-item","generate-columns","tablet-grid-50","mobile-grid-100","grid-parent","grid-50"],"yoast_head":"<!-- This site is optimized with the Yoast SEO plugin v28.4 - https:\/\/yoast.com\/product\/yoast-seo-wordpress\/ -->\n<title>\u00abDieu a une immense imagination dans sa mani\u00e8re de nous appeler\u00bb | Deuxi\u00e8me partie<\/title>\n<meta name=\"description\" content=\"Le t\u00e9moignage de fr\u00e8re Paolo Maria Braghini : l&#039;appel \u00e0 Lourdes, le renoncement au mariage et le chemin de foi jusqu&#039;\u00e0 Assise.\" \/>\n<meta name=\"robots\" content=\"index, follow, max-snippet:-1, max-image-preview:large, max-video-preview:-1\" \/>\n<link rel=\"canonical\" href=\"https:\/\/spaziospadoni.org\/fr\/dieu-a-une-immense-imagination-dans-sa-maniere-de-nous-appeler-deuxieme-partie\/\" \/>\n<meta property=\"og:locale\" content=\"fr_FR\" \/>\n<meta property=\"og:type\" content=\"article\" \/>\n<meta property=\"og:title\" content=\"\u00abDieu a une immense imagination dans sa mani\u00e8re de nous appeler\u00bb | Deuxi\u00e8me partie\" \/>\n<meta property=\"og:description\" content=\"Le t\u00e9moignage de fr\u00e8re Paolo Maria Braghini : l&#039;appel \u00e0 Lourdes, le renoncement au mariage et le chemin de foi jusqu&#039;\u00e0 Assise.\" \/>\n<meta property=\"og:url\" content=\"https:\/\/spaziospadoni.org\/fr\/dieu-a-une-immense-imagination-dans-sa-maniere-de-nous-appeler-deuxieme-partie\/\" \/>\n<meta property=\"og:site_name\" content=\"spazio + spadoni\" \/>\n<meta property=\"article:publisher\" content=\"https:\/\/www.facebook.com\/SpazioSpadoni\/\" \/>\n<meta property=\"article:published_time\" content=\"2026-08-13T07:00:00+00:00\" \/>\n<meta property=\"article:modified_time\" content=\"2026-08-14T08:51:06+00:00\" \/>\n<meta property=\"og:image\" content=\"https:\/\/spaziospadoni.org\/wp-content\/uploads\/2026\/08\/grotta-lourdes-preghiera.webp\" \/>\n\t<meta property=\"og:image:width\" content=\"1200\" \/>\n\t<meta property=\"og:image:height\" content=\"800\" \/>\n\t<meta property=\"og:image:type\" content=\"image\/webp\" \/>\n<meta name=\"author\" content=\"Fra Paolo Maria Braghini\" \/>\n<meta name=\"twitter:card\" content=\"summary_large_image\" \/>\n<meta name=\"twitter:label1\" content=\"\u00c9crit par\" \/>\n\t<meta name=\"twitter:data1\" content=\"Fr\u00e8re Paolo Maria Braghini\" \/>\n\t<meta name=\"twitter:label2\" content=\"Est. reading time\" \/>\n\t<meta name=\"twitter:data2\" content=\"4 minutes\" \/>\n<script type=\"application\/ld+json\" class=\"yoast-schema-graph\">{\"@context\":\"https:\\\/\\\/schema.org\",\"@graph\":[{\"@type\":\"Article\",\"@id\":\"https:\\\/\\\/spaziospadoni.org\\\/fr\\\/dieu-a-une-immense-imagination-dans-sa-maniere-de-nous-appeler-deuxieme-partie\\\/#article\",\"isPartOf\":{\"@id\":\"https:\\\/\\\/spaziospadoni.org\\\/fr\\\/dieu-a-une-immense-imagination-dans-sa-maniere-de-nous-appeler-deuxieme-partie\\\/\"},\"author\":{\"name\":\"Fra Paolo Maria Braghini\",\"@id\":\"https:\\\/\\\/spaziospadoni.org\\\/fr\\\/#\\\/schema\\\/person\\\/3564d8acb9905b1bac4639729953e97d\"},\"headline\":\"\u00abDieu a une immense imagination dans sa mani\u00e8re de nous appeler\u00bb | Deuxi\u00e8me partie\",\"datePublished\":\"2026-08-13T07:00:00+00:00\",\"dateModified\":\"2026-08-14T08:51:06+00:00\",\"mainEntityOfPage\":{\"@id\":\"https:\\\/\\\/spaziospadoni.org\\\/fr\\\/dieu-a-une-immense-imagination-dans-sa-maniere-de-nous-appeler-deuxieme-partie\\\/\"},\"wordCount\":631,\"publisher\":{\"@id\":\"https:\\\/\\\/spaziospadoni.org\\\/fr\\\/#organization\"},\"image\":{\"@id\":\"https:\\\/\\\/spaziospadoni.org\\\/fr\\\/dieu-a-une-immense-imagination-dans-sa-maniere-de-nous-appeler-deuxieme-partie\\\/#primaryimage\"},\"thumbnailUrl\":\"https:\\\/\\\/spaziospadoni.org\\\/wp-content\\\/uploads\\\/2026\\\/08\\\/grotta-lourdes-preghiera.webp\",\"keywords\":[\"Fr\u00e8res Mineurs Capucins\",\"Lourdes\",\"Mission\",\"vocation\"],\"articleSection\":[\"Moi, mis\u00e9ricordi\u00e9\"],\"inLanguage\":\"fr-FR\"},{\"@type\":\"WebPage\",\"@id\":\"https:\\\/\\\/spaziospadoni.org\\\/fr\\\/dieu-a-une-immense-imagination-dans-sa-maniere-de-nous-appeler-deuxieme-partie\\\/\",\"url\":\"https:\\\/\\\/spaziospadoni.org\\\/fr\\\/dieu-a-une-immense-imagination-dans-sa-maniere-de-nous-appeler-deuxieme-partie\\\/\",\"name\":\"\u00abDieu a une immense imagination dans sa mani\u00e8re de nous appeler\u00bb | Deuxi\u00e8me partie\",\"isPartOf\":{\"@id\":\"https:\\\/\\\/spaziospadoni.org\\\/fr\\\/#website\"},\"primaryImageOfPage\":{\"@id\":\"https:\\\/\\\/spaziospadoni.org\\\/fr\\\/dieu-a-une-immense-imagination-dans-sa-maniere-de-nous-appeler-deuxieme-partie\\\/#primaryimage\"},\"image\":{\"@id\":\"https:\\\/\\\/spaziospadoni.org\\\/fr\\\/dieu-a-une-immense-imagination-dans-sa-maniere-de-nous-appeler-deuxieme-partie\\\/#primaryimage\"},\"thumbnailUrl\":\"https:\\\/\\\/spaziospadoni.org\\\/wp-content\\\/uploads\\\/2026\\\/08\\\/grotta-lourdes-preghiera.webp\",\"datePublished\":\"2026-08-13T07:00:00+00:00\",\"dateModified\":\"2026-08-14T08:51:06+00:00\",\"description\":\"Le t\u00e9moignage de fr\u00e8re Paolo Maria Braghini : l'appel \u00e0 Lourdes, le renoncement au mariage et le chemin de foi jusqu'\u00e0 Assise.\",\"breadcrumb\":{\"@id\":\"https:\\\/\\\/spaziospadoni.org\\\/fr\\\/dieu-a-une-immense-imagination-dans-sa-maniere-de-nous-appeler-deuxieme-partie\\\/#breadcrumb\"},\"inLanguage\":\"fr-FR\",\"potentialAction\":[{\"@type\":\"ReadAction\",\"target\":[\"https:\\\/\\\/spaziospadoni.org\\\/fr\\\/dieu-a-une-immense-imagination-dans-sa-maniere-de-nous-appeler-deuxieme-partie\\\/\"]}]},{\"@type\":\"ImageObject\",\"inLanguage\":\"fr-FR\",\"@id\":\"https:\\\/\\\/spaziospadoni.org\\\/fr\\\/dieu-a-une-immense-imagination-dans-sa-maniere-de-nous-appeler-deuxieme-partie\\\/#primaryimage\",\"url\":\"https:\\\/\\\/spaziospadoni.org\\\/wp-content\\\/uploads\\\/2026\\\/08\\\/grotta-lourdes-preghiera.webp\",\"contentUrl\":\"https:\\\/\\\/spaziospadoni.org\\\/wp-content\\\/uploads\\\/2026\\\/08\\\/grotta-lourdes-preghiera.webp\",\"width\":1200,\"height\":800,\"caption\":\"Devant la grotte de Lourdes, fr\u00e8re Paolo Maria Braghini a ressenti son appel personnel.\"},{\"@type\":\"BreadcrumbList\",\"@id\":\"https:\\\/\\\/spaziospadoni.org\\\/fr\\\/dieu-a-une-immense-imagination-dans-sa-maniere-de-nous-appeler-deuxieme-partie\\\/#breadcrumb\",\"itemListElement\":[{\"@type\":\"ListItem\",\"position\":1,\"name\":\"Home\",\"item\":\"https:\\\/\\\/spaziospadoni.org\\\/fr\\\/\"},{\"@type\":\"ListItem\",\"position\":2,\"name\":\"\u00abDieu a une immense imagination dans sa mani\u00e8re de nous appeler\u00bb | Deuxi\u00e8me partie\"}]},{\"@type\":\"WebSite\",\"@id\":\"https:\\\/\\\/spaziospadoni.org\\\/fr\\\/#website\",\"url\":\"https:\\\/\\\/spaziospadoni.org\\\/fr\\\/\",\"name\":\"spazio + spadoni\",\"description\":\"Generazione di misericordia e missione nel mondo\",\"publisher\":{\"@id\":\"https:\\\/\\\/spaziospadoni.org\\\/fr\\\/#organization\"},\"alternateName\":\"spaziospadoni.org\",\"potentialAction\":[{\"@type\":\"SearchAction\",\"target\":{\"@type\":\"EntryPoint\",\"urlTemplate\":\"https:\\\/\\\/spaziospadoni.org\\\/fr\\\/?s={search_term_string}\"},\"query-input\":{\"@type\":\"PropertyValueSpecification\",\"valueRequired\":true,\"valueName\":\"search_term_string\"}}],\"inLanguage\":\"fr-FR\"},{\"@type\":\"Organization\",\"@id\":\"https:\\\/\\\/spaziospadoni.org\\\/fr\\\/#organization\",\"name\":\"spazio + spadoni\",\"alternateName\":\"spaziospadoni.org\",\"url\":\"https:\\\/\\\/spaziospadoni.org\\\/fr\\\/\",\"logo\":{\"@type\":\"ImageObject\",\"inLanguage\":\"fr-FR\",\"@id\":\"https:\\\/\\\/spaziospadoni.org\\\/fr\\\/#\\\/schema\\\/logo\\\/image\\\/\",\"url\":\"https:\\\/\\\/spaziospadoni.org\\\/wp-content\\\/uploads\\\/2026\\\/05\\\/spazio-spadoni-logo-100x100-1.webp\",\"contentUrl\":\"https:\\\/\\\/spaziospadoni.org\\\/wp-content\\\/uploads\\\/2026\\\/05\\\/spazio-spadoni-logo-100x100-1.webp\",\"width\":100,\"height\":100,\"caption\":\"spazio + spadoni\"},\"image\":{\"@id\":\"https:\\\/\\\/spaziospadoni.org\\\/fr\\\/#\\\/schema\\\/logo\\\/image\\\/\"},\"sameAs\":[\"https:\\\/\\\/www.facebook.com\\\/SpazioSpadoni\\\/\",\"https:\\\/\\\/www.instagram.com\\\/spaziospadoni\\\/\",\"https:\\\/\\\/www.youtube.com\\\/@spaziospadoni\\\/playlists\"]},{\"@type\":\"Person\",\"@id\":\"https:\\\/\\\/spaziospadoni.org\\\/fr\\\/#\\\/schema\\\/person\\\/3564d8acb9905b1bac4639729953e97d\",\"name\":\"Fra Paolo Maria Braghini\",\"image\":{\"@type\":\"ImageObject\",\"inLanguage\":\"fr-FR\",\"@id\":\"https:\\\/\\\/secure.gravatar.com\\\/avatar\\\/f32ed802d88a4c5f0c578a2cf8cd64a2f093a3566f4c951be66b98720ef889ee?s=96&d=mm&r=g\",\"url\":\"https:\\\/\\\/secure.gravatar.com\\\/avatar\\\/f32ed802d88a4c5f0c578a2cf8cd64a2f093a3566f4c951be66b98720ef889ee?s=96&d=mm&r=g\",\"contentUrl\":\"https:\\\/\\\/secure.gravatar.com\\\/avatar\\\/f32ed802d88a4c5f0c578a2cf8cd64a2f093a3566f4c951be66b98720ef889ee?s=96&d=mm&r=g\",\"caption\":\"Fra Paolo Maria Braghini\"},\"description\":\"Fr\u00e8re mineur capucin n\u00e9 en 1975, il a pass\u00e9 pr\u00e8s de 20 ans en mission dans l\u2019Alto Solim\u00f5es, en Amazonie, \u00e0 la fronti\u00e8re entre le Br\u00e9sil et le P\u00e9rou. Se d\u00e9pla\u00e7ant souvent en pirogue, il a rejoint 70 villages, partageant la vie et la foi simple des populations autochtones. Originaire de la r\u00e9gion de Var\u00e8se, il est rentr\u00e9 en Italie durant l\u2019\u00e9t\u00e9 2025.\",\"url\":\"https:\\\/\\\/spaziospadoni.org\\\/fr\\\/author\\\/braghini_mission\\\/\"}]}<\/script>\n<!-- \/ Yoast SEO plugin. -->","yoast_head_json":{"title":"\u00abDieu a une immense imagination dans sa mani\u00e8re de nous appeler\u00bb | Deuxi\u00e8me partie","description":"Le t\u00e9moignage de fr\u00e8re Paolo Maria Braghini : l'appel \u00e0 Lourdes, le renoncement au mariage et le chemin de foi jusqu'\u00e0 Assise.","robots":{"index":"index","follow":"follow","max-snippet":"max-snippet:-1","max-image-preview":"max-image-preview:large","max-video-preview":"max-video-preview:-1"},"canonical":"https:\/\/spaziospadoni.org\/fr\/dieu-a-une-immense-imagination-dans-sa-maniere-de-nous-appeler-deuxieme-partie\/","og_locale":"fr_FR","og_type":"article","og_title":"\u00abDieu a une immense imagination dans sa mani\u00e8re de nous appeler\u00bb | Deuxi\u00e8me partie","og_description":"Le t\u00e9moignage de fr\u00e8re Paolo Maria Braghini : l'appel \u00e0 Lourdes, le renoncement au mariage et le chemin de foi jusqu'\u00e0 Assise.","og_url":"https:\/\/spaziospadoni.org\/fr\/dieu-a-une-immense-imagination-dans-sa-maniere-de-nous-appeler-deuxieme-partie\/","og_site_name":"spazio + spadoni","article_publisher":"https:\/\/www.facebook.com\/SpazioSpadoni\/","article_published_time":"2026-08-13T07:00:00+00:00","article_modified_time":"2026-08-14T08:51:06+00:00","og_image":[{"width":1200,"height":800,"url":"https:\/\/spaziospadoni.org\/wp-content\/uploads\/2026\/08\/grotta-lourdes-preghiera.webp","type":"image\/webp"}],"author":"Fra Paolo Maria Braghini","twitter_card":"summary_large_image","twitter_misc":{"\u00c9crit par":"Fr\u00e8re Paolo Maria Braghini","Est. reading time":"4 minutes"},"schema":{"@context":"https:\/\/schema.org","@graph":[{"@type":"Article","@id":"https:\/\/spaziospadoni.org\/fr\/dieu-a-une-immense-imagination-dans-sa-maniere-de-nous-appeler-deuxieme-partie\/#article","isPartOf":{"@id":"https:\/\/spaziospadoni.org\/fr\/dieu-a-une-immense-imagination-dans-sa-maniere-de-nous-appeler-deuxieme-partie\/"},"author":{"name":"Fra Paolo Maria Braghini","@id":"https:\/\/spaziospadoni.org\/fr\/#\/schema\/person\/3564d8acb9905b1bac4639729953e97d"},"headline":"\u00abDieu a une immense imagination dans sa mani\u00e8re de nous appeler\u00bb | Deuxi\u00e8me partie","datePublished":"2026-08-13T07:00:00+00:00","dateModified":"2026-08-14T08:51:06+00:00","mainEntityOfPage":{"@id":"https:\/\/spaziospadoni.org\/fr\/dieu-a-une-immense-imagination-dans-sa-maniere-de-nous-appeler-deuxieme-partie\/"},"wordCount":631,"publisher":{"@id":"https:\/\/spaziospadoni.org\/fr\/#organization"},"image":{"@id":"https:\/\/spaziospadoni.org\/fr\/dieu-a-une-immense-imagination-dans-sa-maniere-de-nous-appeler-deuxieme-partie\/#primaryimage"},"thumbnailUrl":"https:\/\/spaziospadoni.org\/wp-content\/uploads\/2026\/08\/grotta-lourdes-preghiera.webp","keywords":["Fr\u00e8res Mineurs Capucins","Lourdes","Mission","vocation"],"articleSection":["Moi, mis\u00e9ricordi\u00e9"],"inLanguage":"fr-FR"},{"@type":"WebPage","@id":"https:\/\/spaziospadoni.org\/fr\/dieu-a-une-immense-imagination-dans-sa-maniere-de-nous-appeler-deuxieme-partie\/","url":"https:\/\/spaziospadoni.org\/fr\/dieu-a-une-immense-imagination-dans-sa-maniere-de-nous-appeler-deuxieme-partie\/","name":"\u00abDieu a une immense imagination dans sa mani\u00e8re de nous appeler\u00bb | Deuxi\u00e8me partie","isPartOf":{"@id":"https:\/\/spaziospadoni.org\/fr\/#website"},"primaryImageOfPage":{"@id":"https:\/\/spaziospadoni.org\/fr\/dieu-a-une-immense-imagination-dans-sa-maniere-de-nous-appeler-deuxieme-partie\/#primaryimage"},"image":{"@id":"https:\/\/spaziospadoni.org\/fr\/dieu-a-une-immense-imagination-dans-sa-maniere-de-nous-appeler-deuxieme-partie\/#primaryimage"},"thumbnailUrl":"https:\/\/spaziospadoni.org\/wp-content\/uploads\/2026\/08\/grotta-lourdes-preghiera.webp","datePublished":"2026-08-13T07:00:00+00:00","dateModified":"2026-08-14T08:51:06+00:00","description":"Le t\u00e9moignage de fr\u00e8re Paolo Maria Braghini : l'appel \u00e0 Lourdes, le renoncement au mariage et le chemin de foi jusqu'\u00e0 Assise.","breadcrumb":{"@id":"https:\/\/spaziospadoni.org\/fr\/dieu-a-une-immense-imagination-dans-sa-maniere-de-nous-appeler-deuxieme-partie\/#breadcrumb"},"inLanguage":"fr-FR","potentialAction":[{"@type":"ReadAction","target":["https:\/\/spaziospadoni.org\/fr\/dieu-a-une-immense-imagination-dans-sa-maniere-de-nous-appeler-deuxieme-partie\/"]}]},{"@type":"ImageObject","inLanguage":"fr-FR","@id":"https:\/\/spaziospadoni.org\/fr\/dieu-a-une-immense-imagination-dans-sa-maniere-de-nous-appeler-deuxieme-partie\/#primaryimage","url":"https:\/\/spaziospadoni.org\/wp-content\/uploads\/2026\/08\/grotta-lourdes-preghiera.webp","contentUrl":"https:\/\/spaziospadoni.org\/wp-content\/uploads\/2026\/08\/grotta-lourdes-preghiera.webp","width":1200,"height":800,"caption":"Devant la grotte de Lourdes, fr\u00e8re Paolo Maria Braghini a ressenti son appel personnel."},{"@type":"BreadcrumbList","@id":"https:\/\/spaziospadoni.org\/fr\/dieu-a-une-immense-imagination-dans-sa-maniere-de-nous-appeler-deuxieme-partie\/#breadcrumb","itemListElement":[{"@type":"ListItem","position":1,"name":"Home","item":"https:\/\/spaziospadoni.org\/fr\/"},{"@type":"ListItem","position":2,"name":"\u00abDieu a une immense imagination dans sa mani\u00e8re de nous appeler\u00bb | Deuxi\u00e8me partie"}]},{"@type":"WebSite","@id":"https:\/\/spaziospadoni.org\/fr\/#website","url":"https:\/\/spaziospadoni.org\/fr\/","name":"spazio + spadoni","description":"Generazione di misericordia e missione nel mondo","publisher":{"@id":"https:\/\/spaziospadoni.org\/fr\/#organization"},"alternateName":"spaziospadoni.org","potentialAction":[{"@type":"SearchAction","target":{"@type":"EntryPoint","urlTemplate":"https:\/\/spaziospadoni.org\/fr\/?s={search_term_string}"},"query-input":{"@type":"PropertyValueSpecification","valueRequired":true,"valueName":"search_term_string"}}],"inLanguage":"fr-FR"},{"@type":"Organization","@id":"https:\/\/spaziospadoni.org\/fr\/#organization","name":"spazio + spadoni","alternateName":"spaziospadoni.org","url":"https:\/\/spaziospadoni.org\/fr\/","logo":{"@type":"ImageObject","inLanguage":"fr-FR","@id":"https:\/\/spaziospadoni.org\/fr\/#\/schema\/logo\/image\/","url":"https:\/\/spaziospadoni.org\/wp-content\/uploads\/2026\/05\/spazio-spadoni-logo-100x100-1.webp","contentUrl":"https:\/\/spaziospadoni.org\/wp-content\/uploads\/2026\/05\/spazio-spadoni-logo-100x100-1.webp","width":100,"height":100,"caption":"spazio + spadoni"},"image":{"@id":"https:\/\/spaziospadoni.org\/fr\/#\/schema\/logo\/image\/"},"sameAs":["https:\/\/www.facebook.com\/SpazioSpadoni\/","https:\/\/www.instagram.com\/spaziospadoni\/","https:\/\/www.youtube.com\/@spaziospadoni\/playlists"]},{"@type":"Person","@id":"https:\/\/spaziospadoni.org\/fr\/#\/schema\/person\/3564d8acb9905b1bac4639729953e97d","name":"Fra Paolo Maria Braghini","image":{"@type":"ImageObject","inLanguage":"fr-FR","@id":"https:\/\/secure.gravatar.com\/avatar\/f32ed802d88a4c5f0c578a2cf8cd64a2f093a3566f4c951be66b98720ef889ee?s=96&d=mm&r=g","url":"https:\/\/secure.gravatar.com\/avatar\/f32ed802d88a4c5f0c578a2cf8cd64a2f093a3566f4c951be66b98720ef889ee?s=96&d=mm&r=g","contentUrl":"https:\/\/secure.gravatar.com\/avatar\/f32ed802d88a4c5f0c578a2cf8cd64a2f093a3566f4c951be66b98720ef889ee?s=96&d=mm&r=g","caption":"Fra Paolo Maria Braghini"},"description":"Fr\u00e8re mineur capucin n\u00e9 en 1975, il a pass\u00e9 pr\u00e8s de 20 ans en mission dans l\u2019Alto Solim\u00f5es, en Amazonie, \u00e0 la fronti\u00e8re entre le Br\u00e9sil et le P\u00e9rou. Se d\u00e9pla\u00e7ant souvent en pirogue, il a rejoint 70 villages, partageant la vie et la foi simple des populations autochtones. Originaire de la r\u00e9gion de Var\u00e8se, il est rentr\u00e9 en Italie durant l\u2019\u00e9t\u00e9 2025.","url":"https:\/\/spaziospadoni.org\/fr\/author\/braghini_mission\/"}]}},"_links":{"self":[{"href":"https:\/\/spaziospadoni.org\/fr\/wp-json\/wp\/v2\/posts\/89985","targetHints":{"allow":["GET"]}}],"collection":[{"href":"https:\/\/spaziospadoni.org\/fr\/wp-json\/wp\/v2\/posts"}],"about":[{"href":"https:\/\/spaziospadoni.org\/fr\/wp-json\/wp\/v2\/types\/post"}],"author":[{"embeddable":true,"href":"https:\/\/spaziospadoni.org\/fr\/wp-json\/wp\/v2\/users\/82"}],"replies":[{"embeddable":true,"href":"https:\/\/spaziospadoni.org\/fr\/wp-json\/wp\/v2\/comments?post=89985"}],"version-history":[{"count":1,"href":"https:\/\/spaziospadoni.org\/fr\/wp-json\/wp\/v2\/posts\/89985\/revisions"}],"predecessor-version":[{"id":89986,"href":"https:\/\/spaziospadoni.org\/fr\/wp-json\/wp\/v2\/posts\/89985\/revisions\/89986"}],"wp:featuredmedia":[{"embeddable":true,"href":"https:\/\/spaziospadoni.org\/fr\/wp-json\/wp\/v2\/media\/89984"}],"wp:attachment":[{"href":"https:\/\/spaziospadoni.org\/fr\/wp-json\/wp\/v2\/media?parent=89985"}],"wp:term":[{"taxonomy":"category","embeddable":true,"href":"https:\/\/spaziospadoni.org\/fr\/wp-json\/wp\/v2\/categories?post=89985"},{"taxonomy":"post_tag","embeddable":true,"href":"https:\/\/spaziospadoni.org\/fr\/wp-json\/wp\/v2\/tags?post=89985"}],"curies":[{"name":"wp","href":"https:\/\/api.w.org\/{rel}","templated":true}]}}