{"id":89998,"date":"2026-08-13T17:00:00","date_gmt":"2026-08-13T16:00:00","guid":{"rendered":"https:\/\/spaziospadoni.org\/?p=89998"},"modified":"2026-08-14T08:24:47","modified_gmt":"2026-08-14T07:24:47","slug":"soeurs-qui-racontent-depuis-les-marges-cours-de-journalisme","status":"publish","type":"post","link":"https:\/\/spaziospadoni.org\/fr\/soeurs-qui-racontent-depuis-les-marges-cours-de-journalisme\/","title":{"rendered":"S\u0153urs qui racontent depuis les marges: cours de journalisme"},"content":{"rendered":"\n<h2 id=\"decouvrir-et-raconter-les-histoires-qui-comptent\" class=\"wp-block-heading\">D\u00e9couvrir et raconter les histoires qui comptent<\/h2>\n\n\n\n<p class=\"wp-block-paragraph\">Je partage les informations re\u00e7ues dans la lettre d&rsquo;information mensuelle du Dicast\u00e8re pour la Communication.<\/p>\n\n\n\n<p class=\"wp-block-paragraph\">Dans le cadre du \u00ab\u00a0Projet Pentec\u00f4te avec et \u00e0 travers les S\u0153urs\u00a0\u00bb, le Dicast\u00e8re pour la Communication offre aux religieuses une opportunit\u00e9 de formation en ligne ax\u00e9e sur le journalisme et le r\u00e9cit, particuli\u00e8rement d\u00e9di\u00e9e aux personnes et aux lieux marginalis\u00e9s ainsi qu&rsquo;\u00e0 la reconnaissance des signes d&rsquo;avenir qui en \u00e9mergent.<\/p>\n\n\n\n<blockquote class=\"wp-block-quote is-layout-flow wp-block-quote-is-layout-flow\">\n<p class=\"wp-block-paragraph\"><em>Le cours &#8211; gratuit &#8211; fournira aux s\u0153urs les comp\u00e9tences fondamentales pour r\u00e9diger des articles et partager des histoires issues des marges de la soci\u00e9t\u00e9, en utilisant diff\u00e9rents canaux m\u00e9diatiques.<\/em><\/p>\n<\/blockquote>\n\n\n\n<p class=\"wp-block-paragraph\">Les r\u00e9unions se tiendront en anglais. Sur demande, une traduction simultan\u00e9e dans une autre langue pourra \u00eatre assur\u00e9e.<\/p>\n\n\n\n<p class=\"wp-block-paragraph\">Les s\u0153urs qui feront preuve d&rsquo;une plus grande comp\u00e9tence et de d\u00e9vouement auront la possibilit\u00e9 d&rsquo;\u00eatre s\u00e9lectionn\u00e9es pour un stage au sein de Vatican Media, leur permettant de d\u00e9velopper davantage leurs capacit\u00e9s dans un cadre professionnel.<\/p>\n\n\n\n<p class=\"wp-block-paragraph\">Pour plus d&rsquo;informations et pour soumettre les candidatures, un formulaire disponible en 5 langues est \u00e0 remplir (r\u00e9serv\u00e9 aux s\u0153urs):<\/p>\n\n\n\n<ul class=\"wp-block-list\">\n<li>anglais<\/li>\n\n\n\n<li>espagnol<\/li>\n\n\n\n<li>fran\u00e7ais<\/li>\n\n\n\n<li>italien<\/li>\n\n\n\n<li>portugais<\/li>\n<\/ul>\n\n\n\n<h2 id=\"modalites-de-travail\" class=\"wp-block-heading\">Modalit\u00e9s de travail<\/h2>\n\n\n\n<p class=\"wp-block-paragraph\">12 rencontres en ligne, chaque semaine, le mardi de 14h30 \u00e0 16h30 (heure italienne) du 8 septembre au 24 novembre 2026. Plateforme: Zoom. Les sessions seront coordonn\u00e9es par l&rsquo;\u00e9quipe du Dicast\u00e8re pour la Communication en collaboration avec des experts internationaux.<\/p>\n\n\n\n<p class=\"wp-block-paragraph\"><strong>Image cr\u00e9\u00e9e num\u00e9riquement par spazio + spadoni<\/strong><\/p>\n\n\n\n<p class=\"wp-block-paragraph\"><strong>Source:<\/strong> <a href=\"https:\/\/marialuciaercole.substack.com\/\" target=\"_blank\" rel=\"noreferrer noopener nofollow\" title=\"Newsletter de Maria Lucia Ercole\">Newsletter de Maria Lucia Ercole<\/a><\/p>\n\n\n\n<p class=\"wp-block-paragraph\"><\/p>\n","protected":false},"excerpt":{"rendered":"<p>D\u00e9couvrir et raconter les histoires qui comptent Je partage les informations re\u00e7ues dans la lettre d&rsquo;information mensuelle du Dicast\u00e8re pour la Communication. Dans le cadre du \u00ab\u00a0Projet Pentec\u00f4te avec et \u00e0 travers les S\u0153urs\u00a0\u00bb, le Dicast\u00e8re pour la Communication offre aux religieuses une opportunit\u00e9 de formation en ligne ax\u00e9e sur le journalisme et le r\u00e9cit, &#8230; <a title=\"S\u0153urs qui racontent depuis les marges: cours de journalisme\" class=\"read-more\" href=\"https:\/\/spaziospadoni.org\/fr\/soeurs-qui-racontent-depuis-les-marges-cours-de-journalisme\/\" aria-label=\"Read more about S\u0153urs qui racontent depuis les marges: cours de journalisme\">Lire plus<\/a><\/p>\n","protected":false},"author":13,"featured_media":89997,"comment_status":"closed","ping_status":"closed","sticky":false,"template":"","format":"standard","meta":{"_sitemap_exclude":false,"_sitemap_priority":"","_sitemap_frequency":"","ss_featured_image_title":"","ss_featured_image_alt":"Cours de storytelling pour religieuses","ss_featured_image_caption":"Le Dicast\u00e8re pour la Communication propose aux religieuses un cours de storytelling pour raconter les r\u00e9alit\u00e9s qu\u2019elles vivent dans leurs pays.","footnotes":""},"categories":[2300],"tags":[4461,3642,2335],"class_list":["post-89998","post","type-post","status-publish","format-standard","has-post-thumbnail","hentry","category-leglise-qui-inspire","tag-histoires","tag-journalisme","tag-reverendes","infinite-scroll-item","generate-columns","tablet-grid-50","mobile-grid-100","grid-parent","grid-50"],"yoast_head":"<!-- This site is optimized with the Yoast SEO plugin v28.4 - https:\/\/yoast.com\/product\/yoast-seo-wordpress\/ -->\n<title>S\u0153urs qui racontent depuis les marges: cours de journalisme<\/title>\n<meta name=\"description\" content=\"Cours de formation en ligne du Dicast\u00e8re pour la Communication d\u00e9di\u00e9 aux religieuses pour raconter les histoires des marges.\" \/>\n<meta name=\"robots\" content=\"index, follow, max-snippet:-1, max-image-preview:large, max-video-preview:-1\" \/>\n<link rel=\"canonical\" href=\"https:\/\/spaziospadoni.org\/fr\/soeurs-qui-racontent-depuis-les-marges-cours-de-journalisme\/\" \/>\n<meta property=\"og:locale\" content=\"fr_FR\" \/>\n<meta property=\"og:type\" content=\"article\" \/>\n<meta property=\"og:title\" content=\"S\u0153urs qui racontent depuis les marges: cours de journalisme\" \/>\n<meta property=\"og:description\" content=\"Cours de formation en ligne du Dicast\u00e8re pour la Communication d\u00e9di\u00e9 aux religieuses pour raconter les histoires des marges.\" \/>\n<meta property=\"og:url\" content=\"https:\/\/spaziospadoni.org\/fr\/soeurs-qui-racontent-depuis-les-marges-cours-de-journalisme\/\" \/>\n<meta property=\"og:site_name\" content=\"spazio + spadoni\" \/>\n<meta property=\"article:publisher\" content=\"https:\/\/www.facebook.com\/SpazioSpadoni\/\" \/>\n<meta property=\"article:published_time\" content=\"2026-08-13T16:00:00+00:00\" \/>\n<meta property=\"article:modified_time\" content=\"2026-08-14T07:24:47+00:00\" \/>\n<meta property=\"og:image\" content=\"https:\/\/spaziospadoni.org\/wp-content\/uploads\/2026\/08\/corso-storytelling-suore.webp\" \/>\n\t<meta property=\"og:image:width\" content=\"1200\" \/>\n\t<meta property=\"og:image:height\" content=\"800\" \/>\n\t<meta property=\"og:image:type\" content=\"image\/webp\" \/>\n<meta name=\"author\" content=\"Maria Lucia Ercole\" \/>\n<meta name=\"twitter:card\" content=\"summary_large_image\" \/>\n<meta name=\"twitter:label1\" content=\"\u00c9crit par\" \/>\n\t<meta name=\"twitter:data1\" content=\"Maria Lucia Ercole\" \/>\n\t<meta name=\"twitter:label2\" content=\"Est. reading time\" \/>\n\t<meta name=\"twitter:data2\" content=\"2 minutes\" \/>\n<script type=\"application\/ld+json\" class=\"yoast-schema-graph\">{\"@context\":\"https:\\\/\\\/schema.org\",\"@graph\":[{\"@type\":\"Article\",\"@id\":\"https:\\\/\\\/spaziospadoni.org\\\/fr\\\/soeurs-qui-racontent-depuis-les-marges-cours-de-journalisme\\\/#article\",\"isPartOf\":{\"@id\":\"https:\\\/\\\/spaziospadoni.org\\\/fr\\\/soeurs-qui-racontent-depuis-les-marges-cours-de-journalisme\\\/\"},\"author\":{\"name\":\"Maria Lucia Ercole\",\"@id\":\"https:\\\/\\\/spaziospadoni.org\\\/fr\\\/#\\\/schema\\\/person\\\/9cdee08a0f6e8328c0e19b713bde0426\"},\"headline\":\"S\u0153urs qui racontent depuis les marges: cours de journalisme\",\"datePublished\":\"2026-08-13T16:00:00+00:00\",\"dateModified\":\"2026-08-14T07:24:47+00:00\",\"mainEntityOfPage\":{\"@id\":\"https:\\\/\\\/spaziospadoni.org\\\/fr\\\/soeurs-qui-racontent-depuis-les-marges-cours-de-journalisme\\\/\"},\"wordCount\":281,\"publisher\":{\"@id\":\"https:\\\/\\\/spaziospadoni.org\\\/fr\\\/#organization\"},\"image\":{\"@id\":\"https:\\\/\\\/spaziospadoni.org\\\/fr\\\/soeurs-qui-racontent-depuis-les-marges-cours-de-journalisme\\\/#primaryimage\"},\"thumbnailUrl\":\"https:\\\/\\\/spaziospadoni.org\\\/wp-content\\\/uploads\\\/2026\\\/08\\\/corso-storytelling-suore.webp\",\"keywords\":[\"histoires\",\"Journalisme\",\"R\u00e9v\u00e9rendes\"],\"articleSection\":[\"L'\u00c9glise qui inspire\"],\"inLanguage\":\"fr-FR\"},{\"@type\":\"WebPage\",\"@id\":\"https:\\\/\\\/spaziospadoni.org\\\/fr\\\/soeurs-qui-racontent-depuis-les-marges-cours-de-journalisme\\\/\",\"url\":\"https:\\\/\\\/spaziospadoni.org\\\/fr\\\/soeurs-qui-racontent-depuis-les-marges-cours-de-journalisme\\\/\",\"name\":\"S\u0153urs qui racontent depuis les marges: cours de journalisme\",\"isPartOf\":{\"@id\":\"https:\\\/\\\/spaziospadoni.org\\\/fr\\\/#website\"},\"primaryImageOfPage\":{\"@id\":\"https:\\\/\\\/spaziospadoni.org\\\/fr\\\/soeurs-qui-racontent-depuis-les-marges-cours-de-journalisme\\\/#primaryimage\"},\"image\":{\"@id\":\"https:\\\/\\\/spaziospadoni.org\\\/fr\\\/soeurs-qui-racontent-depuis-les-marges-cours-de-journalisme\\\/#primaryimage\"},\"thumbnailUrl\":\"https:\\\/\\\/spaziospadoni.org\\\/wp-content\\\/uploads\\\/2026\\\/08\\\/corso-storytelling-suore.webp\",\"datePublished\":\"2026-08-13T16:00:00+00:00\",\"dateModified\":\"2026-08-14T07:24:47+00:00\",\"description\":\"Cours de formation en ligne du Dicast\u00e8re pour la Communication d\u00e9di\u00e9 aux religieuses pour raconter les histoires des marges.\",\"breadcrumb\":{\"@id\":\"https:\\\/\\\/spaziospadoni.org\\\/fr\\\/soeurs-qui-racontent-depuis-les-marges-cours-de-journalisme\\\/#breadcrumb\"},\"inLanguage\":\"fr-FR\",\"potentialAction\":[{\"@type\":\"ReadAction\",\"target\":[\"https:\\\/\\\/spaziospadoni.org\\\/fr\\\/soeurs-qui-racontent-depuis-les-marges-cours-de-journalisme\\\/\"]}]},{\"@type\":\"ImageObject\",\"inLanguage\":\"fr-FR\",\"@id\":\"https:\\\/\\\/spaziospadoni.org\\\/fr\\\/soeurs-qui-racontent-depuis-les-marges-cours-de-journalisme\\\/#primaryimage\",\"url\":\"https:\\\/\\\/spaziospadoni.org\\\/wp-content\\\/uploads\\\/2026\\\/08\\\/corso-storytelling-suore.webp\",\"contentUrl\":\"https:\\\/\\\/spaziospadoni.org\\\/wp-content\\\/uploads\\\/2026\\\/08\\\/corso-storytelling-suore.webp\",\"width\":1200,\"height\":800,\"caption\":\"Le Dicast\u00e8re pour la Communication propose aux religieuses un cours de storytelling pour raconter les r\u00e9alit\u00e9s qu\u2019elles vivent dans leurs pays.\"},{\"@type\":\"BreadcrumbList\",\"@id\":\"https:\\\/\\\/spaziospadoni.org\\\/fr\\\/soeurs-qui-racontent-depuis-les-marges-cours-de-journalisme\\\/#breadcrumb\",\"itemListElement\":[{\"@type\":\"ListItem\",\"position\":1,\"name\":\"Home\",\"item\":\"https:\\\/\\\/spaziospadoni.org\\\/fr\\\/\"},{\"@type\":\"ListItem\",\"position\":2,\"name\":\"S\u0153urs qui racontent depuis les marges: cours de journalisme\"}]},{\"@type\":\"WebSite\",\"@id\":\"https:\\\/\\\/spaziospadoni.org\\\/fr\\\/#website\",\"url\":\"https:\\\/\\\/spaziospadoni.org\\\/fr\\\/\",\"name\":\"spazio + spadoni\",\"description\":\"Generazione di misericordia e missione nel mondo\",\"publisher\":{\"@id\":\"https:\\\/\\\/spaziospadoni.org\\\/fr\\\/#organization\"},\"alternateName\":\"spaziospadoni.org\",\"potentialAction\":[{\"@type\":\"SearchAction\",\"target\":{\"@type\":\"EntryPoint\",\"urlTemplate\":\"https:\\\/\\\/spaziospadoni.org\\\/fr\\\/?s={search_term_string}\"},\"query-input\":{\"@type\":\"PropertyValueSpecification\",\"valueRequired\":true,\"valueName\":\"search_term_string\"}}],\"inLanguage\":\"fr-FR\"},{\"@type\":\"Organization\",\"@id\":\"https:\\\/\\\/spaziospadoni.org\\\/fr\\\/#organization\",\"name\":\"spazio + spadoni\",\"alternateName\":\"spaziospadoni.org\",\"url\":\"https:\\\/\\\/spaziospadoni.org\\\/fr\\\/\",\"logo\":{\"@type\":\"ImageObject\",\"inLanguage\":\"fr-FR\",\"@id\":\"https:\\\/\\\/spaziospadoni.org\\\/fr\\\/#\\\/schema\\\/logo\\\/image\\\/\",\"url\":\"https:\\\/\\\/spaziospadoni.org\\\/wp-content\\\/uploads\\\/2026\\\/05\\\/spazio-spadoni-logo-100x100-1.webp\",\"contentUrl\":\"https:\\\/\\\/spaziospadoni.org\\\/wp-content\\\/uploads\\\/2026\\\/05\\\/spazio-spadoni-logo-100x100-1.webp\",\"width\":100,\"height\":100,\"caption\":\"spazio + spadoni\"},\"image\":{\"@id\":\"https:\\\/\\\/spaziospadoni.org\\\/fr\\\/#\\\/schema\\\/logo\\\/image\\\/\"},\"sameAs\":[\"https:\\\/\\\/www.facebook.com\\\/SpazioSpadoni\\\/\",\"https:\\\/\\\/www.instagram.com\\\/spaziospadoni\\\/\",\"https:\\\/\\\/www.youtube.com\\\/@spaziospadoni\\\/playlists\"]},{\"@type\":\"Person\",\"@id\":\"https:\\\/\\\/spaziospadoni.org\\\/fr\\\/#\\\/schema\\\/person\\\/9cdee08a0f6e8328c0e19b713bde0426\",\"name\":\"Maria Lucia Ercole\",\"image\":{\"@type\":\"ImageObject\",\"inLanguage\":\"fr-FR\",\"@id\":\"https:\\\/\\\/secure.gravatar.com\\\/avatar\\\/880bbdf4c968635b20266eac4e46e8196a6dde9230c4927c12757a6c430e6e3d?s=96&d=mm&r=g\",\"url\":\"https:\\\/\\\/secure.gravatar.com\\\/avatar\\\/880bbdf4c968635b20266eac4e46e8196a6dde9230c4927c12757a6c430e6e3d?s=96&d=mm&r=g\",\"contentUrl\":\"https:\\\/\\\/secure.gravatar.com\\\/avatar\\\/880bbdf4c968635b20266eac4e46e8196a6dde9230c4927c12757a6c430e6e3d?s=96&d=mm&r=g\",\"caption\":\"Maria Lucia Ercole\"},\"description\":\"Dipl\u00f4m\u00e9e en \u00e9conomie et en sciences de l\u2019\u00e9ducation, elle a enseign\u00e9 dans plusieurs \u00e9tablissements secondaires de Turin. Elle se consacre actuellement pleinement au b\u00e9n\u00e9volat, aussi bien dans le cadre paroissial que dans le domaine \u00e9ducatif, en enseignant l\u2019italien langue seconde (L2) aux migrants. Depuis octobre 2021, elle r\u00e9dige la newsletter \u201cLa Chiesa che ispira \u2013 Spazio di riflessione sulla Chiesa Cattolica, oggi\u201d et participe activement aux campagnes nationales \u201cStop smartphone e social sotto i 14 e 16 anni\u201d.\",\"url\":\"https:\\\/\\\/spaziospadoni.org\\\/fr\\\/author\\\/ercolemission\\\/\"}]}<\/script>\n<!-- \/ Yoast SEO plugin. -->","yoast_head_json":{"title":"S\u0153urs qui racontent depuis les marges: cours de journalisme","description":"Cours de formation en ligne du Dicast\u00e8re pour la Communication d\u00e9di\u00e9 aux religieuses pour raconter les histoires des marges.","robots":{"index":"index","follow":"follow","max-snippet":"max-snippet:-1","max-image-preview":"max-image-preview:large","max-video-preview":"max-video-preview:-1"},"canonical":"https:\/\/spaziospadoni.org\/fr\/soeurs-qui-racontent-depuis-les-marges-cours-de-journalisme\/","og_locale":"fr_FR","og_type":"article","og_title":"S\u0153urs qui racontent depuis les marges: cours de journalisme","og_description":"Cours de formation en ligne du Dicast\u00e8re pour la Communication d\u00e9di\u00e9 aux religieuses pour raconter les histoires des marges.","og_url":"https:\/\/spaziospadoni.org\/fr\/soeurs-qui-racontent-depuis-les-marges-cours-de-journalisme\/","og_site_name":"spazio + spadoni","article_publisher":"https:\/\/www.facebook.com\/SpazioSpadoni\/","article_published_time":"2026-08-13T16:00:00+00:00","article_modified_time":"2026-08-14T07:24:47+00:00","og_image":[{"width":1200,"height":800,"url":"https:\/\/spaziospadoni.org\/wp-content\/uploads\/2026\/08\/corso-storytelling-suore.webp","type":"image\/webp"}],"author":"Maria Lucia Ercole","twitter_card":"summary_large_image","twitter_misc":{"\u00c9crit par":"Maria Lucia Ercole","Est. reading time":"2 minutes"},"schema":{"@context":"https:\/\/schema.org","@graph":[{"@type":"Article","@id":"https:\/\/spaziospadoni.org\/fr\/soeurs-qui-racontent-depuis-les-marges-cours-de-journalisme\/#article","isPartOf":{"@id":"https:\/\/spaziospadoni.org\/fr\/soeurs-qui-racontent-depuis-les-marges-cours-de-journalisme\/"},"author":{"name":"Maria Lucia Ercole","@id":"https:\/\/spaziospadoni.org\/fr\/#\/schema\/person\/9cdee08a0f6e8328c0e19b713bde0426"},"headline":"S\u0153urs qui racontent depuis les marges: cours de journalisme","datePublished":"2026-08-13T16:00:00+00:00","dateModified":"2026-08-14T07:24:47+00:00","mainEntityOfPage":{"@id":"https:\/\/spaziospadoni.org\/fr\/soeurs-qui-racontent-depuis-les-marges-cours-de-journalisme\/"},"wordCount":281,"publisher":{"@id":"https:\/\/spaziospadoni.org\/fr\/#organization"},"image":{"@id":"https:\/\/spaziospadoni.org\/fr\/soeurs-qui-racontent-depuis-les-marges-cours-de-journalisme\/#primaryimage"},"thumbnailUrl":"https:\/\/spaziospadoni.org\/wp-content\/uploads\/2026\/08\/corso-storytelling-suore.webp","keywords":["histoires","Journalisme","R\u00e9v\u00e9rendes"],"articleSection":["L'\u00c9glise qui inspire"],"inLanguage":"fr-FR"},{"@type":"WebPage","@id":"https:\/\/spaziospadoni.org\/fr\/soeurs-qui-racontent-depuis-les-marges-cours-de-journalisme\/","url":"https:\/\/spaziospadoni.org\/fr\/soeurs-qui-racontent-depuis-les-marges-cours-de-journalisme\/","name":"S\u0153urs qui racontent depuis les marges: cours de journalisme","isPartOf":{"@id":"https:\/\/spaziospadoni.org\/fr\/#website"},"primaryImageOfPage":{"@id":"https:\/\/spaziospadoni.org\/fr\/soeurs-qui-racontent-depuis-les-marges-cours-de-journalisme\/#primaryimage"},"image":{"@id":"https:\/\/spaziospadoni.org\/fr\/soeurs-qui-racontent-depuis-les-marges-cours-de-journalisme\/#primaryimage"},"thumbnailUrl":"https:\/\/spaziospadoni.org\/wp-content\/uploads\/2026\/08\/corso-storytelling-suore.webp","datePublished":"2026-08-13T16:00:00+00:00","dateModified":"2026-08-14T07:24:47+00:00","description":"Cours de formation en ligne du Dicast\u00e8re pour la Communication d\u00e9di\u00e9 aux religieuses pour raconter les histoires des marges.","breadcrumb":{"@id":"https:\/\/spaziospadoni.org\/fr\/soeurs-qui-racontent-depuis-les-marges-cours-de-journalisme\/#breadcrumb"},"inLanguage":"fr-FR","potentialAction":[{"@type":"ReadAction","target":["https:\/\/spaziospadoni.org\/fr\/soeurs-qui-racontent-depuis-les-marges-cours-de-journalisme\/"]}]},{"@type":"ImageObject","inLanguage":"fr-FR","@id":"https:\/\/spaziospadoni.org\/fr\/soeurs-qui-racontent-depuis-les-marges-cours-de-journalisme\/#primaryimage","url":"https:\/\/spaziospadoni.org\/wp-content\/uploads\/2026\/08\/corso-storytelling-suore.webp","contentUrl":"https:\/\/spaziospadoni.org\/wp-content\/uploads\/2026\/08\/corso-storytelling-suore.webp","width":1200,"height":800,"caption":"Le Dicast\u00e8re pour la Communication propose aux religieuses un cours de storytelling pour raconter les r\u00e9alit\u00e9s qu\u2019elles vivent dans leurs pays."},{"@type":"BreadcrumbList","@id":"https:\/\/spaziospadoni.org\/fr\/soeurs-qui-racontent-depuis-les-marges-cours-de-journalisme\/#breadcrumb","itemListElement":[{"@type":"ListItem","position":1,"name":"Home","item":"https:\/\/spaziospadoni.org\/fr\/"},{"@type":"ListItem","position":2,"name":"S\u0153urs qui racontent depuis les marges: cours de journalisme"}]},{"@type":"WebSite","@id":"https:\/\/spaziospadoni.org\/fr\/#website","url":"https:\/\/spaziospadoni.org\/fr\/","name":"spazio + spadoni","description":"Generazione di misericordia e missione nel mondo","publisher":{"@id":"https:\/\/spaziospadoni.org\/fr\/#organization"},"alternateName":"spaziospadoni.org","potentialAction":[{"@type":"SearchAction","target":{"@type":"EntryPoint","urlTemplate":"https:\/\/spaziospadoni.org\/fr\/?s={search_term_string}"},"query-input":{"@type":"PropertyValueSpecification","valueRequired":true,"valueName":"search_term_string"}}],"inLanguage":"fr-FR"},{"@type":"Organization","@id":"https:\/\/spaziospadoni.org\/fr\/#organization","name":"spazio + spadoni","alternateName":"spaziospadoni.org","url":"https:\/\/spaziospadoni.org\/fr\/","logo":{"@type":"ImageObject","inLanguage":"fr-FR","@id":"https:\/\/spaziospadoni.org\/fr\/#\/schema\/logo\/image\/","url":"https:\/\/spaziospadoni.org\/wp-content\/uploads\/2026\/05\/spazio-spadoni-logo-100x100-1.webp","contentUrl":"https:\/\/spaziospadoni.org\/wp-content\/uploads\/2026\/05\/spazio-spadoni-logo-100x100-1.webp","width":100,"height":100,"caption":"spazio + spadoni"},"image":{"@id":"https:\/\/spaziospadoni.org\/fr\/#\/schema\/logo\/image\/"},"sameAs":["https:\/\/www.facebook.com\/SpazioSpadoni\/","https:\/\/www.instagram.com\/spaziospadoni\/","https:\/\/www.youtube.com\/@spaziospadoni\/playlists"]},{"@type":"Person","@id":"https:\/\/spaziospadoni.org\/fr\/#\/schema\/person\/9cdee08a0f6e8328c0e19b713bde0426","name":"Maria Lucia Ercole","image":{"@type":"ImageObject","inLanguage":"fr-FR","@id":"https:\/\/secure.gravatar.com\/avatar\/880bbdf4c968635b20266eac4e46e8196a6dde9230c4927c12757a6c430e6e3d?s=96&d=mm&r=g","url":"https:\/\/secure.gravatar.com\/avatar\/880bbdf4c968635b20266eac4e46e8196a6dde9230c4927c12757a6c430e6e3d?s=96&d=mm&r=g","contentUrl":"https:\/\/secure.gravatar.com\/avatar\/880bbdf4c968635b20266eac4e46e8196a6dde9230c4927c12757a6c430e6e3d?s=96&d=mm&r=g","caption":"Maria Lucia Ercole"},"description":"Dipl\u00f4m\u00e9e en \u00e9conomie et en sciences de l\u2019\u00e9ducation, elle a enseign\u00e9 dans plusieurs \u00e9tablissements secondaires de Turin. Elle se consacre actuellement pleinement au b\u00e9n\u00e9volat, aussi bien dans le cadre paroissial que dans le domaine \u00e9ducatif, en enseignant l\u2019italien langue seconde (L2) aux migrants. Depuis octobre 2021, elle r\u00e9dige la newsletter \u201cLa Chiesa che ispira \u2013 Spazio di riflessione sulla Chiesa Cattolica, oggi\u201d et participe activement aux campagnes nationales \u201cStop smartphone e social sotto i 14 e 16 anni\u201d.","url":"https:\/\/spaziospadoni.org\/fr\/author\/ercolemission\/"}]}},"_links":{"self":[{"href":"https:\/\/spaziospadoni.org\/fr\/wp-json\/wp\/v2\/posts\/89998","targetHints":{"allow":["GET"]}}],"collection":[{"href":"https:\/\/spaziospadoni.org\/fr\/wp-json\/wp\/v2\/posts"}],"about":[{"href":"https:\/\/spaziospadoni.org\/fr\/wp-json\/wp\/v2\/types\/post"}],"author":[{"embeddable":true,"href":"https:\/\/spaziospadoni.org\/fr\/wp-json\/wp\/v2\/users\/13"}],"replies":[{"embeddable":true,"href":"https:\/\/spaziospadoni.org\/fr\/wp-json\/wp\/v2\/comments?post=89998"}],"version-history":[{"count":1,"href":"https:\/\/spaziospadoni.org\/fr\/wp-json\/wp\/v2\/posts\/89998\/revisions"}],"predecessor-version":[{"id":89999,"href":"https:\/\/spaziospadoni.org\/fr\/wp-json\/wp\/v2\/posts\/89998\/revisions\/89999"}],"wp:featuredmedia":[{"embeddable":true,"href":"https:\/\/spaziospadoni.org\/fr\/wp-json\/wp\/v2\/media\/89997"}],"wp:attachment":[{"href":"https:\/\/spaziospadoni.org\/fr\/wp-json\/wp\/v2\/media?parent=89998"}],"wp:term":[{"taxonomy":"category","embeddable":true,"href":"https:\/\/spaziospadoni.org\/fr\/wp-json\/wp\/v2\/categories?post=89998"},{"taxonomy":"post_tag","embeddable":true,"href":"https:\/\/spaziospadoni.org\/fr\/wp-json\/wp\/v2\/tags?post=89998"}],"curies":[{"name":"wp","href":"https:\/\/api.w.org\/{rel}","templated":true}]}}