{"id":90010,"date":"2026-08-14T07:30:00","date_gmt":"2026-08-14T06:30:00","guid":{"rendered":"https:\/\/spaziospadoni.org\/?p=90010"},"modified":"2026-08-14T09:53:56","modified_gmt":"2026-08-14T08:53:56","slug":"dieu-a-une-immense-imagination-dans-sa-maniere-de-nous-appeler-troisieme-partie","status":"publish","type":"post","link":"https:\/\/spaziospadoni.org\/fr\/dieu-a-une-immense-imagination-dans-sa-maniere-de-nous-appeler-troisieme-partie\/","title":{"rendered":"\u00ab\u00a0Dieu a une immense imagination dans sa mani\u00e8re de nous appeler\u00a0\u00bb | Troisi\u00e8me partie"},"content":{"rendered":"\n<h2 id=\"lappel-au-franciscanisme-et-la-mission-en-amazonie\" class=\"wp-block-heading\">L&rsquo;appel au franciscanisme et la mission en Amazonie<\/h2>\n\n\n\n<p class=\"wp-block-paragraph\">\u00ab J&rsquo;ai vraiment senti que le Seigneur m&rsquo;appelait \u00e0 \u00eatre fr\u00e8re. J&rsquo;ai vu un homme radical, dans la fraternit\u00e9, dans la pauvret\u00e9 et dans l&rsquo;accomplissement total de l&rsquo;\u00c9vangile, et j&rsquo;ai dit oui au Seigneur. Je n&rsquo;ai pas eu peur. J&rsquo;ai commenc\u00e9 le chemin pour devenir fr\u00e8re et, apr\u00e8s quelques ann\u00e9es, un autre jeune fr\u00e8re et moi avons \u00e9t\u00e9 envoy\u00e9s en Amazonie. J&rsquo;y ai pass\u00e9 vingt ans de ma vie. \u00bb<\/p>\n\n\n\n<h2 id=\"les-defis-de-la-nature-et-la-decouverte-des-72-villages\" class=\"wp-block-heading\">Les d\u00e9fis de la nature et la d\u00e9couverte des 72 villages<\/h2>\n\n\n\n<p class=\"wp-block-paragraph\">\u00ab Ce que les jeunes demandent d&rsquo;habitude, ce sont les aventures : les dangers de mort ont \u00e9t\u00e9 innombrables. L\u00e0-bas, il n&rsquo;y a que de l&rsquo;eau, pas de routes, pas de motos, pas de voitures ; une r\u00e9alit\u00e9 vraiment difficile, marqu\u00e9e par les pi\u00e8ges de la nature. J&rsquo;ai m\u00eame fait naufrage, mais le Seigneur m&rsquo;a sauv\u00e9 in extremis ! Et puis des crocodiles, des serpents qui vous passent sur les pieds, des tarentules\u2026 <\/p>\n\n\n\n<p class=\"wp-block-paragraph\">Il y aurait tant de choses \u00e0 raconter, mais la plus belle est celle-ci : apr\u00e8s trois ans, avec deux autres jeunes confr\u00e8res, nous avons d\u00e9couvert que depuis notre modeste paroisse \u2014 un village indig\u00e8ne sans \u00e9lectricit\u00e9 ni t\u00e9l\u00e9phone, dans une pr\u00e9carit\u00e9 extr\u00eame (j&rsquo;avais d\u00e9j\u00e0 perdu 10 kilos, contract\u00e9 le paludisme, etc.) \u2014 nous pouvions atteindre 72 autres villages. Des lieux accessibles uniquement en pirogue, certains situ\u00e9s \u00e0 plus d&rsquo;une journ\u00e9e de navigation. <\/p>\n\n\n\n<p class=\"wp-block-paragraph\">Nous nous sommes regard\u00e9s et nous sommes dit : \u00abSi nous continuons \u00e0 ce rythme, nous allons mourir, on nous retrouvera au cimeti\u00e8re ! Qu&rsquo;aurait fait J\u00e9sus ? Qu&rsquo;a-t-il fait, en r\u00e9alit\u00e9?\u00bb.<\/p>\n\n\n\n<p class=\"wp-block-paragraph\"> J\u00e9sus a d&rsquo;abord appel\u00e9 les douze ap\u00f4tres, puis, voyant que la mission \u00e9tait immense, il en a envoy\u00e9 72 autres, qui n&rsquo;\u00e9taient pas des pr\u00eatres, mais des familles, des jeunes, des hommes et des femmes. \u00bb<\/p>\n\n\n\n<h2 id=\"limplication-des-indiens-ticuna-et-la-naissance-dune-eglise-vivante\" class=\"wp-block-heading\">L&rsquo;implication des Indiens Ticuna et la naissance d&rsquo;une \u00c9glise vivante<\/h2>\n\n\n\n<p class=\"wp-block-paragraph\">\u00ab Nous avons fait de m\u00eame avec les indig\u00e8nes, les Indiens Ticuna, un peuple extraordinairement g\u00e9n\u00e9reux. Apr\u00e8s trois ans, lorsque nous avons commenc\u00e9 \u00e0 comprendre et \u00e0 parler leur langue, nous les avons \u00e9galement invit\u00e9s \u00e0 devenir missionnaires. <\/p>\n\n\n\n<p class=\"wp-block-paragraph\">La r\u00e9ponse de ce peuple humble a \u00e9t\u00e9 incroyable : aujourd&rsquo;hui, il y a des cat\u00e9chistes capables de rassembler des centaines et des milliers d&rsquo;enfants dans tous les villages, et de tr\u00e8s nombreux jeunes qui, avec disponibilit\u00e9, g\u00e9n\u00e9rosit\u00e9 et une immense confiance dans l&rsquo;Esprit Saint, sont devenus de grands missionnaires. <\/p>\n\n\n\n<p class=\"wp-block-paragraph\">Il faut rappeler que dans ce contexte, beaucoup de jeunes deviennent parents d\u00e8s l&rsquo;\u00e2ge de 15 ans et qu&rsquo;\u00e0 25 ans, ils ont souvent 6, 7 ou 8 enfants. <\/p>\n\n\n\n<p class=\"wp-block-paragraph\">Pourtant, nous avons aujourd&rsquo;hui <strong>une \u00c9glise indig\u00e8ne vivante<\/strong>, fond\u00e9e pr\u00e9cis\u00e9ment sur la g\u00e9n\u00e9rosit\u00e9 de ces jeunes qui savent dire leur \u00ab\u00a0oui\u00a0\u00bb au Seigneur. \u00bb<\/p>\n\n\n\n<p class=\"has-text-align-center wp-block-paragraph\"><strong>Fin de la troisi\u00e8me partie<\/strong><\/p>\n\n\n\n<p class=\"wp-block-paragraph\"><strong>Photo de fr\u00e8re Paolo Maria Braghini<\/strong><\/p>\n\n\n\n<p class=\"wp-block-paragraph\"><\/p>\n","protected":false},"excerpt":{"rendered":"<p>L&rsquo;appel au franciscanisme et la mission en Amazonie \u00ab J&rsquo;ai vraiment senti que le Seigneur m&rsquo;appelait \u00e0 \u00eatre fr\u00e8re. J&rsquo;ai vu un homme radical, dans la fraternit\u00e9, dans la pauvret\u00e9 et dans l&rsquo;accomplissement total de l&rsquo;\u00c9vangile, et j&rsquo;ai dit oui au Seigneur. Je n&rsquo;ai pas eu peur. J&rsquo;ai commenc\u00e9 le chemin pour devenir fr\u00e8re et, &#8230; <a title=\"\u00ab\u00a0Dieu a une immense imagination dans sa mani\u00e8re de nous appeler\u00a0\u00bb | Troisi\u00e8me partie\" class=\"read-more\" href=\"https:\/\/spaziospadoni.org\/fr\/dieu-a-une-immense-imagination-dans-sa-maniere-de-nous-appeler-troisieme-partie\/\" aria-label=\"Read more about \u00ab\u00a0Dieu a une immense imagination dans sa mani\u00e8re de nous appeler\u00a0\u00bb | Troisi\u00e8me partie\">Lire plus<\/a><\/p>\n","protected":false},"author":82,"featured_media":90009,"comment_status":"closed","ping_status":"closed","sticky":false,"template":"","format":"standard","meta":{"_sitemap_exclude":false,"_sitemap_priority":"","_sitemap_frequency":"","ss_featured_image_title":"","ss_featured_image_alt":"Fr\u00e8re Paolo Maria Braghini en Amazonie","ss_featured_image_caption":"Fr\u00e8re Paolo Maria Braghini, Fr\u00e8re mineur capucin, a pass\u00e9 20 ans en Amazonie parmi les Ticuna du Haut Solim\u00f5es.","footnotes":""},"categories":[2446],"tags":[3526,5041,4345,2568],"class_list":["post-90010","post","type-post","status-publish","format-standard","has-post-thumbnail","hentry","category-moi-misericordie","tag-amazone","tag-freres-mineurs-capucins","tag-indiens","tag-mission","infinite-scroll-item","generate-columns","tablet-grid-50","mobile-grid-100","grid-parent","grid-50"],"yoast_head":"<!-- This site is optimized with the Yoast SEO plugin v28.4 - https:\/\/yoast.com\/product\/yoast-seo-wordpress\/ -->\n<title>&quot;Dieu a une immense imagination dans sa mani\u00e8re de nous appeler&quot; | Troisi\u00e8me partie<\/title>\n<meta name=\"description\" content=\"La mission franciscaine de fr\u00e8re Paolo Maria Braghini en Amazonie aupr\u00e8s des Indiens Ticuna : la naissance d&#039;une \u00c9glise indig\u00e8ne vivante.\" \/>\n<meta name=\"robots\" content=\"index, follow, max-snippet:-1, max-image-preview:large, max-video-preview:-1\" \/>\n<link rel=\"canonical\" href=\"https:\/\/spaziospadoni.org\/fr\/dieu-a-une-immense-imagination-dans-sa-maniere-de-nous-appeler-troisieme-partie\/\" \/>\n<meta property=\"og:locale\" content=\"fr_FR\" \/>\n<meta property=\"og:type\" content=\"article\" \/>\n<meta property=\"og:title\" content=\"&quot;Dieu a une immense imagination dans sa mani\u00e8re de nous appeler&quot; | Troisi\u00e8me partie\" \/>\n<meta property=\"og:description\" content=\"La mission franciscaine de fr\u00e8re Paolo Maria Braghini en Amazonie aupr\u00e8s des Indiens Ticuna : la naissance d&#039;une \u00c9glise indig\u00e8ne vivante.\" \/>\n<meta property=\"og:url\" content=\"https:\/\/spaziospadoni.org\/fr\/dieu-a-une-immense-imagination-dans-sa-maniere-de-nous-appeler-troisieme-partie\/\" \/>\n<meta property=\"og:site_name\" content=\"spazio + spadoni\" \/>\n<meta property=\"article:publisher\" content=\"https:\/\/www.facebook.com\/SpazioSpadoni\/\" \/>\n<meta property=\"article:published_time\" content=\"2026-08-14T06:30:00+00:00\" \/>\n<meta property=\"article:modified_time\" content=\"2026-08-14T08:53:56+00:00\" \/>\n<meta property=\"og:image\" content=\"https:\/\/spaziospadoni.org\/wp-content\/uploads\/2026\/08\/fra-paolo-braghini-missione.webp\" \/>\n\t<meta property=\"og:image:width\" content=\"1200\" \/>\n\t<meta property=\"og:image:height\" content=\"675\" \/>\n\t<meta property=\"og:image:type\" content=\"image\/webp\" \/>\n<meta name=\"author\" content=\"Fra Paolo Maria Braghini\" \/>\n<meta name=\"twitter:card\" content=\"summary_large_image\" \/>\n<meta name=\"twitter:label1\" content=\"\u00c9crit par\" \/>\n\t<meta name=\"twitter:data1\" content=\"Fr\u00e8re Paolo Maria Braghini\" \/>\n\t<meta name=\"twitter:label2\" content=\"Est. reading time\" \/>\n\t<meta name=\"twitter:data2\" content=\"3 minutes\" \/>\n<script type=\"application\/ld+json\" class=\"yoast-schema-graph\">{\"@context\":\"https:\\\/\\\/schema.org\",\"@graph\":[{\"@type\":\"Article\",\"@id\":\"https:\\\/\\\/spaziospadoni.org\\\/fr\\\/dieu-a-une-immense-imagination-dans-sa-maniere-de-nous-appeler-troisieme-partie\\\/#article\",\"isPartOf\":{\"@id\":\"https:\\\/\\\/spaziospadoni.org\\\/fr\\\/dieu-a-une-immense-imagination-dans-sa-maniere-de-nous-appeler-troisieme-partie\\\/\"},\"author\":{\"name\":\"Fra Paolo Maria Braghini\",\"@id\":\"https:\\\/\\\/spaziospadoni.org\\\/fr\\\/#\\\/schema\\\/person\\\/3564d8acb9905b1bac4639729953e97d\"},\"headline\":\"\u00ab\u00a0Dieu a une immense imagination dans sa mani\u00e8re de nous appeler\u00a0\u00bb | Troisi\u00e8me partie\",\"datePublished\":\"2026-08-14T06:30:00+00:00\",\"dateModified\":\"2026-08-14T08:53:56+00:00\",\"mainEntityOfPage\":{\"@id\":\"https:\\\/\\\/spaziospadoni.org\\\/fr\\\/dieu-a-une-immense-imagination-dans-sa-maniere-de-nous-appeler-troisieme-partie\\\/\"},\"wordCount\":527,\"publisher\":{\"@id\":\"https:\\\/\\\/spaziospadoni.org\\\/fr\\\/#organization\"},\"image\":{\"@id\":\"https:\\\/\\\/spaziospadoni.org\\\/fr\\\/dieu-a-une-immense-imagination-dans-sa-maniere-de-nous-appeler-troisieme-partie\\\/#primaryimage\"},\"thumbnailUrl\":\"https:\\\/\\\/spaziospadoni.org\\\/wp-content\\\/uploads\\\/2026\\\/08\\\/fra-paolo-braghini-missione.webp\",\"keywords\":[\"Amazone\",\"Fr\u00e8res Mineurs Capucins\",\"Indiens\",\"Mission\"],\"articleSection\":[\"Moi, mis\u00e9ricordi\u00e9\"],\"inLanguage\":\"fr-FR\"},{\"@type\":\"WebPage\",\"@id\":\"https:\\\/\\\/spaziospadoni.org\\\/fr\\\/dieu-a-une-immense-imagination-dans-sa-maniere-de-nous-appeler-troisieme-partie\\\/\",\"url\":\"https:\\\/\\\/spaziospadoni.org\\\/fr\\\/dieu-a-une-immense-imagination-dans-sa-maniere-de-nous-appeler-troisieme-partie\\\/\",\"name\":\"\\\"Dieu a une immense imagination dans sa mani\u00e8re de nous appeler\\\" | Troisi\u00e8me partie\",\"isPartOf\":{\"@id\":\"https:\\\/\\\/spaziospadoni.org\\\/fr\\\/#website\"},\"primaryImageOfPage\":{\"@id\":\"https:\\\/\\\/spaziospadoni.org\\\/fr\\\/dieu-a-une-immense-imagination-dans-sa-maniere-de-nous-appeler-troisieme-partie\\\/#primaryimage\"},\"image\":{\"@id\":\"https:\\\/\\\/spaziospadoni.org\\\/fr\\\/dieu-a-une-immense-imagination-dans-sa-maniere-de-nous-appeler-troisieme-partie\\\/#primaryimage\"},\"thumbnailUrl\":\"https:\\\/\\\/spaziospadoni.org\\\/wp-content\\\/uploads\\\/2026\\\/08\\\/fra-paolo-braghini-missione.webp\",\"datePublished\":\"2026-08-14T06:30:00+00:00\",\"dateModified\":\"2026-08-14T08:53:56+00:00\",\"description\":\"La mission franciscaine de fr\u00e8re Paolo Maria Braghini en Amazonie aupr\u00e8s des Indiens Ticuna : la naissance d'une \u00c9glise indig\u00e8ne vivante.\",\"breadcrumb\":{\"@id\":\"https:\\\/\\\/spaziospadoni.org\\\/fr\\\/dieu-a-une-immense-imagination-dans-sa-maniere-de-nous-appeler-troisieme-partie\\\/#breadcrumb\"},\"inLanguage\":\"fr-FR\",\"potentialAction\":[{\"@type\":\"ReadAction\",\"target\":[\"https:\\\/\\\/spaziospadoni.org\\\/fr\\\/dieu-a-une-immense-imagination-dans-sa-maniere-de-nous-appeler-troisieme-partie\\\/\"]}]},{\"@type\":\"ImageObject\",\"inLanguage\":\"fr-FR\",\"@id\":\"https:\\\/\\\/spaziospadoni.org\\\/fr\\\/dieu-a-une-immense-imagination-dans-sa-maniere-de-nous-appeler-troisieme-partie\\\/#primaryimage\",\"url\":\"https:\\\/\\\/spaziospadoni.org\\\/wp-content\\\/uploads\\\/2026\\\/08\\\/fra-paolo-braghini-missione.webp\",\"contentUrl\":\"https:\\\/\\\/spaziospadoni.org\\\/wp-content\\\/uploads\\\/2026\\\/08\\\/fra-paolo-braghini-missione.webp\",\"width\":1200,\"height\":675,\"caption\":\"Fr\u00e8re Paolo Maria Braghini, Fr\u00e8re mineur capucin, a pass\u00e9 20 ans en Amazonie parmi les Ticuna du Haut Solim\u00f5es.\"},{\"@type\":\"BreadcrumbList\",\"@id\":\"https:\\\/\\\/spaziospadoni.org\\\/fr\\\/dieu-a-une-immense-imagination-dans-sa-maniere-de-nous-appeler-troisieme-partie\\\/#breadcrumb\",\"itemListElement\":[{\"@type\":\"ListItem\",\"position\":1,\"name\":\"Home\",\"item\":\"https:\\\/\\\/spaziospadoni.org\\\/fr\\\/\"},{\"@type\":\"ListItem\",\"position\":2,\"name\":\"&#8220;Dieu a une immense imagination dans sa mani\u00e8re de nous appeler&#8221; | Troisi\u00e8me partie\"}]},{\"@type\":\"WebSite\",\"@id\":\"https:\\\/\\\/spaziospadoni.org\\\/fr\\\/#website\",\"url\":\"https:\\\/\\\/spaziospadoni.org\\\/fr\\\/\",\"name\":\"spazio + spadoni\",\"description\":\"Generazione di misericordia e missione nel mondo\",\"publisher\":{\"@id\":\"https:\\\/\\\/spaziospadoni.org\\\/fr\\\/#organization\"},\"alternateName\":\"spaziospadoni.org\",\"potentialAction\":[{\"@type\":\"SearchAction\",\"target\":{\"@type\":\"EntryPoint\",\"urlTemplate\":\"https:\\\/\\\/spaziospadoni.org\\\/fr\\\/?s={search_term_string}\"},\"query-input\":{\"@type\":\"PropertyValueSpecification\",\"valueRequired\":true,\"valueName\":\"search_term_string\"}}],\"inLanguage\":\"fr-FR\"},{\"@type\":\"Organization\",\"@id\":\"https:\\\/\\\/spaziospadoni.org\\\/fr\\\/#organization\",\"name\":\"spazio + spadoni\",\"alternateName\":\"spaziospadoni.org\",\"url\":\"https:\\\/\\\/spaziospadoni.org\\\/fr\\\/\",\"logo\":{\"@type\":\"ImageObject\",\"inLanguage\":\"fr-FR\",\"@id\":\"https:\\\/\\\/spaziospadoni.org\\\/fr\\\/#\\\/schema\\\/logo\\\/image\\\/\",\"url\":\"https:\\\/\\\/spaziospadoni.org\\\/wp-content\\\/uploads\\\/2026\\\/05\\\/spazio-spadoni-logo-100x100-1.webp\",\"contentUrl\":\"https:\\\/\\\/spaziospadoni.org\\\/wp-content\\\/uploads\\\/2026\\\/05\\\/spazio-spadoni-logo-100x100-1.webp\",\"width\":100,\"height\":100,\"caption\":\"spazio + spadoni\"},\"image\":{\"@id\":\"https:\\\/\\\/spaziospadoni.org\\\/fr\\\/#\\\/schema\\\/logo\\\/image\\\/\"},\"sameAs\":[\"https:\\\/\\\/www.facebook.com\\\/SpazioSpadoni\\\/\",\"https:\\\/\\\/www.instagram.com\\\/spaziospadoni\\\/\",\"https:\\\/\\\/www.youtube.com\\\/@spaziospadoni\\\/playlists\"]},{\"@type\":\"Person\",\"@id\":\"https:\\\/\\\/spaziospadoni.org\\\/fr\\\/#\\\/schema\\\/person\\\/3564d8acb9905b1bac4639729953e97d\",\"name\":\"Fra Paolo Maria Braghini\",\"image\":{\"@type\":\"ImageObject\",\"inLanguage\":\"fr-FR\",\"@id\":\"https:\\\/\\\/secure.gravatar.com\\\/avatar\\\/f32ed802d88a4c5f0c578a2cf8cd64a2f093a3566f4c951be66b98720ef889ee?s=96&d=mm&r=g\",\"url\":\"https:\\\/\\\/secure.gravatar.com\\\/avatar\\\/f32ed802d88a4c5f0c578a2cf8cd64a2f093a3566f4c951be66b98720ef889ee?s=96&d=mm&r=g\",\"contentUrl\":\"https:\\\/\\\/secure.gravatar.com\\\/avatar\\\/f32ed802d88a4c5f0c578a2cf8cd64a2f093a3566f4c951be66b98720ef889ee?s=96&d=mm&r=g\",\"caption\":\"Fra Paolo Maria Braghini\"},\"description\":\"Fr\u00e8re mineur capucin n\u00e9 en 1975, il a pass\u00e9 pr\u00e8s de 20 ans en mission dans l\u2019Alto Solim\u00f5es, en Amazonie, \u00e0 la fronti\u00e8re entre le Br\u00e9sil et le P\u00e9rou. Se d\u00e9pla\u00e7ant souvent en pirogue, il a rejoint 70 villages, partageant la vie et la foi simple des populations autochtones. Originaire de la r\u00e9gion de Var\u00e8se, il est rentr\u00e9 en Italie durant l\u2019\u00e9t\u00e9 2025.\",\"url\":\"https:\\\/\\\/spaziospadoni.org\\\/fr\\\/author\\\/braghini_mission\\\/\"}]}<\/script>\n<!-- \/ Yoast SEO plugin. -->","yoast_head_json":{"title":"\"Dieu a une immense imagination dans sa mani\u00e8re de nous appeler\" | Troisi\u00e8me partie","description":"La mission franciscaine de fr\u00e8re Paolo Maria Braghini en Amazonie aupr\u00e8s des Indiens Ticuna : la naissance d'une \u00c9glise indig\u00e8ne vivante.","robots":{"index":"index","follow":"follow","max-snippet":"max-snippet:-1","max-image-preview":"max-image-preview:large","max-video-preview":"max-video-preview:-1"},"canonical":"https:\/\/spaziospadoni.org\/fr\/dieu-a-une-immense-imagination-dans-sa-maniere-de-nous-appeler-troisieme-partie\/","og_locale":"fr_FR","og_type":"article","og_title":"\"Dieu a une immense imagination dans sa mani\u00e8re de nous appeler\" | Troisi\u00e8me partie","og_description":"La mission franciscaine de fr\u00e8re Paolo Maria Braghini en Amazonie aupr\u00e8s des Indiens Ticuna : la naissance d'une \u00c9glise indig\u00e8ne vivante.","og_url":"https:\/\/spaziospadoni.org\/fr\/dieu-a-une-immense-imagination-dans-sa-maniere-de-nous-appeler-troisieme-partie\/","og_site_name":"spazio + spadoni","article_publisher":"https:\/\/www.facebook.com\/SpazioSpadoni\/","article_published_time":"2026-08-14T06:30:00+00:00","article_modified_time":"2026-08-14T08:53:56+00:00","og_image":[{"width":1200,"height":675,"url":"https:\/\/spaziospadoni.org\/wp-content\/uploads\/2026\/08\/fra-paolo-braghini-missione.webp","type":"image\/webp"}],"author":"Fra Paolo Maria Braghini","twitter_card":"summary_large_image","twitter_misc":{"\u00c9crit par":"Fr\u00e8re Paolo Maria Braghini","Est. reading time":"3 minutes"},"schema":{"@context":"https:\/\/schema.org","@graph":[{"@type":"Article","@id":"https:\/\/spaziospadoni.org\/fr\/dieu-a-une-immense-imagination-dans-sa-maniere-de-nous-appeler-troisieme-partie\/#article","isPartOf":{"@id":"https:\/\/spaziospadoni.org\/fr\/dieu-a-une-immense-imagination-dans-sa-maniere-de-nous-appeler-troisieme-partie\/"},"author":{"name":"Fra Paolo Maria Braghini","@id":"https:\/\/spaziospadoni.org\/fr\/#\/schema\/person\/3564d8acb9905b1bac4639729953e97d"},"headline":"\u00ab\u00a0Dieu a une immense imagination dans sa mani\u00e8re de nous appeler\u00a0\u00bb | Troisi\u00e8me partie","datePublished":"2026-08-14T06:30:00+00:00","dateModified":"2026-08-14T08:53:56+00:00","mainEntityOfPage":{"@id":"https:\/\/spaziospadoni.org\/fr\/dieu-a-une-immense-imagination-dans-sa-maniere-de-nous-appeler-troisieme-partie\/"},"wordCount":527,"publisher":{"@id":"https:\/\/spaziospadoni.org\/fr\/#organization"},"image":{"@id":"https:\/\/spaziospadoni.org\/fr\/dieu-a-une-immense-imagination-dans-sa-maniere-de-nous-appeler-troisieme-partie\/#primaryimage"},"thumbnailUrl":"https:\/\/spaziospadoni.org\/wp-content\/uploads\/2026\/08\/fra-paolo-braghini-missione.webp","keywords":["Amazone","Fr\u00e8res Mineurs Capucins","Indiens","Mission"],"articleSection":["Moi, mis\u00e9ricordi\u00e9"],"inLanguage":"fr-FR"},{"@type":"WebPage","@id":"https:\/\/spaziospadoni.org\/fr\/dieu-a-une-immense-imagination-dans-sa-maniere-de-nous-appeler-troisieme-partie\/","url":"https:\/\/spaziospadoni.org\/fr\/dieu-a-une-immense-imagination-dans-sa-maniere-de-nous-appeler-troisieme-partie\/","name":"\"Dieu a une immense imagination dans sa mani\u00e8re de nous appeler\" | Troisi\u00e8me partie","isPartOf":{"@id":"https:\/\/spaziospadoni.org\/fr\/#website"},"primaryImageOfPage":{"@id":"https:\/\/spaziospadoni.org\/fr\/dieu-a-une-immense-imagination-dans-sa-maniere-de-nous-appeler-troisieme-partie\/#primaryimage"},"image":{"@id":"https:\/\/spaziospadoni.org\/fr\/dieu-a-une-immense-imagination-dans-sa-maniere-de-nous-appeler-troisieme-partie\/#primaryimage"},"thumbnailUrl":"https:\/\/spaziospadoni.org\/wp-content\/uploads\/2026\/08\/fra-paolo-braghini-missione.webp","datePublished":"2026-08-14T06:30:00+00:00","dateModified":"2026-08-14T08:53:56+00:00","description":"La mission franciscaine de fr\u00e8re Paolo Maria Braghini en Amazonie aupr\u00e8s des Indiens Ticuna : la naissance d'une \u00c9glise indig\u00e8ne vivante.","breadcrumb":{"@id":"https:\/\/spaziospadoni.org\/fr\/dieu-a-une-immense-imagination-dans-sa-maniere-de-nous-appeler-troisieme-partie\/#breadcrumb"},"inLanguage":"fr-FR","potentialAction":[{"@type":"ReadAction","target":["https:\/\/spaziospadoni.org\/fr\/dieu-a-une-immense-imagination-dans-sa-maniere-de-nous-appeler-troisieme-partie\/"]}]},{"@type":"ImageObject","inLanguage":"fr-FR","@id":"https:\/\/spaziospadoni.org\/fr\/dieu-a-une-immense-imagination-dans-sa-maniere-de-nous-appeler-troisieme-partie\/#primaryimage","url":"https:\/\/spaziospadoni.org\/wp-content\/uploads\/2026\/08\/fra-paolo-braghini-missione.webp","contentUrl":"https:\/\/spaziospadoni.org\/wp-content\/uploads\/2026\/08\/fra-paolo-braghini-missione.webp","width":1200,"height":675,"caption":"Fr\u00e8re Paolo Maria Braghini, Fr\u00e8re mineur capucin, a pass\u00e9 20 ans en Amazonie parmi les Ticuna du Haut Solim\u00f5es."},{"@type":"BreadcrumbList","@id":"https:\/\/spaziospadoni.org\/fr\/dieu-a-une-immense-imagination-dans-sa-maniere-de-nous-appeler-troisieme-partie\/#breadcrumb","itemListElement":[{"@type":"ListItem","position":1,"name":"Home","item":"https:\/\/spaziospadoni.org\/fr\/"},{"@type":"ListItem","position":2,"name":"&#8220;Dieu a une immense imagination dans sa mani\u00e8re de nous appeler&#8221; | Troisi\u00e8me partie"}]},{"@type":"WebSite","@id":"https:\/\/spaziospadoni.org\/fr\/#website","url":"https:\/\/spaziospadoni.org\/fr\/","name":"spazio + spadoni","description":"Generazione di misericordia e missione nel mondo","publisher":{"@id":"https:\/\/spaziospadoni.org\/fr\/#organization"},"alternateName":"spaziospadoni.org","potentialAction":[{"@type":"SearchAction","target":{"@type":"EntryPoint","urlTemplate":"https:\/\/spaziospadoni.org\/fr\/?s={search_term_string}"},"query-input":{"@type":"PropertyValueSpecification","valueRequired":true,"valueName":"search_term_string"}}],"inLanguage":"fr-FR"},{"@type":"Organization","@id":"https:\/\/spaziospadoni.org\/fr\/#organization","name":"spazio + spadoni","alternateName":"spaziospadoni.org","url":"https:\/\/spaziospadoni.org\/fr\/","logo":{"@type":"ImageObject","inLanguage":"fr-FR","@id":"https:\/\/spaziospadoni.org\/fr\/#\/schema\/logo\/image\/","url":"https:\/\/spaziospadoni.org\/wp-content\/uploads\/2026\/05\/spazio-spadoni-logo-100x100-1.webp","contentUrl":"https:\/\/spaziospadoni.org\/wp-content\/uploads\/2026\/05\/spazio-spadoni-logo-100x100-1.webp","width":100,"height":100,"caption":"spazio + spadoni"},"image":{"@id":"https:\/\/spaziospadoni.org\/fr\/#\/schema\/logo\/image\/"},"sameAs":["https:\/\/www.facebook.com\/SpazioSpadoni\/","https:\/\/www.instagram.com\/spaziospadoni\/","https:\/\/www.youtube.com\/@spaziospadoni\/playlists"]},{"@type":"Person","@id":"https:\/\/spaziospadoni.org\/fr\/#\/schema\/person\/3564d8acb9905b1bac4639729953e97d","name":"Fra Paolo Maria Braghini","image":{"@type":"ImageObject","inLanguage":"fr-FR","@id":"https:\/\/secure.gravatar.com\/avatar\/f32ed802d88a4c5f0c578a2cf8cd64a2f093a3566f4c951be66b98720ef889ee?s=96&d=mm&r=g","url":"https:\/\/secure.gravatar.com\/avatar\/f32ed802d88a4c5f0c578a2cf8cd64a2f093a3566f4c951be66b98720ef889ee?s=96&d=mm&r=g","contentUrl":"https:\/\/secure.gravatar.com\/avatar\/f32ed802d88a4c5f0c578a2cf8cd64a2f093a3566f4c951be66b98720ef889ee?s=96&d=mm&r=g","caption":"Fra Paolo Maria Braghini"},"description":"Fr\u00e8re mineur capucin n\u00e9 en 1975, il a pass\u00e9 pr\u00e8s de 20 ans en mission dans l\u2019Alto Solim\u00f5es, en Amazonie, \u00e0 la fronti\u00e8re entre le Br\u00e9sil et le P\u00e9rou. Se d\u00e9pla\u00e7ant souvent en pirogue, il a rejoint 70 villages, partageant la vie et la foi simple des populations autochtones. Originaire de la r\u00e9gion de Var\u00e8se, il est rentr\u00e9 en Italie durant l\u2019\u00e9t\u00e9 2025.","url":"https:\/\/spaziospadoni.org\/fr\/author\/braghini_mission\/"}]}},"_links":{"self":[{"href":"https:\/\/spaziospadoni.org\/fr\/wp-json\/wp\/v2\/posts\/90010","targetHints":{"allow":["GET"]}}],"collection":[{"href":"https:\/\/spaziospadoni.org\/fr\/wp-json\/wp\/v2\/posts"}],"about":[{"href":"https:\/\/spaziospadoni.org\/fr\/wp-json\/wp\/v2\/types\/post"}],"author":[{"embeddable":true,"href":"https:\/\/spaziospadoni.org\/fr\/wp-json\/wp\/v2\/users\/82"}],"replies":[{"embeddable":true,"href":"https:\/\/spaziospadoni.org\/fr\/wp-json\/wp\/v2\/comments?post=90010"}],"version-history":[{"count":1,"href":"https:\/\/spaziospadoni.org\/fr\/wp-json\/wp\/v2\/posts\/90010\/revisions"}],"predecessor-version":[{"id":90011,"href":"https:\/\/spaziospadoni.org\/fr\/wp-json\/wp\/v2\/posts\/90010\/revisions\/90011"}],"wp:featuredmedia":[{"embeddable":true,"href":"https:\/\/spaziospadoni.org\/fr\/wp-json\/wp\/v2\/media\/90009"}],"wp:attachment":[{"href":"https:\/\/spaziospadoni.org\/fr\/wp-json\/wp\/v2\/media?parent=90010"}],"wp:term":[{"taxonomy":"category","embeddable":true,"href":"https:\/\/spaziospadoni.org\/fr\/wp-json\/wp\/v2\/categories?post=90010"},{"taxonomy":"post_tag","embeddable":true,"href":"https:\/\/spaziospadoni.org\/fr\/wp-json\/wp\/v2\/tags?post=90010"}],"curies":[{"name":"wp","href":"https:\/\/api.w.org\/{rel}","templated":true}]}}