{"id":90022,"date":"2026-08-12T07:30:00","date_gmt":"2026-08-12T06:30:00","guid":{"rendered":"https:\/\/spaziospadoni.org\/?p=90022"},"modified":"2026-08-14T09:47:00","modified_gmt":"2026-08-14T08:47:00","slug":"dieu-a-une-immense-imagination-dans-sa-maniere-de-nous-appeler-premiere-partie","status":"publish","type":"post","link":"https:\/\/spaziospadoni.org\/fr\/dieu-a-une-immense-imagination-dans-sa-maniere-de-nous-appeler-premiere-partie\/","title":{"rendered":"\u00ab\u00a0Dieu a une immense imagination dans sa mani\u00e8re de nous appeler\u00a0\u00bb | Premi\u00e8re partie"},"content":{"rendered":"\n<pre class=\"wp-block-verse\"><em><strong>Le t\u00e9moignage du fr\u00e8re Paolo Maria Braghini, Fr\u00e8re Mineur Capucin, au \u00abGo! Franciscan Youth Meet 2026\u00bb, un \u00e9v\u00e9nement promu par les Fr\u00e8res Mineurs, les Fr\u00e8res Mineurs Conventuels et les Fr\u00e8res Mineurs Capucins qui s'est tenu \u00e0 Assise du 3 au 6 ao\u00fbt.<\/strong><\/em><\/pre>\n\n\n\n<pre class=\"wp-block-verse\"><em><strong>Nous, chez spazio + spadoni, vous le proposons en plusieurs parties, pour vous accompagner pas \u00e0 pas dans la lecture et l'\u00e9coute d'une histoire qui nous montre, une fois de plus, l'imagination et la mis\u00e9ricorde de Dieu.<\/strong><\/em><\/pre>\n\n\n\n<h2 id=\"la-rencontre-avec-les-jeunes-a-assise-et-la-vocation\" class=\"wp-block-heading\">La rencontre avec les jeunes \u00e0 Assise et la vocation<\/h2>\n\n\n\n<p class=\"wp-block-paragraph\">Quand, il y a quelques soirs, je suis mont\u00e9 sur la sc\u00e8ne devant la basilique Sainte-Marie-des-Anges, j&rsquo;\u00e9tais tr\u00e8s \u00e9mu.<\/p>\n\n\n\n<p class=\"wp-block-paragraph\">Voir cette multitude de jeunes \u2014 ils \u00e9taient plus de 2000 jeunes venus de diff\u00e9rents pays d&rsquo;Europe et d&rsquo;Am\u00e9rique \u2014 m&rsquo;a vraiment impressionn\u00e9.<\/p>\n\n\n\n<p class=\"wp-block-paragraph\">Les fr\u00e8res organisateurs &#8211; pour cet \u00e9v\u00e9nement organis\u00e9 par toute la famille franciscaine \u2013 m&rsquo;avaient demand\u00e9 de t\u00e9moigner de mon appel \u00e0 partir.<\/p>\n\n\n\n<p class=\"wp-block-paragraph\">Ensuite, il y a eu aussi le t\u00e9moignage d&rsquo;un pr\u00eatre qui travaille avec les jeunes de la prison de Milan et celui de PizzaBanda. C&rsquo;\u00e9tait une veill\u00e9e de pri\u00e8re.<\/p>\n\n\n\n<p class=\"wp-block-paragraph\">J&rsquo;ai essay\u00e9 de parler au c\u0153ur des jeunes et j&rsquo;ai dit: <\/p>\n\n\n\n<blockquote class=\"wp-block-quote is-layout-flow wp-block-quote-is-layout-flow\">\n<p class=\"wp-block-paragraph\"><em>\u00abRegardez, Dieu appelle et appelle de diff\u00e9rentes mani\u00e8res&#8230; Il a une imagination d\u00e9bordante dans sa fa\u00e7on d&rsquo;appeler\u00bb.<\/em><\/p>\n<\/blockquote>\n\n\n\n<h2 id=\"laccident-la-souffrance-et-la-naissance-du-desir-de-mission\" class=\"wp-block-heading\">L&rsquo;accident, la souffrance et la naissance du d\u00e9sir de mission<\/h2>\n\n\n\n<p class=\"wp-block-paragraph\">Quand j&rsquo;\u00e9tais jeune, j&rsquo;allais \u00e0 l&rsquo;\u00e9glise de mani\u00e8re superficielle ; parfois, pendant la messe dominicale, je me mettais au fond de l&rsquo;\u00e9glise avec mes amis, parfois un peu distrait: c&rsquo;\u00e9tait cela ma fa\u00e7on d&rsquo;\u00eatre chr\u00e9tien.<\/p>\n\n\n\n<p class=\"wp-block-paragraph\">Et quand j&rsquo;entendais l&rsquo;\u00c9vangile du Seigneur parler de l&rsquo;appel, du genre \u00abVa, viens et suis-moi\u00bb, cela me d\u00e9rangeait un peu, je ne saurais pas trop l&rsquo;expliquer.<\/p>\n\n\n\n<p class=\"wp-block-paragraph\">Le Seigneur a alors trouv\u00e9 d&rsquo;autres moyens de m&rsquo;appeler, et l&rsquo;un d&rsquo;eux a \u00e9t\u00e9 l&rsquo;accident de moto. Ce fameux accident de moto apr\u00e8s un match de volley-ball, tard dans la nuit&#8230; J&rsquo;\u00e9tais un peu en retard pour l&rsquo;\u00e9cole, un accident sans que ce soit de ma faute, trois mois paralys\u00e9.<\/p>\n\n\n\n<p class=\"wp-block-paragraph\">L&rsquo;exp\u00e9rience de la douleur pendant ces trois mois et la lecture du livre <em>La Cit\u00e9 de la joie<\/em> (que j&rsquo;ai conseill\u00e9 aux jeunes de lire) ont fait na\u00eetre en moi un d\u00e9sir de mission.<\/p>\n\n\n\n<p class=\"wp-block-paragraph\">M\u00eame quand cette p\u00e9riode est pass\u00e9e, cet appel \u00e0 aller parmi les plus pauvres des pays les plus pauvres \u00e9tait toujours pr\u00e9sent. Ma petite amie de l&rsquo;\u00e9poque m&rsquo;a beaucoup aid\u00e9, une fille extraordinaire qui me remettait \u00e0 juste titre en question et me disait:<\/p>\n\n\n\n<blockquote class=\"wp-block-quote is-layout-flow wp-block-quote-is-layout-flow\">\n<p class=\"wp-block-paragraph\"><em> \u00abMais pourquoi partir? Ne peux-tu pas \u00eatre missionnaire ici aussi?\u00bb.<\/em><\/p>\n<\/blockquote>\n\n\n\n<p class=\"wp-block-paragraph\">Raisonnabilit\u00e9 provoqu\u00e9, j&rsquo;ai commenc\u00e9 \u00e0 faire du b\u00e9n\u00e9volat aupr\u00e8s des enfants des prisonniers, en servant aupr\u00e8s des personnes \u00e2g\u00e9es.<\/p>\n\n\n\n<p class=\"has-text-align-center wp-block-paragraph\"><strong>FIN DE LA PREMI\u00c8RE PARTIE<\/strong><\/p>\n\n\n\n<p class=\"wp-block-paragraph\"><strong>Photo du fr\u00e8re Paolo Maria Braghini<\/strong><\/p>\n","protected":false},"excerpt":{"rendered":"<p>Le t\u00e9moignage du fr\u00e8re Paolo Maria Braghini, Fr\u00e8re Mineur Capucin, au \u00abGo! Franciscan Youth Meet 2026\u00bb, un \u00e9v\u00e9nement promu par les Fr\u00e8res Mineurs, les Fr\u00e8res Mineurs Conventuels et les Fr\u00e8res Mineurs Capucins qui s&rsquo;est tenu \u00e0 Assise du 3 au 6 ao\u00fbt. Nous, chez spazio + spadoni, vous le proposons en plusieurs parties, pour vous &#8230; <a title=\"\u00ab\u00a0Dieu a une immense imagination dans sa mani\u00e8re de nous appeler\u00a0\u00bb | Premi\u00e8re partie\" class=\"read-more\" href=\"https:\/\/spaziospadoni.org\/fr\/dieu-a-une-immense-imagination-dans-sa-maniere-de-nous-appeler-premiere-partie\/\" aria-label=\"Read more about \u00ab\u00a0Dieu a une immense imagination dans sa mani\u00e8re de nous appeler\u00a0\u00bb | Premi\u00e8re partie\">Lire plus<\/a><\/p>\n","protected":false},"author":82,"featured_media":90021,"comment_status":"closed","ping_status":"closed","sticky":false,"template":"","format":"standard","meta":{"_sitemap_exclude":false,"_sitemap_priority":"","_sitemap_frequency":"","ss_featured_image_title":"","ss_featured_image_alt":"T\u00e9moignage missionnaire \u00e0 Assise","ss_featured_image_caption":"Fr\u00e8re Paolo Maria Braghini, Fr\u00e8re mineur capucin, a pass\u00e9 20 ans en Amazonie parmi les Ticuna du Haut Solim\u00f5es.","footnotes":""},"categories":[2446],"tags":[5041,2568,3030],"class_list":["post-90022","post","type-post","status-publish","format-standard","has-post-thumbnail","hentry","category-moi-misericordie","tag-freres-mineurs-capucins","tag-mission","tag-vocation-fr","infinite-scroll-item","generate-columns","tablet-grid-50","mobile-grid-100","grid-parent","grid-50"],"yoast_head":"<!-- This site is optimized with the Yoast SEO plugin v28.4 - https:\/\/yoast.com\/product\/yoast-seo-wordpress\/ -->\n<title>&quot;Dieu a une immense imagination dans sa mani\u00e8re de nous appeler&quot; | Premi\u00e8re partie<\/title>\n<meta name=\"description\" content=\"Le t\u00e9moignage du fr\u00e8re Paolo Maria Braghini au Go! Franciscan Youth Meet 2026 \u00e0 Assise: l&#039;histoire d&#039;une vocation n\u00e9e de la souffrance et du service.\" \/>\n<meta name=\"robots\" content=\"index, follow, max-snippet:-1, max-image-preview:large, max-video-preview:-1\" \/>\n<link rel=\"canonical\" href=\"https:\/\/spaziospadoni.org\/fr\/dieu-a-une-immense-imagination-dans-sa-maniere-de-nous-appeler-premiere-partie\/\" \/>\n<meta property=\"og:locale\" content=\"fr_FR\" \/>\n<meta property=\"og:type\" content=\"article\" \/>\n<meta property=\"og:title\" content=\"&quot;Dieu a une immense imagination dans sa mani\u00e8re de nous appeler&quot; | Premi\u00e8re partie\" \/>\n<meta property=\"og:description\" content=\"Le t\u00e9moignage du fr\u00e8re Paolo Maria Braghini au Go! Franciscan Youth Meet 2026 \u00e0 Assise: l&#039;histoire d&#039;une vocation n\u00e9e de la souffrance et du service.\" \/>\n<meta property=\"og:url\" content=\"https:\/\/spaziospadoni.org\/fr\/dieu-a-une-immense-imagination-dans-sa-maniere-de-nous-appeler-premiere-partie\/\" \/>\n<meta property=\"og:site_name\" content=\"spazio + spadoni\" \/>\n<meta property=\"article:publisher\" content=\"https:\/\/www.facebook.com\/SpazioSpadoni\/\" \/>\n<meta property=\"article:published_time\" content=\"2026-08-12T06:30:00+00:00\" \/>\n<meta property=\"article:modified_time\" content=\"2026-08-14T08:47:00+00:00\" \/>\n<meta property=\"og:image\" content=\"https:\/\/spaziospadoni.org\/wp-content\/uploads\/2026\/08\/porziuncola-assisi-testimonianza.webp\" \/>\n\t<meta property=\"og:image:width\" content=\"1200\" \/>\n\t<meta property=\"og:image:height\" content=\"1200\" \/>\n\t<meta property=\"og:image:type\" content=\"image\/webp\" \/>\n<meta name=\"author\" content=\"Fra Paolo Maria Braghini\" \/>\n<meta name=\"twitter:card\" content=\"summary_large_image\" \/>\n<meta name=\"twitter:label1\" content=\"\u00c9crit par\" \/>\n\t<meta name=\"twitter:data1\" content=\"Fr\u00e8re Paolo Maria Braghini\" \/>\n\t<meta name=\"twitter:label2\" content=\"Est. reading time\" \/>\n\t<meta name=\"twitter:data2\" content=\"3 minutes\" \/>\n<script type=\"application\/ld+json\" class=\"yoast-schema-graph\">{\"@context\":\"https:\\\/\\\/schema.org\",\"@graph\":[{\"@type\":\"Article\",\"@id\":\"https:\\\/\\\/spaziospadoni.org\\\/fr\\\/dieu-a-une-immense-imagination-dans-sa-maniere-de-nous-appeler-premiere-partie\\\/#article\",\"isPartOf\":{\"@id\":\"https:\\\/\\\/spaziospadoni.org\\\/fr\\\/dieu-a-une-immense-imagination-dans-sa-maniere-de-nous-appeler-premiere-partie\\\/\"},\"author\":{\"name\":\"Fra Paolo Maria Braghini\",\"@id\":\"https:\\\/\\\/spaziospadoni.org\\\/fr\\\/#\\\/schema\\\/person\\\/3564d8acb9905b1bac4639729953e97d\"},\"headline\":\"\u00ab\u00a0Dieu a une immense imagination dans sa mani\u00e8re de nous appeler\u00a0\u00bb | Premi\u00e8re partie\",\"datePublished\":\"2026-08-12T06:30:00+00:00\",\"dateModified\":\"2026-08-14T08:47:00+00:00\",\"mainEntityOfPage\":{\"@id\":\"https:\\\/\\\/spaziospadoni.org\\\/fr\\\/dieu-a-une-immense-imagination-dans-sa-maniere-de-nous-appeler-premiere-partie\\\/\"},\"wordCount\":444,\"publisher\":{\"@id\":\"https:\\\/\\\/spaziospadoni.org\\\/fr\\\/#organization\"},\"image\":{\"@id\":\"https:\\\/\\\/spaziospadoni.org\\\/fr\\\/dieu-a-une-immense-imagination-dans-sa-maniere-de-nous-appeler-premiere-partie\\\/#primaryimage\"},\"thumbnailUrl\":\"https:\\\/\\\/spaziospadoni.org\\\/wp-content\\\/uploads\\\/2026\\\/08\\\/porziuncola-assisi-testimonianza.webp\",\"keywords\":[\"Fr\u00e8res Mineurs Capucins\",\"Mission\",\"vocation\"],\"articleSection\":[\"Moi, mis\u00e9ricordi\u00e9\"],\"inLanguage\":\"fr-FR\"},{\"@type\":\"WebPage\",\"@id\":\"https:\\\/\\\/spaziospadoni.org\\\/fr\\\/dieu-a-une-immense-imagination-dans-sa-maniere-de-nous-appeler-premiere-partie\\\/\",\"url\":\"https:\\\/\\\/spaziospadoni.org\\\/fr\\\/dieu-a-une-immense-imagination-dans-sa-maniere-de-nous-appeler-premiere-partie\\\/\",\"name\":\"\\\"Dieu a une immense imagination dans sa mani\u00e8re de nous appeler\\\" | Premi\u00e8re partie\",\"isPartOf\":{\"@id\":\"https:\\\/\\\/spaziospadoni.org\\\/fr\\\/#website\"},\"primaryImageOfPage\":{\"@id\":\"https:\\\/\\\/spaziospadoni.org\\\/fr\\\/dieu-a-une-immense-imagination-dans-sa-maniere-de-nous-appeler-premiere-partie\\\/#primaryimage\"},\"image\":{\"@id\":\"https:\\\/\\\/spaziospadoni.org\\\/fr\\\/dieu-a-une-immense-imagination-dans-sa-maniere-de-nous-appeler-premiere-partie\\\/#primaryimage\"},\"thumbnailUrl\":\"https:\\\/\\\/spaziospadoni.org\\\/wp-content\\\/uploads\\\/2026\\\/08\\\/porziuncola-assisi-testimonianza.webp\",\"datePublished\":\"2026-08-12T06:30:00+00:00\",\"dateModified\":\"2026-08-14T08:47:00+00:00\",\"description\":\"Le t\u00e9moignage du fr\u00e8re Paolo Maria Braghini au Go! Franciscan Youth Meet 2026 \u00e0 Assise: l'histoire d'une vocation n\u00e9e de la souffrance et du service.\",\"breadcrumb\":{\"@id\":\"https:\\\/\\\/spaziospadoni.org\\\/fr\\\/dieu-a-une-immense-imagination-dans-sa-maniere-de-nous-appeler-premiere-partie\\\/#breadcrumb\"},\"inLanguage\":\"fr-FR\",\"potentialAction\":[{\"@type\":\"ReadAction\",\"target\":[\"https:\\\/\\\/spaziospadoni.org\\\/fr\\\/dieu-a-une-immense-imagination-dans-sa-maniere-de-nous-appeler-premiere-partie\\\/\"]}]},{\"@type\":\"ImageObject\",\"inLanguage\":\"fr-FR\",\"@id\":\"https:\\\/\\\/spaziospadoni.org\\\/fr\\\/dieu-a-une-immense-imagination-dans-sa-maniere-de-nous-appeler-premiere-partie\\\/#primaryimage\",\"url\":\"https:\\\/\\\/spaziospadoni.org\\\/wp-content\\\/uploads\\\/2026\\\/08\\\/porziuncola-assisi-testimonianza.webp\",\"contentUrl\":\"https:\\\/\\\/spaziospadoni.org\\\/wp-content\\\/uploads\\\/2026\\\/08\\\/porziuncola-assisi-testimonianza.webp\",\"width\":1200,\"height\":1200,\"caption\":\"Fr\u00e8re Paolo Maria Braghini, Fr\u00e8re mineur capucin, a pass\u00e9 20 ans en Amazonie parmi les Ticuna du Haut Solim\u00f5es.\"},{\"@type\":\"BreadcrumbList\",\"@id\":\"https:\\\/\\\/spaziospadoni.org\\\/fr\\\/dieu-a-une-immense-imagination-dans-sa-maniere-de-nous-appeler-premiere-partie\\\/#breadcrumb\",\"itemListElement\":[{\"@type\":\"ListItem\",\"position\":1,\"name\":\"Home\",\"item\":\"https:\\\/\\\/spaziospadoni.org\\\/fr\\\/\"},{\"@type\":\"ListItem\",\"position\":2,\"name\":\"&#8220;Dieu a une immense imagination dans sa mani\u00e8re de nous appeler&#8221; | Premi\u00e8re partie\"}]},{\"@type\":\"WebSite\",\"@id\":\"https:\\\/\\\/spaziospadoni.org\\\/fr\\\/#website\",\"url\":\"https:\\\/\\\/spaziospadoni.org\\\/fr\\\/\",\"name\":\"spazio + spadoni\",\"description\":\"Generazione di misericordia e missione nel mondo\",\"publisher\":{\"@id\":\"https:\\\/\\\/spaziospadoni.org\\\/fr\\\/#organization\"},\"alternateName\":\"spaziospadoni.org\",\"potentialAction\":[{\"@type\":\"SearchAction\",\"target\":{\"@type\":\"EntryPoint\",\"urlTemplate\":\"https:\\\/\\\/spaziospadoni.org\\\/fr\\\/?s={search_term_string}\"},\"query-input\":{\"@type\":\"PropertyValueSpecification\",\"valueRequired\":true,\"valueName\":\"search_term_string\"}}],\"inLanguage\":\"fr-FR\"},{\"@type\":\"Organization\",\"@id\":\"https:\\\/\\\/spaziospadoni.org\\\/fr\\\/#organization\",\"name\":\"spazio + spadoni\",\"alternateName\":\"spaziospadoni.org\",\"url\":\"https:\\\/\\\/spaziospadoni.org\\\/fr\\\/\",\"logo\":{\"@type\":\"ImageObject\",\"inLanguage\":\"fr-FR\",\"@id\":\"https:\\\/\\\/spaziospadoni.org\\\/fr\\\/#\\\/schema\\\/logo\\\/image\\\/\",\"url\":\"https:\\\/\\\/spaziospadoni.org\\\/wp-content\\\/uploads\\\/2026\\\/05\\\/spazio-spadoni-logo-100x100-1.webp\",\"contentUrl\":\"https:\\\/\\\/spaziospadoni.org\\\/wp-content\\\/uploads\\\/2026\\\/05\\\/spazio-spadoni-logo-100x100-1.webp\",\"width\":100,\"height\":100,\"caption\":\"spazio + spadoni\"},\"image\":{\"@id\":\"https:\\\/\\\/spaziospadoni.org\\\/fr\\\/#\\\/schema\\\/logo\\\/image\\\/\"},\"sameAs\":[\"https:\\\/\\\/www.facebook.com\\\/SpazioSpadoni\\\/\",\"https:\\\/\\\/www.instagram.com\\\/spaziospadoni\\\/\",\"https:\\\/\\\/www.youtube.com\\\/@spaziospadoni\\\/playlists\"]},{\"@type\":\"Person\",\"@id\":\"https:\\\/\\\/spaziospadoni.org\\\/fr\\\/#\\\/schema\\\/person\\\/3564d8acb9905b1bac4639729953e97d\",\"name\":\"Fra Paolo Maria Braghini\",\"image\":{\"@type\":\"ImageObject\",\"inLanguage\":\"fr-FR\",\"@id\":\"https:\\\/\\\/secure.gravatar.com\\\/avatar\\\/f32ed802d88a4c5f0c578a2cf8cd64a2f093a3566f4c951be66b98720ef889ee?s=96&d=mm&r=g\",\"url\":\"https:\\\/\\\/secure.gravatar.com\\\/avatar\\\/f32ed802d88a4c5f0c578a2cf8cd64a2f093a3566f4c951be66b98720ef889ee?s=96&d=mm&r=g\",\"contentUrl\":\"https:\\\/\\\/secure.gravatar.com\\\/avatar\\\/f32ed802d88a4c5f0c578a2cf8cd64a2f093a3566f4c951be66b98720ef889ee?s=96&d=mm&r=g\",\"caption\":\"Fra Paolo Maria Braghini\"},\"description\":\"Fr\u00e8re mineur capucin n\u00e9 en 1975, il a pass\u00e9 pr\u00e8s de 20 ans en mission dans l\u2019Alto Solim\u00f5es, en Amazonie, \u00e0 la fronti\u00e8re entre le Br\u00e9sil et le P\u00e9rou. Se d\u00e9pla\u00e7ant souvent en pirogue, il a rejoint 70 villages, partageant la vie et la foi simple des populations autochtones. Originaire de la r\u00e9gion de Var\u00e8se, il est rentr\u00e9 en Italie durant l\u2019\u00e9t\u00e9 2025.\",\"url\":\"https:\\\/\\\/spaziospadoni.org\\\/fr\\\/author\\\/braghini_mission\\\/\"}]}<\/script>\n<!-- \/ Yoast SEO plugin. -->","yoast_head_json":{"title":"\"Dieu a une immense imagination dans sa mani\u00e8re de nous appeler\" | Premi\u00e8re partie","description":"Le t\u00e9moignage du fr\u00e8re Paolo Maria Braghini au Go! Franciscan Youth Meet 2026 \u00e0 Assise: l'histoire d'une vocation n\u00e9e de la souffrance et du service.","robots":{"index":"index","follow":"follow","max-snippet":"max-snippet:-1","max-image-preview":"max-image-preview:large","max-video-preview":"max-video-preview:-1"},"canonical":"https:\/\/spaziospadoni.org\/fr\/dieu-a-une-immense-imagination-dans-sa-maniere-de-nous-appeler-premiere-partie\/","og_locale":"fr_FR","og_type":"article","og_title":"\"Dieu a une immense imagination dans sa mani\u00e8re de nous appeler\" | Premi\u00e8re partie","og_description":"Le t\u00e9moignage du fr\u00e8re Paolo Maria Braghini au Go! Franciscan Youth Meet 2026 \u00e0 Assise: l'histoire d'une vocation n\u00e9e de la souffrance et du service.","og_url":"https:\/\/spaziospadoni.org\/fr\/dieu-a-une-immense-imagination-dans-sa-maniere-de-nous-appeler-premiere-partie\/","og_site_name":"spazio + spadoni","article_publisher":"https:\/\/www.facebook.com\/SpazioSpadoni\/","article_published_time":"2026-08-12T06:30:00+00:00","article_modified_time":"2026-08-14T08:47:00+00:00","og_image":[{"width":1200,"height":1200,"url":"https:\/\/spaziospadoni.org\/wp-content\/uploads\/2026\/08\/porziuncola-assisi-testimonianza.webp","type":"image\/webp"}],"author":"Fra Paolo Maria Braghini","twitter_card":"summary_large_image","twitter_misc":{"\u00c9crit par":"Fr\u00e8re Paolo Maria Braghini","Est. reading time":"3 minutes"},"schema":{"@context":"https:\/\/schema.org","@graph":[{"@type":"Article","@id":"https:\/\/spaziospadoni.org\/fr\/dieu-a-une-immense-imagination-dans-sa-maniere-de-nous-appeler-premiere-partie\/#article","isPartOf":{"@id":"https:\/\/spaziospadoni.org\/fr\/dieu-a-une-immense-imagination-dans-sa-maniere-de-nous-appeler-premiere-partie\/"},"author":{"name":"Fra Paolo Maria Braghini","@id":"https:\/\/spaziospadoni.org\/fr\/#\/schema\/person\/3564d8acb9905b1bac4639729953e97d"},"headline":"\u00ab\u00a0Dieu a une immense imagination dans sa mani\u00e8re de nous appeler\u00a0\u00bb | Premi\u00e8re partie","datePublished":"2026-08-12T06:30:00+00:00","dateModified":"2026-08-14T08:47:00+00:00","mainEntityOfPage":{"@id":"https:\/\/spaziospadoni.org\/fr\/dieu-a-une-immense-imagination-dans-sa-maniere-de-nous-appeler-premiere-partie\/"},"wordCount":444,"publisher":{"@id":"https:\/\/spaziospadoni.org\/fr\/#organization"},"image":{"@id":"https:\/\/spaziospadoni.org\/fr\/dieu-a-une-immense-imagination-dans-sa-maniere-de-nous-appeler-premiere-partie\/#primaryimage"},"thumbnailUrl":"https:\/\/spaziospadoni.org\/wp-content\/uploads\/2026\/08\/porziuncola-assisi-testimonianza.webp","keywords":["Fr\u00e8res Mineurs Capucins","Mission","vocation"],"articleSection":["Moi, mis\u00e9ricordi\u00e9"],"inLanguage":"fr-FR"},{"@type":"WebPage","@id":"https:\/\/spaziospadoni.org\/fr\/dieu-a-une-immense-imagination-dans-sa-maniere-de-nous-appeler-premiere-partie\/","url":"https:\/\/spaziospadoni.org\/fr\/dieu-a-une-immense-imagination-dans-sa-maniere-de-nous-appeler-premiere-partie\/","name":"\"Dieu a une immense imagination dans sa mani\u00e8re de nous appeler\" | Premi\u00e8re partie","isPartOf":{"@id":"https:\/\/spaziospadoni.org\/fr\/#website"},"primaryImageOfPage":{"@id":"https:\/\/spaziospadoni.org\/fr\/dieu-a-une-immense-imagination-dans-sa-maniere-de-nous-appeler-premiere-partie\/#primaryimage"},"image":{"@id":"https:\/\/spaziospadoni.org\/fr\/dieu-a-une-immense-imagination-dans-sa-maniere-de-nous-appeler-premiere-partie\/#primaryimage"},"thumbnailUrl":"https:\/\/spaziospadoni.org\/wp-content\/uploads\/2026\/08\/porziuncola-assisi-testimonianza.webp","datePublished":"2026-08-12T06:30:00+00:00","dateModified":"2026-08-14T08:47:00+00:00","description":"Le t\u00e9moignage du fr\u00e8re Paolo Maria Braghini au Go! Franciscan Youth Meet 2026 \u00e0 Assise: l'histoire d'une vocation n\u00e9e de la souffrance et du service.","breadcrumb":{"@id":"https:\/\/spaziospadoni.org\/fr\/dieu-a-une-immense-imagination-dans-sa-maniere-de-nous-appeler-premiere-partie\/#breadcrumb"},"inLanguage":"fr-FR","potentialAction":[{"@type":"ReadAction","target":["https:\/\/spaziospadoni.org\/fr\/dieu-a-une-immense-imagination-dans-sa-maniere-de-nous-appeler-premiere-partie\/"]}]},{"@type":"ImageObject","inLanguage":"fr-FR","@id":"https:\/\/spaziospadoni.org\/fr\/dieu-a-une-immense-imagination-dans-sa-maniere-de-nous-appeler-premiere-partie\/#primaryimage","url":"https:\/\/spaziospadoni.org\/wp-content\/uploads\/2026\/08\/porziuncola-assisi-testimonianza.webp","contentUrl":"https:\/\/spaziospadoni.org\/wp-content\/uploads\/2026\/08\/porziuncola-assisi-testimonianza.webp","width":1200,"height":1200,"caption":"Fr\u00e8re Paolo Maria Braghini, Fr\u00e8re mineur capucin, a pass\u00e9 20 ans en Amazonie parmi les Ticuna du Haut Solim\u00f5es."},{"@type":"BreadcrumbList","@id":"https:\/\/spaziospadoni.org\/fr\/dieu-a-une-immense-imagination-dans-sa-maniere-de-nous-appeler-premiere-partie\/#breadcrumb","itemListElement":[{"@type":"ListItem","position":1,"name":"Home","item":"https:\/\/spaziospadoni.org\/fr\/"},{"@type":"ListItem","position":2,"name":"&#8220;Dieu a une immense imagination dans sa mani\u00e8re de nous appeler&#8221; | Premi\u00e8re partie"}]},{"@type":"WebSite","@id":"https:\/\/spaziospadoni.org\/fr\/#website","url":"https:\/\/spaziospadoni.org\/fr\/","name":"spazio + spadoni","description":"Generazione di misericordia e missione nel mondo","publisher":{"@id":"https:\/\/spaziospadoni.org\/fr\/#organization"},"alternateName":"spaziospadoni.org","potentialAction":[{"@type":"SearchAction","target":{"@type":"EntryPoint","urlTemplate":"https:\/\/spaziospadoni.org\/fr\/?s={search_term_string}"},"query-input":{"@type":"PropertyValueSpecification","valueRequired":true,"valueName":"search_term_string"}}],"inLanguage":"fr-FR"},{"@type":"Organization","@id":"https:\/\/spaziospadoni.org\/fr\/#organization","name":"spazio + spadoni","alternateName":"spaziospadoni.org","url":"https:\/\/spaziospadoni.org\/fr\/","logo":{"@type":"ImageObject","inLanguage":"fr-FR","@id":"https:\/\/spaziospadoni.org\/fr\/#\/schema\/logo\/image\/","url":"https:\/\/spaziospadoni.org\/wp-content\/uploads\/2026\/05\/spazio-spadoni-logo-100x100-1.webp","contentUrl":"https:\/\/spaziospadoni.org\/wp-content\/uploads\/2026\/05\/spazio-spadoni-logo-100x100-1.webp","width":100,"height":100,"caption":"spazio + spadoni"},"image":{"@id":"https:\/\/spaziospadoni.org\/fr\/#\/schema\/logo\/image\/"},"sameAs":["https:\/\/www.facebook.com\/SpazioSpadoni\/","https:\/\/www.instagram.com\/spaziospadoni\/","https:\/\/www.youtube.com\/@spaziospadoni\/playlists"]},{"@type":"Person","@id":"https:\/\/spaziospadoni.org\/fr\/#\/schema\/person\/3564d8acb9905b1bac4639729953e97d","name":"Fra Paolo Maria Braghini","image":{"@type":"ImageObject","inLanguage":"fr-FR","@id":"https:\/\/secure.gravatar.com\/avatar\/f32ed802d88a4c5f0c578a2cf8cd64a2f093a3566f4c951be66b98720ef889ee?s=96&d=mm&r=g","url":"https:\/\/secure.gravatar.com\/avatar\/f32ed802d88a4c5f0c578a2cf8cd64a2f093a3566f4c951be66b98720ef889ee?s=96&d=mm&r=g","contentUrl":"https:\/\/secure.gravatar.com\/avatar\/f32ed802d88a4c5f0c578a2cf8cd64a2f093a3566f4c951be66b98720ef889ee?s=96&d=mm&r=g","caption":"Fra Paolo Maria Braghini"},"description":"Fr\u00e8re mineur capucin n\u00e9 en 1975, il a pass\u00e9 pr\u00e8s de 20 ans en mission dans l\u2019Alto Solim\u00f5es, en Amazonie, \u00e0 la fronti\u00e8re entre le Br\u00e9sil et le P\u00e9rou. Se d\u00e9pla\u00e7ant souvent en pirogue, il a rejoint 70 villages, partageant la vie et la foi simple des populations autochtones. Originaire de la r\u00e9gion de Var\u00e8se, il est rentr\u00e9 en Italie durant l\u2019\u00e9t\u00e9 2025.","url":"https:\/\/spaziospadoni.org\/fr\/author\/braghini_mission\/"}]}},"_links":{"self":[{"href":"https:\/\/spaziospadoni.org\/fr\/wp-json\/wp\/v2\/posts\/90022","targetHints":{"allow":["GET"]}}],"collection":[{"href":"https:\/\/spaziospadoni.org\/fr\/wp-json\/wp\/v2\/posts"}],"about":[{"href":"https:\/\/spaziospadoni.org\/fr\/wp-json\/wp\/v2\/types\/post"}],"author":[{"embeddable":true,"href":"https:\/\/spaziospadoni.org\/fr\/wp-json\/wp\/v2\/users\/82"}],"replies":[{"embeddable":true,"href":"https:\/\/spaziospadoni.org\/fr\/wp-json\/wp\/v2\/comments?post=90022"}],"version-history":[{"count":1,"href":"https:\/\/spaziospadoni.org\/fr\/wp-json\/wp\/v2\/posts\/90022\/revisions"}],"predecessor-version":[{"id":90023,"href":"https:\/\/spaziospadoni.org\/fr\/wp-json\/wp\/v2\/posts\/90022\/revisions\/90023"}],"wp:featuredmedia":[{"embeddable":true,"href":"https:\/\/spaziospadoni.org\/fr\/wp-json\/wp\/v2\/media\/90021"}],"wp:attachment":[{"href":"https:\/\/spaziospadoni.org\/fr\/wp-json\/wp\/v2\/media?parent=90022"}],"wp:term":[{"taxonomy":"category","embeddable":true,"href":"https:\/\/spaziospadoni.org\/fr\/wp-json\/wp\/v2\/categories?post=90022"},{"taxonomy":"post_tag","embeddable":true,"href":"https:\/\/spaziospadoni.org\/fr\/wp-json\/wp\/v2\/tags?post=90022"}],"curies":[{"name":"wp","href":"https:\/\/api.w.org\/{rel}","templated":true}]}}