{"id":90059,"date":"2026-08-12T18:00:00","date_gmt":"2026-08-12T17:00:00","guid":{"rendered":"https:\/\/spaziospadoni.org\/?p=90059"},"modified":"2026-08-14T10:32:33","modified_gmt":"2026-08-14T09:32:33","slug":"le-pardon-et-la-fraternite-au-coeur-de-la-communaute-de-jesus","status":"publish","type":"post","link":"https:\/\/spaziospadoni.org\/fr\/le-pardon-et-la-fraternite-au-coeur-de-la-communaute-de-jesus\/","title":{"rendered":"Le pardon et la fraternit\u00e9 au c\u0153ur de la communaut\u00e9 de J\u00e9sus"},"content":{"rendered":"\n<h2 id=\"vivre-la-fraternite-et-la-communaute-en-christ\" class=\"wp-block-heading\">Vivre la fraternit\u00e9 et la communaut\u00e9 en Christ<\/h2>\n\n\n\n<p class=\"wp-block-paragraph\">Dans l&rsquo;\u00c9vangile d&rsquo;aujourd&rsquo;hui, 12 ao\u00fbt 2026, le mot cl\u00e9 est \u00abfr\u00e8re\u00bb. Demandez-vous aujourd&rsquo;hui: consid\u00e9rez-vous vraiment les autres comme des fr\u00e8res et des s\u0153urs, en particulier ceux qui vous ont abandonn\u00e9 ou ceux qui ne partagent pas les m\u00eames id\u00e9es? <\/p>\n\n\n\n<p class=\"wp-block-paragraph\">En Christ, nous sommes tous fr\u00e8res et s\u0153urs, fils et filles du m\u00eame P\u00e8re, notre cher Dieu. <\/p>\n\n\n\n<p class=\"wp-block-paragraph\">Notre foi ne se vit pas en tant qu&rsquo;individus isol\u00e9s, mais en communaut\u00e9. Et la communaut\u00e9 des disciples de J\u00e9sus doit \u00eatre facilement reconnaissable \u00e0 certains signes : fraternit\u00e9, respect, dialogue, pardon mutuel.<\/p>\n\n\n\n<h2 id=\"dialogue-et-reconciliation-face-aux-conflits\" class=\"wp-block-heading\">Dialogue et r\u00e9conciliation face aux conflits<\/h2>\n\n\n\n<p class=\"wp-block-paragraph\">Ainsi, si une communaut\u00e9 est fond\u00e9e sur le pilier in\u00e9branlable de J\u00e9sus et de son \u00c9vangile, tous les membres ressentiront le besoin de dialoguer et d&rsquo;\u00e9couter, en partageant des r\u00eaves, des id\u00e9es et m\u00eame des critiques constructives, afin que chaque membre contribue et ne se d\u00e9tache jamais, en cherchant toujours l&rsquo;unit\u00e9 par le pardon et la r\u00e9conciliation.<\/p>\n\n\n\n<p class=\"wp-block-paragraph\">Mais il peut arriver que, malgr\u00e9 la bonne volont\u00e9, des conflits et des tensions apparaissent au sein d&rsquo;une communaut\u00e9. Que faire dans ces cas-l\u00e0 ? Tout ce que J\u00e9sus propose vise le salut et le rel\u00e8vement complet des fr\u00e8res et s\u0153urs, ainsi que le bien-\u00eatre de la communaut\u00e9. <\/p>\n\n\n\n<p class=\"wp-block-paragraph\">Surtout en ces temps difficiles, soyons toujours de ceux qui b\u00e2tissent, en construisant chaque jour des communaut\u00e9s fraternelles o\u00f9 le pardon, la carit\u00e9, la r\u00e9conciliation et la compr\u00e9hension sont les piliers. Travaillons donc afin que tout cela ne reste pas seulement au niveau th\u00e9orique, mais soit effectivement r\u00e9alis\u00e9 !<\/p>\n\n\n\n<p class=\"wp-block-paragraph\"><strong>Photo du p\u00e8re Alessio Geraci<\/strong><\/p>\n","protected":false},"excerpt":{"rendered":"<p>Vivre la fraternit\u00e9 et la communaut\u00e9 en Christ Dans l&rsquo;\u00c9vangile d&rsquo;aujourd&rsquo;hui, 12 ao\u00fbt 2026, le mot cl\u00e9 est \u00abfr\u00e8re\u00bb. Demandez-vous aujourd&rsquo;hui: consid\u00e9rez-vous vraiment les autres comme des fr\u00e8res et des s\u0153urs, en particulier ceux qui vous ont abandonn\u00e9 ou ceux qui ne partagent pas les m\u00eames id\u00e9es? En Christ, nous sommes tous fr\u00e8res et s\u0153urs, &#8230; <a title=\"Le pardon et la fraternit\u00e9 au c\u0153ur de la communaut\u00e9 de J\u00e9sus\" class=\"read-more\" href=\"https:\/\/spaziospadoni.org\/fr\/le-pardon-et-la-fraternite-au-coeur-de-la-communaute-de-jesus\/\" aria-label=\"Read more about Le pardon et la fraternit\u00e9 au c\u0153ur de la communaut\u00e9 de J\u00e9sus\">Lire plus<\/a><\/p>\n","protected":false},"author":17,"featured_media":90058,"comment_status":"closed","ping_status":"closed","sticky":false,"template":"","format":"standard","meta":{"_sitemap_exclude":false,"_sitemap_priority":"","_sitemap_frequency":"","ss_featured_image_title":"","ss_featured_image_alt":"Communaut\u00e9 en pri\u00e8re","ss_featured_image_caption":"Le p\u00e8re Alessio Geraci en pri\u00e8re avec la communaut\u00e9 de sa paroisse \u00e0 Chorrillos, au P\u00e9rou.","footnotes":""},"categories":[2524],"tags":[2890,3006,2957,2567],"class_list":["post-90059","post","type-post","status-publish","format-standard","has-post-thumbnail","hentry","category-spiritualite","tag-communaute","tag-fraternite","tag-perou","tag-priere","infinite-scroll-item","generate-columns","tablet-grid-50","mobile-grid-100","grid-parent","grid-50"],"yoast_head":"<!-- This site is optimized with the Yoast SEO plugin v28.4 - https:\/\/yoast.com\/product\/yoast-seo-wordpress\/ -->\n<title>Le pardon et la fraternit\u00e9 au c\u0153ur de la communaut\u00e9<\/title>\n<meta name=\"description\" content=\"R\u00e9flexion sur l&#039;\u00c9vangile du 12 ao\u00fbt : vivre la fraternit\u00e9, le dialogue et le pardon mutuel pour b\u00e2tir une communaut\u00e9 unie en Christ.\" \/>\n<meta name=\"robots\" content=\"index, follow, max-snippet:-1, max-image-preview:large, max-video-preview:-1\" \/>\n<link rel=\"canonical\" href=\"https:\/\/spaziospadoni.org\/fr\/le-pardon-et-la-fraternite-au-coeur-de-la-communaute-de-jesus\/\" \/>\n<meta property=\"og:locale\" content=\"fr_FR\" \/>\n<meta property=\"og:type\" content=\"article\" \/>\n<meta property=\"og:title\" content=\"Le pardon et la fraternit\u00e9 au c\u0153ur de la communaut\u00e9\" \/>\n<meta property=\"og:description\" content=\"R\u00e9flexion sur l&#039;\u00c9vangile du 12 ao\u00fbt : vivre la fraternit\u00e9, le dialogue et le pardon mutuel pour b\u00e2tir une communaut\u00e9 unie en Christ.\" \/>\n<meta property=\"og:url\" content=\"https:\/\/spaziospadoni.org\/fr\/le-pardon-et-la-fraternite-au-coeur-de-la-communaute-de-jesus\/\" \/>\n<meta property=\"og:site_name\" content=\"spazio + spadoni\" \/>\n<meta property=\"article:publisher\" content=\"https:\/\/www.facebook.com\/SpazioSpadoni\/\" \/>\n<meta property=\"article:published_time\" content=\"2026-08-12T17:00:00+00:00\" \/>\n<meta property=\"article:modified_time\" content=\"2026-08-14T09:32:33+00:00\" \/>\n<meta property=\"og:image\" content=\"https:\/\/spaziospadoni.org\/wp-content\/uploads\/2026\/08\/comunita-preghiera-fraternita.webp\" \/>\n\t<meta property=\"og:image:width\" content=\"1200\" \/>\n\t<meta property=\"og:image:height\" content=\"675\" \/>\n\t<meta property=\"og:image:type\" content=\"image\/webp\" \/>\n<meta name=\"author\" content=\"Padre Alessio Geraci\" \/>\n<meta name=\"twitter:card\" content=\"summary_large_image\" \/>\n<meta name=\"twitter:label1\" content=\"\u00c9crit par\" \/>\n\t<meta name=\"twitter:data1\" content=\"P\u00e8re Alessio Geraci\" \/>\n\t<meta name=\"twitter:label2\" content=\"Est. reading time\" \/>\n\t<meta name=\"twitter:data2\" content=\"2 minutes\" \/>\n<script type=\"application\/ld+json\" class=\"yoast-schema-graph\">{\"@context\":\"https:\\\/\\\/schema.org\",\"@graph\":[{\"@type\":\"Article\",\"@id\":\"https:\\\/\\\/spaziospadoni.org\\\/fr\\\/le-pardon-et-la-fraternite-au-coeur-de-la-communaute-de-jesus\\\/#article\",\"isPartOf\":{\"@id\":\"https:\\\/\\\/spaziospadoni.org\\\/fr\\\/le-pardon-et-la-fraternite-au-coeur-de-la-communaute-de-jesus\\\/\"},\"author\":{\"name\":\"Padre Alessio Geraci\",\"@id\":\"https:\\\/\\\/spaziospadoni.org\\\/fr\\\/#\\\/schema\\\/person\\\/d3c66a7bc7dc4e0150284c92e9cbc5df\"},\"headline\":\"Le pardon et la fraternit\u00e9 au c\u0153ur de la communaut\u00e9 de J\u00e9sus\",\"datePublished\":\"2026-08-12T17:00:00+00:00\",\"dateModified\":\"2026-08-14T09:32:33+00:00\",\"mainEntityOfPage\":{\"@id\":\"https:\\\/\\\/spaziospadoni.org\\\/fr\\\/le-pardon-et-la-fraternite-au-coeur-de-la-communaute-de-jesus\\\/\"},\"wordCount\":312,\"publisher\":{\"@id\":\"https:\\\/\\\/spaziospadoni.org\\\/fr\\\/#organization\"},\"image\":{\"@id\":\"https:\\\/\\\/spaziospadoni.org\\\/fr\\\/le-pardon-et-la-fraternite-au-coeur-de-la-communaute-de-jesus\\\/#primaryimage\"},\"thumbnailUrl\":\"https:\\\/\\\/spaziospadoni.org\\\/wp-content\\\/uploads\\\/2026\\\/08\\\/comunita-preghiera-fraternita.webp\",\"keywords\":[\"Communaut\u00e9\",\"fraternit\u00e9\",\"P\u00e9rou\",\"pri\u00e8re\"],\"articleSection\":[\"Spiritualit\u00e9\"],\"inLanguage\":\"fr-FR\"},{\"@type\":\"WebPage\",\"@id\":\"https:\\\/\\\/spaziospadoni.org\\\/fr\\\/le-pardon-et-la-fraternite-au-coeur-de-la-communaute-de-jesus\\\/\",\"url\":\"https:\\\/\\\/spaziospadoni.org\\\/fr\\\/le-pardon-et-la-fraternite-au-coeur-de-la-communaute-de-jesus\\\/\",\"name\":\"Le pardon et la fraternit\u00e9 au c\u0153ur de la communaut\u00e9\",\"isPartOf\":{\"@id\":\"https:\\\/\\\/spaziospadoni.org\\\/fr\\\/#website\"},\"primaryImageOfPage\":{\"@id\":\"https:\\\/\\\/spaziospadoni.org\\\/fr\\\/le-pardon-et-la-fraternite-au-coeur-de-la-communaute-de-jesus\\\/#primaryimage\"},\"image\":{\"@id\":\"https:\\\/\\\/spaziospadoni.org\\\/fr\\\/le-pardon-et-la-fraternite-au-coeur-de-la-communaute-de-jesus\\\/#primaryimage\"},\"thumbnailUrl\":\"https:\\\/\\\/spaziospadoni.org\\\/wp-content\\\/uploads\\\/2026\\\/08\\\/comunita-preghiera-fraternita.webp\",\"datePublished\":\"2026-08-12T17:00:00+00:00\",\"dateModified\":\"2026-08-14T09:32:33+00:00\",\"description\":\"R\u00e9flexion sur l'\u00c9vangile du 12 ao\u00fbt : vivre la fraternit\u00e9, le dialogue et le pardon mutuel pour b\u00e2tir une communaut\u00e9 unie en Christ.\",\"breadcrumb\":{\"@id\":\"https:\\\/\\\/spaziospadoni.org\\\/fr\\\/le-pardon-et-la-fraternite-au-coeur-de-la-communaute-de-jesus\\\/#breadcrumb\"},\"inLanguage\":\"fr-FR\",\"potentialAction\":[{\"@type\":\"ReadAction\",\"target\":[\"https:\\\/\\\/spaziospadoni.org\\\/fr\\\/le-pardon-et-la-fraternite-au-coeur-de-la-communaute-de-jesus\\\/\"]}]},{\"@type\":\"ImageObject\",\"inLanguage\":\"fr-FR\",\"@id\":\"https:\\\/\\\/spaziospadoni.org\\\/fr\\\/le-pardon-et-la-fraternite-au-coeur-de-la-communaute-de-jesus\\\/#primaryimage\",\"url\":\"https:\\\/\\\/spaziospadoni.org\\\/wp-content\\\/uploads\\\/2026\\\/08\\\/comunita-preghiera-fraternita.webp\",\"contentUrl\":\"https:\\\/\\\/spaziospadoni.org\\\/wp-content\\\/uploads\\\/2026\\\/08\\\/comunita-preghiera-fraternita.webp\",\"width\":1200,\"height\":675,\"caption\":\"Le p\u00e8re Alessio Geraci en pri\u00e8re avec la communaut\u00e9 de sa paroisse \u00e0 Chorrillos, au P\u00e9rou.\"},{\"@type\":\"BreadcrumbList\",\"@id\":\"https:\\\/\\\/spaziospadoni.org\\\/fr\\\/le-pardon-et-la-fraternite-au-coeur-de-la-communaute-de-jesus\\\/#breadcrumb\",\"itemListElement\":[{\"@type\":\"ListItem\",\"position\":1,\"name\":\"Home\",\"item\":\"https:\\\/\\\/spaziospadoni.org\\\/fr\\\/\"},{\"@type\":\"ListItem\",\"position\":2,\"name\":\"Le pardon et la fraternit\u00e9 au c\u0153ur de la communaut\u00e9 de J\u00e9sus\"}]},{\"@type\":\"WebSite\",\"@id\":\"https:\\\/\\\/spaziospadoni.org\\\/fr\\\/#website\",\"url\":\"https:\\\/\\\/spaziospadoni.org\\\/fr\\\/\",\"name\":\"spazio + spadoni\",\"description\":\"Generazione di misericordia e missione nel mondo\",\"publisher\":{\"@id\":\"https:\\\/\\\/spaziospadoni.org\\\/fr\\\/#organization\"},\"alternateName\":\"spaziospadoni.org\",\"potentialAction\":[{\"@type\":\"SearchAction\",\"target\":{\"@type\":\"EntryPoint\",\"urlTemplate\":\"https:\\\/\\\/spaziospadoni.org\\\/fr\\\/?s={search_term_string}\"},\"query-input\":{\"@type\":\"PropertyValueSpecification\",\"valueRequired\":true,\"valueName\":\"search_term_string\"}}],\"inLanguage\":\"fr-FR\"},{\"@type\":\"Organization\",\"@id\":\"https:\\\/\\\/spaziospadoni.org\\\/fr\\\/#organization\",\"name\":\"spazio + spadoni\",\"alternateName\":\"spaziospadoni.org\",\"url\":\"https:\\\/\\\/spaziospadoni.org\\\/fr\\\/\",\"logo\":{\"@type\":\"ImageObject\",\"inLanguage\":\"fr-FR\",\"@id\":\"https:\\\/\\\/spaziospadoni.org\\\/fr\\\/#\\\/schema\\\/logo\\\/image\\\/\",\"url\":\"https:\\\/\\\/spaziospadoni.org\\\/wp-content\\\/uploads\\\/2026\\\/05\\\/spazio-spadoni-logo-100x100-1.webp\",\"contentUrl\":\"https:\\\/\\\/spaziospadoni.org\\\/wp-content\\\/uploads\\\/2026\\\/05\\\/spazio-spadoni-logo-100x100-1.webp\",\"width\":100,\"height\":100,\"caption\":\"spazio + spadoni\"},\"image\":{\"@id\":\"https:\\\/\\\/spaziospadoni.org\\\/fr\\\/#\\\/schema\\\/logo\\\/image\\\/\"},\"sameAs\":[\"https:\\\/\\\/www.facebook.com\\\/SpazioSpadoni\\\/\",\"https:\\\/\\\/www.instagram.com\\\/spaziospadoni\\\/\",\"https:\\\/\\\/www.youtube.com\\\/@spaziospadoni\\\/playlists\"]},{\"@type\":\"Person\",\"@id\":\"https:\\\/\\\/spaziospadoni.org\\\/fr\\\/#\\\/schema\\\/person\\\/d3c66a7bc7dc4e0150284c92e9cbc5df\",\"name\":\"Padre Alessio Geraci\",\"image\":{\"@type\":\"ImageObject\",\"inLanguage\":\"fr-FR\",\"@id\":\"https:\\\/\\\/secure.gravatar.com\\\/avatar\\\/0c9c9df8c754b964a67f8a08d45b6f0557f16bca4c45a30e2d597191e75bcd69?s=96&d=mm&r=g\",\"url\":\"https:\\\/\\\/secure.gravatar.com\\\/avatar\\\/0c9c9df8c754b964a67f8a08d45b6f0557f16bca4c45a30e2d597191e75bcd69?s=96&d=mm&r=g\",\"contentUrl\":\"https:\\\/\\\/secure.gravatar.com\\\/avatar\\\/0c9c9df8c754b964a67f8a08d45b6f0557f16bca4c45a30e2d597191e75bcd69?s=96&d=mm&r=g\",\"caption\":\"Padre Alessio Geraci\"},\"description\":\"Le p\u00e8re Alessio Geraci est n\u00e9 \u00e0 Palerme le 11 juin 1983, fils unique de Gabriella et Vincenzo. Il \u00e9tudie les langues \u00e9trang\u00e8res au lyc\u00e9e, puis approfondit ses \u00e9tudes \u00e0 l\u2019universit\u00e9, anim\u00e9 par le d\u00e9sir de partir en mission. Apr\u00e8s plusieurs ann\u00e9es comme missionnaire la\u00efc, notamment en Argentine, il entre chez les Missionnaires comboniens. Il exerce sa mission au P\u00e9rou de 2014 \u00e0 2019, puis en Italie de 2019 \u00e0 2024, au service des jeunes et \u00e0 leurs c\u00f4t\u00e9s. En octobre 2024, il retourne au P\u00e9rou, dans la p\u00e9riph\u00e9rie sud de Lima, o\u00f9 il est actuellement cur\u00e9 de la paroisse \u201cCristo Misionero del Padre\u201d, \u00e0 Chorrillos.\",\"url\":\"https:\\\/\\\/spaziospadoni.org\\\/fr\\\/author\\\/geraci_mission\\\/\"}]}<\/script>\n<!-- \/ Yoast SEO plugin. -->","yoast_head_json":{"title":"Le pardon et la fraternit\u00e9 au c\u0153ur de la communaut\u00e9","description":"R\u00e9flexion sur l'\u00c9vangile du 12 ao\u00fbt : vivre la fraternit\u00e9, le dialogue et le pardon mutuel pour b\u00e2tir une communaut\u00e9 unie en Christ.","robots":{"index":"index","follow":"follow","max-snippet":"max-snippet:-1","max-image-preview":"max-image-preview:large","max-video-preview":"max-video-preview:-1"},"canonical":"https:\/\/spaziospadoni.org\/fr\/le-pardon-et-la-fraternite-au-coeur-de-la-communaute-de-jesus\/","og_locale":"fr_FR","og_type":"article","og_title":"Le pardon et la fraternit\u00e9 au c\u0153ur de la communaut\u00e9","og_description":"R\u00e9flexion sur l'\u00c9vangile du 12 ao\u00fbt : vivre la fraternit\u00e9, le dialogue et le pardon mutuel pour b\u00e2tir une communaut\u00e9 unie en Christ.","og_url":"https:\/\/spaziospadoni.org\/fr\/le-pardon-et-la-fraternite-au-coeur-de-la-communaute-de-jesus\/","og_site_name":"spazio + spadoni","article_publisher":"https:\/\/www.facebook.com\/SpazioSpadoni\/","article_published_time":"2026-08-12T17:00:00+00:00","article_modified_time":"2026-08-14T09:32:33+00:00","og_image":[{"width":1200,"height":675,"url":"https:\/\/spaziospadoni.org\/wp-content\/uploads\/2026\/08\/comunita-preghiera-fraternita.webp","type":"image\/webp"}],"author":"Padre Alessio Geraci","twitter_card":"summary_large_image","twitter_misc":{"\u00c9crit par":"P\u00e8re Alessio Geraci","Est. reading time":"2 minutes"},"schema":{"@context":"https:\/\/schema.org","@graph":[{"@type":"Article","@id":"https:\/\/spaziospadoni.org\/fr\/le-pardon-et-la-fraternite-au-coeur-de-la-communaute-de-jesus\/#article","isPartOf":{"@id":"https:\/\/spaziospadoni.org\/fr\/le-pardon-et-la-fraternite-au-coeur-de-la-communaute-de-jesus\/"},"author":{"name":"Padre Alessio Geraci","@id":"https:\/\/spaziospadoni.org\/fr\/#\/schema\/person\/d3c66a7bc7dc4e0150284c92e9cbc5df"},"headline":"Le pardon et la fraternit\u00e9 au c\u0153ur de la communaut\u00e9 de J\u00e9sus","datePublished":"2026-08-12T17:00:00+00:00","dateModified":"2026-08-14T09:32:33+00:00","mainEntityOfPage":{"@id":"https:\/\/spaziospadoni.org\/fr\/le-pardon-et-la-fraternite-au-coeur-de-la-communaute-de-jesus\/"},"wordCount":312,"publisher":{"@id":"https:\/\/spaziospadoni.org\/fr\/#organization"},"image":{"@id":"https:\/\/spaziospadoni.org\/fr\/le-pardon-et-la-fraternite-au-coeur-de-la-communaute-de-jesus\/#primaryimage"},"thumbnailUrl":"https:\/\/spaziospadoni.org\/wp-content\/uploads\/2026\/08\/comunita-preghiera-fraternita.webp","keywords":["Communaut\u00e9","fraternit\u00e9","P\u00e9rou","pri\u00e8re"],"articleSection":["Spiritualit\u00e9"],"inLanguage":"fr-FR"},{"@type":"WebPage","@id":"https:\/\/spaziospadoni.org\/fr\/le-pardon-et-la-fraternite-au-coeur-de-la-communaute-de-jesus\/","url":"https:\/\/spaziospadoni.org\/fr\/le-pardon-et-la-fraternite-au-coeur-de-la-communaute-de-jesus\/","name":"Le pardon et la fraternit\u00e9 au c\u0153ur de la communaut\u00e9","isPartOf":{"@id":"https:\/\/spaziospadoni.org\/fr\/#website"},"primaryImageOfPage":{"@id":"https:\/\/spaziospadoni.org\/fr\/le-pardon-et-la-fraternite-au-coeur-de-la-communaute-de-jesus\/#primaryimage"},"image":{"@id":"https:\/\/spaziospadoni.org\/fr\/le-pardon-et-la-fraternite-au-coeur-de-la-communaute-de-jesus\/#primaryimage"},"thumbnailUrl":"https:\/\/spaziospadoni.org\/wp-content\/uploads\/2026\/08\/comunita-preghiera-fraternita.webp","datePublished":"2026-08-12T17:00:00+00:00","dateModified":"2026-08-14T09:32:33+00:00","description":"R\u00e9flexion sur l'\u00c9vangile du 12 ao\u00fbt : vivre la fraternit\u00e9, le dialogue et le pardon mutuel pour b\u00e2tir une communaut\u00e9 unie en Christ.","breadcrumb":{"@id":"https:\/\/spaziospadoni.org\/fr\/le-pardon-et-la-fraternite-au-coeur-de-la-communaute-de-jesus\/#breadcrumb"},"inLanguage":"fr-FR","potentialAction":[{"@type":"ReadAction","target":["https:\/\/spaziospadoni.org\/fr\/le-pardon-et-la-fraternite-au-coeur-de-la-communaute-de-jesus\/"]}]},{"@type":"ImageObject","inLanguage":"fr-FR","@id":"https:\/\/spaziospadoni.org\/fr\/le-pardon-et-la-fraternite-au-coeur-de-la-communaute-de-jesus\/#primaryimage","url":"https:\/\/spaziospadoni.org\/wp-content\/uploads\/2026\/08\/comunita-preghiera-fraternita.webp","contentUrl":"https:\/\/spaziospadoni.org\/wp-content\/uploads\/2026\/08\/comunita-preghiera-fraternita.webp","width":1200,"height":675,"caption":"Le p\u00e8re Alessio Geraci en pri\u00e8re avec la communaut\u00e9 de sa paroisse \u00e0 Chorrillos, au P\u00e9rou."},{"@type":"BreadcrumbList","@id":"https:\/\/spaziospadoni.org\/fr\/le-pardon-et-la-fraternite-au-coeur-de-la-communaute-de-jesus\/#breadcrumb","itemListElement":[{"@type":"ListItem","position":1,"name":"Home","item":"https:\/\/spaziospadoni.org\/fr\/"},{"@type":"ListItem","position":2,"name":"Le pardon et la fraternit\u00e9 au c\u0153ur de la communaut\u00e9 de J\u00e9sus"}]},{"@type":"WebSite","@id":"https:\/\/spaziospadoni.org\/fr\/#website","url":"https:\/\/spaziospadoni.org\/fr\/","name":"spazio + spadoni","description":"Generazione di misericordia e missione nel mondo","publisher":{"@id":"https:\/\/spaziospadoni.org\/fr\/#organization"},"alternateName":"spaziospadoni.org","potentialAction":[{"@type":"SearchAction","target":{"@type":"EntryPoint","urlTemplate":"https:\/\/spaziospadoni.org\/fr\/?s={search_term_string}"},"query-input":{"@type":"PropertyValueSpecification","valueRequired":true,"valueName":"search_term_string"}}],"inLanguage":"fr-FR"},{"@type":"Organization","@id":"https:\/\/spaziospadoni.org\/fr\/#organization","name":"spazio + spadoni","alternateName":"spaziospadoni.org","url":"https:\/\/spaziospadoni.org\/fr\/","logo":{"@type":"ImageObject","inLanguage":"fr-FR","@id":"https:\/\/spaziospadoni.org\/fr\/#\/schema\/logo\/image\/","url":"https:\/\/spaziospadoni.org\/wp-content\/uploads\/2026\/05\/spazio-spadoni-logo-100x100-1.webp","contentUrl":"https:\/\/spaziospadoni.org\/wp-content\/uploads\/2026\/05\/spazio-spadoni-logo-100x100-1.webp","width":100,"height":100,"caption":"spazio + spadoni"},"image":{"@id":"https:\/\/spaziospadoni.org\/fr\/#\/schema\/logo\/image\/"},"sameAs":["https:\/\/www.facebook.com\/SpazioSpadoni\/","https:\/\/www.instagram.com\/spaziospadoni\/","https:\/\/www.youtube.com\/@spaziospadoni\/playlists"]},{"@type":"Person","@id":"https:\/\/spaziospadoni.org\/fr\/#\/schema\/person\/d3c66a7bc7dc4e0150284c92e9cbc5df","name":"Padre Alessio Geraci","image":{"@type":"ImageObject","inLanguage":"fr-FR","@id":"https:\/\/secure.gravatar.com\/avatar\/0c9c9df8c754b964a67f8a08d45b6f0557f16bca4c45a30e2d597191e75bcd69?s=96&d=mm&r=g","url":"https:\/\/secure.gravatar.com\/avatar\/0c9c9df8c754b964a67f8a08d45b6f0557f16bca4c45a30e2d597191e75bcd69?s=96&d=mm&r=g","contentUrl":"https:\/\/secure.gravatar.com\/avatar\/0c9c9df8c754b964a67f8a08d45b6f0557f16bca4c45a30e2d597191e75bcd69?s=96&d=mm&r=g","caption":"Padre Alessio Geraci"},"description":"Le p\u00e8re Alessio Geraci est n\u00e9 \u00e0 Palerme le 11 juin 1983, fils unique de Gabriella et Vincenzo. Il \u00e9tudie les langues \u00e9trang\u00e8res au lyc\u00e9e, puis approfondit ses \u00e9tudes \u00e0 l\u2019universit\u00e9, anim\u00e9 par le d\u00e9sir de partir en mission. Apr\u00e8s plusieurs ann\u00e9es comme missionnaire la\u00efc, notamment en Argentine, il entre chez les Missionnaires comboniens. Il exerce sa mission au P\u00e9rou de 2014 \u00e0 2019, puis en Italie de 2019 \u00e0 2024, au service des jeunes et \u00e0 leurs c\u00f4t\u00e9s. En octobre 2024, il retourne au P\u00e9rou, dans la p\u00e9riph\u00e9rie sud de Lima, o\u00f9 il est actuellement cur\u00e9 de la paroisse \u201cCristo Misionero del Padre\u201d, \u00e0 Chorrillos.","url":"https:\/\/spaziospadoni.org\/fr\/author\/geraci_mission\/"}]}},"_links":{"self":[{"href":"https:\/\/spaziospadoni.org\/fr\/wp-json\/wp\/v2\/posts\/90059","targetHints":{"allow":["GET"]}}],"collection":[{"href":"https:\/\/spaziospadoni.org\/fr\/wp-json\/wp\/v2\/posts"}],"about":[{"href":"https:\/\/spaziospadoni.org\/fr\/wp-json\/wp\/v2\/types\/post"}],"author":[{"embeddable":true,"href":"https:\/\/spaziospadoni.org\/fr\/wp-json\/wp\/v2\/users\/17"}],"replies":[{"embeddable":true,"href":"https:\/\/spaziospadoni.org\/fr\/wp-json\/wp\/v2\/comments?post=90059"}],"version-history":[{"count":1,"href":"https:\/\/spaziospadoni.org\/fr\/wp-json\/wp\/v2\/posts\/90059\/revisions"}],"predecessor-version":[{"id":90060,"href":"https:\/\/spaziospadoni.org\/fr\/wp-json\/wp\/v2\/posts\/90059\/revisions\/90060"}],"wp:featuredmedia":[{"embeddable":true,"href":"https:\/\/spaziospadoni.org\/fr\/wp-json\/wp\/v2\/media\/90058"}],"wp:attachment":[{"href":"https:\/\/spaziospadoni.org\/fr\/wp-json\/wp\/v2\/media?parent=90059"}],"wp:term":[{"taxonomy":"category","embeddable":true,"href":"https:\/\/spaziospadoni.org\/fr\/wp-json\/wp\/v2\/categories?post=90059"},{"taxonomy":"post_tag","embeddable":true,"href":"https:\/\/spaziospadoni.org\/fr\/wp-json\/wp\/v2\/tags?post=90059"}],"curies":[{"name":"wp","href":"https:\/\/api.w.org\/{rel}","templated":true}]}}