{"id":90095,"date":"2026-08-15T13:30:00","date_gmt":"2026-08-15T12:30:00","guid":{"rendered":"https:\/\/spaziospadoni.org\/?p=90095"},"modified":"2026-08-15T07:54:43","modified_gmt":"2026-08-15T06:54:43","slug":"afrique-cote-divoire-la-fete-de-lassomption-et-51-ans-de-mission","status":"publish","type":"post","link":"https:\/\/spaziospadoni.org\/fr\/afrique-cote-divoire-la-fete-de-lassomption-et-51-ans-de-mission\/","title":{"rendered":"Afrique, C\u00f4te d&rsquo;Ivoire | La f\u00eate de l&rsquo;Assomption et 51 ans de mission"},"content":{"rendered":"\n<p class=\"wp-block-paragraph\">Marie mont\u00e9e au ciel, couronn\u00e9e de 12 \u00e9toiles, en bas-relief stylis\u00e9 sur le mur d&rsquo;entr\u00e9e de l&rsquo;\u00e9glise paroissiale, nous accueille et nous rappelle que nous sommes nous aussi en chemin vers le ciel et qu&rsquo;elle nous attend l\u00e0-haut aupr\u00e8s d&rsquo;elle.<\/p>\n\n\n\n<h2 id=\"vocation-mariale-et-racines-missionnaires\" class=\"wp-block-heading\">Vocation mariale et racines missionnaires<\/h2>\n\n\n\n<p class=\"wp-block-paragraph\">Assunta est aussi mon deuxi\u00e8me pr\u00e9nom de bapt\u00eame, \u00e9tant n\u00e9e l&rsquo;ann\u00e9e de la promulgation du dogme de l&rsquo;Assomption de Marie.<\/p>\n\n\n\n<p class=\"wp-block-paragraph\">Je suis une missionnaire de Notre-Dame des Ap\u00f4tres et cet article de nos constitutions m&rsquo;a soutenue et guid\u00e9e tout au long de ces pr\u00e8s de 51 ans de mission en C\u00f4te d&rsquo;Ivoire :<\/p>\n\n\n\n<blockquote class=\"wp-block-quote is-layout-flow wp-block-quote-is-layout-flow\">\n<p class=\"wp-block-paragraph\"><em>\u00abNotre-Dame des Ap\u00f4tres est pour nous la figure id\u00e9ale de la femme forte et humble, disponible et pleine d&rsquo;esp\u00e9rance. Au C\u00e9nacle, avec les Douze, elle contemple les desseins de Dieu et anime l&rsquo;\u00e9lan missionnaire qui a marqu\u00e9 les d\u00e9buts de l&rsquo;\u00c9glise. En elle, nous trouvons le mod\u00e8le de l&rsquo;unit\u00e9 que nous esp\u00e9rons r\u00e9aliser dans notre vie. Et avec Marie, m\u00e8re de J\u00e9sus, pr\u00e9sente et active d\u00e8s la fondation de l&rsquo;\u00c9glise, nous pers\u00e9v\u00e9rons dans la pri\u00e8re et dans l&rsquo;action, toujours attentives aux inspirations de l&rsquo;Esprit de Pentec\u00f4te\u00bb.<\/em><\/p>\n<\/blockquote>\n\n\n\n<h2 id=\"evangelisation-et-lumiere-de-la-foi-dans-les-villages\" class=\"wp-block-heading\">\u00c9vang\u00e9lisation et lumi\u00e8re de la foi dans les villages<\/h2>\n\n\n\n<p class=\"wp-block-paragraph\">Marie \u00e0 Cana, Marie au pied de la Croix, Marie au C\u00e9nacle sont les ic\u00f4nes qui m&rsquo;accompagnent et me soutiennent dans mon p\u00e8lerinage missionnaire au service de la pastorale des jeunes.<\/p>\n\n\n\n<p class=\"wp-block-paragraph\">Le Je vous salue Marie et le Notre P\u00e8re sont les premi\u00e8res pri\u00e8res que je fais d\u00e9couvrir aux cat\u00e9chum\u00e8nes, traduites dans toutes les langues locales. Souvent, surtout dans les villages o\u00f9 tout le monde ne sait pas lire et \u00e9crire, je leur fais d\u00e9couvrir les 20 tableaux des myst\u00e8res du rosaire. Et lorsqu&rsquo;ils savent expliquer chaque tableau, je leur offre un chapelet fluorescent pour leur rappeler que nous devons \u00eatre lumi\u00e8re o\u00f9 que nous soyons.<\/p>\n\n\n<div class=\"wp-block-image\">\n<figure class=\"aligncenter size-full is-resized\"><img decoding=\"async\" width=\"960\" height=\"960\" src=\"https:\/\/spaziospadoni.org\/wp-content\/uploads\/2026\/08\/costa-d_avorio-vigilia-assunta-1-4.webp\" alt=\"\" class=\"wp-image-90130\" style=\"width:490px;height:auto\" srcset=\"https:\/\/spaziospadoni.org\/wp-content\/uploads\/2026\/08\/costa-d_avorio-vigilia-assunta-1-4.webp 960w, https:\/\/spaziospadoni.org\/wp-content\/uploads\/2026\/08\/costa-d_avorio-vigilia-assunta-1-4-300x300.webp 300w, https:\/\/spaziospadoni.org\/wp-content\/uploads\/2026\/08\/costa-d_avorio-vigilia-assunta-1-4-150x150.webp 150w, https:\/\/spaziospadoni.org\/wp-content\/uploads\/2026\/08\/costa-d_avorio-vigilia-assunta-1-4-768x768.webp 768w\" sizes=\"(max-width: 960px) 100vw, 960px\" \/><\/figure>\n<\/div>\n\n\n<h2 id=\"devotion-diocesaine-et-fete-de-lassomption\" class=\"wp-block-heading\">D\u00e9votion dioc\u00e9saine et f\u00eate de l&rsquo;Assomption<\/h2>\n\n\n\n<p class=\"wp-block-paragraph\">Pendant les p\u00e9riodes de conflit, les gens ont fait l&rsquo;exp\u00e9rience de la force de l&rsquo;intercession de Marie.<\/p>\n\n\n\n<p class=\"wp-block-paragraph\">Presque chaque dioc\u00e8se poss\u00e8de un sanctuaire marial et, pour la veille de l&rsquo;Assomption, il y a eu de petites et de grandes veill\u00e9es de pri\u00e8re. Ceux qui n&rsquo;ont pas pu participer \u00e0 la veill\u00e9e dioc\u00e9saine ont c\u00e9l\u00e9br\u00e9 en paroisse, l\u00e0 o\u00f9 se trouve une grotte mariale.<\/p>\n\n\n\n<p class=\"wp-block-paragraph\">Grands sont la ferveur et l&rsquo;amour pour Marie, qu&rsquo;ils sentent si proche d&rsquo;eux.<\/p>\n\n\n\n<p class=\"wp-block-paragraph\">En communion, je souhaite \u00e0 tous et \u00e0 toutes une sereine f\u00eate de l&rsquo;Assomption ici et l\u00e0-bas.<\/p>\n\n\n\n<p class=\"wp-block-paragraph\"><strong>Photo de s\u0153ur Attilia Bario<\/strong><\/p>\n","protected":false},"excerpt":{"rendered":"<p>Marie mont\u00e9e au ciel, couronn\u00e9e de 12 \u00e9toiles, en bas-relief stylis\u00e9 sur le mur d&rsquo;entr\u00e9e de l&rsquo;\u00e9glise paroissiale, nous accueille et nous rappelle que nous sommes nous aussi en chemin vers le ciel et qu&rsquo;elle nous attend l\u00e0-haut aupr\u00e8s d&rsquo;elle. Vocation mariale et racines missionnaires Assunta est aussi mon deuxi\u00e8me pr\u00e9nom de bapt\u00eame, \u00e9tant n\u00e9e &#8230; <a title=\"Afrique, C\u00f4te d&rsquo;Ivoire | La f\u00eate de l&rsquo;Assomption et 51 ans de mission\" class=\"read-more\" href=\"https:\/\/spaziospadoni.org\/fr\/afrique-cote-divoire-la-fete-de-lassomption-et-51-ans-de-mission\/\" aria-label=\"Read more about Afrique, C\u00f4te d&rsquo;Ivoire | La f\u00eate de l&rsquo;Assomption et 51 ans de mission\">Lire plus<\/a><\/p>\n","protected":false},"author":55,"featured_media":90094,"comment_status":"closed","ping_status":"closed","sticky":false,"template":"","format":"standard","meta":{"_sitemap_exclude":false,"_sitemap_priority":"","_sitemap_frequency":"","ss_featured_image_title":"","ss_featured_image_alt":"Paroisse avec des familles autochtones s\u00e9noufo","ss_featured_image_caption":"engrela est une ville situ\u00e9e \u00e0 la fronti\u00e8re avec le Mali, fortement influenc\u00e9e ces derni\u00e8res ann\u00e9es par la pr\u00e9sence de l\u2019islam. Ici, les religieuses repr\u00e9sentent une petite pr\u00e9sence dans une zone de premi\u00e8re \u00e9vang\u00e9lisation, malgr\u00e9 50 ans de pr\u00e9sence catholique.","footnotes":""},"categories":[2276],"tags":[2569,4521,213,2567],"class_list":["post-90095","post","type-post","status-publish","format-standard","has-post-thumbnail","hentry","category-espace-missionnaire","tag-cote-divoire","tag-embauche-maria","tag-missionaria","tag-priere","infinite-scroll-item","generate-columns","tablet-grid-50","mobile-grid-100","grid-parent","grid-50"],"yoast_head":"<!-- This site is optimized with the Yoast SEO plugin v28.4 - https:\/\/yoast.com\/product\/yoast-seo-wordpress\/ -->\n<title>frique, C\u00f4te d&#039;Ivoire | L&#039;Assomption et 51 ans de mission<\/title>\n<meta name=\"description\" content=\"T\u00e9moignage d&#039;une missionnaire en C\u00f4te d&#039;Ivoire : d\u00e9votion \u00e0 l&#039;Assomption et 51 ans de cheminement pastoral aupr\u00e8s des jeunes dans les villages.\" \/>\n<meta name=\"robots\" content=\"index, follow, max-snippet:-1, max-image-preview:large, max-video-preview:-1\" \/>\n<link rel=\"canonical\" href=\"https:\/\/spaziospadoni.org\/fr\/afrique-cote-divoire-la-fete-de-lassomption-et-51-ans-de-mission\/\" \/>\n<meta property=\"og:locale\" content=\"fr_FR\" \/>\n<meta property=\"og:type\" content=\"article\" \/>\n<meta property=\"og:title\" content=\"frique, C\u00f4te d&#039;Ivoire | L&#039;Assomption et 51 ans de mission\" \/>\n<meta property=\"og:description\" content=\"T\u00e9moignage d&#039;une missionnaire en C\u00f4te d&#039;Ivoire : d\u00e9votion \u00e0 l&#039;Assomption et 51 ans de cheminement pastoral aupr\u00e8s des jeunes dans les villages.\" \/>\n<meta property=\"og:url\" content=\"https:\/\/spaziospadoni.org\/fr\/afrique-cote-divoire-la-fete-de-lassomption-et-51-ans-de-mission\/\" \/>\n<meta property=\"og:site_name\" content=\"spazio + spadoni\" \/>\n<meta property=\"article:publisher\" content=\"https:\/\/www.facebook.com\/SpazioSpadoni\/\" \/>\n<meta property=\"article:published_time\" content=\"2026-08-15T12:30:00+00:00\" \/>\n<meta property=\"og:image\" content=\"https:\/\/spaziospadoni.org\/wp-content\/uploads\/2026\/08\/maria-assunta-costa-d-avorio.webp\" \/>\n\t<meta property=\"og:image:width\" content=\"1200\" \/>\n\t<meta property=\"og:image:height\" content=\"800\" \/>\n\t<meta property=\"og:image:type\" content=\"image\/webp\" \/>\n<meta name=\"author\" content=\"Suor Attilia Bario\" \/>\n<meta name=\"twitter:card\" content=\"summary_large_image\" \/>\n<meta name=\"twitter:label1\" content=\"\u00c9crit par\" \/>\n\t<meta name=\"twitter:data1\" content=\"S\u0153ur Attilia Bario\" \/>\n\t<meta name=\"twitter:label2\" content=\"Est. reading time\" \/>\n\t<meta name=\"twitter:data2\" content=\"3 minutes\" \/>\n<script type=\"application\/ld+json\" class=\"yoast-schema-graph\">{\"@context\":\"https:\\\/\\\/schema.org\",\"@graph\":[{\"@type\":\"Article\",\"@id\":\"https:\\\/\\\/spaziospadoni.org\\\/fr\\\/afrique-cote-divoire-la-fete-de-lassomption-et-51-ans-de-mission\\\/#article\",\"isPartOf\":{\"@id\":\"https:\\\/\\\/spaziospadoni.org\\\/fr\\\/afrique-cote-divoire-la-fete-de-lassomption-et-51-ans-de-mission\\\/\"},\"author\":{\"name\":\"Suor Attilia Bario\",\"@id\":\"https:\\\/\\\/spaziospadoni.org\\\/fr\\\/#\\\/schema\\\/person\\\/c077aafc02309391266d1862a68b7739\"},\"headline\":\"Afrique, C\u00f4te d&rsquo;Ivoire | La f\u00eate de l&rsquo;Assomption et 51 ans de mission\",\"datePublished\":\"2026-08-15T12:30:00+00:00\",\"mainEntityOfPage\":{\"@id\":\"https:\\\/\\\/spaziospadoni.org\\\/fr\\\/afrique-cote-divoire-la-fete-de-lassomption-et-51-ans-de-mission\\\/\"},\"wordCount\":496,\"publisher\":{\"@id\":\"https:\\\/\\\/spaziospadoni.org\\\/fr\\\/#organization\"},\"image\":{\"@id\":\"https:\\\/\\\/spaziospadoni.org\\\/fr\\\/afrique-cote-divoire-la-fete-de-lassomption-et-51-ans-de-mission\\\/#primaryimage\"},\"thumbnailUrl\":\"https:\\\/\\\/spaziospadoni.org\\\/wp-content\\\/uploads\\\/2026\\\/08\\\/maria-assunta-costa-d-avorio.webp\",\"keywords\":[\"C\u00f4te d'Ivoire\",\"embauche Maria\",\"missionaria\",\"pri\u00e8re\"],\"articleSection\":[\"Espace missionnaire\"],\"inLanguage\":\"fr-FR\"},{\"@type\":\"WebPage\",\"@id\":\"https:\\\/\\\/spaziospadoni.org\\\/fr\\\/afrique-cote-divoire-la-fete-de-lassomption-et-51-ans-de-mission\\\/\",\"url\":\"https:\\\/\\\/spaziospadoni.org\\\/fr\\\/afrique-cote-divoire-la-fete-de-lassomption-et-51-ans-de-mission\\\/\",\"name\":\"frique, C\u00f4te d'Ivoire | L'Assomption et 51 ans de mission\",\"isPartOf\":{\"@id\":\"https:\\\/\\\/spaziospadoni.org\\\/fr\\\/#website\"},\"primaryImageOfPage\":{\"@id\":\"https:\\\/\\\/spaziospadoni.org\\\/fr\\\/afrique-cote-divoire-la-fete-de-lassomption-et-51-ans-de-mission\\\/#primaryimage\"},\"image\":{\"@id\":\"https:\\\/\\\/spaziospadoni.org\\\/fr\\\/afrique-cote-divoire-la-fete-de-lassomption-et-51-ans-de-mission\\\/#primaryimage\"},\"thumbnailUrl\":\"https:\\\/\\\/spaziospadoni.org\\\/wp-content\\\/uploads\\\/2026\\\/08\\\/maria-assunta-costa-d-avorio.webp\",\"datePublished\":\"2026-08-15T12:30:00+00:00\",\"description\":\"T\u00e9moignage d'une missionnaire en C\u00f4te d'Ivoire : d\u00e9votion \u00e0 l'Assomption et 51 ans de cheminement pastoral aupr\u00e8s des jeunes dans les villages.\",\"breadcrumb\":{\"@id\":\"https:\\\/\\\/spaziospadoni.org\\\/fr\\\/afrique-cote-divoire-la-fete-de-lassomption-et-51-ans-de-mission\\\/#breadcrumb\"},\"inLanguage\":\"fr-FR\",\"potentialAction\":[{\"@type\":\"ReadAction\",\"target\":[\"https:\\\/\\\/spaziospadoni.org\\\/fr\\\/afrique-cote-divoire-la-fete-de-lassomption-et-51-ans-de-mission\\\/\"]}]},{\"@type\":\"ImageObject\",\"inLanguage\":\"fr-FR\",\"@id\":\"https:\\\/\\\/spaziospadoni.org\\\/fr\\\/afrique-cote-divoire-la-fete-de-lassomption-et-51-ans-de-mission\\\/#primaryimage\",\"url\":\"https:\\\/\\\/spaziospadoni.org\\\/wp-content\\\/uploads\\\/2026\\\/08\\\/maria-assunta-costa-d-avorio.webp\",\"contentUrl\":\"https:\\\/\\\/spaziospadoni.org\\\/wp-content\\\/uploads\\\/2026\\\/08\\\/maria-assunta-costa-d-avorio.webp\",\"width\":1200,\"height\":800,\"caption\":\"engrela est une ville situ\u00e9e \u00e0 la fronti\u00e8re avec le Mali, fortement influenc\u00e9e ces derni\u00e8res ann\u00e9es par la pr\u00e9sence de l\u2019islam. Ici, les religieuses repr\u00e9sentent une petite pr\u00e9sence dans une zone de premi\u00e8re \u00e9vang\u00e9lisation, malgr\u00e9 50 ans de pr\u00e9sence catholique.\"},{\"@type\":\"BreadcrumbList\",\"@id\":\"https:\\\/\\\/spaziospadoni.org\\\/fr\\\/afrique-cote-divoire-la-fete-de-lassomption-et-51-ans-de-mission\\\/#breadcrumb\",\"itemListElement\":[{\"@type\":\"ListItem\",\"position\":1,\"name\":\"Home\",\"item\":\"https:\\\/\\\/spaziospadoni.org\\\/fr\\\/\"},{\"@type\":\"ListItem\",\"position\":2,\"name\":\"Afrique, C\u00f4te d&#8217;Ivoire | La f\u00eate de l&#8217;Assomption et 51 ans de mission\"}]},{\"@type\":\"WebSite\",\"@id\":\"https:\\\/\\\/spaziospadoni.org\\\/fr\\\/#website\",\"url\":\"https:\\\/\\\/spaziospadoni.org\\\/fr\\\/\",\"name\":\"spazio + spadoni\",\"description\":\"Generazione di misericordia e missione nel mondo\",\"publisher\":{\"@id\":\"https:\\\/\\\/spaziospadoni.org\\\/fr\\\/#organization\"},\"alternateName\":\"spaziospadoni.org\",\"potentialAction\":[{\"@type\":\"SearchAction\",\"target\":{\"@type\":\"EntryPoint\",\"urlTemplate\":\"https:\\\/\\\/spaziospadoni.org\\\/fr\\\/?s={search_term_string}\"},\"query-input\":{\"@type\":\"PropertyValueSpecification\",\"valueRequired\":true,\"valueName\":\"search_term_string\"}}],\"inLanguage\":\"fr-FR\"},{\"@type\":\"Organization\",\"@id\":\"https:\\\/\\\/spaziospadoni.org\\\/fr\\\/#organization\",\"name\":\"spazio + spadoni\",\"alternateName\":\"spaziospadoni.org\",\"url\":\"https:\\\/\\\/spaziospadoni.org\\\/fr\\\/\",\"logo\":{\"@type\":\"ImageObject\",\"inLanguage\":\"fr-FR\",\"@id\":\"https:\\\/\\\/spaziospadoni.org\\\/fr\\\/#\\\/schema\\\/logo\\\/image\\\/\",\"url\":\"https:\\\/\\\/spaziospadoni.org\\\/wp-content\\\/uploads\\\/2026\\\/05\\\/spazio-spadoni-logo-100x100-1.webp\",\"contentUrl\":\"https:\\\/\\\/spaziospadoni.org\\\/wp-content\\\/uploads\\\/2026\\\/05\\\/spazio-spadoni-logo-100x100-1.webp\",\"width\":100,\"height\":100,\"caption\":\"spazio + spadoni\"},\"image\":{\"@id\":\"https:\\\/\\\/spaziospadoni.org\\\/fr\\\/#\\\/schema\\\/logo\\\/image\\\/\"},\"sameAs\":[\"https:\\\/\\\/www.facebook.com\\\/SpazioSpadoni\\\/\",\"https:\\\/\\\/www.instagram.com\\\/spaziospadoni\\\/\",\"https:\\\/\\\/www.youtube.com\\\/@spaziospadoni\\\/playlists\"]},{\"@type\":\"Person\",\"@id\":\"https:\\\/\\\/spaziospadoni.org\\\/fr\\\/#\\\/schema\\\/person\\\/c077aafc02309391266d1862a68b7739\",\"name\":\"Suor Attilia Bario\",\"image\":{\"@type\":\"ImageObject\",\"inLanguage\":\"fr-FR\",\"@id\":\"https:\\\/\\\/secure.gravatar.com\\\/avatar\\\/fbc768c28400010e060c855aa6f0eb099d15950887d77143032db838a327f247?s=96&d=mm&r=g\",\"url\":\"https:\\\/\\\/secure.gravatar.com\\\/avatar\\\/fbc768c28400010e060c855aa6f0eb099d15950887d77143032db838a327f247?s=96&d=mm&r=g\",\"contentUrl\":\"https:\\\/\\\/secure.gravatar.com\\\/avatar\\\/fbc768c28400010e060c855aa6f0eb099d15950887d77143032db838a327f247?s=96&d=mm&r=g\",\"caption\":\"Suor Attilia Bario\"},\"description\":\"Originaire de Bogliasco, dans la province de G\u00eanes, s\u0153ur Attilia Bario est missionnaire depuis 50 ans et appartient \u00e0 la Congr\u00e9gation des S\u0153urs Missionnaires de Notre-Dame des Ap\u00f4tres. Elle vit dans le nord de la C\u00f4te d\u2019Ivoire, o\u00f9 elle travaille dans la pastorale des jeunes, notamment dans le domaine de l\u2019\u00e9ducation populaire \u00e0 la paix et \u00e0 la non-violence. Le c\u0153ur de sa vocation r\u00e9side dans sa capacit\u00e9 \u00e0 rencontrer et \u00e0 conna\u00eetre les personnes, en accueillant la mani\u00e8re unique dont chacune s\u2019exprime et communique.\",\"url\":\"https:\\\/\\\/spaziospadoni.org\\\/fr\\\/author\\\/bario_mission\\\/\"}]}<\/script>\n<!-- \/ Yoast SEO plugin. -->","yoast_head_json":{"title":"frique, C\u00f4te d'Ivoire | L'Assomption et 51 ans de mission","description":"T\u00e9moignage d'une missionnaire en C\u00f4te d'Ivoire : d\u00e9votion \u00e0 l'Assomption et 51 ans de cheminement pastoral aupr\u00e8s des jeunes dans les villages.","robots":{"index":"index","follow":"follow","max-snippet":"max-snippet:-1","max-image-preview":"max-image-preview:large","max-video-preview":"max-video-preview:-1"},"canonical":"https:\/\/spaziospadoni.org\/fr\/afrique-cote-divoire-la-fete-de-lassomption-et-51-ans-de-mission\/","og_locale":"fr_FR","og_type":"article","og_title":"frique, C\u00f4te d'Ivoire | L'Assomption et 51 ans de mission","og_description":"T\u00e9moignage d'une missionnaire en C\u00f4te d'Ivoire : d\u00e9votion \u00e0 l'Assomption et 51 ans de cheminement pastoral aupr\u00e8s des jeunes dans les villages.","og_url":"https:\/\/spaziospadoni.org\/fr\/afrique-cote-divoire-la-fete-de-lassomption-et-51-ans-de-mission\/","og_site_name":"spazio + spadoni","article_publisher":"https:\/\/www.facebook.com\/SpazioSpadoni\/","article_published_time":"2026-08-15T12:30:00+00:00","og_image":[{"width":1200,"height":800,"url":"https:\/\/spaziospadoni.org\/wp-content\/uploads\/2026\/08\/maria-assunta-costa-d-avorio.webp","type":"image\/webp"}],"author":"Suor Attilia Bario","twitter_card":"summary_large_image","twitter_misc":{"\u00c9crit par":"S\u0153ur Attilia Bario","Est. reading time":"3 minutes"},"schema":{"@context":"https:\/\/schema.org","@graph":[{"@type":"Article","@id":"https:\/\/spaziospadoni.org\/fr\/afrique-cote-divoire-la-fete-de-lassomption-et-51-ans-de-mission\/#article","isPartOf":{"@id":"https:\/\/spaziospadoni.org\/fr\/afrique-cote-divoire-la-fete-de-lassomption-et-51-ans-de-mission\/"},"author":{"name":"Suor Attilia Bario","@id":"https:\/\/spaziospadoni.org\/fr\/#\/schema\/person\/c077aafc02309391266d1862a68b7739"},"headline":"Afrique, C\u00f4te d&rsquo;Ivoire | La f\u00eate de l&rsquo;Assomption et 51 ans de mission","datePublished":"2026-08-15T12:30:00+00:00","mainEntityOfPage":{"@id":"https:\/\/spaziospadoni.org\/fr\/afrique-cote-divoire-la-fete-de-lassomption-et-51-ans-de-mission\/"},"wordCount":496,"publisher":{"@id":"https:\/\/spaziospadoni.org\/fr\/#organization"},"image":{"@id":"https:\/\/spaziospadoni.org\/fr\/afrique-cote-divoire-la-fete-de-lassomption-et-51-ans-de-mission\/#primaryimage"},"thumbnailUrl":"https:\/\/spaziospadoni.org\/wp-content\/uploads\/2026\/08\/maria-assunta-costa-d-avorio.webp","keywords":["C\u00f4te d'Ivoire","embauche Maria","missionaria","pri\u00e8re"],"articleSection":["Espace missionnaire"],"inLanguage":"fr-FR"},{"@type":"WebPage","@id":"https:\/\/spaziospadoni.org\/fr\/afrique-cote-divoire-la-fete-de-lassomption-et-51-ans-de-mission\/","url":"https:\/\/spaziospadoni.org\/fr\/afrique-cote-divoire-la-fete-de-lassomption-et-51-ans-de-mission\/","name":"frique, C\u00f4te d'Ivoire | L'Assomption et 51 ans de mission","isPartOf":{"@id":"https:\/\/spaziospadoni.org\/fr\/#website"},"primaryImageOfPage":{"@id":"https:\/\/spaziospadoni.org\/fr\/afrique-cote-divoire-la-fete-de-lassomption-et-51-ans-de-mission\/#primaryimage"},"image":{"@id":"https:\/\/spaziospadoni.org\/fr\/afrique-cote-divoire-la-fete-de-lassomption-et-51-ans-de-mission\/#primaryimage"},"thumbnailUrl":"https:\/\/spaziospadoni.org\/wp-content\/uploads\/2026\/08\/maria-assunta-costa-d-avorio.webp","datePublished":"2026-08-15T12:30:00+00:00","description":"T\u00e9moignage d'une missionnaire en C\u00f4te d'Ivoire : d\u00e9votion \u00e0 l'Assomption et 51 ans de cheminement pastoral aupr\u00e8s des jeunes dans les villages.","breadcrumb":{"@id":"https:\/\/spaziospadoni.org\/fr\/afrique-cote-divoire-la-fete-de-lassomption-et-51-ans-de-mission\/#breadcrumb"},"inLanguage":"fr-FR","potentialAction":[{"@type":"ReadAction","target":["https:\/\/spaziospadoni.org\/fr\/afrique-cote-divoire-la-fete-de-lassomption-et-51-ans-de-mission\/"]}]},{"@type":"ImageObject","inLanguage":"fr-FR","@id":"https:\/\/spaziospadoni.org\/fr\/afrique-cote-divoire-la-fete-de-lassomption-et-51-ans-de-mission\/#primaryimage","url":"https:\/\/spaziospadoni.org\/wp-content\/uploads\/2026\/08\/maria-assunta-costa-d-avorio.webp","contentUrl":"https:\/\/spaziospadoni.org\/wp-content\/uploads\/2026\/08\/maria-assunta-costa-d-avorio.webp","width":1200,"height":800,"caption":"engrela est une ville situ\u00e9e \u00e0 la fronti\u00e8re avec le Mali, fortement influenc\u00e9e ces derni\u00e8res ann\u00e9es par la pr\u00e9sence de l\u2019islam. Ici, les religieuses repr\u00e9sentent une petite pr\u00e9sence dans une zone de premi\u00e8re \u00e9vang\u00e9lisation, malgr\u00e9 50 ans de pr\u00e9sence catholique."},{"@type":"BreadcrumbList","@id":"https:\/\/spaziospadoni.org\/fr\/afrique-cote-divoire-la-fete-de-lassomption-et-51-ans-de-mission\/#breadcrumb","itemListElement":[{"@type":"ListItem","position":1,"name":"Home","item":"https:\/\/spaziospadoni.org\/fr\/"},{"@type":"ListItem","position":2,"name":"Afrique, C\u00f4te d&#8217;Ivoire | La f\u00eate de l&#8217;Assomption et 51 ans de mission"}]},{"@type":"WebSite","@id":"https:\/\/spaziospadoni.org\/fr\/#website","url":"https:\/\/spaziospadoni.org\/fr\/","name":"spazio + spadoni","description":"Generazione di misericordia e missione nel mondo","publisher":{"@id":"https:\/\/spaziospadoni.org\/fr\/#organization"},"alternateName":"spaziospadoni.org","potentialAction":[{"@type":"SearchAction","target":{"@type":"EntryPoint","urlTemplate":"https:\/\/spaziospadoni.org\/fr\/?s={search_term_string}"},"query-input":{"@type":"PropertyValueSpecification","valueRequired":true,"valueName":"search_term_string"}}],"inLanguage":"fr-FR"},{"@type":"Organization","@id":"https:\/\/spaziospadoni.org\/fr\/#organization","name":"spazio + spadoni","alternateName":"spaziospadoni.org","url":"https:\/\/spaziospadoni.org\/fr\/","logo":{"@type":"ImageObject","inLanguage":"fr-FR","@id":"https:\/\/spaziospadoni.org\/fr\/#\/schema\/logo\/image\/","url":"https:\/\/spaziospadoni.org\/wp-content\/uploads\/2026\/05\/spazio-spadoni-logo-100x100-1.webp","contentUrl":"https:\/\/spaziospadoni.org\/wp-content\/uploads\/2026\/05\/spazio-spadoni-logo-100x100-1.webp","width":100,"height":100,"caption":"spazio + spadoni"},"image":{"@id":"https:\/\/spaziospadoni.org\/fr\/#\/schema\/logo\/image\/"},"sameAs":["https:\/\/www.facebook.com\/SpazioSpadoni\/","https:\/\/www.instagram.com\/spaziospadoni\/","https:\/\/www.youtube.com\/@spaziospadoni\/playlists"]},{"@type":"Person","@id":"https:\/\/spaziospadoni.org\/fr\/#\/schema\/person\/c077aafc02309391266d1862a68b7739","name":"Suor Attilia Bario","image":{"@type":"ImageObject","inLanguage":"fr-FR","@id":"https:\/\/secure.gravatar.com\/avatar\/fbc768c28400010e060c855aa6f0eb099d15950887d77143032db838a327f247?s=96&d=mm&r=g","url":"https:\/\/secure.gravatar.com\/avatar\/fbc768c28400010e060c855aa6f0eb099d15950887d77143032db838a327f247?s=96&d=mm&r=g","contentUrl":"https:\/\/secure.gravatar.com\/avatar\/fbc768c28400010e060c855aa6f0eb099d15950887d77143032db838a327f247?s=96&d=mm&r=g","caption":"Suor Attilia Bario"},"description":"Originaire de Bogliasco, dans la province de G\u00eanes, s\u0153ur Attilia Bario est missionnaire depuis 50 ans et appartient \u00e0 la Congr\u00e9gation des S\u0153urs Missionnaires de Notre-Dame des Ap\u00f4tres. Elle vit dans le nord de la C\u00f4te d\u2019Ivoire, o\u00f9 elle travaille dans la pastorale des jeunes, notamment dans le domaine de l\u2019\u00e9ducation populaire \u00e0 la paix et \u00e0 la non-violence. Le c\u0153ur de sa vocation r\u00e9side dans sa capacit\u00e9 \u00e0 rencontrer et \u00e0 conna\u00eetre les personnes, en accueillant la mani\u00e8re unique dont chacune s\u2019exprime et communique.","url":"https:\/\/spaziospadoni.org\/fr\/author\/bario_mission\/"}]}},"_links":{"self":[{"href":"https:\/\/spaziospadoni.org\/fr\/wp-json\/wp\/v2\/posts\/90095","targetHints":{"allow":["GET"]}}],"collection":[{"href":"https:\/\/spaziospadoni.org\/fr\/wp-json\/wp\/v2\/posts"}],"about":[{"href":"https:\/\/spaziospadoni.org\/fr\/wp-json\/wp\/v2\/types\/post"}],"author":[{"embeddable":true,"href":"https:\/\/spaziospadoni.org\/fr\/wp-json\/wp\/v2\/users\/55"}],"replies":[{"embeddable":true,"href":"https:\/\/spaziospadoni.org\/fr\/wp-json\/wp\/v2\/comments?post=90095"}],"version-history":[{"count":2,"href":"https:\/\/spaziospadoni.org\/fr\/wp-json\/wp\/v2\/posts\/90095\/revisions"}],"predecessor-version":[{"id":90132,"href":"https:\/\/spaziospadoni.org\/fr\/wp-json\/wp\/v2\/posts\/90095\/revisions\/90132"}],"wp:featuredmedia":[{"embeddable":true,"href":"https:\/\/spaziospadoni.org\/fr\/wp-json\/wp\/v2\/media\/90094"}],"wp:attachment":[{"href":"https:\/\/spaziospadoni.org\/fr\/wp-json\/wp\/v2\/media?parent=90095"}],"wp:term":[{"taxonomy":"category","embeddable":true,"href":"https:\/\/spaziospadoni.org\/fr\/wp-json\/wp\/v2\/categories?post=90095"},{"taxonomy":"post_tag","embeddable":true,"href":"https:\/\/spaziospadoni.org\/fr\/wp-json\/wp\/v2\/tags?post=90095"}],"curies":[{"name":"wp","href":"https:\/\/api.w.org\/{rel}","templated":true}]}}