{"id":90134,"date":"2026-08-15T07:20:00","date_gmt":"2026-08-15T06:20:00","guid":{"rendered":"https:\/\/spaziospadoni.org\/?p=90134"},"modified":"2026-08-15T07:46:36","modified_gmt":"2026-08-15T06:46:36","slug":"dieu-a-une-immense-imagination-dans-sa-maniere-de-nous-appeler-quatrieme-partie","status":"publish","type":"post","link":"https:\/\/spaziospadoni.org\/fr\/dieu-a-une-immense-imagination-dans-sa-maniere-de-nous-appeler-quatrieme-partie\/","title":{"rendered":"\u00ab\u00a0Dieu a une immense imagination dans sa mani\u00e8re de nous appeler\u00a0\u00bb | Quatri\u00e8me partie"},"content":{"rendered":"\n<pre class=\"wp-block-verse\"><em><strong>La quatri\u00e8me et derni\u00e8re partie du t\u00e9moignage de fr\u00e8re Paolo Maria Braghini, Fr\u00e8re Mineur Capucin, au \u00ab Go! Franciscan Youth Meet 2026 \u00bb, \u00e9v\u00e9nement organis\u00e9 par les Fr\u00e8res Mineurs, les Fr\u00e8res Mineurs Conventuels et les Fr\u00e8res Mineurs Capucins, qui s'est tenu \u00e0 Assise du 3 au 6 ao\u00fbt. <\/strong><\/em><br><em><strong>Nous, \u00e0 spazio + spadoni, vous l'avons propos\u00e9 en plusieurs volets, pour vous accompagner pas \u00e0 pas dans la lecture et l'\u00e9coute d'une histoire qui nous a montr\u00e9 la cr\u00e9ativit\u00e9 et la mis\u00e9ricorde de Dieu.<\/strong><\/em><\/pre>\n\n\n\n<h2 id=\"linvitation-aux-jeunes-dire-oui-au-seigneur\" class=\"wp-block-heading\">L&rsquo;invitation aux jeunes: dire oui au Seigneur<\/h2>\n\n\n\n<p class=\"wp-block-paragraph\">Et pour conclure, qu&rsquo;ai-je envie de vous dire, chers jeunes? Que tr\u00e8s certainement, tout comme beaucoup d&rsquo;autres fr\u00e8res dans le monde, missionnaires hommes et femmes, j&rsquo;ai commis beaucoup d&rsquo;erreurs. Mais la chose sur laquelle je ne me suis certainement pas tromp\u00e9, c&rsquo;est d&rsquo;avoir dit oui au Seigneur, de lui avoir fait confiance.<\/p>\n\n\n\n<p class=\"wp-block-paragraph\">Alors, les jeunes, faites confiance au Seigneur ! S&rsquo;il vous appelle, ne r\u00e9fl\u00e9chissez pas trop, dites oui! Et je vous dis aussi ceci : quand, \u00e0 18 ans, j&rsquo;ai ressenti cet appel et que j&rsquo;ai dit oui, j&rsquo;ai eu beaucoup d&rsquo;oppositions. Non seulement de nombreux amis, mais aussi des membres de ma famille. <\/p>\n\n\n\n<p class=\"wp-block-paragraph\">Par exemple, mon fr\u00e8re me disait avec sagesse: \u00abMais tu es jeune, tu as 18 ans, \u00e9tudie, termine l&rsquo;universit\u00e9 et ensuite, si le Seigneur t&rsquo;appelle vraiment, il t&rsquo;appellera encore, donc tu seras mieux pr\u00e9par\u00e9, tu seras plus m\u00fbr\u00bb. <\/p>\n\n\n\n<p class=\"wp-block-paragraph\">Humainement parlant, il avait raison, mais je vous dis : ne faites pas ainsi ! Si le Seigneur vous appelle, faites-lui confiance ! Alors, lancez-vous, car c&rsquo;est ce que le Seigneur veut ! <strong>Dites oui au Seigneur!<\/strong><\/p>\n\n\n\n<h2 id=\"lexperience-en-amazonie-et-la-force-de-la-vocation\" class=\"wp-block-heading\">L&rsquo;exp\u00e9rience en Amazonie et la force de la vocation<\/h2>\n\n\n\n<p class=\"wp-block-paragraph\">Et pour finir: en Amazonie \u2014 mais c&rsquo;est certainement l&rsquo;exp\u00e9rience de nombreux missionnaires \u2014 plus d&rsquo;une fois nous avons vu s\u0153ur la mort de pr\u00e8s. Plus d&rsquo;une fois, nous avons ressenti une force myst\u00e9rieuse qui nous a soutenus et continue de nous soutenir.<\/p>\n\n\n\n<h2 id=\"saint-francois-sainte-claire-et-la-valeur-des-clarisses\" class=\"wp-block-heading\">Saint Fran\u00e7ois, Sainte Claire et la valeur des Clarisses<\/h2>\n\n\n\n<p class=\"wp-block-paragraph\">Et j&rsquo;ai vraiment \u00e0 c\u0153ur de dire ceci: nous sommes ici pour Saint Fran\u00e7ois apr\u00e8s 800 ans, mais si Saint Fran\u00e7ois est aujourd&rsquo;hui ce qu&rsquo;il est, il le doit aussi \u00e0 Sainte Claire. Lorsqu&rsquo;il avait des doutes: \u00abDevons-nous, nous les fr\u00e8res, nous retirer dans la pri\u00e8re ou aller dans le monde?\u00bb, il a demand\u00e9 l&rsquo;aide de Sainte Claire qui, dans la pri\u00e8re, lui a r\u00e9pondu: \u00abFran\u00e7ois, toi et tes fr\u00e8res, allez dans le monde\u00bb. <\/p>\n\n\n\n<p class=\"wp-block-paragraph\">Et Sainte Claire continue de prier tous les jours pour les missionnaires du monde entier : ce sont les Clarisses ! Alors, les jeunes, si vous avez des doutes sur votre vocation, cherchez un monast\u00e8re de Clarisses, demandez des pri\u00e8res \u00e0 ces jeunes femmes. <\/p>\n\n\n\n<p class=\"wp-block-paragraph\">Et je vous dis une chose: s&rsquo;il n&rsquo;y avait pas les Clarisses qui donnent leur vie 24 heures sur 24 pour la pri\u00e8re, pour les missions, pour la paix, beaucoup de missions n&rsquo;existeraient pas. <\/p>\n\n\n\n<p class=\"wp-block-paragraph\">Elles sont v\u00e9ritablement le c\u0153ur qui bat dans l&rsquo;\u00c9glise. Merci donc aussi aux Clarisses qui donnent leur vie pour les missions, et qui la donnent dans la pri\u00e8re. <\/p>\n\n\n\n<p class=\"wp-block-paragraph\">Jeunes, n&rsquo;ayez pas peur! Que le Seigneur vous b\u00e9nisse, vous donne beaucoup de joie et de paix en disant oui au Seigneur!<\/p>\n\n\n\n<p class=\"has-text-align-center wp-block-paragraph\"><strong>FIN&#8230; mais la mission continue! <\/strong><\/p>\n\n\n\n<p class=\"wp-block-paragraph\"><strong>Photo de fr\u00e8re Paolo Maria Braghini<\/strong><\/p>\n\n\n\n<p class=\"wp-block-paragraph\"><\/p>\n","protected":false},"excerpt":{"rendered":"<p>La quatri\u00e8me et derni\u00e8re partie du t\u00e9moignage de fr\u00e8re Paolo Maria Braghini, Fr\u00e8re Mineur Capucin, au \u00ab Go! Franciscan Youth Meet 2026 \u00bb, \u00e9v\u00e9nement organis\u00e9 par les Fr\u00e8res Mineurs, les Fr\u00e8res Mineurs Conventuels et les Fr\u00e8res Mineurs Capucins, qui s&rsquo;est tenu \u00e0 Assise du 3 au 6 ao\u00fbt. Nous, \u00e0 spazio + spadoni, vous l&rsquo;avons &#8230; <a title=\"\u00ab\u00a0Dieu a une immense imagination dans sa mani\u00e8re de nous appeler\u00a0\u00bb | Quatri\u00e8me partie\" class=\"read-more\" href=\"https:\/\/spaziospadoni.org\/fr\/dieu-a-une-immense-imagination-dans-sa-maniere-de-nous-appeler-quatrieme-partie\/\" aria-label=\"Read more about \u00ab\u00a0Dieu a une immense imagination dans sa mani\u00e8re de nous appeler\u00a0\u00bb | Quatri\u00e8me partie\">Lire plus<\/a><\/p>\n","protected":false},"author":82,"featured_media":90133,"comment_status":"closed","ping_status":"closed","sticky":false,"template":"","format":"standard","meta":{"_sitemap_exclude":false,"_sitemap_priority":"","_sitemap_frequency":"","ss_featured_image_title":"","ss_featured_image_alt":"Fr\u00e8re Paolo avec des enfants ticuna en Amazonie","ss_featured_image_caption":"Fr\u00e8re Paolo avec des enfants ticuna en Amazonie. O\u00f9 qu\u2019il soit en mission, son invitation est toujours de regarder vers le haut.","footnotes":""},"categories":[2446],"tags":[5041,2568,3030],"class_list":["post-90134","post","type-post","status-publish","format-standard","has-post-thumbnail","hentry","category-moi-misericordie","tag-freres-mineurs-capucins","tag-mission","tag-vocation-fr","infinite-scroll-item","generate-columns","tablet-grid-50","mobile-grid-100","grid-parent","grid-50"],"yoast_head":"<!-- This site is optimized with the Yoast SEO plugin v28.4 - https:\/\/yoast.com\/product\/yoast-seo-wordpress\/ -->\n<title>&quot;Dieu a une immense imagination dans sa mani\u00e8re de nous appeler&quot; | Quatri\u00e8me partie<\/title>\n<meta name=\"description\" content=\"Le t\u00e9moignage de fr\u00e8re Paolo Maria Braghini aux jeunes : faire confiance \u00e0 Dieu, la mission en Amazonie et le r\u00f4le pr\u00e9cieux des Clarisses.\" \/>\n<meta name=\"robots\" content=\"index, follow, max-snippet:-1, max-image-preview:large, max-video-preview:-1\" \/>\n<link rel=\"canonical\" href=\"https:\/\/spaziospadoni.org\/fr\/dieu-a-une-immense-imagination-dans-sa-maniere-de-nous-appeler-quatrieme-partie\/\" \/>\n<meta property=\"og:locale\" content=\"fr_FR\" \/>\n<meta property=\"og:type\" content=\"article\" \/>\n<meta property=\"og:title\" content=\"&quot;Dieu a une immense imagination dans sa mani\u00e8re de nous appeler&quot; | Quatri\u00e8me partie\" \/>\n<meta property=\"og:description\" content=\"Le t\u00e9moignage de fr\u00e8re Paolo Maria Braghini aux jeunes : faire confiance \u00e0 Dieu, la mission en Amazonie et le r\u00f4le pr\u00e9cieux des Clarisses.\" \/>\n<meta property=\"og:url\" content=\"https:\/\/spaziospadoni.org\/fr\/dieu-a-une-immense-imagination-dans-sa-maniere-de-nous-appeler-quatrieme-partie\/\" \/>\n<meta property=\"og:site_name\" content=\"spazio + spadoni\" \/>\n<meta property=\"article:publisher\" content=\"https:\/\/www.facebook.com\/SpazioSpadoni\/\" \/>\n<meta property=\"article:published_time\" content=\"2026-08-15T06:20:00+00:00\" \/>\n<meta property=\"article:modified_time\" content=\"2026-08-15T06:46:36+00:00\" \/>\n<meta property=\"og:image\" content=\"https:\/\/spaziospadoni.org\/wp-content\/uploads\/2026\/08\/fra-paolo-bambini-amazzonia-gesu.webp\" \/>\n\t<meta property=\"og:image:width\" content=\"1200\" \/>\n\t<meta property=\"og:image:height\" content=\"800\" \/>\n\t<meta property=\"og:image:type\" content=\"image\/webp\" \/>\n<meta name=\"author\" content=\"Fra Paolo Maria Braghini\" \/>\n<meta name=\"twitter:card\" content=\"summary_large_image\" \/>\n<meta name=\"twitter:label1\" content=\"\u00c9crit par\" \/>\n\t<meta name=\"twitter:data1\" content=\"Fr\u00e8re Paolo Maria Braghini\" \/>\n\t<meta name=\"twitter:label2\" content=\"Est. reading time\" \/>\n\t<meta name=\"twitter:data2\" content=\"3 minutes\" \/>\n<script type=\"application\/ld+json\" class=\"yoast-schema-graph\">{\"@context\":\"https:\\\/\\\/schema.org\",\"@graph\":[{\"@type\":\"Article\",\"@id\":\"https:\\\/\\\/spaziospadoni.org\\\/fr\\\/dieu-a-une-immense-imagination-dans-sa-maniere-de-nous-appeler-quatrieme-partie\\\/#article\",\"isPartOf\":{\"@id\":\"https:\\\/\\\/spaziospadoni.org\\\/fr\\\/dieu-a-une-immense-imagination-dans-sa-maniere-de-nous-appeler-quatrieme-partie\\\/\"},\"author\":{\"name\":\"Fra Paolo Maria Braghini\",\"@id\":\"https:\\\/\\\/spaziospadoni.org\\\/fr\\\/#\\\/schema\\\/person\\\/3564d8acb9905b1bac4639729953e97d\"},\"headline\":\"\u00ab\u00a0Dieu a une immense imagination dans sa mani\u00e8re de nous appeler\u00a0\u00bb | Quatri\u00e8me partie\",\"datePublished\":\"2026-08-15T06:20:00+00:00\",\"dateModified\":\"2026-08-15T06:46:36+00:00\",\"mainEntityOfPage\":{\"@id\":\"https:\\\/\\\/spaziospadoni.org\\\/fr\\\/dieu-a-une-immense-imagination-dans-sa-maniere-de-nous-appeler-quatrieme-partie\\\/\"},\"wordCount\":519,\"publisher\":{\"@id\":\"https:\\\/\\\/spaziospadoni.org\\\/fr\\\/#organization\"},\"image\":{\"@id\":\"https:\\\/\\\/spaziospadoni.org\\\/fr\\\/dieu-a-une-immense-imagination-dans-sa-maniere-de-nous-appeler-quatrieme-partie\\\/#primaryimage\"},\"thumbnailUrl\":\"https:\\\/\\\/spaziospadoni.org\\\/wp-content\\\/uploads\\\/2026\\\/08\\\/fra-paolo-bambini-amazzonia-gesu.webp\",\"keywords\":[\"Fr\u00e8res Mineurs Capucins\",\"Mission\",\"vocation\"],\"articleSection\":[\"Moi, mis\u00e9ricordi\u00e9\"],\"inLanguage\":\"fr-FR\"},{\"@type\":\"WebPage\",\"@id\":\"https:\\\/\\\/spaziospadoni.org\\\/fr\\\/dieu-a-une-immense-imagination-dans-sa-maniere-de-nous-appeler-quatrieme-partie\\\/\",\"url\":\"https:\\\/\\\/spaziospadoni.org\\\/fr\\\/dieu-a-une-immense-imagination-dans-sa-maniere-de-nous-appeler-quatrieme-partie\\\/\",\"name\":\"\\\"Dieu a une immense imagination dans sa mani\u00e8re de nous appeler\\\" | Quatri\u00e8me partie\",\"isPartOf\":{\"@id\":\"https:\\\/\\\/spaziospadoni.org\\\/fr\\\/#website\"},\"primaryImageOfPage\":{\"@id\":\"https:\\\/\\\/spaziospadoni.org\\\/fr\\\/dieu-a-une-immense-imagination-dans-sa-maniere-de-nous-appeler-quatrieme-partie\\\/#primaryimage\"},\"image\":{\"@id\":\"https:\\\/\\\/spaziospadoni.org\\\/fr\\\/dieu-a-une-immense-imagination-dans-sa-maniere-de-nous-appeler-quatrieme-partie\\\/#primaryimage\"},\"thumbnailUrl\":\"https:\\\/\\\/spaziospadoni.org\\\/wp-content\\\/uploads\\\/2026\\\/08\\\/fra-paolo-bambini-amazzonia-gesu.webp\",\"datePublished\":\"2026-08-15T06:20:00+00:00\",\"dateModified\":\"2026-08-15T06:46:36+00:00\",\"description\":\"Le t\u00e9moignage de fr\u00e8re Paolo Maria Braghini aux jeunes : faire confiance \u00e0 Dieu, la mission en Amazonie et le r\u00f4le pr\u00e9cieux des Clarisses.\",\"breadcrumb\":{\"@id\":\"https:\\\/\\\/spaziospadoni.org\\\/fr\\\/dieu-a-une-immense-imagination-dans-sa-maniere-de-nous-appeler-quatrieme-partie\\\/#breadcrumb\"},\"inLanguage\":\"fr-FR\",\"potentialAction\":[{\"@type\":\"ReadAction\",\"target\":[\"https:\\\/\\\/spaziospadoni.org\\\/fr\\\/dieu-a-une-immense-imagination-dans-sa-maniere-de-nous-appeler-quatrieme-partie\\\/\"]}]},{\"@type\":\"ImageObject\",\"inLanguage\":\"fr-FR\",\"@id\":\"https:\\\/\\\/spaziospadoni.org\\\/fr\\\/dieu-a-une-immense-imagination-dans-sa-maniere-de-nous-appeler-quatrieme-partie\\\/#primaryimage\",\"url\":\"https:\\\/\\\/spaziospadoni.org\\\/wp-content\\\/uploads\\\/2026\\\/08\\\/fra-paolo-bambini-amazzonia-gesu.webp\",\"contentUrl\":\"https:\\\/\\\/spaziospadoni.org\\\/wp-content\\\/uploads\\\/2026\\\/08\\\/fra-paolo-bambini-amazzonia-gesu.webp\",\"width\":1200,\"height\":800,\"caption\":\"Fr\u00e8re Paolo avec des enfants ticuna en Amazonie. O\u00f9 qu\u2019il soit en mission, son invitation est toujours de regarder vers le haut.\"},{\"@type\":\"BreadcrumbList\",\"@id\":\"https:\\\/\\\/spaziospadoni.org\\\/fr\\\/dieu-a-une-immense-imagination-dans-sa-maniere-de-nous-appeler-quatrieme-partie\\\/#breadcrumb\",\"itemListElement\":[{\"@type\":\"ListItem\",\"position\":1,\"name\":\"Home\",\"item\":\"https:\\\/\\\/spaziospadoni.org\\\/fr\\\/\"},{\"@type\":\"ListItem\",\"position\":2,\"name\":\"&#8220;Dieu a une immense imagination dans sa mani\u00e8re de nous appeler&#8221; | Quatri\u00e8me partie\"}]},{\"@type\":\"WebSite\",\"@id\":\"https:\\\/\\\/spaziospadoni.org\\\/fr\\\/#website\",\"url\":\"https:\\\/\\\/spaziospadoni.org\\\/fr\\\/\",\"name\":\"spazio + spadoni\",\"description\":\"Generazione di misericordia e missione nel mondo\",\"publisher\":{\"@id\":\"https:\\\/\\\/spaziospadoni.org\\\/fr\\\/#organization\"},\"alternateName\":\"spaziospadoni.org\",\"potentialAction\":[{\"@type\":\"SearchAction\",\"target\":{\"@type\":\"EntryPoint\",\"urlTemplate\":\"https:\\\/\\\/spaziospadoni.org\\\/fr\\\/?s={search_term_string}\"},\"query-input\":{\"@type\":\"PropertyValueSpecification\",\"valueRequired\":true,\"valueName\":\"search_term_string\"}}],\"inLanguage\":\"fr-FR\"},{\"@type\":\"Organization\",\"@id\":\"https:\\\/\\\/spaziospadoni.org\\\/fr\\\/#organization\",\"name\":\"spazio + spadoni\",\"alternateName\":\"spaziospadoni.org\",\"url\":\"https:\\\/\\\/spaziospadoni.org\\\/fr\\\/\",\"logo\":{\"@type\":\"ImageObject\",\"inLanguage\":\"fr-FR\",\"@id\":\"https:\\\/\\\/spaziospadoni.org\\\/fr\\\/#\\\/schema\\\/logo\\\/image\\\/\",\"url\":\"https:\\\/\\\/spaziospadoni.org\\\/wp-content\\\/uploads\\\/2026\\\/05\\\/spazio-spadoni-logo-100x100-1.webp\",\"contentUrl\":\"https:\\\/\\\/spaziospadoni.org\\\/wp-content\\\/uploads\\\/2026\\\/05\\\/spazio-spadoni-logo-100x100-1.webp\",\"width\":100,\"height\":100,\"caption\":\"spazio + spadoni\"},\"image\":{\"@id\":\"https:\\\/\\\/spaziospadoni.org\\\/fr\\\/#\\\/schema\\\/logo\\\/image\\\/\"},\"sameAs\":[\"https:\\\/\\\/www.facebook.com\\\/SpazioSpadoni\\\/\",\"https:\\\/\\\/www.instagram.com\\\/spaziospadoni\\\/\",\"https:\\\/\\\/www.youtube.com\\\/@spaziospadoni\\\/playlists\"]},{\"@type\":\"Person\",\"@id\":\"https:\\\/\\\/spaziospadoni.org\\\/fr\\\/#\\\/schema\\\/person\\\/3564d8acb9905b1bac4639729953e97d\",\"name\":\"Fra Paolo Maria Braghini\",\"image\":{\"@type\":\"ImageObject\",\"inLanguage\":\"fr-FR\",\"@id\":\"https:\\\/\\\/secure.gravatar.com\\\/avatar\\\/f32ed802d88a4c5f0c578a2cf8cd64a2f093a3566f4c951be66b98720ef889ee?s=96&d=mm&r=g\",\"url\":\"https:\\\/\\\/secure.gravatar.com\\\/avatar\\\/f32ed802d88a4c5f0c578a2cf8cd64a2f093a3566f4c951be66b98720ef889ee?s=96&d=mm&r=g\",\"contentUrl\":\"https:\\\/\\\/secure.gravatar.com\\\/avatar\\\/f32ed802d88a4c5f0c578a2cf8cd64a2f093a3566f4c951be66b98720ef889ee?s=96&d=mm&r=g\",\"caption\":\"Fra Paolo Maria Braghini\"},\"description\":\"Fr\u00e8re mineur capucin n\u00e9 en 1975, il a pass\u00e9 pr\u00e8s de 20 ans en mission dans l\u2019Alto Solim\u00f5es, en Amazonie, \u00e0 la fronti\u00e8re entre le Br\u00e9sil et le P\u00e9rou. Se d\u00e9pla\u00e7ant souvent en pirogue, il a rejoint 70 villages, partageant la vie et la foi simple des populations autochtones. Originaire de la r\u00e9gion de Var\u00e8se, il est rentr\u00e9 en Italie durant l\u2019\u00e9t\u00e9 2025.\",\"url\":\"https:\\\/\\\/spaziospadoni.org\\\/fr\\\/author\\\/braghini_mission\\\/\"}]}<\/script>\n<!-- \/ Yoast SEO plugin. -->","yoast_head_json":{"title":"\"Dieu a une immense imagination dans sa mani\u00e8re de nous appeler\" | Quatri\u00e8me partie","description":"Le t\u00e9moignage de fr\u00e8re Paolo Maria Braghini aux jeunes : faire confiance \u00e0 Dieu, la mission en Amazonie et le r\u00f4le pr\u00e9cieux des Clarisses.","robots":{"index":"index","follow":"follow","max-snippet":"max-snippet:-1","max-image-preview":"max-image-preview:large","max-video-preview":"max-video-preview:-1"},"canonical":"https:\/\/spaziospadoni.org\/fr\/dieu-a-une-immense-imagination-dans-sa-maniere-de-nous-appeler-quatrieme-partie\/","og_locale":"fr_FR","og_type":"article","og_title":"\"Dieu a une immense imagination dans sa mani\u00e8re de nous appeler\" | Quatri\u00e8me partie","og_description":"Le t\u00e9moignage de fr\u00e8re Paolo Maria Braghini aux jeunes : faire confiance \u00e0 Dieu, la mission en Amazonie et le r\u00f4le pr\u00e9cieux des Clarisses.","og_url":"https:\/\/spaziospadoni.org\/fr\/dieu-a-une-immense-imagination-dans-sa-maniere-de-nous-appeler-quatrieme-partie\/","og_site_name":"spazio + spadoni","article_publisher":"https:\/\/www.facebook.com\/SpazioSpadoni\/","article_published_time":"2026-08-15T06:20:00+00:00","article_modified_time":"2026-08-15T06:46:36+00:00","og_image":[{"width":1200,"height":800,"url":"https:\/\/spaziospadoni.org\/wp-content\/uploads\/2026\/08\/fra-paolo-bambini-amazzonia-gesu.webp","type":"image\/webp"}],"author":"Fra Paolo Maria Braghini","twitter_card":"summary_large_image","twitter_misc":{"\u00c9crit par":"Fr\u00e8re Paolo Maria Braghini","Est. reading time":"3 minutes"},"schema":{"@context":"https:\/\/schema.org","@graph":[{"@type":"Article","@id":"https:\/\/spaziospadoni.org\/fr\/dieu-a-une-immense-imagination-dans-sa-maniere-de-nous-appeler-quatrieme-partie\/#article","isPartOf":{"@id":"https:\/\/spaziospadoni.org\/fr\/dieu-a-une-immense-imagination-dans-sa-maniere-de-nous-appeler-quatrieme-partie\/"},"author":{"name":"Fra Paolo Maria Braghini","@id":"https:\/\/spaziospadoni.org\/fr\/#\/schema\/person\/3564d8acb9905b1bac4639729953e97d"},"headline":"\u00ab\u00a0Dieu a une immense imagination dans sa mani\u00e8re de nous appeler\u00a0\u00bb | Quatri\u00e8me partie","datePublished":"2026-08-15T06:20:00+00:00","dateModified":"2026-08-15T06:46:36+00:00","mainEntityOfPage":{"@id":"https:\/\/spaziospadoni.org\/fr\/dieu-a-une-immense-imagination-dans-sa-maniere-de-nous-appeler-quatrieme-partie\/"},"wordCount":519,"publisher":{"@id":"https:\/\/spaziospadoni.org\/fr\/#organization"},"image":{"@id":"https:\/\/spaziospadoni.org\/fr\/dieu-a-une-immense-imagination-dans-sa-maniere-de-nous-appeler-quatrieme-partie\/#primaryimage"},"thumbnailUrl":"https:\/\/spaziospadoni.org\/wp-content\/uploads\/2026\/08\/fra-paolo-bambini-amazzonia-gesu.webp","keywords":["Fr\u00e8res Mineurs Capucins","Mission","vocation"],"articleSection":["Moi, mis\u00e9ricordi\u00e9"],"inLanguage":"fr-FR"},{"@type":"WebPage","@id":"https:\/\/spaziospadoni.org\/fr\/dieu-a-une-immense-imagination-dans-sa-maniere-de-nous-appeler-quatrieme-partie\/","url":"https:\/\/spaziospadoni.org\/fr\/dieu-a-une-immense-imagination-dans-sa-maniere-de-nous-appeler-quatrieme-partie\/","name":"\"Dieu a une immense imagination dans sa mani\u00e8re de nous appeler\" | Quatri\u00e8me partie","isPartOf":{"@id":"https:\/\/spaziospadoni.org\/fr\/#website"},"primaryImageOfPage":{"@id":"https:\/\/spaziospadoni.org\/fr\/dieu-a-une-immense-imagination-dans-sa-maniere-de-nous-appeler-quatrieme-partie\/#primaryimage"},"image":{"@id":"https:\/\/spaziospadoni.org\/fr\/dieu-a-une-immense-imagination-dans-sa-maniere-de-nous-appeler-quatrieme-partie\/#primaryimage"},"thumbnailUrl":"https:\/\/spaziospadoni.org\/wp-content\/uploads\/2026\/08\/fra-paolo-bambini-amazzonia-gesu.webp","datePublished":"2026-08-15T06:20:00+00:00","dateModified":"2026-08-15T06:46:36+00:00","description":"Le t\u00e9moignage de fr\u00e8re Paolo Maria Braghini aux jeunes : faire confiance \u00e0 Dieu, la mission en Amazonie et le r\u00f4le pr\u00e9cieux des Clarisses.","breadcrumb":{"@id":"https:\/\/spaziospadoni.org\/fr\/dieu-a-une-immense-imagination-dans-sa-maniere-de-nous-appeler-quatrieme-partie\/#breadcrumb"},"inLanguage":"fr-FR","potentialAction":[{"@type":"ReadAction","target":["https:\/\/spaziospadoni.org\/fr\/dieu-a-une-immense-imagination-dans-sa-maniere-de-nous-appeler-quatrieme-partie\/"]}]},{"@type":"ImageObject","inLanguage":"fr-FR","@id":"https:\/\/spaziospadoni.org\/fr\/dieu-a-une-immense-imagination-dans-sa-maniere-de-nous-appeler-quatrieme-partie\/#primaryimage","url":"https:\/\/spaziospadoni.org\/wp-content\/uploads\/2026\/08\/fra-paolo-bambini-amazzonia-gesu.webp","contentUrl":"https:\/\/spaziospadoni.org\/wp-content\/uploads\/2026\/08\/fra-paolo-bambini-amazzonia-gesu.webp","width":1200,"height":800,"caption":"Fr\u00e8re Paolo avec des enfants ticuna en Amazonie. O\u00f9 qu\u2019il soit en mission, son invitation est toujours de regarder vers le haut."},{"@type":"BreadcrumbList","@id":"https:\/\/spaziospadoni.org\/fr\/dieu-a-une-immense-imagination-dans-sa-maniere-de-nous-appeler-quatrieme-partie\/#breadcrumb","itemListElement":[{"@type":"ListItem","position":1,"name":"Home","item":"https:\/\/spaziospadoni.org\/fr\/"},{"@type":"ListItem","position":2,"name":"&#8220;Dieu a une immense imagination dans sa mani\u00e8re de nous appeler&#8221; | Quatri\u00e8me partie"}]},{"@type":"WebSite","@id":"https:\/\/spaziospadoni.org\/fr\/#website","url":"https:\/\/spaziospadoni.org\/fr\/","name":"spazio + spadoni","description":"Generazione di misericordia e missione nel mondo","publisher":{"@id":"https:\/\/spaziospadoni.org\/fr\/#organization"},"alternateName":"spaziospadoni.org","potentialAction":[{"@type":"SearchAction","target":{"@type":"EntryPoint","urlTemplate":"https:\/\/spaziospadoni.org\/fr\/?s={search_term_string}"},"query-input":{"@type":"PropertyValueSpecification","valueRequired":true,"valueName":"search_term_string"}}],"inLanguage":"fr-FR"},{"@type":"Organization","@id":"https:\/\/spaziospadoni.org\/fr\/#organization","name":"spazio + spadoni","alternateName":"spaziospadoni.org","url":"https:\/\/spaziospadoni.org\/fr\/","logo":{"@type":"ImageObject","inLanguage":"fr-FR","@id":"https:\/\/spaziospadoni.org\/fr\/#\/schema\/logo\/image\/","url":"https:\/\/spaziospadoni.org\/wp-content\/uploads\/2026\/05\/spazio-spadoni-logo-100x100-1.webp","contentUrl":"https:\/\/spaziospadoni.org\/wp-content\/uploads\/2026\/05\/spazio-spadoni-logo-100x100-1.webp","width":100,"height":100,"caption":"spazio + spadoni"},"image":{"@id":"https:\/\/spaziospadoni.org\/fr\/#\/schema\/logo\/image\/"},"sameAs":["https:\/\/www.facebook.com\/SpazioSpadoni\/","https:\/\/www.instagram.com\/spaziospadoni\/","https:\/\/www.youtube.com\/@spaziospadoni\/playlists"]},{"@type":"Person","@id":"https:\/\/spaziospadoni.org\/fr\/#\/schema\/person\/3564d8acb9905b1bac4639729953e97d","name":"Fra Paolo Maria Braghini","image":{"@type":"ImageObject","inLanguage":"fr-FR","@id":"https:\/\/secure.gravatar.com\/avatar\/f32ed802d88a4c5f0c578a2cf8cd64a2f093a3566f4c951be66b98720ef889ee?s=96&d=mm&r=g","url":"https:\/\/secure.gravatar.com\/avatar\/f32ed802d88a4c5f0c578a2cf8cd64a2f093a3566f4c951be66b98720ef889ee?s=96&d=mm&r=g","contentUrl":"https:\/\/secure.gravatar.com\/avatar\/f32ed802d88a4c5f0c578a2cf8cd64a2f093a3566f4c951be66b98720ef889ee?s=96&d=mm&r=g","caption":"Fra Paolo Maria Braghini"},"description":"Fr\u00e8re mineur capucin n\u00e9 en 1975, il a pass\u00e9 pr\u00e8s de 20 ans en mission dans l\u2019Alto Solim\u00f5es, en Amazonie, \u00e0 la fronti\u00e8re entre le Br\u00e9sil et le P\u00e9rou. Se d\u00e9pla\u00e7ant souvent en pirogue, il a rejoint 70 villages, partageant la vie et la foi simple des populations autochtones. Originaire de la r\u00e9gion de Var\u00e8se, il est rentr\u00e9 en Italie durant l\u2019\u00e9t\u00e9 2025.","url":"https:\/\/spaziospadoni.org\/fr\/author\/braghini_mission\/"}]}},"_links":{"self":[{"href":"https:\/\/spaziospadoni.org\/fr\/wp-json\/wp\/v2\/posts\/90134","targetHints":{"allow":["GET"]}}],"collection":[{"href":"https:\/\/spaziospadoni.org\/fr\/wp-json\/wp\/v2\/posts"}],"about":[{"href":"https:\/\/spaziospadoni.org\/fr\/wp-json\/wp\/v2\/types\/post"}],"author":[{"embeddable":true,"href":"https:\/\/spaziospadoni.org\/fr\/wp-json\/wp\/v2\/users\/82"}],"replies":[{"embeddable":true,"href":"https:\/\/spaziospadoni.org\/fr\/wp-json\/wp\/v2\/comments?post=90134"}],"version-history":[{"count":1,"href":"https:\/\/spaziospadoni.org\/fr\/wp-json\/wp\/v2\/posts\/90134\/revisions"}],"predecessor-version":[{"id":90135,"href":"https:\/\/spaziospadoni.org\/fr\/wp-json\/wp\/v2\/posts\/90134\/revisions\/90135"}],"wp:featuredmedia":[{"embeddable":true,"href":"https:\/\/spaziospadoni.org\/fr\/wp-json\/wp\/v2\/media\/90133"}],"wp:attachment":[{"href":"https:\/\/spaziospadoni.org\/fr\/wp-json\/wp\/v2\/media?parent=90134"}],"wp:term":[{"taxonomy":"category","embeddable":true,"href":"https:\/\/spaziospadoni.org\/fr\/wp-json\/wp\/v2\/categories?post=90134"},{"taxonomy":"post_tag","embeddable":true,"href":"https:\/\/spaziospadoni.org\/fr\/wp-json\/wp\/v2\/tags?post=90134"}],"curies":[{"name":"wp","href":"https:\/\/api.w.org\/{rel}","templated":true}]}}