{"id":90151,"date":"2026-08-15T18:00:00","date_gmt":"2026-08-15T17:00:00","guid":{"rendered":"https:\/\/spaziospadoni.org\/?p=90151"},"modified":"2026-08-15T08:53:16","modified_gmt":"2026-08-15T07:53:16","slug":"la-valeur-sacree-des-soins-gestes-et-regards-vers-un-corps-destine-au-ciel","status":"publish","type":"post","link":"https:\/\/spaziospadoni.org\/fr\/la-valeur-sacree-des-soins-gestes-et-regards-vers-un-corps-destine-au-ciel\/","title":{"rendered":"La valeur sacr\u00e9e des soins: gestes et regards vers un corps destin\u00e9 au Ciel"},"content":{"rendered":"\n<p class=\"wp-block-paragraph\">Lorsque l&rsquo;on se trouve aux c\u00f4t\u00e9s de ceux qui souffrent, le temps semble changer de rythme. Les heures pass\u00e9es \u00e0 ajuster un oreiller, \u00e0 administrer un traitement ou simplement \u00e0 tenir une main tremblante prennent une dimension enti\u00e8rement nouvelle.<\/p>\n\n\n\n<p class=\"wp-block-paragraph\">Ces jours-ci, en pensant \u00e0 la f\u00eate de l&rsquo;Assomption, une personne qui s&rsquo;occupe de sa m\u00e8re \u00e2g\u00e9e et malade a exprim\u00e9 cette pens\u00e9e: <\/p>\n\n\n\n<blockquote class=\"wp-block-quote is-layout-flow wp-block-quote-is-layout-flow\">\n<p class=\"wp-block-paragraph\"><em>\u00ab\u00a0Marie qui monte au Ciel avec son corps m\u2019aide \u00e0 penser que chaque geste de soin et d\u2019assistance envers nos fr\u00e8res et s\u0153urs s\u2019adresse \u00e0 un corps destin\u00e9 au Ciel\u00a0\u00bb.<\/em><\/p>\n<\/blockquote>\n\n\n\n<h2 id=\"un-geste-quotidien-qui-touche-leternite\" class=\"wp-block-heading\">Un geste quotidien qui touche l&rsquo;\u00e9ternit\u00e9<\/h2>\n\n\n\n<p class=\"wp-block-paragraph\">Prendre soin d&rsquo;une personne malade n&rsquo;est jamais une simple suite de t\u00e2ches pratiques. C&rsquo;est un \u00e9change humain o\u00f9 la fragilit\u00e9 de l&rsquo;autre rencontre notre disponibilit\u00e9.<\/p>\n\n\n\n<p class=\"wp-block-paragraph\">Lorsque nous touchons une \u00e9paule fatigu\u00e9e ou essuyons un visage marqu\u00e9 par la douleur, nous ne faisons pas qu&rsquo;apporter une <strong>assistance<\/strong>, nous reconnaissons la valeur infinie de la personne. Chaque corps fragile, bless\u00e9 ou us\u00e9 par les ann\u00e9es porte en lui la promesse d&rsquo;une dignit\u00e9 immortelle.<\/p>\n\n\n\n<p class=\"wp-block-paragraph\">Cette prise de conscience transforme la fatigue en don. Il ne s&rsquo;agit pas seulement d&rsquo;apaiser une souffrance temporaire, mais de pr\u00e9server et de servir un temple sacr\u00e9. Savoir que cette chair n&rsquo;est pas destin\u00e9e au n\u00e9ant, mais \u00e0 une gloire \u00e9ternelle, change radicalement le regard de celui qui soigne.<\/p>\n\n\n\n<h2 id=\"preserver-la-dignite-dans-la-fragilite\" class=\"wp-block-heading\">Pr\u00e9server la dignit\u00e9 dans la fragilit\u00e9<\/h2>\n\n\n\n<p class=\"wp-block-paragraph\">Dans le silence des chambres d&rsquo;h\u00f4pital ou au domicile, le <strong>soin<\/strong> apport\u00e9 \u00e0 la personne devient un langage d&rsquo;amour silencieux. On se sent souvent impuissant face \u00e0 la maladie, mais une pr\u00e9sence constante constitue d\u00e9j\u00e0 une r\u00e9ponse concr\u00e8te.<\/p>\n\n\n\n<p class=\"wp-block-paragraph\">Prononcer un sinc\u00e8re HIC SUM face au besoin de l&rsquo;autre revient \u00e0 dire: \u00abIo sono qui per te\u00bb.<\/p>\n\n\n\n<p class=\"wp-block-paragraph\">La v\u00e9ritable <strong>solidarit\u00e9<\/strong> na\u00eet lorsque nous cessons de voir uniquement la souffrance pour commencer \u00e0 percevoir la personne dans sa totalit\u00e9. Chaque attention, m\u00eame la plus simple, redonne espoir et dignit\u00e9. Servir son prochain dans l&rsquo;\u00e9preuve est un acte de foi vivante qui \u00e9l\u00e8ve autant celui qui re\u00e7oit le soutien que celui qui l&rsquo;offre avec un c\u0153ur ouvert.<\/p>\n\n\n\n<h2 id=\"la-presence-active-dans-le-service\" class=\"wp-block-heading\">La pr\u00e9sence active dans le service<\/h2>\n\n\n\n<p class=\"wp-block-paragraph\">L&rsquo;exp\u00e9rience du <strong>b\u00e9n\u00e9volat<\/strong> et de l&rsquo;accompagnement quotidien enseigne que le don de soi n&rsquo;est jamais une perte. Dans la <strong>r\u00e9ciprocit\u00e9<\/strong>, celui qui assiste re\u00e7oit bien plus qu&rsquo;il ne donne.<\/p>\n\n\n\n<p class=\"wp-block-paragraph\">Regarder le corps de l&rsquo;autre comme un bien destin\u00e9 \u00e0 la lumi\u00e8re \u00e9ternelle donne de la force et transfigure la routine en un chemin porteur de sens.<\/p>\n\n\n\n<p class=\"wp-block-paragraph\">Continuons donc \u00e0 offrir nos mains et notre temps avec d\u00e9licatesse, en sachant que la <strong>mis\u00e9ricorde<\/strong> v\u00e9cue \u00e0 travers de petits gestes r\u00e9sonne bien au-del\u00e0 des limites du temps pr\u00e9sent.<\/p>\n\n\n\n<p class=\"wp-block-paragraph\"><strong><a href=\"https:\/\/pixabay.com\/it\/photos\/donne-villaggio-strada-vicolo-casa-5578067\/\" target=\"_blank\" rel=\"noreferrer noopener nofollow\" title=\"Photo de Pixabay\">Photo de Pixabay<\/a><\/strong><\/p>\n","protected":false},"excerpt":{"rendered":"<p>Lorsque l&rsquo;on se trouve aux c\u00f4t\u00e9s de ceux qui souffrent, le temps semble changer de rythme. Les heures pass\u00e9es \u00e0 ajuster un oreiller, \u00e0 administrer un traitement ou simplement \u00e0 tenir une main tremblante prennent une dimension enti\u00e8rement nouvelle. Ces jours-ci, en pensant \u00e0 la f\u00eate de l&rsquo;Assomption, une personne qui s&rsquo;occupe de sa m\u00e8re &#8230; <a title=\"La valeur sacr\u00e9e des soins: gestes et regards vers un corps destin\u00e9 au Ciel\" class=\"read-more\" href=\"https:\/\/spaziospadoni.org\/fr\/la-valeur-sacree-des-soins-gestes-et-regards-vers-un-corps-destine-au-ciel\/\" aria-label=\"Read more about La valeur sacr\u00e9e des soins: gestes et regards vers un corps destin\u00e9 au Ciel\">Lire plus<\/a><\/p>\n","protected":false},"author":39,"featured_media":90150,"comment_status":"closed","ping_status":"closed","sticky":false,"template":"","format":"standard","meta":{"_sitemap_exclude":false,"_sitemap_priority":"","_sitemap_frequency":"","ss_featured_image_title":"","ss_featured_image_alt":"Soin et accompagnement des personnes \u00e2g\u00e9es","ss_featured_image_caption":"Prendre soin des personnes \u00e2g\u00e9es et les accompagner est un geste commun \u00e0 toutes les cultures.","footnotes":""},"categories":[60],"tags":[4521,3530,3088,2351,3670],"class_list":["post-90151","post","type-post","status-publish","format-standard","has-post-thumbnail","hentry","category-notizie-dal-mondo","tag-embauche-maria","tag-malade-fr","tag-personnes-agees","tag-soin","tag-visiter-les-malades-fr","infinite-scroll-item","generate-columns","tablet-grid-50","mobile-grid-100","grid-parent","grid-50"],"yoast_head":"<!-- This site is optimized with the Yoast SEO plugin v28.4 - https:\/\/yoast.com\/product\/yoast-seo-wordpress\/ -->\n<title>La valeur sacr\u00e9e des soins envers un corps destin\u00e9 au ciel<\/title>\n<meta name=\"description\" content=\"D\u00e9couvrez comment le soin quotidien des malades prend un sens profond d&#039;\u00e9ternit\u00e9 et de dignit\u00e9 par la compassion.\" \/>\n<meta name=\"robots\" content=\"index, follow, max-snippet:-1, max-image-preview:large, max-video-preview:-1\" \/>\n<link rel=\"canonical\" href=\"https:\/\/spaziospadoni.org\/fr\/la-valeur-sacree-des-soins-gestes-et-regards-vers-un-corps-destine-au-ciel\/\" \/>\n<meta property=\"og:locale\" content=\"fr_FR\" \/>\n<meta property=\"og:type\" content=\"article\" \/>\n<meta property=\"og:title\" content=\"La valeur sacr\u00e9e des soins envers un corps destin\u00e9 au ciel\" \/>\n<meta property=\"og:description\" content=\"D\u00e9couvrez comment le soin quotidien des malades prend un sens profond d&#039;\u00e9ternit\u00e9 et de dignit\u00e9 par la compassion.\" \/>\n<meta property=\"og:url\" content=\"https:\/\/spaziospadoni.org\/fr\/la-valeur-sacree-des-soins-gestes-et-regards-vers-un-corps-destine-au-ciel\/\" \/>\n<meta property=\"og:site_name\" content=\"spazio + spadoni\" \/>\n<meta property=\"article:publisher\" content=\"https:\/\/www.facebook.com\/SpazioSpadoni\/\" \/>\n<meta property=\"article:published_time\" content=\"2026-08-15T17:00:00+00:00\" \/>\n<meta property=\"og:image\" content=\"https:\/\/spaziospadoni.org\/wp-content\/uploads\/2026\/08\/cura-assistenza-anziana.webp\" \/>\n\t<meta property=\"og:image:width\" content=\"1280\" \/>\n\t<meta property=\"og:image:height\" content=\"853\" \/>\n\t<meta property=\"og:image:type\" content=\"image\/webp\" \/>\n<meta name=\"author\" content=\"Redazione\" \/>\n<meta name=\"twitter:card\" content=\"summary_large_image\" \/>\n<meta name=\"twitter:label1\" content=\"\u00c9crit par\" \/>\n\t<meta name=\"twitter:data1\" content=\"R\u00e9daction\" \/>\n\t<meta name=\"twitter:label2\" content=\"Est. reading time\" \/>\n\t<meta name=\"twitter:data2\" content=\"3 minutes\" \/>\n<script type=\"application\/ld+json\" class=\"yoast-schema-graph\">{\"@context\":\"https:\\\/\\\/schema.org\",\"@graph\":[{\"@type\":\"Article\",\"@id\":\"https:\\\/\\\/spaziospadoni.org\\\/fr\\\/la-valeur-sacree-des-soins-gestes-et-regards-vers-un-corps-destine-au-ciel\\\/#article\",\"isPartOf\":{\"@id\":\"https:\\\/\\\/spaziospadoni.org\\\/fr\\\/la-valeur-sacree-des-soins-gestes-et-regards-vers-un-corps-destine-au-ciel\\\/\"},\"author\":{\"name\":\"Redazione\",\"@id\":\"https:\\\/\\\/spaziospadoni.org\\\/fr\\\/#\\\/schema\\\/person\\\/411d7e71b4962bebf7ac6c70acc9a7bc\"},\"headline\":\"La valeur sacr\u00e9e des soins: gestes et regards vers un corps destin\u00e9 au Ciel\",\"datePublished\":\"2026-08-15T17:00:00+00:00\",\"mainEntityOfPage\":{\"@id\":\"https:\\\/\\\/spaziospadoni.org\\\/fr\\\/la-valeur-sacree-des-soins-gestes-et-regards-vers-un-corps-destine-au-ciel\\\/\"},\"wordCount\":501,\"publisher\":{\"@id\":\"https:\\\/\\\/spaziospadoni.org\\\/fr\\\/#organization\"},\"image\":{\"@id\":\"https:\\\/\\\/spaziospadoni.org\\\/fr\\\/la-valeur-sacree-des-soins-gestes-et-regards-vers-un-corps-destine-au-ciel\\\/#primaryimage\"},\"thumbnailUrl\":\"https:\\\/\\\/spaziospadoni.org\\\/wp-content\\\/uploads\\\/2026\\\/08\\\/cura-assistenza-anziana.webp\",\"keywords\":[\"embauche Maria\",\"malade\",\"Personnes \u00e2g\u00e9es\",\"soin\",\"Visiter les malades\"],\"articleSection\":[\"Notizie dal Mondo\"],\"inLanguage\":\"fr-FR\"},{\"@type\":\"WebPage\",\"@id\":\"https:\\\/\\\/spaziospadoni.org\\\/fr\\\/la-valeur-sacree-des-soins-gestes-et-regards-vers-un-corps-destine-au-ciel\\\/\",\"url\":\"https:\\\/\\\/spaziospadoni.org\\\/fr\\\/la-valeur-sacree-des-soins-gestes-et-regards-vers-un-corps-destine-au-ciel\\\/\",\"name\":\"La valeur sacr\u00e9e des soins envers un corps destin\u00e9 au ciel\",\"isPartOf\":{\"@id\":\"https:\\\/\\\/spaziospadoni.org\\\/fr\\\/#website\"},\"primaryImageOfPage\":{\"@id\":\"https:\\\/\\\/spaziospadoni.org\\\/fr\\\/la-valeur-sacree-des-soins-gestes-et-regards-vers-un-corps-destine-au-ciel\\\/#primaryimage\"},\"image\":{\"@id\":\"https:\\\/\\\/spaziospadoni.org\\\/fr\\\/la-valeur-sacree-des-soins-gestes-et-regards-vers-un-corps-destine-au-ciel\\\/#primaryimage\"},\"thumbnailUrl\":\"https:\\\/\\\/spaziospadoni.org\\\/wp-content\\\/uploads\\\/2026\\\/08\\\/cura-assistenza-anziana.webp\",\"datePublished\":\"2026-08-15T17:00:00+00:00\",\"description\":\"D\u00e9couvrez comment le soin quotidien des malades prend un sens profond d'\u00e9ternit\u00e9 et de dignit\u00e9 par la compassion.\",\"breadcrumb\":{\"@id\":\"https:\\\/\\\/spaziospadoni.org\\\/fr\\\/la-valeur-sacree-des-soins-gestes-et-regards-vers-un-corps-destine-au-ciel\\\/#breadcrumb\"},\"inLanguage\":\"fr-FR\",\"potentialAction\":[{\"@type\":\"ReadAction\",\"target\":[\"https:\\\/\\\/spaziospadoni.org\\\/fr\\\/la-valeur-sacree-des-soins-gestes-et-regards-vers-un-corps-destine-au-ciel\\\/\"]}]},{\"@type\":\"ImageObject\",\"inLanguage\":\"fr-FR\",\"@id\":\"https:\\\/\\\/spaziospadoni.org\\\/fr\\\/la-valeur-sacree-des-soins-gestes-et-regards-vers-un-corps-destine-au-ciel\\\/#primaryimage\",\"url\":\"https:\\\/\\\/spaziospadoni.org\\\/wp-content\\\/uploads\\\/2026\\\/08\\\/cura-assistenza-anziana.webp\",\"contentUrl\":\"https:\\\/\\\/spaziospadoni.org\\\/wp-content\\\/uploads\\\/2026\\\/08\\\/cura-assistenza-anziana.webp\",\"width\":1280,\"height\":853,\"caption\":\"Prendre soin des personnes \u00e2g\u00e9es et les accompagner est un geste commun \u00e0 toutes les cultures.\"},{\"@type\":\"BreadcrumbList\",\"@id\":\"https:\\\/\\\/spaziospadoni.org\\\/fr\\\/la-valeur-sacree-des-soins-gestes-et-regards-vers-un-corps-destine-au-ciel\\\/#breadcrumb\",\"itemListElement\":[{\"@type\":\"ListItem\",\"position\":1,\"name\":\"Home\",\"item\":\"https:\\\/\\\/spaziospadoni.org\\\/fr\\\/\"},{\"@type\":\"ListItem\",\"position\":2,\"name\":\"La valeur sacr\u00e9e des soins: gestes et regards vers un corps destin\u00e9 au Ciel\"}]},{\"@type\":\"WebSite\",\"@id\":\"https:\\\/\\\/spaziospadoni.org\\\/fr\\\/#website\",\"url\":\"https:\\\/\\\/spaziospadoni.org\\\/fr\\\/\",\"name\":\"spazio + spadoni\",\"description\":\"Generazione di misericordia e missione nel mondo\",\"publisher\":{\"@id\":\"https:\\\/\\\/spaziospadoni.org\\\/fr\\\/#organization\"},\"alternateName\":\"spaziospadoni.org\",\"potentialAction\":[{\"@type\":\"SearchAction\",\"target\":{\"@type\":\"EntryPoint\",\"urlTemplate\":\"https:\\\/\\\/spaziospadoni.org\\\/fr\\\/?s={search_term_string}\"},\"query-input\":{\"@type\":\"PropertyValueSpecification\",\"valueRequired\":true,\"valueName\":\"search_term_string\"}}],\"inLanguage\":\"fr-FR\"},{\"@type\":\"Organization\",\"@id\":\"https:\\\/\\\/spaziospadoni.org\\\/fr\\\/#organization\",\"name\":\"spazio + spadoni\",\"alternateName\":\"spaziospadoni.org\",\"url\":\"https:\\\/\\\/spaziospadoni.org\\\/fr\\\/\",\"logo\":{\"@type\":\"ImageObject\",\"inLanguage\":\"fr-FR\",\"@id\":\"https:\\\/\\\/spaziospadoni.org\\\/fr\\\/#\\\/schema\\\/logo\\\/image\\\/\",\"url\":\"https:\\\/\\\/spaziospadoni.org\\\/wp-content\\\/uploads\\\/2026\\\/05\\\/spazio-spadoni-logo-100x100-1.webp\",\"contentUrl\":\"https:\\\/\\\/spaziospadoni.org\\\/wp-content\\\/uploads\\\/2026\\\/05\\\/spazio-spadoni-logo-100x100-1.webp\",\"width\":100,\"height\":100,\"caption\":\"spazio + spadoni\"},\"image\":{\"@id\":\"https:\\\/\\\/spaziospadoni.org\\\/fr\\\/#\\\/schema\\\/logo\\\/image\\\/\"},\"sameAs\":[\"https:\\\/\\\/www.facebook.com\\\/SpazioSpadoni\\\/\",\"https:\\\/\\\/www.instagram.com\\\/spaziospadoni\\\/\",\"https:\\\/\\\/www.youtube.com\\\/@spaziospadoni\\\/playlists\"]},{\"@type\":\"Person\",\"@id\":\"https:\\\/\\\/spaziospadoni.org\\\/fr\\\/#\\\/schema\\\/person\\\/411d7e71b4962bebf7ac6c70acc9a7bc\",\"name\":\"Redazione\",\"image\":{\"@type\":\"ImageObject\",\"inLanguage\":\"fr-FR\",\"@id\":\"https:\\\/\\\/secure.gravatar.com\\\/avatar\\\/2ba413b4dca69409b680ae806ab0dce8a38d5d2cc2123a96af7bbbee33a5742e?s=96&d=mm&r=g\",\"url\":\"https:\\\/\\\/secure.gravatar.com\\\/avatar\\\/2ba413b4dca69409b680ae806ab0dce8a38d5d2cc2123a96af7bbbee33a5742e?s=96&d=mm&r=g\",\"contentUrl\":\"https:\\\/\\\/secure.gravatar.com\\\/avatar\\\/2ba413b4dca69409b680ae806ab0dce8a38d5d2cc2123a96af7bbbee33a5742e?s=96&d=mm&r=g\",\"caption\":\"Redazione\"},\"url\":\"https:\\\/\\\/spaziospadoni.org\\\/fr\\\/author\\\/redazione\\\/\"}]}<\/script>\n<!-- \/ Yoast SEO plugin. -->","yoast_head_json":{"title":"La valeur sacr\u00e9e des soins envers un corps destin\u00e9 au ciel","description":"D\u00e9couvrez comment le soin quotidien des malades prend un sens profond d'\u00e9ternit\u00e9 et de dignit\u00e9 par la compassion.","robots":{"index":"index","follow":"follow","max-snippet":"max-snippet:-1","max-image-preview":"max-image-preview:large","max-video-preview":"max-video-preview:-1"},"canonical":"https:\/\/spaziospadoni.org\/fr\/la-valeur-sacree-des-soins-gestes-et-regards-vers-un-corps-destine-au-ciel\/","og_locale":"fr_FR","og_type":"article","og_title":"La valeur sacr\u00e9e des soins envers un corps destin\u00e9 au ciel","og_description":"D\u00e9couvrez comment le soin quotidien des malades prend un sens profond d'\u00e9ternit\u00e9 et de dignit\u00e9 par la compassion.","og_url":"https:\/\/spaziospadoni.org\/fr\/la-valeur-sacree-des-soins-gestes-et-regards-vers-un-corps-destine-au-ciel\/","og_site_name":"spazio + spadoni","article_publisher":"https:\/\/www.facebook.com\/SpazioSpadoni\/","article_published_time":"2026-08-15T17:00:00+00:00","og_image":[{"width":1280,"height":853,"url":"https:\/\/spaziospadoni.org\/wp-content\/uploads\/2026\/08\/cura-assistenza-anziana.webp","type":"image\/webp"}],"author":"Redazione","twitter_card":"summary_large_image","twitter_misc":{"\u00c9crit par":"R\u00e9daction","Est. reading time":"3 minutes"},"schema":{"@context":"https:\/\/schema.org","@graph":[{"@type":"Article","@id":"https:\/\/spaziospadoni.org\/fr\/la-valeur-sacree-des-soins-gestes-et-regards-vers-un-corps-destine-au-ciel\/#article","isPartOf":{"@id":"https:\/\/spaziospadoni.org\/fr\/la-valeur-sacree-des-soins-gestes-et-regards-vers-un-corps-destine-au-ciel\/"},"author":{"name":"Redazione","@id":"https:\/\/spaziospadoni.org\/fr\/#\/schema\/person\/411d7e71b4962bebf7ac6c70acc9a7bc"},"headline":"La valeur sacr\u00e9e des soins: gestes et regards vers un corps destin\u00e9 au Ciel","datePublished":"2026-08-15T17:00:00+00:00","mainEntityOfPage":{"@id":"https:\/\/spaziospadoni.org\/fr\/la-valeur-sacree-des-soins-gestes-et-regards-vers-un-corps-destine-au-ciel\/"},"wordCount":501,"publisher":{"@id":"https:\/\/spaziospadoni.org\/fr\/#organization"},"image":{"@id":"https:\/\/spaziospadoni.org\/fr\/la-valeur-sacree-des-soins-gestes-et-regards-vers-un-corps-destine-au-ciel\/#primaryimage"},"thumbnailUrl":"https:\/\/spaziospadoni.org\/wp-content\/uploads\/2026\/08\/cura-assistenza-anziana.webp","keywords":["embauche Maria","malade","Personnes \u00e2g\u00e9es","soin","Visiter les malades"],"articleSection":["Notizie dal Mondo"],"inLanguage":"fr-FR"},{"@type":"WebPage","@id":"https:\/\/spaziospadoni.org\/fr\/la-valeur-sacree-des-soins-gestes-et-regards-vers-un-corps-destine-au-ciel\/","url":"https:\/\/spaziospadoni.org\/fr\/la-valeur-sacree-des-soins-gestes-et-regards-vers-un-corps-destine-au-ciel\/","name":"La valeur sacr\u00e9e des soins envers un corps destin\u00e9 au ciel","isPartOf":{"@id":"https:\/\/spaziospadoni.org\/fr\/#website"},"primaryImageOfPage":{"@id":"https:\/\/spaziospadoni.org\/fr\/la-valeur-sacree-des-soins-gestes-et-regards-vers-un-corps-destine-au-ciel\/#primaryimage"},"image":{"@id":"https:\/\/spaziospadoni.org\/fr\/la-valeur-sacree-des-soins-gestes-et-regards-vers-un-corps-destine-au-ciel\/#primaryimage"},"thumbnailUrl":"https:\/\/spaziospadoni.org\/wp-content\/uploads\/2026\/08\/cura-assistenza-anziana.webp","datePublished":"2026-08-15T17:00:00+00:00","description":"D\u00e9couvrez comment le soin quotidien des malades prend un sens profond d'\u00e9ternit\u00e9 et de dignit\u00e9 par la compassion.","breadcrumb":{"@id":"https:\/\/spaziospadoni.org\/fr\/la-valeur-sacree-des-soins-gestes-et-regards-vers-un-corps-destine-au-ciel\/#breadcrumb"},"inLanguage":"fr-FR","potentialAction":[{"@type":"ReadAction","target":["https:\/\/spaziospadoni.org\/fr\/la-valeur-sacree-des-soins-gestes-et-regards-vers-un-corps-destine-au-ciel\/"]}]},{"@type":"ImageObject","inLanguage":"fr-FR","@id":"https:\/\/spaziospadoni.org\/fr\/la-valeur-sacree-des-soins-gestes-et-regards-vers-un-corps-destine-au-ciel\/#primaryimage","url":"https:\/\/spaziospadoni.org\/wp-content\/uploads\/2026\/08\/cura-assistenza-anziana.webp","contentUrl":"https:\/\/spaziospadoni.org\/wp-content\/uploads\/2026\/08\/cura-assistenza-anziana.webp","width":1280,"height":853,"caption":"Prendre soin des personnes \u00e2g\u00e9es et les accompagner est un geste commun \u00e0 toutes les cultures."},{"@type":"BreadcrumbList","@id":"https:\/\/spaziospadoni.org\/fr\/la-valeur-sacree-des-soins-gestes-et-regards-vers-un-corps-destine-au-ciel\/#breadcrumb","itemListElement":[{"@type":"ListItem","position":1,"name":"Home","item":"https:\/\/spaziospadoni.org\/fr\/"},{"@type":"ListItem","position":2,"name":"La valeur sacr\u00e9e des soins: gestes et regards vers un corps destin\u00e9 au Ciel"}]},{"@type":"WebSite","@id":"https:\/\/spaziospadoni.org\/fr\/#website","url":"https:\/\/spaziospadoni.org\/fr\/","name":"spazio + spadoni","description":"Generazione di misericordia e missione nel mondo","publisher":{"@id":"https:\/\/spaziospadoni.org\/fr\/#organization"},"alternateName":"spaziospadoni.org","potentialAction":[{"@type":"SearchAction","target":{"@type":"EntryPoint","urlTemplate":"https:\/\/spaziospadoni.org\/fr\/?s={search_term_string}"},"query-input":{"@type":"PropertyValueSpecification","valueRequired":true,"valueName":"search_term_string"}}],"inLanguage":"fr-FR"},{"@type":"Organization","@id":"https:\/\/spaziospadoni.org\/fr\/#organization","name":"spazio + spadoni","alternateName":"spaziospadoni.org","url":"https:\/\/spaziospadoni.org\/fr\/","logo":{"@type":"ImageObject","inLanguage":"fr-FR","@id":"https:\/\/spaziospadoni.org\/fr\/#\/schema\/logo\/image\/","url":"https:\/\/spaziospadoni.org\/wp-content\/uploads\/2026\/05\/spazio-spadoni-logo-100x100-1.webp","contentUrl":"https:\/\/spaziospadoni.org\/wp-content\/uploads\/2026\/05\/spazio-spadoni-logo-100x100-1.webp","width":100,"height":100,"caption":"spazio + spadoni"},"image":{"@id":"https:\/\/spaziospadoni.org\/fr\/#\/schema\/logo\/image\/"},"sameAs":["https:\/\/www.facebook.com\/SpazioSpadoni\/","https:\/\/www.instagram.com\/spaziospadoni\/","https:\/\/www.youtube.com\/@spaziospadoni\/playlists"]},{"@type":"Person","@id":"https:\/\/spaziospadoni.org\/fr\/#\/schema\/person\/411d7e71b4962bebf7ac6c70acc9a7bc","name":"Redazione","image":{"@type":"ImageObject","inLanguage":"fr-FR","@id":"https:\/\/secure.gravatar.com\/avatar\/2ba413b4dca69409b680ae806ab0dce8a38d5d2cc2123a96af7bbbee33a5742e?s=96&d=mm&r=g","url":"https:\/\/secure.gravatar.com\/avatar\/2ba413b4dca69409b680ae806ab0dce8a38d5d2cc2123a96af7bbbee33a5742e?s=96&d=mm&r=g","contentUrl":"https:\/\/secure.gravatar.com\/avatar\/2ba413b4dca69409b680ae806ab0dce8a38d5d2cc2123a96af7bbbee33a5742e?s=96&d=mm&r=g","caption":"Redazione"},"url":"https:\/\/spaziospadoni.org\/fr\/author\/redazione\/"}]}},"_links":{"self":[{"href":"https:\/\/spaziospadoni.org\/fr\/wp-json\/wp\/v2\/posts\/90151","targetHints":{"allow":["GET"]}}],"collection":[{"href":"https:\/\/spaziospadoni.org\/fr\/wp-json\/wp\/v2\/posts"}],"about":[{"href":"https:\/\/spaziospadoni.org\/fr\/wp-json\/wp\/v2\/types\/post"}],"author":[{"embeddable":true,"href":"https:\/\/spaziospadoni.org\/fr\/wp-json\/wp\/v2\/users\/39"}],"replies":[{"embeddable":true,"href":"https:\/\/spaziospadoni.org\/fr\/wp-json\/wp\/v2\/comments?post=90151"}],"version-history":[{"count":1,"href":"https:\/\/spaziospadoni.org\/fr\/wp-json\/wp\/v2\/posts\/90151\/revisions"}],"predecessor-version":[{"id":90152,"href":"https:\/\/spaziospadoni.org\/fr\/wp-json\/wp\/v2\/posts\/90151\/revisions\/90152"}],"wp:featuredmedia":[{"embeddable":true,"href":"https:\/\/spaziospadoni.org\/fr\/wp-json\/wp\/v2\/media\/90150"}],"wp:attachment":[{"href":"https:\/\/spaziospadoni.org\/fr\/wp-json\/wp\/v2\/media?parent=90151"}],"wp:term":[{"taxonomy":"category","embeddable":true,"href":"https:\/\/spaziospadoni.org\/fr\/wp-json\/wp\/v2\/categories?post=90151"},{"taxonomy":"post_tag","embeddable":true,"href":"https:\/\/spaziospadoni.org\/fr\/wp-json\/wp\/v2\/tags?post=90151"}],"curies":[{"name":"wp","href":"https:\/\/api.w.org\/{rel}","templated":true}]}}