{"id":90179,"date":"2026-08-19T07:20:00","date_gmt":"2026-08-19T06:20:00","guid":{"rendered":"https:\/\/spaziospadoni.org\/?p=90179"},"modified":"2026-08-17T11:33:54","modified_gmt":"2026-08-17T10:33:54","slug":"afrique-congo-la-guerre-sans-fin-et-les-projets-despoir-pour-les-enfants","status":"publish","type":"post","link":"https:\/\/spaziospadoni.org\/fr\/afrique-congo-la-guerre-sans-fin-et-les-projets-despoir-pour-les-enfants\/","title":{"rendered":"Afrique, Congo | La guerre sans fin et les projets d&rsquo;espoir pour les enfants"},"content":{"rendered":"\n<p class=\"wp-block-paragraph\">Une guerre sans fin ! Selon les sp\u00e9cialistes des conflits internationaux, une guerre ouverte ne peut \u00eatre consid\u00e9r\u00e9e comme v\u00e9ritablement achev\u00e9e que lorsque sa fin est officiellement d\u00e9clar\u00e9e. Au Congo, cette d\u00e9claration n&rsquo;est jamais intervenue. Apr\u00e8s pr\u00e8s de trente ans de conflits, la guerre est devenue, pour beaucoup, une dramatique normalit\u00e9.<\/p>\n\n\n\n<p class=\"wp-block-paragraph\">Pendant les p\u00e9riodes d&rsquo;accalmie, les jeunes reprennent le chemin de l&rsquo;\u00e9cole et certaines activit\u00e9s \u00e9conomiques et sociales red\u00e9marrent. La population doit continuer \u00e0 vivre malgr\u00e9 l&rsquo;ins\u00e9curit\u00e9 et la violence.<\/p>\n\n\n\n<p class=\"wp-block-paragraph\">Le conflit commence officiellement en 1996 avec la guerre de lib\u00e9ration men\u00e9e par l&rsquo;AFDL (Alliance des Forces D\u00e9mocratiques pour la Lib\u00e9ration du Congo), sous la direction de Laurent-D\u00e9sir\u00e9 Kabila. La r\u00e9bellion re\u00e7oit \u00e9galement l&rsquo;appui de pays limitrophes comme l&rsquo;Ouganda, le Rwanda et le Burundi.<\/p>\n\n\n\n<p class=\"wp-block-paragraph\">En 1998 \u00e9clate une nouvelle r\u00e9bellion contre Laurent-D\u00e9sir\u00e9 Kabila : la guerre du RCD (Rassemblement Congolais pour la D\u00e9mocratie), appuy\u00e9 par le MLC (Mouvement de Lib\u00e9ration du Congo) de Jean-Pierre Bemba. Entre 2006 et 2009 se d\u00e9veloppe la r\u00e9bellion du CNDP, dirig\u00e9e par Laurent Nkunda. En 2012 appara\u00eet le mouvement M23 (Mouvement du 23 mars).<\/p>\n\n\n\n<p class=\"wp-block-paragraph\">Outre les principaux mouvements rebelles \u2014 AFDL, RCD, CNDP, M23, ADF et CODECO \u2014 de nombreux autres groupes arm\u00e9s op\u00e8rent dans le pays, particuli\u00e8rement dans les r\u00e9gions orientales. L&rsquo;autorit\u00e9 de l&rsquo;\u00c9tat demeure fragile sur de vastes territoires. Pour les habitants, cela implique un quotidien plong\u00e9 dans l&rsquo;incertitude, avec une s\u00e9curit\u00e9 personnelle et familiale constamment menac\u00e9e.<\/p>\n\n\n\n<h2 id=\"une-population-appauvrie-par-la-guerre\" class=\"wp-block-heading\">Une population appauvrie par la guerre<\/h2>\n\n\n\n<p class=\"wp-block-paragraph\">Aux c\u00f4t\u00e9s de la r\u00e9silience, un sentiment de r\u00e9signation a gagn\u00e9 la population. Pour beaucoup, envisager un retour \u00e0 la normale est devenu difficile. Chacun tente simplement de faire son possible pour subvenir aux besoins des siens.<\/p>\n\n\n\n<p class=\"wp-block-paragraph\">La pauvret\u00e9 \u00e9tait d\u00e9j\u00e0 tr\u00e8s pr\u00e9sente avant l&rsquo;intensification des affrontements. Les revenus de nombreux travailleurs restaient minimes : un enseignant pouvait par exemple toucher environ 100 dollars par mois, alors que les r\u00e9tributions des repr\u00e9sentants politiques atteignaient des sommes consid\u00e9rablement plus \u00e9lev\u00e9es. Cette forte disparit\u00e9 nourrit un sentiment d&rsquo;injustice et d&rsquo;abandon au sein de la population.<\/p>\n\n\n\n<p class=\"wp-block-paragraph\">Le ch\u00f4mage est \u00e9lev\u00e9 et les d\u00e9bouch\u00e9s professionnels sont rares. Dans ce contexte, de nombreuses femmes prennent des initiatives et d\u00e9veloppent de petits commerces ou des activit\u00e9s de subsistance pour faire vivre leur foyer.<\/p>\n\n\n\n<p class=\"wp-block-paragraph\">Afin d&rsquo;\u00e9pauler ces actions, nous avons soutenu l&rsquo;organisation des femmes au sein de groupes appel\u00e9s AVEC (Association Villageoise d\u2019\u00c9pargne et de Cr\u00e9dit), \u00e0 travers lesquels elles peuvent acc\u00e9der, selon les fonds disponibles, \u00e0 de petits financements. Certaines s&rsquo;orientent vers le petit commerce, d&rsquo;autres vers l&rsquo;agriculture ou le petit \u00e9levage de lapins, poulets et porcs. Ces activit\u00e9s simples repr\u00e9sentent pour de multiples familles une voie concr\u00e8te vers la subsistance et l&rsquo;autonomie \u00e9conomique.<\/p>\n\n\n\n<h2 id=\"la-mission-sur-une-terre-de-conflit\" class=\"wp-block-heading\">La mission sur une terre de conflit<\/h2>\n\n\n\n<p class=\"wp-block-paragraph\">L&rsquo;engagement pastoral est devenu particuli\u00e8rement p\u00e9rilleux dans plusieurs zones du Congo, notamment dans l&rsquo;est du pays o\u00f9 le contr\u00f4le du territoire fait l&rsquo;objet de luttes constantes entre forces r\u00e9guli\u00e8res et groupes arm\u00e9s.<\/p>\n\n\n\n<p class=\"wp-block-paragraph\">Mon parcours personnel en constitue un t\u00e9moignage direct. J&rsquo;enseigne au Grand S\u00e9minaire Interdioc\u00e9sain de Th\u00e9ologie Saint-Pie X de Murhesa, dans l&rsquo;Archidioc\u00e8se de Bukavu, une zone marqu\u00e9e par la pr\u00e9sence du mouvement M23. Mon propre dioc\u00e8se, celui d&rsquo;Uvira, se trouve scind\u00e9 entre secteurs contr\u00f4l\u00e9s par la r\u00e9bellion et territoires sous autorit\u00e9 gouvernementale. Circuler d&rsquo;une zone \u00e0 l&rsquo;autre demeure complexe et dangereux. Le s\u00e9minaire lui-m\u00eame \u00e9volue dans un \u00e9quilibre pr\u00e9caire, entour\u00e9 de forces antagonistes, dont le M23 et les Wazalendo. Il n&rsquo;est pas toujours possible de s&rsquo;exprimer librement sur le contexte politique et militaire. Nous devons faire preuve de fermet\u00e9 spirituelle et morale, d&rsquo;abord pour nous-m\u00eames, mais surtout pour les jeunes s\u00e9minaristes confront\u00e9s \u00e0 la peur et aux bruits d&rsquo;explosions.<\/p>\n\n\n\n<h2 id=\"les-enfants-premieres-victimes\" class=\"wp-block-heading\">Les enfants, premi\u00e8res victimes<\/h2>\n\n\n\n<p class=\"wp-block-paragraph\">Dans cet environnement troubl\u00e9, les enfants constituent les victimes les plus fragiles de la guerre. Les violences interrompent leur scolarit\u00e9, divisent les foyers, aggravent la pr\u00e9carit\u00e9 et forcent nombre d&rsquo;entre eux \u00e0 m\u00fbrir pr\u00e9matur\u00e9ment.<\/p>\n\n\n\n<p class=\"wp-block-paragraph\">Pour un enfant, s&rsquo;instruire devrait \u00eatre un droit naturel et inali\u00e9nable. En zone de conflit, la tenue des cours d\u00e9pend des combats et des mouvements de troupes. La pauvret\u00e9 accentue cette exclusion : orphelins, m\u00e8res c\u00e9libataires et enfants issus de foyers vuln\u00e9rables risquent d&rsquo;\u00eatre priv\u00e9s d&rsquo;instruction. C&rsquo;est pr\u00e9cis\u00e9ment \u00e0 leur intention que nous concentrons nos efforts prioritaires.<\/p>\n\n\n\n<h2 id=\"nos-projets\" class=\"wp-block-heading\">Nos projets<\/h2>\n\n\n\n<p class=\"wp-block-paragraph\">\u00c0 travers l&rsquo;association italienne Mapendo Uvira ODV, dont je suis membre et cofondateur, et en partenariat avec l&rsquo;Association Cha\u00eene de Membre \u00e9tablie \u00e0 Uvira, nous menons plusieurs actions de solidarit\u00e9 envers la jeunesse et les familles \u00e9prouv\u00e9es :<\/p>\n\n\n\n<ul class=\"wp-block-list\">\n<li><strong>Parrainage scolaire \u00e0 distance :<\/strong> Nous soutenons la scolarisation d&rsquo;enfants confront\u00e9s \u00e0 de lourdes \u00e9preuves : orphelins, jeunes m\u00e8res et mineurs issus de milieux tr\u00e8s modestes. Avec 120 euros par an, nous veillons \u00e0 financer le mat\u00e9riel p\u00e9dagogique, l&rsquo;uniforme, les frais d&rsquo;inscription et autres charges scolaires. M\u00eame une contribution modeste permet \u00e0 un enfant de poursuivre son apprentissage.<\/li>\n\n\n\n<li><strong>Projet Excellentia :<\/strong> Plusieurs de nos \u00e9l\u00e8ves ach\u00e8vent le cycle secondaire avec d&rsquo;excellents r\u00e9sultats. Nous tenons \u00e0 les accompagner au moment d\u00e9cisif de leur orientation. Le projet Excellentia guide ces \u00e9tudiants vers les \u00e9tudes sup\u00e9rieures, notamment gr\u00e2ce aux collectes solidaires. Avec environ 550 euros par an, il devient possible de financer les \u00e9tudes d&rsquo;un jeune et de lui offrir un avenir professionnel digne.<\/li>\n\n\n\n<li><strong>R\u00e9novation des infrastructures scolaires :<\/strong> Nos \u00e9l\u00e8ves fr\u00e9quentent des \u00e9tablissements publics et priv\u00e9s. Beaucoup de ces structures manquent d&rsquo;\u00e9quipements de base : pupitres, rev\u00eatements ad\u00e9quats, sanitaires et supports didactiques. Nous avons r\u00e9nov\u00e9 int\u00e9gralement l&rsquo;\u00e9cole de Nyamianda et fourni des bancs pour chaque classe. Agir pour l&rsquo;\u00e9cole, c&rsquo;est investir durablement dans l&rsquo;avenir de la jeunesse et de la nation.<\/li>\n\n\n\n<li><strong>Atelier de couture professionnelle :<\/strong> Un programme sp\u00e9cifique est d\u00e9di\u00e9 aux jeunes m\u00e8res en difficult\u00e9. Nous avons mis en place des formations professionnelles en couture et fourni des machines \u00e0 coudre. L&rsquo;objectif est d&rsquo;offrir une comp\u00e9tence technique permettant d&rsquo;acqu\u00e9rir une autonomie financi\u00e8re et de subvenir aux besoins des enfants. Un don de 170 euros finance une machine compl\u00e8te avec ses accessoires.<\/li>\n\n\n\n<li><strong>Projet \u00ab Adopte un s\u00e9minariste \u00bb :<\/strong> Nomm\u00e9 Vicaire \u00e9piscopal charg\u00e9 de la formation et de l&rsquo;accompagnement des futurs pr\u00eatres, j&rsquo;ai constat\u00e9 les nombreuses contraintes pesant sur le parcours des s\u00e9minaristes. Les frais de transport et les soins m\u00e9dicaux sp\u00e9cialis\u00e9s, autrefois pris en charge par le dioc\u00e8se, incombent d\u00e9sormais \u00e0 des familles tr\u00e8s \u00e9prouv\u00e9es par les tensions \u00e9conomiques et la guerre. Le projet \u00ab Adopte un s\u00e9minariste \u00bb permet, avec 200 euros par an, de subvenir aux frais essentiels d&rsquo;un candidat au sacerdoce.<\/li>\n<\/ul>\n\n\n\n<h2 id=\"ne-pas-laisser-la-guerre-decider-de-lavenir-des-enfants\" class=\"wp-block-heading\">Ne pas laisser la guerre d\u00e9cider de l&rsquo;avenir des enfants<\/h2>\n\n\n\n<p class=\"wp-block-paragraph\">Le conflit en R\u00e9publique D\u00e9mocratique du Congo ne se r\u00e9sume pas \u00e0 sa dimension militaire. Il porte le visage des \u00e9coliers priv\u00e9s de classe, des familles d\u00e9plac\u00e9es, des m\u00e8res qui luttent pour nourrir leurs proches et de jeunes dont les esp\u00e9rances s&rsquo;\u00e9rodent.<\/p>\n\n\n\n<p class=\"wp-block-paragraph\">C&rsquo;est pourquoi nous restons convaincus que l&rsquo;\u00e9cole, la formation professionnelle, l&rsquo;universit\u00e9 et l&rsquo;appui aux familles sont des instruments concrets de consolidation de la paix.<\/p>\n\n\n\n<p class=\"wp-block-paragraph\">La guerre peut d\u00e9truire des b\u00e2timents et bouleverser le quotidien. Elle ne doit pas confisquer l&rsquo;esp\u00e9rance d&rsquo;une g\u00e9n\u00e9ration.<\/p>\n\n\n\n<p class=\"wp-block-paragraph\">Nous poursuivons notre engagement aupr\u00e8s des enfants, des jeunes et des familles du Congo.<\/p>\n\n\n\n<p class=\"wp-block-paragraph\"><em>Don Tacite MULONDA ITULAMYA<br>mulondaitulamya@yahoo.fr<br>T\u00e9l. +393512425438<\/em><\/p>\n\n\n\n<p class=\"wp-block-paragraph\"><strong>Photo du p\u00e8re Tacite Mulonda Itulamya<\/strong><\/p>\n\n\n\n<p class=\"wp-block-paragraph\"><\/p>\n","protected":false},"excerpt":{"rendered":"<p>Une guerre sans fin ! Selon les sp\u00e9cialistes des conflits internationaux, une guerre ouverte ne peut \u00eatre consid\u00e9r\u00e9e comme v\u00e9ritablement achev\u00e9e que lorsque sa fin est officiellement d\u00e9clar\u00e9e. Au Congo, cette d\u00e9claration n&rsquo;est jamais intervenue. Apr\u00e8s pr\u00e8s de trente ans de conflits, la guerre est devenue, pour beaucoup, une dramatique normalit\u00e9. Pendant les p\u00e9riodes d&rsquo;accalmie, &#8230; <a title=\"Afrique, Congo | La guerre sans fin et les projets d&rsquo;espoir pour les enfants\" class=\"read-more\" href=\"https:\/\/spaziospadoni.org\/fr\/afrique-congo-la-guerre-sans-fin-et-les-projets-despoir-pour-les-enfants\/\" aria-label=\"Read more about Afrique, Congo | La guerre sans fin et les projets d&rsquo;espoir pour les enfants\">Lire plus<\/a><\/p>\n","protected":false},"author":39,"featured_media":90178,"comment_status":"closed","ping_status":"closed","sticky":false,"template":"","format":"standard","meta":{"_sitemap_exclude":false,"_sitemap_priority":"","_sitemap_frequency":"","ss_featured_image_title":"","ss_featured_image_alt":"Enfants dans un Congo en guerre","ss_featured_image_caption":"RDC \u2013 En file pour puiser de l\u2019eau \u00e0 Kamanyola, pr\u00e8s de la paroisse o\u00f9 se trouve le puits","footnotes":""},"categories":[2468],"tags":[3048,4038,2719,2568,2606],"class_list":["post-90179","post","type-post","status-publish","format-standard","has-post-thumbnail","hentry","category-actualites-du-monde","tag-education-fr-96","tag-enfants-africains","tag-guerre-fr","tag-mission","tag-republique-democratique-du-congo","infinite-scroll-item","generate-columns","tablet-grid-50","mobile-grid-100","grid-parent","grid-50"],"yoast_head":"<!-- This site is optimized with the Yoast SEO plugin v28.4 - https:\/\/yoast.com\/product\/yoast-seo-wordpress\/ -->\n<title>Afrique, Congo | \u00c9duquer pour sauver l&#039;avenir des enfants<\/title>\n<meta name=\"description\" content=\"Au Congo la guerre menace les enfants. D\u00e9couvrez les projets \u00e9ducatifs et de solidarit\u00e9 pour pr\u00e9server leur avenir.\" \/>\n<meta name=\"robots\" content=\"index, follow, max-snippet:-1, max-image-preview:large, max-video-preview:-1\" \/>\n<link rel=\"canonical\" href=\"https:\/\/spaziospadoni.org\/fr\/afrique-congo-la-guerre-sans-fin-et-les-projets-despoir-pour-les-enfants\/\" \/>\n<meta property=\"og:locale\" content=\"fr_FR\" \/>\n<meta property=\"og:type\" content=\"article\" \/>\n<meta property=\"og:title\" content=\"Afrique, Congo | \u00c9duquer pour sauver l&#039;avenir des enfants\" \/>\n<meta property=\"og:description\" content=\"Au Congo la guerre menace les enfants. D\u00e9couvrez les projets \u00e9ducatifs et de solidarit\u00e9 pour pr\u00e9server leur avenir.\" \/>\n<meta property=\"og:url\" content=\"https:\/\/spaziospadoni.org\/fr\/afrique-congo-la-guerre-sans-fin-et-les-projets-despoir-pour-les-enfants\/\" \/>\n<meta property=\"og:site_name\" content=\"spazio + spadoni\" \/>\n<meta property=\"article:publisher\" content=\"https:\/\/www.facebook.com\/SpazioSpadoni\/\" \/>\n<meta property=\"article:published_time\" content=\"2026-08-19T06:20:00+00:00\" \/>\n<meta property=\"og:image\" content=\"https:\/\/spaziospadoni.org\/wp-content\/uploads\/2026\/08\/congo-guerra-bambini.webp\" \/>\n\t<meta property=\"og:image:width\" content=\"1200\" \/>\n\t<meta property=\"og:image:height\" content=\"800\" \/>\n\t<meta property=\"og:image:type\" content=\"image\/webp\" \/>\n<meta name=\"author\" content=\"Redazione\" \/>\n<meta name=\"twitter:card\" content=\"summary_large_image\" \/>\n<meta name=\"twitter:label1\" content=\"\u00c9crit par\" \/>\n\t<meta name=\"twitter:data1\" content=\"R\u00e9daction\" \/>\n\t<meta name=\"twitter:label2\" content=\"Est. reading time\" \/>\n\t<meta name=\"twitter:data2\" content=\"7 minutes\" \/>\n<script type=\"application\/ld+json\" class=\"yoast-schema-graph\">{\"@context\":\"https:\\\/\\\/schema.org\",\"@graph\":[{\"@type\":\"Article\",\"@id\":\"https:\\\/\\\/spaziospadoni.org\\\/fr\\\/afrique-congo-la-guerre-sans-fin-et-les-projets-despoir-pour-les-enfants\\\/#article\",\"isPartOf\":{\"@id\":\"https:\\\/\\\/spaziospadoni.org\\\/fr\\\/afrique-congo-la-guerre-sans-fin-et-les-projets-despoir-pour-les-enfants\\\/\"},\"author\":{\"name\":\"Redazione\",\"@id\":\"https:\\\/\\\/spaziospadoni.org\\\/fr\\\/#\\\/schema\\\/person\\\/411d7e71b4962bebf7ac6c70acc9a7bc\"},\"headline\":\"Afrique, Congo | La guerre sans fin et les projets d&rsquo;espoir pour les enfants\",\"datePublished\":\"2026-08-19T06:20:00+00:00\",\"mainEntityOfPage\":{\"@id\":\"https:\\\/\\\/spaziospadoni.org\\\/fr\\\/afrique-congo-la-guerre-sans-fin-et-les-projets-despoir-pour-les-enfants\\\/\"},\"wordCount\":1353,\"publisher\":{\"@id\":\"https:\\\/\\\/spaziospadoni.org\\\/fr\\\/#organization\"},\"image\":{\"@id\":\"https:\\\/\\\/spaziospadoni.org\\\/fr\\\/afrique-congo-la-guerre-sans-fin-et-les-projets-despoir-pour-les-enfants\\\/#primaryimage\"},\"thumbnailUrl\":\"https:\\\/\\\/spaziospadoni.org\\\/wp-content\\\/uploads\\\/2026\\\/08\\\/congo-guerra-bambini.webp\",\"keywords\":[\"\u00c9ducation\",\"Enfants africains\",\"Guerre\",\"Mission\",\"R\u00e9publique d\u00e9mocratique du Congo\"],\"articleSection\":[\"Actualit\u00e9s du monde\"],\"inLanguage\":\"fr-FR\"},{\"@type\":\"WebPage\",\"@id\":\"https:\\\/\\\/spaziospadoni.org\\\/fr\\\/afrique-congo-la-guerre-sans-fin-et-les-projets-despoir-pour-les-enfants\\\/\",\"url\":\"https:\\\/\\\/spaziospadoni.org\\\/fr\\\/afrique-congo-la-guerre-sans-fin-et-les-projets-despoir-pour-les-enfants\\\/\",\"name\":\"Afrique, Congo | \u00c9duquer pour sauver l'avenir des enfants\",\"isPartOf\":{\"@id\":\"https:\\\/\\\/spaziospadoni.org\\\/fr\\\/#website\"},\"primaryImageOfPage\":{\"@id\":\"https:\\\/\\\/spaziospadoni.org\\\/fr\\\/afrique-congo-la-guerre-sans-fin-et-les-projets-despoir-pour-les-enfants\\\/#primaryimage\"},\"image\":{\"@id\":\"https:\\\/\\\/spaziospadoni.org\\\/fr\\\/afrique-congo-la-guerre-sans-fin-et-les-projets-despoir-pour-les-enfants\\\/#primaryimage\"},\"thumbnailUrl\":\"https:\\\/\\\/spaziospadoni.org\\\/wp-content\\\/uploads\\\/2026\\\/08\\\/congo-guerra-bambini.webp\",\"datePublished\":\"2026-08-19T06:20:00+00:00\",\"description\":\"Au Congo la guerre menace les enfants. D\u00e9couvrez les projets \u00e9ducatifs et de solidarit\u00e9 pour pr\u00e9server leur avenir.\",\"breadcrumb\":{\"@id\":\"https:\\\/\\\/spaziospadoni.org\\\/fr\\\/afrique-congo-la-guerre-sans-fin-et-les-projets-despoir-pour-les-enfants\\\/#breadcrumb\"},\"inLanguage\":\"fr-FR\",\"potentialAction\":[{\"@type\":\"ReadAction\",\"target\":[\"https:\\\/\\\/spaziospadoni.org\\\/fr\\\/afrique-congo-la-guerre-sans-fin-et-les-projets-despoir-pour-les-enfants\\\/\"]}]},{\"@type\":\"ImageObject\",\"inLanguage\":\"fr-FR\",\"@id\":\"https:\\\/\\\/spaziospadoni.org\\\/fr\\\/afrique-congo-la-guerre-sans-fin-et-les-projets-despoir-pour-les-enfants\\\/#primaryimage\",\"url\":\"https:\\\/\\\/spaziospadoni.org\\\/wp-content\\\/uploads\\\/2026\\\/08\\\/congo-guerra-bambini.webp\",\"contentUrl\":\"https:\\\/\\\/spaziospadoni.org\\\/wp-content\\\/uploads\\\/2026\\\/08\\\/congo-guerra-bambini.webp\",\"width\":1200,\"height\":800,\"caption\":\"RDC \u2013 En file pour puiser de l\u2019eau \u00e0 Kamanyola, pr\u00e8s de la paroisse o\u00f9 se trouve le puits\"},{\"@type\":\"BreadcrumbList\",\"@id\":\"https:\\\/\\\/spaziospadoni.org\\\/fr\\\/afrique-congo-la-guerre-sans-fin-et-les-projets-despoir-pour-les-enfants\\\/#breadcrumb\",\"itemListElement\":[{\"@type\":\"ListItem\",\"position\":1,\"name\":\"Home\",\"item\":\"https:\\\/\\\/spaziospadoni.org\\\/fr\\\/\"},{\"@type\":\"ListItem\",\"position\":2,\"name\":\"Afrique, Congo | La guerre sans fin et les projets d&#8217;espoir pour les enfants\"}]},{\"@type\":\"WebSite\",\"@id\":\"https:\\\/\\\/spaziospadoni.org\\\/fr\\\/#website\",\"url\":\"https:\\\/\\\/spaziospadoni.org\\\/fr\\\/\",\"name\":\"spazio + spadoni\",\"description\":\"Generazione di misericordia e missione nel mondo\",\"publisher\":{\"@id\":\"https:\\\/\\\/spaziospadoni.org\\\/fr\\\/#organization\"},\"alternateName\":\"spaziospadoni.org\",\"potentialAction\":[{\"@type\":\"SearchAction\",\"target\":{\"@type\":\"EntryPoint\",\"urlTemplate\":\"https:\\\/\\\/spaziospadoni.org\\\/fr\\\/?s={search_term_string}\"},\"query-input\":{\"@type\":\"PropertyValueSpecification\",\"valueRequired\":true,\"valueName\":\"search_term_string\"}}],\"inLanguage\":\"fr-FR\"},{\"@type\":\"Organization\",\"@id\":\"https:\\\/\\\/spaziospadoni.org\\\/fr\\\/#organization\",\"name\":\"spazio + spadoni\",\"alternateName\":\"spaziospadoni.org\",\"url\":\"https:\\\/\\\/spaziospadoni.org\\\/fr\\\/\",\"logo\":{\"@type\":\"ImageObject\",\"inLanguage\":\"fr-FR\",\"@id\":\"https:\\\/\\\/spaziospadoni.org\\\/fr\\\/#\\\/schema\\\/logo\\\/image\\\/\",\"url\":\"https:\\\/\\\/spaziospadoni.org\\\/wp-content\\\/uploads\\\/2026\\\/05\\\/spazio-spadoni-logo-100x100-1.webp\",\"contentUrl\":\"https:\\\/\\\/spaziospadoni.org\\\/wp-content\\\/uploads\\\/2026\\\/05\\\/spazio-spadoni-logo-100x100-1.webp\",\"width\":100,\"height\":100,\"caption\":\"spazio + spadoni\"},\"image\":{\"@id\":\"https:\\\/\\\/spaziospadoni.org\\\/fr\\\/#\\\/schema\\\/logo\\\/image\\\/\"},\"sameAs\":[\"https:\\\/\\\/www.facebook.com\\\/SpazioSpadoni\\\/\",\"https:\\\/\\\/www.instagram.com\\\/spaziospadoni\\\/\",\"https:\\\/\\\/www.youtube.com\\\/@spaziospadoni\\\/playlists\"]},{\"@type\":\"Person\",\"@id\":\"https:\\\/\\\/spaziospadoni.org\\\/fr\\\/#\\\/schema\\\/person\\\/411d7e71b4962bebf7ac6c70acc9a7bc\",\"name\":\"Redazione\",\"image\":{\"@type\":\"ImageObject\",\"inLanguage\":\"fr-FR\",\"@id\":\"https:\\\/\\\/secure.gravatar.com\\\/avatar\\\/2ba413b4dca69409b680ae806ab0dce8a38d5d2cc2123a96af7bbbee33a5742e?s=96&d=mm&r=g\",\"url\":\"https:\\\/\\\/secure.gravatar.com\\\/avatar\\\/2ba413b4dca69409b680ae806ab0dce8a38d5d2cc2123a96af7bbbee33a5742e?s=96&d=mm&r=g\",\"contentUrl\":\"https:\\\/\\\/secure.gravatar.com\\\/avatar\\\/2ba413b4dca69409b680ae806ab0dce8a38d5d2cc2123a96af7bbbee33a5742e?s=96&d=mm&r=g\",\"caption\":\"Redazione\"},\"url\":\"https:\\\/\\\/spaziospadoni.org\\\/fr\\\/author\\\/redazione\\\/\"}]}<\/script>\n<!-- \/ Yoast SEO plugin. -->","yoast_head_json":{"title":"Afrique, Congo | \u00c9duquer pour sauver l'avenir des enfants","description":"Au Congo la guerre menace les enfants. D\u00e9couvrez les projets \u00e9ducatifs et de solidarit\u00e9 pour pr\u00e9server leur avenir.","robots":{"index":"index","follow":"follow","max-snippet":"max-snippet:-1","max-image-preview":"max-image-preview:large","max-video-preview":"max-video-preview:-1"},"canonical":"https:\/\/spaziospadoni.org\/fr\/afrique-congo-la-guerre-sans-fin-et-les-projets-despoir-pour-les-enfants\/","og_locale":"fr_FR","og_type":"article","og_title":"Afrique, Congo | \u00c9duquer pour sauver l'avenir des enfants","og_description":"Au Congo la guerre menace les enfants. D\u00e9couvrez les projets \u00e9ducatifs et de solidarit\u00e9 pour pr\u00e9server leur avenir.","og_url":"https:\/\/spaziospadoni.org\/fr\/afrique-congo-la-guerre-sans-fin-et-les-projets-despoir-pour-les-enfants\/","og_site_name":"spazio + spadoni","article_publisher":"https:\/\/www.facebook.com\/SpazioSpadoni\/","article_published_time":"2026-08-19T06:20:00+00:00","og_image":[{"width":1200,"height":800,"url":"https:\/\/spaziospadoni.org\/wp-content\/uploads\/2026\/08\/congo-guerra-bambini.webp","type":"image\/webp"}],"author":"Redazione","twitter_card":"summary_large_image","twitter_misc":{"\u00c9crit par":"R\u00e9daction","Est. reading time":"7 minutes"},"schema":{"@context":"https:\/\/schema.org","@graph":[{"@type":"Article","@id":"https:\/\/spaziospadoni.org\/fr\/afrique-congo-la-guerre-sans-fin-et-les-projets-despoir-pour-les-enfants\/#article","isPartOf":{"@id":"https:\/\/spaziospadoni.org\/fr\/afrique-congo-la-guerre-sans-fin-et-les-projets-despoir-pour-les-enfants\/"},"author":{"name":"Redazione","@id":"https:\/\/spaziospadoni.org\/fr\/#\/schema\/person\/411d7e71b4962bebf7ac6c70acc9a7bc"},"headline":"Afrique, Congo | La guerre sans fin et les projets d&rsquo;espoir pour les enfants","datePublished":"2026-08-19T06:20:00+00:00","mainEntityOfPage":{"@id":"https:\/\/spaziospadoni.org\/fr\/afrique-congo-la-guerre-sans-fin-et-les-projets-despoir-pour-les-enfants\/"},"wordCount":1353,"publisher":{"@id":"https:\/\/spaziospadoni.org\/fr\/#organization"},"image":{"@id":"https:\/\/spaziospadoni.org\/fr\/afrique-congo-la-guerre-sans-fin-et-les-projets-despoir-pour-les-enfants\/#primaryimage"},"thumbnailUrl":"https:\/\/spaziospadoni.org\/wp-content\/uploads\/2026\/08\/congo-guerra-bambini.webp","keywords":["\u00c9ducation","Enfants africains","Guerre","Mission","R\u00e9publique d\u00e9mocratique du Congo"],"articleSection":["Actualit\u00e9s du monde"],"inLanguage":"fr-FR"},{"@type":"WebPage","@id":"https:\/\/spaziospadoni.org\/fr\/afrique-congo-la-guerre-sans-fin-et-les-projets-despoir-pour-les-enfants\/","url":"https:\/\/spaziospadoni.org\/fr\/afrique-congo-la-guerre-sans-fin-et-les-projets-despoir-pour-les-enfants\/","name":"Afrique, Congo | \u00c9duquer pour sauver l'avenir des enfants","isPartOf":{"@id":"https:\/\/spaziospadoni.org\/fr\/#website"},"primaryImageOfPage":{"@id":"https:\/\/spaziospadoni.org\/fr\/afrique-congo-la-guerre-sans-fin-et-les-projets-despoir-pour-les-enfants\/#primaryimage"},"image":{"@id":"https:\/\/spaziospadoni.org\/fr\/afrique-congo-la-guerre-sans-fin-et-les-projets-despoir-pour-les-enfants\/#primaryimage"},"thumbnailUrl":"https:\/\/spaziospadoni.org\/wp-content\/uploads\/2026\/08\/congo-guerra-bambini.webp","datePublished":"2026-08-19T06:20:00+00:00","description":"Au Congo la guerre menace les enfants. D\u00e9couvrez les projets \u00e9ducatifs et de solidarit\u00e9 pour pr\u00e9server leur avenir.","breadcrumb":{"@id":"https:\/\/spaziospadoni.org\/fr\/afrique-congo-la-guerre-sans-fin-et-les-projets-despoir-pour-les-enfants\/#breadcrumb"},"inLanguage":"fr-FR","potentialAction":[{"@type":"ReadAction","target":["https:\/\/spaziospadoni.org\/fr\/afrique-congo-la-guerre-sans-fin-et-les-projets-despoir-pour-les-enfants\/"]}]},{"@type":"ImageObject","inLanguage":"fr-FR","@id":"https:\/\/spaziospadoni.org\/fr\/afrique-congo-la-guerre-sans-fin-et-les-projets-despoir-pour-les-enfants\/#primaryimage","url":"https:\/\/spaziospadoni.org\/wp-content\/uploads\/2026\/08\/congo-guerra-bambini.webp","contentUrl":"https:\/\/spaziospadoni.org\/wp-content\/uploads\/2026\/08\/congo-guerra-bambini.webp","width":1200,"height":800,"caption":"RDC \u2013 En file pour puiser de l\u2019eau \u00e0 Kamanyola, pr\u00e8s de la paroisse o\u00f9 se trouve le puits"},{"@type":"BreadcrumbList","@id":"https:\/\/spaziospadoni.org\/fr\/afrique-congo-la-guerre-sans-fin-et-les-projets-despoir-pour-les-enfants\/#breadcrumb","itemListElement":[{"@type":"ListItem","position":1,"name":"Home","item":"https:\/\/spaziospadoni.org\/fr\/"},{"@type":"ListItem","position":2,"name":"Afrique, Congo | La guerre sans fin et les projets d&#8217;espoir pour les enfants"}]},{"@type":"WebSite","@id":"https:\/\/spaziospadoni.org\/fr\/#website","url":"https:\/\/spaziospadoni.org\/fr\/","name":"spazio + spadoni","description":"Generazione di misericordia e missione nel mondo","publisher":{"@id":"https:\/\/spaziospadoni.org\/fr\/#organization"},"alternateName":"spaziospadoni.org","potentialAction":[{"@type":"SearchAction","target":{"@type":"EntryPoint","urlTemplate":"https:\/\/spaziospadoni.org\/fr\/?s={search_term_string}"},"query-input":{"@type":"PropertyValueSpecification","valueRequired":true,"valueName":"search_term_string"}}],"inLanguage":"fr-FR"},{"@type":"Organization","@id":"https:\/\/spaziospadoni.org\/fr\/#organization","name":"spazio + spadoni","alternateName":"spaziospadoni.org","url":"https:\/\/spaziospadoni.org\/fr\/","logo":{"@type":"ImageObject","inLanguage":"fr-FR","@id":"https:\/\/spaziospadoni.org\/fr\/#\/schema\/logo\/image\/","url":"https:\/\/spaziospadoni.org\/wp-content\/uploads\/2026\/05\/spazio-spadoni-logo-100x100-1.webp","contentUrl":"https:\/\/spaziospadoni.org\/wp-content\/uploads\/2026\/05\/spazio-spadoni-logo-100x100-1.webp","width":100,"height":100,"caption":"spazio + spadoni"},"image":{"@id":"https:\/\/spaziospadoni.org\/fr\/#\/schema\/logo\/image\/"},"sameAs":["https:\/\/www.facebook.com\/SpazioSpadoni\/","https:\/\/www.instagram.com\/spaziospadoni\/","https:\/\/www.youtube.com\/@spaziospadoni\/playlists"]},{"@type":"Person","@id":"https:\/\/spaziospadoni.org\/fr\/#\/schema\/person\/411d7e71b4962bebf7ac6c70acc9a7bc","name":"Redazione","image":{"@type":"ImageObject","inLanguage":"fr-FR","@id":"https:\/\/secure.gravatar.com\/avatar\/2ba413b4dca69409b680ae806ab0dce8a38d5d2cc2123a96af7bbbee33a5742e?s=96&d=mm&r=g","url":"https:\/\/secure.gravatar.com\/avatar\/2ba413b4dca69409b680ae806ab0dce8a38d5d2cc2123a96af7bbbee33a5742e?s=96&d=mm&r=g","contentUrl":"https:\/\/secure.gravatar.com\/avatar\/2ba413b4dca69409b680ae806ab0dce8a38d5d2cc2123a96af7bbbee33a5742e?s=96&d=mm&r=g","caption":"Redazione"},"url":"https:\/\/spaziospadoni.org\/fr\/author\/redazione\/"}]}},"_links":{"self":[{"href":"https:\/\/spaziospadoni.org\/fr\/wp-json\/wp\/v2\/posts\/90179","targetHints":{"allow":["GET"]}}],"collection":[{"href":"https:\/\/spaziospadoni.org\/fr\/wp-json\/wp\/v2\/posts"}],"about":[{"href":"https:\/\/spaziospadoni.org\/fr\/wp-json\/wp\/v2\/types\/post"}],"author":[{"embeddable":true,"href":"https:\/\/spaziospadoni.org\/fr\/wp-json\/wp\/v2\/users\/39"}],"replies":[{"embeddable":true,"href":"https:\/\/spaziospadoni.org\/fr\/wp-json\/wp\/v2\/comments?post=90179"}],"version-history":[{"count":3,"href":"https:\/\/spaziospadoni.org\/fr\/wp-json\/wp\/v2\/posts\/90179\/revisions"}],"predecessor-version":[{"id":90190,"href":"https:\/\/spaziospadoni.org\/fr\/wp-json\/wp\/v2\/posts\/90179\/revisions\/90190"}],"wp:featuredmedia":[{"embeddable":true,"href":"https:\/\/spaziospadoni.org\/fr\/wp-json\/wp\/v2\/media\/90178"}],"wp:attachment":[{"href":"https:\/\/spaziospadoni.org\/fr\/wp-json\/wp\/v2\/media?parent=90179"}],"wp:term":[{"taxonomy":"category","embeddable":true,"href":"https:\/\/spaziospadoni.org\/fr\/wp-json\/wp\/v2\/categories?post=90179"},{"taxonomy":"post_tag","embeddable":true,"href":"https:\/\/spaziospadoni.org\/fr\/wp-json\/wp\/v2\/tags?post=90179"}],"curies":[{"name":"wp","href":"https:\/\/api.w.org\/{rel}","templated":true}]}}