{"id":90398,"date":"2026-08-20T07:00:00","date_gmt":"2026-08-20T06:00:00","guid":{"rendered":"https:\/\/spaziospadoni.org\/?p=90398"},"modified":"2026-08-18T10:13:39","modified_gmt":"2026-08-18T09:13:39","slug":"afrique-republique-democratique-du-congo-au-coeur-des-conflits-nous-choisissons-le-dialogue-entretien-avec-destin-byandike","status":"publish","type":"post","link":"https:\/\/spaziospadoni.org\/fr\/afrique-republique-democratique-du-congo-au-coeur-des-conflits-nous-choisissons-le-dialogue-entretien-avec-destin-byandike\/","title":{"rendered":"Afrique, R\u00e9publique d\u00e9mocratique du Congo | \u00ab Au c\u0153ur des conflits, nous choisissons le dialogue \u00bb, entretien avec Destin Byandike"},"content":{"rendered":"\n<pre class=\"wp-block-verse\"><em>L\u2019Universit\u00e9 des Martyrs du Congo cr\u00e9e le Centre Africain pour la Paix, la M\u00e9diation et la Diplomatie (CAPMD-UNIM).<\/em>\n\n<em>Selon le chercheur Destin Byandike, <strong>sp\u00e9cialiste en n\u00e9gociation internationale et nouveau correspondant de spazio + spadoni<\/strong>, le constat est clair : apr\u00e8s des d\u00e9cennies de conflits dans l\u2019Est du pays, les m\u00e9canismes de pr\u00e9vention endog\u00e8nes font d\u00e9faut.\n\nLe CAPMD se propose comme une forme de \u00ab diplomatie universitaire \u00bb, fond\u00e9e sur quatre piliers : \u00c9COUTER, DIALOGUER, R\u00c9CONCILIER, R\u00c9SOUDRE.\n\nL\u2019objectif est de former des m\u00e9diateurs congolais, de d\u00e9velopper des activit\u00e9s de recherche et d\u2019accompagner les communaut\u00e9s sur le terrain.\n\nSous la direction du professeur et g\u00e9n\u00e9ral Alain Alisa Job Sambokera, le CAPMD invite chercheurs, d\u00e9cideurs et partenaires \u00e0 adh\u00e9rer et \u00e0 s\u2019approprier cette initiative.<\/em><\/pre>\n\n\n\n<h2 id=\"monsieur-destin-byandike-quel-est-le-constat-qui-a-pousse-lunim-a-creer-ce-centre\" class=\"wp-block-heading\">Monsieur Destin Byandike, quel est le constat qui a pouss\u00e9 l&rsquo;UNIM \u00e0 cr\u00e9er ce centre ?<\/h2>\n\n\n\n<p class=\"wp-block-paragraph\">Le constat d\u00e9coule d\u2019abord de la recherche. Au cours des formations \u00e0 l\u2019\u00c9cole de Diplomatie, N\u00e9gociation et M\u00e9diation de l\u2019UNIM, les r\u00e9sultats de nos recherches ont d\u00e9montr\u00e9 une \u00e9vidence : <strong>il est n\u00e9cessaire de disposer d\u2019un centre africain sp\u00e9cialis\u00e9 dans le dialogue pour la paix<\/strong>, la r\u00e9solution des conflits et la coop\u00e9ration r\u00e9gionale et internationale, pour une s\u00e9curit\u00e9 globale en Afrique.<\/p>\n\n\n\n<p class=\"wp-block-paragraph\">La RDC, en particulier dans sa partie orientale, subit des cycles de conflits depuis des d\u00e9cennies. Malgr\u00e9 les interventions internationales, l<strong>es m\u00e9canismes de pr\u00e9vention <\/strong>n\u00e9s de l\u2019int\u00e9rieur font d\u00e9faut.<\/p>\n\n\n\n<p class=\"wp-block-paragraph\">\u00c0 l\u2019UNIM, nous nous sommes dit qu\u2019il est temps que l\u2019universit\u00e9 congolaise apporte elle-m\u00eame des r\u00e9ponses scientifiques et concr\u00e8tes \u00e0 son peuple. C\u2019est ainsi qu\u2019est n\u00e9 le CAPMD-UNIM.<\/p>\n\n\n\n<h2 id=\"en-quoi-votre-approche-se-differencietelle\" class=\"wp-block-heading\">En quoi votre approche se diff\u00e9rencie-t-elle ?<\/h2>\n\n\n\n<p class=\"wp-block-paragraph\">Notre devise r\u00e9sume tout : \u00c9COUTER, DIALOGUER, R\u00c9CONCILIER, R\u00c9SOUDRE.<\/p>\n\n\n\n<p class=\"wp-block-paragraph\">Nous ne voulons pas imposer la paix d\u2019en haut. Nous voulons d\u2019abord <strong>\u00e9couter les causes profondes des conflits<\/strong>, rapprocher les communaut\u00e9s et faciliter les compromis locaux.<\/p>\n\n\n\n<p class=\"wp-block-paragraph\">Le CAPMD veut <strong>former <\/strong>des m\u00e9diateurs congolais, produire de la recherche sur la paix en RDC et aller sur le terrain. C\u2019est une forme de diplomatie universitaire.<\/p>\n\n\n\n<h2 id=\"pourquoi-mettre-laccent-sur-lest-de-la-rdc\" class=\"wp-block-heading\">Pourquoi mettre l&rsquo;accent sur l&rsquo;est de la RDC ?<\/h2>\n\n\n\n<p class=\"wp-block-paragraph\">Parce que c\u2019est l\u00e0 que la souffrance est la plus aigu\u00eb aujourd\u2019hui : d\u00e9placements massifs de populations, d\u00e9sagr\u00e9gation du tissu social.<\/p>\n\n\n\n<p class=\"wp-block-paragraph\">Mais notre vision est nationale et africaine. Si nous r\u00e9ussissons \u00e0 stabiliser l\u2019Est par le dialogue, nous offrirons un mod\u00e8le \u00e0 l\u2019ensemble du continent.<\/p>\n\n\n\n<h2 id=\"quel-est-le-role-de-leurope-et-des-partenaires-internationaux\" class=\"wp-block-heading\">Quel est le r\u00f4le de l&rsquo;Europe et des partenaires internationaux ?<\/h2>\n\n\n\n<p class=\"wp-block-paragraph\">Le r\u00f4le des partenaires est fondamental, mais il doit rester un soutien. Nous avons besoin de partenariats techniques et financiers pour la formation et la recherche. Le CAPMD vise \u00e0 conclure des accords avec divers partenaires pour la p\u00e9riode 2026-2027.<\/p>\n\n\n\n<p class=\"wp-block-paragraph\">Toutefois, <strong>le leadership doit demeurer congolais et africain<\/strong>. L\u2019Europe peut contribuer \u00e0 financer le savoir, pas \u00e0 le remplacer.<\/p>\n\n\n\n<h2 id=\"etesvous-optimiste-quant-a-la-paix-en-rdc\" class=\"wp-block-heading\">\u00cates-vous optimiste quant \u00e0 la paix en RDC ?<\/h2>\n\n\n\n<p class=\"wp-block-paragraph\">Je suis chercheur, donc r\u00e9aliste. Mais je suis aussi congolais. Et je crois que tant que nous choisirons le dialogue plut\u00f4t que les armes, il y aura de l\u2019espoir. Tel est notre engagement.<\/p>\n\n\n\n<blockquote class=\"wp-block-quote is-layout-flow wp-block-quote-is-layout-flow\">\n<p class=\"wp-block-paragraph\"><em>\u00ab Au c\u0153ur des conflits, nous choisissons le dialogue ; face aux divisions, nous construisons la paix \u00bb.<\/em><\/p>\n<\/blockquote>\n\n\n\n<p class=\"wp-block-paragraph\">Je tiens \u00e9galement \u00e0 saluer les efforts et la vision du professeur et g\u00e9n\u00e9ral Alain Alisa Job Sambokera, dont le leadership a rendu possible cette initiative au sein de l\u2019UNIM.<\/p>\n\n\n\n<blockquote class=\"wp-block-quote is-layout-flow wp-block-quote-is-layout-flow\">\n<p class=\"wp-block-paragraph\"><em>\u00ab La paix ne se d\u00e9cr\u00e8te pas. Elle se construit en \u00e9coutant d&rsquo;abord ceux qui souffrent \u00bb.<\/em><\/p>\n<\/blockquote>\n\n\n\n<p class=\"wp-block-paragraph\">J\u2019invite donc les chercheurs, d\u00e9cideurs, diplomates et experts africains \u00e0 s\u2019approprier cette initiative, qui apportera une r\u00e9ponse concr\u00e8te et adapt\u00e9e aux r\u00e9alit\u00e9s v\u00e9cues en R\u00e9publique D\u00e9mocratique du Congo.<\/p>\n\n\n\n<p class=\"wp-block-paragraph\"><strong>Photo by Destin Byandike<\/strong><\/p>\n\n\n\n<p class=\"wp-block-paragraph\"><\/p>\n","protected":false},"excerpt":{"rendered":"<p>L\u2019Universit\u00e9 des Martyrs du Congo cr\u00e9e le Centre Africain pour la Paix, la M\u00e9diation et la Diplomatie (CAPMD-UNIM). Selon le chercheur Destin Byandike, sp\u00e9cialiste en n\u00e9gociation internationale et nouveau correspondant de spazio + spadoni, le constat est clair : apr\u00e8s des d\u00e9cennies de conflits dans l\u2019Est du pays, les m\u00e9canismes de pr\u00e9vention endog\u00e8nes font d\u00e9faut. &#8230; <a title=\"Afrique, R\u00e9publique d\u00e9mocratique du Congo | \u00ab Au c\u0153ur des conflits, nous choisissons le dialogue \u00bb, entretien avec Destin Byandike\" class=\"read-more\" href=\"https:\/\/spaziospadoni.org\/fr\/afrique-republique-democratique-du-congo-au-coeur-des-conflits-nous-choisissons-le-dialogue-entretien-avec-destin-byandike\/\" aria-label=\"Read more about Afrique, R\u00e9publique d\u00e9mocratique du Congo | \u00ab Au c\u0153ur des conflits, nous choisissons le dialogue \u00bb, entretien avec Destin Byandike\">Lire plus<\/a><\/p>\n","protected":false},"author":111,"featured_media":90397,"comment_status":"closed","ping_status":"closed","sticky":false,"template":"","format":"standard","meta":{"_sitemap_exclude":false,"_sitemap_priority":"","_sitemap_frequency":"","ss_featured_image_title":"","ss_featured_image_alt":"Universit\u00e9 des Martyrs du Congo en RDC","ss_featured_image_caption":"L\u2019Universit\u00e9 des Martyrs du Congo met en place le Centre Africain de Paix, de M\u00e9diation et de Diplomatie (CAPMD-UNIM).","footnotes":""},"categories":[2261],"tags":[3231,2708,3378,2606],"class_list":["post-90398","post","type-post","status-publish","format-standard","has-post-thumbnail","hentry","category-des-reves-aux-oeuvres","tag-dialogues","tag-paix","tag-reconciliation-fr","tag-republique-democratique-du-congo","infinite-scroll-item","generate-columns","tablet-grid-50","mobile-grid-100","grid-parent","grid-50"],"yoast_head":"<!-- This site is optimized with the Yoast SEO plugin v28.4 - https:\/\/yoast.com\/product\/yoast-seo-wordpress\/ -->\n<title>Afrique, R\u00e9publique d\u00e9mocratique du Congo | \u00ab Au c\u0153ur des conflits, nous choisissons le dialogue \u00bb, entretien avec Destin Byandike<\/title>\n<meta name=\"description\" content=\"Entretien avec Destin Byandike sur le nouveau Centre africain pour la paix et la m\u00e9diation (CAPMD-UNIM) \u00e0 l&#039;Universit\u00e9 des Martyrs du Congo en RDC.\" \/>\n<meta name=\"robots\" content=\"index, follow, max-snippet:-1, max-image-preview:large, max-video-preview:-1\" \/>\n<link rel=\"canonical\" href=\"https:\/\/spaziospadoni.org\/fr\/afrique-republique-democratique-du-congo-au-coeur-des-conflits-nous-choisissons-le-dialogue-entretien-avec-destin-byandike\/\" \/>\n<meta property=\"og:locale\" content=\"fr_FR\" \/>\n<meta property=\"og:type\" content=\"article\" \/>\n<meta property=\"og:title\" content=\"Afrique, R\u00e9publique d\u00e9mocratique du Congo | \u00ab Au c\u0153ur des conflits, nous choisissons le dialogue \u00bb, entretien avec Destin Byandike\" \/>\n<meta property=\"og:description\" content=\"Entretien avec Destin Byandike sur le nouveau Centre africain pour la paix et la m\u00e9diation (CAPMD-UNIM) \u00e0 l&#039;Universit\u00e9 des Martyrs du Congo en RDC.\" \/>\n<meta property=\"og:url\" content=\"https:\/\/spaziospadoni.org\/fr\/afrique-republique-democratique-du-congo-au-coeur-des-conflits-nous-choisissons-le-dialogue-entretien-avec-destin-byandike\/\" \/>\n<meta property=\"og:site_name\" content=\"spazio + spadoni\" \/>\n<meta property=\"article:publisher\" content=\"https:\/\/www.facebook.com\/SpazioSpadoni\/\" \/>\n<meta property=\"article:published_time\" content=\"2026-08-20T06:00:00+00:00\" \/>\n<meta property=\"og:image\" content=\"https:\/\/spaziospadoni.org\/wp-content\/uploads\/2026\/08\/universita-martiri-congo.webp\" \/>\n\t<meta property=\"og:image:width\" content=\"1200\" \/>\n\t<meta property=\"og:image:height\" content=\"800\" \/>\n\t<meta property=\"og:image:type\" content=\"image\/webp\" \/>\n<meta name=\"author\" content=\"Destin Byandike\" \/>\n<meta name=\"twitter:card\" content=\"summary_large_image\" \/>\n<meta name=\"twitter:label1\" content=\"\u00c9crit par\" \/>\n\t<meta name=\"twitter:data1\" content=\"Destin Byandike\" \/>\n\t<meta name=\"twitter:label2\" content=\"Est. reading time\" \/>\n\t<meta name=\"twitter:data2\" content=\"3 minutes\" \/>\n<script type=\"application\/ld+json\" class=\"yoast-schema-graph\">{\"@context\":\"https:\\\/\\\/schema.org\",\"@graph\":[{\"@type\":\"Article\",\"@id\":\"https:\\\/\\\/spaziospadoni.org\\\/fr\\\/afrique-republique-democratique-du-congo-au-coeur-des-conflits-nous-choisissons-le-dialogue-entretien-avec-destin-byandike\\\/#article\",\"isPartOf\":{\"@id\":\"https:\\\/\\\/spaziospadoni.org\\\/fr\\\/afrique-republique-democratique-du-congo-au-coeur-des-conflits-nous-choisissons-le-dialogue-entretien-avec-destin-byandike\\\/\"},\"author\":{\"name\":\"Destin Byandike\",\"@id\":\"https:\\\/\\\/spaziospadoni.org\\\/fr\\\/#\\\/schema\\\/person\\\/6297cff4ad988760cee72bb3f83e078f\"},\"headline\":\"Afrique, R\u00e9publique d\u00e9mocratique du Congo | \u00ab Au c\u0153ur des conflits, nous choisissons le dialogue \u00bb, entretien avec Destin Byandike\",\"datePublished\":\"2026-08-20T06:00:00+00:00\",\"mainEntityOfPage\":{\"@id\":\"https:\\\/\\\/spaziospadoni.org\\\/fr\\\/afrique-republique-democratique-du-congo-au-coeur-des-conflits-nous-choisissons-le-dialogue-entretien-avec-destin-byandike\\\/\"},\"wordCount\":539,\"publisher\":{\"@id\":\"https:\\\/\\\/spaziospadoni.org\\\/fr\\\/#organization\"},\"image\":{\"@id\":\"https:\\\/\\\/spaziospadoni.org\\\/fr\\\/afrique-republique-democratique-du-congo-au-coeur-des-conflits-nous-choisissons-le-dialogue-entretien-avec-destin-byandike\\\/#primaryimage\"},\"thumbnailUrl\":\"https:\\\/\\\/spaziospadoni.org\\\/wp-content\\\/uploads\\\/2026\\\/08\\\/universita-martiri-congo.webp\",\"keywords\":[\"dialogues\",\"Paix\",\"r\u00e9conciliation\",\"R\u00e9publique d\u00e9mocratique du Congo\"],\"articleSection\":[\"Des r\u00eaves aux \u0153uvres\"],\"inLanguage\":\"fr-FR\"},{\"@type\":\"WebPage\",\"@id\":\"https:\\\/\\\/spaziospadoni.org\\\/fr\\\/afrique-republique-democratique-du-congo-au-coeur-des-conflits-nous-choisissons-le-dialogue-entretien-avec-destin-byandike\\\/\",\"url\":\"https:\\\/\\\/spaziospadoni.org\\\/fr\\\/afrique-republique-democratique-du-congo-au-coeur-des-conflits-nous-choisissons-le-dialogue-entretien-avec-destin-byandike\\\/\",\"name\":\"Afrique, R\u00e9publique d\u00e9mocratique du Congo | \u00ab Au c\u0153ur des conflits, nous choisissons le dialogue \u00bb, entretien avec Destin Byandike\",\"isPartOf\":{\"@id\":\"https:\\\/\\\/spaziospadoni.org\\\/fr\\\/#website\"},\"primaryImageOfPage\":{\"@id\":\"https:\\\/\\\/spaziospadoni.org\\\/fr\\\/afrique-republique-democratique-du-congo-au-coeur-des-conflits-nous-choisissons-le-dialogue-entretien-avec-destin-byandike\\\/#primaryimage\"},\"image\":{\"@id\":\"https:\\\/\\\/spaziospadoni.org\\\/fr\\\/afrique-republique-democratique-du-congo-au-coeur-des-conflits-nous-choisissons-le-dialogue-entretien-avec-destin-byandike\\\/#primaryimage\"},\"thumbnailUrl\":\"https:\\\/\\\/spaziospadoni.org\\\/wp-content\\\/uploads\\\/2026\\\/08\\\/universita-martiri-congo.webp\",\"datePublished\":\"2026-08-20T06:00:00+00:00\",\"description\":\"Entretien avec Destin Byandike sur le nouveau Centre africain pour la paix et la m\u00e9diation (CAPMD-UNIM) \u00e0 l'Universit\u00e9 des Martyrs du Congo en RDC.\",\"breadcrumb\":{\"@id\":\"https:\\\/\\\/spaziospadoni.org\\\/fr\\\/afrique-republique-democratique-du-congo-au-coeur-des-conflits-nous-choisissons-le-dialogue-entretien-avec-destin-byandike\\\/#breadcrumb\"},\"inLanguage\":\"fr-FR\",\"potentialAction\":[{\"@type\":\"ReadAction\",\"target\":[\"https:\\\/\\\/spaziospadoni.org\\\/fr\\\/afrique-republique-democratique-du-congo-au-coeur-des-conflits-nous-choisissons-le-dialogue-entretien-avec-destin-byandike\\\/\"]}]},{\"@type\":\"ImageObject\",\"inLanguage\":\"fr-FR\",\"@id\":\"https:\\\/\\\/spaziospadoni.org\\\/fr\\\/afrique-republique-democratique-du-congo-au-coeur-des-conflits-nous-choisissons-le-dialogue-entretien-avec-destin-byandike\\\/#primaryimage\",\"url\":\"https:\\\/\\\/spaziospadoni.org\\\/wp-content\\\/uploads\\\/2026\\\/08\\\/universita-martiri-congo.webp\",\"contentUrl\":\"https:\\\/\\\/spaziospadoni.org\\\/wp-content\\\/uploads\\\/2026\\\/08\\\/universita-martiri-congo.webp\",\"width\":1200,\"height\":800,\"caption\":\"L\u2019Universit\u00e9 des Martyrs du Congo met en place le Centre Africain de Paix, de M\u00e9diation et de Diplomatie (CAPMD-UNIM).\"},{\"@type\":\"BreadcrumbList\",\"@id\":\"https:\\\/\\\/spaziospadoni.org\\\/fr\\\/afrique-republique-democratique-du-congo-au-coeur-des-conflits-nous-choisissons-le-dialogue-entretien-avec-destin-byandike\\\/#breadcrumb\",\"itemListElement\":[{\"@type\":\"ListItem\",\"position\":1,\"name\":\"Home\",\"item\":\"https:\\\/\\\/spaziospadoni.org\\\/fr\\\/\"},{\"@type\":\"ListItem\",\"position\":2,\"name\":\"Afrique, R\u00e9publique d\u00e9mocratique du Congo | \u00ab Au c\u0153ur des conflits, nous choisissons le dialogue \u00bb, entretien avec Destin Byandike\"}]},{\"@type\":\"WebSite\",\"@id\":\"https:\\\/\\\/spaziospadoni.org\\\/fr\\\/#website\",\"url\":\"https:\\\/\\\/spaziospadoni.org\\\/fr\\\/\",\"name\":\"spazio + spadoni\",\"description\":\"Generazione di misericordia e missione nel mondo\",\"publisher\":{\"@id\":\"https:\\\/\\\/spaziospadoni.org\\\/fr\\\/#organization\"},\"alternateName\":\"spaziospadoni.org\",\"potentialAction\":[{\"@type\":\"SearchAction\",\"target\":{\"@type\":\"EntryPoint\",\"urlTemplate\":\"https:\\\/\\\/spaziospadoni.org\\\/fr\\\/?s={search_term_string}\"},\"query-input\":{\"@type\":\"PropertyValueSpecification\",\"valueRequired\":true,\"valueName\":\"search_term_string\"}}],\"inLanguage\":\"fr-FR\"},{\"@type\":\"Organization\",\"@id\":\"https:\\\/\\\/spaziospadoni.org\\\/fr\\\/#organization\",\"name\":\"spazio + spadoni\",\"alternateName\":\"spaziospadoni.org\",\"url\":\"https:\\\/\\\/spaziospadoni.org\\\/fr\\\/\",\"logo\":{\"@type\":\"ImageObject\",\"inLanguage\":\"fr-FR\",\"@id\":\"https:\\\/\\\/spaziospadoni.org\\\/fr\\\/#\\\/schema\\\/logo\\\/image\\\/\",\"url\":\"https:\\\/\\\/spaziospadoni.org\\\/wp-content\\\/uploads\\\/2026\\\/05\\\/spazio-spadoni-logo-100x100-1.webp\",\"contentUrl\":\"https:\\\/\\\/spaziospadoni.org\\\/wp-content\\\/uploads\\\/2026\\\/05\\\/spazio-spadoni-logo-100x100-1.webp\",\"width\":100,\"height\":100,\"caption\":\"spazio + spadoni\"},\"image\":{\"@id\":\"https:\\\/\\\/spaziospadoni.org\\\/fr\\\/#\\\/schema\\\/logo\\\/image\\\/\"},\"sameAs\":[\"https:\\\/\\\/www.facebook.com\\\/SpazioSpadoni\\\/\",\"https:\\\/\\\/www.instagram.com\\\/spaziospadoni\\\/\",\"https:\\\/\\\/www.youtube.com\\\/@spaziospadoni\\\/playlists\"]},{\"@type\":\"Person\",\"@id\":\"https:\\\/\\\/spaziospadoni.org\\\/fr\\\/#\\\/schema\\\/person\\\/6297cff4ad988760cee72bb3f83e078f\",\"name\":\"Destin Byandike\",\"image\":{\"@type\":\"ImageObject\",\"inLanguage\":\"fr-FR\",\"@id\":\"https:\\\/\\\/secure.gravatar.com\\\/avatar\\\/fd5587495a9a6aa30e738c0964461efb38a880d11d17dd49b6ecbb17fb18d017?s=96&d=mm&r=g\",\"url\":\"https:\\\/\\\/secure.gravatar.com\\\/avatar\\\/fd5587495a9a6aa30e738c0964461efb38a880d11d17dd49b6ecbb17fb18d017?s=96&d=mm&r=g\",\"contentUrl\":\"https:\\\/\\\/secure.gravatar.com\\\/avatar\\\/fd5587495a9a6aa30e738c0964461efb38a880d11d17dd49b6ecbb17fb18d017?s=96&d=mm&r=g\",\"caption\":\"Destin Byandike\"},\"description\":\"Cittadino della Repubblica Democratica del Congo. Autore e ricercatore nel campo della pace nella RDC. Specializzato in cooperazione internazionale e negoziazione strategica presso la Scuola Nazionale di Diplomazia, Negoziazione e Mediazione dell\u2019Universit\u00e0 dei Martiri del Congo. Svolge le sue attivit\u00e0 di ricerca presso l\u2019Universit\u00e0 dei Martiri del Congo ed \u00e8 ricercatore associato alla Revue Africaine des Sciences Sociales, con sede in Camerun.\",\"url\":\"https:\\\/\\\/spaziospadoni.org\\\/fr\\\/author\\\/ddyandikespspadoni\\\/\"}]}<\/script>\n<!-- \/ Yoast SEO plugin. -->","yoast_head_json":{"title":"Afrique, R\u00e9publique d\u00e9mocratique du Congo | \u00ab Au c\u0153ur des conflits, nous choisissons le dialogue \u00bb, entretien avec Destin Byandike","description":"Entretien avec Destin Byandike sur le nouveau Centre africain pour la paix et la m\u00e9diation (CAPMD-UNIM) \u00e0 l'Universit\u00e9 des Martyrs du Congo en RDC.","robots":{"index":"index","follow":"follow","max-snippet":"max-snippet:-1","max-image-preview":"max-image-preview:large","max-video-preview":"max-video-preview:-1"},"canonical":"https:\/\/spaziospadoni.org\/fr\/afrique-republique-democratique-du-congo-au-coeur-des-conflits-nous-choisissons-le-dialogue-entretien-avec-destin-byandike\/","og_locale":"fr_FR","og_type":"article","og_title":"Afrique, R\u00e9publique d\u00e9mocratique du Congo | \u00ab Au c\u0153ur des conflits, nous choisissons le dialogue \u00bb, entretien avec Destin Byandike","og_description":"Entretien avec Destin Byandike sur le nouveau Centre africain pour la paix et la m\u00e9diation (CAPMD-UNIM) \u00e0 l'Universit\u00e9 des Martyrs du Congo en RDC.","og_url":"https:\/\/spaziospadoni.org\/fr\/afrique-republique-democratique-du-congo-au-coeur-des-conflits-nous-choisissons-le-dialogue-entretien-avec-destin-byandike\/","og_site_name":"spazio + spadoni","article_publisher":"https:\/\/www.facebook.com\/SpazioSpadoni\/","article_published_time":"2026-08-20T06:00:00+00:00","og_image":[{"width":1200,"height":800,"url":"https:\/\/spaziospadoni.org\/wp-content\/uploads\/2026\/08\/universita-martiri-congo.webp","type":"image\/webp"}],"author":"Destin Byandike","twitter_card":"summary_large_image","twitter_misc":{"\u00c9crit par":"Destin Byandike","Est. reading time":"3 minutes"},"schema":{"@context":"https:\/\/schema.org","@graph":[{"@type":"Article","@id":"https:\/\/spaziospadoni.org\/fr\/afrique-republique-democratique-du-congo-au-coeur-des-conflits-nous-choisissons-le-dialogue-entretien-avec-destin-byandike\/#article","isPartOf":{"@id":"https:\/\/spaziospadoni.org\/fr\/afrique-republique-democratique-du-congo-au-coeur-des-conflits-nous-choisissons-le-dialogue-entretien-avec-destin-byandike\/"},"author":{"name":"Destin Byandike","@id":"https:\/\/spaziospadoni.org\/fr\/#\/schema\/person\/6297cff4ad988760cee72bb3f83e078f"},"headline":"Afrique, R\u00e9publique d\u00e9mocratique du Congo | \u00ab Au c\u0153ur des conflits, nous choisissons le dialogue \u00bb, entretien avec Destin Byandike","datePublished":"2026-08-20T06:00:00+00:00","mainEntityOfPage":{"@id":"https:\/\/spaziospadoni.org\/fr\/afrique-republique-democratique-du-congo-au-coeur-des-conflits-nous-choisissons-le-dialogue-entretien-avec-destin-byandike\/"},"wordCount":539,"publisher":{"@id":"https:\/\/spaziospadoni.org\/fr\/#organization"},"image":{"@id":"https:\/\/spaziospadoni.org\/fr\/afrique-republique-democratique-du-congo-au-coeur-des-conflits-nous-choisissons-le-dialogue-entretien-avec-destin-byandike\/#primaryimage"},"thumbnailUrl":"https:\/\/spaziospadoni.org\/wp-content\/uploads\/2026\/08\/universita-martiri-congo.webp","keywords":["dialogues","Paix","r\u00e9conciliation","R\u00e9publique d\u00e9mocratique du Congo"],"articleSection":["Des r\u00eaves aux \u0153uvres"],"inLanguage":"fr-FR"},{"@type":"WebPage","@id":"https:\/\/spaziospadoni.org\/fr\/afrique-republique-democratique-du-congo-au-coeur-des-conflits-nous-choisissons-le-dialogue-entretien-avec-destin-byandike\/","url":"https:\/\/spaziospadoni.org\/fr\/afrique-republique-democratique-du-congo-au-coeur-des-conflits-nous-choisissons-le-dialogue-entretien-avec-destin-byandike\/","name":"Afrique, R\u00e9publique d\u00e9mocratique du Congo | \u00ab Au c\u0153ur des conflits, nous choisissons le dialogue \u00bb, entretien avec Destin Byandike","isPartOf":{"@id":"https:\/\/spaziospadoni.org\/fr\/#website"},"primaryImageOfPage":{"@id":"https:\/\/spaziospadoni.org\/fr\/afrique-republique-democratique-du-congo-au-coeur-des-conflits-nous-choisissons-le-dialogue-entretien-avec-destin-byandike\/#primaryimage"},"image":{"@id":"https:\/\/spaziospadoni.org\/fr\/afrique-republique-democratique-du-congo-au-coeur-des-conflits-nous-choisissons-le-dialogue-entretien-avec-destin-byandike\/#primaryimage"},"thumbnailUrl":"https:\/\/spaziospadoni.org\/wp-content\/uploads\/2026\/08\/universita-martiri-congo.webp","datePublished":"2026-08-20T06:00:00+00:00","description":"Entretien avec Destin Byandike sur le nouveau Centre africain pour la paix et la m\u00e9diation (CAPMD-UNIM) \u00e0 l'Universit\u00e9 des Martyrs du Congo en RDC.","breadcrumb":{"@id":"https:\/\/spaziospadoni.org\/fr\/afrique-republique-democratique-du-congo-au-coeur-des-conflits-nous-choisissons-le-dialogue-entretien-avec-destin-byandike\/#breadcrumb"},"inLanguage":"fr-FR","potentialAction":[{"@type":"ReadAction","target":["https:\/\/spaziospadoni.org\/fr\/afrique-republique-democratique-du-congo-au-coeur-des-conflits-nous-choisissons-le-dialogue-entretien-avec-destin-byandike\/"]}]},{"@type":"ImageObject","inLanguage":"fr-FR","@id":"https:\/\/spaziospadoni.org\/fr\/afrique-republique-democratique-du-congo-au-coeur-des-conflits-nous-choisissons-le-dialogue-entretien-avec-destin-byandike\/#primaryimage","url":"https:\/\/spaziospadoni.org\/wp-content\/uploads\/2026\/08\/universita-martiri-congo.webp","contentUrl":"https:\/\/spaziospadoni.org\/wp-content\/uploads\/2026\/08\/universita-martiri-congo.webp","width":1200,"height":800,"caption":"L\u2019Universit\u00e9 des Martyrs du Congo met en place le Centre Africain de Paix, de M\u00e9diation et de Diplomatie (CAPMD-UNIM)."},{"@type":"BreadcrumbList","@id":"https:\/\/spaziospadoni.org\/fr\/afrique-republique-democratique-du-congo-au-coeur-des-conflits-nous-choisissons-le-dialogue-entretien-avec-destin-byandike\/#breadcrumb","itemListElement":[{"@type":"ListItem","position":1,"name":"Home","item":"https:\/\/spaziospadoni.org\/fr\/"},{"@type":"ListItem","position":2,"name":"Afrique, R\u00e9publique d\u00e9mocratique du Congo | \u00ab Au c\u0153ur des conflits, nous choisissons le dialogue \u00bb, entretien avec Destin Byandike"}]},{"@type":"WebSite","@id":"https:\/\/spaziospadoni.org\/fr\/#website","url":"https:\/\/spaziospadoni.org\/fr\/","name":"spazio + spadoni","description":"Generazione di misericordia e missione nel mondo","publisher":{"@id":"https:\/\/spaziospadoni.org\/fr\/#organization"},"alternateName":"spaziospadoni.org","potentialAction":[{"@type":"SearchAction","target":{"@type":"EntryPoint","urlTemplate":"https:\/\/spaziospadoni.org\/fr\/?s={search_term_string}"},"query-input":{"@type":"PropertyValueSpecification","valueRequired":true,"valueName":"search_term_string"}}],"inLanguage":"fr-FR"},{"@type":"Organization","@id":"https:\/\/spaziospadoni.org\/fr\/#organization","name":"spazio + spadoni","alternateName":"spaziospadoni.org","url":"https:\/\/spaziospadoni.org\/fr\/","logo":{"@type":"ImageObject","inLanguage":"fr-FR","@id":"https:\/\/spaziospadoni.org\/fr\/#\/schema\/logo\/image\/","url":"https:\/\/spaziospadoni.org\/wp-content\/uploads\/2026\/05\/spazio-spadoni-logo-100x100-1.webp","contentUrl":"https:\/\/spaziospadoni.org\/wp-content\/uploads\/2026\/05\/spazio-spadoni-logo-100x100-1.webp","width":100,"height":100,"caption":"spazio + spadoni"},"image":{"@id":"https:\/\/spaziospadoni.org\/fr\/#\/schema\/logo\/image\/"},"sameAs":["https:\/\/www.facebook.com\/SpazioSpadoni\/","https:\/\/www.instagram.com\/spaziospadoni\/","https:\/\/www.youtube.com\/@spaziospadoni\/playlists"]},{"@type":"Person","@id":"https:\/\/spaziospadoni.org\/fr\/#\/schema\/person\/6297cff4ad988760cee72bb3f83e078f","name":"Destin Byandike","image":{"@type":"ImageObject","inLanguage":"fr-FR","@id":"https:\/\/secure.gravatar.com\/avatar\/fd5587495a9a6aa30e738c0964461efb38a880d11d17dd49b6ecbb17fb18d017?s=96&d=mm&r=g","url":"https:\/\/secure.gravatar.com\/avatar\/fd5587495a9a6aa30e738c0964461efb38a880d11d17dd49b6ecbb17fb18d017?s=96&d=mm&r=g","contentUrl":"https:\/\/secure.gravatar.com\/avatar\/fd5587495a9a6aa30e738c0964461efb38a880d11d17dd49b6ecbb17fb18d017?s=96&d=mm&r=g","caption":"Destin Byandike"},"description":"Cittadino della Repubblica Democratica del Congo. Autore e ricercatore nel campo della pace nella RDC. Specializzato in cooperazione internazionale e negoziazione strategica presso la Scuola Nazionale di Diplomazia, Negoziazione e Mediazione dell\u2019Universit\u00e0 dei Martiri del Congo. Svolge le sue attivit\u00e0 di ricerca presso l\u2019Universit\u00e0 dei Martiri del Congo ed \u00e8 ricercatore associato alla Revue Africaine des Sciences Sociales, con sede in Camerun.","url":"https:\/\/spaziospadoni.org\/fr\/author\/ddyandikespspadoni\/"}]}},"_links":{"self":[{"href":"https:\/\/spaziospadoni.org\/fr\/wp-json\/wp\/v2\/posts\/90398","targetHints":{"allow":["GET"]}}],"collection":[{"href":"https:\/\/spaziospadoni.org\/fr\/wp-json\/wp\/v2\/posts"}],"about":[{"href":"https:\/\/spaziospadoni.org\/fr\/wp-json\/wp\/v2\/types\/post"}],"author":[{"embeddable":true,"href":"https:\/\/spaziospadoni.org\/fr\/wp-json\/wp\/v2\/users\/111"}],"replies":[{"embeddable":true,"href":"https:\/\/spaziospadoni.org\/fr\/wp-json\/wp\/v2\/comments?post=90398"}],"version-history":[{"count":3,"href":"https:\/\/spaziospadoni.org\/fr\/wp-json\/wp\/v2\/posts\/90398\/revisions"}],"predecessor-version":[{"id":90403,"href":"https:\/\/spaziospadoni.org\/fr\/wp-json\/wp\/v2\/posts\/90398\/revisions\/90403"}],"wp:featuredmedia":[{"embeddable":true,"href":"https:\/\/spaziospadoni.org\/fr\/wp-json\/wp\/v2\/media\/90397"}],"wp:attachment":[{"href":"https:\/\/spaziospadoni.org\/fr\/wp-json\/wp\/v2\/media?parent=90398"}],"wp:term":[{"taxonomy":"category","embeddable":true,"href":"https:\/\/spaziospadoni.org\/fr\/wp-json\/wp\/v2\/categories?post=90398"},{"taxonomy":"post_tag","embeddable":true,"href":"https:\/\/spaziospadoni.org\/fr\/wp-json\/wp\/v2\/tags?post=90398"}],"curies":[{"name":"wp","href":"https:\/\/api.w.org\/{rel}","templated":true}]}}