{"id":90463,"date":"2026-08-17T13:00:00","date_gmt":"2026-08-17T12:00:00","guid":{"rendered":"https:\/\/spaziospadoni.org\/?p=90463"},"modified":"2026-08-18T14:09:20","modified_gmt":"2026-08-18T13:09:20","slug":"europe-italie-la-maison-natale-de-saint-daniel-comboni-a-limone-sul-garda","status":"publish","type":"post","link":"https:\/\/spaziospadoni.org\/fr\/europe-italie-la-maison-natale-de-saint-daniel-comboni-a-limone-sul-garda\/","title":{"rendered":"Europe, Italie | La maison natale de saint Daniel Comboni \u00e0 Limone sul Garda"},"content":{"rendered":"\n<p class=\"wp-block-paragraph\">Perch\u00e9e dans la pittoresque localit\u00e9 de Tes\u00f6l (un nom rappelant les filets tendus pour la chasse) \u00e0 Limone sul Garda (BS), la maison natale de saint Daniel Comboni n&rsquo;est pas seulement un mus\u00e9e, mais le c\u0153ur battant d&rsquo;une mission qui continue de parler au monde. Ici, entre les murs int\u00e9gr\u00e9s dans une citronnerie historique du XVIIIe si\u00e8cle, il est possible de retracer les premiers pas de l&rsquo;\u00ab \u00c9v\u00eaque de l&rsquo;Afrique Centrale \u00bb, dont les parents, Luigi et Domenica Pace, \u00e9taient les gardiens de ces terres.<\/p>\n\n\n\n<h2 id=\"de-leglise-de-san-benedetto-a-la-maison-natale\" class=\"wp-block-heading\">De l&rsquo;\u00c9glise de San Benedetto \u00e0 la maison natale<\/h2>\n\n\n\n<p class=\"wp-block-paragraph\">La visite sur les traces de saint Comboni doit cependant id\u00e9alement commencer \u00e0 l&rsquo;\u00c9glise de San Benedetto, au centre de Limone sul Garda, o\u00f9 les parents de Daniel se sont mari\u00e9s en 1826 et o\u00f9 le futur saint a re\u00e7u le bapt\u00eame, unique survivant de huit fr\u00e8res et s\u0153urs.<\/p>\n\n\n\n<p class=\"wp-block-paragraph\">En arrivant \u00e0 sa maison, on entre dans le vif de son enfance : les int\u00e9rieurs, comme la cuisine et la chambre natale, conservent la saveur d&rsquo;une simplicit\u00e9 \u00e9vang\u00e9lique qui a forg\u00e9 son esprit d&rsquo;abn\u00e9gation.<\/p>\n\n\n\n<h2 id=\"la-chapelle-le-musee-et-la-vocation-missionnaire\" class=\"wp-block-heading\">La chapelle, le mus\u00e9e et la vocation missionnaire<\/h2>\n\n\n\n<p class=\"wp-block-paragraph\">\u00c0 c\u00f4t\u00e9 se trouve l&rsquo;humble chapelle am\u00e9nag\u00e9e dans l&rsquo;ancienne r\u00e9serve de bois, avec un tabernacle en forme de hutte africaine et un grand crucifix en bois d&rsquo;olivier.<\/p>\n\n\n\n<p class=\"wp-block-paragraph\">Dans un espace suppl\u00e9mentaire am\u00e9nag\u00e9 dans la maison, appel\u00e9 \u00ab Mus\u00e9e des Curiosit\u00e9s \u00bb, on peut admirer de nombreux objets recueillis par Comboni et les missionnaires comboniens lors de leurs missions en Afrique.<\/p>\n\n\n\n<p class=\"wp-block-paragraph\">N\u00e9 en 1831, Daniel a m\u00fbri sa vocation tr\u00e8s jeune, jurant en 1849 de consacrer toute sa vie aux missions africaines. Son \u00ab Plan pour la r\u00e9g\u00e9n\u00e9ration de l&rsquo;Afrique \u00bb, n\u00e9 d&rsquo;une inspiration devant le tombeau de saint Pierre, reposait sur la formule r\u00e9volutionnaire : \u00ab Sauver l&rsquo;Afrique par l&rsquo;Afrique \u00bb, faisant des populations locales les protagonistes de leur propre \u00e9vang\u00e9lisation et promotion humaine.<\/p>\n\n\n\n<h2 id=\"le-plan-pour-la-regeneration-de-lafrique-et-son-heritage\" class=\"wp-block-heading\">Le Plan pour la r\u00e9g\u00e9n\u00e9ration de l&rsquo;Afrique et son h\u00e9ritage<\/h2>\n\n\n\n<p class=\"wp-block-paragraph\">Malgr\u00e9 des fatiques \u00e9puisantes, des fi\u00e8vres palustres et la perte de nombreux compagnons, Comboni n&rsquo;a jamais renonc\u00e9 sous la devise \u00ab la Nigritie ou la mort \u00bb. Il a fond\u00e9 \u00e0 V\u00e9rone les instituts des Missionnaires Comboniens (MCCJ) et des Pieuses M\u00e8res de la Nigritie (SMC), qui poursuivent aujourd&rsquo;hui son charisme dans des dizaines de nations. Nomm\u00e9 premier \u00c9v\u00eaque de Khartoum, il y est mort le 10 octobre 1881, \u00e9puis\u00e9 par le travail et les maladies, en r\u00e9p\u00e9tant : \u00ab Je meurs, mais l&rsquo;\u0153uvre ne mourra pas \u00bb.<\/p>\n\n\n\n<p class=\"wp-block-paragraph\">Aujourd&rsquo;hui, la maison de Limone, gard\u00e9e par les missionnaires depuis 1968, reste une \u00ab maison ouverte sur le monde \u00bb et une oasis de r\u00e9flexion o\u00f9 sont organis\u00e9s des services d&rsquo;hospitalit\u00e9 pour les p\u00e8lerins.<\/p>\n\n\n\n<p class=\"wp-block-paragraph\"><strong>Toutes les photographies ont \u00e9t\u00e9 prises par l&rsquo;auteure le 21 juillet 2026 sous licence CC BY-SA.<\/strong><\/p>\n\n\n\n<p class=\"wp-block-paragraph\"><\/p>\n","protected":false},"excerpt":{"rendered":"<p>Perch\u00e9e dans la pittoresque localit\u00e9 de Tes\u00f6l (un nom rappelant les filets tendus pour la chasse) \u00e0 Limone sul Garda (BS), la maison natale de saint Daniel Comboni n&rsquo;est pas seulement un mus\u00e9e, mais le c\u0153ur battant d&rsquo;une mission qui continue de parler au monde. Ici, entre les murs int\u00e9gr\u00e9s dans une citronnerie historique du &#8230; <a title=\"Europe, Italie | La maison natale de saint Daniel Comboni \u00e0 Limone sul Garda\" class=\"read-more\" href=\"https:\/\/spaziospadoni.org\/fr\/europe-italie-la-maison-natale-de-saint-daniel-comboni-a-limone-sul-garda\/\" aria-label=\"Read more about Europe, Italie | La maison natale de saint Daniel Comboni \u00e0 Limone sul Garda\">Lire plus<\/a><\/p>\n","protected":false},"author":13,"featured_media":90462,"comment_status":"closed","ping_status":"closed","sticky":false,"template":"","format":"standard","meta":{"_sitemap_exclude":false,"_sitemap_priority":"","_sitemap_frequency":"","ss_featured_image_title":"","ss_featured_image_alt":"Le mus\u00e9e de saint Daniel Comboni","ss_featured_image_caption":"La maison natale de saint Daniel Comboni \u00e0 Limone sul Garda, dans la province de Brescia. Mus\u00e9e et \u00ab maison ouverte au monde \u00bb.","footnotes":""},"categories":[2300],"tags":[2603,4973],"class_list":["post-90463","post","type-post","status-publish","format-standard","has-post-thumbnail","hentry","category-leglise-qui-inspire","tag-afrique","tag-missionnaires-comboniens","infinite-scroll-item","generate-columns","tablet-grid-50","mobile-grid-100","grid-parent","grid-50"],"yoast_head":"<!-- This site is optimized with the Yoast SEO plugin v28.4 - https:\/\/yoast.com\/product\/yoast-seo-wordpress\/ -->\n<title>Europe, Italie | Maison natale de saint Daniel Comboni<\/title>\n<meta name=\"description\" content=\"D\u00e9couvrez la maison natale de saint Daniel Comboni \u00e0 Limone sul Garda, entre histoire, foi et vocation missionnaire pour l&#039;Afrique.\" \/>\n<meta name=\"robots\" content=\"index, follow, max-snippet:-1, max-image-preview:large, max-video-preview:-1\" \/>\n<link rel=\"canonical\" href=\"https:\/\/spaziospadoni.org\/fr\/europe-italie-la-maison-natale-de-saint-daniel-comboni-a-limone-sul-garda\/\" \/>\n<meta property=\"og:locale\" content=\"fr_FR\" \/>\n<meta property=\"og:type\" content=\"article\" \/>\n<meta property=\"og:title\" content=\"Europe, Italie | Maison natale de saint Daniel Comboni\" \/>\n<meta property=\"og:description\" content=\"D\u00e9couvrez la maison natale de saint Daniel Comboni \u00e0 Limone sul Garda, entre histoire, foi et vocation missionnaire pour l&#039;Afrique.\" \/>\n<meta property=\"og:url\" content=\"https:\/\/spaziospadoni.org\/fr\/europe-italie-la-maison-natale-de-saint-daniel-comboni-a-limone-sul-garda\/\" \/>\n<meta property=\"og:site_name\" content=\"spazio + spadoni\" \/>\n<meta property=\"article:publisher\" content=\"https:\/\/www.facebook.com\/SpazioSpadoni\/\" \/>\n<meta property=\"article:published_time\" content=\"2026-08-17T12:00:00+00:00\" \/>\n<meta property=\"article:modified_time\" content=\"2026-08-18T13:09:20+00:00\" \/>\n<meta property=\"og:image\" content=\"https:\/\/spaziospadoni.org\/wp-content\/uploads\/2026\/08\/museo-daniele-comboni.webp\" \/>\n\t<meta property=\"og:image:width\" content=\"1200\" \/>\n\t<meta property=\"og:image:height\" content=\"800\" \/>\n\t<meta property=\"og:image:type\" content=\"image\/webp\" \/>\n<meta name=\"author\" content=\"Maria Lucia Ercole\" \/>\n<meta name=\"twitter:card\" content=\"summary_large_image\" \/>\n<meta name=\"twitter:label1\" content=\"\u00c9crit par\" \/>\n\t<meta name=\"twitter:data1\" content=\"Maria Lucia Ercole\" \/>\n\t<meta name=\"twitter:label2\" content=\"Est. reading time\" \/>\n\t<meta name=\"twitter:data2\" content=\"3 minutes\" \/>\n<script type=\"application\/ld+json\" class=\"yoast-schema-graph\">{\"@context\":\"https:\\\/\\\/schema.org\",\"@graph\":[{\"@type\":\"Article\",\"@id\":\"https:\\\/\\\/spaziospadoni.org\\\/fr\\\/europe-italie-la-maison-natale-de-saint-daniel-comboni-a-limone-sul-garda\\\/#article\",\"isPartOf\":{\"@id\":\"https:\\\/\\\/spaziospadoni.org\\\/fr\\\/europe-italie-la-maison-natale-de-saint-daniel-comboni-a-limone-sul-garda\\\/\"},\"author\":{\"name\":\"Maria Lucia Ercole\",\"@id\":\"https:\\\/\\\/spaziospadoni.org\\\/fr\\\/#\\\/schema\\\/person\\\/9cdee08a0f6e8328c0e19b713bde0426\"},\"headline\":\"Europe, Italie | La maison natale de saint Daniel Comboni \u00e0 Limone sul Garda\",\"datePublished\":\"2026-08-17T12:00:00+00:00\",\"dateModified\":\"2026-08-18T13:09:20+00:00\",\"mainEntityOfPage\":{\"@id\":\"https:\\\/\\\/spaziospadoni.org\\\/fr\\\/europe-italie-la-maison-natale-de-saint-daniel-comboni-a-limone-sul-garda\\\/\"},\"wordCount\":508,\"publisher\":{\"@id\":\"https:\\\/\\\/spaziospadoni.org\\\/fr\\\/#organization\"},\"image\":{\"@id\":\"https:\\\/\\\/spaziospadoni.org\\\/fr\\\/europe-italie-la-maison-natale-de-saint-daniel-comboni-a-limone-sul-garda\\\/#primaryimage\"},\"thumbnailUrl\":\"https:\\\/\\\/spaziospadoni.org\\\/wp-content\\\/uploads\\\/2026\\\/08\\\/museo-daniele-comboni.webp\",\"keywords\":[\"Afrique\",\"Missionnaires Comboniens\"],\"articleSection\":[\"L'\u00c9glise qui inspire\"],\"inLanguage\":\"fr-FR\"},{\"@type\":\"WebPage\",\"@id\":\"https:\\\/\\\/spaziospadoni.org\\\/fr\\\/europe-italie-la-maison-natale-de-saint-daniel-comboni-a-limone-sul-garda\\\/\",\"url\":\"https:\\\/\\\/spaziospadoni.org\\\/fr\\\/europe-italie-la-maison-natale-de-saint-daniel-comboni-a-limone-sul-garda\\\/\",\"name\":\"Europe, Italie | Maison natale de saint Daniel Comboni\",\"isPartOf\":{\"@id\":\"https:\\\/\\\/spaziospadoni.org\\\/fr\\\/#website\"},\"primaryImageOfPage\":{\"@id\":\"https:\\\/\\\/spaziospadoni.org\\\/fr\\\/europe-italie-la-maison-natale-de-saint-daniel-comboni-a-limone-sul-garda\\\/#primaryimage\"},\"image\":{\"@id\":\"https:\\\/\\\/spaziospadoni.org\\\/fr\\\/europe-italie-la-maison-natale-de-saint-daniel-comboni-a-limone-sul-garda\\\/#primaryimage\"},\"thumbnailUrl\":\"https:\\\/\\\/spaziospadoni.org\\\/wp-content\\\/uploads\\\/2026\\\/08\\\/museo-daniele-comboni.webp\",\"datePublished\":\"2026-08-17T12:00:00+00:00\",\"dateModified\":\"2026-08-18T13:09:20+00:00\",\"description\":\"D\u00e9couvrez la maison natale de saint Daniel Comboni \u00e0 Limone sul Garda, entre histoire, foi et vocation missionnaire pour l'Afrique.\",\"breadcrumb\":{\"@id\":\"https:\\\/\\\/spaziospadoni.org\\\/fr\\\/europe-italie-la-maison-natale-de-saint-daniel-comboni-a-limone-sul-garda\\\/#breadcrumb\"},\"inLanguage\":\"fr-FR\",\"potentialAction\":[{\"@type\":\"ReadAction\",\"target\":[\"https:\\\/\\\/spaziospadoni.org\\\/fr\\\/europe-italie-la-maison-natale-de-saint-daniel-comboni-a-limone-sul-garda\\\/\"]}]},{\"@type\":\"ImageObject\",\"inLanguage\":\"fr-FR\",\"@id\":\"https:\\\/\\\/spaziospadoni.org\\\/fr\\\/europe-italie-la-maison-natale-de-saint-daniel-comboni-a-limone-sul-garda\\\/#primaryimage\",\"url\":\"https:\\\/\\\/spaziospadoni.org\\\/wp-content\\\/uploads\\\/2026\\\/08\\\/museo-daniele-comboni.webp\",\"contentUrl\":\"https:\\\/\\\/spaziospadoni.org\\\/wp-content\\\/uploads\\\/2026\\\/08\\\/museo-daniele-comboni.webp\",\"width\":1200,\"height\":800,\"caption\":\"La maison natale de saint Daniel Comboni \u00e0 Limone sul Garda, dans la province de Brescia. Mus\u00e9e et \u00ab maison ouverte au monde \u00bb.\"},{\"@type\":\"BreadcrumbList\",\"@id\":\"https:\\\/\\\/spaziospadoni.org\\\/fr\\\/europe-italie-la-maison-natale-de-saint-daniel-comboni-a-limone-sul-garda\\\/#breadcrumb\",\"itemListElement\":[{\"@type\":\"ListItem\",\"position\":1,\"name\":\"Home\",\"item\":\"https:\\\/\\\/spaziospadoni.org\\\/fr\\\/\"},{\"@type\":\"ListItem\",\"position\":2,\"name\":\"Europe, Italie | La maison natale de saint Daniel Comboni \u00e0 Limone sul Garda\"}]},{\"@type\":\"WebSite\",\"@id\":\"https:\\\/\\\/spaziospadoni.org\\\/fr\\\/#website\",\"url\":\"https:\\\/\\\/spaziospadoni.org\\\/fr\\\/\",\"name\":\"spazio + spadoni\",\"description\":\"Generazione di misericordia e missione nel mondo\",\"publisher\":{\"@id\":\"https:\\\/\\\/spaziospadoni.org\\\/fr\\\/#organization\"},\"alternateName\":\"spaziospadoni.org\",\"potentialAction\":[{\"@type\":\"SearchAction\",\"target\":{\"@type\":\"EntryPoint\",\"urlTemplate\":\"https:\\\/\\\/spaziospadoni.org\\\/fr\\\/?s={search_term_string}\"},\"query-input\":{\"@type\":\"PropertyValueSpecification\",\"valueRequired\":true,\"valueName\":\"search_term_string\"}}],\"inLanguage\":\"fr-FR\"},{\"@type\":\"Organization\",\"@id\":\"https:\\\/\\\/spaziospadoni.org\\\/fr\\\/#organization\",\"name\":\"spazio + spadoni\",\"alternateName\":\"spaziospadoni.org\",\"url\":\"https:\\\/\\\/spaziospadoni.org\\\/fr\\\/\",\"logo\":{\"@type\":\"ImageObject\",\"inLanguage\":\"fr-FR\",\"@id\":\"https:\\\/\\\/spaziospadoni.org\\\/fr\\\/#\\\/schema\\\/logo\\\/image\\\/\",\"url\":\"https:\\\/\\\/spaziospadoni.org\\\/wp-content\\\/uploads\\\/2026\\\/05\\\/spazio-spadoni-logo-100x100-1.webp\",\"contentUrl\":\"https:\\\/\\\/spaziospadoni.org\\\/wp-content\\\/uploads\\\/2026\\\/05\\\/spazio-spadoni-logo-100x100-1.webp\",\"width\":100,\"height\":100,\"caption\":\"spazio + spadoni\"},\"image\":{\"@id\":\"https:\\\/\\\/spaziospadoni.org\\\/fr\\\/#\\\/schema\\\/logo\\\/image\\\/\"},\"sameAs\":[\"https:\\\/\\\/www.facebook.com\\\/SpazioSpadoni\\\/\",\"https:\\\/\\\/www.instagram.com\\\/spaziospadoni\\\/\",\"https:\\\/\\\/www.youtube.com\\\/@spaziospadoni\\\/playlists\"]},{\"@type\":\"Person\",\"@id\":\"https:\\\/\\\/spaziospadoni.org\\\/fr\\\/#\\\/schema\\\/person\\\/9cdee08a0f6e8328c0e19b713bde0426\",\"name\":\"Maria Lucia Ercole\",\"image\":{\"@type\":\"ImageObject\",\"inLanguage\":\"fr-FR\",\"@id\":\"https:\\\/\\\/secure.gravatar.com\\\/avatar\\\/880bbdf4c968635b20266eac4e46e8196a6dde9230c4927c12757a6c430e6e3d?s=96&d=mm&r=g\",\"url\":\"https:\\\/\\\/secure.gravatar.com\\\/avatar\\\/880bbdf4c968635b20266eac4e46e8196a6dde9230c4927c12757a6c430e6e3d?s=96&d=mm&r=g\",\"contentUrl\":\"https:\\\/\\\/secure.gravatar.com\\\/avatar\\\/880bbdf4c968635b20266eac4e46e8196a6dde9230c4927c12757a6c430e6e3d?s=96&d=mm&r=g\",\"caption\":\"Maria Lucia Ercole\"},\"description\":\"Dipl\u00f4m\u00e9e en \u00e9conomie et en sciences de l\u2019\u00e9ducation, elle a enseign\u00e9 dans plusieurs \u00e9tablissements secondaires de Turin. Elle se consacre actuellement pleinement au b\u00e9n\u00e9volat, aussi bien dans le cadre paroissial que dans le domaine \u00e9ducatif, en enseignant l\u2019italien langue seconde (L2) aux migrants. Depuis octobre 2021, elle r\u00e9dige la newsletter \u201cLa Chiesa che ispira \u2013 Spazio di riflessione sulla Chiesa Cattolica, oggi\u201d et participe activement aux campagnes nationales \u201cStop smartphone e social sotto i 14 e 16 anni\u201d.\",\"url\":\"https:\\\/\\\/spaziospadoni.org\\\/fr\\\/author\\\/ercolemission\\\/\"}]}<\/script>\n<!-- \/ Yoast SEO plugin. -->","yoast_head_json":{"title":"Europe, Italie | Maison natale de saint Daniel Comboni","description":"D\u00e9couvrez la maison natale de saint Daniel Comboni \u00e0 Limone sul Garda, entre histoire, foi et vocation missionnaire pour l'Afrique.","robots":{"index":"index","follow":"follow","max-snippet":"max-snippet:-1","max-image-preview":"max-image-preview:large","max-video-preview":"max-video-preview:-1"},"canonical":"https:\/\/spaziospadoni.org\/fr\/europe-italie-la-maison-natale-de-saint-daniel-comboni-a-limone-sul-garda\/","og_locale":"fr_FR","og_type":"article","og_title":"Europe, Italie | Maison natale de saint Daniel Comboni","og_description":"D\u00e9couvrez la maison natale de saint Daniel Comboni \u00e0 Limone sul Garda, entre histoire, foi et vocation missionnaire pour l'Afrique.","og_url":"https:\/\/spaziospadoni.org\/fr\/europe-italie-la-maison-natale-de-saint-daniel-comboni-a-limone-sul-garda\/","og_site_name":"spazio + spadoni","article_publisher":"https:\/\/www.facebook.com\/SpazioSpadoni\/","article_published_time":"2026-08-17T12:00:00+00:00","article_modified_time":"2026-08-18T13:09:20+00:00","og_image":[{"width":1200,"height":800,"url":"https:\/\/spaziospadoni.org\/wp-content\/uploads\/2026\/08\/museo-daniele-comboni.webp","type":"image\/webp"}],"author":"Maria Lucia Ercole","twitter_card":"summary_large_image","twitter_misc":{"\u00c9crit par":"Maria Lucia Ercole","Est. reading time":"3 minutes"},"schema":{"@context":"https:\/\/schema.org","@graph":[{"@type":"Article","@id":"https:\/\/spaziospadoni.org\/fr\/europe-italie-la-maison-natale-de-saint-daniel-comboni-a-limone-sul-garda\/#article","isPartOf":{"@id":"https:\/\/spaziospadoni.org\/fr\/europe-italie-la-maison-natale-de-saint-daniel-comboni-a-limone-sul-garda\/"},"author":{"name":"Maria Lucia Ercole","@id":"https:\/\/spaziospadoni.org\/fr\/#\/schema\/person\/9cdee08a0f6e8328c0e19b713bde0426"},"headline":"Europe, Italie | La maison natale de saint Daniel Comboni \u00e0 Limone sul Garda","datePublished":"2026-08-17T12:00:00+00:00","dateModified":"2026-08-18T13:09:20+00:00","mainEntityOfPage":{"@id":"https:\/\/spaziospadoni.org\/fr\/europe-italie-la-maison-natale-de-saint-daniel-comboni-a-limone-sul-garda\/"},"wordCount":508,"publisher":{"@id":"https:\/\/spaziospadoni.org\/fr\/#organization"},"image":{"@id":"https:\/\/spaziospadoni.org\/fr\/europe-italie-la-maison-natale-de-saint-daniel-comboni-a-limone-sul-garda\/#primaryimage"},"thumbnailUrl":"https:\/\/spaziospadoni.org\/wp-content\/uploads\/2026\/08\/museo-daniele-comboni.webp","keywords":["Afrique","Missionnaires Comboniens"],"articleSection":["L'\u00c9glise qui inspire"],"inLanguage":"fr-FR"},{"@type":"WebPage","@id":"https:\/\/spaziospadoni.org\/fr\/europe-italie-la-maison-natale-de-saint-daniel-comboni-a-limone-sul-garda\/","url":"https:\/\/spaziospadoni.org\/fr\/europe-italie-la-maison-natale-de-saint-daniel-comboni-a-limone-sul-garda\/","name":"Europe, Italie | Maison natale de saint Daniel Comboni","isPartOf":{"@id":"https:\/\/spaziospadoni.org\/fr\/#website"},"primaryImageOfPage":{"@id":"https:\/\/spaziospadoni.org\/fr\/europe-italie-la-maison-natale-de-saint-daniel-comboni-a-limone-sul-garda\/#primaryimage"},"image":{"@id":"https:\/\/spaziospadoni.org\/fr\/europe-italie-la-maison-natale-de-saint-daniel-comboni-a-limone-sul-garda\/#primaryimage"},"thumbnailUrl":"https:\/\/spaziospadoni.org\/wp-content\/uploads\/2026\/08\/museo-daniele-comboni.webp","datePublished":"2026-08-17T12:00:00+00:00","dateModified":"2026-08-18T13:09:20+00:00","description":"D\u00e9couvrez la maison natale de saint Daniel Comboni \u00e0 Limone sul Garda, entre histoire, foi et vocation missionnaire pour l'Afrique.","breadcrumb":{"@id":"https:\/\/spaziospadoni.org\/fr\/europe-italie-la-maison-natale-de-saint-daniel-comboni-a-limone-sul-garda\/#breadcrumb"},"inLanguage":"fr-FR","potentialAction":[{"@type":"ReadAction","target":["https:\/\/spaziospadoni.org\/fr\/europe-italie-la-maison-natale-de-saint-daniel-comboni-a-limone-sul-garda\/"]}]},{"@type":"ImageObject","inLanguage":"fr-FR","@id":"https:\/\/spaziospadoni.org\/fr\/europe-italie-la-maison-natale-de-saint-daniel-comboni-a-limone-sul-garda\/#primaryimage","url":"https:\/\/spaziospadoni.org\/wp-content\/uploads\/2026\/08\/museo-daniele-comboni.webp","contentUrl":"https:\/\/spaziospadoni.org\/wp-content\/uploads\/2026\/08\/museo-daniele-comboni.webp","width":1200,"height":800,"caption":"La maison natale de saint Daniel Comboni \u00e0 Limone sul Garda, dans la province de Brescia. Mus\u00e9e et \u00ab maison ouverte au monde \u00bb."},{"@type":"BreadcrumbList","@id":"https:\/\/spaziospadoni.org\/fr\/europe-italie-la-maison-natale-de-saint-daniel-comboni-a-limone-sul-garda\/#breadcrumb","itemListElement":[{"@type":"ListItem","position":1,"name":"Home","item":"https:\/\/spaziospadoni.org\/fr\/"},{"@type":"ListItem","position":2,"name":"Europe, Italie | La maison natale de saint Daniel Comboni \u00e0 Limone sul Garda"}]},{"@type":"WebSite","@id":"https:\/\/spaziospadoni.org\/fr\/#website","url":"https:\/\/spaziospadoni.org\/fr\/","name":"spazio + spadoni","description":"Generazione di misericordia e missione nel mondo","publisher":{"@id":"https:\/\/spaziospadoni.org\/fr\/#organization"},"alternateName":"spaziospadoni.org","potentialAction":[{"@type":"SearchAction","target":{"@type":"EntryPoint","urlTemplate":"https:\/\/spaziospadoni.org\/fr\/?s={search_term_string}"},"query-input":{"@type":"PropertyValueSpecification","valueRequired":true,"valueName":"search_term_string"}}],"inLanguage":"fr-FR"},{"@type":"Organization","@id":"https:\/\/spaziospadoni.org\/fr\/#organization","name":"spazio + spadoni","alternateName":"spaziospadoni.org","url":"https:\/\/spaziospadoni.org\/fr\/","logo":{"@type":"ImageObject","inLanguage":"fr-FR","@id":"https:\/\/spaziospadoni.org\/fr\/#\/schema\/logo\/image\/","url":"https:\/\/spaziospadoni.org\/wp-content\/uploads\/2026\/05\/spazio-spadoni-logo-100x100-1.webp","contentUrl":"https:\/\/spaziospadoni.org\/wp-content\/uploads\/2026\/05\/spazio-spadoni-logo-100x100-1.webp","width":100,"height":100,"caption":"spazio + spadoni"},"image":{"@id":"https:\/\/spaziospadoni.org\/fr\/#\/schema\/logo\/image\/"},"sameAs":["https:\/\/www.facebook.com\/SpazioSpadoni\/","https:\/\/www.instagram.com\/spaziospadoni\/","https:\/\/www.youtube.com\/@spaziospadoni\/playlists"]},{"@type":"Person","@id":"https:\/\/spaziospadoni.org\/fr\/#\/schema\/person\/9cdee08a0f6e8328c0e19b713bde0426","name":"Maria Lucia Ercole","image":{"@type":"ImageObject","inLanguage":"fr-FR","@id":"https:\/\/secure.gravatar.com\/avatar\/880bbdf4c968635b20266eac4e46e8196a6dde9230c4927c12757a6c430e6e3d?s=96&d=mm&r=g","url":"https:\/\/secure.gravatar.com\/avatar\/880bbdf4c968635b20266eac4e46e8196a6dde9230c4927c12757a6c430e6e3d?s=96&d=mm&r=g","contentUrl":"https:\/\/secure.gravatar.com\/avatar\/880bbdf4c968635b20266eac4e46e8196a6dde9230c4927c12757a6c430e6e3d?s=96&d=mm&r=g","caption":"Maria Lucia Ercole"},"description":"Dipl\u00f4m\u00e9e en \u00e9conomie et en sciences de l\u2019\u00e9ducation, elle a enseign\u00e9 dans plusieurs \u00e9tablissements secondaires de Turin. Elle se consacre actuellement pleinement au b\u00e9n\u00e9volat, aussi bien dans le cadre paroissial que dans le domaine \u00e9ducatif, en enseignant l\u2019italien langue seconde (L2) aux migrants. Depuis octobre 2021, elle r\u00e9dige la newsletter \u201cLa Chiesa che ispira \u2013 Spazio di riflessione sulla Chiesa Cattolica, oggi\u201d et participe activement aux campagnes nationales \u201cStop smartphone e social sotto i 14 e 16 anni\u201d.","url":"https:\/\/spaziospadoni.org\/fr\/author\/ercolemission\/"}]}},"_links":{"self":[{"href":"https:\/\/spaziospadoni.org\/fr\/wp-json\/wp\/v2\/posts\/90463","targetHints":{"allow":["GET"]}}],"collection":[{"href":"https:\/\/spaziospadoni.org\/fr\/wp-json\/wp\/v2\/posts"}],"about":[{"href":"https:\/\/spaziospadoni.org\/fr\/wp-json\/wp\/v2\/types\/post"}],"author":[{"embeddable":true,"href":"https:\/\/spaziospadoni.org\/fr\/wp-json\/wp\/v2\/users\/13"}],"replies":[{"embeddable":true,"href":"https:\/\/spaziospadoni.org\/fr\/wp-json\/wp\/v2\/comments?post=90463"}],"version-history":[{"count":1,"href":"https:\/\/spaziospadoni.org\/fr\/wp-json\/wp\/v2\/posts\/90463\/revisions"}],"predecessor-version":[{"id":90464,"href":"https:\/\/spaziospadoni.org\/fr\/wp-json\/wp\/v2\/posts\/90463\/revisions\/90464"}],"wp:featuredmedia":[{"embeddable":true,"href":"https:\/\/spaziospadoni.org\/fr\/wp-json\/wp\/v2\/media\/90462"}],"wp:attachment":[{"href":"https:\/\/spaziospadoni.org\/fr\/wp-json\/wp\/v2\/media?parent=90463"}],"wp:term":[{"taxonomy":"category","embeddable":true,"href":"https:\/\/spaziospadoni.org\/fr\/wp-json\/wp\/v2\/categories?post=90463"},{"taxonomy":"post_tag","embeddable":true,"href":"https:\/\/spaziospadoni.org\/fr\/wp-json\/wp\/v2\/tags?post=90463"}],"curies":[{"name":"wp","href":"https:\/\/api.w.org\/{rel}","templated":true}]}}