{"id":90488,"date":"2026-08-16T13:00:00","date_gmt":"2026-08-16T12:00:00","guid":{"rendered":"https:\/\/spaziospadoni.org\/?p=90488"},"modified":"2026-08-18T18:06:32","modified_gmt":"2026-08-18T17:06:32","slug":"priere-a-ave-maria-mere-de-misericorde","status":"publish","type":"post","link":"https:\/\/spaziospadoni.org\/fr\/priere-a-ave-maria-mere-de-misericorde\/","title":{"rendered":"Pri\u00e8re \u00e0 Ave Maria, M\u00e8re de Mis\u00e9ricorde"},"content":{"rendered":"\n<p class=\"wp-block-paragraph\">JE VOUS SALUE MARIE,<\/p>\n\n\n\n<p class=\"wp-block-paragraph\">tu as donn\u00e9 au monde la vraie Lumi\u00e8re de Dieu,<\/p>\n\n\n\n<p class=\"wp-block-paragraph\">SOURCE vivante de paix et d&rsquo;amour,<\/p>\n\n\n\n<p class=\"wp-block-paragraph\">ton fils J\u00e9sus.<\/p>\n\n\n\n<p class=\"wp-block-paragraph\">M\u00e8re de tendresse et de sagesse,<\/p>\n\n\n\n<p class=\"wp-block-paragraph\">prends-nous par la main,<\/p>\n\n\n\n<p class=\"wp-block-paragraph\">accompagne notre chemin vers le ROYAUME de DIEU. Fais de nous des ponts d&rsquo;esp\u00e9rance dans la rencontre avec les autres, avec les pauvres et les migrants.<\/p>\n\n\n\n<p class=\"wp-block-paragraph\">M\u00e8re pleine de Mis\u00e9ricorde,<\/p>\n\n\n\n<p class=\"wp-block-paragraph\">apprends-nous \u00e0 \u00eatre des disciples du Ressuscit\u00e9, SEL et LUMI\u00c8RE du monde sur les chemins de la fraternit\u00e9.<\/p>\n\n\n\n<p class=\"wp-block-paragraph\">Sainte Marie, M\u00e8re de Dieu,<\/p>\n\n\n\n<p class=\"wp-block-paragraph\">transforme notre C\u0152UR.<\/p>\n\n\n\n<p class=\"wp-block-paragraph\">Efface la haine, les pr\u00e9jug\u00e9s et la peur; insuffle en nous le respect de l&rsquo;autre, le courage, la solidarit\u00e9 et l&rsquo;amour.<\/p>\n\n\n\n<p class=\"wp-block-paragraph\">Prie pour nous maintenant et toujours. AMEN<\/p>\n\n\n\n<p class=\"wp-block-paragraph\"><strong>Image cr\u00e9\u00e9e num\u00e9riquement par spazio + spadoni<\/strong><\/p>\n\n\n\n<p class=\"wp-block-paragraph\"><\/p>\n","protected":false},"excerpt":{"rendered":"<p>JE VOUS SALUE MARIE, tu as donn\u00e9 au monde la vraie Lumi\u00e8re de Dieu, SOURCE vivante de paix et d&rsquo;amour, ton fils J\u00e9sus. M\u00e8re de tendresse et de sagesse, prends-nous par la main, accompagne notre chemin vers le ROYAUME de DIEU. Fais de nous des ponts d&rsquo;esp\u00e9rance dans la rencontre avec les autres, avec les &#8230; <a title=\"Pri\u00e8re \u00e0 Ave Maria, M\u00e8re de Mis\u00e9ricorde\" class=\"read-more\" href=\"https:\/\/spaziospadoni.org\/fr\/priere-a-ave-maria-mere-de-misericorde\/\" aria-label=\"Read more about Pri\u00e8re \u00e0 Ave Maria, M\u00e8re de Mis\u00e9ricorde\">Lire plus<\/a><\/p>\n","protected":false},"author":87,"featured_media":90487,"comment_status":"closed","ping_status":"closed","sticky":false,"template":"","format":"standard","meta":{"_sitemap_exclude":false,"_sitemap_priority":"","_sitemap_frequency":"","ss_featured_image_title":"","ss_featured_image_alt":"Marie dans le monde, Assum\u00e9e au Ciel","ss_featured_image_caption":"Dans le monde entier, diff\u00e9rents peuples sont d\u00e9vots \u00e0 Marie.","footnotes":""},"categories":[2492],"tags":[4521,2567],"class_list":["post-90488","post","type-post","status-publish","format-standard","has-post-thumbnail","hentry","category-prieres-et-celebrations","tag-embauche-maria","tag-priere","infinite-scroll-item","generate-columns","tablet-grid-50","mobile-grid-100","grid-parent","grid-50"],"yoast_head":"<!-- This site is optimized with the Yoast SEO plugin v28.4 - https:\/\/yoast.com\/product\/yoast-seo-wordpress\/ -->\n<title>Pri\u00e8re \u00e0 Ave Maria, M\u00e8re de Mis\u00e9ricorde<\/title>\n<meta name=\"description\" content=\"Une pri\u00e8re sinc\u00e8re \u00e0 Ave Maria, M\u00e8re de Mis\u00e9ricorde et de sagesse, pour demander la paix, l&#039;esp\u00e9rance et la fraternit\u00e9 dans le monde.\" \/>\n<meta name=\"robots\" content=\"index, follow, max-snippet:-1, max-image-preview:large, max-video-preview:-1\" \/>\n<link rel=\"canonical\" href=\"https:\/\/spaziospadoni.org\/fr\/priere-a-ave-maria-mere-de-misericorde\/\" \/>\n<meta property=\"og:locale\" content=\"fr_FR\" \/>\n<meta property=\"og:type\" content=\"article\" \/>\n<meta property=\"og:title\" content=\"Pri\u00e8re \u00e0 Ave Maria, M\u00e8re de Mis\u00e9ricorde\" \/>\n<meta property=\"og:description\" content=\"Une pri\u00e8re sinc\u00e8re \u00e0 Ave Maria, M\u00e8re de Mis\u00e9ricorde et de sagesse, pour demander la paix, l&#039;esp\u00e9rance et la fraternit\u00e9 dans le monde.\" \/>\n<meta property=\"og:url\" content=\"https:\/\/spaziospadoni.org\/fr\/priere-a-ave-maria-mere-de-misericorde\/\" \/>\n<meta property=\"og:site_name\" content=\"spazio + spadoni\" \/>\n<meta property=\"article:publisher\" content=\"https:\/\/www.facebook.com\/SpazioSpadoni\/\" \/>\n<meta property=\"article:published_time\" content=\"2026-08-16T12:00:00+00:00\" \/>\n<meta property=\"article:modified_time\" content=\"2026-08-18T17:06:32+00:00\" \/>\n<meta property=\"og:image\" content=\"https:\/\/spaziospadoni.org\/wp-content\/uploads\/2026\/08\/Madonna-madre-speranza-misericordia.webp\" \/>\n\t<meta property=\"og:image:width\" content=\"1200\" \/>\n\t<meta property=\"og:image:height\" content=\"655\" \/>\n\t<meta property=\"og:image:type\" content=\"image\/webp\" \/>\n<meta name=\"author\" content=\"Padre Renato Zilio\" \/>\n<meta name=\"twitter:card\" content=\"summary_large_image\" \/>\n<meta name=\"twitter:label1\" content=\"\u00c9crit par\" \/>\n\t<meta name=\"twitter:data1\" content=\"P\u00e8re Renato Zilio\" \/>\n\t<meta name=\"twitter:label2\" content=\"Est. reading time\" \/>\n\t<meta name=\"twitter:data2\" content=\"1 minute\" \/>\n<script type=\"application\/ld+json\" class=\"yoast-schema-graph\">{\"@context\":\"https:\\\/\\\/schema.org\",\"@graph\":[{\"@type\":\"Article\",\"@id\":\"https:\\\/\\\/spaziospadoni.org\\\/fr\\\/priere-a-ave-maria-mere-de-misericorde\\\/#article\",\"isPartOf\":{\"@id\":\"https:\\\/\\\/spaziospadoni.org\\\/fr\\\/priere-a-ave-maria-mere-de-misericorde\\\/\"},\"author\":{\"name\":\"Padre Renato Zilio\",\"@id\":\"https:\\\/\\\/spaziospadoni.org\\\/fr\\\/#\\\/schema\\\/person\\\/cdbfe082bf7b797369495a6f93ab63f3\"},\"headline\":\"Pri\u00e8re \u00e0 Ave Maria, M\u00e8re de Mis\u00e9ricorde\",\"datePublished\":\"2026-08-16T12:00:00+00:00\",\"dateModified\":\"2026-08-18T17:06:32+00:00\",\"mainEntityOfPage\":{\"@id\":\"https:\\\/\\\/spaziospadoni.org\\\/fr\\\/priere-a-ave-maria-mere-de-misericorde\\\/\"},\"wordCount\":148,\"publisher\":{\"@id\":\"https:\\\/\\\/spaziospadoni.org\\\/fr\\\/#organization\"},\"image\":{\"@id\":\"https:\\\/\\\/spaziospadoni.org\\\/fr\\\/priere-a-ave-maria-mere-de-misericorde\\\/#primaryimage\"},\"thumbnailUrl\":\"https:\\\/\\\/spaziospadoni.org\\\/wp-content\\\/uploads\\\/2026\\\/08\\\/Madonna-madre-speranza-misericordia.webp\",\"keywords\":[\"embauche Maria\",\"pri\u00e8re\"],\"articleSection\":[\"Pri\u00e8res et c\u00e9l\u00e9brations\"],\"inLanguage\":\"fr-FR\"},{\"@type\":\"WebPage\",\"@id\":\"https:\\\/\\\/spaziospadoni.org\\\/fr\\\/priere-a-ave-maria-mere-de-misericorde\\\/\",\"url\":\"https:\\\/\\\/spaziospadoni.org\\\/fr\\\/priere-a-ave-maria-mere-de-misericorde\\\/\",\"name\":\"Pri\u00e8re \u00e0 Ave Maria, M\u00e8re de Mis\u00e9ricorde\",\"isPartOf\":{\"@id\":\"https:\\\/\\\/spaziospadoni.org\\\/fr\\\/#website\"},\"primaryImageOfPage\":{\"@id\":\"https:\\\/\\\/spaziospadoni.org\\\/fr\\\/priere-a-ave-maria-mere-de-misericorde\\\/#primaryimage\"},\"image\":{\"@id\":\"https:\\\/\\\/spaziospadoni.org\\\/fr\\\/priere-a-ave-maria-mere-de-misericorde\\\/#primaryimage\"},\"thumbnailUrl\":\"https:\\\/\\\/spaziospadoni.org\\\/wp-content\\\/uploads\\\/2026\\\/08\\\/Madonna-madre-speranza-misericordia.webp\",\"datePublished\":\"2026-08-16T12:00:00+00:00\",\"dateModified\":\"2026-08-18T17:06:32+00:00\",\"description\":\"Une pri\u00e8re sinc\u00e8re \u00e0 Ave Maria, M\u00e8re de Mis\u00e9ricorde et de sagesse, pour demander la paix, l'esp\u00e9rance et la fraternit\u00e9 dans le monde.\",\"breadcrumb\":{\"@id\":\"https:\\\/\\\/spaziospadoni.org\\\/fr\\\/priere-a-ave-maria-mere-de-misericorde\\\/#breadcrumb\"},\"inLanguage\":\"fr-FR\",\"potentialAction\":[{\"@type\":\"ReadAction\",\"target\":[\"https:\\\/\\\/spaziospadoni.org\\\/fr\\\/priere-a-ave-maria-mere-de-misericorde\\\/\"]}]},{\"@type\":\"ImageObject\",\"inLanguage\":\"fr-FR\",\"@id\":\"https:\\\/\\\/spaziospadoni.org\\\/fr\\\/priere-a-ave-maria-mere-de-misericorde\\\/#primaryimage\",\"url\":\"https:\\\/\\\/spaziospadoni.org\\\/wp-content\\\/uploads\\\/2026\\\/08\\\/Madonna-madre-speranza-misericordia.webp\",\"contentUrl\":\"https:\\\/\\\/spaziospadoni.org\\\/wp-content\\\/uploads\\\/2026\\\/08\\\/Madonna-madre-speranza-misericordia.webp\",\"width\":1200,\"height\":655,\"caption\":\"Dans le monde entier, diff\u00e9rents peuples sont d\u00e9vots \u00e0 Marie.\"},{\"@type\":\"BreadcrumbList\",\"@id\":\"https:\\\/\\\/spaziospadoni.org\\\/fr\\\/priere-a-ave-maria-mere-de-misericorde\\\/#breadcrumb\",\"itemListElement\":[{\"@type\":\"ListItem\",\"position\":1,\"name\":\"Home\",\"item\":\"https:\\\/\\\/spaziospadoni.org\\\/fr\\\/\"},{\"@type\":\"ListItem\",\"position\":2,\"name\":\"Pri\u00e8re \u00e0 Ave Maria, M\u00e8re de Mis\u00e9ricorde\"}]},{\"@type\":\"WebSite\",\"@id\":\"https:\\\/\\\/spaziospadoni.org\\\/fr\\\/#website\",\"url\":\"https:\\\/\\\/spaziospadoni.org\\\/fr\\\/\",\"name\":\"spazio + spadoni\",\"description\":\"Generazione di misericordia e missione nel mondo\",\"publisher\":{\"@id\":\"https:\\\/\\\/spaziospadoni.org\\\/fr\\\/#organization\"},\"alternateName\":\"spaziospadoni.org\",\"potentialAction\":[{\"@type\":\"SearchAction\",\"target\":{\"@type\":\"EntryPoint\",\"urlTemplate\":\"https:\\\/\\\/spaziospadoni.org\\\/fr\\\/?s={search_term_string}\"},\"query-input\":{\"@type\":\"PropertyValueSpecification\",\"valueRequired\":true,\"valueName\":\"search_term_string\"}}],\"inLanguage\":\"fr-FR\"},{\"@type\":\"Organization\",\"@id\":\"https:\\\/\\\/spaziospadoni.org\\\/fr\\\/#organization\",\"name\":\"spazio + spadoni\",\"alternateName\":\"spaziospadoni.org\",\"url\":\"https:\\\/\\\/spaziospadoni.org\\\/fr\\\/\",\"logo\":{\"@type\":\"ImageObject\",\"inLanguage\":\"fr-FR\",\"@id\":\"https:\\\/\\\/spaziospadoni.org\\\/fr\\\/#\\\/schema\\\/logo\\\/image\\\/\",\"url\":\"https:\\\/\\\/spaziospadoni.org\\\/wp-content\\\/uploads\\\/2026\\\/05\\\/spazio-spadoni-logo-100x100-1.webp\",\"contentUrl\":\"https:\\\/\\\/spaziospadoni.org\\\/wp-content\\\/uploads\\\/2026\\\/05\\\/spazio-spadoni-logo-100x100-1.webp\",\"width\":100,\"height\":100,\"caption\":\"spazio + spadoni\"},\"image\":{\"@id\":\"https:\\\/\\\/spaziospadoni.org\\\/fr\\\/#\\\/schema\\\/logo\\\/image\\\/\"},\"sameAs\":[\"https:\\\/\\\/www.facebook.com\\\/SpazioSpadoni\\\/\",\"https:\\\/\\\/www.instagram.com\\\/spaziospadoni\\\/\",\"https:\\\/\\\/www.youtube.com\\\/@spaziospadoni\\\/playlists\"]},{\"@type\":\"Person\",\"@id\":\"https:\\\/\\\/spaziospadoni.org\\\/fr\\\/#\\\/schema\\\/person\\\/cdbfe082bf7b797369495a6f93ab63f3\",\"name\":\"Padre Renato Zilio\",\"image\":{\"@type\":\"ImageObject\",\"inLanguage\":\"fr-FR\",\"@id\":\"https:\\\/\\\/secure.gravatar.com\\\/avatar\\\/b1c4a06f382effba2a4e3da5cc2a4f3ce5a0d64fad713a3a7fea2ca30e158e0e?s=96&d=mm&r=g\",\"url\":\"https:\\\/\\\/secure.gravatar.com\\\/avatar\\\/b1c4a06f382effba2a4e3da5cc2a4f3ce5a0d64fad713a3a7fea2ca30e158e0e?s=96&d=mm&r=g\",\"contentUrl\":\"https:\\\/\\\/secure.gravatar.com\\\/avatar\\\/b1c4a06f382effba2a4e3da5cc2a4f3ce5a0d64fad713a3a7fea2ca30e158e0e?s=96&d=mm&r=g\",\"caption\":\"Padre Renato Zilio\"},\"url\":\"https:\\\/\\\/spaziospadoni.org\\\/fr\\\/author\\\/zilio_mission\\\/\"}]}<\/script>\n<!-- \/ Yoast SEO plugin. -->","yoast_head_json":{"title":"Pri\u00e8re \u00e0 Ave Maria, M\u00e8re de Mis\u00e9ricorde","description":"Une pri\u00e8re sinc\u00e8re \u00e0 Ave Maria, M\u00e8re de Mis\u00e9ricorde et de sagesse, pour demander la paix, l'esp\u00e9rance et la fraternit\u00e9 dans le monde.","robots":{"index":"index","follow":"follow","max-snippet":"max-snippet:-1","max-image-preview":"max-image-preview:large","max-video-preview":"max-video-preview:-1"},"canonical":"https:\/\/spaziospadoni.org\/fr\/priere-a-ave-maria-mere-de-misericorde\/","og_locale":"fr_FR","og_type":"article","og_title":"Pri\u00e8re \u00e0 Ave Maria, M\u00e8re de Mis\u00e9ricorde","og_description":"Une pri\u00e8re sinc\u00e8re \u00e0 Ave Maria, M\u00e8re de Mis\u00e9ricorde et de sagesse, pour demander la paix, l'esp\u00e9rance et la fraternit\u00e9 dans le monde.","og_url":"https:\/\/spaziospadoni.org\/fr\/priere-a-ave-maria-mere-de-misericorde\/","og_site_name":"spazio + spadoni","article_publisher":"https:\/\/www.facebook.com\/SpazioSpadoni\/","article_published_time":"2026-08-16T12:00:00+00:00","article_modified_time":"2026-08-18T17:06:32+00:00","og_image":[{"width":1200,"height":655,"url":"https:\/\/spaziospadoni.org\/wp-content\/uploads\/2026\/08\/Madonna-madre-speranza-misericordia.webp","type":"image\/webp"}],"author":"Padre Renato Zilio","twitter_card":"summary_large_image","twitter_misc":{"\u00c9crit par":"P\u00e8re Renato Zilio","Est. reading time":"1 minute"},"schema":{"@context":"https:\/\/schema.org","@graph":[{"@type":"Article","@id":"https:\/\/spaziospadoni.org\/fr\/priere-a-ave-maria-mere-de-misericorde\/#article","isPartOf":{"@id":"https:\/\/spaziospadoni.org\/fr\/priere-a-ave-maria-mere-de-misericorde\/"},"author":{"name":"Padre Renato Zilio","@id":"https:\/\/spaziospadoni.org\/fr\/#\/schema\/person\/cdbfe082bf7b797369495a6f93ab63f3"},"headline":"Pri\u00e8re \u00e0 Ave Maria, M\u00e8re de Mis\u00e9ricorde","datePublished":"2026-08-16T12:00:00+00:00","dateModified":"2026-08-18T17:06:32+00:00","mainEntityOfPage":{"@id":"https:\/\/spaziospadoni.org\/fr\/priere-a-ave-maria-mere-de-misericorde\/"},"wordCount":148,"publisher":{"@id":"https:\/\/spaziospadoni.org\/fr\/#organization"},"image":{"@id":"https:\/\/spaziospadoni.org\/fr\/priere-a-ave-maria-mere-de-misericorde\/#primaryimage"},"thumbnailUrl":"https:\/\/spaziospadoni.org\/wp-content\/uploads\/2026\/08\/Madonna-madre-speranza-misericordia.webp","keywords":["embauche Maria","pri\u00e8re"],"articleSection":["Pri\u00e8res et c\u00e9l\u00e9brations"],"inLanguage":"fr-FR"},{"@type":"WebPage","@id":"https:\/\/spaziospadoni.org\/fr\/priere-a-ave-maria-mere-de-misericorde\/","url":"https:\/\/spaziospadoni.org\/fr\/priere-a-ave-maria-mere-de-misericorde\/","name":"Pri\u00e8re \u00e0 Ave Maria, M\u00e8re de Mis\u00e9ricorde","isPartOf":{"@id":"https:\/\/spaziospadoni.org\/fr\/#website"},"primaryImageOfPage":{"@id":"https:\/\/spaziospadoni.org\/fr\/priere-a-ave-maria-mere-de-misericorde\/#primaryimage"},"image":{"@id":"https:\/\/spaziospadoni.org\/fr\/priere-a-ave-maria-mere-de-misericorde\/#primaryimage"},"thumbnailUrl":"https:\/\/spaziospadoni.org\/wp-content\/uploads\/2026\/08\/Madonna-madre-speranza-misericordia.webp","datePublished":"2026-08-16T12:00:00+00:00","dateModified":"2026-08-18T17:06:32+00:00","description":"Une pri\u00e8re sinc\u00e8re \u00e0 Ave Maria, M\u00e8re de Mis\u00e9ricorde et de sagesse, pour demander la paix, l'esp\u00e9rance et la fraternit\u00e9 dans le monde.","breadcrumb":{"@id":"https:\/\/spaziospadoni.org\/fr\/priere-a-ave-maria-mere-de-misericorde\/#breadcrumb"},"inLanguage":"fr-FR","potentialAction":[{"@type":"ReadAction","target":["https:\/\/spaziospadoni.org\/fr\/priere-a-ave-maria-mere-de-misericorde\/"]}]},{"@type":"ImageObject","inLanguage":"fr-FR","@id":"https:\/\/spaziospadoni.org\/fr\/priere-a-ave-maria-mere-de-misericorde\/#primaryimage","url":"https:\/\/spaziospadoni.org\/wp-content\/uploads\/2026\/08\/Madonna-madre-speranza-misericordia.webp","contentUrl":"https:\/\/spaziospadoni.org\/wp-content\/uploads\/2026\/08\/Madonna-madre-speranza-misericordia.webp","width":1200,"height":655,"caption":"Dans le monde entier, diff\u00e9rents peuples sont d\u00e9vots \u00e0 Marie."},{"@type":"BreadcrumbList","@id":"https:\/\/spaziospadoni.org\/fr\/priere-a-ave-maria-mere-de-misericorde\/#breadcrumb","itemListElement":[{"@type":"ListItem","position":1,"name":"Home","item":"https:\/\/spaziospadoni.org\/fr\/"},{"@type":"ListItem","position":2,"name":"Pri\u00e8re \u00e0 Ave Maria, M\u00e8re de Mis\u00e9ricorde"}]},{"@type":"WebSite","@id":"https:\/\/spaziospadoni.org\/fr\/#website","url":"https:\/\/spaziospadoni.org\/fr\/","name":"spazio + spadoni","description":"Generazione di misericordia e missione nel mondo","publisher":{"@id":"https:\/\/spaziospadoni.org\/fr\/#organization"},"alternateName":"spaziospadoni.org","potentialAction":[{"@type":"SearchAction","target":{"@type":"EntryPoint","urlTemplate":"https:\/\/spaziospadoni.org\/fr\/?s={search_term_string}"},"query-input":{"@type":"PropertyValueSpecification","valueRequired":true,"valueName":"search_term_string"}}],"inLanguage":"fr-FR"},{"@type":"Organization","@id":"https:\/\/spaziospadoni.org\/fr\/#organization","name":"spazio + spadoni","alternateName":"spaziospadoni.org","url":"https:\/\/spaziospadoni.org\/fr\/","logo":{"@type":"ImageObject","inLanguage":"fr-FR","@id":"https:\/\/spaziospadoni.org\/fr\/#\/schema\/logo\/image\/","url":"https:\/\/spaziospadoni.org\/wp-content\/uploads\/2026\/05\/spazio-spadoni-logo-100x100-1.webp","contentUrl":"https:\/\/spaziospadoni.org\/wp-content\/uploads\/2026\/05\/spazio-spadoni-logo-100x100-1.webp","width":100,"height":100,"caption":"spazio + spadoni"},"image":{"@id":"https:\/\/spaziospadoni.org\/fr\/#\/schema\/logo\/image\/"},"sameAs":["https:\/\/www.facebook.com\/SpazioSpadoni\/","https:\/\/www.instagram.com\/spaziospadoni\/","https:\/\/www.youtube.com\/@spaziospadoni\/playlists"]},{"@type":"Person","@id":"https:\/\/spaziospadoni.org\/fr\/#\/schema\/person\/cdbfe082bf7b797369495a6f93ab63f3","name":"Padre Renato Zilio","image":{"@type":"ImageObject","inLanguage":"fr-FR","@id":"https:\/\/secure.gravatar.com\/avatar\/b1c4a06f382effba2a4e3da5cc2a4f3ce5a0d64fad713a3a7fea2ca30e158e0e?s=96&d=mm&r=g","url":"https:\/\/secure.gravatar.com\/avatar\/b1c4a06f382effba2a4e3da5cc2a4f3ce5a0d64fad713a3a7fea2ca30e158e0e?s=96&d=mm&r=g","contentUrl":"https:\/\/secure.gravatar.com\/avatar\/b1c4a06f382effba2a4e3da5cc2a4f3ce5a0d64fad713a3a7fea2ca30e158e0e?s=96&d=mm&r=g","caption":"Padre Renato Zilio"},"url":"https:\/\/spaziospadoni.org\/fr\/author\/zilio_mission\/"}]}},"_links":{"self":[{"href":"https:\/\/spaziospadoni.org\/fr\/wp-json\/wp\/v2\/posts\/90488","targetHints":{"allow":["GET"]}}],"collection":[{"href":"https:\/\/spaziospadoni.org\/fr\/wp-json\/wp\/v2\/posts"}],"about":[{"href":"https:\/\/spaziospadoni.org\/fr\/wp-json\/wp\/v2\/types\/post"}],"author":[{"embeddable":true,"href":"https:\/\/spaziospadoni.org\/fr\/wp-json\/wp\/v2\/users\/87"}],"replies":[{"embeddable":true,"href":"https:\/\/spaziospadoni.org\/fr\/wp-json\/wp\/v2\/comments?post=90488"}],"version-history":[{"count":1,"href":"https:\/\/spaziospadoni.org\/fr\/wp-json\/wp\/v2\/posts\/90488\/revisions"}],"predecessor-version":[{"id":90489,"href":"https:\/\/spaziospadoni.org\/fr\/wp-json\/wp\/v2\/posts\/90488\/revisions\/90489"}],"wp:featuredmedia":[{"embeddable":true,"href":"https:\/\/spaziospadoni.org\/fr\/wp-json\/wp\/v2\/media\/90487"}],"wp:attachment":[{"href":"https:\/\/spaziospadoni.org\/fr\/wp-json\/wp\/v2\/media?parent=90488"}],"wp:term":[{"taxonomy":"category","embeddable":true,"href":"https:\/\/spaziospadoni.org\/fr\/wp-json\/wp\/v2\/categories?post=90488"},{"taxonomy":"post_tag","embeddable":true,"href":"https:\/\/spaziospadoni.org\/fr\/wp-json\/wp\/v2\/tags?post=90488"}],"curies":[{"name":"wp","href":"https:\/\/api.w.org\/{rel}","templated":true}]}}