{"id":91280,"date":"2026-08-20T13:30:00","date_gmt":"2026-08-20T12:30:00","guid":{"rendered":"https:\/\/spaziospadoni.org\/?p=91280"},"modified":"2026-08-20T15:06:25","modified_gmt":"2026-08-20T14:06:25","slug":"mongolie-la-soif-de-la-steppe-et-lengagement-pour-soigner-la-terre","status":"publish","type":"post","link":"https:\/\/spaziospadoni.org\/fr\/mongolie-la-soif-de-la-steppe-et-lengagement-pour-soigner-la-terre\/","title":{"rendered":"Mongolie, la soif de la steppe et l&rsquo;engagement pour soigner la terre"},"content":{"rendered":"\n<p class=\"wp-block-paragraph\">L&rsquo;immensit\u00e9 des hauts plateaux mongols t\u00e9moigne d&rsquo;une histoire mill\u00e9naire d&rsquo;harmonie profonde et d&rsquo;\u00e9quilibre subtil entre l&rsquo;\u00eatre humain et la nature. Aujourd&rsquo;hui, pourtant, ce lien s\u00e9culaire est menac\u00e9 de rupture face \u00e0 la progression implacable de la s\u00e9cheresse et de l&rsquo;aridit\u00e9. \u00c0 l&rsquo;occasion de la COP17 \u00e0 Oulan-Bator, le cri d&rsquo;alarme retentit avec gravit\u00e9 : la d\u00e9gradation des sols et la <strong>d\u00e9sertification<\/strong> touchent d\u00e9sormais pr\u00e8s de 77 % du territoire national, mettant en p\u00e9ril la subsistance d&rsquo;un tiers de la population, tributaire du pastoralisme nomade.<\/p>\n\n\n\n<h2 id=\"une-crise-environnementale-qui-frappe-les-communautes\" class=\"wp-block-heading\">Une crise environnementale qui frappe les communaut\u00e9s<\/h2>\n\n\n\n<p class=\"wp-block-paragraph\">\u00abLa d\u00e9sertification en Mongolie se voit \u00e0 l&rsquo;\u0153il nu\u00bb, t\u00e9moigne <strong>s\u0153ur Sandra Garay<\/strong>, missionnaire de la Consolata et directrice ex\u00e9cutive de Caritas Mongolie. En parcourant les zones rurales en dehors de la capitale, les stigmates du d\u00e9clin \u00e9cologique sont manifestes : les sources d&rsquo;eau s&rsquo;\u00e9puisent progressivement, le couvert v\u00e9g\u00e9tal recule devant le sable et la fr\u00e9quence des temp\u00eates de poussi\u00e8re a plus que tripl\u00e9 depuis les ann\u00e9es 1960.<\/p>\n\n\n\n<p class=\"wp-block-paragraph\">Cette vuln\u00e9rabilit\u00e9 est amplifi\u00e9e par le ph\u00e9nom\u00e8ne du <em>dzud<\/em>, un d\u00e9r\u00e8glement climatique extr\u00eame marqu\u00e9 par des hivers glaciaux succ\u00e9dant \u00e0 des \u00e9t\u00e9s caniculaires. Durant la seule p\u00e9riode 2023-2024, pr\u00e8s de huit millions d&rsquo;animaux ont p\u00e9ri sous l&rsquo;effet du gel et de la famine. Pour les pasteurs, la disparition des troupeaux entra\u00eene imm\u00e9diatement l&rsquo;extr\u00eame pr\u00e9carit\u00e9.<\/p>\n\n\n\n<h2 id=\"donner-a-boire-aux-assoiffes-preserver-la-vie\" class=\"wp-block-heading\">Donner \u00e0 boire aux assoiff\u00e9s : pr\u00e9server la vie<\/h2>\n\n\n\n<p class=\"wp-block-paragraph\">Dans un territoire marqu\u00e9 par une soif aigu\u00eb du sol et des \u00e2mes, l&rsquo;\u00e9lan de solidarit\u00e9 incarne de fa\u00e7on tr\u00e8s concr\u00e8te l&rsquo;\u0153uvre de mis\u00e9ricorde corporelle consistant \u00e0 <strong>donner \u00e0 boire aux assoiff\u00e9s<\/strong>. Dans les steppes de Mongolie, ce principe transcende l&rsquo;assistance ponctuelle : il s&rsquo;\u00e9rige en un engagement durable de justice \u00e9cologique vou\u00e9 \u00e0 prot\u00e9ger les nappes phr\u00e9atiques, r\u00e9habiliter les puits et g\u00e9rer rigoureusement l&rsquo;eau.<\/p>\n\n\n\n<p class=\"wp-block-paragraph\">D\u00e9salt\u00e9rer la terre et les familles rurales signifie pr\u00e9server la dignit\u00e9 humaine, freiner l&rsquo;exode forc\u00e9 vers les bidonvilles urbains et recr\u00e9er les conditions n\u00e9cessaires au d\u00e9veloppement communautaire et \u00e0 la biodiversit\u00e9.<\/p>\n\n\n\n<h2 id=\"solutions-novatrices-et-esperance-pour-lavenir\" class=\"wp-block-heading\">Solutions novatrices et esp\u00e9rance pour l&rsquo;avenir<\/h2>\n\n\n\n<p class=\"wp-block-paragraph\">L&rsquo;action sur le terrain prend vie gr\u00e2ce \u00e0 des projets novateurs et r\u00e9g\u00e9n\u00e9rateurs. Parmi eux se distingue l&rsquo;exp\u00e9rimentation des \u00abdemi-lunes\u00bb, des cuvettes semi-circulaires qui captent les eaux de ruissellement, restaurent l&rsquo;humidit\u00e9 du sol et stimulent la renaissance naturelle des p\u00e2turages d\u00e9grad\u00e9s.<\/p>\n\n\n\n<p class=\"wp-block-paragraph\">Parall\u00e8lement, la construction de serres solaires passives et la formation aux techniques agricoles biologiques offrent aux familles rurales la possibilit\u00e9 de diversifier leurs sources de revenus, renfor\u00e7ant leur r\u00e9silience face aux chocs climatiques.<\/p>\n\n\n\n<p class=\"wp-block-paragraph\">\u00abPrendre soin de la terre, c&rsquo;est prendre soin des personnes\u00bb, rappelle avec conviction s\u0153ur Garay. R\u00e9pondre \u00e0 la soif de la steppe par des \u0153uvres concr\u00e8tes et partag\u00e9es demeure un t\u00e9moignage \u00e9loquent de fraternit\u00e9 universelle et de sauvegarde de la Cr\u00e9ation.<\/p>\n\n\n\n<p class=\"wp-block-paragraph\"><strong>Image cr\u00e9\u00e9e num\u00e9riquement par spazio + spadoni<\/strong><\/p>\n\n\n\n<p class=\"wp-block-paragraph\"><\/p>\n\n\n\n<p class=\"wp-block-paragraph\"><strong>Source:\u00a0<\/strong><a href=\"https:\/\/www.fides.org\/it\/news\/78067-ASIA_MONGOLIA_Suor_Sandra_Garay_direttrice_di_Caritas_La_desertificazione_minaccia_la_vita_delle_comunita_rurali\" target=\"_blank\" rel=\"noreferrer noopener nofollow\" title=\"Agenzia Fides\">Agenzia Fides<\/a><\/p>\n\n\n\n<p class=\"wp-block-paragraph\"><\/p>\n","protected":false},"excerpt":{"rendered":"<p>L&rsquo;immensit\u00e9 des hauts plateaux mongols t\u00e9moigne d&rsquo;une histoire mill\u00e9naire d&rsquo;harmonie profonde et d&rsquo;\u00e9quilibre subtil entre l&rsquo;\u00eatre humain et la nature. Aujourd&rsquo;hui, pourtant, ce lien s\u00e9culaire est menac\u00e9 de rupture face \u00e0 la progression implacable de la s\u00e9cheresse et de l&rsquo;aridit\u00e9. \u00c0 l&rsquo;occasion de la COP17 \u00e0 Oulan-Bator, le cri d&rsquo;alarme retentit avec gravit\u00e9 : la &#8230; <a title=\"Mongolie, la soif de la steppe et l&rsquo;engagement pour soigner la terre\" class=\"read-more\" href=\"https:\/\/spaziospadoni.org\/fr\/mongolie-la-soif-de-la-steppe-et-lengagement-pour-soigner-la-terre\/\" aria-label=\"Read more about Mongolie, la soif de la steppe et l&rsquo;engagement pour soigner la terre\">Lire plus<\/a><\/p>\n","protected":false},"author":79,"featured_media":91279,"comment_status":"closed","ping_status":"closed","sticky":false,"template":"","format":"standard","meta":{"_sitemap_exclude":false,"_sitemap_priority":"","_sitemap_frequency":"","ss_featured_image_title":"","ss_featured_image_alt":"La s\u00e9cheresse des steppes de Mongolie","ss_featured_image_caption":"Paysage aride de la steppe en Mongolie avec des \u00e9leveurs nomades et des projets de r\u00e9cup\u00e9ration durable de l\u2019eau","footnotes":""},"categories":[2468],"tags":[2303,4014,3116],"class_list":["post-91280","post","type-post","status-publish","format-standard","has-post-thumbnail","hentry","category-actualites-du-monde","tag-asie","tag-secheresse","tag-soif","infinite-scroll-item","generate-columns","tablet-grid-50","mobile-grid-100","grid-parent","grid-50"],"yoast_head":"<!-- This site is optimized with the Yoast SEO plugin v28.4 - https:\/\/yoast.com\/product\/yoast-seo-wordpress\/ -->\n<title>Mongolie: soigner la terre et les communaut\u00e9s rurales<\/title>\n<meta name=\"description\" content=\"En Mongolie, la d\u00e9sertification menace 77 % des p\u00e2turages. S\u0153ur Sandra Garay t\u00e9moigne de l&#039;urgence climatique et de l&#039;acc\u00e8s \u00e0 l&#039;eau potable.\" \/>\n<meta name=\"robots\" content=\"index, follow, max-snippet:-1, max-image-preview:large, max-video-preview:-1\" \/>\n<link rel=\"canonical\" href=\"https:\/\/spaziospadoni.org\/fr\/mongolie-la-soif-de-la-steppe-et-lengagement-pour-soigner-la-terre\/\" \/>\n<meta property=\"og:locale\" content=\"fr_FR\" \/>\n<meta property=\"og:type\" content=\"article\" \/>\n<meta property=\"og:title\" content=\"Mongolie: soigner la terre et les communaut\u00e9s rurales\" \/>\n<meta property=\"og:description\" content=\"En Mongolie, la d\u00e9sertification menace 77 % des p\u00e2turages. S\u0153ur Sandra Garay t\u00e9moigne de l&#039;urgence climatique et de l&#039;acc\u00e8s \u00e0 l&#039;eau potable.\" \/>\n<meta property=\"og:url\" content=\"https:\/\/spaziospadoni.org\/fr\/mongolie-la-soif-de-la-steppe-et-lengagement-pour-soigner-la-terre\/\" \/>\n<meta property=\"og:site_name\" content=\"spazio + spadoni\" \/>\n<meta property=\"article:publisher\" content=\"https:\/\/www.facebook.com\/SpazioSpadoni\/\" \/>\n<meta property=\"article:published_time\" content=\"2026-08-20T12:30:00+00:00\" \/>\n<meta property=\"article:modified_time\" content=\"2026-08-20T14:06:25+00:00\" \/>\n<meta property=\"og:image\" content=\"https:\/\/spaziospadoni.org\/wp-content\/uploads\/2026\/08\/mongolia-steppe-siccita.webp\" \/>\n\t<meta property=\"og:image:width\" content=\"1192\" \/>\n\t<meta property=\"og:image:height\" content=\"800\" \/>\n\t<meta property=\"og:image:type\" content=\"image\/webp\" \/>\n<meta name=\"author\" content=\"Ze Vong\" \/>\n<meta name=\"twitter:card\" content=\"summary_large_image\" \/>\n<meta name=\"twitter:label1\" content=\"\u00c9crit par\" \/>\n\t<meta name=\"twitter:data1\" content=\"Ze Vong\" \/>\n\t<meta name=\"twitter:label2\" content=\"Est. reading time\" \/>\n\t<meta name=\"twitter:data2\" content=\"3 minutes\" \/>\n<script type=\"application\/ld+json\" class=\"yoast-schema-graph\">{\"@context\":\"https:\\\/\\\/schema.org\",\"@graph\":[{\"@type\":\"Article\",\"@id\":\"https:\\\/\\\/spaziospadoni.org\\\/fr\\\/mongolie-la-soif-de-la-steppe-et-lengagement-pour-soigner-la-terre\\\/#article\",\"isPartOf\":{\"@id\":\"https:\\\/\\\/spaziospadoni.org\\\/fr\\\/mongolie-la-soif-de-la-steppe-et-lengagement-pour-soigner-la-terre\\\/\"},\"author\":{\"name\":\"Ze Vong\",\"@id\":\"https:\\\/\\\/spaziospadoni.org\\\/fr\\\/#\\\/schema\\\/person\\\/cbb22a23077795e7401bdda2d1c82e35\"},\"headline\":\"Mongolie, la soif de la steppe et l&rsquo;engagement pour soigner la terre\",\"datePublished\":\"2026-08-20T12:30:00+00:00\",\"dateModified\":\"2026-08-20T14:06:25+00:00\",\"mainEntityOfPage\":{\"@id\":\"https:\\\/\\\/spaziospadoni.org\\\/fr\\\/mongolie-la-soif-de-la-steppe-et-lengagement-pour-soigner-la-terre\\\/\"},\"wordCount\":543,\"publisher\":{\"@id\":\"https:\\\/\\\/spaziospadoni.org\\\/fr\\\/#organization\"},\"image\":{\"@id\":\"https:\\\/\\\/spaziospadoni.org\\\/fr\\\/mongolie-la-soif-de-la-steppe-et-lengagement-pour-soigner-la-terre\\\/#primaryimage\"},\"thumbnailUrl\":\"https:\\\/\\\/spaziospadoni.org\\\/wp-content\\\/uploads\\\/2026\\\/08\\\/mongolia-steppe-siccita.webp\",\"keywords\":[\"Asie\",\"s\u00e9cheresse\",\"soif\"],\"articleSection\":[\"Actualit\u00e9s du monde\"],\"inLanguage\":\"fr-FR\"},{\"@type\":\"WebPage\",\"@id\":\"https:\\\/\\\/spaziospadoni.org\\\/fr\\\/mongolie-la-soif-de-la-steppe-et-lengagement-pour-soigner-la-terre\\\/\",\"url\":\"https:\\\/\\\/spaziospadoni.org\\\/fr\\\/mongolie-la-soif-de-la-steppe-et-lengagement-pour-soigner-la-terre\\\/\",\"name\":\"Mongolie: soigner la terre et les communaut\u00e9s rurales\",\"isPartOf\":{\"@id\":\"https:\\\/\\\/spaziospadoni.org\\\/fr\\\/#website\"},\"primaryImageOfPage\":{\"@id\":\"https:\\\/\\\/spaziospadoni.org\\\/fr\\\/mongolie-la-soif-de-la-steppe-et-lengagement-pour-soigner-la-terre\\\/#primaryimage\"},\"image\":{\"@id\":\"https:\\\/\\\/spaziospadoni.org\\\/fr\\\/mongolie-la-soif-de-la-steppe-et-lengagement-pour-soigner-la-terre\\\/#primaryimage\"},\"thumbnailUrl\":\"https:\\\/\\\/spaziospadoni.org\\\/wp-content\\\/uploads\\\/2026\\\/08\\\/mongolia-steppe-siccita.webp\",\"datePublished\":\"2026-08-20T12:30:00+00:00\",\"dateModified\":\"2026-08-20T14:06:25+00:00\",\"description\":\"En Mongolie, la d\u00e9sertification menace 77 % des p\u00e2turages. S\u0153ur Sandra Garay t\u00e9moigne de l'urgence climatique et de l'acc\u00e8s \u00e0 l'eau potable.\",\"breadcrumb\":{\"@id\":\"https:\\\/\\\/spaziospadoni.org\\\/fr\\\/mongolie-la-soif-de-la-steppe-et-lengagement-pour-soigner-la-terre\\\/#breadcrumb\"},\"inLanguage\":\"fr-FR\",\"potentialAction\":[{\"@type\":\"ReadAction\",\"target\":[\"https:\\\/\\\/spaziospadoni.org\\\/fr\\\/mongolie-la-soif-de-la-steppe-et-lengagement-pour-soigner-la-terre\\\/\"]}]},{\"@type\":\"ImageObject\",\"inLanguage\":\"fr-FR\",\"@id\":\"https:\\\/\\\/spaziospadoni.org\\\/fr\\\/mongolie-la-soif-de-la-steppe-et-lengagement-pour-soigner-la-terre\\\/#primaryimage\",\"url\":\"https:\\\/\\\/spaziospadoni.org\\\/wp-content\\\/uploads\\\/2026\\\/08\\\/mongolia-steppe-siccita.webp\",\"contentUrl\":\"https:\\\/\\\/spaziospadoni.org\\\/wp-content\\\/uploads\\\/2026\\\/08\\\/mongolia-steppe-siccita.webp\",\"width\":1192,\"height\":800,\"caption\":\"Paysage aride de la steppe en Mongolie avec des \u00e9leveurs nomades et des projets de r\u00e9cup\u00e9ration durable de l\u2019eau\"},{\"@type\":\"BreadcrumbList\",\"@id\":\"https:\\\/\\\/spaziospadoni.org\\\/fr\\\/mongolie-la-soif-de-la-steppe-et-lengagement-pour-soigner-la-terre\\\/#breadcrumb\",\"itemListElement\":[{\"@type\":\"ListItem\",\"position\":1,\"name\":\"Home\",\"item\":\"https:\\\/\\\/spaziospadoni.org\\\/fr\\\/\"},{\"@type\":\"ListItem\",\"position\":2,\"name\":\"Mongolie, la soif de la steppe et l&#8217;engagement pour soigner la terre\"}]},{\"@type\":\"WebSite\",\"@id\":\"https:\\\/\\\/spaziospadoni.org\\\/fr\\\/#website\",\"url\":\"https:\\\/\\\/spaziospadoni.org\\\/fr\\\/\",\"name\":\"spazio + spadoni\",\"description\":\"Generazione di misericordia e missione nel mondo\",\"publisher\":{\"@id\":\"https:\\\/\\\/spaziospadoni.org\\\/fr\\\/#organization\"},\"alternateName\":\"spaziospadoni.org\",\"potentialAction\":[{\"@type\":\"SearchAction\",\"target\":{\"@type\":\"EntryPoint\",\"urlTemplate\":\"https:\\\/\\\/spaziospadoni.org\\\/fr\\\/?s={search_term_string}\"},\"query-input\":{\"@type\":\"PropertyValueSpecification\",\"valueRequired\":true,\"valueName\":\"search_term_string\"}}],\"inLanguage\":\"fr-FR\"},{\"@type\":\"Organization\",\"@id\":\"https:\\\/\\\/spaziospadoni.org\\\/fr\\\/#organization\",\"name\":\"spazio + spadoni\",\"alternateName\":\"spaziospadoni.org\",\"url\":\"https:\\\/\\\/spaziospadoni.org\\\/fr\\\/\",\"logo\":{\"@type\":\"ImageObject\",\"inLanguage\":\"fr-FR\",\"@id\":\"https:\\\/\\\/spaziospadoni.org\\\/fr\\\/#\\\/schema\\\/logo\\\/image\\\/\",\"url\":\"https:\\\/\\\/spaziospadoni.org\\\/wp-content\\\/uploads\\\/2026\\\/05\\\/spazio-spadoni-logo-100x100-1.webp\",\"contentUrl\":\"https:\\\/\\\/spaziospadoni.org\\\/wp-content\\\/uploads\\\/2026\\\/05\\\/spazio-spadoni-logo-100x100-1.webp\",\"width\":100,\"height\":100,\"caption\":\"spazio + spadoni\"},\"image\":{\"@id\":\"https:\\\/\\\/spaziospadoni.org\\\/fr\\\/#\\\/schema\\\/logo\\\/image\\\/\"},\"sameAs\":[\"https:\\\/\\\/www.facebook.com\\\/SpazioSpadoni\\\/\",\"https:\\\/\\\/www.instagram.com\\\/spaziospadoni\\\/\",\"https:\\\/\\\/www.youtube.com\\\/@spaziospadoni\\\/playlists\"]},{\"@type\":\"Person\",\"@id\":\"https:\\\/\\\/spaziospadoni.org\\\/fr\\\/#\\\/schema\\\/person\\\/cbb22a23077795e7401bdda2d1c82e35\",\"name\":\"Ze Vong\",\"image\":{\"@type\":\"ImageObject\",\"inLanguage\":\"fr-FR\",\"@id\":\"https:\\\/\\\/secure.gravatar.com\\\/avatar\\\/dccfb8e47b405e5307fecff6a120c8d753077e4604b5c1e86d1c81219292dc84?s=96&d=mm&r=g\",\"url\":\"https:\\\/\\\/secure.gravatar.com\\\/avatar\\\/dccfb8e47b405e5307fecff6a120c8d753077e4604b5c1e86d1c81219292dc84?s=96&d=mm&r=g\",\"contentUrl\":\"https:\\\/\\\/secure.gravatar.com\\\/avatar\\\/dccfb8e47b405e5307fecff6a120c8d753077e4604b5c1e86d1c81219292dc84?s=96&d=mm&r=g\",\"caption\":\"Ze Vong\"},\"description\":\"Jeune Timorais n\u00e9 il y a 23 ans dans la p\u00e9riph\u00e9rie de la capitale Dili, il a connu de pr\u00e8s les difficult\u00e9s d\u2019acc\u00e8s \u00e0 l\u2019\u00e9ducation et \u00e0 la sant\u00e9, mais c\u2019est pr\u00e9cis\u00e9ment de ces blessures sociales qu\u2019il a puis\u00e9 la force de devenir aujourd\u2019hui tr\u00e8s actif dans le b\u00e9n\u00e9volat et les \u0153uvres de mis\u00e9ricorde.\",\"url\":\"https:\\\/\\\/spaziospadoni.org\\\/fr\\\/author\\\/vong_mission\\\/\"}]}<\/script>\n<!-- \/ Yoast SEO plugin. -->","yoast_head_json":{"title":"Mongolie: soigner la terre et les communaut\u00e9s rurales","description":"En Mongolie, la d\u00e9sertification menace 77 % des p\u00e2turages. S\u0153ur Sandra Garay t\u00e9moigne de l'urgence climatique et de l'acc\u00e8s \u00e0 l'eau potable.","robots":{"index":"index","follow":"follow","max-snippet":"max-snippet:-1","max-image-preview":"max-image-preview:large","max-video-preview":"max-video-preview:-1"},"canonical":"https:\/\/spaziospadoni.org\/fr\/mongolie-la-soif-de-la-steppe-et-lengagement-pour-soigner-la-terre\/","og_locale":"fr_FR","og_type":"article","og_title":"Mongolie: soigner la terre et les communaut\u00e9s rurales","og_description":"En Mongolie, la d\u00e9sertification menace 77 % des p\u00e2turages. S\u0153ur Sandra Garay t\u00e9moigne de l'urgence climatique et de l'acc\u00e8s \u00e0 l'eau potable.","og_url":"https:\/\/spaziospadoni.org\/fr\/mongolie-la-soif-de-la-steppe-et-lengagement-pour-soigner-la-terre\/","og_site_name":"spazio + spadoni","article_publisher":"https:\/\/www.facebook.com\/SpazioSpadoni\/","article_published_time":"2026-08-20T12:30:00+00:00","article_modified_time":"2026-08-20T14:06:25+00:00","og_image":[{"width":1192,"height":800,"url":"https:\/\/spaziospadoni.org\/wp-content\/uploads\/2026\/08\/mongolia-steppe-siccita.webp","type":"image\/webp"}],"author":"Ze Vong","twitter_card":"summary_large_image","twitter_misc":{"\u00c9crit par":"Ze Vong","Est. reading time":"3 minutes"},"schema":{"@context":"https:\/\/schema.org","@graph":[{"@type":"Article","@id":"https:\/\/spaziospadoni.org\/fr\/mongolie-la-soif-de-la-steppe-et-lengagement-pour-soigner-la-terre\/#article","isPartOf":{"@id":"https:\/\/spaziospadoni.org\/fr\/mongolie-la-soif-de-la-steppe-et-lengagement-pour-soigner-la-terre\/"},"author":{"name":"Ze Vong","@id":"https:\/\/spaziospadoni.org\/fr\/#\/schema\/person\/cbb22a23077795e7401bdda2d1c82e35"},"headline":"Mongolie, la soif de la steppe et l&rsquo;engagement pour soigner la terre","datePublished":"2026-08-20T12:30:00+00:00","dateModified":"2026-08-20T14:06:25+00:00","mainEntityOfPage":{"@id":"https:\/\/spaziospadoni.org\/fr\/mongolie-la-soif-de-la-steppe-et-lengagement-pour-soigner-la-terre\/"},"wordCount":543,"publisher":{"@id":"https:\/\/spaziospadoni.org\/fr\/#organization"},"image":{"@id":"https:\/\/spaziospadoni.org\/fr\/mongolie-la-soif-de-la-steppe-et-lengagement-pour-soigner-la-terre\/#primaryimage"},"thumbnailUrl":"https:\/\/spaziospadoni.org\/wp-content\/uploads\/2026\/08\/mongolia-steppe-siccita.webp","keywords":["Asie","s\u00e9cheresse","soif"],"articleSection":["Actualit\u00e9s du monde"],"inLanguage":"fr-FR"},{"@type":"WebPage","@id":"https:\/\/spaziospadoni.org\/fr\/mongolie-la-soif-de-la-steppe-et-lengagement-pour-soigner-la-terre\/","url":"https:\/\/spaziospadoni.org\/fr\/mongolie-la-soif-de-la-steppe-et-lengagement-pour-soigner-la-terre\/","name":"Mongolie: soigner la terre et les communaut\u00e9s rurales","isPartOf":{"@id":"https:\/\/spaziospadoni.org\/fr\/#website"},"primaryImageOfPage":{"@id":"https:\/\/spaziospadoni.org\/fr\/mongolie-la-soif-de-la-steppe-et-lengagement-pour-soigner-la-terre\/#primaryimage"},"image":{"@id":"https:\/\/spaziospadoni.org\/fr\/mongolie-la-soif-de-la-steppe-et-lengagement-pour-soigner-la-terre\/#primaryimage"},"thumbnailUrl":"https:\/\/spaziospadoni.org\/wp-content\/uploads\/2026\/08\/mongolia-steppe-siccita.webp","datePublished":"2026-08-20T12:30:00+00:00","dateModified":"2026-08-20T14:06:25+00:00","description":"En Mongolie, la d\u00e9sertification menace 77 % des p\u00e2turages. S\u0153ur Sandra Garay t\u00e9moigne de l'urgence climatique et de l'acc\u00e8s \u00e0 l'eau potable.","breadcrumb":{"@id":"https:\/\/spaziospadoni.org\/fr\/mongolie-la-soif-de-la-steppe-et-lengagement-pour-soigner-la-terre\/#breadcrumb"},"inLanguage":"fr-FR","potentialAction":[{"@type":"ReadAction","target":["https:\/\/spaziospadoni.org\/fr\/mongolie-la-soif-de-la-steppe-et-lengagement-pour-soigner-la-terre\/"]}]},{"@type":"ImageObject","inLanguage":"fr-FR","@id":"https:\/\/spaziospadoni.org\/fr\/mongolie-la-soif-de-la-steppe-et-lengagement-pour-soigner-la-terre\/#primaryimage","url":"https:\/\/spaziospadoni.org\/wp-content\/uploads\/2026\/08\/mongolia-steppe-siccita.webp","contentUrl":"https:\/\/spaziospadoni.org\/wp-content\/uploads\/2026\/08\/mongolia-steppe-siccita.webp","width":1192,"height":800,"caption":"Paysage aride de la steppe en Mongolie avec des \u00e9leveurs nomades et des projets de r\u00e9cup\u00e9ration durable de l\u2019eau"},{"@type":"BreadcrumbList","@id":"https:\/\/spaziospadoni.org\/fr\/mongolie-la-soif-de-la-steppe-et-lengagement-pour-soigner-la-terre\/#breadcrumb","itemListElement":[{"@type":"ListItem","position":1,"name":"Home","item":"https:\/\/spaziospadoni.org\/fr\/"},{"@type":"ListItem","position":2,"name":"Mongolie, la soif de la steppe et l&#8217;engagement pour soigner la terre"}]},{"@type":"WebSite","@id":"https:\/\/spaziospadoni.org\/fr\/#website","url":"https:\/\/spaziospadoni.org\/fr\/","name":"spazio + spadoni","description":"Generazione di misericordia e missione nel mondo","publisher":{"@id":"https:\/\/spaziospadoni.org\/fr\/#organization"},"alternateName":"spaziospadoni.org","potentialAction":[{"@type":"SearchAction","target":{"@type":"EntryPoint","urlTemplate":"https:\/\/spaziospadoni.org\/fr\/?s={search_term_string}"},"query-input":{"@type":"PropertyValueSpecification","valueRequired":true,"valueName":"search_term_string"}}],"inLanguage":"fr-FR"},{"@type":"Organization","@id":"https:\/\/spaziospadoni.org\/fr\/#organization","name":"spazio + spadoni","alternateName":"spaziospadoni.org","url":"https:\/\/spaziospadoni.org\/fr\/","logo":{"@type":"ImageObject","inLanguage":"fr-FR","@id":"https:\/\/spaziospadoni.org\/fr\/#\/schema\/logo\/image\/","url":"https:\/\/spaziospadoni.org\/wp-content\/uploads\/2026\/05\/spazio-spadoni-logo-100x100-1.webp","contentUrl":"https:\/\/spaziospadoni.org\/wp-content\/uploads\/2026\/05\/spazio-spadoni-logo-100x100-1.webp","width":100,"height":100,"caption":"spazio + spadoni"},"image":{"@id":"https:\/\/spaziospadoni.org\/fr\/#\/schema\/logo\/image\/"},"sameAs":["https:\/\/www.facebook.com\/SpazioSpadoni\/","https:\/\/www.instagram.com\/spaziospadoni\/","https:\/\/www.youtube.com\/@spaziospadoni\/playlists"]},{"@type":"Person","@id":"https:\/\/spaziospadoni.org\/fr\/#\/schema\/person\/cbb22a23077795e7401bdda2d1c82e35","name":"Ze Vong","image":{"@type":"ImageObject","inLanguage":"fr-FR","@id":"https:\/\/secure.gravatar.com\/avatar\/dccfb8e47b405e5307fecff6a120c8d753077e4604b5c1e86d1c81219292dc84?s=96&d=mm&r=g","url":"https:\/\/secure.gravatar.com\/avatar\/dccfb8e47b405e5307fecff6a120c8d753077e4604b5c1e86d1c81219292dc84?s=96&d=mm&r=g","contentUrl":"https:\/\/secure.gravatar.com\/avatar\/dccfb8e47b405e5307fecff6a120c8d753077e4604b5c1e86d1c81219292dc84?s=96&d=mm&r=g","caption":"Ze Vong"},"description":"Jeune Timorais n\u00e9 il y a 23 ans dans la p\u00e9riph\u00e9rie de la capitale Dili, il a connu de pr\u00e8s les difficult\u00e9s d\u2019acc\u00e8s \u00e0 l\u2019\u00e9ducation et \u00e0 la sant\u00e9, mais c\u2019est pr\u00e9cis\u00e9ment de ces blessures sociales qu\u2019il a puis\u00e9 la force de devenir aujourd\u2019hui tr\u00e8s actif dans le b\u00e9n\u00e9volat et les \u0153uvres de mis\u00e9ricorde.","url":"https:\/\/spaziospadoni.org\/fr\/author\/vong_mission\/"}]}},"_links":{"self":[{"href":"https:\/\/spaziospadoni.org\/fr\/wp-json\/wp\/v2\/posts\/91280","targetHints":{"allow":["GET"]}}],"collection":[{"href":"https:\/\/spaziospadoni.org\/fr\/wp-json\/wp\/v2\/posts"}],"about":[{"href":"https:\/\/spaziospadoni.org\/fr\/wp-json\/wp\/v2\/types\/post"}],"author":[{"embeddable":true,"href":"https:\/\/spaziospadoni.org\/fr\/wp-json\/wp\/v2\/users\/79"}],"replies":[{"embeddable":true,"href":"https:\/\/spaziospadoni.org\/fr\/wp-json\/wp\/v2\/comments?post=91280"}],"version-history":[{"count":2,"href":"https:\/\/spaziospadoni.org\/fr\/wp-json\/wp\/v2\/posts\/91280\/revisions"}],"predecessor-version":[{"id":91282,"href":"https:\/\/spaziospadoni.org\/fr\/wp-json\/wp\/v2\/posts\/91280\/revisions\/91282"}],"wp:featuredmedia":[{"embeddable":true,"href":"https:\/\/spaziospadoni.org\/fr\/wp-json\/wp\/v2\/media\/91279"}],"wp:attachment":[{"href":"https:\/\/spaziospadoni.org\/fr\/wp-json\/wp\/v2\/media?parent=91280"}],"wp:term":[{"taxonomy":"category","embeddable":true,"href":"https:\/\/spaziospadoni.org\/fr\/wp-json\/wp\/v2\/categories?post=91280"},{"taxonomy":"post_tag","embeddable":true,"href":"https:\/\/spaziospadoni.org\/fr\/wp-json\/wp\/v2\/tags?post=91280"}],"curies":[{"name":"wp","href":"https:\/\/api.w.org\/{rel}","templated":true}]}}