{"id":91297,"date":"2026-08-20T17:30:00","date_gmt":"2026-08-20T16:30:00","guid":{"rendered":"https:\/\/spaziospadoni.org\/?p=91297"},"modified":"2026-08-20T15:28:53","modified_gmt":"2026-08-20T14:28:53","slug":"la-parabole-du-banquet-de-noces-linvitation-de-dieu-et-notre-reponse","status":"publish","type":"post","link":"https:\/\/spaziospadoni.org\/fr\/la-parabole-du-banquet-de-noces-linvitation-de-dieu-et-notre-reponse\/","title":{"rendered":"La parabole du banquet de noces : l&rsquo;invitation de Dieu et notre r\u00e9ponse"},"content":{"rendered":"\n<p class=\"wp-block-paragraph\">Dans l&rsquo;\u00c9vangile d&rsquo;aujourd&rsquo;hui, 20 ao\u00fbt 2026, J\u00e9sus pr\u00e9sente une parabole dont les destinataires sont les grands pr\u00eatres et les anciens du peuple.<\/p>\n\n\n\n<p class=\"wp-block-paragraph\">J\u00e9sus compare le Royaume des cieux \u00e0 un roi qui c\u00e9l\u00e8bre le mariage de son fils. Ce roi envoie ses serviteurs pour appeler les invit\u00e9s aux noces, mais ceux-ci ne veulent pas venir. Le roi envoie alors d&rsquo;autres serviteurs pour inviter les gens, mais entre pr\u00e9textes et justifications, le r\u00e9sultat reste inchang\u00e9 : personne ne veut participer.<\/p>\n\n\n\n<p class=\"wp-block-paragraph\">Que d&rsquo;excuses et de justifications mettons-nous parfois en avant pour ne pas \u0153uvrer pour le Royaume de Dieu et pour ne pas prendre au s\u00e9rieux nos engagements baptismaux !<\/p>\n\n\n\n<h2 id=\"linvitation-universelle-et-le-refus-des-invites\" class=\"wp-block-heading\">L&rsquo;invitation universelle et le refus des invit\u00e9s<\/h2>\n\n\n\n<p class=\"wp-block-paragraph\">Enfin, le roi envoie ses serviteurs pour aller inviter tout le monde, les mauvais comme les bons, car le banquet est pr\u00eat. Et c&rsquo;est ainsi que la salle commence \u00e0 se remplir de convives, bons et mauvais.<\/p>\n\n\n\n<p class=\"wp-block-paragraph\">L&rsquo;invitation est toujours l&rsquo;initiative de Dieu : Il veut que dans son Royaume nul ne soit laiss\u00e9 de c\u00f4t\u00e9, car le salut est pour tous (comme l&rsquo;a rappel\u00e9 le Pape Fran\u00e7ois \u00e0 Lisbonne en ao\u00fbt 2023).<\/p>\n\n\n\n<h2 id=\"le-choix-personnel-et-le-vetement-de-fete\" class=\"wp-block-heading\">Le choix personnel et le v\u00eatement de f\u00eate<\/h2>\n\n\n\n<p class=\"wp-block-paragraph\">Toutefois, la d\u00e9cision est personnelle : les invit\u00e9s ont, en r\u00e9alit\u00e9, librement et volontairement choisi de ne pas participer \u00e0 ce joyeux banquet.<\/p>\n\n\n\n<p class=\"wp-block-paragraph\">Et toi, cher fr\u00e8re, ch\u00e8re s\u0153ur, que d\u00e9cides-tu ? Veux-tu participer \u00e0 ce banquet ? Veux-tu rev\u00eatir l&rsquo;habit de f\u00eate, indispensable pour prendre part \u00e0 ce banquet, repr\u00e9sent\u00e9 par ta sinc\u00e8re conversion, par tes bonnes \u0153uvres et par ton exp\u00e9rience v\u00e9cue des B\u00e9atitudes ?<\/p>\n\n\n\n<p class=\"wp-block-paragraph\"><strong>Image cr\u00e9\u00e9e num\u00e9riquement par spazio + spadoni<\/strong><\/p>\n\n\n\n<p class=\"wp-block-paragraph\"><\/p>\n","protected":false},"excerpt":{"rendered":"<p>Dans l&rsquo;\u00c9vangile d&rsquo;aujourd&rsquo;hui, 20 ao\u00fbt 2026, J\u00e9sus pr\u00e9sente une parabole dont les destinataires sont les grands pr\u00eatres et les anciens du peuple. J\u00e9sus compare le Royaume des cieux \u00e0 un roi qui c\u00e9l\u00e8bre le mariage de son fils. Ce roi envoie ses serviteurs pour appeler les invit\u00e9s aux noces, mais ceux-ci ne veulent pas venir. &#8230; <a title=\"La parabole du banquet de noces : l&rsquo;invitation de Dieu et notre r\u00e9ponse\" class=\"read-more\" href=\"https:\/\/spaziospadoni.org\/fr\/la-parabole-du-banquet-de-noces-linvitation-de-dieu-et-notre-reponse\/\" aria-label=\"Read more about La parabole du banquet de noces : l&rsquo;invitation de Dieu et notre r\u00e9ponse\">Lire plus<\/a><\/p>\n","protected":false},"author":17,"featured_media":91296,"comment_status":"closed","ping_status":"closed","sticky":false,"template":"","format":"standard","meta":{"_sitemap_exclude":false,"_sitemap_priority":"","_sitemap_frequency":"","ss_featured_image_title":"","ss_featured_image_alt":"L\u2019invitation de J\u00e9sus au banquet","ss_featured_image_caption":"Le commentaire du missionnaire combonien, le p\u00e8re Alessio Geraci, sur l\u2019\u00c9vangile de l\u2019invitation au banquet","footnotes":""},"categories":[2524],"tags":[4457,3330,2616,4685],"class_list":["post-91297","post","type-post","status-publish","format-standard","has-post-thumbnail","hentry","category-spiritualite","tag-choix","tag-conversion-fr","tag-evangile","tag-travail-spirituel","infinite-scroll-item","generate-columns","tablet-grid-50","mobile-grid-100","grid-parent","grid-50"],"yoast_head":"<!-- This site is optimized with the Yoast SEO plugin v28.4 - https:\/\/yoast.com\/product\/yoast-seo-wordpress\/ -->\n<title>La parabole du banquet de noces et l&#039;invitation de Dieu<\/title>\n<meta name=\"description\" content=\"M\u00e9ditation sur l&#039;\u00c9vangile du 20 ao\u00fbt 2026 : la parabole du banquet de noces, l&#039;appel universel de Dieu et le choix personnel de participer.\" \/>\n<meta name=\"robots\" content=\"index, follow, max-snippet:-1, max-image-preview:large, max-video-preview:-1\" \/>\n<link rel=\"canonical\" href=\"https:\/\/spaziospadoni.org\/fr\/la-parabole-du-banquet-de-noces-linvitation-de-dieu-et-notre-reponse\/\" \/>\n<meta property=\"og:locale\" content=\"fr_FR\" \/>\n<meta property=\"og:type\" content=\"article\" \/>\n<meta property=\"og:title\" content=\"La parabole du banquet de noces et l&#039;invitation de Dieu\" \/>\n<meta property=\"og:description\" content=\"M\u00e9ditation sur l&#039;\u00c9vangile du 20 ao\u00fbt 2026 : la parabole du banquet de noces, l&#039;appel universel de Dieu et le choix personnel de participer.\" \/>\n<meta property=\"og:url\" content=\"https:\/\/spaziospadoni.org\/fr\/la-parabole-du-banquet-de-noces-linvitation-de-dieu-et-notre-reponse\/\" \/>\n<meta property=\"og:site_name\" content=\"spazio + spadoni\" \/>\n<meta property=\"article:publisher\" content=\"https:\/\/www.facebook.com\/SpazioSpadoni\/\" \/>\n<meta property=\"article:published_time\" content=\"2026-08-20T16:30:00+00:00\" \/>\n<meta property=\"og:image\" content=\"https:\/\/spaziospadoni.org\/wp-content\/uploads\/2026\/08\/invitati-banchetto-gesu.webp\" \/>\n\t<meta property=\"og:image:width\" content=\"1192\" \/>\n\t<meta property=\"og:image:height\" content=\"800\" \/>\n\t<meta property=\"og:image:type\" content=\"image\/webp\" \/>\n<meta name=\"author\" content=\"Padre Alessio Geraci\" \/>\n<meta name=\"twitter:card\" content=\"summary_large_image\" \/>\n<meta name=\"twitter:label1\" content=\"\u00c9crit par\" \/>\n\t<meta name=\"twitter:data1\" content=\"P\u00e8re Alessio Geraci\" \/>\n\t<meta name=\"twitter:label2\" content=\"Est. reading time\" \/>\n\t<meta name=\"twitter:data2\" content=\"2 minutes\" \/>\n<script type=\"application\/ld+json\" class=\"yoast-schema-graph\">{\"@context\":\"https:\\\/\\\/schema.org\",\"@graph\":[{\"@type\":\"Article\",\"@id\":\"https:\\\/\\\/spaziospadoni.org\\\/fr\\\/la-parabole-du-banquet-de-noces-linvitation-de-dieu-et-notre-reponse\\\/#article\",\"isPartOf\":{\"@id\":\"https:\\\/\\\/spaziospadoni.org\\\/fr\\\/la-parabole-du-banquet-de-noces-linvitation-de-dieu-et-notre-reponse\\\/\"},\"author\":{\"name\":\"Padre Alessio Geraci\",\"@id\":\"https:\\\/\\\/spaziospadoni.org\\\/fr\\\/#\\\/schema\\\/person\\\/d3c66a7bc7dc4e0150284c92e9cbc5df\"},\"headline\":\"La parabole du banquet de noces : l&rsquo;invitation de Dieu et notre r\u00e9ponse\",\"datePublished\":\"2026-08-20T16:30:00+00:00\",\"mainEntityOfPage\":{\"@id\":\"https:\\\/\\\/spaziospadoni.org\\\/fr\\\/la-parabole-du-banquet-de-noces-linvitation-de-dieu-et-notre-reponse\\\/\"},\"wordCount\":312,\"publisher\":{\"@id\":\"https:\\\/\\\/spaziospadoni.org\\\/fr\\\/#organization\"},\"image\":{\"@id\":\"https:\\\/\\\/spaziospadoni.org\\\/fr\\\/la-parabole-du-banquet-de-noces-linvitation-de-dieu-et-notre-reponse\\\/#primaryimage\"},\"thumbnailUrl\":\"https:\\\/\\\/spaziospadoni.org\\\/wp-content\\\/uploads\\\/2026\\\/08\\\/invitati-banchetto-gesu.webp\",\"keywords\":[\"choix\",\"conversion\",\"\u00c9vangile\",\"travail spirituel\"],\"articleSection\":[\"Spiritualit\u00e9\"],\"inLanguage\":\"fr-FR\"},{\"@type\":\"WebPage\",\"@id\":\"https:\\\/\\\/spaziospadoni.org\\\/fr\\\/la-parabole-du-banquet-de-noces-linvitation-de-dieu-et-notre-reponse\\\/\",\"url\":\"https:\\\/\\\/spaziospadoni.org\\\/fr\\\/la-parabole-du-banquet-de-noces-linvitation-de-dieu-et-notre-reponse\\\/\",\"name\":\"La parabole du banquet de noces et l'invitation de Dieu\",\"isPartOf\":{\"@id\":\"https:\\\/\\\/spaziospadoni.org\\\/fr\\\/#website\"},\"primaryImageOfPage\":{\"@id\":\"https:\\\/\\\/spaziospadoni.org\\\/fr\\\/la-parabole-du-banquet-de-noces-linvitation-de-dieu-et-notre-reponse\\\/#primaryimage\"},\"image\":{\"@id\":\"https:\\\/\\\/spaziospadoni.org\\\/fr\\\/la-parabole-du-banquet-de-noces-linvitation-de-dieu-et-notre-reponse\\\/#primaryimage\"},\"thumbnailUrl\":\"https:\\\/\\\/spaziospadoni.org\\\/wp-content\\\/uploads\\\/2026\\\/08\\\/invitati-banchetto-gesu.webp\",\"datePublished\":\"2026-08-20T16:30:00+00:00\",\"description\":\"M\u00e9ditation sur l'\u00c9vangile du 20 ao\u00fbt 2026 : la parabole du banquet de noces, l'appel universel de Dieu et le choix personnel de participer.\",\"breadcrumb\":{\"@id\":\"https:\\\/\\\/spaziospadoni.org\\\/fr\\\/la-parabole-du-banquet-de-noces-linvitation-de-dieu-et-notre-reponse\\\/#breadcrumb\"},\"inLanguage\":\"fr-FR\",\"potentialAction\":[{\"@type\":\"ReadAction\",\"target\":[\"https:\\\/\\\/spaziospadoni.org\\\/fr\\\/la-parabole-du-banquet-de-noces-linvitation-de-dieu-et-notre-reponse\\\/\"]}]},{\"@type\":\"ImageObject\",\"inLanguage\":\"fr-FR\",\"@id\":\"https:\\\/\\\/spaziospadoni.org\\\/fr\\\/la-parabole-du-banquet-de-noces-linvitation-de-dieu-et-notre-reponse\\\/#primaryimage\",\"url\":\"https:\\\/\\\/spaziospadoni.org\\\/wp-content\\\/uploads\\\/2026\\\/08\\\/invitati-banchetto-gesu.webp\",\"contentUrl\":\"https:\\\/\\\/spaziospadoni.org\\\/wp-content\\\/uploads\\\/2026\\\/08\\\/invitati-banchetto-gesu.webp\",\"width\":1192,\"height\":800,\"caption\":\"Le commentaire du missionnaire combonien, le p\u00e8re Alessio Geraci, sur l\u2019\u00c9vangile de l\u2019invitation au banquet\"},{\"@type\":\"BreadcrumbList\",\"@id\":\"https:\\\/\\\/spaziospadoni.org\\\/fr\\\/la-parabole-du-banquet-de-noces-linvitation-de-dieu-et-notre-reponse\\\/#breadcrumb\",\"itemListElement\":[{\"@type\":\"ListItem\",\"position\":1,\"name\":\"Home\",\"item\":\"https:\\\/\\\/spaziospadoni.org\\\/fr\\\/\"},{\"@type\":\"ListItem\",\"position\":2,\"name\":\"La parabole du banquet de noces : l&#8217;invitation de Dieu et notre r\u00e9ponse\"}]},{\"@type\":\"WebSite\",\"@id\":\"https:\\\/\\\/spaziospadoni.org\\\/fr\\\/#website\",\"url\":\"https:\\\/\\\/spaziospadoni.org\\\/fr\\\/\",\"name\":\"spazio + spadoni\",\"description\":\"Generazione di misericordia e missione nel mondo\",\"publisher\":{\"@id\":\"https:\\\/\\\/spaziospadoni.org\\\/fr\\\/#organization\"},\"alternateName\":\"spaziospadoni.org\",\"potentialAction\":[{\"@type\":\"SearchAction\",\"target\":{\"@type\":\"EntryPoint\",\"urlTemplate\":\"https:\\\/\\\/spaziospadoni.org\\\/fr\\\/?s={search_term_string}\"},\"query-input\":{\"@type\":\"PropertyValueSpecification\",\"valueRequired\":true,\"valueName\":\"search_term_string\"}}],\"inLanguage\":\"fr-FR\"},{\"@type\":\"Organization\",\"@id\":\"https:\\\/\\\/spaziospadoni.org\\\/fr\\\/#organization\",\"name\":\"spazio + spadoni\",\"alternateName\":\"spaziospadoni.org\",\"url\":\"https:\\\/\\\/spaziospadoni.org\\\/fr\\\/\",\"logo\":{\"@type\":\"ImageObject\",\"inLanguage\":\"fr-FR\",\"@id\":\"https:\\\/\\\/spaziospadoni.org\\\/fr\\\/#\\\/schema\\\/logo\\\/image\\\/\",\"url\":\"https:\\\/\\\/spaziospadoni.org\\\/wp-content\\\/uploads\\\/2026\\\/05\\\/spazio-spadoni-logo-100x100-1.webp\",\"contentUrl\":\"https:\\\/\\\/spaziospadoni.org\\\/wp-content\\\/uploads\\\/2026\\\/05\\\/spazio-spadoni-logo-100x100-1.webp\",\"width\":100,\"height\":100,\"caption\":\"spazio + spadoni\"},\"image\":{\"@id\":\"https:\\\/\\\/spaziospadoni.org\\\/fr\\\/#\\\/schema\\\/logo\\\/image\\\/\"},\"sameAs\":[\"https:\\\/\\\/www.facebook.com\\\/SpazioSpadoni\\\/\",\"https:\\\/\\\/www.instagram.com\\\/spaziospadoni\\\/\",\"https:\\\/\\\/www.youtube.com\\\/@spaziospadoni\\\/playlists\"]},{\"@type\":\"Person\",\"@id\":\"https:\\\/\\\/spaziospadoni.org\\\/fr\\\/#\\\/schema\\\/person\\\/d3c66a7bc7dc4e0150284c92e9cbc5df\",\"name\":\"Padre Alessio Geraci\",\"image\":{\"@type\":\"ImageObject\",\"inLanguage\":\"fr-FR\",\"@id\":\"https:\\\/\\\/secure.gravatar.com\\\/avatar\\\/0c9c9df8c754b964a67f8a08d45b6f0557f16bca4c45a30e2d597191e75bcd69?s=96&d=mm&r=g\",\"url\":\"https:\\\/\\\/secure.gravatar.com\\\/avatar\\\/0c9c9df8c754b964a67f8a08d45b6f0557f16bca4c45a30e2d597191e75bcd69?s=96&d=mm&r=g\",\"contentUrl\":\"https:\\\/\\\/secure.gravatar.com\\\/avatar\\\/0c9c9df8c754b964a67f8a08d45b6f0557f16bca4c45a30e2d597191e75bcd69?s=96&d=mm&r=g\",\"caption\":\"Padre Alessio Geraci\"},\"description\":\"Le p\u00e8re Alessio Geraci est n\u00e9 \u00e0 Palerme le 11 juin 1983, fils unique de Gabriella et Vincenzo. Il \u00e9tudie les langues \u00e9trang\u00e8res au lyc\u00e9e, puis approfondit ses \u00e9tudes \u00e0 l\u2019universit\u00e9, anim\u00e9 par le d\u00e9sir de partir en mission. Apr\u00e8s plusieurs ann\u00e9es comme missionnaire la\u00efc, notamment en Argentine, il entre chez les Missionnaires comboniens. Il exerce sa mission au P\u00e9rou de 2014 \u00e0 2019, puis en Italie de 2019 \u00e0 2024, au service des jeunes et \u00e0 leurs c\u00f4t\u00e9s. En octobre 2024, il retourne au P\u00e9rou, dans la p\u00e9riph\u00e9rie sud de Lima, o\u00f9 il est actuellement cur\u00e9 de la paroisse \u201cCristo Misionero del Padre\u201d, \u00e0 Chorrillos.\",\"url\":\"https:\\\/\\\/spaziospadoni.org\\\/fr\\\/author\\\/geraci_mission\\\/\"}]}<\/script>\n<!-- \/ Yoast SEO plugin. -->","yoast_head_json":{"title":"La parabole du banquet de noces et l'invitation de Dieu","description":"M\u00e9ditation sur l'\u00c9vangile du 20 ao\u00fbt 2026 : la parabole du banquet de noces, l'appel universel de Dieu et le choix personnel de participer.","robots":{"index":"index","follow":"follow","max-snippet":"max-snippet:-1","max-image-preview":"max-image-preview:large","max-video-preview":"max-video-preview:-1"},"canonical":"https:\/\/spaziospadoni.org\/fr\/la-parabole-du-banquet-de-noces-linvitation-de-dieu-et-notre-reponse\/","og_locale":"fr_FR","og_type":"article","og_title":"La parabole du banquet de noces et l'invitation de Dieu","og_description":"M\u00e9ditation sur l'\u00c9vangile du 20 ao\u00fbt 2026 : la parabole du banquet de noces, l'appel universel de Dieu et le choix personnel de participer.","og_url":"https:\/\/spaziospadoni.org\/fr\/la-parabole-du-banquet-de-noces-linvitation-de-dieu-et-notre-reponse\/","og_site_name":"spazio + spadoni","article_publisher":"https:\/\/www.facebook.com\/SpazioSpadoni\/","article_published_time":"2026-08-20T16:30:00+00:00","og_image":[{"width":1192,"height":800,"url":"https:\/\/spaziospadoni.org\/wp-content\/uploads\/2026\/08\/invitati-banchetto-gesu.webp","type":"image\/webp"}],"author":"Padre Alessio Geraci","twitter_card":"summary_large_image","twitter_misc":{"\u00c9crit par":"P\u00e8re Alessio Geraci","Est. reading time":"2 minutes"},"schema":{"@context":"https:\/\/schema.org","@graph":[{"@type":"Article","@id":"https:\/\/spaziospadoni.org\/fr\/la-parabole-du-banquet-de-noces-linvitation-de-dieu-et-notre-reponse\/#article","isPartOf":{"@id":"https:\/\/spaziospadoni.org\/fr\/la-parabole-du-banquet-de-noces-linvitation-de-dieu-et-notre-reponse\/"},"author":{"name":"Padre Alessio Geraci","@id":"https:\/\/spaziospadoni.org\/fr\/#\/schema\/person\/d3c66a7bc7dc4e0150284c92e9cbc5df"},"headline":"La parabole du banquet de noces : l&rsquo;invitation de Dieu et notre r\u00e9ponse","datePublished":"2026-08-20T16:30:00+00:00","mainEntityOfPage":{"@id":"https:\/\/spaziospadoni.org\/fr\/la-parabole-du-banquet-de-noces-linvitation-de-dieu-et-notre-reponse\/"},"wordCount":312,"publisher":{"@id":"https:\/\/spaziospadoni.org\/fr\/#organization"},"image":{"@id":"https:\/\/spaziospadoni.org\/fr\/la-parabole-du-banquet-de-noces-linvitation-de-dieu-et-notre-reponse\/#primaryimage"},"thumbnailUrl":"https:\/\/spaziospadoni.org\/wp-content\/uploads\/2026\/08\/invitati-banchetto-gesu.webp","keywords":["choix","conversion","\u00c9vangile","travail spirituel"],"articleSection":["Spiritualit\u00e9"],"inLanguage":"fr-FR"},{"@type":"WebPage","@id":"https:\/\/spaziospadoni.org\/fr\/la-parabole-du-banquet-de-noces-linvitation-de-dieu-et-notre-reponse\/","url":"https:\/\/spaziospadoni.org\/fr\/la-parabole-du-banquet-de-noces-linvitation-de-dieu-et-notre-reponse\/","name":"La parabole du banquet de noces et l'invitation de Dieu","isPartOf":{"@id":"https:\/\/spaziospadoni.org\/fr\/#website"},"primaryImageOfPage":{"@id":"https:\/\/spaziospadoni.org\/fr\/la-parabole-du-banquet-de-noces-linvitation-de-dieu-et-notre-reponse\/#primaryimage"},"image":{"@id":"https:\/\/spaziospadoni.org\/fr\/la-parabole-du-banquet-de-noces-linvitation-de-dieu-et-notre-reponse\/#primaryimage"},"thumbnailUrl":"https:\/\/spaziospadoni.org\/wp-content\/uploads\/2026\/08\/invitati-banchetto-gesu.webp","datePublished":"2026-08-20T16:30:00+00:00","description":"M\u00e9ditation sur l'\u00c9vangile du 20 ao\u00fbt 2026 : la parabole du banquet de noces, l'appel universel de Dieu et le choix personnel de participer.","breadcrumb":{"@id":"https:\/\/spaziospadoni.org\/fr\/la-parabole-du-banquet-de-noces-linvitation-de-dieu-et-notre-reponse\/#breadcrumb"},"inLanguage":"fr-FR","potentialAction":[{"@type":"ReadAction","target":["https:\/\/spaziospadoni.org\/fr\/la-parabole-du-banquet-de-noces-linvitation-de-dieu-et-notre-reponse\/"]}]},{"@type":"ImageObject","inLanguage":"fr-FR","@id":"https:\/\/spaziospadoni.org\/fr\/la-parabole-du-banquet-de-noces-linvitation-de-dieu-et-notre-reponse\/#primaryimage","url":"https:\/\/spaziospadoni.org\/wp-content\/uploads\/2026\/08\/invitati-banchetto-gesu.webp","contentUrl":"https:\/\/spaziospadoni.org\/wp-content\/uploads\/2026\/08\/invitati-banchetto-gesu.webp","width":1192,"height":800,"caption":"Le commentaire du missionnaire combonien, le p\u00e8re Alessio Geraci, sur l\u2019\u00c9vangile de l\u2019invitation au banquet"},{"@type":"BreadcrumbList","@id":"https:\/\/spaziospadoni.org\/fr\/la-parabole-du-banquet-de-noces-linvitation-de-dieu-et-notre-reponse\/#breadcrumb","itemListElement":[{"@type":"ListItem","position":1,"name":"Home","item":"https:\/\/spaziospadoni.org\/fr\/"},{"@type":"ListItem","position":2,"name":"La parabole du banquet de noces : l&#8217;invitation de Dieu et notre r\u00e9ponse"}]},{"@type":"WebSite","@id":"https:\/\/spaziospadoni.org\/fr\/#website","url":"https:\/\/spaziospadoni.org\/fr\/","name":"spazio + spadoni","description":"Generazione di misericordia e missione nel mondo","publisher":{"@id":"https:\/\/spaziospadoni.org\/fr\/#organization"},"alternateName":"spaziospadoni.org","potentialAction":[{"@type":"SearchAction","target":{"@type":"EntryPoint","urlTemplate":"https:\/\/spaziospadoni.org\/fr\/?s={search_term_string}"},"query-input":{"@type":"PropertyValueSpecification","valueRequired":true,"valueName":"search_term_string"}}],"inLanguage":"fr-FR"},{"@type":"Organization","@id":"https:\/\/spaziospadoni.org\/fr\/#organization","name":"spazio + spadoni","alternateName":"spaziospadoni.org","url":"https:\/\/spaziospadoni.org\/fr\/","logo":{"@type":"ImageObject","inLanguage":"fr-FR","@id":"https:\/\/spaziospadoni.org\/fr\/#\/schema\/logo\/image\/","url":"https:\/\/spaziospadoni.org\/wp-content\/uploads\/2026\/05\/spazio-spadoni-logo-100x100-1.webp","contentUrl":"https:\/\/spaziospadoni.org\/wp-content\/uploads\/2026\/05\/spazio-spadoni-logo-100x100-1.webp","width":100,"height":100,"caption":"spazio + spadoni"},"image":{"@id":"https:\/\/spaziospadoni.org\/fr\/#\/schema\/logo\/image\/"},"sameAs":["https:\/\/www.facebook.com\/SpazioSpadoni\/","https:\/\/www.instagram.com\/spaziospadoni\/","https:\/\/www.youtube.com\/@spaziospadoni\/playlists"]},{"@type":"Person","@id":"https:\/\/spaziospadoni.org\/fr\/#\/schema\/person\/d3c66a7bc7dc4e0150284c92e9cbc5df","name":"Padre Alessio Geraci","image":{"@type":"ImageObject","inLanguage":"fr-FR","@id":"https:\/\/secure.gravatar.com\/avatar\/0c9c9df8c754b964a67f8a08d45b6f0557f16bca4c45a30e2d597191e75bcd69?s=96&d=mm&r=g","url":"https:\/\/secure.gravatar.com\/avatar\/0c9c9df8c754b964a67f8a08d45b6f0557f16bca4c45a30e2d597191e75bcd69?s=96&d=mm&r=g","contentUrl":"https:\/\/secure.gravatar.com\/avatar\/0c9c9df8c754b964a67f8a08d45b6f0557f16bca4c45a30e2d597191e75bcd69?s=96&d=mm&r=g","caption":"Padre Alessio Geraci"},"description":"Le p\u00e8re Alessio Geraci est n\u00e9 \u00e0 Palerme le 11 juin 1983, fils unique de Gabriella et Vincenzo. Il \u00e9tudie les langues \u00e9trang\u00e8res au lyc\u00e9e, puis approfondit ses \u00e9tudes \u00e0 l\u2019universit\u00e9, anim\u00e9 par le d\u00e9sir de partir en mission. Apr\u00e8s plusieurs ann\u00e9es comme missionnaire la\u00efc, notamment en Argentine, il entre chez les Missionnaires comboniens. Il exerce sa mission au P\u00e9rou de 2014 \u00e0 2019, puis en Italie de 2019 \u00e0 2024, au service des jeunes et \u00e0 leurs c\u00f4t\u00e9s. En octobre 2024, il retourne au P\u00e9rou, dans la p\u00e9riph\u00e9rie sud de Lima, o\u00f9 il est actuellement cur\u00e9 de la paroisse \u201cCristo Misionero del Padre\u201d, \u00e0 Chorrillos.","url":"https:\/\/spaziospadoni.org\/fr\/author\/geraci_mission\/"}]}},"_links":{"self":[{"href":"https:\/\/spaziospadoni.org\/fr\/wp-json\/wp\/v2\/posts\/91297","targetHints":{"allow":["GET"]}}],"collection":[{"href":"https:\/\/spaziospadoni.org\/fr\/wp-json\/wp\/v2\/posts"}],"about":[{"href":"https:\/\/spaziospadoni.org\/fr\/wp-json\/wp\/v2\/types\/post"}],"author":[{"embeddable":true,"href":"https:\/\/spaziospadoni.org\/fr\/wp-json\/wp\/v2\/users\/17"}],"replies":[{"embeddable":true,"href":"https:\/\/spaziospadoni.org\/fr\/wp-json\/wp\/v2\/comments?post=91297"}],"version-history":[{"count":2,"href":"https:\/\/spaziospadoni.org\/fr\/wp-json\/wp\/v2\/posts\/91297\/revisions"}],"predecessor-version":[{"id":91299,"href":"https:\/\/spaziospadoni.org\/fr\/wp-json\/wp\/v2\/posts\/91297\/revisions\/91299"}],"wp:featuredmedia":[{"embeddable":true,"href":"https:\/\/spaziospadoni.org\/fr\/wp-json\/wp\/v2\/media\/91296"}],"wp:attachment":[{"href":"https:\/\/spaziospadoni.org\/fr\/wp-json\/wp\/v2\/media?parent=91297"}],"wp:term":[{"taxonomy":"category","embeddable":true,"href":"https:\/\/spaziospadoni.org\/fr\/wp-json\/wp\/v2\/categories?post=91297"},{"taxonomy":"post_tag","embeddable":true,"href":"https:\/\/spaziospadoni.org\/fr\/wp-json\/wp\/v2\/tags?post=91297"}],"curies":[{"name":"wp","href":"https:\/\/api.w.org\/{rel}","templated":true}]}}