{"id":91358,"date":"2026-08-21T13:30:00","date_gmt":"2026-08-21T12:30:00","guid":{"rendered":"https:\/\/spaziospadoni.org\/?p=91358"},"modified":"2026-08-21T07:48:46","modified_gmt":"2026-08-21T06:48:46","slug":"afrique-burundi-formation-a-la-non-violence-active-pour-les-membres-fdc","status":"publish","type":"post","link":"https:\/\/spaziospadoni.org\/fr\/afrique-burundi-formation-a-la-non-violence-active-pour-les-membres-fdc\/","title":{"rendered":"Afrique, Burundi | Formation \u00e0 la non-violence active pour les membres FDC"},"content":{"rendered":"\n<p class=\"wp-block-paragraph\">Quarante membres associ\u00e9s de l&rsquo;Institut de la <strong>Famille des Disciples du Christ (FDC)<\/strong>, venus des dioc\u00e8ses de Bururi, Bujumbura, Rutana et Ruyigi, ont pris part \u00e0 une session de formation sur la Non-violence active (NVA).<\/p>\n\n\n\n<p class=\"wp-block-paragraph\">Organis\u00e9e du 17 au 18 ao\u00fbt 2026 au Petit S\u00e9minaire de Buta, dans le dioc\u00e8se de Bururi, si\u00e8ge de l&rsquo;Institut, la formation visait \u00e0 renforcer les comp\u00e9tences des participants dans la pr\u00e9vention et la gestion pacifique des conflits, tant au sein de leurs familles que dans leurs milieux professionnels et communautaires.<\/p>\n\n\n\n<p class=\"wp-block-paragraph\">La session a \u00e9t\u00e9 anim\u00e9e par une religieuse de la Famille des Disciples du Christ. Elle s&rsquo;inscrit dans la mission commune de l&rsquo;Institut et de ses membres associ\u00e9s la\u00efcs : promouvoir et accompagner les Communaut\u00e9s chr\u00e9tiennes de base afin qu&rsquo;elles deviennent des t\u00e9moins de l&rsquo;amour de Dieu le P\u00e8re.<\/p>\n\n\n\n<h2 id=\"membres-associes-appeles-a-etre-des-artisans-de-paix\" class=\"wp-block-heading\">Membres associ\u00e9s appel\u00e9s \u00e0 \u00eatre des artisans de paix<\/h2>\n\n\n\n<p class=\"wp-block-paragraph\">Les quarante participants comprenaient 11 hommes, 15 femmes et 14 jeunes femmes c\u00e9libataires. \u00c0 travers cette formation, l&rsquo;Institut FDC entend doter ses membres associ\u00e9s d&rsquo;outils pratiques pour mieux comprendre les m\u00e9canismes de la violence, pr\u00e9venir les conflits et rechercher des solutions fond\u00e9es sur le dialogue, la justice et la r\u00e9conciliation.<\/p>\n\n\n\n<p class=\"wp-block-paragraph\">Les enseignements ont notamment port\u00e9 sur la Non-violence active comme alternative \u00e0 la violence, la pr\u00e9vention et la gestion des conflits, la r\u00e9duction de leurs cons\u00e9quences n\u00e9gatives, ainsi que la construction de relations fond\u00e9es sur l&rsquo;\u00e9quit\u00e9 et le respect mutuel.<\/p>\n\n\n\n<p class=\"wp-block-paragraph\">La formation a \u00e9galement abord\u00e9 la gu\u00e9rison des traumatismes, avec une attention particuli\u00e8re port\u00e9e \u00e0 la fa\u00e7on dont le corps r\u00e9agit au stress et aux exp\u00e9riences traumatiques. Les participants ont \u00e9t\u00e9 sensibilis\u00e9s aux d\u00e9marches permettant de mieux surmonter les traumatismes et leurs effets.<\/p>\n\n\n\n<p class=\"wp-block-paragraph\">Parmi les th\u00e8mes d\u00e9velopp\u00e9s figuraient aussi la Communication non violente (CNV), le pardon et la r\u00e9conciliation.<\/p>\n\n\n\n<h2 id=\"commencer-la-nonviolence-par-soimeme\" class=\"wp-block-heading\">Commencer la non-violence par soi-m\u00eame<\/h2>\n\n\n\n<p class=\"wp-block-paragraph\">\u00c0 l&rsquo;issue de la session, plusieurs participants ont exprim\u00e9 leur satisfaction, soulignant avoir acquis des connaissances et des outils capables de transformer leur mani\u00e8re d&rsquo;aborder les tensions et les conflits.<\/p>\n\n\n\n<p class=\"wp-block-paragraph\">D&rsquo;apr\u00e8s les t\u00e9moignages recueillis, la formation a grandement contribu\u00e9 \u00e0 renforcer la confiance en soi et en autrui, tout en d\u00e9veloppant les aptitudes personnelles et professionnelles indispensables pour mieux appr\u00e9hender les situations conflictuelles au quotidien.<\/p>\n\n\n\n<h2 id=\"pierre-niyonizigiye-les-enseignements-recus-maideront-a-mieux-accomplir-ma-mission\" class=\"wp-block-heading\">Pierre Niyonizigiye : \u00ab Les enseignements re\u00e7us m&rsquo;aideront \u00e0 mieux accomplir ma mission \u00bb<\/h2>\n\n\n\n<p class=\"wp-block-paragraph\">Niyonizigiye, cat\u00e9chiste de la paroisse de Rutovu et responsable de l&rsquo;institution de l&rsquo;Ubushingantahe, a particuli\u00e8rement appr\u00e9ci\u00e9 les th\u00e9matiques abord\u00e9es pendant la formation.<\/p>\n\n\n\n<blockquote class=\"wp-block-quote is-layout-flow wp-block-quote-is-layout-flow\">\n<p class=\"wp-block-paragraph\"><em>\u00ab En tant que cat\u00e9chiste et responsable de l&rsquo;institution de l&rsquo;Ubushingantahe, je c\u00f4toie beaucoup de personnes. Les enseignements re\u00e7us m&rsquo;aideront \u00e0 mieux accomplir ma mission consistant \u00e0 aider les autres \u00e0 g\u00e9rer pacifiquement les conflits \u00bb.<\/em><\/p>\n<\/blockquote>\n\n\n\n<p class=\"wp-block-paragraph\">Selon lui, cette formation lui a permis d&rsquo;explorer de nouvelles approches pour b\u00e2tir un monde plus pacifique, juste et fraternel, en commen\u00e7ant par soi-m\u00eame.<\/p>\n\n\n\n<p class=\"wp-block-paragraph\">Il a \u00e9galement pr\u00e9cis\u00e9 avoir \u00e9t\u00e9 particuli\u00e8rement touch\u00e9 par le th\u00e8me du pardon et de la r\u00e9conciliation, notamment \u00e0 travers l&rsquo;exemple de Nelson Mandela. \u00c0 son sens, identifier les racines d&rsquo;un conflit et aider l&rsquo;autre \u00e0 s&rsquo;affranchir de la haine et de la ranc\u0153ur constitue un chemin essentiel vers la paix.<\/p>\n\n\n\n<p class=\"wp-block-paragraph\">Au terme de la formation, Niyonizigiye s&rsquo;est engag\u00e9 \u00e0 ne pas perp\u00e9tuer la violence et \u00e0 ne pas y riposter par des moyens violents, privil\u00e9giant le dialogue, la recherche des causes profondes et les voies pacifiques de r\u00e9solution.<\/p>\n\n\n\n<h2 id=\"felicien-ndayiganyiye-il-est-urgent-de-semer-la-justice-et-la-verite\" class=\"wp-block-heading\">F\u00e9licien Ndayiganyiye : \u00ab Il est urgent de semer la justice et la v\u00e9rit\u00e9 \u00bb<\/h2>\n\n\n\n<p class=\"wp-block-paragraph\">Pour F\u00e9licien Ndayiganyiye, les enseignements re\u00e7us repr\u00e9sentent \u00e9galement un pr\u00e9cieux outil pour incarner la non-violence au quotidien et la transmettre \u00e0 son entourage.<\/p>\n\n\n\n<p class=\"wp-block-paragraph\">Il souligne que, parmi les causes principales de conflits relev\u00e9es par les participants, l&rsquo;injustice figure au premier plan.<\/p>\n\n\n\n<blockquote class=\"wp-block-quote is-layout-flow wp-block-quote-is-layout-flow\">\n<p class=\"wp-block-paragraph\"><em>\u00ab Il est urgent de lancer un appel vibrant \u00e0 semer la justice et la v\u00e9rit\u00e9 \u00bb.<\/em><\/p>\n<\/blockquote>\n\n\n\n<p class=\"wp-block-paragraph\">F\u00e9licien Ndayiganyiye invite en outre les personnes en situation de litige \u00e0 s&rsquo;asseoir ensemble et \u00e0 privil\u00e9gier le dialogue pour trouver conjointement des solutions durables.<\/p>\n\n\n\n<h2 id=\"une-formation-inscrite-dans-un-parcours-plus-large\" class=\"wp-block-heading\">Une formation inscrite dans un parcours plus large<\/h2>\n\n\n\n<p class=\"wp-block-paragraph\">Cette session destin\u00e9e aux membres associ\u00e9s vient compl\u00e9ter celle tenue en avril 2026, au cours de laquelle 94 religieuses de la Famille des Disciples du Christ avaient b\u00e9n\u00e9fici\u00e9 des m\u00eames enseignements.<\/p>\n\n\n\n<p class=\"wp-block-paragraph\">\u00c0 travers ces rendez-vous successifs, l&rsquo;Institut FDC poursuit son engagement en faveur de la promotion d&rsquo;une culture de non-violence, d&rsquo;\u00e9coute, de justice, de pardon et de r\u00e9conciliation.<\/p>\n\n\n\n<p class=\"wp-block-paragraph\">La formation des membres associ\u00e9s constitue \u00e9galement une \u00e9tape majeure dans la concr\u00e9tisation de la mission commune unissant les religieuses de l&rsquo;Institut et les la\u00efcs associ\u00e9s. En consolidant leurs comp\u00e9tences, l&rsquo;Institut entend faire de ces derniers des acteurs aptes \u00e0 favoriser, dans leurs familles, au travail et au sein de la soci\u00e9t\u00e9, la pr\u00e9vention de la violence et l&rsquo;\u00e9mergence de relations fraternelles et paisibles.<\/p>\n\n\n\n<p class=\"wp-block-paragraph\">Par cette initiative, la Famille des Disciples du Christ r\u00e9affirme que la non-violence ne se limite pas \u00e0 un principe th\u00e9orique : elle na\u00eet d&rsquo;une transformation int\u00e9rieure et rayonne ensuite dans la rencontre avec l&rsquo;autre.<\/p>\n\n\n\n<p class=\"wp-block-paragraph\"><strong>Photo de s\u0153ur Gaudence Nininahazwe<\/strong><\/p>\n\n\n\n<p class=\"wp-block-paragraph\"><\/p>\n","protected":false},"excerpt":{"rendered":"<p>Quarante membres associ\u00e9s de l&rsquo;Institut de la Famille des Disciples du Christ (FDC), venus des dioc\u00e8ses de Bururi, Bujumbura, Rutana et Ruyigi, ont pris part \u00e0 une session de formation sur la Non-violence active (NVA). Organis\u00e9e du 17 au 18 ao\u00fbt 2026 au Petit S\u00e9minaire de Buta, dans le dioc\u00e8se de Bururi, si\u00e8ge de l&rsquo;Institut, &#8230; <a title=\"Afrique, Burundi | Formation \u00e0 la non-violence active pour les membres FDC\" class=\"read-more\" href=\"https:\/\/spaziospadoni.org\/fr\/afrique-burundi-formation-a-la-non-violence-active-pour-les-membres-fdc\/\" aria-label=\"Read more about Afrique, Burundi | Formation \u00e0 la non-violence active pour les membres FDC\">Lire plus<\/a><\/p>\n","protected":false},"author":74,"featured_media":91357,"comment_status":"closed","ping_status":"closed","sticky":false,"template":"","format":"standard","meta":{"_sitemap_exclude":false,"_sitemap_priority":"","_sitemap_frequency":"","ss_featured_image_title":"","ss_featured_image_alt":"Formation FDC sur la non-violence \u00e0 Bururi","ss_featured_image_caption":"Un moment de la session de formation sur la non-violence active organis\u00e9e par la \u00ab Famille des Disciples du Christ \u00bb dans le dioc\u00e8se de Bururi, au Burundi.","footnotes":""},"categories":[2548],"tags":[2866,4941,3286,2708,2335],"class_list":["post-91358","post","type-post","status-publish","format-standard","has-post-thumbnail","hentry","category-vie-consacree","tag-burundi-fr","tag-bururi-fr","tag-catechese","tag-paix","tag-reverendes","infinite-scroll-item","generate-columns","tablet-grid-50","mobile-grid-100","grid-parent","grid-50"],"yoast_head":"<!-- This site is optimized with the Yoast SEO plugin v28.4 - https:\/\/yoast.com\/product\/yoast-seo-wordpress\/ -->\n<title>Afrique, Burundi | Formation \u00e0 la non-violence active<\/title>\n<meta name=\"description\" content=\"\u00c0 Buta, quarante membres la\u00efcs des Disciples du Christ se forment \u00e0 la non-violence active, au pardon et \u00e0 la r\u00e9solution pacifique des conflits.\" \/>\n<meta name=\"robots\" content=\"index, follow, max-snippet:-1, max-image-preview:large, max-video-preview:-1\" \/>\n<link rel=\"canonical\" href=\"https:\/\/spaziospadoni.org\/fr\/afrique-burundi-formation-a-la-non-violence-active-pour-les-membres-fdc\/\" \/>\n<meta property=\"og:locale\" content=\"fr_FR\" \/>\n<meta property=\"og:type\" content=\"article\" \/>\n<meta property=\"og:title\" content=\"Afrique, Burundi | Formation \u00e0 la non-violence active\" \/>\n<meta property=\"og:description\" content=\"\u00c0 Buta, quarante membres la\u00efcs des Disciples du Christ se forment \u00e0 la non-violence active, au pardon et \u00e0 la r\u00e9solution pacifique des conflits.\" \/>\n<meta property=\"og:url\" content=\"https:\/\/spaziospadoni.org\/fr\/afrique-burundi-formation-a-la-non-violence-active-pour-les-membres-fdc\/\" \/>\n<meta property=\"og:site_name\" content=\"spazio + spadoni\" \/>\n<meta property=\"article:publisher\" content=\"https:\/\/www.facebook.com\/SpazioSpadoni\/\" \/>\n<meta property=\"article:published_time\" content=\"2026-08-21T12:30:00+00:00\" \/>\n<meta property=\"og:image\" content=\"https:\/\/spaziospadoni.org\/wp-content\/uploads\/2026\/08\/formazione-bururi-burundi-fdc.webp\" \/>\n\t<meta property=\"og:image:width\" content=\"1200\" \/>\n\t<meta property=\"og:image:height\" content=\"900\" \/>\n\t<meta property=\"og:image:type\" content=\"image\/webp\" \/>\n<meta name=\"author\" content=\"Suor Gaudence Nininahazwe\" \/>\n<meta name=\"twitter:card\" content=\"summary_large_image\" \/>\n<meta name=\"twitter:label1\" content=\"\u00c9crit par\" \/>\n\t<meta name=\"twitter:data1\" content=\"S\u0153ur Gaudence Nininahazwe\" \/>\n\t<meta name=\"twitter:label2\" content=\"Est. reading time\" \/>\n\t<meta name=\"twitter:data2\" content=\"5 minutes\" \/>\n<script type=\"application\/ld+json\" class=\"yoast-schema-graph\">{\"@context\":\"https:\\\/\\\/schema.org\",\"@graph\":[{\"@type\":\"Article\",\"@id\":\"https:\\\/\\\/spaziospadoni.org\\\/fr\\\/afrique-burundi-formation-a-la-non-violence-active-pour-les-membres-fdc\\\/#article\",\"isPartOf\":{\"@id\":\"https:\\\/\\\/spaziospadoni.org\\\/fr\\\/afrique-burundi-formation-a-la-non-violence-active-pour-les-membres-fdc\\\/\"},\"author\":{\"name\":\"Suor Gaudence Nininahazwe\",\"@id\":\"https:\\\/\\\/spaziospadoni.org\\\/fr\\\/#\\\/schema\\\/person\\\/878fa65dbc8cd51476157d827d682e68\"},\"headline\":\"Afrique, Burundi | Formation \u00e0 la non-violence active pour les membres FDC\",\"datePublished\":\"2026-08-21T12:30:00+00:00\",\"mainEntityOfPage\":{\"@id\":\"https:\\\/\\\/spaziospadoni.org\\\/fr\\\/afrique-burundi-formation-a-la-non-violence-active-pour-les-membres-fdc\\\/\"},\"wordCount\":913,\"publisher\":{\"@id\":\"https:\\\/\\\/spaziospadoni.org\\\/fr\\\/#organization\"},\"image\":{\"@id\":\"https:\\\/\\\/spaziospadoni.org\\\/fr\\\/afrique-burundi-formation-a-la-non-violence-active-pour-les-membres-fdc\\\/#primaryimage\"},\"thumbnailUrl\":\"https:\\\/\\\/spaziospadoni.org\\\/wp-content\\\/uploads\\\/2026\\\/08\\\/formazione-bururi-burundi-fdc.webp\",\"keywords\":[\"Burundi\",\"Bururi\",\"cat\u00e9ch\u00e8se\",\"Paix\",\"R\u00e9v\u00e9rendes\"],\"articleSection\":[\"Vie consacr\u00e9e\"],\"inLanguage\":\"fr-FR\"},{\"@type\":\"WebPage\",\"@id\":\"https:\\\/\\\/spaziospadoni.org\\\/fr\\\/afrique-burundi-formation-a-la-non-violence-active-pour-les-membres-fdc\\\/\",\"url\":\"https:\\\/\\\/spaziospadoni.org\\\/fr\\\/afrique-burundi-formation-a-la-non-violence-active-pour-les-membres-fdc\\\/\",\"name\":\"Afrique, Burundi | Formation \u00e0 la non-violence active\",\"isPartOf\":{\"@id\":\"https:\\\/\\\/spaziospadoni.org\\\/fr\\\/#website\"},\"primaryImageOfPage\":{\"@id\":\"https:\\\/\\\/spaziospadoni.org\\\/fr\\\/afrique-burundi-formation-a-la-non-violence-active-pour-les-membres-fdc\\\/#primaryimage\"},\"image\":{\"@id\":\"https:\\\/\\\/spaziospadoni.org\\\/fr\\\/afrique-burundi-formation-a-la-non-violence-active-pour-les-membres-fdc\\\/#primaryimage\"},\"thumbnailUrl\":\"https:\\\/\\\/spaziospadoni.org\\\/wp-content\\\/uploads\\\/2026\\\/08\\\/formazione-bururi-burundi-fdc.webp\",\"datePublished\":\"2026-08-21T12:30:00+00:00\",\"description\":\"\u00c0 Buta, quarante membres la\u00efcs des Disciples du Christ se forment \u00e0 la non-violence active, au pardon et \u00e0 la r\u00e9solution pacifique des conflits.\",\"breadcrumb\":{\"@id\":\"https:\\\/\\\/spaziospadoni.org\\\/fr\\\/afrique-burundi-formation-a-la-non-violence-active-pour-les-membres-fdc\\\/#breadcrumb\"},\"inLanguage\":\"fr-FR\",\"potentialAction\":[{\"@type\":\"ReadAction\",\"target\":[\"https:\\\/\\\/spaziospadoni.org\\\/fr\\\/afrique-burundi-formation-a-la-non-violence-active-pour-les-membres-fdc\\\/\"]}]},{\"@type\":\"ImageObject\",\"inLanguage\":\"fr-FR\",\"@id\":\"https:\\\/\\\/spaziospadoni.org\\\/fr\\\/afrique-burundi-formation-a-la-non-violence-active-pour-les-membres-fdc\\\/#primaryimage\",\"url\":\"https:\\\/\\\/spaziospadoni.org\\\/wp-content\\\/uploads\\\/2026\\\/08\\\/formazione-bururi-burundi-fdc.webp\",\"contentUrl\":\"https:\\\/\\\/spaziospadoni.org\\\/wp-content\\\/uploads\\\/2026\\\/08\\\/formazione-bururi-burundi-fdc.webp\",\"width\":1200,\"height\":900,\"caption\":\"Un moment de la session de formation sur la non-violence active organis\u00e9e par la \u00ab Famille des Disciples du Christ \u00bb dans le dioc\u00e8se de Bururi, au Burundi.\"},{\"@type\":\"BreadcrumbList\",\"@id\":\"https:\\\/\\\/spaziospadoni.org\\\/fr\\\/afrique-burundi-formation-a-la-non-violence-active-pour-les-membres-fdc\\\/#breadcrumb\",\"itemListElement\":[{\"@type\":\"ListItem\",\"position\":1,\"name\":\"Home\",\"item\":\"https:\\\/\\\/spaziospadoni.org\\\/fr\\\/\"},{\"@type\":\"ListItem\",\"position\":2,\"name\":\"Afrique, Burundi | Formation \u00e0 la non-violence active pour les membres FDC\"}]},{\"@type\":\"WebSite\",\"@id\":\"https:\\\/\\\/spaziospadoni.org\\\/fr\\\/#website\",\"url\":\"https:\\\/\\\/spaziospadoni.org\\\/fr\\\/\",\"name\":\"spazio + spadoni\",\"description\":\"Generazione di misericordia e missione nel mondo\",\"publisher\":{\"@id\":\"https:\\\/\\\/spaziospadoni.org\\\/fr\\\/#organization\"},\"alternateName\":\"spaziospadoni.org\",\"potentialAction\":[{\"@type\":\"SearchAction\",\"target\":{\"@type\":\"EntryPoint\",\"urlTemplate\":\"https:\\\/\\\/spaziospadoni.org\\\/fr\\\/?s={search_term_string}\"},\"query-input\":{\"@type\":\"PropertyValueSpecification\",\"valueRequired\":true,\"valueName\":\"search_term_string\"}}],\"inLanguage\":\"fr-FR\"},{\"@type\":\"Organization\",\"@id\":\"https:\\\/\\\/spaziospadoni.org\\\/fr\\\/#organization\",\"name\":\"spazio + spadoni\",\"alternateName\":\"spaziospadoni.org\",\"url\":\"https:\\\/\\\/spaziospadoni.org\\\/fr\\\/\",\"logo\":{\"@type\":\"ImageObject\",\"inLanguage\":\"fr-FR\",\"@id\":\"https:\\\/\\\/spaziospadoni.org\\\/fr\\\/#\\\/schema\\\/logo\\\/image\\\/\",\"url\":\"https:\\\/\\\/spaziospadoni.org\\\/wp-content\\\/uploads\\\/2026\\\/05\\\/spazio-spadoni-logo-100x100-1.webp\",\"contentUrl\":\"https:\\\/\\\/spaziospadoni.org\\\/wp-content\\\/uploads\\\/2026\\\/05\\\/spazio-spadoni-logo-100x100-1.webp\",\"width\":100,\"height\":100,\"caption\":\"spazio + spadoni\"},\"image\":{\"@id\":\"https:\\\/\\\/spaziospadoni.org\\\/fr\\\/#\\\/schema\\\/logo\\\/image\\\/\"},\"sameAs\":[\"https:\\\/\\\/www.facebook.com\\\/SpazioSpadoni\\\/\",\"https:\\\/\\\/www.instagram.com\\\/spaziospadoni\\\/\",\"https:\\\/\\\/www.youtube.com\\\/@spaziospadoni\\\/playlists\"]},{\"@type\":\"Person\",\"@id\":\"https:\\\/\\\/spaziospadoni.org\\\/fr\\\/#\\\/schema\\\/person\\\/878fa65dbc8cd51476157d827d682e68\",\"name\":\"Suor Gaudence Nininahazwe\",\"image\":{\"@type\":\"ImageObject\",\"inLanguage\":\"fr-FR\",\"@id\":\"https:\\\/\\\/secure.gravatar.com\\\/avatar\\\/e5861bf3fded3d25758a3e74b525ba7364fd257580ed7ec54d84c2000ee59833?s=96&d=mm&r=g\",\"url\":\"https:\\\/\\\/secure.gravatar.com\\\/avatar\\\/e5861bf3fded3d25758a3e74b525ba7364fd257580ed7ec54d84c2000ee59833?s=96&d=mm&r=g\",\"contentUrl\":\"https:\\\/\\\/secure.gravatar.com\\\/avatar\\\/e5861bf3fded3d25758a3e74b525ba7364fd257580ed7ec54d84c2000ee59833?s=96&d=mm&r=g\",\"caption\":\"Suor Gaudence Nininahazwe\"},\"description\":\"S\u0153ur Gaudence est une s\u0153ur de nationalit\u00e9 burundaise. N\u00e9e le 5 juillet 1975, elle a fr\u00e9quent\u00e9 l\u2019Universit\u00e9 catholique de Kabgayi au Rwanda de 2005 \u00e0 2010. Elle est dipl\u00f4m\u00e9e en Journalisme. De 2010 \u00e0 2014, elle a \u00e9t\u00e9 r\u00e9dactrice en chef de Radio Maria Burundi. De 2014 \u00e0 2019, elle a \u00e9t\u00e9 formatrice de noviciat (Ma\u00eetresse des novices) dans son institut religieux, la Famille des Disciples du Christ. De 2019 \u00e0 2024, elle a \u00e9t\u00e9 directrice de l\u2019\u00c9cole Secondaire Technique Monseigneur Bernard Bududira. Elle est actuellement formatrice au Noviciat Kiryama \u00e0 Bururi.\",\"url\":\"https:\\\/\\\/spaziospadoni.org\\\/fr\\\/author\\\/nininahazwe_mission\\\/\"}]}<\/script>\n<!-- \/ Yoast SEO plugin. -->","yoast_head_json":{"title":"Afrique, Burundi | Formation \u00e0 la non-violence active","description":"\u00c0 Buta, quarante membres la\u00efcs des Disciples du Christ se forment \u00e0 la non-violence active, au pardon et \u00e0 la r\u00e9solution pacifique des conflits.","robots":{"index":"index","follow":"follow","max-snippet":"max-snippet:-1","max-image-preview":"max-image-preview:large","max-video-preview":"max-video-preview:-1"},"canonical":"https:\/\/spaziospadoni.org\/fr\/afrique-burundi-formation-a-la-non-violence-active-pour-les-membres-fdc\/","og_locale":"fr_FR","og_type":"article","og_title":"Afrique, Burundi | Formation \u00e0 la non-violence active","og_description":"\u00c0 Buta, quarante membres la\u00efcs des Disciples du Christ se forment \u00e0 la non-violence active, au pardon et \u00e0 la r\u00e9solution pacifique des conflits.","og_url":"https:\/\/spaziospadoni.org\/fr\/afrique-burundi-formation-a-la-non-violence-active-pour-les-membres-fdc\/","og_site_name":"spazio + spadoni","article_publisher":"https:\/\/www.facebook.com\/SpazioSpadoni\/","article_published_time":"2026-08-21T12:30:00+00:00","og_image":[{"width":1200,"height":900,"url":"https:\/\/spaziospadoni.org\/wp-content\/uploads\/2026\/08\/formazione-bururi-burundi-fdc.webp","type":"image\/webp"}],"author":"Suor Gaudence Nininahazwe","twitter_card":"summary_large_image","twitter_misc":{"\u00c9crit par":"S\u0153ur Gaudence Nininahazwe","Est. reading time":"5 minutes"},"schema":{"@context":"https:\/\/schema.org","@graph":[{"@type":"Article","@id":"https:\/\/spaziospadoni.org\/fr\/afrique-burundi-formation-a-la-non-violence-active-pour-les-membres-fdc\/#article","isPartOf":{"@id":"https:\/\/spaziospadoni.org\/fr\/afrique-burundi-formation-a-la-non-violence-active-pour-les-membres-fdc\/"},"author":{"name":"Suor Gaudence Nininahazwe","@id":"https:\/\/spaziospadoni.org\/fr\/#\/schema\/person\/878fa65dbc8cd51476157d827d682e68"},"headline":"Afrique, Burundi | Formation \u00e0 la non-violence active pour les membres FDC","datePublished":"2026-08-21T12:30:00+00:00","mainEntityOfPage":{"@id":"https:\/\/spaziospadoni.org\/fr\/afrique-burundi-formation-a-la-non-violence-active-pour-les-membres-fdc\/"},"wordCount":913,"publisher":{"@id":"https:\/\/spaziospadoni.org\/fr\/#organization"},"image":{"@id":"https:\/\/spaziospadoni.org\/fr\/afrique-burundi-formation-a-la-non-violence-active-pour-les-membres-fdc\/#primaryimage"},"thumbnailUrl":"https:\/\/spaziospadoni.org\/wp-content\/uploads\/2026\/08\/formazione-bururi-burundi-fdc.webp","keywords":["Burundi","Bururi","cat\u00e9ch\u00e8se","Paix","R\u00e9v\u00e9rendes"],"articleSection":["Vie consacr\u00e9e"],"inLanguage":"fr-FR"},{"@type":"WebPage","@id":"https:\/\/spaziospadoni.org\/fr\/afrique-burundi-formation-a-la-non-violence-active-pour-les-membres-fdc\/","url":"https:\/\/spaziospadoni.org\/fr\/afrique-burundi-formation-a-la-non-violence-active-pour-les-membres-fdc\/","name":"Afrique, Burundi | Formation \u00e0 la non-violence active","isPartOf":{"@id":"https:\/\/spaziospadoni.org\/fr\/#website"},"primaryImageOfPage":{"@id":"https:\/\/spaziospadoni.org\/fr\/afrique-burundi-formation-a-la-non-violence-active-pour-les-membres-fdc\/#primaryimage"},"image":{"@id":"https:\/\/spaziospadoni.org\/fr\/afrique-burundi-formation-a-la-non-violence-active-pour-les-membres-fdc\/#primaryimage"},"thumbnailUrl":"https:\/\/spaziospadoni.org\/wp-content\/uploads\/2026\/08\/formazione-bururi-burundi-fdc.webp","datePublished":"2026-08-21T12:30:00+00:00","description":"\u00c0 Buta, quarante membres la\u00efcs des Disciples du Christ se forment \u00e0 la non-violence active, au pardon et \u00e0 la r\u00e9solution pacifique des conflits.","breadcrumb":{"@id":"https:\/\/spaziospadoni.org\/fr\/afrique-burundi-formation-a-la-non-violence-active-pour-les-membres-fdc\/#breadcrumb"},"inLanguage":"fr-FR","potentialAction":[{"@type":"ReadAction","target":["https:\/\/spaziospadoni.org\/fr\/afrique-burundi-formation-a-la-non-violence-active-pour-les-membres-fdc\/"]}]},{"@type":"ImageObject","inLanguage":"fr-FR","@id":"https:\/\/spaziospadoni.org\/fr\/afrique-burundi-formation-a-la-non-violence-active-pour-les-membres-fdc\/#primaryimage","url":"https:\/\/spaziospadoni.org\/wp-content\/uploads\/2026\/08\/formazione-bururi-burundi-fdc.webp","contentUrl":"https:\/\/spaziospadoni.org\/wp-content\/uploads\/2026\/08\/formazione-bururi-burundi-fdc.webp","width":1200,"height":900,"caption":"Un moment de la session de formation sur la non-violence active organis\u00e9e par la \u00ab Famille des Disciples du Christ \u00bb dans le dioc\u00e8se de Bururi, au Burundi."},{"@type":"BreadcrumbList","@id":"https:\/\/spaziospadoni.org\/fr\/afrique-burundi-formation-a-la-non-violence-active-pour-les-membres-fdc\/#breadcrumb","itemListElement":[{"@type":"ListItem","position":1,"name":"Home","item":"https:\/\/spaziospadoni.org\/fr\/"},{"@type":"ListItem","position":2,"name":"Afrique, Burundi | Formation \u00e0 la non-violence active pour les membres FDC"}]},{"@type":"WebSite","@id":"https:\/\/spaziospadoni.org\/fr\/#website","url":"https:\/\/spaziospadoni.org\/fr\/","name":"spazio + spadoni","description":"Generazione di misericordia e missione nel mondo","publisher":{"@id":"https:\/\/spaziospadoni.org\/fr\/#organization"},"alternateName":"spaziospadoni.org","potentialAction":[{"@type":"SearchAction","target":{"@type":"EntryPoint","urlTemplate":"https:\/\/spaziospadoni.org\/fr\/?s={search_term_string}"},"query-input":{"@type":"PropertyValueSpecification","valueRequired":true,"valueName":"search_term_string"}}],"inLanguage":"fr-FR"},{"@type":"Organization","@id":"https:\/\/spaziospadoni.org\/fr\/#organization","name":"spazio + spadoni","alternateName":"spaziospadoni.org","url":"https:\/\/spaziospadoni.org\/fr\/","logo":{"@type":"ImageObject","inLanguage":"fr-FR","@id":"https:\/\/spaziospadoni.org\/fr\/#\/schema\/logo\/image\/","url":"https:\/\/spaziospadoni.org\/wp-content\/uploads\/2026\/05\/spazio-spadoni-logo-100x100-1.webp","contentUrl":"https:\/\/spaziospadoni.org\/wp-content\/uploads\/2026\/05\/spazio-spadoni-logo-100x100-1.webp","width":100,"height":100,"caption":"spazio + spadoni"},"image":{"@id":"https:\/\/spaziospadoni.org\/fr\/#\/schema\/logo\/image\/"},"sameAs":["https:\/\/www.facebook.com\/SpazioSpadoni\/","https:\/\/www.instagram.com\/spaziospadoni\/","https:\/\/www.youtube.com\/@spaziospadoni\/playlists"]},{"@type":"Person","@id":"https:\/\/spaziospadoni.org\/fr\/#\/schema\/person\/878fa65dbc8cd51476157d827d682e68","name":"Suor Gaudence Nininahazwe","image":{"@type":"ImageObject","inLanguage":"fr-FR","@id":"https:\/\/secure.gravatar.com\/avatar\/e5861bf3fded3d25758a3e74b525ba7364fd257580ed7ec54d84c2000ee59833?s=96&d=mm&r=g","url":"https:\/\/secure.gravatar.com\/avatar\/e5861bf3fded3d25758a3e74b525ba7364fd257580ed7ec54d84c2000ee59833?s=96&d=mm&r=g","contentUrl":"https:\/\/secure.gravatar.com\/avatar\/e5861bf3fded3d25758a3e74b525ba7364fd257580ed7ec54d84c2000ee59833?s=96&d=mm&r=g","caption":"Suor Gaudence Nininahazwe"},"description":"S\u0153ur Gaudence est une s\u0153ur de nationalit\u00e9 burundaise. N\u00e9e le 5 juillet 1975, elle a fr\u00e9quent\u00e9 l\u2019Universit\u00e9 catholique de Kabgayi au Rwanda de 2005 \u00e0 2010. Elle est dipl\u00f4m\u00e9e en Journalisme. De 2010 \u00e0 2014, elle a \u00e9t\u00e9 r\u00e9dactrice en chef de Radio Maria Burundi. De 2014 \u00e0 2019, elle a \u00e9t\u00e9 formatrice de noviciat (Ma\u00eetresse des novices) dans son institut religieux, la Famille des Disciples du Christ. De 2019 \u00e0 2024, elle a \u00e9t\u00e9 directrice de l\u2019\u00c9cole Secondaire Technique Monseigneur Bernard Bududira. Elle est actuellement formatrice au Noviciat Kiryama \u00e0 Bururi.","url":"https:\/\/spaziospadoni.org\/fr\/author\/nininahazwe_mission\/"}]}},"_links":{"self":[{"href":"https:\/\/spaziospadoni.org\/fr\/wp-json\/wp\/v2\/posts\/91358","targetHints":{"allow":["GET"]}}],"collection":[{"href":"https:\/\/spaziospadoni.org\/fr\/wp-json\/wp\/v2\/posts"}],"about":[{"href":"https:\/\/spaziospadoni.org\/fr\/wp-json\/wp\/v2\/types\/post"}],"author":[{"embeddable":true,"href":"https:\/\/spaziospadoni.org\/fr\/wp-json\/wp\/v2\/users\/74"}],"replies":[{"embeddable":true,"href":"https:\/\/spaziospadoni.org\/fr\/wp-json\/wp\/v2\/comments?post=91358"}],"version-history":[{"count":2,"href":"https:\/\/spaziospadoni.org\/fr\/wp-json\/wp\/v2\/posts\/91358\/revisions"}],"predecessor-version":[{"id":91360,"href":"https:\/\/spaziospadoni.org\/fr\/wp-json\/wp\/v2\/posts\/91358\/revisions\/91360"}],"wp:featuredmedia":[{"embeddable":true,"href":"https:\/\/spaziospadoni.org\/fr\/wp-json\/wp\/v2\/media\/91357"}],"wp:attachment":[{"href":"https:\/\/spaziospadoni.org\/fr\/wp-json\/wp\/v2\/media?parent=91358"}],"wp:term":[{"taxonomy":"category","embeddable":true,"href":"https:\/\/spaziospadoni.org\/fr\/wp-json\/wp\/v2\/categories?post=91358"},{"taxonomy":"post_tag","embeddable":true,"href":"https:\/\/spaziospadoni.org\/fr\/wp-json\/wp\/v2\/tags?post=91358"}],"curies":[{"name":"wp","href":"https:\/\/api.w.org\/{rel}","templated":true}]}}