{"id":91376,"date":"2026-08-21T07:00:00","date_gmt":"2026-08-21T06:00:00","guid":{"rendered":"https:\/\/spaziospadoni.org\/?p=91376"},"modified":"2026-08-21T08:40:35","modified_gmt":"2026-08-21T07:40:35","slug":"le-bien-qui-engendre-le-bien-merci-stefano-trane-protopapa","status":"publish","type":"post","link":"https:\/\/spaziospadoni.org\/fr\/le-bien-qui-engendre-le-bien-merci-stefano-trane-protopapa\/","title":{"rendered":"Le bien qui engendre le bien | Merci, Stefano Trane Protopapa !"},"content":{"rendered":"\n<p class=\"has-contrast-3-color has-text-color has-link-color wp-elements-1 wp-block-paragraph\"><em>Le 21 ao\u00fbt, \u00e0 Gagliano del Capo, dans la province de Lecce, une soir\u00e9e sera consacr\u00e9e \u00e0 la m\u00e9moire de Stefano Trane Protopapa, d\u00e9c\u00e9d\u00e9 en 2025 \u00e0 l\u2019\u00e2ge de 50 ans des suites d\u2019une maladie. Au cours des derni\u00e8res semaines de sa vie, Stefano s\u2019\u00e9tait \u00e9galement consacr\u00e9 au blog de spazio + spadoni, \u00e0 la recherche de nouveaux contacts et de nouveaux auteurs. C\u2019est pourquoi, aujourd\u2019hui, nous voulons nous souvenir de lui avec gratitude et affection.<\/em><\/p>\n\n\n\n<p class=\"wp-block-paragraph\">Je n\u2019ai pas la pr\u00e9tention de me d\u00e9finir comme une amie de Stefano, car les amis sont ceux qui sont toujours l\u00e0, qui ont partag\u00e9 tant de moments avec vous, qui sont rest\u00e9s \u00e0 vos c\u00f4t\u00e9s dans les difficult\u00e9s.<\/p>\n\n\n\n<p class=\"wp-block-paragraph\">J\u2019ai \u00e9t\u00e9 \u00ab de passage \u00bb dans la vie de Stefano et ce fut d\u00e9j\u00e0 un privil\u00e8ge pour moi.<\/p>\n\n\n\n<p class=\"wp-block-paragraph\">Nous nous sommes retrouv\u00e9s apr\u00e8s tant d\u2019ann\u00e9es : 35, pour \u00eatre exacte. Et cela parce que j\u2019ai toujours cru que les passions et les affinit\u00e9s lient les personnes malgr\u00e9 le temps et la distance g\u00e9ographique.<\/p>\n\n\n\n<p class=\"wp-block-paragraph\">Le fil qui nous unissait tous les deux \u00e9tait l\u2019amour de l\u2019\u00e9criture, des mots : aussi bien au lyc\u00e9e, quand j\u2019\u00e9tais la petite s\u0153ur de sa camarade de classe, qu\u2019il y a deux ans, lorsque nous avons commenc\u00e9 \u00e0 nous parler au t\u00e9l\u00e9phone.<\/p>\n\n\n\n<p class=\"wp-block-paragraph\">Lui qui aimait les livres sourirait de l\u00e0-haut si je lui disais que lorsque je pense \u00e0 lui \u2013 et cela arrive souvent \u2013 une phrase des \u00ab Nuits blanches \u00bb de Dosto\u00efevski me vient \u00e0 l\u2019esprit : <em>\u00ab Mais quel sens ont les connaissances ? M\u00eame sans elles, je connais tout P\u00e9tersbourg \u00bb<\/em>.<\/p>\n\n\n\n<p class=\"wp-block-paragraph\">Parce que Stefano, qu\u2019il soit chez lui ou dans un lit d\u2019h\u00f4pital, \u00e9coutait. Il savait saisir les nuances de la vie, percevait les besoins et les \u00e9motions de ceux qui l\u2019entouraient.<\/p>\n\n\n\n<p class=\"wp-block-paragraph\">Et surtout, il avait la capacit\u00e9 extraordinaire de cr\u00e9er des relations, de mettre les gens en r\u00e9seau.<\/p>\n\n\n\n<p class=\"wp-block-paragraph\">Depuis deux ans, je collabore avec spazio + spadoni.<\/p>\n\n\n\n<blockquote class=\"wp-block-quote is-layout-flow wp-block-quote-is-layout-flow\">\n<p class=\"wp-block-paragraph\"> <strong>C\u2019est impressionnant tout ce qu\u2019il a fait pour le blog en tr\u00e8s peu de jours : qui plus est, ses derniers jours.<\/strong><\/p>\n<\/blockquote>\n\n\n\n<p class=\"wp-block-paragraph\">Stefano m\u2019a d\u00e9montr\u00e9 que si l\u2019on tient \u00e0 une chose, on la m\u00e8ne \u00e0 bien m\u00eame quand cela demande des efforts. De plus, son d\u00e9vouement \u00e0 me trouver de nouveaux auteurs et correspondants pour le blog a port\u00e9 des fruits qui, \u00e0 ma grande surprise, continuent aujourd\u2019hui encore, plus d\u2019un an apr\u00e8s sa disparition.<\/p>\n\n\n\n<p class=\"wp-block-paragraph\">Avec tout l\u2019enthousiasme possible, il m\u2019envoyait les num\u00e9ros de personnes qui, selon lui, pouvaient \u00e9crire pour le blog, qu\u2019elles soient \u00e0 Gagliano ou en Inde. Et gr\u00e2ce \u00e0 lui sont n\u00e9es de belles collaborations qui durent encore et en apportent d\u2019autres.<\/p>\n\n\n\n<p class=\"wp-block-paragraph\">C\u2019est gr\u00e2ce \u00e0 lui si j\u2019ai retrouv\u00e9 Emiliano et le p\u00e8re Gino, et si j\u2019ai rencontr\u00e9 Massimo Buccarello, correspondant tr\u00e8s appr\u00e9ci\u00e9 de spazio + spadoni, qui \u00e0 son tour m\u2019a mise en contact avec Antonella, le p\u00e8re Fabrizio et Chiara.<\/p>\n\n\n\n<blockquote class=\"wp-block-quote is-layout-flow wp-block-quote-is-layout-flow\">\n<p class=\"wp-block-paragraph\"><strong>Le bien engendre toujours le bien et Stefano, au lieu de s\u2019enfermer dans la douleur de sa maladie, a contribu\u00e9 \u00e0 faire germer des graines qui seraient rest\u00e9es silencieuses : quatre de nos auteurs viennent de lui ! C\u2019est pourquoi, chaque fois qu\u2019un article me parvient de leur part, c\u2019est comme si Stefano reprenait vie. Et je lui dis merci, en imaginant le sourire de celui qui sait qu\u2019il a fait sa part, heureux de prolonger ce cercle vertueux de mots et d\u2019histoires partag\u00e9s.<\/strong><\/p>\n<\/blockquote>\n\n\n\n<p class=\"wp-block-paragraph\">Aujourd\u2019hui, au-del\u00e0 de la nostalgie et de la profonde tristesse li\u00e9e \u00e0 son absence, je suis heureuse pour lui, pour son r\u00eave qui se r\u00e9alise : la publication de son recueil de po\u00e8mes, \u00ab Murmure, suoni e ri-suoni \u00bb.<\/p>\n\n\n\n<p class=\"wp-block-paragraph\">J\u2019aurais aim\u00e9 \u00eatre pr\u00e9sente, mais je n\u2019ai pas pu. C\u2019est donc ma fa\u00e7on de participer et de partager sa joie avec lui et avec tous ceux qui l\u2019ont aim\u00e9 et connu.<\/p>\n\n\n\n<p class=\"wp-block-paragraph\"><strong>Mille mercis de ma part et de celle de spazio + spadoni !<\/strong><\/p>\n\n\n\n<p class=\"wp-block-paragraph\">Au revoir, Stefano Trane Protopapa !<\/p>\n\n\n\n<p class=\"wp-block-paragraph\"><strong>Photo de Stefano Trane Protopapa <\/strong><\/p>\n\n\n\n<p class=\"wp-block-paragraph\"><\/p>\n","protected":false},"excerpt":{"rendered":"<p>Le 21 ao\u00fbt, \u00e0 Gagliano del Capo, dans la province de Lecce, une soir\u00e9e sera consacr\u00e9e \u00e0 la m\u00e9moire de Stefano Trane Protopapa, d\u00e9c\u00e9d\u00e9 en 2025 \u00e0 l\u2019\u00e2ge de 50 ans des suites d\u2019une maladie. Au cours des derni\u00e8res semaines de sa vie, Stefano s\u2019\u00e9tait \u00e9galement consacr\u00e9 au blog de spazio + spadoni, \u00e0 la &#8230; <a title=\"Le bien qui engendre le bien | Merci, Stefano Trane Protopapa !\" class=\"read-more\" href=\"https:\/\/spaziospadoni.org\/fr\/le-bien-qui-engendre-le-bien-merci-stefano-trane-protopapa\/\" aria-label=\"Read more about Le bien qui engendre le bien | Merci, Stefano Trane Protopapa !\">Lire plus<\/a><\/p>\n","protected":false},"author":7,"featured_media":91375,"comment_status":"closed","ping_status":"closed","sticky":false,"template":"","format":"standard","meta":{"_sitemap_exclude":false,"_sitemap_priority":"","_sitemap_frequency":"","ss_featured_image_title":"","ss_featured_image_alt":"Photo de Stefano Trane Protopapa","ss_featured_image_caption":"Photo de Stefano Trane Protopapa pr\u00e9sente dans le livre Murmure, Suoni e Ri-suoni","footnotes":""},"categories":[2528],"tags":[4102,3558,2605,2953,3870],"class_list":["post-91376","post","type-post","status-publish","format-standard","has-post-thumbnail","hentry","category-histoires","tag-generosite","tag-gratitude-fr","tag-maladie","tag-mots","tag-relations","infinite-scroll-item","generate-columns","tablet-grid-50","mobile-grid-100","grid-parent","grid-50"],"yoast_head":"<!-- This site is optimized with the Yoast SEO plugin v28.4 - https:\/\/yoast.com\/product\/yoast-seo-wordpress\/ -->\n<title>Le souvenir de Stefano Trane Protopapa et de ses mots<\/title>\n<meta name=\"description\" content=\"Le souvenir de Stefano Trane Protopapa : l&#039;amour de l&#039;\u00e9criture, la force des relations et les graines de bien qui continuent de fleurir.\" \/>\n<meta name=\"robots\" content=\"index, follow, max-snippet:-1, max-image-preview:large, max-video-preview:-1\" \/>\n<link rel=\"canonical\" href=\"https:\/\/spaziospadoni.org\/fr\/le-bien-qui-engendre-le-bien-merci-stefano-trane-protopapa\/\" \/>\n<meta property=\"og:locale\" content=\"fr_FR\" \/>\n<meta property=\"og:type\" content=\"article\" \/>\n<meta property=\"og:title\" content=\"Le souvenir de Stefano Trane Protopapa et de ses mots\" \/>\n<meta property=\"og:description\" content=\"Le souvenir de Stefano Trane Protopapa : l&#039;amour de l&#039;\u00e9criture, la force des relations et les graines de bien qui continuent de fleurir.\" \/>\n<meta property=\"og:url\" content=\"https:\/\/spaziospadoni.org\/fr\/le-bien-qui-engendre-le-bien-merci-stefano-trane-protopapa\/\" \/>\n<meta property=\"og:site_name\" content=\"spazio + spadoni\" \/>\n<meta property=\"article:publisher\" content=\"https:\/\/www.facebook.com\/SpazioSpadoni\/\" \/>\n<meta property=\"article:published_time\" content=\"2026-08-21T06:00:00+00:00\" \/>\n<meta property=\"article:modified_time\" content=\"2026-08-21T07:40:35+00:00\" \/>\n<meta property=\"og:image\" content=\"https:\/\/spaziospadoni.org\/wp-content\/uploads\/2026\/08\/colomba-foto-stefano-trane.webp\" \/>\n\t<meta property=\"og:image:width\" content=\"1200\" \/>\n\t<meta property=\"og:image:height\" content=\"803\" \/>\n\t<meta property=\"og:image:type\" content=\"image\/webp\" \/>\n<meta name=\"author\" content=\"Loredana Brigante\" \/>\n<meta name=\"twitter:card\" content=\"summary_large_image\" \/>\n<meta name=\"twitter:label1\" content=\"\u00c9crit par\" \/>\n\t<meta name=\"twitter:data1\" content=\"Loredana Brigante\" \/>\n\t<meta name=\"twitter:label2\" content=\"Est. reading time\" \/>\n\t<meta name=\"twitter:data2\" content=\"4 minutes\" \/>\n<script type=\"application\/ld+json\" class=\"yoast-schema-graph\">{\"@context\":\"https:\\\/\\\/schema.org\",\"@graph\":[{\"@type\":\"Article\",\"@id\":\"https:\\\/\\\/spaziospadoni.org\\\/fr\\\/le-bien-qui-engendre-le-bien-merci-stefano-trane-protopapa\\\/#article\",\"isPartOf\":{\"@id\":\"https:\\\/\\\/spaziospadoni.org\\\/fr\\\/le-bien-qui-engendre-le-bien-merci-stefano-trane-protopapa\\\/\"},\"author\":{\"name\":\"Loredana Brigante\",\"@id\":\"https:\\\/\\\/spaziospadoni.org\\\/fr\\\/#\\\/schema\\\/person\\\/5d042eaa69d726f0c03c3698f2f880c0\"},\"headline\":\"Le bien qui engendre le bien | Merci, Stefano Trane Protopapa !\",\"datePublished\":\"2026-08-21T06:00:00+00:00\",\"dateModified\":\"2026-08-21T07:40:35+00:00\",\"mainEntityOfPage\":{\"@id\":\"https:\\\/\\\/spaziospadoni.org\\\/fr\\\/le-bien-qui-engendre-le-bien-merci-stefano-trane-protopapa\\\/\"},\"wordCount\":717,\"publisher\":{\"@id\":\"https:\\\/\\\/spaziospadoni.org\\\/fr\\\/#organization\"},\"image\":{\"@id\":\"https:\\\/\\\/spaziospadoni.org\\\/fr\\\/le-bien-qui-engendre-le-bien-merci-stefano-trane-protopapa\\\/#primaryimage\"},\"thumbnailUrl\":\"https:\\\/\\\/spaziospadoni.org\\\/wp-content\\\/uploads\\\/2026\\\/08\\\/colomba-foto-stefano-trane.webp\",\"keywords\":[\"g\u00e9n\u00e9rosit\u00e9\",\"gratitude\",\"maladie\",\"mots\",\"relations\"],\"articleSection\":[\"Histoires\"],\"inLanguage\":\"fr-FR\"},{\"@type\":\"WebPage\",\"@id\":\"https:\\\/\\\/spaziospadoni.org\\\/fr\\\/le-bien-qui-engendre-le-bien-merci-stefano-trane-protopapa\\\/\",\"url\":\"https:\\\/\\\/spaziospadoni.org\\\/fr\\\/le-bien-qui-engendre-le-bien-merci-stefano-trane-protopapa\\\/\",\"name\":\"Le souvenir de Stefano Trane Protopapa et de ses mots\",\"isPartOf\":{\"@id\":\"https:\\\/\\\/spaziospadoni.org\\\/fr\\\/#website\"},\"primaryImageOfPage\":{\"@id\":\"https:\\\/\\\/spaziospadoni.org\\\/fr\\\/le-bien-qui-engendre-le-bien-merci-stefano-trane-protopapa\\\/#primaryimage\"},\"image\":{\"@id\":\"https:\\\/\\\/spaziospadoni.org\\\/fr\\\/le-bien-qui-engendre-le-bien-merci-stefano-trane-protopapa\\\/#primaryimage\"},\"thumbnailUrl\":\"https:\\\/\\\/spaziospadoni.org\\\/wp-content\\\/uploads\\\/2026\\\/08\\\/colomba-foto-stefano-trane.webp\",\"datePublished\":\"2026-08-21T06:00:00+00:00\",\"dateModified\":\"2026-08-21T07:40:35+00:00\",\"description\":\"Le souvenir de Stefano Trane Protopapa : l'amour de l'\u00e9criture, la force des relations et les graines de bien qui continuent de fleurir.\",\"breadcrumb\":{\"@id\":\"https:\\\/\\\/spaziospadoni.org\\\/fr\\\/le-bien-qui-engendre-le-bien-merci-stefano-trane-protopapa\\\/#breadcrumb\"},\"inLanguage\":\"fr-FR\",\"potentialAction\":[{\"@type\":\"ReadAction\",\"target\":[\"https:\\\/\\\/spaziospadoni.org\\\/fr\\\/le-bien-qui-engendre-le-bien-merci-stefano-trane-protopapa\\\/\"]}]},{\"@type\":\"ImageObject\",\"inLanguage\":\"fr-FR\",\"@id\":\"https:\\\/\\\/spaziospadoni.org\\\/fr\\\/le-bien-qui-engendre-le-bien-merci-stefano-trane-protopapa\\\/#primaryimage\",\"url\":\"https:\\\/\\\/spaziospadoni.org\\\/wp-content\\\/uploads\\\/2026\\\/08\\\/colomba-foto-stefano-trane.webp\",\"contentUrl\":\"https:\\\/\\\/spaziospadoni.org\\\/wp-content\\\/uploads\\\/2026\\\/08\\\/colomba-foto-stefano-trane.webp\",\"width\":1200,\"height\":803,\"caption\":\"Photo de Stefano Trane Protopapa pr\u00e9sente dans le livre Murmure, Suoni e Ri-suoni\"},{\"@type\":\"BreadcrumbList\",\"@id\":\"https:\\\/\\\/spaziospadoni.org\\\/fr\\\/le-bien-qui-engendre-le-bien-merci-stefano-trane-protopapa\\\/#breadcrumb\",\"itemListElement\":[{\"@type\":\"ListItem\",\"position\":1,\"name\":\"Home\",\"item\":\"https:\\\/\\\/spaziospadoni.org\\\/fr\\\/\"},{\"@type\":\"ListItem\",\"position\":2,\"name\":\"Le bien qui engendre le bien | Merci, Stefano Trane Protopapa !\"}]},{\"@type\":\"WebSite\",\"@id\":\"https:\\\/\\\/spaziospadoni.org\\\/fr\\\/#website\",\"url\":\"https:\\\/\\\/spaziospadoni.org\\\/fr\\\/\",\"name\":\"spazio + spadoni\",\"description\":\"Generazione di misericordia e missione nel mondo\",\"publisher\":{\"@id\":\"https:\\\/\\\/spaziospadoni.org\\\/fr\\\/#organization\"},\"alternateName\":\"spaziospadoni.org\",\"potentialAction\":[{\"@type\":\"SearchAction\",\"target\":{\"@type\":\"EntryPoint\",\"urlTemplate\":\"https:\\\/\\\/spaziospadoni.org\\\/fr\\\/?s={search_term_string}\"},\"query-input\":{\"@type\":\"PropertyValueSpecification\",\"valueRequired\":true,\"valueName\":\"search_term_string\"}}],\"inLanguage\":\"fr-FR\"},{\"@type\":\"Organization\",\"@id\":\"https:\\\/\\\/spaziospadoni.org\\\/fr\\\/#organization\",\"name\":\"spazio + spadoni\",\"alternateName\":\"spaziospadoni.org\",\"url\":\"https:\\\/\\\/spaziospadoni.org\\\/fr\\\/\",\"logo\":{\"@type\":\"ImageObject\",\"inLanguage\":\"fr-FR\",\"@id\":\"https:\\\/\\\/spaziospadoni.org\\\/fr\\\/#\\\/schema\\\/logo\\\/image\\\/\",\"url\":\"https:\\\/\\\/spaziospadoni.org\\\/wp-content\\\/uploads\\\/2026\\\/05\\\/spazio-spadoni-logo-100x100-1.webp\",\"contentUrl\":\"https:\\\/\\\/spaziospadoni.org\\\/wp-content\\\/uploads\\\/2026\\\/05\\\/spazio-spadoni-logo-100x100-1.webp\",\"width\":100,\"height\":100,\"caption\":\"spazio + spadoni\"},\"image\":{\"@id\":\"https:\\\/\\\/spaziospadoni.org\\\/fr\\\/#\\\/schema\\\/logo\\\/image\\\/\"},\"sameAs\":[\"https:\\\/\\\/www.facebook.com\\\/SpazioSpadoni\\\/\",\"https:\\\/\\\/www.instagram.com\\\/spaziospadoni\\\/\",\"https:\\\/\\\/www.youtube.com\\\/@spaziospadoni\\\/playlists\"]},{\"@type\":\"Person\",\"@id\":\"https:\\\/\\\/spaziospadoni.org\\\/fr\\\/#\\\/schema\\\/person\\\/5d042eaa69d726f0c03c3698f2f880c0\",\"name\":\"Loredana Brigante\",\"image\":{\"@type\":\"ImageObject\",\"inLanguage\":\"fr-FR\",\"@id\":\"https:\\\/\\\/secure.gravatar.com\\\/avatar\\\/ce1837a2d56dc272a3652369a6740cf43d588eaf99e2e5680a1cb57eebd4b7ca?s=96&d=mm&r=g\",\"url\":\"https:\\\/\\\/secure.gravatar.com\\\/avatar\\\/ce1837a2d56dc272a3652369a6740cf43d588eaf99e2e5680a1cb57eebd4b7ca?s=96&d=mm&r=g\",\"contentUrl\":\"https:\\\/\\\/secure.gravatar.com\\\/avatar\\\/ce1837a2d56dc272a3652369a6740cf43d588eaf99e2e5680a1cb57eebd4b7ca?s=96&d=mm&r=g\",\"caption\":\"Loredana Brigante\"},\"description\":\"N\u00e9e en 1976, elle est journaliste ind\u00e9pendante et passionn\u00e9e par le monde missionnaire. Originaire du Salento, elle vit \u00e0 Palerme depuis 2007 avec Rino et leurs filles, Greta et Gaia. De 2000 \u00e0 2003, elle a \u00e9t\u00e9 \u00e0 Rome secr\u00e9taire nationale du Movimento Giovanile Missionario delle Pontificie Opere Missionarie et fait partie de l\u2019\u00e9quipe nationale de Missio Ragazzi. Elle collabore aujourd\u2019hui avec la revue \u201cPopoli e Missione\u201d de la Fondazione Missio et avec spazio + spadoni.\",\"url\":\"https:\\\/\\\/spaziospadoni.org\\\/fr\\\/author\\\/brigante_mission\\\/\"}]}<\/script>\n<!-- \/ Yoast SEO plugin. -->","yoast_head_json":{"title":"Le souvenir de Stefano Trane Protopapa et de ses mots","description":"Le souvenir de Stefano Trane Protopapa : l'amour de l'\u00e9criture, la force des relations et les graines de bien qui continuent de fleurir.","robots":{"index":"index","follow":"follow","max-snippet":"max-snippet:-1","max-image-preview":"max-image-preview:large","max-video-preview":"max-video-preview:-1"},"canonical":"https:\/\/spaziospadoni.org\/fr\/le-bien-qui-engendre-le-bien-merci-stefano-trane-protopapa\/","og_locale":"fr_FR","og_type":"article","og_title":"Le souvenir de Stefano Trane Protopapa et de ses mots","og_description":"Le souvenir de Stefano Trane Protopapa : l'amour de l'\u00e9criture, la force des relations et les graines de bien qui continuent de fleurir.","og_url":"https:\/\/spaziospadoni.org\/fr\/le-bien-qui-engendre-le-bien-merci-stefano-trane-protopapa\/","og_site_name":"spazio + spadoni","article_publisher":"https:\/\/www.facebook.com\/SpazioSpadoni\/","article_published_time":"2026-08-21T06:00:00+00:00","article_modified_time":"2026-08-21T07:40:35+00:00","og_image":[{"width":1200,"height":803,"url":"https:\/\/spaziospadoni.org\/wp-content\/uploads\/2026\/08\/colomba-foto-stefano-trane.webp","type":"image\/webp"}],"author":"Loredana Brigante","twitter_card":"summary_large_image","twitter_misc":{"\u00c9crit par":"Loredana Brigante","Est. reading time":"4 minutes"},"schema":{"@context":"https:\/\/schema.org","@graph":[{"@type":"Article","@id":"https:\/\/spaziospadoni.org\/fr\/le-bien-qui-engendre-le-bien-merci-stefano-trane-protopapa\/#article","isPartOf":{"@id":"https:\/\/spaziospadoni.org\/fr\/le-bien-qui-engendre-le-bien-merci-stefano-trane-protopapa\/"},"author":{"name":"Loredana Brigante","@id":"https:\/\/spaziospadoni.org\/fr\/#\/schema\/person\/5d042eaa69d726f0c03c3698f2f880c0"},"headline":"Le bien qui engendre le bien | Merci, Stefano Trane Protopapa !","datePublished":"2026-08-21T06:00:00+00:00","dateModified":"2026-08-21T07:40:35+00:00","mainEntityOfPage":{"@id":"https:\/\/spaziospadoni.org\/fr\/le-bien-qui-engendre-le-bien-merci-stefano-trane-protopapa\/"},"wordCount":717,"publisher":{"@id":"https:\/\/spaziospadoni.org\/fr\/#organization"},"image":{"@id":"https:\/\/spaziospadoni.org\/fr\/le-bien-qui-engendre-le-bien-merci-stefano-trane-protopapa\/#primaryimage"},"thumbnailUrl":"https:\/\/spaziospadoni.org\/wp-content\/uploads\/2026\/08\/colomba-foto-stefano-trane.webp","keywords":["g\u00e9n\u00e9rosit\u00e9","gratitude","maladie","mots","relations"],"articleSection":["Histoires"],"inLanguage":"fr-FR"},{"@type":"WebPage","@id":"https:\/\/spaziospadoni.org\/fr\/le-bien-qui-engendre-le-bien-merci-stefano-trane-protopapa\/","url":"https:\/\/spaziospadoni.org\/fr\/le-bien-qui-engendre-le-bien-merci-stefano-trane-protopapa\/","name":"Le souvenir de Stefano Trane Protopapa et de ses mots","isPartOf":{"@id":"https:\/\/spaziospadoni.org\/fr\/#website"},"primaryImageOfPage":{"@id":"https:\/\/spaziospadoni.org\/fr\/le-bien-qui-engendre-le-bien-merci-stefano-trane-protopapa\/#primaryimage"},"image":{"@id":"https:\/\/spaziospadoni.org\/fr\/le-bien-qui-engendre-le-bien-merci-stefano-trane-protopapa\/#primaryimage"},"thumbnailUrl":"https:\/\/spaziospadoni.org\/wp-content\/uploads\/2026\/08\/colomba-foto-stefano-trane.webp","datePublished":"2026-08-21T06:00:00+00:00","dateModified":"2026-08-21T07:40:35+00:00","description":"Le souvenir de Stefano Trane Protopapa : l'amour de l'\u00e9criture, la force des relations et les graines de bien qui continuent de fleurir.","breadcrumb":{"@id":"https:\/\/spaziospadoni.org\/fr\/le-bien-qui-engendre-le-bien-merci-stefano-trane-protopapa\/#breadcrumb"},"inLanguage":"fr-FR","potentialAction":[{"@type":"ReadAction","target":["https:\/\/spaziospadoni.org\/fr\/le-bien-qui-engendre-le-bien-merci-stefano-trane-protopapa\/"]}]},{"@type":"ImageObject","inLanguage":"fr-FR","@id":"https:\/\/spaziospadoni.org\/fr\/le-bien-qui-engendre-le-bien-merci-stefano-trane-protopapa\/#primaryimage","url":"https:\/\/spaziospadoni.org\/wp-content\/uploads\/2026\/08\/colomba-foto-stefano-trane.webp","contentUrl":"https:\/\/spaziospadoni.org\/wp-content\/uploads\/2026\/08\/colomba-foto-stefano-trane.webp","width":1200,"height":803,"caption":"Photo de Stefano Trane Protopapa pr\u00e9sente dans le livre Murmure, Suoni e Ri-suoni"},{"@type":"BreadcrumbList","@id":"https:\/\/spaziospadoni.org\/fr\/le-bien-qui-engendre-le-bien-merci-stefano-trane-protopapa\/#breadcrumb","itemListElement":[{"@type":"ListItem","position":1,"name":"Home","item":"https:\/\/spaziospadoni.org\/fr\/"},{"@type":"ListItem","position":2,"name":"Le bien qui engendre le bien | Merci, Stefano Trane Protopapa !"}]},{"@type":"WebSite","@id":"https:\/\/spaziospadoni.org\/fr\/#website","url":"https:\/\/spaziospadoni.org\/fr\/","name":"spazio + spadoni","description":"Generazione di misericordia e missione nel mondo","publisher":{"@id":"https:\/\/spaziospadoni.org\/fr\/#organization"},"alternateName":"spaziospadoni.org","potentialAction":[{"@type":"SearchAction","target":{"@type":"EntryPoint","urlTemplate":"https:\/\/spaziospadoni.org\/fr\/?s={search_term_string}"},"query-input":{"@type":"PropertyValueSpecification","valueRequired":true,"valueName":"search_term_string"}}],"inLanguage":"fr-FR"},{"@type":"Organization","@id":"https:\/\/spaziospadoni.org\/fr\/#organization","name":"spazio + spadoni","alternateName":"spaziospadoni.org","url":"https:\/\/spaziospadoni.org\/fr\/","logo":{"@type":"ImageObject","inLanguage":"fr-FR","@id":"https:\/\/spaziospadoni.org\/fr\/#\/schema\/logo\/image\/","url":"https:\/\/spaziospadoni.org\/wp-content\/uploads\/2026\/05\/spazio-spadoni-logo-100x100-1.webp","contentUrl":"https:\/\/spaziospadoni.org\/wp-content\/uploads\/2026\/05\/spazio-spadoni-logo-100x100-1.webp","width":100,"height":100,"caption":"spazio + spadoni"},"image":{"@id":"https:\/\/spaziospadoni.org\/fr\/#\/schema\/logo\/image\/"},"sameAs":["https:\/\/www.facebook.com\/SpazioSpadoni\/","https:\/\/www.instagram.com\/spaziospadoni\/","https:\/\/www.youtube.com\/@spaziospadoni\/playlists"]},{"@type":"Person","@id":"https:\/\/spaziospadoni.org\/fr\/#\/schema\/person\/5d042eaa69d726f0c03c3698f2f880c0","name":"Loredana Brigante","image":{"@type":"ImageObject","inLanguage":"fr-FR","@id":"https:\/\/secure.gravatar.com\/avatar\/ce1837a2d56dc272a3652369a6740cf43d588eaf99e2e5680a1cb57eebd4b7ca?s=96&d=mm&r=g","url":"https:\/\/secure.gravatar.com\/avatar\/ce1837a2d56dc272a3652369a6740cf43d588eaf99e2e5680a1cb57eebd4b7ca?s=96&d=mm&r=g","contentUrl":"https:\/\/secure.gravatar.com\/avatar\/ce1837a2d56dc272a3652369a6740cf43d588eaf99e2e5680a1cb57eebd4b7ca?s=96&d=mm&r=g","caption":"Loredana Brigante"},"description":"N\u00e9e en 1976, elle est journaliste ind\u00e9pendante et passionn\u00e9e par le monde missionnaire. Originaire du Salento, elle vit \u00e0 Palerme depuis 2007 avec Rino et leurs filles, Greta et Gaia. De 2000 \u00e0 2003, elle a \u00e9t\u00e9 \u00e0 Rome secr\u00e9taire nationale du Movimento Giovanile Missionario delle Pontificie Opere Missionarie et fait partie de l\u2019\u00e9quipe nationale de Missio Ragazzi. Elle collabore aujourd\u2019hui avec la revue \u201cPopoli e Missione\u201d de la Fondazione Missio et avec spazio + spadoni.","url":"https:\/\/spaziospadoni.org\/fr\/author\/brigante_mission\/"}]}},"_links":{"self":[{"href":"https:\/\/spaziospadoni.org\/fr\/wp-json\/wp\/v2\/posts\/91376","targetHints":{"allow":["GET"]}}],"collection":[{"href":"https:\/\/spaziospadoni.org\/fr\/wp-json\/wp\/v2\/posts"}],"about":[{"href":"https:\/\/spaziospadoni.org\/fr\/wp-json\/wp\/v2\/types\/post"}],"author":[{"embeddable":true,"href":"https:\/\/spaziospadoni.org\/fr\/wp-json\/wp\/v2\/users\/7"}],"replies":[{"embeddable":true,"href":"https:\/\/spaziospadoni.org\/fr\/wp-json\/wp\/v2\/comments?post=91376"}],"version-history":[{"count":3,"href":"https:\/\/spaziospadoni.org\/fr\/wp-json\/wp\/v2\/posts\/91376\/revisions"}],"predecessor-version":[{"id":91379,"href":"https:\/\/spaziospadoni.org\/fr\/wp-json\/wp\/v2\/posts\/91376\/revisions\/91379"}],"wp:featuredmedia":[{"embeddable":true,"href":"https:\/\/spaziospadoni.org\/fr\/wp-json\/wp\/v2\/media\/91375"}],"wp:attachment":[{"href":"https:\/\/spaziospadoni.org\/fr\/wp-json\/wp\/v2\/media?parent=91376"}],"wp:term":[{"taxonomy":"category","embeddable":true,"href":"https:\/\/spaziospadoni.org\/fr\/wp-json\/wp\/v2\/categories?post=91376"},{"taxonomy":"post_tag","embeddable":true,"href":"https:\/\/spaziospadoni.org\/fr\/wp-json\/wp\/v2\/tags?post=91376"}],"curies":[{"name":"wp","href":"https:\/\/api.w.org\/{rel}","templated":true}]}}