{"id":91395,"date":"2026-08-21T18:20:00","date_gmt":"2026-08-21T17:20:00","guid":{"rendered":"https:\/\/spaziospadoni.org\/?p=91395"},"modified":"2026-08-21T09:42:57","modified_gmt":"2026-08-21T08:42:57","slug":"le-message-du-pape-leon-xiv-pour-les-mineurs-migrants-et-refugies","status":"publish","type":"post","link":"https:\/\/spaziospadoni.org\/fr\/le-message-du-pape-leon-xiv-pour-les-mineurs-migrants-et-refugies\/","title":{"rendered":"Le message du Pape L\u00e9on XIV pour les mineurs migrants et r\u00e9fugi\u00e9s"},"content":{"rendered":"\n<p class=\"wp-block-paragraph\">Le Bulletin de la Salle de Presse du Saint-Si\u00e8ge a publi\u00e9 le Message du Pape L\u00e9on XIV pour la <strong>112e Journ\u00e9e Mondiale du Migrant et du R\u00e9fugi\u00e9 2026<\/strong>, qui se tiendra le 27 septembre 2026 prochain sous le th\u00e8me \u00ab Quiconque accueille un seul enfant \u00bb (Mt 18, 5).<\/p>\n\n\n\n<h2 id=\"la-vulnerabilite-des-mineurs-dans-les-flux-migratoires\" class=\"wp-block-heading\">La vuln\u00e9rabilit\u00e9 des mineurs dans les flux migratoires<\/h2>\n\n\n\n<p class=\"wp-block-paragraph\">Le message du Pape L\u00e9on XIV met cette ann\u00e9e l&rsquo;accent, en particulier, sur la situation dramatique des mineurs migrants et r\u00e9fugi\u00e9s, d\u00e9finis comme les sujets les plus vuln\u00e9rables au sein des flux migratoires mondiaux.<\/p>\n\n\n\n<p class=\"wp-block-paragraph\">Des millions d&rsquo;enfants et d&rsquo;adolescents sont contraints de fuir les guerres, la pauvret\u00e9, la violence et les catastrophes, confront\u00e9s \u00e0 de profonds traumatismes, \u00e0 l&rsquo;exploitation, aux abus et \u00e0 la s\u00e9paration tragique d&rsquo;avec leurs parents.<\/p>\n\n\n\n<h2 id=\"laccueil-pastoral-et-la-responsabilite-partagee\" class=\"wp-block-heading\">L&rsquo;accueil pastoral et la responsabilit\u00e9 partag\u00e9e<\/h2>\n\n\n\n<p class=\"wp-block-paragraph\">Face \u00e0 cette r\u00e9alit\u00e9, le Souverain Pontife rappelle les paroles de J\u00e9sus dans l&rsquo;\u00c9vangile, soulignant qu&rsquo;accueillir ne serait-ce qu&rsquo;un seul enfant revient \u00e0 accueillir le Seigneur lui-m\u00eame.<\/p>\n\n\n\n<p class=\"wp-block-paragraph\">Cela exige de surmonter l&rsquo;indiff\u00e9rence et d&rsquo;agir \u00e0 plusieurs niveaux : sur le plan personnel, en reconnaissant la dignit\u00e9 intrins\u00e8que de chaque mineur au-del\u00e0 des statistiques, et sur le plan eccl\u00e9sial, en faisant de l&rsquo;accueil une pratique pastorale durable visant une int\u00e9gration effective.<\/p>\n\n\n\n<p class=\"wp-block-paragraph\">Le Pape souligne \u00e9galement la n\u00e9cessit\u00e9 d&rsquo;agir dans le domaine interreligieux, rappelant que la vuln\u00e9rabilit\u00e9 des plus petits ne conna\u00eet pas de fronti\u00e8res confessionnelles et nous unit dans une responsabilit\u00e9 humanitaire et spirituelle partag\u00e9e.<\/p>\n\n\n\n<h2 id=\"lappel-aux-institutions-civiles-et-la-protection-des-droits\" class=\"wp-block-heading\">L&rsquo;appel aux institutions civiles et la protection des droits<\/h2>\n\n\n\n<p class=\"wp-block-paragraph\">Enfin, dans son message, il exhorte les institutions civiles \u00e0 replacer au centre \u00ab le principe de l&rsquo;int\u00e9r\u00eat sup\u00e9rieur de l&rsquo;enfant \u00bb, en favorisant des voies l\u00e9gales s\u00fbres et les regroupements familiaux. Rappelant son appel devant le Parlement espagnol le 8 juin dernier, il insiste sur l&rsquo;urgence d&rsquo;un changement de perspective : il faut d\u00e9placer l&rsquo;axe du d\u00e9bat de la simple gestion des flux vers la protection pleine et imm\u00e9diate des droits humains, en adoptant \u00ab une r\u00e9ponse coordonn\u00e9e, solidaire et efficace, capable de garantir protection, accueil et de r\u00e9elles opportunit\u00e9s d&rsquo;int\u00e9gration \u00e0 ceux qui \u00e9migrent \u00bb.<\/p>\n\n\n\n<p class=\"wp-block-paragraph\"><strong><a href=\"https:\/\/pixabay.com\/it\/photos\/rifugiati-mare-umano-lago-acqua-1286948\/\" target=\"_blank\" rel=\"noreferrer noopener nofollow\" title=\"Photo de Bernhard_Staerck (Pixabay)\">Photo de Bernhard_Staerck (Pixabay)<\/a><\/strong><\/p>\n\n\n\n<p class=\"wp-block-paragraph\"><strong>Source :<\/strong> <a href=\"https:\/\/marialuciaercole.substack.com\/\" target=\"_blank\" rel=\"noreferrer noopener nofollow\" title=\"Lettre d&rsquo;information de Maria Lucia Ercole\">Lettre d&rsquo;information de Maria Lucia Ercole<\/a><\/p>\n\n\n\n<p class=\"wp-block-paragraph\"><\/p>\n","protected":false},"excerpt":{"rendered":"<p>Le Bulletin de la Salle de Presse du Saint-Si\u00e8ge a publi\u00e9 le Message du Pape L\u00e9on XIV pour la 112e Journ\u00e9e Mondiale du Migrant et du R\u00e9fugi\u00e9 2026, qui se tiendra le 27 septembre 2026 prochain sous le th\u00e8me \u00ab Quiconque accueille un seul enfant \u00bb (Mt 18, 5). La vuln\u00e9rabilit\u00e9 des mineurs dans les &#8230; <a title=\"Le message du Pape L\u00e9on XIV pour les mineurs migrants et r\u00e9fugi\u00e9s\" class=\"read-more\" href=\"https:\/\/spaziospadoni.org\/fr\/le-message-du-pape-leon-xiv-pour-les-mineurs-migrants-et-refugies\/\" aria-label=\"Read more about Le message du Pape L\u00e9on XIV pour les mineurs migrants et r\u00e9fugi\u00e9s\">Lire plus<\/a><\/p>\n","protected":false},"author":13,"featured_media":91407,"comment_status":"closed","ping_status":"closed","sticky":false,"template":"","format":"standard","meta":{"_sitemap_exclude":false,"_sitemap_priority":"","_sitemap_frequency":"","ss_featured_image_title":"","ss_featured_image_alt":"Statues de migrants","ss_featured_image_caption":"\u00c0 l\u2019occasion de la 112e Journ\u00e9e mondiale du migrant et du r\u00e9fugi\u00e9 2026, le Pape met l\u2019accent sur la situation des enfants","footnotes":""},"categories":[2300],"tags":[2302,5105,2774,3598],"class_list":["post-91395","post","type-post","status-publish","format-standard","has-post-thumbnail","hentry","category-leglise-qui-inspire","tag-le-pape-leon-xiv","tag-message-fr","tag-migrants-fr","tag-refugies","infinite-scroll-item","generate-columns","tablet-grid-50","mobile-grid-100","grid-parent","grid-50"],"yoast_head":"<!-- This site is optimized with the Yoast SEO plugin v28.4 - https:\/\/yoast.com\/product\/yoast-seo-wordpress\/ -->\n<title>Pape L\u00e9on XIV et la protection des mineurs migrants et r\u00e9fugi\u00e9s<\/title>\n<meta name=\"description\" content=\"Le message du Pape L\u00e9on XIV pour la 112e Journ\u00e9e Mondiale du Migrant : prot\u00e9ger les mineurs vuln\u00e9rables et promouvoir une r\u00e9elle int\u00e9gration.\" \/>\n<meta name=\"robots\" content=\"index, follow, max-snippet:-1, max-image-preview:large, max-video-preview:-1\" \/>\n<link rel=\"canonical\" href=\"https:\/\/spaziospadoni.org\/fr\/le-message-du-pape-leon-xiv-pour-les-mineurs-migrants-et-refugies\/\" \/>\n<meta property=\"og:locale\" content=\"fr_FR\" \/>\n<meta property=\"og:type\" content=\"article\" \/>\n<meta property=\"og:title\" content=\"Pape L\u00e9on XIV et la protection des mineurs migrants et r\u00e9fugi\u00e9s\" \/>\n<meta property=\"og:description\" content=\"Le message du Pape L\u00e9on XIV pour la 112e Journ\u00e9e Mondiale du Migrant : prot\u00e9ger les mineurs vuln\u00e9rables et promouvoir une r\u00e9elle int\u00e9gration.\" \/>\n<meta property=\"og:url\" content=\"https:\/\/spaziospadoni.org\/fr\/le-message-du-pape-leon-xiv-pour-les-mineurs-migrants-et-refugies\/\" \/>\n<meta property=\"og:site_name\" content=\"spazio + spadoni\" \/>\n<meta property=\"article:publisher\" content=\"https:\/\/www.facebook.com\/SpazioSpadoni\/\" \/>\n<meta property=\"article:published_time\" content=\"2026-08-21T17:20:00+00:00\" \/>\n<meta property=\"og:image\" content=\"https:\/\/spaziospadoni.org\/wp-content\/uploads\/2026\/08\/statue-migranti-museo-mare.webp\" \/>\n\t<meta property=\"og:image:width\" content=\"1280\" \/>\n\t<meta property=\"og:image:height\" content=\"855\" \/>\n\t<meta property=\"og:image:type\" content=\"image\/webp\" \/>\n<meta name=\"author\" content=\"Maria Lucia Ercole\" \/>\n<meta name=\"twitter:card\" content=\"summary_large_image\" \/>\n<meta name=\"twitter:label1\" content=\"\u00c9crit par\" \/>\n\t<meta name=\"twitter:data1\" content=\"Maria Lucia Ercole\" \/>\n\t<meta name=\"twitter:label2\" content=\"Est. reading time\" \/>\n\t<meta name=\"twitter:data2\" content=\"2 minutes\" \/>\n<script type=\"application\/ld+json\" class=\"yoast-schema-graph\">{\"@context\":\"https:\\\/\\\/schema.org\",\"@graph\":[{\"@type\":\"Article\",\"@id\":\"https:\\\/\\\/spaziospadoni.org\\\/fr\\\/le-message-du-pape-leon-xiv-pour-les-mineurs-migrants-et-refugies\\\/#article\",\"isPartOf\":{\"@id\":\"https:\\\/\\\/spaziospadoni.org\\\/fr\\\/le-message-du-pape-leon-xiv-pour-les-mineurs-migrants-et-refugies\\\/\"},\"author\":{\"name\":\"Maria Lucia Ercole\",\"@id\":\"https:\\\/\\\/spaziospadoni.org\\\/fr\\\/#\\\/schema\\\/person\\\/9cdee08a0f6e8328c0e19b713bde0426\"},\"headline\":\"Le message du Pape L\u00e9on XIV pour les mineurs migrants et r\u00e9fugi\u00e9s\",\"datePublished\":\"2026-08-21T17:20:00+00:00\",\"mainEntityOfPage\":{\"@id\":\"https:\\\/\\\/spaziospadoni.org\\\/fr\\\/le-message-du-pape-leon-xiv-pour-les-mineurs-migrants-et-refugies\\\/\"},\"wordCount\":408,\"publisher\":{\"@id\":\"https:\\\/\\\/spaziospadoni.org\\\/fr\\\/#organization\"},\"image\":{\"@id\":\"https:\\\/\\\/spaziospadoni.org\\\/fr\\\/le-message-du-pape-leon-xiv-pour-les-mineurs-migrants-et-refugies\\\/#primaryimage\"},\"thumbnailUrl\":\"https:\\\/\\\/spaziospadoni.org\\\/wp-content\\\/uploads\\\/2026\\\/08\\\/statue-migranti-museo-mare.webp\",\"keywords\":[\"le pape L\u00e9on XIV\",\"message\",\"migrants\",\"r\u00e9fugi\u00e9s\"],\"articleSection\":[\"L'\u00c9glise qui inspire\"],\"inLanguage\":\"fr-FR\"},{\"@type\":\"WebPage\",\"@id\":\"https:\\\/\\\/spaziospadoni.org\\\/fr\\\/le-message-du-pape-leon-xiv-pour-les-mineurs-migrants-et-refugies\\\/\",\"url\":\"https:\\\/\\\/spaziospadoni.org\\\/fr\\\/le-message-du-pape-leon-xiv-pour-les-mineurs-migrants-et-refugies\\\/\",\"name\":\"Pape L\u00e9on XIV et la protection des mineurs migrants et r\u00e9fugi\u00e9s\",\"isPartOf\":{\"@id\":\"https:\\\/\\\/spaziospadoni.org\\\/fr\\\/#website\"},\"primaryImageOfPage\":{\"@id\":\"https:\\\/\\\/spaziospadoni.org\\\/fr\\\/le-message-du-pape-leon-xiv-pour-les-mineurs-migrants-et-refugies\\\/#primaryimage\"},\"image\":{\"@id\":\"https:\\\/\\\/spaziospadoni.org\\\/fr\\\/le-message-du-pape-leon-xiv-pour-les-mineurs-migrants-et-refugies\\\/#primaryimage\"},\"thumbnailUrl\":\"https:\\\/\\\/spaziospadoni.org\\\/wp-content\\\/uploads\\\/2026\\\/08\\\/statue-migranti-museo-mare.webp\",\"datePublished\":\"2026-08-21T17:20:00+00:00\",\"description\":\"Le message du Pape L\u00e9on XIV pour la 112e Journ\u00e9e Mondiale du Migrant : prot\u00e9ger les mineurs vuln\u00e9rables et promouvoir une r\u00e9elle int\u00e9gration.\",\"breadcrumb\":{\"@id\":\"https:\\\/\\\/spaziospadoni.org\\\/fr\\\/le-message-du-pape-leon-xiv-pour-les-mineurs-migrants-et-refugies\\\/#breadcrumb\"},\"inLanguage\":\"fr-FR\",\"potentialAction\":[{\"@type\":\"ReadAction\",\"target\":[\"https:\\\/\\\/spaziospadoni.org\\\/fr\\\/le-message-du-pape-leon-xiv-pour-les-mineurs-migrants-et-refugies\\\/\"]}]},{\"@type\":\"ImageObject\",\"inLanguage\":\"fr-FR\",\"@id\":\"https:\\\/\\\/spaziospadoni.org\\\/fr\\\/le-message-du-pape-leon-xiv-pour-les-mineurs-migrants-et-refugies\\\/#primaryimage\",\"url\":\"https:\\\/\\\/spaziospadoni.org\\\/wp-content\\\/uploads\\\/2026\\\/08\\\/statue-migranti-museo-mare.webp\",\"contentUrl\":\"https:\\\/\\\/spaziospadoni.org\\\/wp-content\\\/uploads\\\/2026\\\/08\\\/statue-migranti-museo-mare.webp\",\"width\":1280,\"height\":855,\"caption\":\"\u00c0 l\u2019occasion de la 112e Journ\u00e9e mondiale du migrant et du r\u00e9fugi\u00e9 2026, le Pape met l\u2019accent sur la situation des enfants\"},{\"@type\":\"BreadcrumbList\",\"@id\":\"https:\\\/\\\/spaziospadoni.org\\\/fr\\\/le-message-du-pape-leon-xiv-pour-les-mineurs-migrants-et-refugies\\\/#breadcrumb\",\"itemListElement\":[{\"@type\":\"ListItem\",\"position\":1,\"name\":\"Home\",\"item\":\"https:\\\/\\\/spaziospadoni.org\\\/fr\\\/\"},{\"@type\":\"ListItem\",\"position\":2,\"name\":\"Le message du Pape L\u00e9on XIV pour les mineurs migrants et r\u00e9fugi\u00e9s\"}]},{\"@type\":\"WebSite\",\"@id\":\"https:\\\/\\\/spaziospadoni.org\\\/fr\\\/#website\",\"url\":\"https:\\\/\\\/spaziospadoni.org\\\/fr\\\/\",\"name\":\"spazio + spadoni\",\"description\":\"Generazione di misericordia e missione nel mondo\",\"publisher\":{\"@id\":\"https:\\\/\\\/spaziospadoni.org\\\/fr\\\/#organization\"},\"alternateName\":\"spaziospadoni.org\",\"potentialAction\":[{\"@type\":\"SearchAction\",\"target\":{\"@type\":\"EntryPoint\",\"urlTemplate\":\"https:\\\/\\\/spaziospadoni.org\\\/fr\\\/?s={search_term_string}\"},\"query-input\":{\"@type\":\"PropertyValueSpecification\",\"valueRequired\":true,\"valueName\":\"search_term_string\"}}],\"inLanguage\":\"fr-FR\"},{\"@type\":\"Organization\",\"@id\":\"https:\\\/\\\/spaziospadoni.org\\\/fr\\\/#organization\",\"name\":\"spazio + spadoni\",\"alternateName\":\"spaziospadoni.org\",\"url\":\"https:\\\/\\\/spaziospadoni.org\\\/fr\\\/\",\"logo\":{\"@type\":\"ImageObject\",\"inLanguage\":\"fr-FR\",\"@id\":\"https:\\\/\\\/spaziospadoni.org\\\/fr\\\/#\\\/schema\\\/logo\\\/image\\\/\",\"url\":\"https:\\\/\\\/spaziospadoni.org\\\/wp-content\\\/uploads\\\/2026\\\/05\\\/spazio-spadoni-logo-100x100-1.webp\",\"contentUrl\":\"https:\\\/\\\/spaziospadoni.org\\\/wp-content\\\/uploads\\\/2026\\\/05\\\/spazio-spadoni-logo-100x100-1.webp\",\"width\":100,\"height\":100,\"caption\":\"spazio + spadoni\"},\"image\":{\"@id\":\"https:\\\/\\\/spaziospadoni.org\\\/fr\\\/#\\\/schema\\\/logo\\\/image\\\/\"},\"sameAs\":[\"https:\\\/\\\/www.facebook.com\\\/SpazioSpadoni\\\/\",\"https:\\\/\\\/www.instagram.com\\\/spaziospadoni\\\/\",\"https:\\\/\\\/www.youtube.com\\\/@spaziospadoni\\\/playlists\"]},{\"@type\":\"Person\",\"@id\":\"https:\\\/\\\/spaziospadoni.org\\\/fr\\\/#\\\/schema\\\/person\\\/9cdee08a0f6e8328c0e19b713bde0426\",\"name\":\"Maria Lucia Ercole\",\"image\":{\"@type\":\"ImageObject\",\"inLanguage\":\"fr-FR\",\"@id\":\"https:\\\/\\\/secure.gravatar.com\\\/avatar\\\/880bbdf4c968635b20266eac4e46e8196a6dde9230c4927c12757a6c430e6e3d?s=96&d=mm&r=g\",\"url\":\"https:\\\/\\\/secure.gravatar.com\\\/avatar\\\/880bbdf4c968635b20266eac4e46e8196a6dde9230c4927c12757a6c430e6e3d?s=96&d=mm&r=g\",\"contentUrl\":\"https:\\\/\\\/secure.gravatar.com\\\/avatar\\\/880bbdf4c968635b20266eac4e46e8196a6dde9230c4927c12757a6c430e6e3d?s=96&d=mm&r=g\",\"caption\":\"Maria Lucia Ercole\"},\"description\":\"Dipl\u00f4m\u00e9e en \u00e9conomie et en sciences de l\u2019\u00e9ducation, elle a enseign\u00e9 dans plusieurs \u00e9tablissements secondaires de Turin. Elle se consacre actuellement pleinement au b\u00e9n\u00e9volat, aussi bien dans le cadre paroissial que dans le domaine \u00e9ducatif, en enseignant l\u2019italien langue seconde (L2) aux migrants. Depuis octobre 2021, elle r\u00e9dige la newsletter \u201cLa Chiesa che ispira \u2013 Spazio di riflessione sulla Chiesa Cattolica, oggi\u201d et participe activement aux campagnes nationales \u201cStop smartphone e social sotto i 14 e 16 anni\u201d.\",\"url\":\"https:\\\/\\\/spaziospadoni.org\\\/fr\\\/author\\\/ercolemission\\\/\"}]}<\/script>\n<!-- \/ Yoast SEO plugin. -->","yoast_head_json":{"title":"Pape L\u00e9on XIV et la protection des mineurs migrants et r\u00e9fugi\u00e9s","description":"Le message du Pape L\u00e9on XIV pour la 112e Journ\u00e9e Mondiale du Migrant : prot\u00e9ger les mineurs vuln\u00e9rables et promouvoir une r\u00e9elle int\u00e9gration.","robots":{"index":"index","follow":"follow","max-snippet":"max-snippet:-1","max-image-preview":"max-image-preview:large","max-video-preview":"max-video-preview:-1"},"canonical":"https:\/\/spaziospadoni.org\/fr\/le-message-du-pape-leon-xiv-pour-les-mineurs-migrants-et-refugies\/","og_locale":"fr_FR","og_type":"article","og_title":"Pape L\u00e9on XIV et la protection des mineurs migrants et r\u00e9fugi\u00e9s","og_description":"Le message du Pape L\u00e9on XIV pour la 112e Journ\u00e9e Mondiale du Migrant : prot\u00e9ger les mineurs vuln\u00e9rables et promouvoir une r\u00e9elle int\u00e9gration.","og_url":"https:\/\/spaziospadoni.org\/fr\/le-message-du-pape-leon-xiv-pour-les-mineurs-migrants-et-refugies\/","og_site_name":"spazio + spadoni","article_publisher":"https:\/\/www.facebook.com\/SpazioSpadoni\/","article_published_time":"2026-08-21T17:20:00+00:00","og_image":[{"width":1280,"height":855,"url":"https:\/\/spaziospadoni.org\/wp-content\/uploads\/2026\/08\/statue-migranti-museo-mare.webp","type":"image\/webp"}],"author":"Maria Lucia Ercole","twitter_card":"summary_large_image","twitter_misc":{"\u00c9crit par":"Maria Lucia Ercole","Est. reading time":"2 minutes"},"schema":{"@context":"https:\/\/schema.org","@graph":[{"@type":"Article","@id":"https:\/\/spaziospadoni.org\/fr\/le-message-du-pape-leon-xiv-pour-les-mineurs-migrants-et-refugies\/#article","isPartOf":{"@id":"https:\/\/spaziospadoni.org\/fr\/le-message-du-pape-leon-xiv-pour-les-mineurs-migrants-et-refugies\/"},"author":{"name":"Maria Lucia Ercole","@id":"https:\/\/spaziospadoni.org\/fr\/#\/schema\/person\/9cdee08a0f6e8328c0e19b713bde0426"},"headline":"Le message du Pape L\u00e9on XIV pour les mineurs migrants et r\u00e9fugi\u00e9s","datePublished":"2026-08-21T17:20:00+00:00","mainEntityOfPage":{"@id":"https:\/\/spaziospadoni.org\/fr\/le-message-du-pape-leon-xiv-pour-les-mineurs-migrants-et-refugies\/"},"wordCount":408,"publisher":{"@id":"https:\/\/spaziospadoni.org\/fr\/#organization"},"image":{"@id":"https:\/\/spaziospadoni.org\/fr\/le-message-du-pape-leon-xiv-pour-les-mineurs-migrants-et-refugies\/#primaryimage"},"thumbnailUrl":"https:\/\/spaziospadoni.org\/wp-content\/uploads\/2026\/08\/statue-migranti-museo-mare.webp","keywords":["le pape L\u00e9on XIV","message","migrants","r\u00e9fugi\u00e9s"],"articleSection":["L'\u00c9glise qui inspire"],"inLanguage":"fr-FR"},{"@type":"WebPage","@id":"https:\/\/spaziospadoni.org\/fr\/le-message-du-pape-leon-xiv-pour-les-mineurs-migrants-et-refugies\/","url":"https:\/\/spaziospadoni.org\/fr\/le-message-du-pape-leon-xiv-pour-les-mineurs-migrants-et-refugies\/","name":"Pape L\u00e9on XIV et la protection des mineurs migrants et r\u00e9fugi\u00e9s","isPartOf":{"@id":"https:\/\/spaziospadoni.org\/fr\/#website"},"primaryImageOfPage":{"@id":"https:\/\/spaziospadoni.org\/fr\/le-message-du-pape-leon-xiv-pour-les-mineurs-migrants-et-refugies\/#primaryimage"},"image":{"@id":"https:\/\/spaziospadoni.org\/fr\/le-message-du-pape-leon-xiv-pour-les-mineurs-migrants-et-refugies\/#primaryimage"},"thumbnailUrl":"https:\/\/spaziospadoni.org\/wp-content\/uploads\/2026\/08\/statue-migranti-museo-mare.webp","datePublished":"2026-08-21T17:20:00+00:00","description":"Le message du Pape L\u00e9on XIV pour la 112e Journ\u00e9e Mondiale du Migrant : prot\u00e9ger les mineurs vuln\u00e9rables et promouvoir une r\u00e9elle int\u00e9gration.","breadcrumb":{"@id":"https:\/\/spaziospadoni.org\/fr\/le-message-du-pape-leon-xiv-pour-les-mineurs-migrants-et-refugies\/#breadcrumb"},"inLanguage":"fr-FR","potentialAction":[{"@type":"ReadAction","target":["https:\/\/spaziospadoni.org\/fr\/le-message-du-pape-leon-xiv-pour-les-mineurs-migrants-et-refugies\/"]}]},{"@type":"ImageObject","inLanguage":"fr-FR","@id":"https:\/\/spaziospadoni.org\/fr\/le-message-du-pape-leon-xiv-pour-les-mineurs-migrants-et-refugies\/#primaryimage","url":"https:\/\/spaziospadoni.org\/wp-content\/uploads\/2026\/08\/statue-migranti-museo-mare.webp","contentUrl":"https:\/\/spaziospadoni.org\/wp-content\/uploads\/2026\/08\/statue-migranti-museo-mare.webp","width":1280,"height":855,"caption":"\u00c0 l\u2019occasion de la 112e Journ\u00e9e mondiale du migrant et du r\u00e9fugi\u00e9 2026, le Pape met l\u2019accent sur la situation des enfants"},{"@type":"BreadcrumbList","@id":"https:\/\/spaziospadoni.org\/fr\/le-message-du-pape-leon-xiv-pour-les-mineurs-migrants-et-refugies\/#breadcrumb","itemListElement":[{"@type":"ListItem","position":1,"name":"Home","item":"https:\/\/spaziospadoni.org\/fr\/"},{"@type":"ListItem","position":2,"name":"Le message du Pape L\u00e9on XIV pour les mineurs migrants et r\u00e9fugi\u00e9s"}]},{"@type":"WebSite","@id":"https:\/\/spaziospadoni.org\/fr\/#website","url":"https:\/\/spaziospadoni.org\/fr\/","name":"spazio + spadoni","description":"Generazione di misericordia e missione nel mondo","publisher":{"@id":"https:\/\/spaziospadoni.org\/fr\/#organization"},"alternateName":"spaziospadoni.org","potentialAction":[{"@type":"SearchAction","target":{"@type":"EntryPoint","urlTemplate":"https:\/\/spaziospadoni.org\/fr\/?s={search_term_string}"},"query-input":{"@type":"PropertyValueSpecification","valueRequired":true,"valueName":"search_term_string"}}],"inLanguage":"fr-FR"},{"@type":"Organization","@id":"https:\/\/spaziospadoni.org\/fr\/#organization","name":"spazio + spadoni","alternateName":"spaziospadoni.org","url":"https:\/\/spaziospadoni.org\/fr\/","logo":{"@type":"ImageObject","inLanguage":"fr-FR","@id":"https:\/\/spaziospadoni.org\/fr\/#\/schema\/logo\/image\/","url":"https:\/\/spaziospadoni.org\/wp-content\/uploads\/2026\/05\/spazio-spadoni-logo-100x100-1.webp","contentUrl":"https:\/\/spaziospadoni.org\/wp-content\/uploads\/2026\/05\/spazio-spadoni-logo-100x100-1.webp","width":100,"height":100,"caption":"spazio + spadoni"},"image":{"@id":"https:\/\/spaziospadoni.org\/fr\/#\/schema\/logo\/image\/"},"sameAs":["https:\/\/www.facebook.com\/SpazioSpadoni\/","https:\/\/www.instagram.com\/spaziospadoni\/","https:\/\/www.youtube.com\/@spaziospadoni\/playlists"]},{"@type":"Person","@id":"https:\/\/spaziospadoni.org\/fr\/#\/schema\/person\/9cdee08a0f6e8328c0e19b713bde0426","name":"Maria Lucia Ercole","image":{"@type":"ImageObject","inLanguage":"fr-FR","@id":"https:\/\/secure.gravatar.com\/avatar\/880bbdf4c968635b20266eac4e46e8196a6dde9230c4927c12757a6c430e6e3d?s=96&d=mm&r=g","url":"https:\/\/secure.gravatar.com\/avatar\/880bbdf4c968635b20266eac4e46e8196a6dde9230c4927c12757a6c430e6e3d?s=96&d=mm&r=g","contentUrl":"https:\/\/secure.gravatar.com\/avatar\/880bbdf4c968635b20266eac4e46e8196a6dde9230c4927c12757a6c430e6e3d?s=96&d=mm&r=g","caption":"Maria Lucia Ercole"},"description":"Dipl\u00f4m\u00e9e en \u00e9conomie et en sciences de l\u2019\u00e9ducation, elle a enseign\u00e9 dans plusieurs \u00e9tablissements secondaires de Turin. Elle se consacre actuellement pleinement au b\u00e9n\u00e9volat, aussi bien dans le cadre paroissial que dans le domaine \u00e9ducatif, en enseignant l\u2019italien langue seconde (L2) aux migrants. Depuis octobre 2021, elle r\u00e9dige la newsletter \u201cLa Chiesa che ispira \u2013 Spazio di riflessione sulla Chiesa Cattolica, oggi\u201d et participe activement aux campagnes nationales \u201cStop smartphone e social sotto i 14 e 16 anni\u201d.","url":"https:\/\/spaziospadoni.org\/fr\/author\/ercolemission\/"}]}},"_links":{"self":[{"href":"https:\/\/spaziospadoni.org\/fr\/wp-json\/wp\/v2\/posts\/91395","targetHints":{"allow":["GET"]}}],"collection":[{"href":"https:\/\/spaziospadoni.org\/fr\/wp-json\/wp\/v2\/posts"}],"about":[{"href":"https:\/\/spaziospadoni.org\/fr\/wp-json\/wp\/v2\/types\/post"}],"author":[{"embeddable":true,"href":"https:\/\/spaziospadoni.org\/fr\/wp-json\/wp\/v2\/users\/13"}],"replies":[{"embeddable":true,"href":"https:\/\/spaziospadoni.org\/fr\/wp-json\/wp\/v2\/comments?post=91395"}],"version-history":[{"count":2,"href":"https:\/\/spaziospadoni.org\/fr\/wp-json\/wp\/v2\/posts\/91395\/revisions"}],"predecessor-version":[{"id":91397,"href":"https:\/\/spaziospadoni.org\/fr\/wp-json\/wp\/v2\/posts\/91395\/revisions\/91397"}],"wp:featuredmedia":[{"embeddable":true,"href":"https:\/\/spaziospadoni.org\/fr\/wp-json\/wp\/v2\/media\/91407"}],"wp:attachment":[{"href":"https:\/\/spaziospadoni.org\/fr\/wp-json\/wp\/v2\/media?parent=91395"}],"wp:term":[{"taxonomy":"category","embeddable":true,"href":"https:\/\/spaziospadoni.org\/fr\/wp-json\/wp\/v2\/categories?post=91395"},{"taxonomy":"post_tag","embeddable":true,"href":"https:\/\/spaziospadoni.org\/fr\/wp-json\/wp\/v2\/tags?post=91395"}],"curies":[{"name":"wp","href":"https:\/\/api.w.org\/{rel}","templated":true}]}}