{"id":91691,"date":"2026-08-22T07:00:00","date_gmt":"2026-08-22T06:00:00","guid":{"rendered":"https:\/\/spaziospadoni.org\/?p=91691"},"modified":"2026-08-21T20:33:04","modified_gmt":"2026-08-21T19:33:04","slug":"en-chemin-vers-saint-jacques-entre-foi-et-partage","status":"publish","type":"post","link":"https:\/\/spaziospadoni.org\/fr\/en-chemin-vers-saint-jacques-entre-foi-et-partage\/","title":{"rendered":"En chemin vers Saint-Jacques entre foi et partage"},"content":{"rendered":"\n<p class=\"has-text-align-right wp-block-paragraph\"><em>(par Anna Maria Federico \u2013 Ombrie)<\/em><\/p>\n\n\n\n<p class=\"wp-block-paragraph\">La proposition \u00e9tait exigeante : un p\u00e8lerinage dioc\u00e9sain sur la derni\u00e8re partie du chemin fran\u00e7ais au d\u00e9part de Sarria, soit 118 km vers Saint-Jacques-de-Compostelle. Aux c\u00f4t\u00e9s d&rsquo;un grand groupe de jeunes et d&rsquo;\u00e9ducateurs du dioc\u00e8se de P\u00e9rouse \u2013 420 personnes au total \u2013, un parcours plus doux \u00e9tait propos\u00e9 aux adultes. Nous avons d\u00e9cid\u00e9 de tenter l&rsquo;aventure du 24 juillet au 1er ao\u00fbt dans une exp\u00e9rience v\u00e9ritablement unique\u2026<\/p>\n\n\n\n<p class=\"wp-block-paragraph\">Nous, les adultes, sommes partis en avion, contrairement aux jeunes qui ont voyag\u00e9 en car. Au cours des six \u00e9tapes, d&rsquo;une moyenne de 20 km chacune, nous avons b\u00e9n\u00e9fici\u00e9 de cars qui transportaient nos bagages dans les diff\u00e9rentes villes o\u00f9 nous logions : Sarria, Portomar\u00edn, Palas de Rei, Melide, Arz\u00faa, O Pino.<\/p>\n\n\n\n<p class=\"wp-block-paragraph\">Partir tr\u00e8s t\u00f4t chaque matin vers 6h00\u20136h30 (car la temp\u00e9rature matinale est bien plus fra\u00eeche, entre 15 et 18 degr\u00e9s) semblait \u00e9prouvant, mais cette \u00ab marche vers \u00bb nous a aid\u00e9s \u00e0 red\u00e9couvrir le sens profond du p\u00e8lerinage. Parmi nos familles, une vingtaine au total, se trouvaient des jeunes et des adultes : la premi\u00e8re appr\u00e9hension de certains \u00e9tait de ne pas r\u00e9ussir \u00e0 parcourir tout le trajet, en particulier les deux premiers jours avec des \u00e9tapes de 22 et 25 km.<\/p>\n\n\n\n<h2 id=\"le-rythme-interieur-et-la-force-de-la-priere\" class=\"wp-block-heading\">Le rythme int\u00e9rieur et la force de la pri\u00e8re<\/h2>\n\n\n\n<p class=\"wp-block-paragraph\">Mais chacun a ensuite regard\u00e9 en soi et trouv\u00e9 son propre rythme. Je ne saurais d\u00e9crire ce qu&rsquo;ont ressenti mes compagnons, mais avec mon mari Francesco, nous avons choisi d&rsquo;avancer en regardant non pas les difficult\u00e9s mais les opportunit\u00e9s ; cela a \u00e9t\u00e9 le tournant d\u00e9cisif, surtout pour moi qui n&rsquo;aime pas particuli\u00e8rement marcher et suis plut\u00f4t s\u00e9dentaire.<\/p>\n\n\n\n<p class=\"wp-block-paragraph\">En y repensant, j&rsquo;ai commenc\u00e9 aussit\u00f4t \u00e0 me recueillir et \u00e0 mettre de l&rsquo;ordre dans mon c\u0153ur : d&rsquo;abord en rendant gr\u00e2ce \u00e0 Dieu qui m&rsquo;a soutenue ces derni\u00e8res ann\u00e9es face \u00e0 des \u00e9preuves de sant\u00e9. Puis, avec le d\u00e9sir d&rsquo;accomplir un p\u00e8lerinage pour confier au Seigneur les intentions de nos proches et amis. Enfin, avec la volont\u00e9 d&rsquo;ouvrir mon c\u0153ur au monde.<\/p>\n\n\n\n<h2 id=\"rencontres-sur-le-chemin-et-une-eglise-universelle\" class=\"wp-block-heading\">Rencontres sur le chemin et une \u00c9glise universelle<\/h2>\n\n\n\n<p class=\"wp-block-paragraph\">Le chemin de Saint-Jacques a cette merveilleuse particularit\u00e9 : il permet de rencontrer des personnes du monde entier. Un sourire, une parole, un \u00ab bon chemin \u00bb prononc\u00e9 avec le c\u0153ur vous soutiennent tout au long des \u00e9tapes\u2026 J&rsquo;ignorais ce qui m&rsquo;attendait, mais sur la route, on comprend pleinement que l&rsquo;\u00c9glise est universelle et porteuse d&rsquo;esp\u00e9rance.<\/p>\n\n\n\n<p class=\"wp-block-paragraph\">Les personnes rencontr\u00e9es n&rsquo;\u00e9taient pas toutes croyantes, mais elles s&rsquo;arr\u00eataient avec respect en entendant la r\u00e9citation du chapelet. M\u00eame dans les lieux de pause r\u00e9gnait un esprit solidaire et fraternel. J&rsquo;ai eu la chance d&rsquo;\u00e9changer avec un jeune Argentin qui m&rsquo;a offert du mat\u00e9, deux jeunes filles colombienne et v\u00e9n\u00e9zu\u00e9lienne arborant leurs drapeaux, ainsi qu&rsquo;une famille portugaise que nous retrouvions comme par enchantement \u00e0 l&rsquo;\u00e9tape suivante.<\/p>\n\n\n\n<p class=\"wp-block-paragraph\">Cela semble incroyable, mais en nous ouvrant aux autres et \u00e0 la pri\u00e8re personnelle et communautaire (nous c\u00e9l\u00e9brions la Sainte Messe chaque jour), j&rsquo;ai compris que la force venait de Lui\u2026 Cette ressource int\u00e9rieure fait oublier les douleurs, les ampoules, la fatigue et les soucis de sant\u00e9 passagers.<\/p>\n\n\n\n<h2 id=\"larrivee-a-saintjacques-et-lappel-a-se-faire-proche\" class=\"wp-block-heading\">L&rsquo;arriv\u00e9e \u00e0 Saint-Jacques et l&rsquo;appel \u00e0 se faire proche<\/h2>\n\n\n\n<p class=\"wp-block-paragraph\">On d\u00e9couvre que l&rsquo;on est capable d&rsquo;accomplir ce que l&rsquo;on n&rsquo;aurait jamais imagin\u00e9 atteindre ; la gratitude grandit envers Dieu, envers nos fr\u00e8res et s\u0153urs, envers le p\u00e8lerinage et envers saint Jacques qui nous a appel\u00e9s \u00e0 cette exp\u00e9rience. Tout s&rsquo;accomplit lors de l&rsquo;arriv\u00e9e sur la grande place de l&rsquo;Obradoiro ; devant la basilique de Saint-Jacques, on voit des personnes s&rsquo;agenouiller, s&rsquo;\u00e9treindre, chanter ensemble avec une \u00e9motion profonde, conscients que de cet appel doit na\u00eetre un envoi en mission\u2026<\/p>\n\n\n\n<p class=\"wp-block-paragraph\">\u00c0 Saint-Jacques, les vies s&rsquo;entrecroisent et l&rsquo;on fait l&rsquo;exp\u00e9rience que nous sommes tous appel\u00e9s \u00e0 nous faire proches de celui qui marche \u00e0 nos c\u00f4t\u00e9s. On ne peut s&#8217;emp\u00eacher de prier et de porter les souffrances de tant de fr\u00e8res vivant dans des pays marqu\u00e9s par la guerre, la violence, les s\u00e9ismes ou la famine. Nous sommes appel\u00e9s \u00e0 nous tenir aupr\u00e8s de ceux que nous croisons, m\u00eame pour un court instant, par la pri\u00e8re, la parole et le soutien de l&rsquo;Esprit Saint agissant dans les c\u0153urs humbles et purs\u2026<\/p>\n\n\n\n<p class=\"wp-block-paragraph\">Avoir cette conscience est une gr\u00e2ce immense qui nous fortifie et nous fait vivre la beaut\u00e9 de marcher ensemble\u2026 Un r\u00e9seau de marcheurs, \u00e0 l&rsquo;image de nos missionnaires qui sillonnent le monde, \u00e0 l&rsquo;\u00e9coute, avec le sourire, aux c\u00f4t\u00e9s de leurs fr\u00e8res, pla\u00e7ant toujours l&rsquo;amour au premier plan.<\/p>\n\n\n\n<p class=\"wp-block-paragraph\">Merci \u00e0 tous ceux qui marchent sur les routes du monde, toujours en avant\u2026<\/p>\n\n\n\n<p class=\"wp-block-paragraph\"><strong>Photo par Anna Maria Federico<\/strong><\/p>\n\n\n\n<p class=\"wp-block-paragraph\"><\/p>\n","protected":false},"excerpt":{"rendered":"<p>(par Anna Maria Federico \u2013 Ombrie) La proposition \u00e9tait exigeante : un p\u00e8lerinage dioc\u00e9sain sur la derni\u00e8re partie du chemin fran\u00e7ais au d\u00e9part de Sarria, soit 118 km vers Saint-Jacques-de-Compostelle. Aux c\u00f4t\u00e9s d&rsquo;un grand groupe de jeunes et d&rsquo;\u00e9ducateurs du dioc\u00e8se de P\u00e9rouse \u2013 420 personnes au total \u2013, un parcours plus doux \u00e9tait propos\u00e9 &#8230; <a title=\"En chemin vers Saint-Jacques entre foi et partage\" class=\"read-more\" href=\"https:\/\/spaziospadoni.org\/fr\/en-chemin-vers-saint-jacques-entre-foi-et-partage\/\" aria-label=\"Read more about En chemin vers Saint-Jacques entre foi et partage\">Lire plus<\/a><\/p>\n","protected":false},"author":39,"featured_media":91690,"comment_status":"closed","ping_status":"closed","sticky":false,"template":"","format":"standard","meta":{"_sitemap_exclude":false,"_sitemap_priority":"","_sitemap_frequency":"","ss_featured_image_title":"","ss_featured_image_alt":"P\u00e8lerinage \u00e0 Saint-Jacques-de-Compostelle","ss_featured_image_caption":"Anna Maria Federico, du dioc\u00e8se de P\u00e9rouse, avec son mari lors de leur p\u00e8lerinage \u00e0 Saint-Jacques-de-Compostelle","footnotes":""},"categories":[2528],"tags":[2277,4945,2280,3156,3128],"class_list":["post-91691","post","type-post","status-publish","format-standard","has-post-thumbnail","hentry","category-histoires","tag-foi","tag-marcher-ensemble","tag-partage","tag-pelerinage","tag-spiritualite","infinite-scroll-item","generate-columns","tablet-grid-50","mobile-grid-100","grid-parent","grid-50"],"yoast_head":"<!-- This site is optimized with the Yoast SEO plugin v28.4 - https:\/\/yoast.com\/product\/yoast-seo-wordpress\/ -->\n<title>Europe, Espagne | En chemin vers Saint-Jacques<\/title>\n<meta name=\"description\" content=\"Le r\u00e9cit d&#039;un p\u00e8lerinage \u00e0 Saint-Jacques : red\u00e9couvrir la foi, la pri\u00e8re et la beaut\u00e9 de se faire proche le long du chemin.\" \/>\n<meta name=\"robots\" content=\"index, follow, max-snippet:-1, max-image-preview:large, max-video-preview:-1\" \/>\n<link rel=\"canonical\" href=\"https:\/\/spaziospadoni.org\/fr\/en-chemin-vers-saint-jacques-entre-foi-et-partage\/\" \/>\n<meta property=\"og:locale\" content=\"fr_FR\" \/>\n<meta property=\"og:type\" content=\"article\" \/>\n<meta property=\"og:title\" content=\"Europe, Espagne | En chemin vers Saint-Jacques\" \/>\n<meta property=\"og:description\" content=\"Le r\u00e9cit d&#039;un p\u00e8lerinage \u00e0 Saint-Jacques : red\u00e9couvrir la foi, la pri\u00e8re et la beaut\u00e9 de se faire proche le long du chemin.\" \/>\n<meta property=\"og:url\" content=\"https:\/\/spaziospadoni.org\/fr\/en-chemin-vers-saint-jacques-entre-foi-et-partage\/\" \/>\n<meta property=\"og:site_name\" content=\"spazio + spadoni\" \/>\n<meta property=\"article:publisher\" content=\"https:\/\/www.facebook.com\/SpazioSpadoni\/\" \/>\n<meta property=\"article:published_time\" content=\"2026-08-22T06:00:00+00:00\" \/>\n<meta property=\"og:image\" content=\"https:\/\/spaziospadoni.org\/wp-content\/uploads\/2026\/08\/pellegrini-santiago.webp\" \/>\n\t<meta property=\"og:image:width\" content=\"1207\" \/>\n\t<meta property=\"og:image:height\" content=\"804\" \/>\n\t<meta property=\"og:image:type\" content=\"image\/webp\" \/>\n<meta name=\"author\" content=\"Redazione\" \/>\n<meta name=\"twitter:card\" content=\"summary_large_image\" \/>\n<meta name=\"twitter:label1\" content=\"\u00c9crit par\" \/>\n\t<meta name=\"twitter:data1\" content=\"R\u00e9daction\" \/>\n\t<meta name=\"twitter:label2\" content=\"Est. reading time\" \/>\n\t<meta name=\"twitter:data2\" content=\"5 minutes\" \/>\n<script type=\"application\/ld+json\" class=\"yoast-schema-graph\">{\"@context\":\"https:\\\/\\\/schema.org\",\"@graph\":[{\"@type\":\"Article\",\"@id\":\"https:\\\/\\\/spaziospadoni.org\\\/fr\\\/en-chemin-vers-saint-jacques-entre-foi-et-partage\\\/#article\",\"isPartOf\":{\"@id\":\"https:\\\/\\\/spaziospadoni.org\\\/fr\\\/en-chemin-vers-saint-jacques-entre-foi-et-partage\\\/\"},\"author\":{\"name\":\"Redazione\",\"@id\":\"https:\\\/\\\/spaziospadoni.org\\\/fr\\\/#\\\/schema\\\/person\\\/411d7e71b4962bebf7ac6c70acc9a7bc\"},\"headline\":\"En chemin vers Saint-Jacques entre foi et partage\",\"datePublished\":\"2026-08-22T06:00:00+00:00\",\"mainEntityOfPage\":{\"@id\":\"https:\\\/\\\/spaziospadoni.org\\\/fr\\\/en-chemin-vers-saint-jacques-entre-foi-et-partage\\\/\"},\"wordCount\":861,\"publisher\":{\"@id\":\"https:\\\/\\\/spaziospadoni.org\\\/fr\\\/#organization\"},\"image\":{\"@id\":\"https:\\\/\\\/spaziospadoni.org\\\/fr\\\/en-chemin-vers-saint-jacques-entre-foi-et-partage\\\/#primaryimage\"},\"thumbnailUrl\":\"https:\\\/\\\/spaziospadoni.org\\\/wp-content\\\/uploads\\\/2026\\\/08\\\/pellegrini-santiago.webp\",\"keywords\":[\"foi\",\"marcher ensemble\",\"Partage\",\"p\u00e8lerinage\",\"spiritualit\u00e9\"],\"articleSection\":[\"Histoires\"],\"inLanguage\":\"fr-FR\"},{\"@type\":\"WebPage\",\"@id\":\"https:\\\/\\\/spaziospadoni.org\\\/fr\\\/en-chemin-vers-saint-jacques-entre-foi-et-partage\\\/\",\"url\":\"https:\\\/\\\/spaziospadoni.org\\\/fr\\\/en-chemin-vers-saint-jacques-entre-foi-et-partage\\\/\",\"name\":\"Europe, Espagne | En chemin vers Saint-Jacques\",\"isPartOf\":{\"@id\":\"https:\\\/\\\/spaziospadoni.org\\\/fr\\\/#website\"},\"primaryImageOfPage\":{\"@id\":\"https:\\\/\\\/spaziospadoni.org\\\/fr\\\/en-chemin-vers-saint-jacques-entre-foi-et-partage\\\/#primaryimage\"},\"image\":{\"@id\":\"https:\\\/\\\/spaziospadoni.org\\\/fr\\\/en-chemin-vers-saint-jacques-entre-foi-et-partage\\\/#primaryimage\"},\"thumbnailUrl\":\"https:\\\/\\\/spaziospadoni.org\\\/wp-content\\\/uploads\\\/2026\\\/08\\\/pellegrini-santiago.webp\",\"datePublished\":\"2026-08-22T06:00:00+00:00\",\"description\":\"Le r\u00e9cit d'un p\u00e8lerinage \u00e0 Saint-Jacques : red\u00e9couvrir la foi, la pri\u00e8re et la beaut\u00e9 de se faire proche le long du chemin.\",\"breadcrumb\":{\"@id\":\"https:\\\/\\\/spaziospadoni.org\\\/fr\\\/en-chemin-vers-saint-jacques-entre-foi-et-partage\\\/#breadcrumb\"},\"inLanguage\":\"fr-FR\",\"potentialAction\":[{\"@type\":\"ReadAction\",\"target\":[\"https:\\\/\\\/spaziospadoni.org\\\/fr\\\/en-chemin-vers-saint-jacques-entre-foi-et-partage\\\/\"]}]},{\"@type\":\"ImageObject\",\"inLanguage\":\"fr-FR\",\"@id\":\"https:\\\/\\\/spaziospadoni.org\\\/fr\\\/en-chemin-vers-saint-jacques-entre-foi-et-partage\\\/#primaryimage\",\"url\":\"https:\\\/\\\/spaziospadoni.org\\\/wp-content\\\/uploads\\\/2026\\\/08\\\/pellegrini-santiago.webp\",\"contentUrl\":\"https:\\\/\\\/spaziospadoni.org\\\/wp-content\\\/uploads\\\/2026\\\/08\\\/pellegrini-santiago.webp\",\"width\":1207,\"height\":804,\"caption\":\"Anna Maria Federico, du dioc\u00e8se de P\u00e9rouse, avec son mari lors de leur p\u00e8lerinage \u00e0 Saint-Jacques-de-Compostelle\"},{\"@type\":\"BreadcrumbList\",\"@id\":\"https:\\\/\\\/spaziospadoni.org\\\/fr\\\/en-chemin-vers-saint-jacques-entre-foi-et-partage\\\/#breadcrumb\",\"itemListElement\":[{\"@type\":\"ListItem\",\"position\":1,\"name\":\"Home\",\"item\":\"https:\\\/\\\/spaziospadoni.org\\\/fr\\\/\"},{\"@type\":\"ListItem\",\"position\":2,\"name\":\"En chemin vers Saint-Jacques entre foi et partage\"}]},{\"@type\":\"WebSite\",\"@id\":\"https:\\\/\\\/spaziospadoni.org\\\/fr\\\/#website\",\"url\":\"https:\\\/\\\/spaziospadoni.org\\\/fr\\\/\",\"name\":\"spazio + spadoni\",\"description\":\"Generazione di misericordia e missione nel mondo\",\"publisher\":{\"@id\":\"https:\\\/\\\/spaziospadoni.org\\\/fr\\\/#organization\"},\"alternateName\":\"spaziospadoni.org\",\"potentialAction\":[{\"@type\":\"SearchAction\",\"target\":{\"@type\":\"EntryPoint\",\"urlTemplate\":\"https:\\\/\\\/spaziospadoni.org\\\/fr\\\/?s={search_term_string}\"},\"query-input\":{\"@type\":\"PropertyValueSpecification\",\"valueRequired\":true,\"valueName\":\"search_term_string\"}}],\"inLanguage\":\"fr-FR\"},{\"@type\":\"Organization\",\"@id\":\"https:\\\/\\\/spaziospadoni.org\\\/fr\\\/#organization\",\"name\":\"spazio + spadoni\",\"alternateName\":\"spaziospadoni.org\",\"url\":\"https:\\\/\\\/spaziospadoni.org\\\/fr\\\/\",\"logo\":{\"@type\":\"ImageObject\",\"inLanguage\":\"fr-FR\",\"@id\":\"https:\\\/\\\/spaziospadoni.org\\\/fr\\\/#\\\/schema\\\/logo\\\/image\\\/\",\"url\":\"https:\\\/\\\/spaziospadoni.org\\\/wp-content\\\/uploads\\\/2026\\\/05\\\/spazio-spadoni-logo-100x100-1.webp\",\"contentUrl\":\"https:\\\/\\\/spaziospadoni.org\\\/wp-content\\\/uploads\\\/2026\\\/05\\\/spazio-spadoni-logo-100x100-1.webp\",\"width\":100,\"height\":100,\"caption\":\"spazio + spadoni\"},\"image\":{\"@id\":\"https:\\\/\\\/spaziospadoni.org\\\/fr\\\/#\\\/schema\\\/logo\\\/image\\\/\"},\"sameAs\":[\"https:\\\/\\\/www.facebook.com\\\/SpazioSpadoni\\\/\",\"https:\\\/\\\/www.instagram.com\\\/spaziospadoni\\\/\",\"https:\\\/\\\/www.youtube.com\\\/@spaziospadoni\\\/playlists\"]},{\"@type\":\"Person\",\"@id\":\"https:\\\/\\\/spaziospadoni.org\\\/fr\\\/#\\\/schema\\\/person\\\/411d7e71b4962bebf7ac6c70acc9a7bc\",\"name\":\"Redazione\",\"image\":{\"@type\":\"ImageObject\",\"inLanguage\":\"fr-FR\",\"@id\":\"https:\\\/\\\/secure.gravatar.com\\\/avatar\\\/2ba413b4dca69409b680ae806ab0dce8a38d5d2cc2123a96af7bbbee33a5742e?s=96&d=mm&r=g\",\"url\":\"https:\\\/\\\/secure.gravatar.com\\\/avatar\\\/2ba413b4dca69409b680ae806ab0dce8a38d5d2cc2123a96af7bbbee33a5742e?s=96&d=mm&r=g\",\"contentUrl\":\"https:\\\/\\\/secure.gravatar.com\\\/avatar\\\/2ba413b4dca69409b680ae806ab0dce8a38d5d2cc2123a96af7bbbee33a5742e?s=96&d=mm&r=g\",\"caption\":\"Redazione\"},\"url\":\"https:\\\/\\\/spaziospadoni.org\\\/fr\\\/author\\\/redazione\\\/\"}]}<\/script>\n<!-- \/ Yoast SEO plugin. -->","yoast_head_json":{"title":"Europe, Espagne | En chemin vers Saint-Jacques","description":"Le r\u00e9cit d'un p\u00e8lerinage \u00e0 Saint-Jacques : red\u00e9couvrir la foi, la pri\u00e8re et la beaut\u00e9 de se faire proche le long du chemin.","robots":{"index":"index","follow":"follow","max-snippet":"max-snippet:-1","max-image-preview":"max-image-preview:large","max-video-preview":"max-video-preview:-1"},"canonical":"https:\/\/spaziospadoni.org\/fr\/en-chemin-vers-saint-jacques-entre-foi-et-partage\/","og_locale":"fr_FR","og_type":"article","og_title":"Europe, Espagne | En chemin vers Saint-Jacques","og_description":"Le r\u00e9cit d'un p\u00e8lerinage \u00e0 Saint-Jacques : red\u00e9couvrir la foi, la pri\u00e8re et la beaut\u00e9 de se faire proche le long du chemin.","og_url":"https:\/\/spaziospadoni.org\/fr\/en-chemin-vers-saint-jacques-entre-foi-et-partage\/","og_site_name":"spazio + spadoni","article_publisher":"https:\/\/www.facebook.com\/SpazioSpadoni\/","article_published_time":"2026-08-22T06:00:00+00:00","og_image":[{"width":1207,"height":804,"url":"https:\/\/spaziospadoni.org\/wp-content\/uploads\/2026\/08\/pellegrini-santiago.webp","type":"image\/webp"}],"author":"Redazione","twitter_card":"summary_large_image","twitter_misc":{"\u00c9crit par":"R\u00e9daction","Est. reading time":"5 minutes"},"schema":{"@context":"https:\/\/schema.org","@graph":[{"@type":"Article","@id":"https:\/\/spaziospadoni.org\/fr\/en-chemin-vers-saint-jacques-entre-foi-et-partage\/#article","isPartOf":{"@id":"https:\/\/spaziospadoni.org\/fr\/en-chemin-vers-saint-jacques-entre-foi-et-partage\/"},"author":{"name":"Redazione","@id":"https:\/\/spaziospadoni.org\/fr\/#\/schema\/person\/411d7e71b4962bebf7ac6c70acc9a7bc"},"headline":"En chemin vers Saint-Jacques entre foi et partage","datePublished":"2026-08-22T06:00:00+00:00","mainEntityOfPage":{"@id":"https:\/\/spaziospadoni.org\/fr\/en-chemin-vers-saint-jacques-entre-foi-et-partage\/"},"wordCount":861,"publisher":{"@id":"https:\/\/spaziospadoni.org\/fr\/#organization"},"image":{"@id":"https:\/\/spaziospadoni.org\/fr\/en-chemin-vers-saint-jacques-entre-foi-et-partage\/#primaryimage"},"thumbnailUrl":"https:\/\/spaziospadoni.org\/wp-content\/uploads\/2026\/08\/pellegrini-santiago.webp","keywords":["foi","marcher ensemble","Partage","p\u00e8lerinage","spiritualit\u00e9"],"articleSection":["Histoires"],"inLanguage":"fr-FR"},{"@type":"WebPage","@id":"https:\/\/spaziospadoni.org\/fr\/en-chemin-vers-saint-jacques-entre-foi-et-partage\/","url":"https:\/\/spaziospadoni.org\/fr\/en-chemin-vers-saint-jacques-entre-foi-et-partage\/","name":"Europe, Espagne | En chemin vers Saint-Jacques","isPartOf":{"@id":"https:\/\/spaziospadoni.org\/fr\/#website"},"primaryImageOfPage":{"@id":"https:\/\/spaziospadoni.org\/fr\/en-chemin-vers-saint-jacques-entre-foi-et-partage\/#primaryimage"},"image":{"@id":"https:\/\/spaziospadoni.org\/fr\/en-chemin-vers-saint-jacques-entre-foi-et-partage\/#primaryimage"},"thumbnailUrl":"https:\/\/spaziospadoni.org\/wp-content\/uploads\/2026\/08\/pellegrini-santiago.webp","datePublished":"2026-08-22T06:00:00+00:00","description":"Le r\u00e9cit d'un p\u00e8lerinage \u00e0 Saint-Jacques : red\u00e9couvrir la foi, la pri\u00e8re et la beaut\u00e9 de se faire proche le long du chemin.","breadcrumb":{"@id":"https:\/\/spaziospadoni.org\/fr\/en-chemin-vers-saint-jacques-entre-foi-et-partage\/#breadcrumb"},"inLanguage":"fr-FR","potentialAction":[{"@type":"ReadAction","target":["https:\/\/spaziospadoni.org\/fr\/en-chemin-vers-saint-jacques-entre-foi-et-partage\/"]}]},{"@type":"ImageObject","inLanguage":"fr-FR","@id":"https:\/\/spaziospadoni.org\/fr\/en-chemin-vers-saint-jacques-entre-foi-et-partage\/#primaryimage","url":"https:\/\/spaziospadoni.org\/wp-content\/uploads\/2026\/08\/pellegrini-santiago.webp","contentUrl":"https:\/\/spaziospadoni.org\/wp-content\/uploads\/2026\/08\/pellegrini-santiago.webp","width":1207,"height":804,"caption":"Anna Maria Federico, du dioc\u00e8se de P\u00e9rouse, avec son mari lors de leur p\u00e8lerinage \u00e0 Saint-Jacques-de-Compostelle"},{"@type":"BreadcrumbList","@id":"https:\/\/spaziospadoni.org\/fr\/en-chemin-vers-saint-jacques-entre-foi-et-partage\/#breadcrumb","itemListElement":[{"@type":"ListItem","position":1,"name":"Home","item":"https:\/\/spaziospadoni.org\/fr\/"},{"@type":"ListItem","position":2,"name":"En chemin vers Saint-Jacques entre foi et partage"}]},{"@type":"WebSite","@id":"https:\/\/spaziospadoni.org\/fr\/#website","url":"https:\/\/spaziospadoni.org\/fr\/","name":"spazio + spadoni","description":"Generazione di misericordia e missione nel mondo","publisher":{"@id":"https:\/\/spaziospadoni.org\/fr\/#organization"},"alternateName":"spaziospadoni.org","potentialAction":[{"@type":"SearchAction","target":{"@type":"EntryPoint","urlTemplate":"https:\/\/spaziospadoni.org\/fr\/?s={search_term_string}"},"query-input":{"@type":"PropertyValueSpecification","valueRequired":true,"valueName":"search_term_string"}}],"inLanguage":"fr-FR"},{"@type":"Organization","@id":"https:\/\/spaziospadoni.org\/fr\/#organization","name":"spazio + spadoni","alternateName":"spaziospadoni.org","url":"https:\/\/spaziospadoni.org\/fr\/","logo":{"@type":"ImageObject","inLanguage":"fr-FR","@id":"https:\/\/spaziospadoni.org\/fr\/#\/schema\/logo\/image\/","url":"https:\/\/spaziospadoni.org\/wp-content\/uploads\/2026\/05\/spazio-spadoni-logo-100x100-1.webp","contentUrl":"https:\/\/spaziospadoni.org\/wp-content\/uploads\/2026\/05\/spazio-spadoni-logo-100x100-1.webp","width":100,"height":100,"caption":"spazio + spadoni"},"image":{"@id":"https:\/\/spaziospadoni.org\/fr\/#\/schema\/logo\/image\/"},"sameAs":["https:\/\/www.facebook.com\/SpazioSpadoni\/","https:\/\/www.instagram.com\/spaziospadoni\/","https:\/\/www.youtube.com\/@spaziospadoni\/playlists"]},{"@type":"Person","@id":"https:\/\/spaziospadoni.org\/fr\/#\/schema\/person\/411d7e71b4962bebf7ac6c70acc9a7bc","name":"Redazione","image":{"@type":"ImageObject","inLanguage":"fr-FR","@id":"https:\/\/secure.gravatar.com\/avatar\/2ba413b4dca69409b680ae806ab0dce8a38d5d2cc2123a96af7bbbee33a5742e?s=96&d=mm&r=g","url":"https:\/\/secure.gravatar.com\/avatar\/2ba413b4dca69409b680ae806ab0dce8a38d5d2cc2123a96af7bbbee33a5742e?s=96&d=mm&r=g","contentUrl":"https:\/\/secure.gravatar.com\/avatar\/2ba413b4dca69409b680ae806ab0dce8a38d5d2cc2123a96af7bbbee33a5742e?s=96&d=mm&r=g","caption":"Redazione"},"url":"https:\/\/spaziospadoni.org\/fr\/author\/redazione\/"}]}},"_links":{"self":[{"href":"https:\/\/spaziospadoni.org\/fr\/wp-json\/wp\/v2\/posts\/91691","targetHints":{"allow":["GET"]}}],"collection":[{"href":"https:\/\/spaziospadoni.org\/fr\/wp-json\/wp\/v2\/posts"}],"about":[{"href":"https:\/\/spaziospadoni.org\/fr\/wp-json\/wp\/v2\/types\/post"}],"author":[{"embeddable":true,"href":"https:\/\/spaziospadoni.org\/fr\/wp-json\/wp\/v2\/users\/39"}],"replies":[{"embeddable":true,"href":"https:\/\/spaziospadoni.org\/fr\/wp-json\/wp\/v2\/comments?post=91691"}],"version-history":[{"count":2,"href":"https:\/\/spaziospadoni.org\/fr\/wp-json\/wp\/v2\/posts\/91691\/revisions"}],"predecessor-version":[{"id":91694,"href":"https:\/\/spaziospadoni.org\/fr\/wp-json\/wp\/v2\/posts\/91691\/revisions\/91694"}],"wp:featuredmedia":[{"embeddable":true,"href":"https:\/\/spaziospadoni.org\/fr\/wp-json\/wp\/v2\/media\/91690"}],"wp:attachment":[{"href":"https:\/\/spaziospadoni.org\/fr\/wp-json\/wp\/v2\/media?parent=91691"}],"wp:term":[{"taxonomy":"category","embeddable":true,"href":"https:\/\/spaziospadoni.org\/fr\/wp-json\/wp\/v2\/categories?post=91691"},{"taxonomy":"post_tag","embeddable":true,"href":"https:\/\/spaziospadoni.org\/fr\/wp-json\/wp\/v2\/tags?post=91691"}],"curies":[{"name":"wp","href":"https:\/\/api.w.org\/{rel}","templated":true}]}}