{"id":91868,"date":"2026-08-22T13:30:00","date_gmt":"2026-08-22T12:30:00","guid":{"rendered":"https:\/\/spaziospadoni.org\/?p=91868"},"modified":"2026-08-22T14:18:46","modified_gmt":"2026-08-22T13:18:46","slug":"europe-italie-carta-di-leuca-2026-chemin-de-paix-en-mediterranee","status":"publish","type":"post","link":"https:\/\/spaziospadoni.org\/fr\/europe-italie-carta-di-leuca-2026-chemin-de-paix-en-mediterranee\/","title":{"rendered":"Europe, Italie | Carta di Leuca 2026 : chemin de paix en M\u00e9diterran\u00e9e"},"content":{"rendered":"\n<p class=\"has-contrast-3-color has-text-color has-link-color wp-elements-1 wp-block-paragraph\"><em>La rencontre internationale et interreligieuse \u00ab Carta di Leuca \u00bb a r\u00e9uni, du 10 au 14 ao\u00fbt \u00e0 Santa Maria di Leuca (Lecce), des jeunes de diff\u00e9rents pays de la M\u00e9diterran\u00e9e autour du th\u00e8me \u00ab M\u00e9diterran\u00e9e de Paix pour un monde en Paix \u00bb. La rencontre s\u2019est achev\u00e9e \u00e0 l\u2019aube du 14 ao\u00fbt par la signature de la Carta di Leuca pour la paix, en pr\u00e9sence du cardinal Pierbattista Pizzaballa.<\/em><\/p>\n\n\n\n<p class=\"wp-block-paragraph\">Leuca est une fronti\u00e8re g\u00e9ographique, mais elle peut aussi devenir une image capable de raconter notre \u00e9poque : face \u00e0 la M\u00e9diterran\u00e9e, nous pouvons choisir de voir une fronti\u00e8re ou un pont.<\/p>\n\n\n\n<p class=\"wp-block-paragraph\">Santa Maria di Leuca a \u00e9t\u00e9 une fois de plus le lieu o\u00f9 ce choix est devenu une exp\u00e9rience concr\u00e8te.<\/p>\n\n\n\n<p class=\"wp-block-paragraph\">La Carta di Leuca 2026, parvenue \u00e0 sa onzi\u00e8me \u00e9dition, a r\u00e9uni des jeunes venus de diff\u00e9rentes r\u00e9gions d&rsquo;Italie, ainsi que des participants arriv\u00e9s de Chypre et de J\u00e9rusalem, autour d&rsquo;un d\u00e9sir commun : construire la paix.<\/p>\n\n\n\n<p class=\"wp-block-paragraph\">Le th\u00e8me choisi pour cette \u00e9dition \u00e9tait \u00abM\u00e9diterran\u00e9e de Paix pour un monde en Paix\u00bb. Un titre qui, dans une M\u00e9diterran\u00e9e marqu\u00e9e par les guerres, les divisions et les blessures, r\u00e9sonne \u00e0 la fois comme un d\u00e9fi et comme une promesse.<\/p>\n\n\n\n<h2 id=\"un-chemin-de-rencontre-et-de-formation\" class=\"wp-block-heading\">Un chemin de rencontre et de formation<\/h2>\n\n\n\n<p class=\"wp-block-paragraph\">Carta di Leuca est une exp\u00e9rience de rencontre, une d\u00e9marche visant \u00e0 rassembler des jeunes d&rsquo;horizons divers afin qu&rsquo;ils apprennent \u00e0 se conna\u00eetre, \u00e0 s&rsquo;\u00e9couter et \u00e0 d\u00e9couvrir que ce qui les unit est bien plus grand que ce qui les s\u00e9pare.<\/p>\n\n\n\n<p class=\"wp-block-paragraph\">Les jeunes ont v\u00e9cu des moments d&rsquo;\u00e9change et de formation, r\u00e9fl\u00e9chissant aux blessures relationnelles, aux diff\u00e9rences, \u00e0 l&rsquo;accueil et \u00e0 la n\u00e9cessit\u00e9 de pr\u00e9server la m\u00e9moire pour b\u00e2tir un avenir diff\u00e9rent. Ce parcours a \u00e9t\u00e9 pens\u00e9 comme un chemin o\u00f9 la rencontre de l&rsquo;autre n&rsquo;\u00e9tait pas un \u00e9l\u00e9ment secondaire, mais le c\u0153ur m\u00eame de l&rsquo;exp\u00e9rience.<\/p>\n\n\n\n<h2 id=\"le-temoignage-de-jerusalem-et-la-rencontre-avec-pizzaballa\" class=\"wp-block-heading\">Le t\u00e9moignage de J\u00e9rusalem et la rencontre avec Pizzaballa<\/h2>\n\n\n\n<p class=\"wp-block-paragraph\">La pr\u00e9sence des jeunes de J\u00e9rusalem et de Chypre a conf\u00e9r\u00e9 \u00e0 cette rencontre une intensit\u00e9 toute particuli\u00e8re. J\u00e9rusalem n&rsquo;\u00e9tait pas seulement un lieu mentionn\u00e9 dans les discours ; elle s&rsquo;est incarn\u00e9e \u00e0 Leuca \u00e0 travers les visages et les r\u00e9cits de ceux qui y vivent, apportant les espoirs et les blessures d&rsquo;une terre o\u00f9 le mot paix rev\u00eat un caract\u00e8re d&rsquo;urgence absolue.<\/p>\n\n\n\n<p class=\"wp-block-paragraph\">Au cours de ce cheminement, la pr\u00e9sence du cardinal Pierbattista Pizzaballa, Patriarche latin de J\u00e9rusalem, a marqu\u00e9 les esprits. Il a rencontr\u00e9 les jeunes non seulement en tant que repr\u00e9sentant de l&rsquo;\u00c9glise de J\u00e9rusalem, mais comme un t\u00e9moin portant au quotidien la complexit\u00e9 et la souffrance de la Terre Sainte.<\/p>\n\n\n\n<p class=\"wp-block-paragraph\">Son \u00e9change avec les jeunes a donn\u00e9 une port\u00e9e concr\u00e8te aux r\u00e9flexions men\u00e9es les jours pr\u00e9c\u00e9dents.<\/p>\n\n\n\n<p class=\"wp-block-paragraph\">La question de la paix ne pouvait rester th\u00e9orique : elle s&rsquo;est incarn\u00e9e face \u00e0 l&rsquo;exp\u00e9rience de celui qui vit chaque jour l&rsquo;effort du dialogue et de la coexistence. C&rsquo;est sans doute pourquoi cette rencontre avec Pizzaballa a constitu\u00e9 l&rsquo;un des moments les plus forts de la Carta di Leuca.<\/p>\n\n\n\n<h2 id=\"dalessano-a-leuca-sur-les-pas-de-don-tonino-bello\" class=\"wp-block-heading\">D&rsquo;Alessano \u00e0 Leuca : sur les pas de don Tonino Bello<\/h2>\n\n\n\n<p class=\"wp-block-paragraph\">\u00c0 Leuca, chaque d\u00e9marche vers la paix m\u00e8ne in\u00e9vitablement \u00e0 Alessano, sur la tombe de don Tonino Bello ; son h\u00e9ritage traverse la Carta di Leuca comme une interpellation pour le pr\u00e9sent. Don Tonino a enseign\u00e9 \u00e0 concevoir la paix comme une responsabilit\u00e9 qui prend racine dans les relations et dans l&rsquo;accueil d&rsquo;autrui.<\/p>\n\n\n\n<p class=\"wp-block-paragraph\">Dans la nuit du 13 au 14 ao\u00fbt, les jeunes ont repris la route depuis Alessano pour marcher vers Leuca. Marcher ensemble dans la nuit, apr\u00e8s avoir d\u00e9battu de la paix, prend une valeur hautement symbolique : la paix est une marche.<\/p>\n\n\n\n<p class=\"wp-block-paragraph\">Elle ne s&rsquo;obtient pas dans l&rsquo;immobilit\u00e9 et ne se construit pas seul : on part ensemble.<\/p>\n\n\n\n<p class=\"wp-block-paragraph\">L&rsquo;exp\u00e9rience a trouv\u00e9 son point d&rsquo;orgue \u00e0 l&rsquo;aube du 14 ao\u00fbt, lorsque la marche a atteint la basilique de Santa Maria di Leuca et que les jeunes ont proclam\u00e9 la Carta di Leuca.<\/p>\n\n\n\n<h2 id=\"une-responsabilite-pour-lavenir\" class=\"wp-block-heading\">Une responsabilit\u00e9 pour l&rsquo;avenir<\/h2>\n\n\n\n<p class=\"wp-block-paragraph\">\u00abLa Carta di Leuca ne se signe pas. Elle se raconte\u00bb : car raconter signifie assumer la responsabilit\u00e9 de ce qui a \u00e9t\u00e9 v\u00e9cu.<\/p>\n\n\n\n<p class=\"wp-block-paragraph\">La M\u00e9diterran\u00e9e peut \u00eatre d\u00e9crite comme une mer de conflits, de drames migratoires, de barri\u00e8res et de peurs, mais elle peut aussi \u00eatre reconnue pour ce qu&rsquo;elle a toujours \u00e9t\u00e9 : un carrefour d&rsquo;\u00e9changes, de rencontres et d&rsquo;enrichissement mutuel entre cultures et peuples.<\/p>\n\n\n\n<p class=\"wp-block-paragraph\">La paix ne consiste pas \u00e0 effacer les diff\u00e9rences, mais \u00e0 apprendre \u00e0 les vivre sans \u00e9riger de murs. C&rsquo;est ici que l&rsquo;exp\u00e9rience de ces jeunes prend toute sa valeur. Durant ces journ\u00e9es, ils ont exp\u00e9riment\u00e9 concr\u00e8tement ce que signifie \u00eatre ensemble, partager une route et \u00e9couter une histoire diff\u00e9rente de la leur.<\/p>\n\n\n\n<p class=\"wp-block-paragraph\">La Carta di Leuca s&rsquo;ach\u00e8ve ainsi sur une question plut\u00f4t que sur une conclusion : que ferons-nous, de retour chez nous, de cette exp\u00e9rience ?<\/p>\n\n\n\n<p class=\"wp-block-paragraph\">La r\u00e9ponse ne rel\u00e8ve pas uniquement des dirigeants du monde ; la paix a besoin de la jeunesse. Elle a besoin de personnes capables de traverser les diff\u00e9rences sans crainte et de b\u00e2tir des ponts plut\u00f4t que d&rsquo;alimenter les oppositions.<\/p>\n\n\n\n<p class=\"wp-block-paragraph\">C&rsquo;est pourquoi la Carta di Leuca est essentielle : elle ne d\u00e9livre pas seulement un message aux jeunes, elle leur confie une responsabilit\u00e9. Et tandis que le soleil se l\u00e8ve sur la M\u00e9diterran\u00e9e, ils nous rappellent que la mer peut encore \u00eatre un pont. Une M\u00e9diterran\u00e9e de paix pour un monde en paix.<\/p>\n\n\n\n<p class=\"wp-block-paragraph\"><strong>Photo du groupe \u00ab Carta di Leuca \u00bb<\/strong><\/p>\n\n\n\n<p class=\"wp-block-paragraph\"><\/p>\n","protected":false},"excerpt":{"rendered":"<p>La rencontre internationale et interreligieuse \u00ab Carta di Leuca \u00bb a r\u00e9uni, du 10 au 14 ao\u00fbt \u00e0 Santa Maria di Leuca (Lecce), des jeunes de diff\u00e9rents pays de la M\u00e9diterran\u00e9e autour du th\u00e8me \u00ab M\u00e9diterran\u00e9e de Paix pour un monde en Paix \u00bb. La rencontre s\u2019est achev\u00e9e \u00e0 l\u2019aube du 14 ao\u00fbt par la &#8230; <a title=\"Europe, Italie | Carta di Leuca 2026 : chemin de paix en M\u00e9diterran\u00e9e\" class=\"read-more\" href=\"https:\/\/spaziospadoni.org\/fr\/europe-italie-carta-di-leuca-2026-chemin-de-paix-en-mediterranee\/\" aria-label=\"Read more about Europe, Italie | Carta di Leuca 2026 : chemin de paix en M\u00e9diterran\u00e9e\">Lire plus<\/a><\/p>\n","protected":false},"author":114,"featured_media":91904,"comment_status":"closed","ping_status":"closed","sticky":false,"template":"","format":"standard","meta":{"_sitemap_exclude":false,"_sitemap_priority":"","_sitemap_frequency":"","ss_featured_image_title":"","ss_featured_image_alt":"Le cardinal Pierbattista Pizzaballa \u00e0 Leuca","ss_featured_image_caption":"Le cardinal Pierbattista Pizzaballa, patriarche latin de J\u00e9rusalem, pr\u00e9sent au rassemblement \u00ab Carta di Leuca \u00bb","footnotes":""},"categories":[2261],"tags":[3394,3302,2708,3255],"class_list":["post-91868","post","type-post","status-publish","format-standard","has-post-thumbnail","hentry","category-des-reves-aux-oeuvres","tag-cardinal-fr","tag-engagement","tag-paix","tag-palestine-fr","infinite-scroll-item","generate-columns","tablet-grid-50","mobile-grid-100","grid-parent","grid-50"],"yoast_head":"<!-- This site is optimized with the Yoast SEO plugin v28.4 - https:\/\/yoast.com\/product\/yoast-seo-wordpress\/ -->\n<title>Europe, Italie | Carta di Leuca 2026 : chemin de paix en M\u00e9diterran\u00e9e<\/title>\n<meta name=\"description\" content=\"La rencontre internationale et interreligieuse \u00ab Carta di Leuca \u00bb a r\u00e9uni, du 10 au 14 ao\u00fbt \u00e0 Santa Maria di Leuca (Lecce), des jeunes de diff\u00e9rents pays\" \/>\n<meta name=\"robots\" content=\"index, follow, max-snippet:-1, max-image-preview:large, max-video-preview:-1\" \/>\n<link rel=\"canonical\" href=\"https:\/\/spaziospadoni.org\/fr\/europe-italie-carta-di-leuca-2026-chemin-de-paix-en-mediterranee\/\" \/>\n<meta property=\"og:locale\" content=\"fr_FR\" \/>\n<meta property=\"og:type\" content=\"article\" \/>\n<meta property=\"og:title\" content=\"Europe, Italie | Carta di Leuca 2026 : chemin de paix en M\u00e9diterran\u00e9e\" \/>\n<meta property=\"og:description\" content=\"La rencontre internationale et interreligieuse \u00ab Carta di Leuca \u00bb a r\u00e9uni, du 10 au 14 ao\u00fbt \u00e0 Santa Maria di Leuca (Lecce), des jeunes de diff\u00e9rents pays\" \/>\n<meta property=\"og:url\" content=\"https:\/\/spaziospadoni.org\/fr\/europe-italie-carta-di-leuca-2026-chemin-de-paix-en-mediterranee\/\" \/>\n<meta property=\"og:site_name\" content=\"spazio + spadoni\" \/>\n<meta property=\"article:publisher\" content=\"https:\/\/www.facebook.com\/SpazioSpadoni\/\" \/>\n<meta property=\"article:published_time\" content=\"2026-08-22T12:30:00+00:00\" \/>\n<meta property=\"article:modified_time\" content=\"2026-08-22T13:18:46+00:00\" \/>\n<meta property=\"og:image\" content=\"https:\/\/spaziospadoni.org\/wp-content\/uploads\/2026\/08\/cardinale-pizzaballa-leuca.webp\" \/>\n\t<meta property=\"og:image:width\" content=\"1200\" \/>\n\t<meta property=\"og:image:height\" content=\"800\" \/>\n\t<meta property=\"og:image:type\" content=\"image\/webp\" \/>\n<meta name=\"author\" content=\"Chiara Prontera\" \/>\n<meta name=\"twitter:card\" content=\"summary_large_image\" \/>\n<meta name=\"twitter:label1\" content=\"\u00c9crit par\" \/>\n\t<meta name=\"twitter:data1\" content=\"Chiara Prontera\" \/>\n\t<meta name=\"twitter:label2\" content=\"Est. reading time\" \/>\n\t<meta name=\"twitter:data2\" content=\"5 minutes\" \/>\n<script type=\"application\/ld+json\" class=\"yoast-schema-graph\">{\"@context\":\"https:\\\/\\\/schema.org\",\"@graph\":[{\"@type\":\"Article\",\"@id\":\"https:\\\/\\\/spaziospadoni.org\\\/fr\\\/europe-italie-carta-di-leuca-2026-chemin-de-paix-en-mediterranee\\\/#article\",\"isPartOf\":{\"@id\":\"https:\\\/\\\/spaziospadoni.org\\\/fr\\\/europe-italie-carta-di-leuca-2026-chemin-de-paix-en-mediterranee\\\/\"},\"author\":{\"name\":\"Chiara Prontera\",\"@id\":\"https:\\\/\\\/spaziospadoni.org\\\/fr\\\/#\\\/schema\\\/person\\\/317507bb13cfcc9ffc054cebd11ca473\"},\"headline\":\"Europe, Italie | Carta di Leuca 2026 : chemin de paix en M\u00e9diterran\u00e9e\",\"datePublished\":\"2026-08-22T12:30:00+00:00\",\"dateModified\":\"2026-08-22T13:18:46+00:00\",\"mainEntityOfPage\":{\"@id\":\"https:\\\/\\\/spaziospadoni.org\\\/fr\\\/europe-italie-carta-di-leuca-2026-chemin-de-paix-en-mediterranee\\\/\"},\"wordCount\":1009,\"publisher\":{\"@id\":\"https:\\\/\\\/spaziospadoni.org\\\/fr\\\/#organization\"},\"image\":{\"@id\":\"https:\\\/\\\/spaziospadoni.org\\\/fr\\\/europe-italie-carta-di-leuca-2026-chemin-de-paix-en-mediterranee\\\/#primaryimage\"},\"thumbnailUrl\":\"https:\\\/\\\/spaziospadoni.org\\\/wp-content\\\/uploads\\\/2026\\\/08\\\/pizzaballa-carta-leuca.webp\",\"keywords\":[\"Cardinal\",\"engagement\",\"Paix\",\"Palestine\"],\"articleSection\":[\"Des r\u00eaves aux \u0153uvres\"],\"inLanguage\":\"fr-FR\"},{\"@type\":\"WebPage\",\"@id\":\"https:\\\/\\\/spaziospadoni.org\\\/fr\\\/europe-italie-carta-di-leuca-2026-chemin-de-paix-en-mediterranee\\\/\",\"url\":\"https:\\\/\\\/spaziospadoni.org\\\/fr\\\/europe-italie-carta-di-leuca-2026-chemin-de-paix-en-mediterranee\\\/\",\"name\":\"Europe, Italie | Carta di Leuca 2026 : chemin de paix en M\u00e9diterran\u00e9e\",\"isPartOf\":{\"@id\":\"https:\\\/\\\/spaziospadoni.org\\\/fr\\\/#website\"},\"primaryImageOfPage\":{\"@id\":\"https:\\\/\\\/spaziospadoni.org\\\/fr\\\/europe-italie-carta-di-leuca-2026-chemin-de-paix-en-mediterranee\\\/#primaryimage\"},\"image\":{\"@id\":\"https:\\\/\\\/spaziospadoni.org\\\/fr\\\/europe-italie-carta-di-leuca-2026-chemin-de-paix-en-mediterranee\\\/#primaryimage\"},\"thumbnailUrl\":\"https:\\\/\\\/spaziospadoni.org\\\/wp-content\\\/uploads\\\/2026\\\/08\\\/pizzaballa-carta-leuca.webp\",\"datePublished\":\"2026-08-22T12:30:00+00:00\",\"dateModified\":\"2026-08-22T13:18:46+00:00\",\"description\":\"La rencontre internationale et interreligieuse \u00ab Carta di Leuca \u00bb a r\u00e9uni, du 10 au 14 ao\u00fbt \u00e0 Santa Maria di Leuca (Lecce), des jeunes de diff\u00e9rents pays\",\"breadcrumb\":{\"@id\":\"https:\\\/\\\/spaziospadoni.org\\\/fr\\\/europe-italie-carta-di-leuca-2026-chemin-de-paix-en-mediterranee\\\/#breadcrumb\"},\"inLanguage\":\"fr-FR\",\"potentialAction\":[{\"@type\":\"ReadAction\",\"target\":[\"https:\\\/\\\/spaziospadoni.org\\\/fr\\\/europe-italie-carta-di-leuca-2026-chemin-de-paix-en-mediterranee\\\/\"]}]},{\"@type\":\"ImageObject\",\"inLanguage\":\"fr-FR\",\"@id\":\"https:\\\/\\\/spaziospadoni.org\\\/fr\\\/europe-italie-carta-di-leuca-2026-chemin-de-paix-en-mediterranee\\\/#primaryimage\",\"url\":\"https:\\\/\\\/spaziospadoni.org\\\/wp-content\\\/uploads\\\/2026\\\/08\\\/pizzaballa-carta-leuca.webp\",\"contentUrl\":\"https:\\\/\\\/spaziospadoni.org\\\/wp-content\\\/uploads\\\/2026\\\/08\\\/pizzaballa-carta-leuca.webp\",\"width\":1200,\"height\":900,\"caption\":\"Le cardinal Pierbattista Pizzaballa, patriarche latin de J\u00e9rusalem, pr\u00e9sent au rassemblement \u00ab Carta di Leuca \u00bb\"},{\"@type\":\"BreadcrumbList\",\"@id\":\"https:\\\/\\\/spaziospadoni.org\\\/fr\\\/europe-italie-carta-di-leuca-2026-chemin-de-paix-en-mediterranee\\\/#breadcrumb\",\"itemListElement\":[{\"@type\":\"ListItem\",\"position\":1,\"name\":\"Home\",\"item\":\"https:\\\/\\\/spaziospadoni.org\\\/fr\\\/\"},{\"@type\":\"ListItem\",\"position\":2,\"name\":\"Europe, Italie | Carta di Leuca 2026 : chemin de paix en M\u00e9diterran\u00e9e\"}]},{\"@type\":\"WebSite\",\"@id\":\"https:\\\/\\\/spaziospadoni.org\\\/fr\\\/#website\",\"url\":\"https:\\\/\\\/spaziospadoni.org\\\/fr\\\/\",\"name\":\"spazio + spadoni\",\"description\":\"Generazione di misericordia e missione nel mondo\",\"publisher\":{\"@id\":\"https:\\\/\\\/spaziospadoni.org\\\/fr\\\/#organization\"},\"alternateName\":\"spaziospadoni.org\",\"potentialAction\":[{\"@type\":\"SearchAction\",\"target\":{\"@type\":\"EntryPoint\",\"urlTemplate\":\"https:\\\/\\\/spaziospadoni.org\\\/fr\\\/?s={search_term_string}\"},\"query-input\":{\"@type\":\"PropertyValueSpecification\",\"valueRequired\":true,\"valueName\":\"search_term_string\"}}],\"inLanguage\":\"fr-FR\"},{\"@type\":\"Organization\",\"@id\":\"https:\\\/\\\/spaziospadoni.org\\\/fr\\\/#organization\",\"name\":\"spazio + spadoni\",\"alternateName\":\"spaziospadoni.org\",\"url\":\"https:\\\/\\\/spaziospadoni.org\\\/fr\\\/\",\"logo\":{\"@type\":\"ImageObject\",\"inLanguage\":\"fr-FR\",\"@id\":\"https:\\\/\\\/spaziospadoni.org\\\/fr\\\/#\\\/schema\\\/logo\\\/image\\\/\",\"url\":\"https:\\\/\\\/spaziospadoni.org\\\/wp-content\\\/uploads\\\/2026\\\/05\\\/spazio-spadoni-logo-100x100-1.webp\",\"contentUrl\":\"https:\\\/\\\/spaziospadoni.org\\\/wp-content\\\/uploads\\\/2026\\\/05\\\/spazio-spadoni-logo-100x100-1.webp\",\"width\":100,\"height\":100,\"caption\":\"spazio + spadoni\"},\"image\":{\"@id\":\"https:\\\/\\\/spaziospadoni.org\\\/fr\\\/#\\\/schema\\\/logo\\\/image\\\/\"},\"sameAs\":[\"https:\\\/\\\/www.facebook.com\\\/SpazioSpadoni\\\/\",\"https:\\\/\\\/www.instagram.com\\\/spaziospadoni\\\/\",\"https:\\\/\\\/www.youtube.com\\\/@spaziospadoni\\\/playlists\"]},{\"@type\":\"Person\",\"@id\":\"https:\\\/\\\/spaziospadoni.org\\\/fr\\\/#\\\/schema\\\/person\\\/317507bb13cfcc9ffc054cebd11ca473\",\"name\":\"Chiara Prontera\",\"image\":{\"@type\":\"ImageObject\",\"inLanguage\":\"fr-FR\",\"@id\":\"https:\\\/\\\/secure.gravatar.com\\\/avatar\\\/3199cd50f7375f53b1b8e590a38c5004f9725997ff956a7773be4b95c4f6fc89?s=96&d=mm&r=g\",\"url\":\"https:\\\/\\\/secure.gravatar.com\\\/avatar\\\/3199cd50f7375f53b1b8e590a38c5004f9725997ff956a7773be4b95c4f6fc89?s=96&d=mm&r=g\",\"contentUrl\":\"https:\\\/\\\/secure.gravatar.com\\\/avatar\\\/3199cd50f7375f53b1b8e590a38c5004f9725997ff956a7773be4b95c4f6fc89?s=96&d=mm&r=g\",\"caption\":\"Chiara Prontera\"},\"description\":\"Chiara Prontera ha 26 anni e vive a Morciano, un piccolo paese vicino Santa Maria di Leuca, in provincia di Lecce. Nel 2024, ha conseguito la Laurea in Scienze politiche, Relazioni internazionali e Diritti umani all\u2019Universit\u00e0 di Padova e poco dopo \u00e8 partita a Belgrado, con il progetto Caschi Bianchi promosso da Caritas Italiana. L\u00ec ha svolto il suo servizio nel campo profughi di Obrenovac. Attualmente, sta svolgendo un tirocinio in Caritas, nella diocesi di Ugento-S.M di Leuca.\",\"url\":\"https:\\\/\\\/spaziospadoni.org\\\/fr\\\/author\\\/chipontespspadoni\\\/\"}]}<\/script>\n<!-- \/ Yoast SEO plugin. -->","yoast_head_json":{"title":"Europe, Italie | Carta di Leuca 2026 : chemin de paix en M\u00e9diterran\u00e9e","description":"La rencontre internationale et interreligieuse \u00ab Carta di Leuca \u00bb a r\u00e9uni, du 10 au 14 ao\u00fbt \u00e0 Santa Maria di Leuca (Lecce), des jeunes de diff\u00e9rents pays","robots":{"index":"index","follow":"follow","max-snippet":"max-snippet:-1","max-image-preview":"max-image-preview:large","max-video-preview":"max-video-preview:-1"},"canonical":"https:\/\/spaziospadoni.org\/fr\/europe-italie-carta-di-leuca-2026-chemin-de-paix-en-mediterranee\/","og_locale":"fr_FR","og_type":"article","og_title":"Europe, Italie | Carta di Leuca 2026 : chemin de paix en M\u00e9diterran\u00e9e","og_description":"La rencontre internationale et interreligieuse \u00ab Carta di Leuca \u00bb a r\u00e9uni, du 10 au 14 ao\u00fbt \u00e0 Santa Maria di Leuca (Lecce), des jeunes de diff\u00e9rents pays","og_url":"https:\/\/spaziospadoni.org\/fr\/europe-italie-carta-di-leuca-2026-chemin-de-paix-en-mediterranee\/","og_site_name":"spazio + spadoni","article_publisher":"https:\/\/www.facebook.com\/SpazioSpadoni\/","article_published_time":"2026-08-22T12:30:00+00:00","article_modified_time":"2026-08-22T13:18:46+00:00","og_image":[{"width":1200,"height":800,"url":"https:\/\/spaziospadoni.org\/wp-content\/uploads\/2026\/08\/cardinale-pizzaballa-leuca.webp","type":"image\/webp"}],"author":"Chiara Prontera","twitter_card":"summary_large_image","twitter_misc":{"\u00c9crit par":"Chiara Prontera","Est. reading time":"5 minutes"},"schema":{"@context":"https:\/\/schema.org","@graph":[{"@type":"Article","@id":"https:\/\/spaziospadoni.org\/fr\/europe-italie-carta-di-leuca-2026-chemin-de-paix-en-mediterranee\/#article","isPartOf":{"@id":"https:\/\/spaziospadoni.org\/fr\/europe-italie-carta-di-leuca-2026-chemin-de-paix-en-mediterranee\/"},"author":{"name":"Chiara Prontera","@id":"https:\/\/spaziospadoni.org\/fr\/#\/schema\/person\/317507bb13cfcc9ffc054cebd11ca473"},"headline":"Europe, Italie | Carta di Leuca 2026 : chemin de paix en M\u00e9diterran\u00e9e","datePublished":"2026-08-22T12:30:00+00:00","dateModified":"2026-08-22T13:18:46+00:00","mainEntityOfPage":{"@id":"https:\/\/spaziospadoni.org\/fr\/europe-italie-carta-di-leuca-2026-chemin-de-paix-en-mediterranee\/"},"wordCount":1009,"publisher":{"@id":"https:\/\/spaziospadoni.org\/fr\/#organization"},"image":{"@id":"https:\/\/spaziospadoni.org\/fr\/europe-italie-carta-di-leuca-2026-chemin-de-paix-en-mediterranee\/#primaryimage"},"thumbnailUrl":"https:\/\/spaziospadoni.org\/wp-content\/uploads\/2026\/08\/pizzaballa-carta-leuca.webp","keywords":["Cardinal","engagement","Paix","Palestine"],"articleSection":["Des r\u00eaves aux \u0153uvres"],"inLanguage":"fr-FR"},{"@type":"WebPage","@id":"https:\/\/spaziospadoni.org\/fr\/europe-italie-carta-di-leuca-2026-chemin-de-paix-en-mediterranee\/","url":"https:\/\/spaziospadoni.org\/fr\/europe-italie-carta-di-leuca-2026-chemin-de-paix-en-mediterranee\/","name":"Europe, Italie | Carta di Leuca 2026 : chemin de paix en M\u00e9diterran\u00e9e","isPartOf":{"@id":"https:\/\/spaziospadoni.org\/fr\/#website"},"primaryImageOfPage":{"@id":"https:\/\/spaziospadoni.org\/fr\/europe-italie-carta-di-leuca-2026-chemin-de-paix-en-mediterranee\/#primaryimage"},"image":{"@id":"https:\/\/spaziospadoni.org\/fr\/europe-italie-carta-di-leuca-2026-chemin-de-paix-en-mediterranee\/#primaryimage"},"thumbnailUrl":"https:\/\/spaziospadoni.org\/wp-content\/uploads\/2026\/08\/pizzaballa-carta-leuca.webp","datePublished":"2026-08-22T12:30:00+00:00","dateModified":"2026-08-22T13:18:46+00:00","description":"La rencontre internationale et interreligieuse \u00ab Carta di Leuca \u00bb a r\u00e9uni, du 10 au 14 ao\u00fbt \u00e0 Santa Maria di Leuca (Lecce), des jeunes de diff\u00e9rents pays","breadcrumb":{"@id":"https:\/\/spaziospadoni.org\/fr\/europe-italie-carta-di-leuca-2026-chemin-de-paix-en-mediterranee\/#breadcrumb"},"inLanguage":"fr-FR","potentialAction":[{"@type":"ReadAction","target":["https:\/\/spaziospadoni.org\/fr\/europe-italie-carta-di-leuca-2026-chemin-de-paix-en-mediterranee\/"]}]},{"@type":"ImageObject","inLanguage":"fr-FR","@id":"https:\/\/spaziospadoni.org\/fr\/europe-italie-carta-di-leuca-2026-chemin-de-paix-en-mediterranee\/#primaryimage","url":"https:\/\/spaziospadoni.org\/wp-content\/uploads\/2026\/08\/pizzaballa-carta-leuca.webp","contentUrl":"https:\/\/spaziospadoni.org\/wp-content\/uploads\/2026\/08\/pizzaballa-carta-leuca.webp","width":1200,"height":900,"caption":"Le cardinal Pierbattista Pizzaballa, patriarche latin de J\u00e9rusalem, pr\u00e9sent au rassemblement \u00ab Carta di Leuca \u00bb"},{"@type":"BreadcrumbList","@id":"https:\/\/spaziospadoni.org\/fr\/europe-italie-carta-di-leuca-2026-chemin-de-paix-en-mediterranee\/#breadcrumb","itemListElement":[{"@type":"ListItem","position":1,"name":"Home","item":"https:\/\/spaziospadoni.org\/fr\/"},{"@type":"ListItem","position":2,"name":"Europe, Italie | Carta di Leuca 2026 : chemin de paix en M\u00e9diterran\u00e9e"}]},{"@type":"WebSite","@id":"https:\/\/spaziospadoni.org\/fr\/#website","url":"https:\/\/spaziospadoni.org\/fr\/","name":"spazio + spadoni","description":"Generazione di misericordia e missione nel mondo","publisher":{"@id":"https:\/\/spaziospadoni.org\/fr\/#organization"},"alternateName":"spaziospadoni.org","potentialAction":[{"@type":"SearchAction","target":{"@type":"EntryPoint","urlTemplate":"https:\/\/spaziospadoni.org\/fr\/?s={search_term_string}"},"query-input":{"@type":"PropertyValueSpecification","valueRequired":true,"valueName":"search_term_string"}}],"inLanguage":"fr-FR"},{"@type":"Organization","@id":"https:\/\/spaziospadoni.org\/fr\/#organization","name":"spazio + spadoni","alternateName":"spaziospadoni.org","url":"https:\/\/spaziospadoni.org\/fr\/","logo":{"@type":"ImageObject","inLanguage":"fr-FR","@id":"https:\/\/spaziospadoni.org\/fr\/#\/schema\/logo\/image\/","url":"https:\/\/spaziospadoni.org\/wp-content\/uploads\/2026\/05\/spazio-spadoni-logo-100x100-1.webp","contentUrl":"https:\/\/spaziospadoni.org\/wp-content\/uploads\/2026\/05\/spazio-spadoni-logo-100x100-1.webp","width":100,"height":100,"caption":"spazio + spadoni"},"image":{"@id":"https:\/\/spaziospadoni.org\/fr\/#\/schema\/logo\/image\/"},"sameAs":["https:\/\/www.facebook.com\/SpazioSpadoni\/","https:\/\/www.instagram.com\/spaziospadoni\/","https:\/\/www.youtube.com\/@spaziospadoni\/playlists"]},{"@type":"Person","@id":"https:\/\/spaziospadoni.org\/fr\/#\/schema\/person\/317507bb13cfcc9ffc054cebd11ca473","name":"Chiara Prontera","image":{"@type":"ImageObject","inLanguage":"fr-FR","@id":"https:\/\/secure.gravatar.com\/avatar\/3199cd50f7375f53b1b8e590a38c5004f9725997ff956a7773be4b95c4f6fc89?s=96&d=mm&r=g","url":"https:\/\/secure.gravatar.com\/avatar\/3199cd50f7375f53b1b8e590a38c5004f9725997ff956a7773be4b95c4f6fc89?s=96&d=mm&r=g","contentUrl":"https:\/\/secure.gravatar.com\/avatar\/3199cd50f7375f53b1b8e590a38c5004f9725997ff956a7773be4b95c4f6fc89?s=96&d=mm&r=g","caption":"Chiara Prontera"},"description":"Chiara Prontera ha 26 anni e vive a Morciano, un piccolo paese vicino Santa Maria di Leuca, in provincia di Lecce. Nel 2024, ha conseguito la Laurea in Scienze politiche, Relazioni internazionali e Diritti umani all\u2019Universit\u00e0 di Padova e poco dopo \u00e8 partita a Belgrado, con il progetto Caschi Bianchi promosso da Caritas Italiana. L\u00ec ha svolto il suo servizio nel campo profughi di Obrenovac. Attualmente, sta svolgendo un tirocinio in Caritas, nella diocesi di Ugento-S.M di Leuca.","url":"https:\/\/spaziospadoni.org\/fr\/author\/chipontespspadoni\/"}]}},"_links":{"self":[{"href":"https:\/\/spaziospadoni.org\/fr\/wp-json\/wp\/v2\/posts\/91868","targetHints":{"allow":["GET"]}}],"collection":[{"href":"https:\/\/spaziospadoni.org\/fr\/wp-json\/wp\/v2\/posts"}],"about":[{"href":"https:\/\/spaziospadoni.org\/fr\/wp-json\/wp\/v2\/types\/post"}],"author":[{"embeddable":true,"href":"https:\/\/spaziospadoni.org\/fr\/wp-json\/wp\/v2\/users\/114"}],"replies":[{"embeddable":true,"href":"https:\/\/spaziospadoni.org\/fr\/wp-json\/wp\/v2\/comments?post=91868"}],"version-history":[{"count":3,"href":"https:\/\/spaziospadoni.org\/fr\/wp-json\/wp\/v2\/posts\/91868\/revisions"}],"predecessor-version":[{"id":91871,"href":"https:\/\/spaziospadoni.org\/fr\/wp-json\/wp\/v2\/posts\/91868\/revisions\/91871"}],"wp:featuredmedia":[{"embeddable":true,"href":"https:\/\/spaziospadoni.org\/fr\/wp-json\/wp\/v2\/media\/91904"}],"wp:attachment":[{"href":"https:\/\/spaziospadoni.org\/fr\/wp-json\/wp\/v2\/media?parent=91868"}],"wp:term":[{"taxonomy":"category","embeddable":true,"href":"https:\/\/spaziospadoni.org\/fr\/wp-json\/wp\/v2\/categories?post=91868"},{"taxonomy":"post_tag","embeddable":true,"href":"https:\/\/spaziospadoni.org\/fr\/wp-json\/wp\/v2\/tags?post=91868"}],"curies":[{"name":"wp","href":"https:\/\/api.w.org\/{rel}","templated":true}]}}