{"id":92061,"date":"2026-08-24T13:30:00","date_gmt":"2026-08-24T12:30:00","guid":{"rendered":"https:\/\/spaziospadoni.org\/?p=92061"},"modified":"2026-08-24T10:56:27","modified_gmt":"2026-08-24T09:56:27","slug":"dimanche-de-la-justice-en-inde-leglise-defend-les-plus-vulnerables","status":"publish","type":"post","link":"https:\/\/spaziospadoni.org\/fr\/dimanche-de-la-justice-en-inde-leglise-defend-les-plus-vulnerables\/","title":{"rendered":"Dimanche de la Justice en Inde : l&rsquo;\u00c9glise d\u00e9fend les plus vuln\u00e9rables"},"content":{"rendered":"\n<p class=\"wp-block-paragraph\">Hier, l&rsquo;\u00c9glise catholique en Inde a c\u00e9l\u00e9br\u00e9 le <strong>Dimanche de la Justice<\/strong>, un rendez-vous instaur\u00e9 en 1989 qui mobilise chaque ann\u00e9e les paroisses, les communaut\u00e9s et les mouvements \u00e0 travers tout le sous-continent. Inspir\u00e9e par les paroles du proph\u00e8te Isa\u00efe, cette journ\u00e9e s&rsquo;est articul\u00e9e autour du th\u00e8me \u00abLa justice commence par nous\u00bb. Elle a constitu\u00e9 un temps fort de pri\u00e8re, de discernement proph\u00e9tique et d&rsquo;engagement r\u00e9solu en faveur des plus d\u00e9munis, des personnes discrimin\u00e9es et de tous ceux priv\u00e9s de voix.<\/p>\n\n\n\n<h2 id=\"une-foi-incarnee-dans-laction-quotidienne\" class=\"wp-block-heading\">Une foi incarn\u00e9e dans l&rsquo;action quotidienne<\/h2>\n\n\n\n<p class=\"wp-block-paragraph\">Au cours des c\u00e9l\u00e9brations d&rsquo;hier, l&rsquo;Archev\u00eaque de Bangalore, Peter Machado, pr\u00e9sident du bureau \u00ab Justice, Paix et D\u00e9veloppement \u00bb de la Conf\u00e9rence des \u00e9v\u00eaques de l&rsquo;Inde (CBCI), a rappel\u00e9 avec force que le v\u00e9ritable culte rendu \u00e0 Dieu ne peut \u00eatre s\u00e9par\u00e9 de la justice quotidienne. Les fid\u00e8les ont \u00e9t\u00e9 invit\u00e9s \u00e0 d\u00e9passer la simple \u00abpi\u00e9t\u00e9 de fa\u00e7ade\u00bb pour devenir des artisans d&rsquo;\u00e9quit\u00e9 sociale. Les pasteurs ont r\u00e9affirm\u00e9 que la mission chr\u00e9tienne s&rsquo;accomplit en suivant le Christ, qui a rendu leur dignit\u00e9 aux exclus : \u00abApprenez \u00e0 faire le bien, recherchez la justice, secourez l&rsquo;opprim\u00e9, faites droit \u00e0 l&rsquo;orphelin, d\u00e9fendez la veuve\u00bb.<\/p>\n\n\n\n<p class=\"wp-block-paragraph\">Le Cardinal Anthony Poola a \u00e9galement soulign\u00e9 l&rsquo;imp\u00e9ratif de pr\u00e9server les principes constitutionnels d&rsquo;\u00e9galit\u00e9 et de la\u00efcit\u00e9, exprimant sa vive pr\u00e9occupation face aux actes d&rsquo;intimidation visant les minorit\u00e9s religieuses.<\/p>\n\n\n\n<h2 id=\"defendre-les-oeuvres-sociales-aupres-des-plus-pauvres\" class=\"wp-block-heading\">D\u00e9fendre les \u0153uvres sociales aupr\u00e8s des plus pauvres<\/h2>\n\n\n\n<p class=\"wp-block-paragraph\">La journ\u00e9e d&rsquo;hier s&rsquo;est d\u00e9roul\u00e9e dans un contexte l\u00e9gislatif d\u00e9licat. Les \u00e9v\u00eaques indiens ont manifest\u00e9 leur vive inqui\u00e9tude quant au projet de r\u00e9forme de la loi <em>Foreign Contribution Regulation Act<\/em> (FCRA), r\u00e9gissant les financements ext\u00e9rieurs accord\u00e9s aux organisations caritatives. Ces restrictions risquent de paralyser les dispensaires, \u00e9coles et programmes d&rsquo;assistance destin\u00e9s aux <strong>dalits<\/strong>, aux populations tribales et aux familles marginalis\u00e9es. L&rsquo;\u00c9glise r\u00e9clame des garanties pour que le service des plus d\u00e9munis ne soit pas entrav\u00e9 par des blocages administratifs ou des confiscations.<\/p>\n\n\n\n<p class=\"wp-block-paragraph\">Le p\u00e8re j\u00e9suite Cedric Prakash a \u00e9galement exhort\u00e9 les fid\u00e8les \u00e0 incarner une \u00abvoix proph\u00e9tique\u00bb face aux \u00abblessures ouvertes\u00bb de la soci\u00e9t\u00e9 : le syst\u00e8me des castes, la corruption, l&rsquo;exploitation des travailleurs pr\u00e9caires et les atteintes \u00e0 la \u00abjustice environnementale\u00bb.<\/p>\n\n\n\n<h2 id=\"une-responsabilite-partagee\" class=\"wp-block-heading\">Une responsabilit\u00e9 partag\u00e9e<\/h2>\n\n\n\n<p class=\"wp-block-paragraph\">Hier, la communaut\u00e9 eccl\u00e9siale a t\u00e9moign\u00e9 que l&rsquo;annonce de la foi est indissociable du combat pour la dignit\u00e9 humaine. Secourir les opprim\u00e9s et promouvoir la justice constituent le fondement m\u00eame des <strong>\u0153uvres de mis\u00e9ricorde<\/strong>. Face aux disparit\u00e9s, l&rsquo;engagement demeure intact : demeurer aux c\u00f4t\u00e9s de ceux qui souffrent, pr\u00e9server la dignit\u00e9 humaine et faire grandir la fraternit\u00e9.<\/p>\n\n\n\n<p class=\"wp-block-paragraph\"><strong>Image cr\u00e9\u00e9e num\u00e9riquement par spazio + spadoni<\/strong><\/p>\n\n\n\n<p class=\"wp-block-paragraph\"><strong>Source:<\/strong> <a href=\"https:\/\/www.fides.org\/it\/news\/78073-ASIA_INDIA_Domenica_della_Giustizia_la_comunita_cattolica_difende_i_poveri_e_chiede_garanzie_sulla_legge_per_i_finanziamenti_dall_estero\" target=\"_blank\" rel=\"noreferrer noopener nofollow\" title=\"Agenzia Fides\">Agenzia Fides<\/a><\/p>\n","protected":false},"excerpt":{"rendered":"<p>Hier, l&rsquo;\u00c9glise catholique en Inde a c\u00e9l\u00e9br\u00e9 le Dimanche de la Justice, un rendez-vous instaur\u00e9 en 1989 qui mobilise chaque ann\u00e9e les paroisses, les communaut\u00e9s et les mouvements \u00e0 travers tout le sous-continent. Inspir\u00e9e par les paroles du proph\u00e8te Isa\u00efe, cette journ\u00e9e s&rsquo;est articul\u00e9e autour du th\u00e8me \u00abLa justice commence par nous\u00bb. Elle a constitu\u00e9 &#8230; <a title=\"Dimanche de la Justice en Inde : l&rsquo;\u00c9glise d\u00e9fend les plus vuln\u00e9rables\" class=\"read-more\" href=\"https:\/\/spaziospadoni.org\/fr\/dimanche-de-la-justice-en-inde-leglise-defend-les-plus-vulnerables\/\" aria-label=\"Read more about Dimanche de la Justice en Inde : l&rsquo;\u00c9glise d\u00e9fend les plus vuln\u00e9rables\">Lire plus<\/a><\/p>\n","protected":false},"author":79,"featured_media":92060,"comment_status":"closed","ping_status":"closed","sticky":false,"template":"","format":"standard","meta":{"_sitemap_exclude":false,"_sitemap_priority":"","_sitemap_frequency":"","ss_featured_image_title":"","ss_featured_image_alt":"\u00ab Dimanche de la Justice \u00bb en Inde","ss_featured_image_caption":"Francese\nL\u2019\u00c9glise en Inde est proche de ceux qui subissent des injustices. Cette proximit\u00e9 s\u2019exprime \u00e9galement \u00e0 travers la proposition du \u00ab Dimanche de la Justice \u00bb.","footnotes":""},"categories":[2300],"tags":[2680,3064,2818],"class_list":["post-92061","post","type-post","status-publish","format-standard","has-post-thumbnail","hentry","category-leglise-qui-inspire","tag-eglise","tag-inde","tag-justice-fr","infinite-scroll-item","generate-columns","tablet-grid-50","mobile-grid-100","grid-parent","grid-50"],"yoast_head":"<!-- This site is optimized with the Yoast SEO plugin v28.4 - https:\/\/yoast.com\/product\/yoast-seo-wordpress\/ -->\n<title>Dimanche de la Justice en Inde et d\u00e9fense des pauvres<\/title>\n<meta name=\"description\" content=\"L&#039;\u00c9glise en Inde a c\u00e9l\u00e9br\u00e9 le Dimanche de la Justice, renouvelant son engagement aupr\u00e8s des pauvres et d\u00e9fendant ses \u0153uvres caritatives.\" \/>\n<meta name=\"robots\" content=\"index, follow, max-snippet:-1, max-image-preview:large, max-video-preview:-1\" \/>\n<link rel=\"canonical\" href=\"https:\/\/spaziospadoni.org\/fr\/dimanche-de-la-justice-en-inde-leglise-defend-les-plus-vulnerables\/\" \/>\n<meta property=\"og:locale\" content=\"fr_FR\" \/>\n<meta property=\"og:type\" content=\"article\" \/>\n<meta property=\"og:title\" content=\"Dimanche de la Justice en Inde et d\u00e9fense des pauvres\" \/>\n<meta property=\"og:description\" content=\"L&#039;\u00c9glise en Inde a c\u00e9l\u00e9br\u00e9 le Dimanche de la Justice, renouvelant son engagement aupr\u00e8s des pauvres et d\u00e9fendant ses \u0153uvres caritatives.\" \/>\n<meta property=\"og:url\" content=\"https:\/\/spaziospadoni.org\/fr\/dimanche-de-la-justice-en-inde-leglise-defend-les-plus-vulnerables\/\" \/>\n<meta property=\"og:site_name\" content=\"spazio + spadoni\" \/>\n<meta property=\"article:publisher\" content=\"https:\/\/www.facebook.com\/SpazioSpadoni\/\" \/>\n<meta property=\"article:published_time\" content=\"2026-08-24T12:30:00+00:00\" \/>\n<meta property=\"og:image\" content=\"https:\/\/spaziospadoni.org\/wp-content\/uploads\/2026\/08\/india-chiesa-domenica-giustizia.webp\" \/>\n\t<meta property=\"og:image:width\" content=\"1200\" \/>\n\t<meta property=\"og:image:height\" content=\"670\" \/>\n\t<meta property=\"og:image:type\" content=\"image\/webp\" \/>\n<meta name=\"author\" content=\"Ze Vong\" \/>\n<meta name=\"twitter:card\" content=\"summary_large_image\" \/>\n<meta name=\"twitter:label1\" content=\"\u00c9crit par\" \/>\n\t<meta name=\"twitter:data1\" content=\"Ze Vong\" \/>\n\t<meta name=\"twitter:label2\" content=\"Est. reading time\" \/>\n\t<meta name=\"twitter:data2\" content=\"3 minutes\" \/>\n<script type=\"application\/ld+json\" class=\"yoast-schema-graph\">{\"@context\":\"https:\\\/\\\/schema.org\",\"@graph\":[{\"@type\":\"Article\",\"@id\":\"https:\\\/\\\/spaziospadoni.org\\\/fr\\\/dimanche-de-la-justice-en-inde-leglise-defend-les-plus-vulnerables\\\/#article\",\"isPartOf\":{\"@id\":\"https:\\\/\\\/spaziospadoni.org\\\/fr\\\/dimanche-de-la-justice-en-inde-leglise-defend-les-plus-vulnerables\\\/\"},\"author\":{\"name\":\"Ze Vong\",\"@id\":\"https:\\\/\\\/spaziospadoni.org\\\/fr\\\/#\\\/schema\\\/person\\\/cbb22a23077795e7401bdda2d1c82e35\"},\"headline\":\"Dimanche de la Justice en Inde : l&rsquo;\u00c9glise d\u00e9fend les plus vuln\u00e9rables\",\"datePublished\":\"2026-08-24T12:30:00+00:00\",\"mainEntityOfPage\":{\"@id\":\"https:\\\/\\\/spaziospadoni.org\\\/fr\\\/dimanche-de-la-justice-en-inde-leglise-defend-les-plus-vulnerables\\\/\"},\"wordCount\":514,\"publisher\":{\"@id\":\"https:\\\/\\\/spaziospadoni.org\\\/fr\\\/#organization\"},\"image\":{\"@id\":\"https:\\\/\\\/spaziospadoni.org\\\/fr\\\/dimanche-de-la-justice-en-inde-leglise-defend-les-plus-vulnerables\\\/#primaryimage\"},\"thumbnailUrl\":\"https:\\\/\\\/spaziospadoni.org\\\/wp-content\\\/uploads\\\/2026\\\/08\\\/india-chiesa-domenica-giustizia.webp\",\"keywords\":[\"\u00c9glise\",\"Inde\",\"justice\"],\"articleSection\":[\"L'\u00c9glise qui inspire\"],\"inLanguage\":\"fr-FR\"},{\"@type\":\"WebPage\",\"@id\":\"https:\\\/\\\/spaziospadoni.org\\\/fr\\\/dimanche-de-la-justice-en-inde-leglise-defend-les-plus-vulnerables\\\/\",\"url\":\"https:\\\/\\\/spaziospadoni.org\\\/fr\\\/dimanche-de-la-justice-en-inde-leglise-defend-les-plus-vulnerables\\\/\",\"name\":\"Dimanche de la Justice en Inde et d\u00e9fense des pauvres\",\"isPartOf\":{\"@id\":\"https:\\\/\\\/spaziospadoni.org\\\/fr\\\/#website\"},\"primaryImageOfPage\":{\"@id\":\"https:\\\/\\\/spaziospadoni.org\\\/fr\\\/dimanche-de-la-justice-en-inde-leglise-defend-les-plus-vulnerables\\\/#primaryimage\"},\"image\":{\"@id\":\"https:\\\/\\\/spaziospadoni.org\\\/fr\\\/dimanche-de-la-justice-en-inde-leglise-defend-les-plus-vulnerables\\\/#primaryimage\"},\"thumbnailUrl\":\"https:\\\/\\\/spaziospadoni.org\\\/wp-content\\\/uploads\\\/2026\\\/08\\\/india-chiesa-domenica-giustizia.webp\",\"datePublished\":\"2026-08-24T12:30:00+00:00\",\"description\":\"L'\u00c9glise en Inde a c\u00e9l\u00e9br\u00e9 le Dimanche de la Justice, renouvelant son engagement aupr\u00e8s des pauvres et d\u00e9fendant ses \u0153uvres caritatives.\",\"breadcrumb\":{\"@id\":\"https:\\\/\\\/spaziospadoni.org\\\/fr\\\/dimanche-de-la-justice-en-inde-leglise-defend-les-plus-vulnerables\\\/#breadcrumb\"},\"inLanguage\":\"fr-FR\",\"potentialAction\":[{\"@type\":\"ReadAction\",\"target\":[\"https:\\\/\\\/spaziospadoni.org\\\/fr\\\/dimanche-de-la-justice-en-inde-leglise-defend-les-plus-vulnerables\\\/\"]}]},{\"@type\":\"ImageObject\",\"inLanguage\":\"fr-FR\",\"@id\":\"https:\\\/\\\/spaziospadoni.org\\\/fr\\\/dimanche-de-la-justice-en-inde-leglise-defend-les-plus-vulnerables\\\/#primaryimage\",\"url\":\"https:\\\/\\\/spaziospadoni.org\\\/wp-content\\\/uploads\\\/2026\\\/08\\\/india-chiesa-domenica-giustizia.webp\",\"contentUrl\":\"https:\\\/\\\/spaziospadoni.org\\\/wp-content\\\/uploads\\\/2026\\\/08\\\/india-chiesa-domenica-giustizia.webp\",\"width\":1200,\"height\":670,\"caption\":\"Francese L\u2019\u00c9glise en Inde est proche de ceux qui subissent des injustices. Cette proximit\u00e9 s\u2019exprime \u00e9galement \u00e0 travers la proposition du \u00ab Dimanche de la Justice \u00bb.\"},{\"@type\":\"BreadcrumbList\",\"@id\":\"https:\\\/\\\/spaziospadoni.org\\\/fr\\\/dimanche-de-la-justice-en-inde-leglise-defend-les-plus-vulnerables\\\/#breadcrumb\",\"itemListElement\":[{\"@type\":\"ListItem\",\"position\":1,\"name\":\"Home\",\"item\":\"https:\\\/\\\/spaziospadoni.org\\\/fr\\\/\"},{\"@type\":\"ListItem\",\"position\":2,\"name\":\"Dimanche de la Justice en Inde : l&#8217;\u00c9glise d\u00e9fend les plus vuln\u00e9rables\"}]},{\"@type\":\"WebSite\",\"@id\":\"https:\\\/\\\/spaziospadoni.org\\\/fr\\\/#website\",\"url\":\"https:\\\/\\\/spaziospadoni.org\\\/fr\\\/\",\"name\":\"spazio + spadoni\",\"description\":\"Generazione di misericordia e missione nel mondo\",\"publisher\":{\"@id\":\"https:\\\/\\\/spaziospadoni.org\\\/fr\\\/#organization\"},\"alternateName\":\"spaziospadoni.org\",\"potentialAction\":[{\"@type\":\"SearchAction\",\"target\":{\"@type\":\"EntryPoint\",\"urlTemplate\":\"https:\\\/\\\/spaziospadoni.org\\\/fr\\\/?s={search_term_string}\"},\"query-input\":{\"@type\":\"PropertyValueSpecification\",\"valueRequired\":true,\"valueName\":\"search_term_string\"}}],\"inLanguage\":\"fr-FR\"},{\"@type\":\"Organization\",\"@id\":\"https:\\\/\\\/spaziospadoni.org\\\/fr\\\/#organization\",\"name\":\"spazio + spadoni\",\"alternateName\":\"spaziospadoni.org\",\"url\":\"https:\\\/\\\/spaziospadoni.org\\\/fr\\\/\",\"logo\":{\"@type\":\"ImageObject\",\"inLanguage\":\"fr-FR\",\"@id\":\"https:\\\/\\\/spaziospadoni.org\\\/fr\\\/#\\\/schema\\\/logo\\\/image\\\/\",\"url\":\"https:\\\/\\\/spaziospadoni.org\\\/wp-content\\\/uploads\\\/2026\\\/05\\\/spazio-spadoni-logo-100x100-1.webp\",\"contentUrl\":\"https:\\\/\\\/spaziospadoni.org\\\/wp-content\\\/uploads\\\/2026\\\/05\\\/spazio-spadoni-logo-100x100-1.webp\",\"width\":100,\"height\":100,\"caption\":\"spazio + spadoni\"},\"image\":{\"@id\":\"https:\\\/\\\/spaziospadoni.org\\\/fr\\\/#\\\/schema\\\/logo\\\/image\\\/\"},\"sameAs\":[\"https:\\\/\\\/www.facebook.com\\\/SpazioSpadoni\\\/\",\"https:\\\/\\\/www.instagram.com\\\/spaziospadoni\\\/\",\"https:\\\/\\\/www.youtube.com\\\/@spaziospadoni\\\/playlists\"]},{\"@type\":\"Person\",\"@id\":\"https:\\\/\\\/spaziospadoni.org\\\/fr\\\/#\\\/schema\\\/person\\\/cbb22a23077795e7401bdda2d1c82e35\",\"name\":\"Ze Vong\",\"image\":{\"@type\":\"ImageObject\",\"inLanguage\":\"fr-FR\",\"@id\":\"https:\\\/\\\/secure.gravatar.com\\\/avatar\\\/dccfb8e47b405e5307fecff6a120c8d753077e4604b5c1e86d1c81219292dc84?s=96&d=mm&r=g\",\"url\":\"https:\\\/\\\/secure.gravatar.com\\\/avatar\\\/dccfb8e47b405e5307fecff6a120c8d753077e4604b5c1e86d1c81219292dc84?s=96&d=mm&r=g\",\"contentUrl\":\"https:\\\/\\\/secure.gravatar.com\\\/avatar\\\/dccfb8e47b405e5307fecff6a120c8d753077e4604b5c1e86d1c81219292dc84?s=96&d=mm&r=g\",\"caption\":\"Ze Vong\"},\"description\":\"Jeune Timorais n\u00e9 il y a 23 ans dans la p\u00e9riph\u00e9rie de la capitale Dili, il a connu de pr\u00e8s les difficult\u00e9s d\u2019acc\u00e8s \u00e0 l\u2019\u00e9ducation et \u00e0 la sant\u00e9, mais c\u2019est pr\u00e9cis\u00e9ment de ces blessures sociales qu\u2019il a puis\u00e9 la force de devenir aujourd\u2019hui tr\u00e8s actif dans le b\u00e9n\u00e9volat et les \u0153uvres de mis\u00e9ricorde.\",\"url\":\"https:\\\/\\\/spaziospadoni.org\\\/fr\\\/author\\\/vong_mission\\\/\"}]}<\/script>\n<!-- \/ Yoast SEO plugin. -->","yoast_head_json":{"title":"Dimanche de la Justice en Inde et d\u00e9fense des pauvres","description":"L'\u00c9glise en Inde a c\u00e9l\u00e9br\u00e9 le Dimanche de la Justice, renouvelant son engagement aupr\u00e8s des pauvres et d\u00e9fendant ses \u0153uvres caritatives.","robots":{"index":"index","follow":"follow","max-snippet":"max-snippet:-1","max-image-preview":"max-image-preview:large","max-video-preview":"max-video-preview:-1"},"canonical":"https:\/\/spaziospadoni.org\/fr\/dimanche-de-la-justice-en-inde-leglise-defend-les-plus-vulnerables\/","og_locale":"fr_FR","og_type":"article","og_title":"Dimanche de la Justice en Inde et d\u00e9fense des pauvres","og_description":"L'\u00c9glise en Inde a c\u00e9l\u00e9br\u00e9 le Dimanche de la Justice, renouvelant son engagement aupr\u00e8s des pauvres et d\u00e9fendant ses \u0153uvres caritatives.","og_url":"https:\/\/spaziospadoni.org\/fr\/dimanche-de-la-justice-en-inde-leglise-defend-les-plus-vulnerables\/","og_site_name":"spazio + spadoni","article_publisher":"https:\/\/www.facebook.com\/SpazioSpadoni\/","article_published_time":"2026-08-24T12:30:00+00:00","og_image":[{"width":1200,"height":670,"url":"https:\/\/spaziospadoni.org\/wp-content\/uploads\/2026\/08\/india-chiesa-domenica-giustizia.webp","type":"image\/webp"}],"author":"Ze Vong","twitter_card":"summary_large_image","twitter_misc":{"\u00c9crit par":"Ze Vong","Est. reading time":"3 minutes"},"schema":{"@context":"https:\/\/schema.org","@graph":[{"@type":"Article","@id":"https:\/\/spaziospadoni.org\/fr\/dimanche-de-la-justice-en-inde-leglise-defend-les-plus-vulnerables\/#article","isPartOf":{"@id":"https:\/\/spaziospadoni.org\/fr\/dimanche-de-la-justice-en-inde-leglise-defend-les-plus-vulnerables\/"},"author":{"name":"Ze Vong","@id":"https:\/\/spaziospadoni.org\/fr\/#\/schema\/person\/cbb22a23077795e7401bdda2d1c82e35"},"headline":"Dimanche de la Justice en Inde : l&rsquo;\u00c9glise d\u00e9fend les plus vuln\u00e9rables","datePublished":"2026-08-24T12:30:00+00:00","mainEntityOfPage":{"@id":"https:\/\/spaziospadoni.org\/fr\/dimanche-de-la-justice-en-inde-leglise-defend-les-plus-vulnerables\/"},"wordCount":514,"publisher":{"@id":"https:\/\/spaziospadoni.org\/fr\/#organization"},"image":{"@id":"https:\/\/spaziospadoni.org\/fr\/dimanche-de-la-justice-en-inde-leglise-defend-les-plus-vulnerables\/#primaryimage"},"thumbnailUrl":"https:\/\/spaziospadoni.org\/wp-content\/uploads\/2026\/08\/india-chiesa-domenica-giustizia.webp","keywords":["\u00c9glise","Inde","justice"],"articleSection":["L'\u00c9glise qui inspire"],"inLanguage":"fr-FR"},{"@type":"WebPage","@id":"https:\/\/spaziospadoni.org\/fr\/dimanche-de-la-justice-en-inde-leglise-defend-les-plus-vulnerables\/","url":"https:\/\/spaziospadoni.org\/fr\/dimanche-de-la-justice-en-inde-leglise-defend-les-plus-vulnerables\/","name":"Dimanche de la Justice en Inde et d\u00e9fense des pauvres","isPartOf":{"@id":"https:\/\/spaziospadoni.org\/fr\/#website"},"primaryImageOfPage":{"@id":"https:\/\/spaziospadoni.org\/fr\/dimanche-de-la-justice-en-inde-leglise-defend-les-plus-vulnerables\/#primaryimage"},"image":{"@id":"https:\/\/spaziospadoni.org\/fr\/dimanche-de-la-justice-en-inde-leglise-defend-les-plus-vulnerables\/#primaryimage"},"thumbnailUrl":"https:\/\/spaziospadoni.org\/wp-content\/uploads\/2026\/08\/india-chiesa-domenica-giustizia.webp","datePublished":"2026-08-24T12:30:00+00:00","description":"L'\u00c9glise en Inde a c\u00e9l\u00e9br\u00e9 le Dimanche de la Justice, renouvelant son engagement aupr\u00e8s des pauvres et d\u00e9fendant ses \u0153uvres caritatives.","breadcrumb":{"@id":"https:\/\/spaziospadoni.org\/fr\/dimanche-de-la-justice-en-inde-leglise-defend-les-plus-vulnerables\/#breadcrumb"},"inLanguage":"fr-FR","potentialAction":[{"@type":"ReadAction","target":["https:\/\/spaziospadoni.org\/fr\/dimanche-de-la-justice-en-inde-leglise-defend-les-plus-vulnerables\/"]}]},{"@type":"ImageObject","inLanguage":"fr-FR","@id":"https:\/\/spaziospadoni.org\/fr\/dimanche-de-la-justice-en-inde-leglise-defend-les-plus-vulnerables\/#primaryimage","url":"https:\/\/spaziospadoni.org\/wp-content\/uploads\/2026\/08\/india-chiesa-domenica-giustizia.webp","contentUrl":"https:\/\/spaziospadoni.org\/wp-content\/uploads\/2026\/08\/india-chiesa-domenica-giustizia.webp","width":1200,"height":670,"caption":"Francese L\u2019\u00c9glise en Inde est proche de ceux qui subissent des injustices. Cette proximit\u00e9 s\u2019exprime \u00e9galement \u00e0 travers la proposition du \u00ab Dimanche de la Justice \u00bb."},{"@type":"BreadcrumbList","@id":"https:\/\/spaziospadoni.org\/fr\/dimanche-de-la-justice-en-inde-leglise-defend-les-plus-vulnerables\/#breadcrumb","itemListElement":[{"@type":"ListItem","position":1,"name":"Home","item":"https:\/\/spaziospadoni.org\/fr\/"},{"@type":"ListItem","position":2,"name":"Dimanche de la Justice en Inde : l&#8217;\u00c9glise d\u00e9fend les plus vuln\u00e9rables"}]},{"@type":"WebSite","@id":"https:\/\/spaziospadoni.org\/fr\/#website","url":"https:\/\/spaziospadoni.org\/fr\/","name":"spazio + spadoni","description":"Generazione di misericordia e missione nel mondo","publisher":{"@id":"https:\/\/spaziospadoni.org\/fr\/#organization"},"alternateName":"spaziospadoni.org","potentialAction":[{"@type":"SearchAction","target":{"@type":"EntryPoint","urlTemplate":"https:\/\/spaziospadoni.org\/fr\/?s={search_term_string}"},"query-input":{"@type":"PropertyValueSpecification","valueRequired":true,"valueName":"search_term_string"}}],"inLanguage":"fr-FR"},{"@type":"Organization","@id":"https:\/\/spaziospadoni.org\/fr\/#organization","name":"spazio + spadoni","alternateName":"spaziospadoni.org","url":"https:\/\/spaziospadoni.org\/fr\/","logo":{"@type":"ImageObject","inLanguage":"fr-FR","@id":"https:\/\/spaziospadoni.org\/fr\/#\/schema\/logo\/image\/","url":"https:\/\/spaziospadoni.org\/wp-content\/uploads\/2026\/05\/spazio-spadoni-logo-100x100-1.webp","contentUrl":"https:\/\/spaziospadoni.org\/wp-content\/uploads\/2026\/05\/spazio-spadoni-logo-100x100-1.webp","width":100,"height":100,"caption":"spazio + spadoni"},"image":{"@id":"https:\/\/spaziospadoni.org\/fr\/#\/schema\/logo\/image\/"},"sameAs":["https:\/\/www.facebook.com\/SpazioSpadoni\/","https:\/\/www.instagram.com\/spaziospadoni\/","https:\/\/www.youtube.com\/@spaziospadoni\/playlists"]},{"@type":"Person","@id":"https:\/\/spaziospadoni.org\/fr\/#\/schema\/person\/cbb22a23077795e7401bdda2d1c82e35","name":"Ze Vong","image":{"@type":"ImageObject","inLanguage":"fr-FR","@id":"https:\/\/secure.gravatar.com\/avatar\/dccfb8e47b405e5307fecff6a120c8d753077e4604b5c1e86d1c81219292dc84?s=96&d=mm&r=g","url":"https:\/\/secure.gravatar.com\/avatar\/dccfb8e47b405e5307fecff6a120c8d753077e4604b5c1e86d1c81219292dc84?s=96&d=mm&r=g","contentUrl":"https:\/\/secure.gravatar.com\/avatar\/dccfb8e47b405e5307fecff6a120c8d753077e4604b5c1e86d1c81219292dc84?s=96&d=mm&r=g","caption":"Ze Vong"},"description":"Jeune Timorais n\u00e9 il y a 23 ans dans la p\u00e9riph\u00e9rie de la capitale Dili, il a connu de pr\u00e8s les difficult\u00e9s d\u2019acc\u00e8s \u00e0 l\u2019\u00e9ducation et \u00e0 la sant\u00e9, mais c\u2019est pr\u00e9cis\u00e9ment de ces blessures sociales qu\u2019il a puis\u00e9 la force de devenir aujourd\u2019hui tr\u00e8s actif dans le b\u00e9n\u00e9volat et les \u0153uvres de mis\u00e9ricorde.","url":"https:\/\/spaziospadoni.org\/fr\/author\/vong_mission\/"}]}},"_links":{"self":[{"href":"https:\/\/spaziospadoni.org\/fr\/wp-json\/wp\/v2\/posts\/92061","targetHints":{"allow":["GET"]}}],"collection":[{"href":"https:\/\/spaziospadoni.org\/fr\/wp-json\/wp\/v2\/posts"}],"about":[{"href":"https:\/\/spaziospadoni.org\/fr\/wp-json\/wp\/v2\/types\/post"}],"author":[{"embeddable":true,"href":"https:\/\/spaziospadoni.org\/fr\/wp-json\/wp\/v2\/users\/79"}],"replies":[{"embeddable":true,"href":"https:\/\/spaziospadoni.org\/fr\/wp-json\/wp\/v2\/comments?post=92061"}],"version-history":[{"count":1,"href":"https:\/\/spaziospadoni.org\/fr\/wp-json\/wp\/v2\/posts\/92061\/revisions"}],"predecessor-version":[{"id":92062,"href":"https:\/\/spaziospadoni.org\/fr\/wp-json\/wp\/v2\/posts\/92061\/revisions\/92062"}],"wp:featuredmedia":[{"embeddable":true,"href":"https:\/\/spaziospadoni.org\/fr\/wp-json\/wp\/v2\/media\/92060"}],"wp:attachment":[{"href":"https:\/\/spaziospadoni.org\/fr\/wp-json\/wp\/v2\/media?parent=92061"}],"wp:term":[{"taxonomy":"category","embeddable":true,"href":"https:\/\/spaziospadoni.org\/fr\/wp-json\/wp\/v2\/categories?post=92061"},{"taxonomy":"post_tag","embeddable":true,"href":"https:\/\/spaziospadoni.org\/fr\/wp-json\/wp\/v2\/tags?post=92061"}],"curies":[{"name":"wp","href":"https:\/\/api.w.org\/{rel}","templated":true}]}}