{"id":92429,"date":"2026-08-26T07:00:00","date_gmt":"2026-08-26T06:00:00","guid":{"rendered":"https:\/\/spaziospadoni.org\/?p=92429"},"modified":"2026-08-26T09:00:06","modified_gmt":"2026-08-26T08:00:06","slug":"amerique-republique-dominicaine-les-potagers-familiaux-qui-nourrissent-la-communaute","status":"publish","type":"post","link":"https:\/\/spaziospadoni.org\/fr\/amerique-republique-dominicaine-les-potagers-familiaux-qui-nourrissent-la-communaute\/","title":{"rendered":"Am\u00e9rique, R\u00e9publique dominicaine | Les potagers familiaux qui nourrissent la communaut\u00e9"},"content":{"rendered":"\n<p class=\"has-contrast-3-color has-text-color has-link-color wp-elements-1 wp-block-paragraph\"><em>Aujourd&rsquo;hui, je vous pr\u00e9sente un projet de potagers communautaires r\u00e9alis\u00e9 dans la communaut\u00e9 de La Pe\u00f1a, \u00e0 San Juan de la Maguana (R\u00e9publique dominicaine).<br>L&rsquo;auteure est Luc\u00eda Alejandre Javier, ing\u00e9nieure agronome et missionnaire de la Communaut\u00e9 missionnaire de Villaregia bas\u00e9e \u00e0 Texoco (Mexique) qui, apr\u00e8s avoir prononc\u00e9 ses premiers v\u0153ux en juin, a pass\u00e9 un mois avec nous dans la mission que nous menons \u00e0 San Juan de la Maguana.<\/em><\/p>\n\n\n\n<p class=\"has-text-align-right wp-block-paragraph\">(<em>de Luc\u00eda Alejandre Javier)<\/em><\/p>\n\n\n\n<p class=\"wp-block-paragraph\">L\u2019Organisation des Nations unies pour l\u2019alimentation et l\u2019agriculture (FAO) publie chaque ann\u00e9e le rapport sur l\u2019\u00e9tat de la s\u00e9curit\u00e9 alimentaire et de la nutrition dans le monde. Le rapport relatif \u00e0 2025 souligne combien l\u2019inflation \u00e9lev\u00e9e a r\u00e9duit le pouvoir d\u2019achat dans de nombreux pays et, surtout parmi les populations \u00e0 faibles revenus, a compromis l\u2019acc\u00e8s \u00e0 une alimentation saine.<\/p>\n\n\n\n<p class=\"wp-block-paragraph\">En R\u00e9publique dominicaine, la pr\u00e9valence de l\u2019<strong>ins\u00e9curit\u00e9 alimentaire<\/strong> mod\u00e9r\u00e9e ou grave atteint <strong>43,8 % de la population totale<\/strong>. C\u2019est pourquoi les projets visant \u00e0 encourager l\u2019adoption de technologies favorisant l\u2019acc\u00e8s \u00e0 une alimentation \u00e9quilibr\u00e9e et \u00e9conomiquement durable rev\u00eatent une importance fondamentale.<\/p>\n\n\n\n<p class=\"wp-block-paragraph\">Depuis un peu plus d\u2019un an, la <strong>Communaut\u00e9 missionnaire de Villaregia<\/strong>, aux c\u00f4t\u00e9s de la Fondation pour le d\u00e9veloppement des provinces d\u2019Azua, San Juan et El\u00edas Pi\u00f1a (FUNDASEP, du dioc\u00e8se de San Juan de la Maguana), promeut la cr\u00e9ation de potagers familiaux.<\/p>\n\n\n\n<p class=\"wp-block-paragraph\">Les potagers sont des espaces d\u2019environ 30 m\u00b2, situ\u00e9s pr\u00e8s des habitations, afin que les hommes comme les femmes puissent s\u2019en occuper dans le cadre de leurs activit\u00e9s quotidiennes. Dans ces potagers, cependant, on ne cultive pas seulement des aubergines, des tomates, des oignons, des betteraves et des carottes ; on cultive aussi des relations et on renforce la communaut\u00e9.<\/p>\n\n\n\n<p class=\"wp-block-paragraph\">Gr\u00e2ce aux rencontres avec les participants au projet, des activit\u00e9s de formation sont organis\u00e9es, le soutien mutuel est encourag\u00e9 et l\u2019\u00e9change d\u2019exp\u00e9riences et de connaissances entre les personnes les plus exp\u00e9riment\u00e9es est favoris\u00e9.<\/p>\n\n\n\n<p class=\"wp-block-paragraph\">Le projet repr\u00e9sente \u00e9galement une source de grande satisfaction pour les personnes assurant les activit\u00e9s de formation. L\u2019ing\u00e9nieure agronome Odrys nous confie : <\/p>\n\n\n\n<blockquote class=\"wp-block-quote is-layout-flow wp-block-quote-is-layout-flow\">\n<p class=\"wp-block-paragraph\"><em>\u00ab On m\u2019a propos\u00e9 d\u2019autres emplois o\u00f9 j\u2019aurais peut-\u00eatre gagn\u00e9 un peu plus, mais je n\u2019\u00e9changerais pour rien au monde la joie de voir grandir les personnes que nous soutenons \u00e0 travers des projets agroalimentaires dans les provinces les plus pauvres de ma r\u00e9gion \u00bb.<\/em><\/p>\n<\/blockquote>\n\n\n\n<p class=\"wp-block-paragraph\">Gr\u00e2ce aux connaissances scientifiques et pratiques de formatrices comme Odrys, associ\u00e9es \u00e0 leur grande sensibilit\u00e9 humaine, le projet devient une r\u00e9f\u00e9rence pour l\u2019introduction progressive de pratiques de production de l\u00e9gumes et de diversification des cultures. Ces pratiques peuvent contribuer \u00e0 <strong>am\u00e9liorer la qualit\u00e9 de l\u2019alimentation des familles<\/strong>, garantissant l\u2019acc\u00e8s \u00e0 des aliments vari\u00e9s et nutritifs \u00e0 faible co\u00fbt.<\/p>\n\n\n\n<p class=\"wp-block-paragraph\">Bien que les potagers soient de taille modeste, ils constituent un formidable r\u00e9seau de valeurs qui, pas \u00e0 pas et gr\u00e2ce au t\u00e9moignage des participants, devient le germe d\u2019une exp\u00e9rience contribuant \u00e0 renforcer la s\u00e9curit\u00e9 alimentaire du \u00ab grenier du Sud \u00bb.<\/p>\n\n\n\n<p class=\"wp-block-paragraph\"><strong>Photo de Rita Usai<\/strong><\/p>\n\n\n\n<p class=\"wp-block-paragraph\"><\/p>\n","protected":false},"excerpt":{"rendered":"<p>Aujourd&rsquo;hui, je vous pr\u00e9sente un projet de potagers communautaires r\u00e9alis\u00e9 dans la communaut\u00e9 de La Pe\u00f1a, \u00e0 San Juan de la Maguana (R\u00e9publique dominicaine).L&rsquo;auteure est Luc\u00eda Alejandre Javier, ing\u00e9nieure agronome et missionnaire de la Communaut\u00e9 missionnaire de Villaregia bas\u00e9e \u00e0 Texoco (Mexique) qui, apr\u00e8s avoir prononc\u00e9 ses premiers v\u0153ux en juin, a pass\u00e9 un mois &#8230; <a title=\"Am\u00e9rique, R\u00e9publique dominicaine | Les potagers familiaux qui nourrissent la communaut\u00e9\" class=\"read-more\" href=\"https:\/\/spaziospadoni.org\/fr\/amerique-republique-dominicaine-les-potagers-familiaux-qui-nourrissent-la-communaute\/\" aria-label=\"Read more about Am\u00e9rique, R\u00e9publique dominicaine | Les potagers familiaux qui nourrissent la communaut\u00e9\">Lire plus<\/a><\/p>\n","protected":false},"author":68,"featured_media":92427,"comment_status":"closed","ping_status":"closed","sticky":false,"template":"","format":"standard","meta":{"_sitemap_exclude":false,"_sitemap_priority":"","_sitemap_frequency":"","ss_featured_image_title":"","ss_featured_image_alt":"Projet de jardins communautaires \u00e0 San Juan de la Maguana","ss_featured_image_caption":"Le projet de jardins communautaires a impliqu\u00e9 les habitants de La Pe\u00f1a, \u00e0 San Juan de la Maguana (R\u00e9publique dominicaine).","footnotes":""},"categories":[2276],"tags":[4509,2890,2281,10903],"class_list":["post-92429","post","type-post","status-publish","format-standard","has-post-thumbnail","hentry","category-espace-missionnaire","tag-agriculture-fr","tag-communaute","tag-experience-missionnaire","tag-republique-dominicaine","infinite-scroll-item","generate-columns","tablet-grid-50","mobile-grid-100","grid-parent","grid-50"],"yoast_head":"<!-- This site is optimized with the Yoast SEO plugin v28.4 - https:\/\/yoast.com\/product\/yoast-seo-wordpress\/ -->\n<title>Am\u00e9rique, R\u00e9publique dominicaine | Potagers familiaux solidaires<\/title>\n<meta name=\"description\" content=\"En R\u00e9publique dominicaine, les potagers familiaux de San Juan de la Maguana renforcent la s\u00e9curit\u00e9 alimentaire et unissent la communaut\u00e9.\" \/>\n<meta name=\"robots\" content=\"index, follow, max-snippet:-1, max-image-preview:large, max-video-preview:-1\" \/>\n<link rel=\"canonical\" href=\"https:\/\/spaziospadoni.org\/fr\/amerique-republique-dominicaine-les-potagers-familiaux-qui-nourrissent-la-communaute\/\" \/>\n<meta property=\"og:locale\" content=\"fr_FR\" \/>\n<meta property=\"og:type\" content=\"article\" \/>\n<meta property=\"og:title\" content=\"Am\u00e9rique, R\u00e9publique dominicaine | Potagers familiaux solidaires\" \/>\n<meta property=\"og:description\" content=\"En R\u00e9publique dominicaine, les potagers familiaux de San Juan de la Maguana renforcent la s\u00e9curit\u00e9 alimentaire et unissent la communaut\u00e9.\" \/>\n<meta property=\"og:url\" content=\"https:\/\/spaziospadoni.org\/fr\/amerique-republique-dominicaine-les-potagers-familiaux-qui-nourrissent-la-communaute\/\" \/>\n<meta property=\"og:site_name\" content=\"spazio + spadoni\" \/>\n<meta property=\"article:publisher\" content=\"https:\/\/www.facebook.com\/SpazioSpadoni\/\" \/>\n<meta property=\"article:published_time\" content=\"2026-08-26T06:00:00+00:00\" \/>\n<meta property=\"article:modified_time\" content=\"2026-08-26T08:00:06+00:00\" \/>\n<meta property=\"og:image\" content=\"https:\/\/spaziospadoni.org\/wp-content\/uploads\/2026\/08\/orti-comunitari-repubblica-dominicana.webp\" \/>\n\t<meta property=\"og:image:width\" content=\"1200\" \/>\n\t<meta property=\"og:image:height\" content=\"541\" \/>\n\t<meta property=\"og:image:type\" content=\"image\/webp\" \/>\n<meta name=\"author\" content=\"Rita Usai\" \/>\n<meta name=\"twitter:card\" content=\"summary_large_image\" \/>\n<meta name=\"twitter:label1\" content=\"\u00c9crit par\" \/>\n\t<meta name=\"twitter:data1\" content=\"Rita Usai\" \/>\n\t<meta name=\"twitter:label2\" content=\"Est. reading time\" \/>\n\t<meta name=\"twitter:data2\" content=\"3 minutes\" \/>\n<script type=\"application\/ld+json\" class=\"yoast-schema-graph\">{\"@context\":\"https:\\\/\\\/schema.org\",\"@graph\":[{\"@type\":\"Article\",\"@id\":\"https:\\\/\\\/spaziospadoni.org\\\/fr\\\/amerique-republique-dominicaine-les-potagers-familiaux-qui-nourrissent-la-communaute\\\/#article\",\"isPartOf\":{\"@id\":\"https:\\\/\\\/spaziospadoni.org\\\/fr\\\/amerique-republique-dominicaine-les-potagers-familiaux-qui-nourrissent-la-communaute\\\/\"},\"author\":{\"name\":\"Rita Usai\",\"@id\":\"https:\\\/\\\/spaziospadoni.org\\\/fr\\\/#\\\/schema\\\/person\\\/8cd0e9eb9ef908a8a7d8e3a7a6e3137f\"},\"headline\":\"Am\u00e9rique, R\u00e9publique dominicaine | Les potagers familiaux qui nourrissent la communaut\u00e9\",\"datePublished\":\"2026-08-26T06:00:00+00:00\",\"dateModified\":\"2026-08-26T08:00:06+00:00\",\"mainEntityOfPage\":{\"@id\":\"https:\\\/\\\/spaziospadoni.org\\\/fr\\\/amerique-republique-dominicaine-les-potagers-familiaux-qui-nourrissent-la-communaute\\\/\"},\"wordCount\":555,\"publisher\":{\"@id\":\"https:\\\/\\\/spaziospadoni.org\\\/fr\\\/#organization\"},\"image\":{\"@id\":\"https:\\\/\\\/spaziospadoni.org\\\/fr\\\/amerique-republique-dominicaine-les-potagers-familiaux-qui-nourrissent-la-communaute\\\/#primaryimage\"},\"thumbnailUrl\":\"https:\\\/\\\/spaziospadoni.org\\\/wp-content\\\/uploads\\\/2026\\\/08\\\/orti-comunitari-repubblica-dominicana.webp\",\"keywords\":[\"agriculture\",\"Communaut\u00e9\",\"Exp\u00e9rience missionnaire\",\"R\u00e9publique dominicaine\"],\"articleSection\":[\"Espace missionnaire\"],\"inLanguage\":\"fr-FR\"},{\"@type\":\"WebPage\",\"@id\":\"https:\\\/\\\/spaziospadoni.org\\\/fr\\\/amerique-republique-dominicaine-les-potagers-familiaux-qui-nourrissent-la-communaute\\\/\",\"url\":\"https:\\\/\\\/spaziospadoni.org\\\/fr\\\/amerique-republique-dominicaine-les-potagers-familiaux-qui-nourrissent-la-communaute\\\/\",\"name\":\"Am\u00e9rique, R\u00e9publique dominicaine | Potagers familiaux solidaires\",\"isPartOf\":{\"@id\":\"https:\\\/\\\/spaziospadoni.org\\\/fr\\\/#website\"},\"primaryImageOfPage\":{\"@id\":\"https:\\\/\\\/spaziospadoni.org\\\/fr\\\/amerique-republique-dominicaine-les-potagers-familiaux-qui-nourrissent-la-communaute\\\/#primaryimage\"},\"image\":{\"@id\":\"https:\\\/\\\/spaziospadoni.org\\\/fr\\\/amerique-republique-dominicaine-les-potagers-familiaux-qui-nourrissent-la-communaute\\\/#primaryimage\"},\"thumbnailUrl\":\"https:\\\/\\\/spaziospadoni.org\\\/wp-content\\\/uploads\\\/2026\\\/08\\\/orti-comunitari-repubblica-dominicana.webp\",\"datePublished\":\"2026-08-26T06:00:00+00:00\",\"dateModified\":\"2026-08-26T08:00:06+00:00\",\"description\":\"En R\u00e9publique dominicaine, les potagers familiaux de San Juan de la Maguana renforcent la s\u00e9curit\u00e9 alimentaire et unissent la communaut\u00e9.\",\"breadcrumb\":{\"@id\":\"https:\\\/\\\/spaziospadoni.org\\\/fr\\\/amerique-republique-dominicaine-les-potagers-familiaux-qui-nourrissent-la-communaute\\\/#breadcrumb\"},\"inLanguage\":\"fr-FR\",\"potentialAction\":[{\"@type\":\"ReadAction\",\"target\":[\"https:\\\/\\\/spaziospadoni.org\\\/fr\\\/amerique-republique-dominicaine-les-potagers-familiaux-qui-nourrissent-la-communaute\\\/\"]}]},{\"@type\":\"ImageObject\",\"inLanguage\":\"fr-FR\",\"@id\":\"https:\\\/\\\/spaziospadoni.org\\\/fr\\\/amerique-republique-dominicaine-les-potagers-familiaux-qui-nourrissent-la-communaute\\\/#primaryimage\",\"url\":\"https:\\\/\\\/spaziospadoni.org\\\/wp-content\\\/uploads\\\/2026\\\/08\\\/orti-comunitari-repubblica-dominicana.webp\",\"contentUrl\":\"https:\\\/\\\/spaziospadoni.org\\\/wp-content\\\/uploads\\\/2026\\\/08\\\/orti-comunitari-repubblica-dominicana.webp\",\"width\":1200,\"height\":541,\"caption\":\"Le projet de jardins communautaires a impliqu\u00e9 les habitants de La Pe\u00f1a, \u00e0 San Juan de la Maguana (R\u00e9publique dominicaine).\"},{\"@type\":\"BreadcrumbList\",\"@id\":\"https:\\\/\\\/spaziospadoni.org\\\/fr\\\/amerique-republique-dominicaine-les-potagers-familiaux-qui-nourrissent-la-communaute\\\/#breadcrumb\",\"itemListElement\":[{\"@type\":\"ListItem\",\"position\":1,\"name\":\"Home\",\"item\":\"https:\\\/\\\/spaziospadoni.org\\\/fr\\\/\"},{\"@type\":\"ListItem\",\"position\":2,\"name\":\"Am\u00e9rique, R\u00e9publique dominicaine | Les potagers familiaux qui nourrissent la communaut\u00e9\"}]},{\"@type\":\"WebSite\",\"@id\":\"https:\\\/\\\/spaziospadoni.org\\\/fr\\\/#website\",\"url\":\"https:\\\/\\\/spaziospadoni.org\\\/fr\\\/\",\"name\":\"spazio + spadoni\",\"description\":\"Generazione di misericordia e missione nel mondo\",\"publisher\":{\"@id\":\"https:\\\/\\\/spaziospadoni.org\\\/fr\\\/#organization\"},\"alternateName\":\"spaziospadoni.org\",\"potentialAction\":[{\"@type\":\"SearchAction\",\"target\":{\"@type\":\"EntryPoint\",\"urlTemplate\":\"https:\\\/\\\/spaziospadoni.org\\\/fr\\\/?s={search_term_string}\"},\"query-input\":{\"@type\":\"PropertyValueSpecification\",\"valueRequired\":true,\"valueName\":\"search_term_string\"}}],\"inLanguage\":\"fr-FR\"},{\"@type\":\"Organization\",\"@id\":\"https:\\\/\\\/spaziospadoni.org\\\/fr\\\/#organization\",\"name\":\"spazio + spadoni\",\"alternateName\":\"spaziospadoni.org\",\"url\":\"https:\\\/\\\/spaziospadoni.org\\\/fr\\\/\",\"logo\":{\"@type\":\"ImageObject\",\"inLanguage\":\"fr-FR\",\"@id\":\"https:\\\/\\\/spaziospadoni.org\\\/fr\\\/#\\\/schema\\\/logo\\\/image\\\/\",\"url\":\"https:\\\/\\\/spaziospadoni.org\\\/wp-content\\\/uploads\\\/2026\\\/05\\\/spazio-spadoni-logo-100x100-1.webp\",\"contentUrl\":\"https:\\\/\\\/spaziospadoni.org\\\/wp-content\\\/uploads\\\/2026\\\/05\\\/spazio-spadoni-logo-100x100-1.webp\",\"width\":100,\"height\":100,\"caption\":\"spazio + spadoni\"},\"image\":{\"@id\":\"https:\\\/\\\/spaziospadoni.org\\\/fr\\\/#\\\/schema\\\/logo\\\/image\\\/\"},\"sameAs\":[\"https:\\\/\\\/www.facebook.com\\\/SpazioSpadoni\\\/\",\"https:\\\/\\\/www.instagram.com\\\/spaziospadoni\\\/\",\"https:\\\/\\\/www.youtube.com\\\/@spaziospadoni\\\/playlists\"]},{\"@type\":\"Person\",\"@id\":\"https:\\\/\\\/spaziospadoni.org\\\/fr\\\/#\\\/schema\\\/person\\\/8cd0e9eb9ef908a8a7d8e3a7a6e3137f\",\"name\":\"Rita Usai\",\"image\":{\"@type\":\"ImageObject\",\"inLanguage\":\"fr-FR\",\"@id\":\"https:\\\/\\\/secure.gravatar.com\\\/avatar\\\/9fcd90e3052b71758c786038f89335d3f5c713e6ba0f3723d03789357fb778dd?s=96&d=mm&r=g\",\"url\":\"https:\\\/\\\/secure.gravatar.com\\\/avatar\\\/9fcd90e3052b71758c786038f89335d3f5c713e6ba0f3723d03789357fb778dd?s=96&d=mm&r=g\",\"contentUrl\":\"https:\\\/\\\/secure.gravatar.com\\\/avatar\\\/9fcd90e3052b71758c786038f89335d3f5c713e6ba0f3723d03789357fb778dd?s=96&d=mm&r=g\",\"caption\":\"Rita Usai\"},\"description\":\"N\u00e9e en 1958, Rita est originaire de Sardaigne, de Quartu Sant\u2019Elena, onzi\u00e8me de 12 enfants. Religieuse consacr\u00e9e de la Communaut\u00e9 Missionnaire de Villaregia, elle est en mission en Am\u00e9rique latine depuis 40 ans. Depuis 2014, elle est \u00e0 Porto Rico, dans la Communaut\u00e9 d\u2019Arecibo, et depuis novembre 2023 elle fait des allers-retours avec le dioc\u00e8se de San Juan de la Maguana, l\u2019une des provinces les plus pauvres de la R\u00e9publique dominicaine.\",\"url\":\"https:\\\/\\\/spaziospadoni.org\\\/fr\\\/author\\\/usai_mission\\\/\"}]}<\/script>\n<!-- \/ Yoast SEO plugin. -->","yoast_head_json":{"title":"Am\u00e9rique, R\u00e9publique dominicaine | Potagers familiaux solidaires","description":"En R\u00e9publique dominicaine, les potagers familiaux de San Juan de la Maguana renforcent la s\u00e9curit\u00e9 alimentaire et unissent la communaut\u00e9.","robots":{"index":"index","follow":"follow","max-snippet":"max-snippet:-1","max-image-preview":"max-image-preview:large","max-video-preview":"max-video-preview:-1"},"canonical":"https:\/\/spaziospadoni.org\/fr\/amerique-republique-dominicaine-les-potagers-familiaux-qui-nourrissent-la-communaute\/","og_locale":"fr_FR","og_type":"article","og_title":"Am\u00e9rique, R\u00e9publique dominicaine | Potagers familiaux solidaires","og_description":"En R\u00e9publique dominicaine, les potagers familiaux de San Juan de la Maguana renforcent la s\u00e9curit\u00e9 alimentaire et unissent la communaut\u00e9.","og_url":"https:\/\/spaziospadoni.org\/fr\/amerique-republique-dominicaine-les-potagers-familiaux-qui-nourrissent-la-communaute\/","og_site_name":"spazio + spadoni","article_publisher":"https:\/\/www.facebook.com\/SpazioSpadoni\/","article_published_time":"2026-08-26T06:00:00+00:00","article_modified_time":"2026-08-26T08:00:06+00:00","og_image":[{"width":1200,"height":541,"url":"https:\/\/spaziospadoni.org\/wp-content\/uploads\/2026\/08\/orti-comunitari-repubblica-dominicana.webp","type":"image\/webp"}],"author":"Rita Usai","twitter_card":"summary_large_image","twitter_misc":{"\u00c9crit par":"Rita Usai","Est. reading time":"3 minutes"},"schema":{"@context":"https:\/\/schema.org","@graph":[{"@type":"Article","@id":"https:\/\/spaziospadoni.org\/fr\/amerique-republique-dominicaine-les-potagers-familiaux-qui-nourrissent-la-communaute\/#article","isPartOf":{"@id":"https:\/\/spaziospadoni.org\/fr\/amerique-republique-dominicaine-les-potagers-familiaux-qui-nourrissent-la-communaute\/"},"author":{"name":"Rita Usai","@id":"https:\/\/spaziospadoni.org\/fr\/#\/schema\/person\/8cd0e9eb9ef908a8a7d8e3a7a6e3137f"},"headline":"Am\u00e9rique, R\u00e9publique dominicaine | Les potagers familiaux qui nourrissent la communaut\u00e9","datePublished":"2026-08-26T06:00:00+00:00","dateModified":"2026-08-26T08:00:06+00:00","mainEntityOfPage":{"@id":"https:\/\/spaziospadoni.org\/fr\/amerique-republique-dominicaine-les-potagers-familiaux-qui-nourrissent-la-communaute\/"},"wordCount":555,"publisher":{"@id":"https:\/\/spaziospadoni.org\/fr\/#organization"},"image":{"@id":"https:\/\/spaziospadoni.org\/fr\/amerique-republique-dominicaine-les-potagers-familiaux-qui-nourrissent-la-communaute\/#primaryimage"},"thumbnailUrl":"https:\/\/spaziospadoni.org\/wp-content\/uploads\/2026\/08\/orti-comunitari-repubblica-dominicana.webp","keywords":["agriculture","Communaut\u00e9","Exp\u00e9rience missionnaire","R\u00e9publique dominicaine"],"articleSection":["Espace missionnaire"],"inLanguage":"fr-FR"},{"@type":"WebPage","@id":"https:\/\/spaziospadoni.org\/fr\/amerique-republique-dominicaine-les-potagers-familiaux-qui-nourrissent-la-communaute\/","url":"https:\/\/spaziospadoni.org\/fr\/amerique-republique-dominicaine-les-potagers-familiaux-qui-nourrissent-la-communaute\/","name":"Am\u00e9rique, R\u00e9publique dominicaine | Potagers familiaux solidaires","isPartOf":{"@id":"https:\/\/spaziospadoni.org\/fr\/#website"},"primaryImageOfPage":{"@id":"https:\/\/spaziospadoni.org\/fr\/amerique-republique-dominicaine-les-potagers-familiaux-qui-nourrissent-la-communaute\/#primaryimage"},"image":{"@id":"https:\/\/spaziospadoni.org\/fr\/amerique-republique-dominicaine-les-potagers-familiaux-qui-nourrissent-la-communaute\/#primaryimage"},"thumbnailUrl":"https:\/\/spaziospadoni.org\/wp-content\/uploads\/2026\/08\/orti-comunitari-repubblica-dominicana.webp","datePublished":"2026-08-26T06:00:00+00:00","dateModified":"2026-08-26T08:00:06+00:00","description":"En R\u00e9publique dominicaine, les potagers familiaux de San Juan de la Maguana renforcent la s\u00e9curit\u00e9 alimentaire et unissent la communaut\u00e9.","breadcrumb":{"@id":"https:\/\/spaziospadoni.org\/fr\/amerique-republique-dominicaine-les-potagers-familiaux-qui-nourrissent-la-communaute\/#breadcrumb"},"inLanguage":"fr-FR","potentialAction":[{"@type":"ReadAction","target":["https:\/\/spaziospadoni.org\/fr\/amerique-republique-dominicaine-les-potagers-familiaux-qui-nourrissent-la-communaute\/"]}]},{"@type":"ImageObject","inLanguage":"fr-FR","@id":"https:\/\/spaziospadoni.org\/fr\/amerique-republique-dominicaine-les-potagers-familiaux-qui-nourrissent-la-communaute\/#primaryimage","url":"https:\/\/spaziospadoni.org\/wp-content\/uploads\/2026\/08\/orti-comunitari-repubblica-dominicana.webp","contentUrl":"https:\/\/spaziospadoni.org\/wp-content\/uploads\/2026\/08\/orti-comunitari-repubblica-dominicana.webp","width":1200,"height":541,"caption":"Le projet de jardins communautaires a impliqu\u00e9 les habitants de La Pe\u00f1a, \u00e0 San Juan de la Maguana (R\u00e9publique dominicaine)."},{"@type":"BreadcrumbList","@id":"https:\/\/spaziospadoni.org\/fr\/amerique-republique-dominicaine-les-potagers-familiaux-qui-nourrissent-la-communaute\/#breadcrumb","itemListElement":[{"@type":"ListItem","position":1,"name":"Home","item":"https:\/\/spaziospadoni.org\/fr\/"},{"@type":"ListItem","position":2,"name":"Am\u00e9rique, R\u00e9publique dominicaine | Les potagers familiaux qui nourrissent la communaut\u00e9"}]},{"@type":"WebSite","@id":"https:\/\/spaziospadoni.org\/fr\/#website","url":"https:\/\/spaziospadoni.org\/fr\/","name":"spazio + spadoni","description":"Generazione di misericordia e missione nel mondo","publisher":{"@id":"https:\/\/spaziospadoni.org\/fr\/#organization"},"alternateName":"spaziospadoni.org","potentialAction":[{"@type":"SearchAction","target":{"@type":"EntryPoint","urlTemplate":"https:\/\/spaziospadoni.org\/fr\/?s={search_term_string}"},"query-input":{"@type":"PropertyValueSpecification","valueRequired":true,"valueName":"search_term_string"}}],"inLanguage":"fr-FR"},{"@type":"Organization","@id":"https:\/\/spaziospadoni.org\/fr\/#organization","name":"spazio + spadoni","alternateName":"spaziospadoni.org","url":"https:\/\/spaziospadoni.org\/fr\/","logo":{"@type":"ImageObject","inLanguage":"fr-FR","@id":"https:\/\/spaziospadoni.org\/fr\/#\/schema\/logo\/image\/","url":"https:\/\/spaziospadoni.org\/wp-content\/uploads\/2026\/05\/spazio-spadoni-logo-100x100-1.webp","contentUrl":"https:\/\/spaziospadoni.org\/wp-content\/uploads\/2026\/05\/spazio-spadoni-logo-100x100-1.webp","width":100,"height":100,"caption":"spazio + spadoni"},"image":{"@id":"https:\/\/spaziospadoni.org\/fr\/#\/schema\/logo\/image\/"},"sameAs":["https:\/\/www.facebook.com\/SpazioSpadoni\/","https:\/\/www.instagram.com\/spaziospadoni\/","https:\/\/www.youtube.com\/@spaziospadoni\/playlists"]},{"@type":"Person","@id":"https:\/\/spaziospadoni.org\/fr\/#\/schema\/person\/8cd0e9eb9ef908a8a7d8e3a7a6e3137f","name":"Rita Usai","image":{"@type":"ImageObject","inLanguage":"fr-FR","@id":"https:\/\/secure.gravatar.com\/avatar\/9fcd90e3052b71758c786038f89335d3f5c713e6ba0f3723d03789357fb778dd?s=96&d=mm&r=g","url":"https:\/\/secure.gravatar.com\/avatar\/9fcd90e3052b71758c786038f89335d3f5c713e6ba0f3723d03789357fb778dd?s=96&d=mm&r=g","contentUrl":"https:\/\/secure.gravatar.com\/avatar\/9fcd90e3052b71758c786038f89335d3f5c713e6ba0f3723d03789357fb778dd?s=96&d=mm&r=g","caption":"Rita Usai"},"description":"N\u00e9e en 1958, Rita est originaire de Sardaigne, de Quartu Sant\u2019Elena, onzi\u00e8me de 12 enfants. Religieuse consacr\u00e9e de la Communaut\u00e9 Missionnaire de Villaregia, elle est en mission en Am\u00e9rique latine depuis 40 ans. Depuis 2014, elle est \u00e0 Porto Rico, dans la Communaut\u00e9 d\u2019Arecibo, et depuis novembre 2023 elle fait des allers-retours avec le dioc\u00e8se de San Juan de la Maguana, l\u2019une des provinces les plus pauvres de la R\u00e9publique dominicaine.","url":"https:\/\/spaziospadoni.org\/fr\/author\/usai_mission\/"}]}},"_links":{"self":[{"href":"https:\/\/spaziospadoni.org\/fr\/wp-json\/wp\/v2\/posts\/92429","targetHints":{"allow":["GET"]}}],"collection":[{"href":"https:\/\/spaziospadoni.org\/fr\/wp-json\/wp\/v2\/posts"}],"about":[{"href":"https:\/\/spaziospadoni.org\/fr\/wp-json\/wp\/v2\/types\/post"}],"author":[{"embeddable":true,"href":"https:\/\/spaziospadoni.org\/fr\/wp-json\/wp\/v2\/users\/68"}],"replies":[{"embeddable":true,"href":"https:\/\/spaziospadoni.org\/fr\/wp-json\/wp\/v2\/comments?post=92429"}],"version-history":[{"count":2,"href":"https:\/\/spaziospadoni.org\/fr\/wp-json\/wp\/v2\/posts\/92429\/revisions"}],"predecessor-version":[{"id":92431,"href":"https:\/\/spaziospadoni.org\/fr\/wp-json\/wp\/v2\/posts\/92429\/revisions\/92431"}],"wp:featuredmedia":[{"embeddable":true,"href":"https:\/\/spaziospadoni.org\/fr\/wp-json\/wp\/v2\/media\/92427"}],"wp:attachment":[{"href":"https:\/\/spaziospadoni.org\/fr\/wp-json\/wp\/v2\/media?parent=92429"}],"wp:term":[{"taxonomy":"category","embeddable":true,"href":"https:\/\/spaziospadoni.org\/fr\/wp-json\/wp\/v2\/categories?post=92429"},{"taxonomy":"post_tag","embeddable":true,"href":"https:\/\/spaziospadoni.org\/fr\/wp-json\/wp\/v2\/tags?post=92429"}],"curies":[{"name":"wp","href":"https:\/\/api.w.org\/{rel}","templated":true}]}}