{"id":93039,"date":"2026-08-25T07:00:00","date_gmt":"2026-08-25T06:00:00","guid":{"rendered":"https:\/\/spaziospadoni.org\/?p=93039"},"modified":"2026-08-26T14:22:17","modified_gmt":"2026-08-26T13:22:17","slug":"afrique-republique-democratique-du-congo-quand-la-misericorde-a-soutenu-goma","status":"publish","type":"post","link":"https:\/\/spaziospadoni.org\/fr\/afrique-republique-democratique-du-congo-quand-la-misericorde-a-soutenu-goma\/","title":{"rendered":"Afrique, R\u00e9publique d\u00e9mocratique du Congo | Quand la mis\u00e9ricorde a soutenu Goma"},"content":{"rendered":"\n<p class=\"wp-block-paragraph\">Le 28 janvier 2025, nous avons assist\u00e9 \u00e0 la chute de la ville de Goma, dans l&rsquo;Est de la R\u00e9publique d\u00e9mocratique du Congo. Ce jour-l\u00e0, le bruit des armes a \u00e9touff\u00e9 les voix. Des femmes et des enfants, traumatis\u00e9s, portaient de graves blessures. Et, malheureusement, sans aucune consolation. Pendant deux semaines, Goma est rest\u00e9e sans \u00e9lectricit\u00e9, sans eau, sans internet.<\/p>\n\n\n\n<p class=\"wp-block-paragraph\">Dans l&rsquo;obscurit\u00e9, la population a surv\u00e9cu. Non pas gr\u00e2ce aux moyens disponibles. Mais gr\u00e2ce \u00e0 la r\u00e9silience. Gr\u00e2ce \u00e0 la mis\u00e9ricorde.<\/p>\n\n\n\n<h2 id=\"ouvrir-sa-porte-quand-tout-manque\" class=\"wp-block-heading\">Ouvrir sa porte quand tout manque<\/h2>\n\n\n\n<p class=\"wp-block-paragraph\">Chez moi, je savais que je n&rsquo;avais pas assez pour deux semaines. Mais deux familles en fuite ont frapp\u00e9 \u00e0 ma porte. J<br>e ne pouvais pas refuser. Nous avons partag\u00e9 ce que nous avions : un peu de nourriture, de l&rsquo;eau r\u00e9cup\u00e9r\u00e9e, une natte par terre. C&rsquo;\u00e9tait \u00ab accueillir l&rsquo;\u00e9tranger \u00bb, \u00ab donner \u00e0 manger aux affam\u00e9s \u00bb, \u00ab consoler les afflig\u00e9s \u00bb. Gr\u00e2ce \u00e0 Dieu, ensemble nous avons r\u00e9ussi \u00e0 r\u00e9sister. Ensemble, nous avons surmont\u00e9 ces calamit\u00e9s.<\/p>\n\n\n\n<h2 id=\"la-misericorde-qui-devient-mediation\" class=\"wp-block-heading\">La mis\u00e9ricorde qui devient m\u00e9diation<\/h2>\n\n\n\n<p class=\"wp-block-paragraph\">Aujourd&rsquo;hui, avec la naissance du Centre Africain pour la Paix, la M\u00e9diation et la Diplomatie &#8211; CAPMD-UNIM, nous voulons aller plus loin. Nous faisons d\u00e9sormais partie de ce Centre pour valoriser nos recherches et nos actions. Notre mission est simple : \u00c9COUTER \u2013 DIALOGUER \u2013 R\u00c9CONCILIER \u2013 R\u00c9SOUDRE. Car cette partie du pays vit des guerres depuis des d\u00e9cennies. Et nous croyons que la paix passe aussi par la m\u00e9diation.<\/p>\n\n\n\n<h2 id=\"raconter-pour-que-le-bien-se-multiplie\" class=\"wp-block-heading\">Raconter pour que le bien se multiplie<\/h2>\n\n\n\n<p class=\"wp-block-paragraph\">Aujourd&rsquo;hui, le Mouvement spazio + spadoni nous invite \u00e0 raconter \u00ab tout le bien qui existe \u00bb. C&rsquo;est pourquoi je rends ce t\u00e9moignage, car j&rsquo;ai vu de mes propres yeux : m\u00eame au c\u0153ur de la chute d&rsquo;une ville, il y a des portes qui s&rsquo;ouvrent. Puisse l&rsquo;histoire de Goma toucher d&rsquo;autres c\u0153urs dans le monde \u00e0 travers spazio + spadoni. La mis\u00e9ricorde n&rsquo;a pas \u00e9teint la guerre. Mais elle a emp\u00each\u00e9 l&rsquo;humanit\u00e9 de s&rsquo;\u00e9teindre.<\/p>\n\n\n\n<p class=\"wp-block-paragraph\"><strong>Photo de Destin Byandike<\/strong><\/p>\n","protected":false},"excerpt":{"rendered":"<p>Le 28 janvier 2025, nous avons assist\u00e9 \u00e0 la chute de la ville de Goma, dans l&rsquo;Est de la R\u00e9publique d\u00e9mocratique du Congo. Ce jour-l\u00e0, le bruit des armes a \u00e9touff\u00e9 les voix. Des femmes et des enfants, traumatis\u00e9s, portaient de graves blessures. Et, malheureusement, sans aucune consolation. Pendant deux semaines, Goma est rest\u00e9e sans &#8230; <a title=\"Afrique, R\u00e9publique d\u00e9mocratique du Congo | Quand la mis\u00e9ricorde a soutenu Goma\" class=\"read-more\" href=\"https:\/\/spaziospadoni.org\/fr\/afrique-republique-democratique-du-congo-quand-la-misericorde-a-soutenu-goma\/\" aria-label=\"Read more about Afrique, R\u00e9publique d\u00e9mocratique du Congo | Quand la mis\u00e9ricorde a soutenu Goma\">Lire plus<\/a><\/p>\n","protected":false},"author":111,"featured_media":93038,"comment_status":"closed","ping_status":"closed","sticky":false,"template":"","format":"standard","meta":{"_sitemap_exclude":false,"_sitemap_priority":"","_sitemap_frequency":"","ss_featured_image_title":"","ss_featured_image_alt":"La force de la mis\u00e9ricorde \u00e0 Goma","ss_featured_image_caption":"","footnotes":""},"categories":[2426],"tags":[3418,2719,3742,2606],"class_list":["post-93039","post","type-post","status-publish","format-standard","has-post-thumbnail","hentry","category-actes-de-misericorde","tag-goma-fr","tag-guerre-fr","tag-misericordieux-fr","tag-republique-democratique-du-congo","infinite-scroll-item","generate-columns","tablet-grid-50","mobile-grid-100","grid-parent","grid-50"],"yoast_head":"<!-- This site is optimized with the Yoast SEO plugin v28.4 - https:\/\/yoast.com\/product\/yoast-seo-wordpress\/ -->\n<title>Afrique, RD Congo | La force de la mis\u00e9ricorde \u00e0 Goma<\/title>\n<meta name=\"description\" content=\"T\u00e9moignage sur la chute de Goma en 2025 : la mis\u00e9ricorde, l&#039;accueil entre familles et l&#039;engagement pour la paix du Centre CAPMD-UNIM.\" \/>\n<meta name=\"robots\" content=\"index, follow, max-snippet:-1, max-image-preview:large, max-video-preview:-1\" \/>\n<link rel=\"canonical\" href=\"https:\/\/spaziospadoni.org\/fr\/afrique-republique-democratique-du-congo-quand-la-misericorde-a-soutenu-goma\/\" \/>\n<meta property=\"og:locale\" content=\"fr_FR\" \/>\n<meta property=\"og:type\" content=\"article\" \/>\n<meta property=\"og:title\" content=\"Afrique, RD Congo | La force de la mis\u00e9ricorde \u00e0 Goma\" \/>\n<meta property=\"og:description\" content=\"T\u00e9moignage sur la chute de Goma en 2025 : la mis\u00e9ricorde, l&#039;accueil entre familles et l&#039;engagement pour la paix du Centre CAPMD-UNIM.\" \/>\n<meta property=\"og:url\" content=\"https:\/\/spaziospadoni.org\/fr\/afrique-republique-democratique-du-congo-quand-la-misericorde-a-soutenu-goma\/\" \/>\n<meta property=\"og:site_name\" content=\"spazio + spadoni\" \/>\n<meta property=\"article:publisher\" content=\"https:\/\/www.facebook.com\/SpazioSpadoni\/\" \/>\n<meta property=\"article:published_time\" content=\"2026-08-25T06:00:00+00:00\" \/>\n<meta property=\"article:modified_time\" content=\"2026-08-26T13:22:17+00:00\" \/>\n<meta property=\"og:image\" content=\"https:\/\/spaziospadoni.org\/wp-content\/uploads\/2026\/08\/repubblica-democratica-congo-remi.webp\" \/>\n\t<meta property=\"og:image:width\" content=\"1200\" \/>\n\t<meta property=\"og:image:height\" content=\"674\" \/>\n\t<meta property=\"og:image:type\" content=\"image\/webp\" \/>\n<meta name=\"author\" content=\"Destin Byandike\" \/>\n<meta name=\"twitter:card\" content=\"summary_large_image\" \/>\n<meta name=\"twitter:label1\" content=\"\u00c9crit par\" \/>\n\t<meta name=\"twitter:data1\" content=\"Destin Byandike\" \/>\n\t<meta name=\"twitter:label2\" content=\"Est. reading time\" \/>\n\t<meta name=\"twitter:data2\" content=\"2 minutes\" \/>\n<script type=\"application\/ld+json\" class=\"yoast-schema-graph\">{\"@context\":\"https:\\\/\\\/schema.org\",\"@graph\":[{\"@type\":\"Article\",\"@id\":\"https:\\\/\\\/spaziospadoni.org\\\/fr\\\/afrique-republique-democratique-du-congo-quand-la-misericorde-a-soutenu-goma\\\/#article\",\"isPartOf\":{\"@id\":\"https:\\\/\\\/spaziospadoni.org\\\/fr\\\/afrique-republique-democratique-du-congo-quand-la-misericorde-a-soutenu-goma\\\/\"},\"author\":{\"name\":\"Destin Byandike\",\"@id\":\"https:\\\/\\\/spaziospadoni.org\\\/fr\\\/#\\\/schema\\\/person\\\/6297cff4ad988760cee72bb3f83e078f\"},\"headline\":\"Afrique, R\u00e9publique d\u00e9mocratique du Congo | Quand la mis\u00e9ricorde a soutenu Goma\",\"datePublished\":\"2026-08-25T06:00:00+00:00\",\"dateModified\":\"2026-08-26T13:22:17+00:00\",\"mainEntityOfPage\":{\"@id\":\"https:\\\/\\\/spaziospadoni.org\\\/fr\\\/afrique-republique-democratique-du-congo-quand-la-misericorde-a-soutenu-goma\\\/\"},\"wordCount\":363,\"publisher\":{\"@id\":\"https:\\\/\\\/spaziospadoni.org\\\/fr\\\/#organization\"},\"image\":{\"@id\":\"https:\\\/\\\/spaziospadoni.org\\\/fr\\\/afrique-republique-democratique-du-congo-quand-la-misericorde-a-soutenu-goma\\\/#primaryimage\"},\"thumbnailUrl\":\"https:\\\/\\\/spaziospadoni.org\\\/wp-content\\\/uploads\\\/2026\\\/08\\\/repubblica-democratica-congo-remi.webp\",\"keywords\":[\"Goma\",\"Guerre\",\"mis\u00e9ricordieux\",\"R\u00e9publique d\u00e9mocratique du Congo\"],\"articleSection\":[\"Actes de mis\u00e9ricorde\"],\"inLanguage\":\"fr-FR\"},{\"@type\":\"WebPage\",\"@id\":\"https:\\\/\\\/spaziospadoni.org\\\/fr\\\/afrique-republique-democratique-du-congo-quand-la-misericorde-a-soutenu-goma\\\/\",\"url\":\"https:\\\/\\\/spaziospadoni.org\\\/fr\\\/afrique-republique-democratique-du-congo-quand-la-misericorde-a-soutenu-goma\\\/\",\"name\":\"Afrique, RD Congo | La force de la mis\u00e9ricorde \u00e0 Goma\",\"isPartOf\":{\"@id\":\"https:\\\/\\\/spaziospadoni.org\\\/fr\\\/#website\"},\"primaryImageOfPage\":{\"@id\":\"https:\\\/\\\/spaziospadoni.org\\\/fr\\\/afrique-republique-democratique-du-congo-quand-la-misericorde-a-soutenu-goma\\\/#primaryimage\"},\"image\":{\"@id\":\"https:\\\/\\\/spaziospadoni.org\\\/fr\\\/afrique-republique-democratique-du-congo-quand-la-misericorde-a-soutenu-goma\\\/#primaryimage\"},\"thumbnailUrl\":\"https:\\\/\\\/spaziospadoni.org\\\/wp-content\\\/uploads\\\/2026\\\/08\\\/repubblica-democratica-congo-remi.webp\",\"datePublished\":\"2026-08-25T06:00:00+00:00\",\"dateModified\":\"2026-08-26T13:22:17+00:00\",\"description\":\"T\u00e9moignage sur la chute de Goma en 2025 : la mis\u00e9ricorde, l'accueil entre familles et l'engagement pour la paix du Centre CAPMD-UNIM.\",\"breadcrumb\":{\"@id\":\"https:\\\/\\\/spaziospadoni.org\\\/fr\\\/afrique-republique-democratique-du-congo-quand-la-misericorde-a-soutenu-goma\\\/#breadcrumb\"},\"inLanguage\":\"fr-FR\",\"potentialAction\":[{\"@type\":\"ReadAction\",\"target\":[\"https:\\\/\\\/spaziospadoni.org\\\/fr\\\/afrique-republique-democratique-du-congo-quand-la-misericorde-a-soutenu-goma\\\/\"]}]},{\"@type\":\"ImageObject\",\"inLanguage\":\"fr-FR\",\"@id\":\"https:\\\/\\\/spaziospadoni.org\\\/fr\\\/afrique-republique-democratique-du-congo-quand-la-misericorde-a-soutenu-goma\\\/#primaryimage\",\"url\":\"https:\\\/\\\/spaziospadoni.org\\\/wp-content\\\/uploads\\\/2026\\\/08\\\/repubblica-democratica-congo-remi.webp\",\"contentUrl\":\"https:\\\/\\\/spaziospadoni.org\\\/wp-content\\\/uploads\\\/2026\\\/08\\\/repubblica-democratica-congo-remi.webp\",\"width\":1200,\"height\":674},{\"@type\":\"BreadcrumbList\",\"@id\":\"https:\\\/\\\/spaziospadoni.org\\\/fr\\\/afrique-republique-democratique-du-congo-quand-la-misericorde-a-soutenu-goma\\\/#breadcrumb\",\"itemListElement\":[{\"@type\":\"ListItem\",\"position\":1,\"name\":\"Home\",\"item\":\"https:\\\/\\\/spaziospadoni.org\\\/fr\\\/\"},{\"@type\":\"ListItem\",\"position\":2,\"name\":\"Afrique, R\u00e9publique d\u00e9mocratique du Congo | Quand la mis\u00e9ricorde a soutenu Goma\"}]},{\"@type\":\"WebSite\",\"@id\":\"https:\\\/\\\/spaziospadoni.org\\\/fr\\\/#website\",\"url\":\"https:\\\/\\\/spaziospadoni.org\\\/fr\\\/\",\"name\":\"spazio + spadoni\",\"description\":\"Generazione di misericordia e missione nel mondo\",\"publisher\":{\"@id\":\"https:\\\/\\\/spaziospadoni.org\\\/fr\\\/#organization\"},\"alternateName\":\"spaziospadoni.org\",\"potentialAction\":[{\"@type\":\"SearchAction\",\"target\":{\"@type\":\"EntryPoint\",\"urlTemplate\":\"https:\\\/\\\/spaziospadoni.org\\\/fr\\\/?s={search_term_string}\"},\"query-input\":{\"@type\":\"PropertyValueSpecification\",\"valueRequired\":true,\"valueName\":\"search_term_string\"}}],\"inLanguage\":\"fr-FR\"},{\"@type\":\"Organization\",\"@id\":\"https:\\\/\\\/spaziospadoni.org\\\/fr\\\/#organization\",\"name\":\"spazio + spadoni\",\"alternateName\":\"spaziospadoni.org\",\"url\":\"https:\\\/\\\/spaziospadoni.org\\\/fr\\\/\",\"logo\":{\"@type\":\"ImageObject\",\"inLanguage\":\"fr-FR\",\"@id\":\"https:\\\/\\\/spaziospadoni.org\\\/fr\\\/#\\\/schema\\\/logo\\\/image\\\/\",\"url\":\"https:\\\/\\\/spaziospadoni.org\\\/wp-content\\\/uploads\\\/2026\\\/05\\\/spazio-spadoni-logo-100x100-1.webp\",\"contentUrl\":\"https:\\\/\\\/spaziospadoni.org\\\/wp-content\\\/uploads\\\/2026\\\/05\\\/spazio-spadoni-logo-100x100-1.webp\",\"width\":100,\"height\":100,\"caption\":\"spazio + spadoni\"},\"image\":{\"@id\":\"https:\\\/\\\/spaziospadoni.org\\\/fr\\\/#\\\/schema\\\/logo\\\/image\\\/\"},\"sameAs\":[\"https:\\\/\\\/www.facebook.com\\\/SpazioSpadoni\\\/\",\"https:\\\/\\\/www.instagram.com\\\/spaziospadoni\\\/\",\"https:\\\/\\\/www.youtube.com\\\/@spaziospadoni\\\/playlists\"]},{\"@type\":\"Person\",\"@id\":\"https:\\\/\\\/spaziospadoni.org\\\/fr\\\/#\\\/schema\\\/person\\\/6297cff4ad988760cee72bb3f83e078f\",\"name\":\"Destin Byandike\",\"image\":{\"@type\":\"ImageObject\",\"inLanguage\":\"fr-FR\",\"@id\":\"https:\\\/\\\/secure.gravatar.com\\\/avatar\\\/fd5587495a9a6aa30e738c0964461efb38a880d11d17dd49b6ecbb17fb18d017?s=96&d=mm&r=g\",\"url\":\"https:\\\/\\\/secure.gravatar.com\\\/avatar\\\/fd5587495a9a6aa30e738c0964461efb38a880d11d17dd49b6ecbb17fb18d017?s=96&d=mm&r=g\",\"contentUrl\":\"https:\\\/\\\/secure.gravatar.com\\\/avatar\\\/fd5587495a9a6aa30e738c0964461efb38a880d11d17dd49b6ecbb17fb18d017?s=96&d=mm&r=g\",\"caption\":\"Destin Byandike\"},\"description\":\"Cittadino della Repubblica Democratica del Congo. Autore e ricercatore nel campo della pace nella RDC. Specializzato in cooperazione internazionale e negoziazione strategica presso la Scuola Nazionale di Diplomazia, Negoziazione e Mediazione dell\u2019Universit\u00e0 dei Martiri del Congo. Svolge le sue attivit\u00e0 di ricerca presso l\u2019Universit\u00e0 dei Martiri del Congo ed \u00e8 ricercatore associato alla Revue Africaine des Sciences Sociales, con sede in Camerun.\",\"url\":\"https:\\\/\\\/spaziospadoni.org\\\/fr\\\/author\\\/ddyandikespspadoni\\\/\"}]}<\/script>\n<!-- \/ Yoast SEO plugin. -->","yoast_head_json":{"title":"Afrique, RD Congo | La force de la mis\u00e9ricorde \u00e0 Goma","description":"T\u00e9moignage sur la chute de Goma en 2025 : la mis\u00e9ricorde, l'accueil entre familles et l'engagement pour la paix du Centre CAPMD-UNIM.","robots":{"index":"index","follow":"follow","max-snippet":"max-snippet:-1","max-image-preview":"max-image-preview:large","max-video-preview":"max-video-preview:-1"},"canonical":"https:\/\/spaziospadoni.org\/fr\/afrique-republique-democratique-du-congo-quand-la-misericorde-a-soutenu-goma\/","og_locale":"fr_FR","og_type":"article","og_title":"Afrique, RD Congo | La force de la mis\u00e9ricorde \u00e0 Goma","og_description":"T\u00e9moignage sur la chute de Goma en 2025 : la mis\u00e9ricorde, l'accueil entre familles et l'engagement pour la paix du Centre CAPMD-UNIM.","og_url":"https:\/\/spaziospadoni.org\/fr\/afrique-republique-democratique-du-congo-quand-la-misericorde-a-soutenu-goma\/","og_site_name":"spazio + spadoni","article_publisher":"https:\/\/www.facebook.com\/SpazioSpadoni\/","article_published_time":"2026-08-25T06:00:00+00:00","article_modified_time":"2026-08-26T13:22:17+00:00","og_image":[{"width":1200,"height":674,"url":"https:\/\/spaziospadoni.org\/wp-content\/uploads\/2026\/08\/repubblica-democratica-congo-remi.webp","type":"image\/webp"}],"author":"Destin Byandike","twitter_card":"summary_large_image","twitter_misc":{"\u00c9crit par":"Destin Byandike","Est. reading time":"2 minutes"},"schema":{"@context":"https:\/\/schema.org","@graph":[{"@type":"Article","@id":"https:\/\/spaziospadoni.org\/fr\/afrique-republique-democratique-du-congo-quand-la-misericorde-a-soutenu-goma\/#article","isPartOf":{"@id":"https:\/\/spaziospadoni.org\/fr\/afrique-republique-democratique-du-congo-quand-la-misericorde-a-soutenu-goma\/"},"author":{"name":"Destin Byandike","@id":"https:\/\/spaziospadoni.org\/fr\/#\/schema\/person\/6297cff4ad988760cee72bb3f83e078f"},"headline":"Afrique, R\u00e9publique d\u00e9mocratique du Congo | Quand la mis\u00e9ricorde a soutenu Goma","datePublished":"2026-08-25T06:00:00+00:00","dateModified":"2026-08-26T13:22:17+00:00","mainEntityOfPage":{"@id":"https:\/\/spaziospadoni.org\/fr\/afrique-republique-democratique-du-congo-quand-la-misericorde-a-soutenu-goma\/"},"wordCount":363,"publisher":{"@id":"https:\/\/spaziospadoni.org\/fr\/#organization"},"image":{"@id":"https:\/\/spaziospadoni.org\/fr\/afrique-republique-democratique-du-congo-quand-la-misericorde-a-soutenu-goma\/#primaryimage"},"thumbnailUrl":"https:\/\/spaziospadoni.org\/wp-content\/uploads\/2026\/08\/repubblica-democratica-congo-remi.webp","keywords":["Goma","Guerre","mis\u00e9ricordieux","R\u00e9publique d\u00e9mocratique du Congo"],"articleSection":["Actes de mis\u00e9ricorde"],"inLanguage":"fr-FR"},{"@type":"WebPage","@id":"https:\/\/spaziospadoni.org\/fr\/afrique-republique-democratique-du-congo-quand-la-misericorde-a-soutenu-goma\/","url":"https:\/\/spaziospadoni.org\/fr\/afrique-republique-democratique-du-congo-quand-la-misericorde-a-soutenu-goma\/","name":"Afrique, RD Congo | La force de la mis\u00e9ricorde \u00e0 Goma","isPartOf":{"@id":"https:\/\/spaziospadoni.org\/fr\/#website"},"primaryImageOfPage":{"@id":"https:\/\/spaziospadoni.org\/fr\/afrique-republique-democratique-du-congo-quand-la-misericorde-a-soutenu-goma\/#primaryimage"},"image":{"@id":"https:\/\/spaziospadoni.org\/fr\/afrique-republique-democratique-du-congo-quand-la-misericorde-a-soutenu-goma\/#primaryimage"},"thumbnailUrl":"https:\/\/spaziospadoni.org\/wp-content\/uploads\/2026\/08\/repubblica-democratica-congo-remi.webp","datePublished":"2026-08-25T06:00:00+00:00","dateModified":"2026-08-26T13:22:17+00:00","description":"T\u00e9moignage sur la chute de Goma en 2025 : la mis\u00e9ricorde, l'accueil entre familles et l'engagement pour la paix du Centre CAPMD-UNIM.","breadcrumb":{"@id":"https:\/\/spaziospadoni.org\/fr\/afrique-republique-democratique-du-congo-quand-la-misericorde-a-soutenu-goma\/#breadcrumb"},"inLanguage":"fr-FR","potentialAction":[{"@type":"ReadAction","target":["https:\/\/spaziospadoni.org\/fr\/afrique-republique-democratique-du-congo-quand-la-misericorde-a-soutenu-goma\/"]}]},{"@type":"ImageObject","inLanguage":"fr-FR","@id":"https:\/\/spaziospadoni.org\/fr\/afrique-republique-democratique-du-congo-quand-la-misericorde-a-soutenu-goma\/#primaryimage","url":"https:\/\/spaziospadoni.org\/wp-content\/uploads\/2026\/08\/repubblica-democratica-congo-remi.webp","contentUrl":"https:\/\/spaziospadoni.org\/wp-content\/uploads\/2026\/08\/repubblica-democratica-congo-remi.webp","width":1200,"height":674},{"@type":"BreadcrumbList","@id":"https:\/\/spaziospadoni.org\/fr\/afrique-republique-democratique-du-congo-quand-la-misericorde-a-soutenu-goma\/#breadcrumb","itemListElement":[{"@type":"ListItem","position":1,"name":"Home","item":"https:\/\/spaziospadoni.org\/fr\/"},{"@type":"ListItem","position":2,"name":"Afrique, R\u00e9publique d\u00e9mocratique du Congo | Quand la mis\u00e9ricorde a soutenu Goma"}]},{"@type":"WebSite","@id":"https:\/\/spaziospadoni.org\/fr\/#website","url":"https:\/\/spaziospadoni.org\/fr\/","name":"spazio + spadoni","description":"Generazione di misericordia e missione nel mondo","publisher":{"@id":"https:\/\/spaziospadoni.org\/fr\/#organization"},"alternateName":"spaziospadoni.org","potentialAction":[{"@type":"SearchAction","target":{"@type":"EntryPoint","urlTemplate":"https:\/\/spaziospadoni.org\/fr\/?s={search_term_string}"},"query-input":{"@type":"PropertyValueSpecification","valueRequired":true,"valueName":"search_term_string"}}],"inLanguage":"fr-FR"},{"@type":"Organization","@id":"https:\/\/spaziospadoni.org\/fr\/#organization","name":"spazio + spadoni","alternateName":"spaziospadoni.org","url":"https:\/\/spaziospadoni.org\/fr\/","logo":{"@type":"ImageObject","inLanguage":"fr-FR","@id":"https:\/\/spaziospadoni.org\/fr\/#\/schema\/logo\/image\/","url":"https:\/\/spaziospadoni.org\/wp-content\/uploads\/2026\/05\/spazio-spadoni-logo-100x100-1.webp","contentUrl":"https:\/\/spaziospadoni.org\/wp-content\/uploads\/2026\/05\/spazio-spadoni-logo-100x100-1.webp","width":100,"height":100,"caption":"spazio + spadoni"},"image":{"@id":"https:\/\/spaziospadoni.org\/fr\/#\/schema\/logo\/image\/"},"sameAs":["https:\/\/www.facebook.com\/SpazioSpadoni\/","https:\/\/www.instagram.com\/spaziospadoni\/","https:\/\/www.youtube.com\/@spaziospadoni\/playlists"]},{"@type":"Person","@id":"https:\/\/spaziospadoni.org\/fr\/#\/schema\/person\/6297cff4ad988760cee72bb3f83e078f","name":"Destin Byandike","image":{"@type":"ImageObject","inLanguage":"fr-FR","@id":"https:\/\/secure.gravatar.com\/avatar\/fd5587495a9a6aa30e738c0964461efb38a880d11d17dd49b6ecbb17fb18d017?s=96&d=mm&r=g","url":"https:\/\/secure.gravatar.com\/avatar\/fd5587495a9a6aa30e738c0964461efb38a880d11d17dd49b6ecbb17fb18d017?s=96&d=mm&r=g","contentUrl":"https:\/\/secure.gravatar.com\/avatar\/fd5587495a9a6aa30e738c0964461efb38a880d11d17dd49b6ecbb17fb18d017?s=96&d=mm&r=g","caption":"Destin Byandike"},"description":"Cittadino della Repubblica Democratica del Congo. Autore e ricercatore nel campo della pace nella RDC. Specializzato in cooperazione internazionale e negoziazione strategica presso la Scuola Nazionale di Diplomazia, Negoziazione e Mediazione dell\u2019Universit\u00e0 dei Martiri del Congo. Svolge le sue attivit\u00e0 di ricerca presso l\u2019Universit\u00e0 dei Martiri del Congo ed \u00e8 ricercatore associato alla Revue Africaine des Sciences Sociales, con sede in Camerun.","url":"https:\/\/spaziospadoni.org\/fr\/author\/ddyandikespspadoni\/"}]}},"_links":{"self":[{"href":"https:\/\/spaziospadoni.org\/fr\/wp-json\/wp\/v2\/posts\/93039","targetHints":{"allow":["GET"]}}],"collection":[{"href":"https:\/\/spaziospadoni.org\/fr\/wp-json\/wp\/v2\/posts"}],"about":[{"href":"https:\/\/spaziospadoni.org\/fr\/wp-json\/wp\/v2\/types\/post"}],"author":[{"embeddable":true,"href":"https:\/\/spaziospadoni.org\/fr\/wp-json\/wp\/v2\/users\/111"}],"replies":[{"embeddable":true,"href":"https:\/\/spaziospadoni.org\/fr\/wp-json\/wp\/v2\/comments?post=93039"}],"version-history":[{"count":2,"href":"https:\/\/spaziospadoni.org\/fr\/wp-json\/wp\/v2\/posts\/93039\/revisions"}],"predecessor-version":[{"id":93176,"href":"https:\/\/spaziospadoni.org\/fr\/wp-json\/wp\/v2\/posts\/93039\/revisions\/93176"}],"wp:featuredmedia":[{"embeddable":true,"href":"https:\/\/spaziospadoni.org\/fr\/wp-json\/wp\/v2\/media\/93038"}],"wp:attachment":[{"href":"https:\/\/spaziospadoni.org\/fr\/wp-json\/wp\/v2\/media?parent=93039"}],"wp:term":[{"taxonomy":"category","embeddable":true,"href":"https:\/\/spaziospadoni.org\/fr\/wp-json\/wp\/v2\/categories?post=93039"},{"taxonomy":"post_tag","embeddable":true,"href":"https:\/\/spaziospadoni.org\/fr\/wp-json\/wp\/v2\/tags?post=93039"}],"curies":[{"name":"wp","href":"https:\/\/api.w.org\/{rel}","templated":true}]}}