{"id":94935,"date":"2026-09-02T07:00:00","date_gmt":"2026-09-02T06:00:00","guid":{"rendered":"https:\/\/spaziospadoni.org\/?p=94935"},"modified":"2026-08-31T13:19:18","modified_gmt":"2026-08-31T12:19:18","slug":"afrique-republique-democratique-du-congo-vers-la-vraie-paix","status":"publish","type":"post","link":"https:\/\/spaziospadoni.org\/fr\/afrique-republique-democratique-du-congo-vers-la-vraie-paix\/","title":{"rendered":"Afrique, R\u00e9publique d\u00e9mocratique du Congo | Vers la vraie paix"},"content":{"rendered":"\n<p class=\"wp-block-paragraph\">Lorsque le pape Fran\u00e7ois a lanc\u00e9 \u00e0 Kinshasa cet appel devenu historique : \u00ab Retirez vos mains de l&rsquo;Afrique, retirez vos mains de la R\u00e9publique d\u00e9mocratique du Congo ! \u00bb, tout un peuple a pleur\u00e9 d&rsquo;espoir. C&rsquo;\u00e9tait en janvier 2023.<\/p>\n\n\n\n<p class=\"wp-block-paragraph\">Trois ans plus tard, l&rsquo;Est de notre pays continue de saigner. Pourquoi ?<\/p>\n\n\n\n<p class=\"wp-block-paragraph\">Parce que pendant longtemps, nous avons pens\u00e9 la paix comme une question militaire. On envoie les casques bleus, on signe des accords \u00e0 Luanda, Nairobi, Washington et Doha, on compte les armes d\u00e9pos\u00e9es. Mais la paix ne revient pas.<\/p>\n\n\n\n<p class=\"wp-block-paragraph\">En tant que chercheurs, nous apprenons \u00e0 lire la situation sous une autre perspective : il faut \u00eatre proche de la population, en garantissant sa survie gr\u00e2ce \u00e0 une politique \u00e9conomique adapt\u00e9e aux r\u00e9alit\u00e9s locales, une paix durable et un avenir meilleur.<\/p>\n\n\n\n<p class=\"wp-block-paragraph\">Aujourd&rsquo;hui, qui maintient la paix dans les villages o\u00f9 les autres ne parviennent pas \u00e0 arriver ? L&rsquo;\u00c9glise catholique. Ses paroisses, ses religieuses, ses pr\u00eatres. Elle est pr\u00e9sente parce qu&rsquo;elle est sobre et enracin\u00e9e dans le territoire.<\/p>\n\n\n\n<p class=\"wp-block-paragraph\">C&rsquo;est ce que l&rsquo;Europe nous enseigne \u00e0 travers des fondations comme spazio + spadoni : la v\u00e9ritable coop\u00e9ration entre la RDC et l&rsquo;Occident ne doit pas \u00eatre uniquement mini\u00e8re et \u00e9conomique. Elle doit aussi \u00eatre une coop\u00e9ration de pens\u00e9e sur la paix.<\/p>\n\n\n\n<p class=\"wp-block-paragraph\">La paix viendra lorsque chaque intervention ressemblera davantage \u00e0 une mission qu&rsquo;\u00e0 une administration.<\/p>\n\n\n\n<p class=\"wp-block-paragraph\"><strong><a href=\"https:\/\/www.pexels.com\/it-it\/foto\/ragazzi-che-giocano-con-i-bastoni-all-aperto-36163362\/\" target=\"_blank\" rel=\"noreferrer noopener nofollow\" title=\"Photo de Skylight Views\">Photo de Skylight Views<\/a><\/strong><\/p>\n\n\n\n<p class=\"wp-block-paragraph\"><\/p>\n","protected":false},"excerpt":{"rendered":"<p>Lorsque le pape Fran\u00e7ois a lanc\u00e9 \u00e0 Kinshasa cet appel devenu historique : \u00ab Retirez vos mains de l&rsquo;Afrique, retirez vos mains de la R\u00e9publique d\u00e9mocratique du Congo ! \u00bb, tout un peuple a pleur\u00e9 d&rsquo;espoir. C&rsquo;\u00e9tait en janvier 2023. Trois ans plus tard, l&rsquo;Est de notre pays continue de saigner. Pourquoi ? Parce que &#8230; <a title=\"Afrique, R\u00e9publique d\u00e9mocratique du Congo | Vers la vraie paix\" class=\"read-more\" href=\"https:\/\/spaziospadoni.org\/fr\/afrique-republique-democratique-du-congo-vers-la-vraie-paix\/\" aria-label=\"Read more about Afrique, R\u00e9publique d\u00e9mocratique du Congo | Vers la vraie paix\">Lire plus<\/a><\/p>\n","protected":false},"author":111,"featured_media":94934,"comment_status":"closed","ping_status":"closed","sticky":false,"template":"","format":"standard","meta":{"_sitemap_exclude":false,"_sitemap_priority":"","_sitemap_frequency":"","ss_featured_image_title":"","ss_featured_image_alt":"Paix en RdC","ss_featured_image_caption":"Des enfants jouent avec des b\u00e2tons en plein air. En RDC, le d\u00e9fi de la paix passe par la proximit\u00e9.","footnotes":""},"categories":[2468],"tags":[2614,2708,3458,2606],"class_list":["post-94935","post","type-post","status-publish","format-standard","has-post-thumbnail","hentry","category-actualites-du-monde","tag-eglise-catholique","tag-paix","tag-proximite-fr","tag-republique-democratique-du-congo","infinite-scroll-item","generate-columns","tablet-grid-50","mobile-grid-100","grid-parent","grid-50"],"yoast_head":"<!-- This site is optimized with the Yoast SEO plugin v28.4 - https:\/\/yoast.com\/product\/yoast-seo-wordpress\/ -->\n<title>Afrique, R\u00e9publique d\u00e9mocratique du Congo | B\u00e2tir la paix par la proximit\u00e9<\/title>\n<meta name=\"description\" content=\"Trois ans apr\u00e8s l&#039;appel du Pape, la paix en RDC exige proximit\u00e9 avec la population, enracinement local et une nouvelle coop\u00e9ration de pens\u00e9e.\" \/>\n<meta name=\"robots\" content=\"index, follow, max-snippet:-1, max-image-preview:large, max-video-preview:-1\" \/>\n<link rel=\"canonical\" href=\"https:\/\/spaziospadoni.org\/fr\/afrique-republique-democratique-du-congo-vers-la-vraie-paix\/\" \/>\n<meta property=\"og:locale\" content=\"fr_FR\" \/>\n<meta property=\"og:type\" content=\"article\" \/>\n<meta property=\"og:title\" content=\"Afrique, R\u00e9publique d\u00e9mocratique du Congo | B\u00e2tir la paix par la proximit\u00e9\" \/>\n<meta property=\"og:description\" content=\"Trois ans apr\u00e8s l&#039;appel du Pape, la paix en RDC exige proximit\u00e9 avec la population, enracinement local et une nouvelle coop\u00e9ration de pens\u00e9e.\" \/>\n<meta property=\"og:url\" content=\"https:\/\/spaziospadoni.org\/fr\/afrique-republique-democratique-du-congo-vers-la-vraie-paix\/\" \/>\n<meta property=\"og:site_name\" content=\"spazio + spadoni\" \/>\n<meta property=\"article:publisher\" content=\"https:\/\/www.facebook.com\/SpazioSpadoni\/\" \/>\n<meta property=\"article:published_time\" content=\"2026-09-02T06:00:00+00:00\" \/>\n<meta property=\"og:image\" content=\"https:\/\/spaziospadoni.org\/wp-content\/uploads\/2026\/09\/pace-congo-vicinanza.webp\" \/>\n\t<meta property=\"og:image:width\" content=\"1200\" \/>\n\t<meta property=\"og:image:height\" content=\"800\" \/>\n\t<meta property=\"og:image:type\" content=\"image\/webp\" \/>\n<meta name=\"author\" content=\"Destin Byandike\" \/>\n<meta name=\"twitter:card\" content=\"summary_large_image\" \/>\n<meta name=\"twitter:label1\" content=\"\u00c9crit par\" \/>\n\t<meta name=\"twitter:data1\" content=\"Destin Byandike\" \/>\n\t<meta name=\"twitter:label2\" content=\"Est. reading time\" \/>\n\t<meta name=\"twitter:data2\" content=\"2 minutes\" \/>\n<script type=\"application\/ld+json\" class=\"yoast-schema-graph\">{\"@context\":\"https:\\\/\\\/schema.org\",\"@graph\":[{\"@type\":\"Article\",\"@id\":\"https:\\\/\\\/spaziospadoni.org\\\/fr\\\/afrique-republique-democratique-du-congo-vers-la-vraie-paix\\\/#article\",\"isPartOf\":{\"@id\":\"https:\\\/\\\/spaziospadoni.org\\\/fr\\\/afrique-republique-democratique-du-congo-vers-la-vraie-paix\\\/\"},\"author\":{\"name\":\"Destin Byandike\",\"@id\":\"https:\\\/\\\/spaziospadoni.org\\\/fr\\\/#\\\/schema\\\/person\\\/6297cff4ad988760cee72bb3f83e078f\"},\"headline\":\"Afrique, R\u00e9publique d\u00e9mocratique du Congo | Vers la vraie paix\",\"datePublished\":\"2026-09-02T06:00:00+00:00\",\"mainEntityOfPage\":{\"@id\":\"https:\\\/\\\/spaziospadoni.org\\\/fr\\\/afrique-republique-democratique-du-congo-vers-la-vraie-paix\\\/\"},\"wordCount\":252,\"publisher\":{\"@id\":\"https:\\\/\\\/spaziospadoni.org\\\/fr\\\/#organization\"},\"image\":{\"@id\":\"https:\\\/\\\/spaziospadoni.org\\\/fr\\\/afrique-republique-democratique-du-congo-vers-la-vraie-paix\\\/#primaryimage\"},\"thumbnailUrl\":\"https:\\\/\\\/spaziospadoni.org\\\/wp-content\\\/uploads\\\/2026\\\/09\\\/pace-congo-vicinanza.webp\",\"keywords\":[\"\u00c9glise Catholique\",\"Paix\",\"proximit\u00e9\",\"R\u00e9publique d\u00e9mocratique du Congo\"],\"articleSection\":[\"Actualit\u00e9s du monde\"],\"inLanguage\":\"fr-FR\"},{\"@type\":\"WebPage\",\"@id\":\"https:\\\/\\\/spaziospadoni.org\\\/fr\\\/afrique-republique-democratique-du-congo-vers-la-vraie-paix\\\/\",\"url\":\"https:\\\/\\\/spaziospadoni.org\\\/fr\\\/afrique-republique-democratique-du-congo-vers-la-vraie-paix\\\/\",\"name\":\"Afrique, R\u00e9publique d\u00e9mocratique du Congo | B\u00e2tir la paix par la proximit\u00e9\",\"isPartOf\":{\"@id\":\"https:\\\/\\\/spaziospadoni.org\\\/fr\\\/#website\"},\"primaryImageOfPage\":{\"@id\":\"https:\\\/\\\/spaziospadoni.org\\\/fr\\\/afrique-republique-democratique-du-congo-vers-la-vraie-paix\\\/#primaryimage\"},\"image\":{\"@id\":\"https:\\\/\\\/spaziospadoni.org\\\/fr\\\/afrique-republique-democratique-du-congo-vers-la-vraie-paix\\\/#primaryimage\"},\"thumbnailUrl\":\"https:\\\/\\\/spaziospadoni.org\\\/wp-content\\\/uploads\\\/2026\\\/09\\\/pace-congo-vicinanza.webp\",\"datePublished\":\"2026-09-02T06:00:00+00:00\",\"description\":\"Trois ans apr\u00e8s l'appel du Pape, la paix en RDC exige proximit\u00e9 avec la population, enracinement local et une nouvelle coop\u00e9ration de pens\u00e9e.\",\"breadcrumb\":{\"@id\":\"https:\\\/\\\/spaziospadoni.org\\\/fr\\\/afrique-republique-democratique-du-congo-vers-la-vraie-paix\\\/#breadcrumb\"},\"inLanguage\":\"fr-FR\",\"potentialAction\":[{\"@type\":\"ReadAction\",\"target\":[\"https:\\\/\\\/spaziospadoni.org\\\/fr\\\/afrique-republique-democratique-du-congo-vers-la-vraie-paix\\\/\"]}]},{\"@type\":\"ImageObject\",\"inLanguage\":\"fr-FR\",\"@id\":\"https:\\\/\\\/spaziospadoni.org\\\/fr\\\/afrique-republique-democratique-du-congo-vers-la-vraie-paix\\\/#primaryimage\",\"url\":\"https:\\\/\\\/spaziospadoni.org\\\/wp-content\\\/uploads\\\/2026\\\/09\\\/pace-congo-vicinanza.webp\",\"contentUrl\":\"https:\\\/\\\/spaziospadoni.org\\\/wp-content\\\/uploads\\\/2026\\\/09\\\/pace-congo-vicinanza.webp\",\"width\":1200,\"height\":800,\"caption\":\"Des enfants jouent avec des b\u00e2tons en plein air. En RDC, le d\u00e9fi de la paix passe par la proximit\u00e9.\"},{\"@type\":\"BreadcrumbList\",\"@id\":\"https:\\\/\\\/spaziospadoni.org\\\/fr\\\/afrique-republique-democratique-du-congo-vers-la-vraie-paix\\\/#breadcrumb\",\"itemListElement\":[{\"@type\":\"ListItem\",\"position\":1,\"name\":\"Home\",\"item\":\"https:\\\/\\\/spaziospadoni.org\\\/fr\\\/\"},{\"@type\":\"ListItem\",\"position\":2,\"name\":\"Afrique, R\u00e9publique d\u00e9mocratique du Congo | Vers la vraie paix\"}]},{\"@type\":\"WebSite\",\"@id\":\"https:\\\/\\\/spaziospadoni.org\\\/fr\\\/#website\",\"url\":\"https:\\\/\\\/spaziospadoni.org\\\/fr\\\/\",\"name\":\"spazio + spadoni\",\"description\":\"Generazione di misericordia e missione nel mondo\",\"publisher\":{\"@id\":\"https:\\\/\\\/spaziospadoni.org\\\/fr\\\/#organization\"},\"alternateName\":\"spaziospadoni.org\",\"potentialAction\":[{\"@type\":\"SearchAction\",\"target\":{\"@type\":\"EntryPoint\",\"urlTemplate\":\"https:\\\/\\\/spaziospadoni.org\\\/fr\\\/?s={search_term_string}\"},\"query-input\":{\"@type\":\"PropertyValueSpecification\",\"valueRequired\":true,\"valueName\":\"search_term_string\"}}],\"inLanguage\":\"fr-FR\"},{\"@type\":\"Organization\",\"@id\":\"https:\\\/\\\/spaziospadoni.org\\\/fr\\\/#organization\",\"name\":\"spazio + spadoni\",\"alternateName\":\"spaziospadoni.org\",\"url\":\"https:\\\/\\\/spaziospadoni.org\\\/fr\\\/\",\"logo\":{\"@type\":\"ImageObject\",\"inLanguage\":\"fr-FR\",\"@id\":\"https:\\\/\\\/spaziospadoni.org\\\/fr\\\/#\\\/schema\\\/logo\\\/image\\\/\",\"url\":\"https:\\\/\\\/spaziospadoni.org\\\/wp-content\\\/uploads\\\/2026\\\/05\\\/spazio-spadoni-logo-100x100-1.webp\",\"contentUrl\":\"https:\\\/\\\/spaziospadoni.org\\\/wp-content\\\/uploads\\\/2026\\\/05\\\/spazio-spadoni-logo-100x100-1.webp\",\"width\":100,\"height\":100,\"caption\":\"spazio + spadoni\"},\"image\":{\"@id\":\"https:\\\/\\\/spaziospadoni.org\\\/fr\\\/#\\\/schema\\\/logo\\\/image\\\/\"},\"sameAs\":[\"https:\\\/\\\/www.facebook.com\\\/SpazioSpadoni\\\/\",\"https:\\\/\\\/www.instagram.com\\\/spaziospadoni\\\/\",\"https:\\\/\\\/www.youtube.com\\\/@spaziospadoni\\\/playlists\"]},{\"@type\":\"Person\",\"@id\":\"https:\\\/\\\/spaziospadoni.org\\\/fr\\\/#\\\/schema\\\/person\\\/6297cff4ad988760cee72bb3f83e078f\",\"name\":\"Destin Byandike\",\"image\":{\"@type\":\"ImageObject\",\"inLanguage\":\"fr-FR\",\"@id\":\"https:\\\/\\\/secure.gravatar.com\\\/avatar\\\/fd5587495a9a6aa30e738c0964461efb38a880d11d17dd49b6ecbb17fb18d017?s=96&d=mm&r=g\",\"url\":\"https:\\\/\\\/secure.gravatar.com\\\/avatar\\\/fd5587495a9a6aa30e738c0964461efb38a880d11d17dd49b6ecbb17fb18d017?s=96&d=mm&r=g\",\"contentUrl\":\"https:\\\/\\\/secure.gravatar.com\\\/avatar\\\/fd5587495a9a6aa30e738c0964461efb38a880d11d17dd49b6ecbb17fb18d017?s=96&d=mm&r=g\",\"caption\":\"Destin Byandike\"},\"description\":\"Cittadino della Repubblica Democratica del Congo. Autore e ricercatore nel campo della pace nella RDC. Specializzato in cooperazione internazionale e negoziazione strategica presso la Scuola Nazionale di Diplomazia, Negoziazione e Mediazione dell\u2019Universit\u00e0 dei Martiri del Congo. Svolge le sue attivit\u00e0 di ricerca presso l\u2019Universit\u00e0 dei Martiri del Congo ed \u00e8 ricercatore associato alla Revue Africaine des Sciences Sociales, con sede in Camerun.\",\"url\":\"https:\\\/\\\/spaziospadoni.org\\\/fr\\\/author\\\/ddyandikespspadoni\\\/\"}]}<\/script>\n<!-- \/ Yoast SEO plugin. -->","yoast_head_json":{"title":"Afrique, R\u00e9publique d\u00e9mocratique du Congo | B\u00e2tir la paix par la proximit\u00e9","description":"Trois ans apr\u00e8s l'appel du Pape, la paix en RDC exige proximit\u00e9 avec la population, enracinement local et une nouvelle coop\u00e9ration de pens\u00e9e.","robots":{"index":"index","follow":"follow","max-snippet":"max-snippet:-1","max-image-preview":"max-image-preview:large","max-video-preview":"max-video-preview:-1"},"canonical":"https:\/\/spaziospadoni.org\/fr\/afrique-republique-democratique-du-congo-vers-la-vraie-paix\/","og_locale":"fr_FR","og_type":"article","og_title":"Afrique, R\u00e9publique d\u00e9mocratique du Congo | B\u00e2tir la paix par la proximit\u00e9","og_description":"Trois ans apr\u00e8s l'appel du Pape, la paix en RDC exige proximit\u00e9 avec la population, enracinement local et une nouvelle coop\u00e9ration de pens\u00e9e.","og_url":"https:\/\/spaziospadoni.org\/fr\/afrique-republique-democratique-du-congo-vers-la-vraie-paix\/","og_site_name":"spazio + spadoni","article_publisher":"https:\/\/www.facebook.com\/SpazioSpadoni\/","article_published_time":"2026-09-02T06:00:00+00:00","og_image":[{"width":1200,"height":800,"url":"https:\/\/spaziospadoni.org\/wp-content\/uploads\/2026\/09\/pace-congo-vicinanza.webp","type":"image\/webp"}],"author":"Destin Byandike","twitter_card":"summary_large_image","twitter_misc":{"\u00c9crit par":"Destin Byandike","Est. reading time":"2 minutes"},"schema":{"@context":"https:\/\/schema.org","@graph":[{"@type":"Article","@id":"https:\/\/spaziospadoni.org\/fr\/afrique-republique-democratique-du-congo-vers-la-vraie-paix\/#article","isPartOf":{"@id":"https:\/\/spaziospadoni.org\/fr\/afrique-republique-democratique-du-congo-vers-la-vraie-paix\/"},"author":{"name":"Destin Byandike","@id":"https:\/\/spaziospadoni.org\/fr\/#\/schema\/person\/6297cff4ad988760cee72bb3f83e078f"},"headline":"Afrique, R\u00e9publique d\u00e9mocratique du Congo | Vers la vraie paix","datePublished":"2026-09-02T06:00:00+00:00","mainEntityOfPage":{"@id":"https:\/\/spaziospadoni.org\/fr\/afrique-republique-democratique-du-congo-vers-la-vraie-paix\/"},"wordCount":252,"publisher":{"@id":"https:\/\/spaziospadoni.org\/fr\/#organization"},"image":{"@id":"https:\/\/spaziospadoni.org\/fr\/afrique-republique-democratique-du-congo-vers-la-vraie-paix\/#primaryimage"},"thumbnailUrl":"https:\/\/spaziospadoni.org\/wp-content\/uploads\/2026\/09\/pace-congo-vicinanza.webp","keywords":["\u00c9glise Catholique","Paix","proximit\u00e9","R\u00e9publique d\u00e9mocratique du Congo"],"articleSection":["Actualit\u00e9s du monde"],"inLanguage":"fr-FR"},{"@type":"WebPage","@id":"https:\/\/spaziospadoni.org\/fr\/afrique-republique-democratique-du-congo-vers-la-vraie-paix\/","url":"https:\/\/spaziospadoni.org\/fr\/afrique-republique-democratique-du-congo-vers-la-vraie-paix\/","name":"Afrique, R\u00e9publique d\u00e9mocratique du Congo | B\u00e2tir la paix par la proximit\u00e9","isPartOf":{"@id":"https:\/\/spaziospadoni.org\/fr\/#website"},"primaryImageOfPage":{"@id":"https:\/\/spaziospadoni.org\/fr\/afrique-republique-democratique-du-congo-vers-la-vraie-paix\/#primaryimage"},"image":{"@id":"https:\/\/spaziospadoni.org\/fr\/afrique-republique-democratique-du-congo-vers-la-vraie-paix\/#primaryimage"},"thumbnailUrl":"https:\/\/spaziospadoni.org\/wp-content\/uploads\/2026\/09\/pace-congo-vicinanza.webp","datePublished":"2026-09-02T06:00:00+00:00","description":"Trois ans apr\u00e8s l'appel du Pape, la paix en RDC exige proximit\u00e9 avec la population, enracinement local et une nouvelle coop\u00e9ration de pens\u00e9e.","breadcrumb":{"@id":"https:\/\/spaziospadoni.org\/fr\/afrique-republique-democratique-du-congo-vers-la-vraie-paix\/#breadcrumb"},"inLanguage":"fr-FR","potentialAction":[{"@type":"ReadAction","target":["https:\/\/spaziospadoni.org\/fr\/afrique-republique-democratique-du-congo-vers-la-vraie-paix\/"]}]},{"@type":"ImageObject","inLanguage":"fr-FR","@id":"https:\/\/spaziospadoni.org\/fr\/afrique-republique-democratique-du-congo-vers-la-vraie-paix\/#primaryimage","url":"https:\/\/spaziospadoni.org\/wp-content\/uploads\/2026\/09\/pace-congo-vicinanza.webp","contentUrl":"https:\/\/spaziospadoni.org\/wp-content\/uploads\/2026\/09\/pace-congo-vicinanza.webp","width":1200,"height":800,"caption":"Des enfants jouent avec des b\u00e2tons en plein air. En RDC, le d\u00e9fi de la paix passe par la proximit\u00e9."},{"@type":"BreadcrumbList","@id":"https:\/\/spaziospadoni.org\/fr\/afrique-republique-democratique-du-congo-vers-la-vraie-paix\/#breadcrumb","itemListElement":[{"@type":"ListItem","position":1,"name":"Home","item":"https:\/\/spaziospadoni.org\/fr\/"},{"@type":"ListItem","position":2,"name":"Afrique, R\u00e9publique d\u00e9mocratique du Congo | Vers la vraie paix"}]},{"@type":"WebSite","@id":"https:\/\/spaziospadoni.org\/fr\/#website","url":"https:\/\/spaziospadoni.org\/fr\/","name":"spazio + spadoni","description":"Generazione di misericordia e missione nel mondo","publisher":{"@id":"https:\/\/spaziospadoni.org\/fr\/#organization"},"alternateName":"spaziospadoni.org","potentialAction":[{"@type":"SearchAction","target":{"@type":"EntryPoint","urlTemplate":"https:\/\/spaziospadoni.org\/fr\/?s={search_term_string}"},"query-input":{"@type":"PropertyValueSpecification","valueRequired":true,"valueName":"search_term_string"}}],"inLanguage":"fr-FR"},{"@type":"Organization","@id":"https:\/\/spaziospadoni.org\/fr\/#organization","name":"spazio + spadoni","alternateName":"spaziospadoni.org","url":"https:\/\/spaziospadoni.org\/fr\/","logo":{"@type":"ImageObject","inLanguage":"fr-FR","@id":"https:\/\/spaziospadoni.org\/fr\/#\/schema\/logo\/image\/","url":"https:\/\/spaziospadoni.org\/wp-content\/uploads\/2026\/05\/spazio-spadoni-logo-100x100-1.webp","contentUrl":"https:\/\/spaziospadoni.org\/wp-content\/uploads\/2026\/05\/spazio-spadoni-logo-100x100-1.webp","width":100,"height":100,"caption":"spazio + spadoni"},"image":{"@id":"https:\/\/spaziospadoni.org\/fr\/#\/schema\/logo\/image\/"},"sameAs":["https:\/\/www.facebook.com\/SpazioSpadoni\/","https:\/\/www.instagram.com\/spaziospadoni\/","https:\/\/www.youtube.com\/@spaziospadoni\/playlists"]},{"@type":"Person","@id":"https:\/\/spaziospadoni.org\/fr\/#\/schema\/person\/6297cff4ad988760cee72bb3f83e078f","name":"Destin Byandike","image":{"@type":"ImageObject","inLanguage":"fr-FR","@id":"https:\/\/secure.gravatar.com\/avatar\/fd5587495a9a6aa30e738c0964461efb38a880d11d17dd49b6ecbb17fb18d017?s=96&d=mm&r=g","url":"https:\/\/secure.gravatar.com\/avatar\/fd5587495a9a6aa30e738c0964461efb38a880d11d17dd49b6ecbb17fb18d017?s=96&d=mm&r=g","contentUrl":"https:\/\/secure.gravatar.com\/avatar\/fd5587495a9a6aa30e738c0964461efb38a880d11d17dd49b6ecbb17fb18d017?s=96&d=mm&r=g","caption":"Destin Byandike"},"description":"Cittadino della Repubblica Democratica del Congo. Autore e ricercatore nel campo della pace nella RDC. Specializzato in cooperazione internazionale e negoziazione strategica presso la Scuola Nazionale di Diplomazia, Negoziazione e Mediazione dell\u2019Universit\u00e0 dei Martiri del Congo. Svolge le sue attivit\u00e0 di ricerca presso l\u2019Universit\u00e0 dei Martiri del Congo ed \u00e8 ricercatore associato alla Revue Africaine des Sciences Sociales, con sede in Camerun.","url":"https:\/\/spaziospadoni.org\/fr\/author\/ddyandikespspadoni\/"}]}},"_links":{"self":[{"href":"https:\/\/spaziospadoni.org\/fr\/wp-json\/wp\/v2\/posts\/94935","targetHints":{"allow":["GET"]}}],"collection":[{"href":"https:\/\/spaziospadoni.org\/fr\/wp-json\/wp\/v2\/posts"}],"about":[{"href":"https:\/\/spaziospadoni.org\/fr\/wp-json\/wp\/v2\/types\/post"}],"author":[{"embeddable":true,"href":"https:\/\/spaziospadoni.org\/fr\/wp-json\/wp\/v2\/users\/111"}],"replies":[{"embeddable":true,"href":"https:\/\/spaziospadoni.org\/fr\/wp-json\/wp\/v2\/comments?post=94935"}],"version-history":[{"count":3,"href":"https:\/\/spaziospadoni.org\/fr\/wp-json\/wp\/v2\/posts\/94935\/revisions"}],"predecessor-version":[{"id":94938,"href":"https:\/\/spaziospadoni.org\/fr\/wp-json\/wp\/v2\/posts\/94935\/revisions\/94938"}],"wp:featuredmedia":[{"embeddable":true,"href":"https:\/\/spaziospadoni.org\/fr\/wp-json\/wp\/v2\/media\/94934"}],"wp:attachment":[{"href":"https:\/\/spaziospadoni.org\/fr\/wp-json\/wp\/v2\/media?parent=94935"}],"wp:term":[{"taxonomy":"category","embeddable":true,"href":"https:\/\/spaziospadoni.org\/fr\/wp-json\/wp\/v2\/categories?post=94935"},{"taxonomy":"post_tag","embeddable":true,"href":"https:\/\/spaziospadoni.org\/fr\/wp-json\/wp\/v2\/tags?post=94935"}],"curies":[{"name":"wp","href":"https:\/\/api.w.org\/{rel}","templated":true}]}}