{"id":14047,"date":"2024-02-11T10:30:45","date_gmt":"2024-02-11T09:30:45","guid":{"rendered":"https:\/\/mission.spaziospadoni.org\/it\/?p=5506"},"modified":"2026-09-04T08:55:19","modified_gmt":"2026-09-04T07:55:19","slug":"con-gli-occhi-dellarte-visitare-gli-infermi","status":"publish","type":"post","link":"https:\/\/spaziospadoni.org\/it\/con-gli-occhi-dellarte-visitare-gli-infermi\/","title":{"rendered":"Con gli occhi dell\u2019Arte: Visitare gli infermi"},"content":{"rendered":"\n<h2 id=\"lopera-di-misericordia-corporale-visitare-gli-infermi-vista-attraverso-due-dipinti\" class=\"wp-block-heading has-acc-red-color has-text-color has-link-color wp-elements-1\"><em>L\u2019opera di misericordia corporale \u201cvisitare gli infermi\u201d vista attraverso due dipinti<\/em><\/h2>\n\n\n\n<p class=\"wp-block-paragraph\">Come si sa, l&#8217;immagine \u00e8 spesso l\u2019elemento pi\u00f9 immediato e significativo per esprimere un pensiero, un&#8217;azione, un sentimento.<\/p>\n\n\n\n<p class=\"wp-block-paragraph\">La Chiesa, da secoli, ha compreso l\u2019importanza di questo mezzo molto efficace e comprensibile a tutti ed ha affidato a numerosi artisti il compito di diffondere importanti messaggi.<\/p>\n\n\n\n<h3 id=\"lesperienza-dolorosa-della-malattia\" class=\"wp-block-heading\">L&#8217;esperienza dolorosa della malattia<\/h3>\n\n\n<div class=\"wp-block-image\">\n<figure class=\"aligncenter size-large is-resized\"><img decoding=\"async\" width=\"961\" height=\"1024\" src=\"https:\/\/spaziospadoni.org\/wp-content\/uploads\/2024\/02\/telemaco-signorini-la-sala-delle-agitate-oper-visitare-infermi-961x1024.webp\" alt=\"\" class=\"wp-image-95153\" style=\"aspect-ratio:0.9384928716904277;width:449px;height:auto\" srcset=\"https:\/\/spaziospadoni.org\/wp-content\/uploads\/2024\/02\/telemaco-signorini-la-sala-delle-agitate-oper-visitare-infermi-961x1024.webp 961w, https:\/\/spaziospadoni.org\/wp-content\/uploads\/2024\/02\/telemaco-signorini-la-sala-delle-agitate-oper-visitare-infermi-281x300.webp 281w, https:\/\/spaziospadoni.org\/wp-content\/uploads\/2024\/02\/telemaco-signorini-la-sala-delle-agitate-oper-visitare-infermi-767x818.webp 767w, https:\/\/spaziospadoni.org\/wp-content\/uploads\/2024\/02\/telemaco-signorini-la-sala-delle-agitate-oper-visitare-infermi.webp 1200w\" sizes=\"(max-width: 961px) 100vw, 961px\" \/><figcaption class=\"wp-element-caption\"><a href=\"https:\/\/it.wikipedia.org\/wiki\/La_sala_delle_agitate_nell%27ospizio_di_San_Bonifacio#\/media\/File:(Venice)_Telemaco_Signorini_-_La_sala_delle_agitate_al_Bonifacio_di_Firenze_-_Museo_d'arte_moderna.jpg\" target=\"_blank\" rel=\"noreferrer noopener nofollow\" title=\"Wikipedia\"><em>Wikipedia<\/em><\/a><\/figcaption><\/figure>\n<\/div>\n\n\n<p class=\"wp-block-paragraph\">La \u201cSala delle Agitate\u201d di <strong>Telemaco Signorini <\/strong>(1865) rende in pieno la situazione in cui si viene a trovare l\u2019animo umano quando ha la certezza di una malattia pi\u00f9 o meno grave. <\/p>\n\n\n\n<p class=\"wp-block-paragraph\">La mente, che non sempre riesce ad accettare difficolt\u00e0 e malattie, reagisce a volte in modo inconsueto, imprevedibile e spesso incontrollabile. <\/p>\n\n\n\n<p class=\"wp-block-paragraph\">Tante manifestazioni del malato ci fanno capire quanto questi abbia <strong>bisogno non solo di cure, ma soprattutto di assistenza e conforto<\/strong>. <\/p>\n\n\n\n<p class=\"wp-block-paragraph\">Nella vasta e squallida sala raffigurata dal Signorini che accoglie le \u201cpazze\u201d, alla parte superiore della stanza l\u2019autore ha lasciato un grande spazio, un grande vuoto reso pesante dal giallo smorto della luce che incombe sui personaggi.<\/p>\n\n\n\n<p class=\"wp-block-paragraph\">\u00c8 <strong>il vuoto della sofferenza, del dolore, dell\u2019inconsapevolezza <\/strong>di ci\u00f2 che pu\u00f2 accadere e che non si sa quando, come e se finir\u00e0. Poich\u00e9 tutti abbiamo affrontato direttamente o indirettamente il problema della malattia, si capisce bene quanto sia importante assecondare l\u2019invito che la Chiesa fa per assistere gli infermi.<\/p>\n\n\n\n<h3 id=\"il-calore-della-vicinanza\" class=\"wp-block-heading\">Il calore della vicinanza<\/h3>\n\n\n\n<p class=\"wp-block-paragraph\">Quanto \u00e8 dolce invece la pace che si percepisce dal quadro di <strong>Albert Anker <\/strong>(Svizzera 1831- 1910) <strong>\u201cLa devozione al nonno\u201d <\/strong>del 1893. <\/p>\n\n\n\n<p class=\"wp-block-paragraph\">Qui, l\u2019autore in un angolo dell\u2019umile stanza, ci mostra l\u2019anziano adagiato sui cuscini, nella sua poltrona con la consueta coperta sulle gambe, lo sguardo basso, assorto forse nei suoi ricordi, e il giovanissimo nipote con il suo grembiule da lavoro, attento a leggere bene il racconto del suo libro. <\/p>\n\n\n\n<p class=\"wp-block-paragraph\">Il volto del nipote dimostra tutto l\u2019impegno che mette per fare qualcosa che sar\u00e0 gradito dal nonno, per fargli passare un po&#8217; di tempo in buona compagnia, per <strong>alleviare<\/strong> un po\u2019 i tristi pensieri di un malato. <\/p>\n\n\n\n<p class=\"wp-block-paragraph\">Le calde tonalit\u00e0 del marrone si alternano armoniosamente generando quella tranquillit\u00e0 che nonostante gli affanni e i mali della vita, sono attutiti, addolciti dall\u2019assistenza amorevole di chi fa questa importantissima opera di carit\u00e0.<\/p>\n\n\n\n<p class=\"wp-block-paragraph\">Molti letterati e artisti hanno vissuto questa pena e l&#8217;hanno tradotta in generosit\u00e0 e in capolavori quasi immortali.<\/p>\n\n\n\n<p class=\"wp-block-paragraph\"><strong>Immagine di copertina:<\/strong> <a href=\"https:\/\/biblioterapiaitaliana.com\/2015\/10\/10\/la-devozione-del-nonno-di-albert-anker\/\" target=\"_blank\" rel=\"noreferrer noopener nofollow\" title=\"Biblioterapia italiana\">Biblioterapia italiana<\/a><\/p>\n\n\n\n<p class=\"has-text-align-right wp-block-paragraph\"><em>&nbsp;<\/em><\/p>\n\n\n\n<p class=\"wp-block-paragraph\"><\/p>\n","protected":false},"excerpt":{"rendered":"<p>L\u2019opera di misericordia corporale \u201cvisitare gli infermi\u201d vista attraverso due dipinti Come si sa, l&#8217;immagine \u00e8 spesso l\u2019elemento pi\u00f9 immediato e significativo per esprimere un pensiero, un&#8217;azione, un sentimento. La Chiesa, da secoli, ha compreso l\u2019importanza di questo mezzo molto efficace e comprensibile a tutti ed ha affidato a numerosi artisti il compito di diffondere &#8230; <a title=\"Con gli occhi dell\u2019Arte: Visitare gli infermi\" class=\"read-more\" href=\"https:\/\/spaziospadoni.org\/it\/con-gli-occhi-dellarte-visitare-gli-infermi\/\" aria-label=\"Per saperne di pi\u00f9 su Con gli occhi dell\u2019Arte: Visitare gli infermi\">Leggi tutto<\/a><\/p>\n","protected":false},"author":43,"featured_media":95170,"comment_status":"closed","ping_status":"closed","sticky":false,"template":"","format":"standard","meta":{"_sitemap_exclude":false,"_sitemap_priority":"","_sitemap_frequency":"","ss_featured_image_title":"","ss_featured_image_alt":"\u201cLa devozione al nonno\u201d","ss_featured_image_caption":"\u201cLa devozione al nonno\u201d di Albert Anker, 1893. esprime visivamente la cura legata all'opera di misericordia \"visitare gli infermi\"","footnotes":""},"categories":[306],"tags":[217,160,528],"class_list":["post-14047","post","type-post","status-publish","format-standard","has-post-thumbnail","hentry","category-commenti-alle-opere","tag-arte","tag-visitare-gli-ammalati","tag-visitare-gli-infermi","infinite-scroll-item","generate-columns","tablet-grid-50","mobile-grid-100","grid-parent","grid-50"],"yoast_head":"<!-- This site is optimized with the Yoast SEO plugin v28.4 - https:\/\/yoast.com\/product\/yoast-seo-wordpress\/ -->\n<title>Con gli occhi dell\u2019Arte: Visitare gli infermi<\/title>\n<meta name=\"description\" content=\"Le opere di Misericordia sono azioni raccomandate dalla Chiesa per il bene di chi agisce e di chi riceve. Come si sa, l\u2018immagine \u00e8 spesso....\" \/>\n<meta name=\"robots\" content=\"index, follow, max-snippet:-1, max-image-preview:large, max-video-preview:-1\" \/>\n<link rel=\"canonical\" href=\"https:\/\/spaziospadoni.org\/it\/con-gli-occhi-dellarte-visitare-gli-infermi\/\" \/>\n<meta property=\"og:locale\" content=\"it_IT\" \/>\n<meta property=\"og:type\" content=\"article\" \/>\n<meta property=\"og:title\" content=\"Con gli occhi dell\u2019Arte: Visitare gli infermi\" \/>\n<meta property=\"og:description\" content=\"Le opere di Misericordia sono azioni raccomandate dalla Chiesa per il bene di chi agisce e di chi riceve. Come si sa, l\u2018immagine \u00e8 spesso....\" \/>\n<meta property=\"og:url\" content=\"https:\/\/spaziospadoni.org\/it\/con-gli-occhi-dellarte-visitare-gli-infermi\/\" \/>\n<meta property=\"og:site_name\" content=\"spazio + spadoni\" \/>\n<meta property=\"article:publisher\" content=\"https:\/\/www.facebook.com\/SpazioSpadoni\/\" \/>\n<meta property=\"article:published_time\" content=\"2024-02-11T09:30:45+00:00\" \/>\n<meta property=\"article:modified_time\" content=\"2026-09-04T07:55:19+00:00\" \/>\n<meta property=\"og:image\" content=\"https:\/\/spaziospadoni.org\/wp-content\/uploads\/2024\/02\/devozione-al-nonno-opera-visitare-malati-1.webp\" \/>\n\t<meta property=\"og:image:width\" content=\"1199\" \/>\n\t<meta property=\"og:image:height\" content=\"849\" \/>\n\t<meta property=\"og:image:type\" content=\"image\/webp\" \/>\n<meta name=\"author\" content=\"Paola Carmen Salamino\" \/>\n<meta name=\"twitter:card\" content=\"summary_large_image\" \/>\n<meta name=\"twitter:label1\" content=\"Scritto da\" \/>\n\t<meta name=\"twitter:data1\" content=\"Paola Carmen Salamino\" \/>\n\t<meta name=\"twitter:label2\" content=\"Tempo di lettura stimato\" \/>\n\t<meta name=\"twitter:data2\" content=\"3 minuti\" \/>\n<script type=\"application\/ld+json\" class=\"yoast-schema-graph\">{\"@context\":\"https:\\\/\\\/schema.org\",\"@graph\":[{\"@type\":\"Article\",\"@id\":\"https:\\\/\\\/spaziospadoni.org\\\/it\\\/con-gli-occhi-dellarte-visitare-gli-infermi\\\/#article\",\"isPartOf\":{\"@id\":\"https:\\\/\\\/spaziospadoni.org\\\/it\\\/con-gli-occhi-dellarte-visitare-gli-infermi\\\/\"},\"author\":{\"name\":\"Paola Carmen Salamino\",\"@id\":\"https:\\\/\\\/spaziospadoni.org\\\/it\\\/#\\\/schema\\\/person\\\/c941d2ce54c2259005ca58776e0474b9\"},\"headline\":\"Con gli occhi dell\u2019Arte: Visitare gli infermi\",\"datePublished\":\"2024-02-11T09:30:45+00:00\",\"dateModified\":\"2026-09-04T07:55:19+00:00\",\"mainEntityOfPage\":{\"@id\":\"https:\\\/\\\/spaziospadoni.org\\\/it\\\/con-gli-occhi-dellarte-visitare-gli-infermi\\\/\"},\"wordCount\":411,\"publisher\":{\"@id\":\"https:\\\/\\\/spaziospadoni.org\\\/it\\\/#organization\"},\"image\":{\"@id\":\"https:\\\/\\\/spaziospadoni.org\\\/it\\\/con-gli-occhi-dellarte-visitare-gli-infermi\\\/#primaryimage\"},\"thumbnailUrl\":\"https:\\\/\\\/spaziospadoni.org\\\/wp-content\\\/uploads\\\/2024\\\/02\\\/devozione-al-nonno-opera-visitare-malati-1.webp\",\"keywords\":[\"arte\",\"Visitare gli ammalati\",\"Visitare gli infermi\"],\"articleSection\":[\"Commenti alle Opere\"],\"inLanguage\":\"it-IT\"},{\"@type\":\"WebPage\",\"@id\":\"https:\\\/\\\/spaziospadoni.org\\\/it\\\/con-gli-occhi-dellarte-visitare-gli-infermi\\\/\",\"url\":\"https:\\\/\\\/spaziospadoni.org\\\/it\\\/con-gli-occhi-dellarte-visitare-gli-infermi\\\/\",\"name\":\"Con gli occhi dell\u2019Arte: Visitare gli infermi\",\"isPartOf\":{\"@id\":\"https:\\\/\\\/spaziospadoni.org\\\/it\\\/#website\"},\"primaryImageOfPage\":{\"@id\":\"https:\\\/\\\/spaziospadoni.org\\\/it\\\/con-gli-occhi-dellarte-visitare-gli-infermi\\\/#primaryimage\"},\"image\":{\"@id\":\"https:\\\/\\\/spaziospadoni.org\\\/it\\\/con-gli-occhi-dellarte-visitare-gli-infermi\\\/#primaryimage\"},\"thumbnailUrl\":\"https:\\\/\\\/spaziospadoni.org\\\/wp-content\\\/uploads\\\/2024\\\/02\\\/devozione-al-nonno-opera-visitare-malati-1.webp\",\"datePublished\":\"2024-02-11T09:30:45+00:00\",\"dateModified\":\"2026-09-04T07:55:19+00:00\",\"description\":\"Le opere di Misericordia sono azioni raccomandate dalla Chiesa per il bene di chi agisce e di chi riceve. Come si sa, l\u2018immagine \u00e8 spesso....\",\"breadcrumb\":{\"@id\":\"https:\\\/\\\/spaziospadoni.org\\\/it\\\/con-gli-occhi-dellarte-visitare-gli-infermi\\\/#breadcrumb\"},\"inLanguage\":\"it-IT\",\"potentialAction\":[{\"@type\":\"ReadAction\",\"target\":[\"https:\\\/\\\/spaziospadoni.org\\\/it\\\/con-gli-occhi-dellarte-visitare-gli-infermi\\\/\"]}]},{\"@type\":\"ImageObject\",\"inLanguage\":\"it-IT\",\"@id\":\"https:\\\/\\\/spaziospadoni.org\\\/it\\\/con-gli-occhi-dellarte-visitare-gli-infermi\\\/#primaryimage\",\"url\":\"https:\\\/\\\/spaziospadoni.org\\\/wp-content\\\/uploads\\\/2024\\\/02\\\/devozione-al-nonno-opera-visitare-malati-1.webp\",\"contentUrl\":\"https:\\\/\\\/spaziospadoni.org\\\/wp-content\\\/uploads\\\/2024\\\/02\\\/devozione-al-nonno-opera-visitare-malati-1.webp\",\"width\":1199,\"height\":849,\"caption\":\"\u201cLa devozione al nonno\u201d di Albert Anker, 1893. esprime visivamente la cura legata all'opera di misericordia \\\"visitare gli infermi\\\"\"},{\"@type\":\"BreadcrumbList\",\"@id\":\"https:\\\/\\\/spaziospadoni.org\\\/it\\\/con-gli-occhi-dellarte-visitare-gli-infermi\\\/#breadcrumb\",\"itemListElement\":[{\"@type\":\"ListItem\",\"position\":1,\"name\":\"Home\",\"item\":\"https:\\\/\\\/spaziospadoni.org\\\/it\\\/\"},{\"@type\":\"ListItem\",\"position\":2,\"name\":\"Con gli occhi dell\u2019Arte: Visitare gli infermi\"}]},{\"@type\":\"WebSite\",\"@id\":\"https:\\\/\\\/spaziospadoni.org\\\/it\\\/#website\",\"url\":\"https:\\\/\\\/spaziospadoni.org\\\/it\\\/\",\"name\":\"spazio + spadoni\",\"description\":\"Generazione di misericordia e missione nel mondo\",\"publisher\":{\"@id\":\"https:\\\/\\\/spaziospadoni.org\\\/it\\\/#organization\"},\"alternateName\":\"spaziospadoni.org\",\"potentialAction\":[{\"@type\":\"SearchAction\",\"target\":{\"@type\":\"EntryPoint\",\"urlTemplate\":\"https:\\\/\\\/spaziospadoni.org\\\/it\\\/?s={search_term_string}\"},\"query-input\":{\"@type\":\"PropertyValueSpecification\",\"valueRequired\":true,\"valueName\":\"search_term_string\"}}],\"inLanguage\":\"it-IT\"},{\"@type\":\"Organization\",\"@id\":\"https:\\\/\\\/spaziospadoni.org\\\/it\\\/#organization\",\"name\":\"spazio + spadoni\",\"alternateName\":\"spaziospadoni.org\",\"url\":\"https:\\\/\\\/spaziospadoni.org\\\/it\\\/\",\"logo\":{\"@type\":\"ImageObject\",\"inLanguage\":\"it-IT\",\"@id\":\"https:\\\/\\\/spaziospadoni.org\\\/it\\\/#\\\/schema\\\/logo\\\/image\\\/\",\"url\":\"https:\\\/\\\/spaziospadoni.org\\\/wp-content\\\/uploads\\\/2026\\\/05\\\/spazio-spadoni-logo-100x100-1.webp\",\"contentUrl\":\"https:\\\/\\\/spaziospadoni.org\\\/wp-content\\\/uploads\\\/2026\\\/05\\\/spazio-spadoni-logo-100x100-1.webp\",\"width\":100,\"height\":100,\"caption\":\"spazio + spadoni\"},\"image\":{\"@id\":\"https:\\\/\\\/spaziospadoni.org\\\/it\\\/#\\\/schema\\\/logo\\\/image\\\/\"},\"sameAs\":[\"https:\\\/\\\/www.facebook.com\\\/SpazioSpadoni\\\/\",\"https:\\\/\\\/www.instagram.com\\\/spaziospadoni\\\/\",\"https:\\\/\\\/www.youtube.com\\\/@spaziospadoni\\\/playlists\"]},{\"@type\":\"Person\",\"@id\":\"https:\\\/\\\/spaziospadoni.org\\\/it\\\/#\\\/schema\\\/person\\\/c941d2ce54c2259005ca58776e0474b9\",\"name\":\"Paola Carmen Salamino\",\"image\":{\"@type\":\"ImageObject\",\"inLanguage\":\"it-IT\",\"@id\":\"https:\\\/\\\/secure.gravatar.com\\\/avatar\\\/201fa56f821801f892da865f15a4e60c2635b5678a4d93a1e751faed2c83482c?s=96&d=mm&r=g\",\"url\":\"https:\\\/\\\/secure.gravatar.com\\\/avatar\\\/201fa56f821801f892da865f15a4e60c2635b5678a4d93a1e751faed2c83482c?s=96&d=mm&r=g\",\"contentUrl\":\"https:\\\/\\\/secure.gravatar.com\\\/avatar\\\/201fa56f821801f892da865f15a4e60c2635b5678a4d93a1e751faed2c83482c?s=96&d=mm&r=g\",\"caption\":\"Paola Carmen Salamino\"},\"description\":\"Paola Carmen Salamino \u00e8 stata un\u2019insegnante di storia dell\u2019arte. Consacrata nell\u2019Istituto Secolare dei \u201cServi della Sofferenza\u201d voluto da Padre Pio e attuato da Mons. Pierino Galeone il cui carisma \u00e8 servire la sofferenza attraverso le Opere di Misericordia.\",\"url\":\"https:\\\/\\\/spaziospadoni.org\\\/it\\\/author\\\/salaminomission\\\/\"}]}<\/script>\n<!-- \/ Yoast SEO plugin. -->","yoast_head_json":{"title":"Con gli occhi dell\u2019Arte: Visitare gli infermi","description":"Le opere di Misericordia sono azioni raccomandate dalla Chiesa per il bene di chi agisce e di chi riceve. Come si sa, l\u2018immagine \u00e8 spesso....","robots":{"index":"index","follow":"follow","max-snippet":"max-snippet:-1","max-image-preview":"max-image-preview:large","max-video-preview":"max-video-preview:-1"},"canonical":"https:\/\/spaziospadoni.org\/it\/con-gli-occhi-dellarte-visitare-gli-infermi\/","og_locale":"it_IT","og_type":"article","og_title":"Con gli occhi dell\u2019Arte: Visitare gli infermi","og_description":"Le opere di Misericordia sono azioni raccomandate dalla Chiesa per il bene di chi agisce e di chi riceve. Come si sa, l\u2018immagine \u00e8 spesso....","og_url":"https:\/\/spaziospadoni.org\/it\/con-gli-occhi-dellarte-visitare-gli-infermi\/","og_site_name":"spazio + spadoni","article_publisher":"https:\/\/www.facebook.com\/SpazioSpadoni\/","article_published_time":"2024-02-11T09:30:45+00:00","article_modified_time":"2026-09-04T07:55:19+00:00","og_image":[{"width":1199,"height":849,"url":"https:\/\/spaziospadoni.org\/wp-content\/uploads\/2024\/02\/devozione-al-nonno-opera-visitare-malati-1.webp","type":"image\/webp"}],"author":"Paola Carmen Salamino","twitter_card":"summary_large_image","twitter_misc":{"Scritto da":"Paola Carmen Salamino","Tempo di lettura stimato":"3 minuti"},"schema":{"@context":"https:\/\/schema.org","@graph":[{"@type":"Article","@id":"https:\/\/spaziospadoni.org\/it\/con-gli-occhi-dellarte-visitare-gli-infermi\/#article","isPartOf":{"@id":"https:\/\/spaziospadoni.org\/it\/con-gli-occhi-dellarte-visitare-gli-infermi\/"},"author":{"name":"Paola Carmen Salamino","@id":"https:\/\/spaziospadoni.org\/it\/#\/schema\/person\/c941d2ce54c2259005ca58776e0474b9"},"headline":"Con gli occhi dell\u2019Arte: Visitare gli infermi","datePublished":"2024-02-11T09:30:45+00:00","dateModified":"2026-09-04T07:55:19+00:00","mainEntityOfPage":{"@id":"https:\/\/spaziospadoni.org\/it\/con-gli-occhi-dellarte-visitare-gli-infermi\/"},"wordCount":411,"publisher":{"@id":"https:\/\/spaziospadoni.org\/it\/#organization"},"image":{"@id":"https:\/\/spaziospadoni.org\/it\/con-gli-occhi-dellarte-visitare-gli-infermi\/#primaryimage"},"thumbnailUrl":"https:\/\/spaziospadoni.org\/wp-content\/uploads\/2024\/02\/devozione-al-nonno-opera-visitare-malati-1.webp","keywords":["arte","Visitare gli ammalati","Visitare gli infermi"],"articleSection":["Commenti alle Opere"],"inLanguage":"it-IT"},{"@type":"WebPage","@id":"https:\/\/spaziospadoni.org\/it\/con-gli-occhi-dellarte-visitare-gli-infermi\/","url":"https:\/\/spaziospadoni.org\/it\/con-gli-occhi-dellarte-visitare-gli-infermi\/","name":"Con gli occhi dell\u2019Arte: Visitare gli infermi","isPartOf":{"@id":"https:\/\/spaziospadoni.org\/it\/#website"},"primaryImageOfPage":{"@id":"https:\/\/spaziospadoni.org\/it\/con-gli-occhi-dellarte-visitare-gli-infermi\/#primaryimage"},"image":{"@id":"https:\/\/spaziospadoni.org\/it\/con-gli-occhi-dellarte-visitare-gli-infermi\/#primaryimage"},"thumbnailUrl":"https:\/\/spaziospadoni.org\/wp-content\/uploads\/2024\/02\/devozione-al-nonno-opera-visitare-malati-1.webp","datePublished":"2024-02-11T09:30:45+00:00","dateModified":"2026-09-04T07:55:19+00:00","description":"Le opere di Misericordia sono azioni raccomandate dalla Chiesa per il bene di chi agisce e di chi riceve. Come si sa, l\u2018immagine \u00e8 spesso....","breadcrumb":{"@id":"https:\/\/spaziospadoni.org\/it\/con-gli-occhi-dellarte-visitare-gli-infermi\/#breadcrumb"},"inLanguage":"it-IT","potentialAction":[{"@type":"ReadAction","target":["https:\/\/spaziospadoni.org\/it\/con-gli-occhi-dellarte-visitare-gli-infermi\/"]}]},{"@type":"ImageObject","inLanguage":"it-IT","@id":"https:\/\/spaziospadoni.org\/it\/con-gli-occhi-dellarte-visitare-gli-infermi\/#primaryimage","url":"https:\/\/spaziospadoni.org\/wp-content\/uploads\/2024\/02\/devozione-al-nonno-opera-visitare-malati-1.webp","contentUrl":"https:\/\/spaziospadoni.org\/wp-content\/uploads\/2024\/02\/devozione-al-nonno-opera-visitare-malati-1.webp","width":1199,"height":849,"caption":"\u201cLa devozione al nonno\u201d di Albert Anker, 1893. esprime visivamente la cura legata all'opera di misericordia \"visitare gli infermi\""},{"@type":"BreadcrumbList","@id":"https:\/\/spaziospadoni.org\/it\/con-gli-occhi-dellarte-visitare-gli-infermi\/#breadcrumb","itemListElement":[{"@type":"ListItem","position":1,"name":"Home","item":"https:\/\/spaziospadoni.org\/it\/"},{"@type":"ListItem","position":2,"name":"Con gli occhi dell\u2019Arte: Visitare gli infermi"}]},{"@type":"WebSite","@id":"https:\/\/spaziospadoni.org\/it\/#website","url":"https:\/\/spaziospadoni.org\/it\/","name":"spazio + spadoni","description":"Generazione di misericordia e missione nel mondo","publisher":{"@id":"https:\/\/spaziospadoni.org\/it\/#organization"},"alternateName":"spaziospadoni.org","potentialAction":[{"@type":"SearchAction","target":{"@type":"EntryPoint","urlTemplate":"https:\/\/spaziospadoni.org\/it\/?s={search_term_string}"},"query-input":{"@type":"PropertyValueSpecification","valueRequired":true,"valueName":"search_term_string"}}],"inLanguage":"it-IT"},{"@type":"Organization","@id":"https:\/\/spaziospadoni.org\/it\/#organization","name":"spazio + spadoni","alternateName":"spaziospadoni.org","url":"https:\/\/spaziospadoni.org\/it\/","logo":{"@type":"ImageObject","inLanguage":"it-IT","@id":"https:\/\/spaziospadoni.org\/it\/#\/schema\/logo\/image\/","url":"https:\/\/spaziospadoni.org\/wp-content\/uploads\/2026\/05\/spazio-spadoni-logo-100x100-1.webp","contentUrl":"https:\/\/spaziospadoni.org\/wp-content\/uploads\/2026\/05\/spazio-spadoni-logo-100x100-1.webp","width":100,"height":100,"caption":"spazio + spadoni"},"image":{"@id":"https:\/\/spaziospadoni.org\/it\/#\/schema\/logo\/image\/"},"sameAs":["https:\/\/www.facebook.com\/SpazioSpadoni\/","https:\/\/www.instagram.com\/spaziospadoni\/","https:\/\/www.youtube.com\/@spaziospadoni\/playlists"]},{"@type":"Person","@id":"https:\/\/spaziospadoni.org\/it\/#\/schema\/person\/c941d2ce54c2259005ca58776e0474b9","name":"Paola Carmen Salamino","image":{"@type":"ImageObject","inLanguage":"it-IT","@id":"https:\/\/secure.gravatar.com\/avatar\/201fa56f821801f892da865f15a4e60c2635b5678a4d93a1e751faed2c83482c?s=96&d=mm&r=g","url":"https:\/\/secure.gravatar.com\/avatar\/201fa56f821801f892da865f15a4e60c2635b5678a4d93a1e751faed2c83482c?s=96&d=mm&r=g","contentUrl":"https:\/\/secure.gravatar.com\/avatar\/201fa56f821801f892da865f15a4e60c2635b5678a4d93a1e751faed2c83482c?s=96&d=mm&r=g","caption":"Paola Carmen Salamino"},"description":"Paola Carmen Salamino \u00e8 stata un\u2019insegnante di storia dell\u2019arte. Consacrata nell\u2019Istituto Secolare dei \u201cServi della Sofferenza\u201d voluto da Padre Pio e attuato da Mons. Pierino Galeone il cui carisma \u00e8 servire la sofferenza attraverso le Opere di Misericordia.","url":"https:\/\/spaziospadoni.org\/it\/author\/salaminomission\/"}]}},"_links":{"self":[{"href":"https:\/\/spaziospadoni.org\/it\/wp-json\/wp\/v2\/posts\/14047","targetHints":{"allow":["GET"]}}],"collection":[{"href":"https:\/\/spaziospadoni.org\/it\/wp-json\/wp\/v2\/posts"}],"about":[{"href":"https:\/\/spaziospadoni.org\/it\/wp-json\/wp\/v2\/types\/post"}],"author":[{"embeddable":true,"href":"https:\/\/spaziospadoni.org\/it\/wp-json\/wp\/v2\/users\/43"}],"replies":[{"embeddable":true,"href":"https:\/\/spaziospadoni.org\/it\/wp-json\/wp\/v2\/comments?post=14047"}],"version-history":[{"count":4,"href":"https:\/\/spaziospadoni.org\/it\/wp-json\/wp\/v2\/posts\/14047\/revisions"}],"predecessor-version":[{"id":95169,"href":"https:\/\/spaziospadoni.org\/it\/wp-json\/wp\/v2\/posts\/14047\/revisions\/95169"}],"wp:featuredmedia":[{"embeddable":true,"href":"https:\/\/spaziospadoni.org\/it\/wp-json\/wp\/v2\/media\/95170"}],"wp:attachment":[{"href":"https:\/\/spaziospadoni.org\/it\/wp-json\/wp\/v2\/media?parent=14047"}],"wp:term":[{"taxonomy":"category","embeddable":true,"href":"https:\/\/spaziospadoni.org\/it\/wp-json\/wp\/v2\/categories?post=14047"},{"taxonomy":"post_tag","embeddable":true,"href":"https:\/\/spaziospadoni.org\/it\/wp-json\/wp\/v2\/tags?post=14047"}],"curies":[{"name":"wp","href":"https:\/\/api.w.org\/{rel}","templated":true}]}}