{"id":14495,"date":"2024-05-06T16:51:22","date_gmt":"2024-05-06T14:51:22","guid":{"rendered":"https:\/\/mission.spaziospadoni.org\/it\/?p=7039"},"modified":"2026-09-03T14:22:42","modified_gmt":"2026-09-03T13:22:42","slug":"con-gli-occhi-dellarte-dar-da-mangiare-agli-affamati","status":"publish","type":"post","link":"https:\/\/spaziospadoni.org\/it\/con-gli-occhi-dellarte-dar-da-mangiare-agli-affamati\/","title":{"rendered":"Con gli occhi dell&#8217;Arte: Dar da Mangiare agli Affamati"},"content":{"rendered":"\n<h2 id=\"lopera-di-misericordia-corporale-dar-da-mangiare-agli-affamati-vista-attraverso-i-dipinti-di-alcuni-artisti\" class=\"wp-block-heading has-acc-red-color has-text-color has-link-color wp-elements-1\"><em>L\u2019opera di misericordia corporale \u201cdar da mangiare agli affamati\u201d vista attraverso i dipinti di alcuni artisti<\/em><\/h2>\n\n\n\n<p class=\"wp-block-paragraph\">Molti gli artisti che si sono cimentati per illustrare la bellezza delle opere di Misericordia, considerate singolarmente o come elemento che ha determinato un miracolo o un fatto straordinario. <\/p>\n\n\n\n<p class=\"wp-block-paragraph\">Dar da mangiare agli affamati \u00e8 una necessit\u00e0 dell\u2019uomo a cui Dio ha voluto per primo rimediare. Nell\u2019antico Testamento vari sono gli episodi raccontati e non si pu\u00f2 non considerare l\u2019azione misericordiosa di Dio verso il suo popolo.<\/p>\n\n\n<div class=\"wp-block-image\">\n<figure class=\"aligncenter size-medium is-resized\"><img decoding=\"async\" width=\"184\" height=\"300\" src=\"https:\/\/spaziospadoni.org\/wp-content\/uploads\/2024\/05\/guido-reni-the-gathering-of-the-manna-WGA19287-184x300.webp\" alt=\"\" class=\"wp-image-95113\" style=\"width:199px;height:auto\" srcset=\"https:\/\/spaziospadoni.org\/wp-content\/uploads\/2024\/05\/guido-reni-the-gathering-of-the-manna-WGA19287-184x300.webp 184w, https:\/\/spaziospadoni.org\/wp-content\/uploads\/2024\/05\/guido-reni-the-gathering-of-the-manna-WGA19287-627x1024.webp 627w, https:\/\/spaziospadoni.org\/wp-content\/uploads\/2024\/05\/guido-reni-the-gathering-of-the-manna-WGA19287.webp 731w\" sizes=\"(max-width: 184px) 100vw, 184px\" \/><figcaption class=\"wp-element-caption\"><em>Foto di<\/em> <a href=\"https:\/\/it.m.wikipedia.org\/wiki\/File:Guido_Reni_-_The_Gathering_of_the_Manna_-_WGA19287.jpg\" target=\"_blank\" rel=\"noopener\" title=\"Wikipedia\"><em>Wikipedia<\/em><\/a><\/figcaption><\/figure>\n<\/div>\n\n\n<p class=\"has-text-align-left wp-block-paragraph\"><strong>Guido Reni <\/strong>(1572-1642) pittore bolognese, lavor\u00f2 al duomo di Ravenna dal 1614 al 1616 dove raffigur\u00f2 proprio <strong>l\u2019episodio di Mos\u00e8 e la raccolta della Manna<\/strong>: \u201cAl tramonto mangerete carne e alla mattina vi sazierete di pane; saprete che Io sono il Signore vostro Dio\u201d. <\/p>\n\n\n\n<p class=\"wp-block-paragraph\">Nel grande dipinto, Mos\u00e8 quindi, avvolto nel suo ampio mantello rosso, affiancato da Aronne, riporta ci\u00f2 che Dio gli ha comunicato e alza la mano come per dare inizio al miracolo. Mentre in basso gli ebrei, con i loro recipienti si apprestano a raccogliere la manna che due paffuti angeli fanno cadere da una nube scura, alcuni alzano le mani verso il cielo. <\/p>\n\n\n\n<p class=\"wp-block-paragraph\">La grande folla che si scorge in profondit\u00e0, ha colori chiari e nebbiosi come la luce che sta sorgendo in lontananza e che sembra scacciare il cielo cupo della notte, per dare conforto e rassicurare gli animi di tutti. <\/p>\n\n\n\n<p class=\"wp-block-paragraph\">E cos\u00ec per quarant\u2019anni mangiarono carne e pane che aveva sapore di focacce col miele: una risposta meravigliosa che, nella sua misericordia, Dio d\u00e0 alla insultante mormorazione del suo popolo.<\/p>\n\n\n\n<p class=\"wp-block-paragraph\">Provvedere alla gente affamata \u00e8 stata, invece, <strong>una richiesta che Ges\u00f9 fa a Filippo<\/strong> quando vede la grande folla che veniva da Lui. L\u2019apostolo, naturalmente sbalordito, d\u00e0 una normale risposta che dice l\u2019impossibilit\u00e0 di esaudire la sua richiesta, ma Andrea azzarda l\u2019assurdo: \u201cqui c\u2019\u00e8 un ragazzo che ha cinque pani e due pesci \u2026\u201d. Erano circa cinquemila uomini. Ges\u00f9 provvede! <\/p>\n\n\n\n<p class=\"wp-block-paragraph\"><strong>Giovanni Lanfranco (<\/strong>1582-1647), elabora questo brano evangelico e, nel 1624-25, ne fa un capolavoro che oggi \u00e8 custodito nel <em>National Gallery of Ireland<\/em>.<\/p>\n\n\n\n<p class=\"wp-block-paragraph\">Nella sua opera, Ges\u00f9 domina lo spazio ponendosi al centro della raffigurazione, proprio come si legge nel Vangelo, il Cristo \u00e8 statuario, ma dinamico, ha le braccia aperte e le mani con il pane, che distribuisce personalmente. Gli apostoli, stupiti di fronte al miracolo compiuto, a loro volta distribuiscono il pane e i pesci, mentre la folla sorpresa e concitata, si appresta a sfamarsi. <\/p>\n\n\n\n<p class=\"wp-block-paragraph\">Mentre un bambino in primo piano gi\u00e0 spalanca la bocca per ricevere il pane dalla mamma, un giovane seduto ai piedi di Ges\u00f9 si volge a guardare sbalordito il Messia. <\/p>\n\n\n\n<p class=\"wp-block-paragraph\">Molto significativo \u00e8 anche l\u2019atteggiamento del giovane che, forse dialogando con un apostolo, punta l\u2019indice verso l\u2019alto per indicare la potenza misericordiosa di Dio. <\/p>\n\n\n\n<p class=\"wp-block-paragraph\">Qui i colori hanno un ruolo determinante, infatti il rosso del manto di Cristo colpisce lo spettatore che, pur vagando con lo sguardo, \u00e8 quasi costretto a soffermarsi nuovamente sul protagonista. Tutto sembra magnificare quel momento, dalla grande cesta traboccante di pani, all\u2019armonia cromatica data, attraverso la luce mattutina, agli alberi, ai prati, al cielo e alle nuvole. <\/p>\n\n\n\n<p class=\"wp-block-paragraph\">La compassione ha mosso il cuore di Dio, ha scavalcato l\u2019incredulit\u00e0 naturale degli apostoli, che comunque immediatamente hanno ubbidito all\u2019impensabile e organizzato il lavoro per dar da mangiare a tutti.<\/p>\n\n\n\n<p class=\"wp-block-paragraph\">La<strong> tradizione del pane di sant\u2019Antonio <\/strong>\u00e8 legata ad un miracolo del Santo dopo la costruzione della basilica di Padova (1310). \u00c8 attribuita a<strong> Girolamo Tessari<\/strong> l\u2019illustrazione del miracolo affrescato nel 1524, nella sala delle udienze della basilica a Padova. <\/p>\n\n\n\n<p class=\"wp-block-paragraph\">La mamma di un bambino annegato per la sua distrazione, chiede a s. Antonio di resuscitare suo figlio promettendo di offrire ai poveri tanto pane quanto il peso di suo figlio. Il miracolo avviene! La grazia ricevuta porta i fedeli da quel momento, e ancora oggi, ad avere piet\u00e0 e misericordia verso i bisognosi e specialmente verso le mamme pi\u00f9 povere, offrendo tanto pane quanto il peso dei loro figli.<\/p>\n\n\n\n<p class=\"wp-block-paragraph\">A <strong>Willem Van Herp<\/strong>, pittore fiammingo (1614-1677), fu commissionato nel 1662 questo quadro, oggi al N<em>ational Gallery<\/em> di Londra, dove i frati del convento, secondo gli insegnamenti di s. Antonio, ricevono e distribuiscono il pane a chi lo richiede. <\/p>\n\n\n\n<p class=\"wp-block-paragraph\">Ogni personaggio \u00e8 raffigurato in modo da evidenziare le loro espressioni pi\u00f9 varie, i loro atteggiamenti e abbigliamenti pi\u00f9 diversi, secondo una scelta perfetta di colori giustapposti e squillanti che valorizzano il momento vissuto dai fedeli. <\/p>\n\n\n\n<p class=\"wp-block-paragraph\">Qui non interviene direttamente Dio, ma compie il miracolo per intercessione di sant&#8217;Antonio che, sicuramente ha scosso il cuore della gente, di fronte alla povert\u00e0 dei sofferenti.<\/p>\n\n\n\n<p class=\"wp-block-paragraph\">Senza discriminazioni, senza badare al ricco o al misero, al sano o all\u2019ammalato \u00e8 questo l\u2019insegnamento che ci fa crescere nell\u2019esercizio della carit\u00e0. <\/p>\n\n\n\n<p class=\"wp-block-paragraph\"><strong>A noi non viene chiesto l\u2019impossibile<\/strong>; gli episodi che sono stati qui considerati ci devono, per\u00f2, far riflettere sulla fame nel mondo, sullo spreco di tanto cibo e indurci a fare concretamente qualcosa per gli altri, ad avere anche noi misericordia di chi soffre, ancora oggi, per la fame.<\/p>\n\n\n\n<p class=\"wp-block-paragraph\"><strong>Immagine di copertina: <\/strong><a style=\"font-weight: bold;\" href=\"https:\/\/it.wikiquote.org\/wiki\/File:Giovanni_Lanfranco_-_Miracle_of_the_Bread_and_Fish_-_WGA12454.jpg\" target=\"_blank\" rel=\"noreferrer noopener nofollow\" title=\"Wikipedia\">Wikipedia<\/a><\/p>\n","protected":false},"excerpt":{"rendered":"<p>L\u2019opera di misericordia corporale \u201cdar da mangiare agli affamati\u201d vista attraverso i dipinti di alcuni artisti Molti gli artisti che si sono cimentati per illustrare la bellezza delle opere di Misericordia, considerate singolarmente o come elemento che ha determinato un miracolo o un fatto straordinario. Dar da mangiare agli affamati \u00e8 una necessit\u00e0 dell\u2019uomo a &#8230; <a title=\"Con gli occhi dell&#8217;Arte: Dar da Mangiare agli Affamati\" class=\"read-more\" href=\"https:\/\/spaziospadoni.org\/it\/con-gli-occhi-dellarte-dar-da-mangiare-agli-affamati\/\" aria-label=\"Per saperne di pi\u00f9 su Con gli occhi dell&#8217;Arte: Dar da Mangiare agli Affamati\">Leggi tutto<\/a><\/p>\n","protected":false},"author":43,"featured_media":95121,"comment_status":"closed","ping_status":"closed","sticky":false,"template":"","format":"standard","meta":{"_sitemap_exclude":false,"_sitemap_priority":"","_sitemap_frequency":"","ss_featured_image_title":"","ss_featured_image_alt":"\"Il miracolo del pane\" di Giovanni Lanfranco","ss_featured_image_caption":"\"Il miracolo del pane\", noto come \"La Moltiplicazione dei pani e dei pesci\", realizzato tra il 1624 e il 1625 da Giovanni Lanfranco","footnotes":""},"categories":[306],"tags":[217,10916,231,111,39],"class_list":["post-14495","post","type-post","status-publish","format-standard","has-post-thumbnail","hentry","category-commenti-alle-opere","tag-arte","tag-dar-da-mangiare-agli-affamati","tag-dio","tag-gesu","tag-vangelo","infinite-scroll-item","generate-columns","tablet-grid-50","mobile-grid-100","grid-parent","grid-50"],"yoast_head":"<!-- This site is optimized with the Yoast SEO plugin v28.4 - https:\/\/yoast.com\/product\/yoast-seo-wordpress\/ -->\n<title>Con gli occhi dell&#039;Arte: Dar da Mangiare agli Affamati<\/title>\n<meta name=\"description\" content=\"Le Opere di Misericordia consigliate dalla Chiesa non hanno priorit\u00e0 l\u2019una sull\u2019altra, ma tutte sono di uguale importanza. Molti gli...\" \/>\n<meta name=\"robots\" content=\"index, follow, max-snippet:-1, max-image-preview:large, max-video-preview:-1\" \/>\n<link rel=\"canonical\" href=\"https:\/\/spaziospadoni.org\/it\/con-gli-occhi-dellarte-dar-da-mangiare-agli-affamati\/\" \/>\n<meta property=\"og:locale\" content=\"it_IT\" \/>\n<meta property=\"og:type\" content=\"article\" \/>\n<meta property=\"og:title\" content=\"Con gli occhi dell&#039;Arte: Dar da Mangiare agli Affamati\" \/>\n<meta property=\"og:description\" content=\"Le Opere di Misericordia consigliate dalla Chiesa non hanno priorit\u00e0 l\u2019una sull\u2019altra, ma tutte sono di uguale importanza. Molti gli...\" \/>\n<meta property=\"og:url\" content=\"https:\/\/spaziospadoni.org\/it\/con-gli-occhi-dellarte-dar-da-mangiare-agli-affamati\/\" \/>\n<meta property=\"og:site_name\" content=\"spazio + spadoni\" \/>\n<meta property=\"article:publisher\" content=\"https:\/\/www.facebook.com\/SpazioSpadoni\/\" \/>\n<meta property=\"article:published_time\" content=\"2024-05-06T14:51:22+00:00\" \/>\n<meta property=\"article:modified_time\" content=\"2026-09-03T13:22:42+00:00\" \/>\n<meta property=\"og:image\" content=\"https:\/\/spaziospadoni.org\/wp-content\/uploads\/2024\/05\/giovanni_lanfranco_-_miracle_of_the_bread_and_fish_-_WGA12454.webp\" \/>\n\t<meta property=\"og:image:width\" content=\"1200\" \/>\n\t<meta property=\"og:image:height\" content=\"638\" \/>\n\t<meta property=\"og:image:type\" content=\"image\/webp\" \/>\n<meta name=\"author\" content=\"Paola Carmen Salamino\" \/>\n<meta name=\"twitter:card\" content=\"summary_large_image\" \/>\n<meta name=\"twitter:label1\" content=\"Scritto da\" \/>\n\t<meta name=\"twitter:data1\" content=\"Paola Carmen Salamino\" \/>\n\t<meta name=\"twitter:label2\" content=\"Tempo di lettura stimato\" \/>\n\t<meta name=\"twitter:data2\" content=\"5 minuti\" \/>\n<script type=\"application\/ld+json\" class=\"yoast-schema-graph\">{\"@context\":\"https:\\\/\\\/schema.org\",\"@graph\":[{\"@type\":\"Article\",\"@id\":\"https:\\\/\\\/spaziospadoni.org\\\/it\\\/con-gli-occhi-dellarte-dar-da-mangiare-agli-affamati\\\/#article\",\"isPartOf\":{\"@id\":\"https:\\\/\\\/spaziospadoni.org\\\/it\\\/con-gli-occhi-dellarte-dar-da-mangiare-agli-affamati\\\/\"},\"author\":{\"name\":\"Paola Carmen Salamino\",\"@id\":\"https:\\\/\\\/spaziospadoni.org\\\/it\\\/#\\\/schema\\\/person\\\/c941d2ce54c2259005ca58776e0474b9\"},\"headline\":\"Con gli occhi dell&#8217;Arte: Dar da Mangiare agli Affamati\",\"datePublished\":\"2024-05-06T14:51:22+00:00\",\"dateModified\":\"2026-09-03T13:22:42+00:00\",\"mainEntityOfPage\":{\"@id\":\"https:\\\/\\\/spaziospadoni.org\\\/it\\\/con-gli-occhi-dellarte-dar-da-mangiare-agli-affamati\\\/\"},\"wordCount\":855,\"publisher\":{\"@id\":\"https:\\\/\\\/spaziospadoni.org\\\/it\\\/#organization\"},\"image\":{\"@id\":\"https:\\\/\\\/spaziospadoni.org\\\/it\\\/con-gli-occhi-dellarte-dar-da-mangiare-agli-affamati\\\/#primaryimage\"},\"thumbnailUrl\":\"https:\\\/\\\/spaziospadoni.org\\\/wp-content\\\/uploads\\\/2024\\\/05\\\/giovanni_lanfranco_-_miracle_of_the_bread_and_fish_-_WGA12454.webp\",\"keywords\":[\"arte\",\"Dar da mangiare agli affamati\",\"Dio\",\"Ges\u00f9\",\"Vangelo\"],\"articleSection\":[\"Commenti alle Opere\"],\"inLanguage\":\"it-IT\"},{\"@type\":\"WebPage\",\"@id\":\"https:\\\/\\\/spaziospadoni.org\\\/it\\\/con-gli-occhi-dellarte-dar-da-mangiare-agli-affamati\\\/\",\"url\":\"https:\\\/\\\/spaziospadoni.org\\\/it\\\/con-gli-occhi-dellarte-dar-da-mangiare-agli-affamati\\\/\",\"name\":\"Con gli occhi dell'Arte: Dar da Mangiare agli Affamati\",\"isPartOf\":{\"@id\":\"https:\\\/\\\/spaziospadoni.org\\\/it\\\/#website\"},\"primaryImageOfPage\":{\"@id\":\"https:\\\/\\\/spaziospadoni.org\\\/it\\\/con-gli-occhi-dellarte-dar-da-mangiare-agli-affamati\\\/#primaryimage\"},\"image\":{\"@id\":\"https:\\\/\\\/spaziospadoni.org\\\/it\\\/con-gli-occhi-dellarte-dar-da-mangiare-agli-affamati\\\/#primaryimage\"},\"thumbnailUrl\":\"https:\\\/\\\/spaziospadoni.org\\\/wp-content\\\/uploads\\\/2024\\\/05\\\/giovanni_lanfranco_-_miracle_of_the_bread_and_fish_-_WGA12454.webp\",\"datePublished\":\"2024-05-06T14:51:22+00:00\",\"dateModified\":\"2026-09-03T13:22:42+00:00\",\"description\":\"Le Opere di Misericordia consigliate dalla Chiesa non hanno priorit\u00e0 l\u2019una sull\u2019altra, ma tutte sono di uguale importanza. Molti gli...\",\"breadcrumb\":{\"@id\":\"https:\\\/\\\/spaziospadoni.org\\\/it\\\/con-gli-occhi-dellarte-dar-da-mangiare-agli-affamati\\\/#breadcrumb\"},\"inLanguage\":\"it-IT\",\"potentialAction\":[{\"@type\":\"ReadAction\",\"target\":[\"https:\\\/\\\/spaziospadoni.org\\\/it\\\/con-gli-occhi-dellarte-dar-da-mangiare-agli-affamati\\\/\"]}]},{\"@type\":\"ImageObject\",\"inLanguage\":\"it-IT\",\"@id\":\"https:\\\/\\\/spaziospadoni.org\\\/it\\\/con-gli-occhi-dellarte-dar-da-mangiare-agli-affamati\\\/#primaryimage\",\"url\":\"https:\\\/\\\/spaziospadoni.org\\\/wp-content\\\/uploads\\\/2024\\\/05\\\/giovanni_lanfranco_-_miracle_of_the_bread_and_fish_-_WGA12454.webp\",\"contentUrl\":\"https:\\\/\\\/spaziospadoni.org\\\/wp-content\\\/uploads\\\/2024\\\/05\\\/giovanni_lanfranco_-_miracle_of_the_bread_and_fish_-_WGA12454.webp\",\"width\":1200,\"height\":638,\"caption\":\"\\\"Il miracolo del pane\\\", noto come \\\"La Moltiplicazione dei pani e dei pesci\\\", realizzato tra il 1624 e il 1625 da Giovanni Lanfranco\"},{\"@type\":\"BreadcrumbList\",\"@id\":\"https:\\\/\\\/spaziospadoni.org\\\/it\\\/con-gli-occhi-dellarte-dar-da-mangiare-agli-affamati\\\/#breadcrumb\",\"itemListElement\":[{\"@type\":\"ListItem\",\"position\":1,\"name\":\"Home\",\"item\":\"https:\\\/\\\/spaziospadoni.org\\\/it\\\/\"},{\"@type\":\"ListItem\",\"position\":2,\"name\":\"Con gli occhi dell&#8217;Arte: Dar da Mangiare agli Affamati\"}]},{\"@type\":\"WebSite\",\"@id\":\"https:\\\/\\\/spaziospadoni.org\\\/it\\\/#website\",\"url\":\"https:\\\/\\\/spaziospadoni.org\\\/it\\\/\",\"name\":\"spazio + spadoni\",\"description\":\"Generazione di misericordia e missione nel mondo\",\"publisher\":{\"@id\":\"https:\\\/\\\/spaziospadoni.org\\\/it\\\/#organization\"},\"alternateName\":\"spaziospadoni.org\",\"potentialAction\":[{\"@type\":\"SearchAction\",\"target\":{\"@type\":\"EntryPoint\",\"urlTemplate\":\"https:\\\/\\\/spaziospadoni.org\\\/it\\\/?s={search_term_string}\"},\"query-input\":{\"@type\":\"PropertyValueSpecification\",\"valueRequired\":true,\"valueName\":\"search_term_string\"}}],\"inLanguage\":\"it-IT\"},{\"@type\":\"Organization\",\"@id\":\"https:\\\/\\\/spaziospadoni.org\\\/it\\\/#organization\",\"name\":\"spazio + spadoni\",\"alternateName\":\"spaziospadoni.org\",\"url\":\"https:\\\/\\\/spaziospadoni.org\\\/it\\\/\",\"logo\":{\"@type\":\"ImageObject\",\"inLanguage\":\"it-IT\",\"@id\":\"https:\\\/\\\/spaziospadoni.org\\\/it\\\/#\\\/schema\\\/logo\\\/image\\\/\",\"url\":\"https:\\\/\\\/spaziospadoni.org\\\/wp-content\\\/uploads\\\/2026\\\/05\\\/spazio-spadoni-logo-100x100-1.webp\",\"contentUrl\":\"https:\\\/\\\/spaziospadoni.org\\\/wp-content\\\/uploads\\\/2026\\\/05\\\/spazio-spadoni-logo-100x100-1.webp\",\"width\":100,\"height\":100,\"caption\":\"spazio + spadoni\"},\"image\":{\"@id\":\"https:\\\/\\\/spaziospadoni.org\\\/it\\\/#\\\/schema\\\/logo\\\/image\\\/\"},\"sameAs\":[\"https:\\\/\\\/www.facebook.com\\\/SpazioSpadoni\\\/\",\"https:\\\/\\\/www.instagram.com\\\/spaziospadoni\\\/\",\"https:\\\/\\\/www.youtube.com\\\/@spaziospadoni\\\/playlists\"]},{\"@type\":\"Person\",\"@id\":\"https:\\\/\\\/spaziospadoni.org\\\/it\\\/#\\\/schema\\\/person\\\/c941d2ce54c2259005ca58776e0474b9\",\"name\":\"Paola Carmen Salamino\",\"image\":{\"@type\":\"ImageObject\",\"inLanguage\":\"it-IT\",\"@id\":\"https:\\\/\\\/secure.gravatar.com\\\/avatar\\\/201fa56f821801f892da865f15a4e60c2635b5678a4d93a1e751faed2c83482c?s=96&d=mm&r=g\",\"url\":\"https:\\\/\\\/secure.gravatar.com\\\/avatar\\\/201fa56f821801f892da865f15a4e60c2635b5678a4d93a1e751faed2c83482c?s=96&d=mm&r=g\",\"contentUrl\":\"https:\\\/\\\/secure.gravatar.com\\\/avatar\\\/201fa56f821801f892da865f15a4e60c2635b5678a4d93a1e751faed2c83482c?s=96&d=mm&r=g\",\"caption\":\"Paola Carmen Salamino\"},\"description\":\"Paola Carmen Salamino \u00e8 stata un\u2019insegnante di storia dell\u2019arte. Consacrata nell\u2019Istituto Secolare dei \u201cServi della Sofferenza\u201d voluto da Padre Pio e attuato da Mons. Pierino Galeone il cui carisma \u00e8 servire la sofferenza attraverso le Opere di Misericordia.\",\"url\":\"https:\\\/\\\/spaziospadoni.org\\\/it\\\/author\\\/salaminomission\\\/\"}]}<\/script>\n<!-- \/ Yoast SEO plugin. -->","yoast_head_json":{"title":"Con gli occhi dell'Arte: Dar da Mangiare agli Affamati","description":"Le Opere di Misericordia consigliate dalla Chiesa non hanno priorit\u00e0 l\u2019una sull\u2019altra, ma tutte sono di uguale importanza. Molti gli...","robots":{"index":"index","follow":"follow","max-snippet":"max-snippet:-1","max-image-preview":"max-image-preview:large","max-video-preview":"max-video-preview:-1"},"canonical":"https:\/\/spaziospadoni.org\/it\/con-gli-occhi-dellarte-dar-da-mangiare-agli-affamati\/","og_locale":"it_IT","og_type":"article","og_title":"Con gli occhi dell'Arte: Dar da Mangiare agli Affamati","og_description":"Le Opere di Misericordia consigliate dalla Chiesa non hanno priorit\u00e0 l\u2019una sull\u2019altra, ma tutte sono di uguale importanza. Molti gli...","og_url":"https:\/\/spaziospadoni.org\/it\/con-gli-occhi-dellarte-dar-da-mangiare-agli-affamati\/","og_site_name":"spazio + spadoni","article_publisher":"https:\/\/www.facebook.com\/SpazioSpadoni\/","article_published_time":"2024-05-06T14:51:22+00:00","article_modified_time":"2026-09-03T13:22:42+00:00","og_image":[{"width":1200,"height":638,"url":"https:\/\/spaziospadoni.org\/wp-content\/uploads\/2024\/05\/giovanni_lanfranco_-_miracle_of_the_bread_and_fish_-_WGA12454.webp","type":"image\/webp"}],"author":"Paola Carmen Salamino","twitter_card":"summary_large_image","twitter_misc":{"Scritto da":"Paola Carmen Salamino","Tempo di lettura stimato":"5 minuti"},"schema":{"@context":"https:\/\/schema.org","@graph":[{"@type":"Article","@id":"https:\/\/spaziospadoni.org\/it\/con-gli-occhi-dellarte-dar-da-mangiare-agli-affamati\/#article","isPartOf":{"@id":"https:\/\/spaziospadoni.org\/it\/con-gli-occhi-dellarte-dar-da-mangiare-agli-affamati\/"},"author":{"name":"Paola Carmen Salamino","@id":"https:\/\/spaziospadoni.org\/it\/#\/schema\/person\/c941d2ce54c2259005ca58776e0474b9"},"headline":"Con gli occhi dell&#8217;Arte: Dar da Mangiare agli Affamati","datePublished":"2024-05-06T14:51:22+00:00","dateModified":"2026-09-03T13:22:42+00:00","mainEntityOfPage":{"@id":"https:\/\/spaziospadoni.org\/it\/con-gli-occhi-dellarte-dar-da-mangiare-agli-affamati\/"},"wordCount":855,"publisher":{"@id":"https:\/\/spaziospadoni.org\/it\/#organization"},"image":{"@id":"https:\/\/spaziospadoni.org\/it\/con-gli-occhi-dellarte-dar-da-mangiare-agli-affamati\/#primaryimage"},"thumbnailUrl":"https:\/\/spaziospadoni.org\/wp-content\/uploads\/2024\/05\/giovanni_lanfranco_-_miracle_of_the_bread_and_fish_-_WGA12454.webp","keywords":["arte","Dar da mangiare agli affamati","Dio","Ges\u00f9","Vangelo"],"articleSection":["Commenti alle Opere"],"inLanguage":"it-IT"},{"@type":"WebPage","@id":"https:\/\/spaziospadoni.org\/it\/con-gli-occhi-dellarte-dar-da-mangiare-agli-affamati\/","url":"https:\/\/spaziospadoni.org\/it\/con-gli-occhi-dellarte-dar-da-mangiare-agli-affamati\/","name":"Con gli occhi dell'Arte: Dar da Mangiare agli Affamati","isPartOf":{"@id":"https:\/\/spaziospadoni.org\/it\/#website"},"primaryImageOfPage":{"@id":"https:\/\/spaziospadoni.org\/it\/con-gli-occhi-dellarte-dar-da-mangiare-agli-affamati\/#primaryimage"},"image":{"@id":"https:\/\/spaziospadoni.org\/it\/con-gli-occhi-dellarte-dar-da-mangiare-agli-affamati\/#primaryimage"},"thumbnailUrl":"https:\/\/spaziospadoni.org\/wp-content\/uploads\/2024\/05\/giovanni_lanfranco_-_miracle_of_the_bread_and_fish_-_WGA12454.webp","datePublished":"2024-05-06T14:51:22+00:00","dateModified":"2026-09-03T13:22:42+00:00","description":"Le Opere di Misericordia consigliate dalla Chiesa non hanno priorit\u00e0 l\u2019una sull\u2019altra, ma tutte sono di uguale importanza. Molti gli...","breadcrumb":{"@id":"https:\/\/spaziospadoni.org\/it\/con-gli-occhi-dellarte-dar-da-mangiare-agli-affamati\/#breadcrumb"},"inLanguage":"it-IT","potentialAction":[{"@type":"ReadAction","target":["https:\/\/spaziospadoni.org\/it\/con-gli-occhi-dellarte-dar-da-mangiare-agli-affamati\/"]}]},{"@type":"ImageObject","inLanguage":"it-IT","@id":"https:\/\/spaziospadoni.org\/it\/con-gli-occhi-dellarte-dar-da-mangiare-agli-affamati\/#primaryimage","url":"https:\/\/spaziospadoni.org\/wp-content\/uploads\/2024\/05\/giovanni_lanfranco_-_miracle_of_the_bread_and_fish_-_WGA12454.webp","contentUrl":"https:\/\/spaziospadoni.org\/wp-content\/uploads\/2024\/05\/giovanni_lanfranco_-_miracle_of_the_bread_and_fish_-_WGA12454.webp","width":1200,"height":638,"caption":"\"Il miracolo del pane\", noto come \"La Moltiplicazione dei pani e dei pesci\", realizzato tra il 1624 e il 1625 da Giovanni Lanfranco"},{"@type":"BreadcrumbList","@id":"https:\/\/spaziospadoni.org\/it\/con-gli-occhi-dellarte-dar-da-mangiare-agli-affamati\/#breadcrumb","itemListElement":[{"@type":"ListItem","position":1,"name":"Home","item":"https:\/\/spaziospadoni.org\/it\/"},{"@type":"ListItem","position":2,"name":"Con gli occhi dell&#8217;Arte: Dar da Mangiare agli Affamati"}]},{"@type":"WebSite","@id":"https:\/\/spaziospadoni.org\/it\/#website","url":"https:\/\/spaziospadoni.org\/it\/","name":"spazio + spadoni","description":"Generazione di misericordia e missione nel mondo","publisher":{"@id":"https:\/\/spaziospadoni.org\/it\/#organization"},"alternateName":"spaziospadoni.org","potentialAction":[{"@type":"SearchAction","target":{"@type":"EntryPoint","urlTemplate":"https:\/\/spaziospadoni.org\/it\/?s={search_term_string}"},"query-input":{"@type":"PropertyValueSpecification","valueRequired":true,"valueName":"search_term_string"}}],"inLanguage":"it-IT"},{"@type":"Organization","@id":"https:\/\/spaziospadoni.org\/it\/#organization","name":"spazio + spadoni","alternateName":"spaziospadoni.org","url":"https:\/\/spaziospadoni.org\/it\/","logo":{"@type":"ImageObject","inLanguage":"it-IT","@id":"https:\/\/spaziospadoni.org\/it\/#\/schema\/logo\/image\/","url":"https:\/\/spaziospadoni.org\/wp-content\/uploads\/2026\/05\/spazio-spadoni-logo-100x100-1.webp","contentUrl":"https:\/\/spaziospadoni.org\/wp-content\/uploads\/2026\/05\/spazio-spadoni-logo-100x100-1.webp","width":100,"height":100,"caption":"spazio + spadoni"},"image":{"@id":"https:\/\/spaziospadoni.org\/it\/#\/schema\/logo\/image\/"},"sameAs":["https:\/\/www.facebook.com\/SpazioSpadoni\/","https:\/\/www.instagram.com\/spaziospadoni\/","https:\/\/www.youtube.com\/@spaziospadoni\/playlists"]},{"@type":"Person","@id":"https:\/\/spaziospadoni.org\/it\/#\/schema\/person\/c941d2ce54c2259005ca58776e0474b9","name":"Paola Carmen Salamino","image":{"@type":"ImageObject","inLanguage":"it-IT","@id":"https:\/\/secure.gravatar.com\/avatar\/201fa56f821801f892da865f15a4e60c2635b5678a4d93a1e751faed2c83482c?s=96&d=mm&r=g","url":"https:\/\/secure.gravatar.com\/avatar\/201fa56f821801f892da865f15a4e60c2635b5678a4d93a1e751faed2c83482c?s=96&d=mm&r=g","contentUrl":"https:\/\/secure.gravatar.com\/avatar\/201fa56f821801f892da865f15a4e60c2635b5678a4d93a1e751faed2c83482c?s=96&d=mm&r=g","caption":"Paola Carmen Salamino"},"description":"Paola Carmen Salamino \u00e8 stata un\u2019insegnante di storia dell\u2019arte. Consacrata nell\u2019Istituto Secolare dei \u201cServi della Sofferenza\u201d voluto da Padre Pio e attuato da Mons. Pierino Galeone il cui carisma \u00e8 servire la sofferenza attraverso le Opere di Misericordia.","url":"https:\/\/spaziospadoni.org\/it\/author\/salaminomission\/"}]}},"_links":{"self":[{"href":"https:\/\/spaziospadoni.org\/it\/wp-json\/wp\/v2\/posts\/14495","targetHints":{"allow":["GET"]}}],"collection":[{"href":"https:\/\/spaziospadoni.org\/it\/wp-json\/wp\/v2\/posts"}],"about":[{"href":"https:\/\/spaziospadoni.org\/it\/wp-json\/wp\/v2\/types\/post"}],"author":[{"embeddable":true,"href":"https:\/\/spaziospadoni.org\/it\/wp-json\/wp\/v2\/users\/43"}],"replies":[{"embeddable":true,"href":"https:\/\/spaziospadoni.org\/it\/wp-json\/wp\/v2\/comments?post=14495"}],"version-history":[{"count":4,"href":"https:\/\/spaziospadoni.org\/it\/wp-json\/wp\/v2\/posts\/14495\/revisions"}],"predecessor-version":[{"id":95123,"href":"https:\/\/spaziospadoni.org\/it\/wp-json\/wp\/v2\/posts\/14495\/revisions\/95123"}],"wp:featuredmedia":[{"embeddable":true,"href":"https:\/\/spaziospadoni.org\/it\/wp-json\/wp\/v2\/media\/95121"}],"wp:attachment":[{"href":"https:\/\/spaziospadoni.org\/it\/wp-json\/wp\/v2\/media?parent=14495"}],"wp:term":[{"taxonomy":"category","embeddable":true,"href":"https:\/\/spaziospadoni.org\/it\/wp-json\/wp\/v2\/categories?post=14495"},{"taxonomy":"post_tag","embeddable":true,"href":"https:\/\/spaziospadoni.org\/it\/wp-json\/wp\/v2\/tags?post=14495"}],"curies":[{"name":"wp","href":"https:\/\/api.w.org\/{rel}","templated":true}]}}